{"id":50863,"date":"2020-07-27T23:07:18","date_gmt":"2020-07-27T23:07:18","guid":{"rendered":"http:\/\/www.celttv.com.ar\/?p=50863"},"modified":"2020-07-27T23:07:18","modified_gmt":"2020-07-27T23:07:18","slug":"amplian-el-programa-de-asistencia-al-trabajo-y-la-produccion-con-mas-beneficios-y-creditos-a-tasa-0","status":"publish","type":"post","link":"https:\/\/www.celttv.com.ar\/index.php\/2020\/07\/27\/amplian-el-programa-de-asistencia-al-trabajo-y-la-produccion-con-mas-beneficios-y-creditos-a-tasa-0\/","title":{"rendered":"Ampl\u00edan el programa de Asistencia al Trabajo y la Producci\u00f3n con m\u00e1s beneficios y cr\u00e9ditos a tasa 0%"},"content":{"rendered":"<p>La Secretar\u00eda de Turismo, Producci\u00f3n, Comercio e Industria informa que el Gobierno Nacional anunci\u00f3 una ampliaci\u00f3n del programa de Asistencia al Trabajo y la Producci\u00f3n (ATP) que en su cuarta edici\u00f3n incorporar\u00e1 financiamiento para las empresas que registren una mejora interanual en la facturaci\u00f3n.<\/p>\n<p>Asimismo se anunciaron cr\u00e9ditos a tasa cero para empresas que comienzan a recuperarse.<\/p>\n<p>Adem\u00e1s el estado continuar\u00e1 pagando parte de los sueldos del sector privado sin importar la zona en la que est\u00e9n radicadas las empresas.<\/p>\n<p>Los sectores m\u00e1s afectados como el turismo, entretenimiento, la cultura y la salud percibir\u00e1n el ATP hasta diciembre. Monotributistas y aut\u00f3nomos de la cultura tendr\u00e1n cr\u00e9ditos a tasa cero con un a\u00f1o de gracia.<\/p>\n<p>Para mayor informaci\u00f3n ingresar al siguiente link: <a href=\"https:\/\/www.argentina.gob.ar\/noticias\/atp4-amplian-el-programa-de-asistencia-al-trabajo-y-la-produccion-con-mas-beneficios-y\">https:\/\/www.argentina.gob.ar\/noticias\/atp4-amplian-el-programa-de-asistencia-al-trabajo-y-la-produccion-con-mas-beneficios-y<\/a><\/p>\n<p>&nbsp;<\/p>\n","protected":false},"excerpt":{"rendered":"<p>La Secretar\u00eda de Turismo, Producci\u00f3n, Comercio e Industria informa que el Gobierno Nacional anunci\u00f3 una ampliaci\u00f3n del programa de Asistencia al Trabajo y la Producci\u00f3n (ATP) que en su cuarta edici\u00f3n incorporar\u00e1 financiamiento para las empresas que registren una mejora interanual en la facturaci\u00f3n. Asimismo se anunciaron cr\u00e9ditos a tasa cero para empresas que comienzan [&hellip;]<\/p>\n","protected":false},"author":1,"featured_media":50864,"comment_status":"closed","ping_status":"open","sticky":false,"template":"","format":"standard","meta":{"footnotes":""},"categories":[51,52],"tags":[],"class_list":["post-50863","post","type-post","status-publish","format-standard","has-post-thumbnail","hentry","category-comunidad","category-destacadas"],"yoast_head":"<!-- This site is optimized with the Yoast SEO plugin v19.7.1 - https:\/\/yoast.com\/wordpress\/plugins\/seo\/ -->\n<title>Ampl\u00edan el programa de Asistencia al Trabajo y la Producci\u00f3n con m\u00e1s beneficios y cr\u00e9ditos a tasa 0% - CELTTV<\/title>\n<meta name=\"description\" content=\"Sitio web de noticias de la localidad de Tornquist, provincia de Buenos Aires, Rep\u00fablica Argentina. Contenido propio originado por periodistas de CELTTV, el canal de TV local de la Cooperativa El\u00e9ctrica de Tornquist. Turismo, Pol\u00edtica, Sociedad, Deporte, Cultura y todo el contenido de inter\u00e9s general que la gente del pueblo y la regi\u00f3n debe conocer.\" \/>\n<meta name=\"robots\" content=\"index, follow, max-snippet:-1, max-image-preview:large, max-video-preview:-1\" \/>\n<link rel=\"canonical\" href=\"https:\/\/www.celttv.com.ar\/index.php\/2020\/07\/27\/amplian-el-programa-de-asistencia-al-trabajo-y-la-produccion-con-mas-beneficios-y-creditos-a-tasa-0\/\" \/>\n<meta property=\"og:locale\" content=\"es_ES\" \/>\n<meta property=\"og:type\" content=\"article\" \/>\n<meta property=\"og:title\" content=\"Ampl\u00edan el programa de Asistencia al Trabajo y la Producci\u00f3n con m\u00e1s beneficios y cr\u00e9ditos a tasa 0% - CELTTV\" \/>\n<meta property=\"og:description\" content=\"Sitio web de noticias de la localidad de Tornquist, provincia de Buenos Aires, Rep\u00fablica Argentina. Contenido propio originado por periodistas de CELTTV, el canal de TV local de la Cooperativa El\u00e9ctrica de Tornquist. Turismo, Pol\u00edtica, Sociedad, Deporte, Cultura y todo el contenido de inter\u00e9s general que la gente del pueblo y la regi\u00f3n debe conocer.\" \/>\n<meta property=\"og:url\" content=\"https:\/\/www.celttv.com.ar\/index.php\/2020\/07\/27\/amplian-el-programa-de-asistencia-al-trabajo-y-la-produccion-con-mas-beneficios-y-creditos-a-tasa-0\/\" \/>\n<meta property=\"og:site_name\" content=\"CELTTV\" \/>\n<meta property=\"article:publisher\" content=\"https:\/\/www.facebook.com\/celtTV\/\" \/>\n<meta property=\"article:published_time\" content=\"2020-07-27T23:07:18+00:00\" \/>\n<meta property=\"og:image\" content=\"https:\/\/www.celttv.com.ar\/wp-content\/uploads\/2020\/07\/programa.jpg\" \/>\n\t<meta property=\"og:image:width\" content=\"225\" \/>\n\t<meta property=\"og:image:height\" content=\"225\" \/>\n\t<meta property=\"og:image:type\" content=\"image\/jpeg\" \/>\n<meta name=\"author\" content=\"ulises\" \/>\n<meta name=\"twitter:card\" content=\"summary_large_image\" \/>\n<meta name=\"twitter:label1\" content=\"Escrito por\" \/>\n\t<meta name=\"twitter:data1\" content=\"ulises\" \/>\n\t<meta name=\"twitter:label2\" content=\"Tiempo de lectura\" \/>\n\t<meta name=\"twitter:data2\" content=\"1 minuto\" \/>\n<script type=\"application\/ld+json\" class=\"yoast-schema-graph\">{\"@context\":\"https:\/\/schema.org\",\"@graph\":[{\"@type\":\"NewsArticle\",\"@id\":\"https:\/\/www.celttv.com.ar\/index.php\/2020\/07\/27\/amplian-el-programa-de-asistencia-al-trabajo-y-la-produccion-con-mas-beneficios-y-creditos-a-tasa-0\/#article\",\"isPartOf\":{\"@id\":\"https:\/\/www.celttv.com.ar\/index.php\/2020\/07\/27\/amplian-el-programa-de-asistencia-al-trabajo-y-la-produccion-con-mas-beneficios-y-creditos-a-tasa-0\/\"},\"author\":{\"name\":\"ulises\",\"@id\":\"https:\/\/www.celttv.com.ar\/#\/schema\/person\/6d99c072dba59953809c81446e9d0ace\"},\"headline\":\"Ampl\u00edan el programa de Asistencia al Trabajo y la Producci\u00f3n con m\u00e1s beneficios y cr\u00e9ditos a tasa 0%\",\"datePublished\":\"2020-07-27T23:07:18+00:00\",\"dateModified\":\"2020-07-27T23:07:18+00:00\",\"mainEntityOfPage\":{\"@id\":\"https:\/\/www.celttv.com.ar\/index.php\/2020\/07\/27\/amplian-el-programa-de-asistencia-al-trabajo-y-la-produccion-con-mas-beneficios-y-creditos-a-tasa-0\/\"},\"wordCount\":167,\"publisher\":{\"@id\":\"https:\/\/www.celttv.com.ar\/#organization\"},\"articleSection\":[\"Comunidad\",\"Destacadas\"],\"inLanguage\":\"es\"},{\"@type\":\"WebPage\",\"@id\":\"https:\/\/www.celttv.com.ar\/index.php\/2020\/07\/27\/amplian-el-programa-de-asistencia-al-trabajo-y-la-produccion-con-mas-beneficios-y-creditos-a-tasa-0\/\",\"url\":\"https:\/\/www.celttv.com.ar\/index.php\/2020\/07\/27\/amplian-el-programa-de-asistencia-al-trabajo-y-la-produccion-con-mas-beneficios-y-creditos-a-tasa-0\/\",\"name\":\"Ampl\u00edan el programa de Asistencia al Trabajo y la Producci\u00f3n con m\u00e1s beneficios y cr\u00e9ditos a tasa 0% - CELTTV\",\"isPartOf\":{\"@id\":\"https:\/\/www.celttv.com.ar\/#website\"},\"datePublished\":\"2020-07-27T23:07:18+00:00\",\"dateModified\":\"2020-07-27T23:07:18+00:00\",\"description\":\"Sitio web de noticias de la localidad de Tornquist, provincia de Buenos Aires, Rep\u00fablica Argentina. Contenido propio originado por periodistas de CELTTV, el canal de TV local de la Cooperativa El\u00e9ctrica de Tornquist. Turismo, Pol\u00edtica, Sociedad, Deporte, Cultura y todo el contenido de inter\u00e9s general que la gente del pueblo y la regi\u00f3n debe conocer.\",\"breadcrumb\":{\"@id\":\"https:\/\/www.celttv.com.ar\/index.php\/2020\/07\/27\/amplian-el-programa-de-asistencia-al-trabajo-y-la-produccion-con-mas-beneficios-y-creditos-a-tasa-0\/#breadcrumb\"},\"inLanguage\":\"es\",\"potentialAction\":[{\"@type\":\"ReadAction\",\"target\":[\"https:\/\/www.celttv.com.ar\/index.php\/2020\/07\/27\/amplian-el-programa-de-asistencia-al-trabajo-y-la-produccion-con-mas-beneficios-y-creditos-a-tasa-0\/\"]}]},{\"@type\":\"BreadcrumbList\",\"@id\":\"https:\/\/www.celttv.com.ar\/index.php\/2020\/07\/27\/amplian-el-programa-de-asistencia-al-trabajo-y-la-produccion-con-mas-beneficios-y-creditos-a-tasa-0\/#breadcrumb\",\"itemListElement\":[{\"@type\":\"ListItem\",\"position\":1,\"name\":\"Inicio\",\"item\":\"https:\/\/www.celttv.com.ar\/\"},{\"@type\":\"ListItem\",\"position\":2,\"name\":\"Ampl\u00edan el programa de Asistencia al Trabajo y la Producci\u00f3n con m\u00e1s beneficios y cr\u00e9ditos a tasa 0%\"}]},{\"@type\":\"WebSite\",\"@id\":\"https:\/\/www.celttv.com.ar\/#website\",\"url\":\"https:\/\/www.celttv.com.ar\/\",\"name\":\"CELTTV\",\"description\":\"Cooperativa El\u00e9ctrica de Tornquist\",\"publisher\":{\"@id\":\"https:\/\/www.celttv.com.ar\/#organization\"},\"potentialAction\":[{\"@type\":\"SearchAction\",\"target\":{\"@type\":\"EntryPoint\",\"urlTemplate\":\"https:\/\/www.celttv.com.ar\/?s={search_term_string}\"},\"query-input\":\"required name=search_term_string\"}],\"inLanguage\":\"es\"},{\"@type\":\"Organization\",\"@id\":\"https:\/\/www.celttv.com.ar\/#organization\",\"name\":\"CELTTV\",\"url\":\"https:\/\/www.celttv.com.ar\/\",\"sameAs\":[\"https:\/\/www.youtube.com\/channel\/UCz_oIt8Hig64Ub-EmcNPIhg\",\"https:\/\/www.facebook.com\/celtTV\/\"],\"logo\":{\"@type\":\"ImageObject\",\"inLanguage\":\"es\",\"@id\":\"https:\/\/www.celttv.com.ar\/#\/schema\/logo\/image\/\",\"url\":\"http:\/\/www.celttv.com.ar\/wp-content\/uploads\/2022\/08\/logo-1.png\",\"contentUrl\":\"http:\/\/www.celttv.com.ar\/wp-content\/uploads\/2022\/08\/logo-1.png\",\"width\":461,\"height\":159,\"caption\":\"CELTTV\"},\"image\":{\"@id\":\"https:\/\/www.celttv.com.ar\/#\/schema\/logo\/image\/\"}},{\"@type\":\"Person\",\"@id\":\"https:\/\/www.celttv.com.ar\/#\/schema\/person\/6d99c072dba59953809c81446e9d0ace\",\"name\":\"ulises\",\"image\":{\"@type\":\"ImageObject\",\"inLanguage\":\"es\",\"@id\":\"https:\/\/www.celttv.com.ar\/#\/schema\/person\/image\/\",\"url\":\"https:\/\/secure.gravatar.com\/avatar\/7f2c48bdc33b30088f941fb6082e555f2874c98e20cb159d7b92b50eadfce793?s=96&d=mm&r=g\",\"contentUrl\":\"https:\/\/secure.gravatar.com\/avatar\/7f2c48bdc33b30088f941fb6082e555f2874c98e20cb159d7b92b50eadfce793?s=96&d=mm&r=g\",\"caption\":\"ulises\"},\"sameAs\":[\"http:\/\/www.celttv.com.ar\"]}]}<\/script>\n<!-- \/ Yoast SEO plugin. -->","yoast_head_json":{"title":"Ampl\u00edan el programa de Asistencia al Trabajo y la Producci\u00f3n con m\u00e1s beneficios y cr\u00e9ditos a tasa 0% - CELTTV","description":"Sitio web de noticias de la localidad de Tornquist, provincia de Buenos Aires, Rep\u00fablica Argentina. Contenido propio originado por periodistas de CELTTV, el canal de TV local de la Cooperativa El\u00e9ctrica de Tornquist. Turismo, Pol\u00edtica, Sociedad, Deporte, Cultura y todo el contenido de inter\u00e9s general que la gente del pueblo y la regi\u00f3n debe conocer.","robots":{"index":"index","follow":"follow","max-snippet":"max-snippet:-1","max-image-preview":"max-image-preview:large","max-video-preview":"max-video-preview:-1"},"canonical":"https:\/\/www.celttv.com.ar\/index.php\/2020\/07\/27\/amplian-el-programa-de-asistencia-al-trabajo-y-la-produccion-con-mas-beneficios-y-creditos-a-tasa-0\/","og_locale":"es_ES","og_type":"article","og_title":"Ampl\u00edan el programa de Asistencia al Trabajo y la Producci\u00f3n con m\u00e1s beneficios y cr\u00e9ditos a tasa 0% - CELTTV","og_description":"Sitio web de noticias de la localidad de Tornquist, provincia de Buenos Aires, Rep\u00fablica Argentina. Contenido propio originado por periodistas de CELTTV, el canal de TV local de la Cooperativa El\u00e9ctrica de Tornquist. Turismo, Pol\u00edtica, Sociedad, Deporte, Cultura y todo el contenido de inter\u00e9s general que la gente del pueblo y la regi\u00f3n debe conocer.","og_url":"https:\/\/www.celttv.com.ar\/index.php\/2020\/07\/27\/amplian-el-programa-de-asistencia-al-trabajo-y-la-produccion-con-mas-beneficios-y-creditos-a-tasa-0\/","og_site_name":"CELTTV","article_publisher":"https:\/\/www.facebook.com\/celtTV\/","article_published_time":"2020-07-27T23:07:18+00:00","og_image":[{"width":225,"height":225,"url":"https:\/\/www.celttv.com.ar\/wp-content\/uploads\/2020\/07\/programa.jpg","type":"image\/jpeg"}],"author":"ulises","twitter_card":"summary_large_image","twitter_misc":{"Escrito por":"ulises","Tiempo de lectura":"1 minuto"},"schema":{"@context":"https:\/\/schema.org","@graph":[{"@type":"NewsArticle","@id":"https:\/\/www.celttv.com.ar\/index.php\/2020\/07\/27\/amplian-el-programa-de-asistencia-al-trabajo-y-la-produccion-con-mas-beneficios-y-creditos-a-tasa-0\/#article","isPartOf":{"@id":"https:\/\/www.celttv.com.ar\/index.php\/2020\/07\/27\/amplian-el-programa-de-asistencia-al-trabajo-y-la-produccion-con-mas-beneficios-y-creditos-a-tasa-0\/"},"author":{"name":"ulises","@id":"https:\/\/www.celttv.com.ar\/#\/schema\/person\/6d99c072dba59953809c81446e9d0ace"},"headline":"Ampl\u00edan el programa de Asistencia al Trabajo y la Producci\u00f3n con m\u00e1s beneficios y cr\u00e9ditos a tasa 0%","datePublished":"2020-07-27T23:07:18+00:00","dateModified":"2020-07-27T23:07:18+00:00","mainEntityOfPage":{"@id":"https:\/\/www.celttv.com.ar\/index.php\/2020\/07\/27\/amplian-el-programa-de-asistencia-al-trabajo-y-la-produccion-con-mas-beneficios-y-creditos-a-tasa-0\/"},"wordCount":167,"publisher":{"@id":"https:\/\/www.celttv.com.ar\/#organization"},"articleSection":["Comunidad","Destacadas"],"inLanguage":"es"},{"@type":"WebPage","@id":"https:\/\/www.celttv.com.ar\/index.php\/2020\/07\/27\/amplian-el-programa-de-asistencia-al-trabajo-y-la-produccion-con-mas-beneficios-y-creditos-a-tasa-0\/","url":"https:\/\/www.celttv.com.ar\/index.php\/2020\/07\/27\/amplian-el-programa-de-asistencia-al-trabajo-y-la-produccion-con-mas-beneficios-y-creditos-a-tasa-0\/","name":"Ampl\u00edan el programa de Asistencia al Trabajo y la Producci\u00f3n con m\u00e1s beneficios y cr\u00e9ditos a tasa 0% - CELTTV","isPartOf":{"@id":"https:\/\/www.celttv.com.ar\/#website"},"datePublished":"2020-07-27T23:07:18+00:00","dateModified":"2020-07-27T23:07:18+00:00","description":"Sitio web de noticias de la localidad de Tornquist, provincia de Buenos Aires, Rep\u00fablica Argentina. Contenido propio originado por periodistas de CELTTV, el canal de TV local de la Cooperativa El\u00e9ctrica de Tornquist. Turismo, Pol\u00edtica, Sociedad, Deporte, Cultura y todo el contenido de inter\u00e9s general que la gente del pueblo y la regi\u00f3n debe conocer.","breadcrumb":{"@id":"https:\/\/www.celttv.com.ar\/index.php\/2020\/07\/27\/amplian-el-programa-de-asistencia-al-trabajo-y-la-produccion-con-mas-beneficios-y-creditos-a-tasa-0\/#breadcrumb"},"inLanguage":"es","potentialAction":[{"@type":"ReadAction","target":["https:\/\/www.celttv.com.ar\/index.php\/2020\/07\/27\/amplian-el-programa-de-asistencia-al-trabajo-y-la-produccion-con-mas-beneficios-y-creditos-a-tasa-0\/"]}]},{"@type":"BreadcrumbList","@id":"https:\/\/www.celttv.com.ar\/index.php\/2020\/07\/27\/amplian-el-programa-de-asistencia-al-trabajo-y-la-produccion-con-mas-beneficios-y-creditos-a-tasa-0\/#breadcrumb","itemListElement":[{"@type":"ListItem","position":1,"name":"Inicio","item":"https:\/\/www.celttv.com.ar\/"},{"@type":"ListItem","position":2,"name":"Ampl\u00edan el programa de Asistencia al Trabajo y la Producci\u00f3n con m\u00e1s beneficios y cr\u00e9ditos a tasa 0%"}]},{"@type":"WebSite","@id":"https:\/\/www.celttv.com.ar\/#website","url":"https:\/\/www.celttv.com.ar\/","name":"CELTTV","description":"Cooperativa El\u00e9ctrica de Tornquist","publisher":{"@id":"https:\/\/www.celttv.com.ar\/#organization"},"potentialAction":[{"@type":"SearchAction","target":{"@type":"EntryPoint","urlTemplate":"https:\/\/www.celttv.com.ar\/?s={search_term_string}"},"query-input":"required name=search_term_string"}],"inLanguage":"es"},{"@type":"Organization","@id":"https:\/\/www.celttv.com.ar\/#organization","name":"CELTTV","url":"https:\/\/www.celttv.com.ar\/","sameAs":["https:\/\/www.youtube.com\/channel\/UCz_oIt8Hig64Ub-EmcNPIhg","https:\/\/www.facebook.com\/celtTV\/"],"logo":{"@type":"ImageObject","inLanguage":"es","@id":"https:\/\/www.celttv.com.ar\/#\/schema\/logo\/image\/","url":"http:\/\/www.celttv.com.ar\/wp-content\/uploads\/2022\/08\/logo-1.png","contentUrl":"http:\/\/www.celttv.com.ar\/wp-content\/uploads\/2022\/08\/logo-1.png","width":461,"height":159,"caption":"CELTTV"},"image":{"@id":"https:\/\/www.celttv.com.ar\/#\/schema\/logo\/image\/"}},{"@type":"Person","@id":"https:\/\/www.celttv.com.ar\/#\/schema\/person\/6d99c072dba59953809c81446e9d0ace","name":"ulises","image":{"@type":"ImageObject","inLanguage":"es","@id":"https:\/\/www.celttv.com.ar\/#\/schema\/person\/image\/","url":"https:\/\/secure.gravatar.com\/avatar\/7f2c48bdc33b30088f941fb6082e555f2874c98e20cb159d7b92b50eadfce793?s=96&d=mm&r=g","contentUrl":"https:\/\/secure.gravatar.com\/avatar\/7f2c48bdc33b30088f941fb6082e555f2874c98e20cb159d7b92b50eadfce793?s=96&d=mm&r=g","caption":"ulises"},"sameAs":["http:\/\/www.celttv.com.ar"]}]}},"_links":{"self":[{"href":"https:\/\/www.celttv.com.ar\/index.php\/wp-json\/wp\/v2\/posts\/50863","targetHints":{"allow":["GET"]}}],"collection":[{"href":"https:\/\/www.celttv.com.ar\/index.php\/wp-json\/wp\/v2\/posts"}],"about":[{"href":"https:\/\/www.celttv.com.ar\/index.php\/wp-json\/wp\/v2\/types\/post"}],"author":[{"embeddable":true,"href":"https:\/\/www.celttv.com.ar\/index.php\/wp-json\/wp\/v2\/users\/1"}],"replies":[{"embeddable":true,"href":"https:\/\/www.celttv.com.ar\/index.php\/wp-json\/wp\/v2\/comments?post=50863"}],"version-history":[{"count":0,"href":"https:\/\/www.celttv.com.ar\/index.php\/wp-json\/wp\/v2\/posts\/50863\/revisions"}],"wp:featuredmedia":[{"embeddable":true,"href":"https:\/\/www.celttv.com.ar\/index.php\/wp-json\/wp\/v2\/media\/50864"}],"wp:attachment":[{"href":"https:\/\/www.celttv.com.ar\/index.php\/wp-json\/wp\/v2\/media?parent=50863"}],"wp:term":[{"taxonomy":"category","embeddable":true,"href":"https:\/\/www.celttv.com.ar\/index.php\/wp-json\/wp\/v2\/categories?post=50863"},{"taxonomy":"post_tag","embeddable":true,"href":"https:\/\/www.celttv.com.ar\/index.php\/wp-json\/wp\/v2\/tags?post=50863"}],"curies":[{"name":"wp","href":"https:\/\/api.w.org\/{rel}","templated":true}]}}