{"id":50879,"date":"2020-07-28T16:26:31","date_gmt":"2020-07-28T16:26:31","guid":{"rendered":"http:\/\/www.celttv.com.ar\/?p=50879"},"modified":"2020-07-28T16:26:31","modified_gmt":"2020-07-28T16:26:31","slug":"si-massa-tuviese-intencion-de-sumar-a-bordoni-ya-se-hubiera-sacado-una-foto","status":"publish","type":"post","link":"https:\/\/www.celttv.com.ar\/index.php\/2020\/07\/28\/si-massa-tuviese-intencion-de-sumar-a-bordoni-ya-se-hubiera-sacado-una-foto\/","title":{"rendered":"&#8220;Si Massa tuviese intenci\u00f3n de sumar a Bordoni, ya se hubiera sacado una foto&#8221; (La Nueva)"},"content":{"rendered":"<p>El dirigente peronista de Tornquist, Gustavo Trankels, se expres\u00f3 esta ma\u00f1ana sobre los dichos del intendente de ese distrito, Sergio Bordoni, que dijo que buscaba pasarse de Juntos por el Cambio al massismo.<\/p>\n<p>&#8220;Hasta el momento solo se trata de una expresi\u00f3n de deseo por parte de Bordoni. Por el momento, Sergio Massa no dijo nada al respecto&#8221;, coment\u00f3 el tambi\u00e9n el jefe de Vialidad de la zona en di\u00e1logo con\u00a0<em>Panorama en LU2<\/em>.<\/p>\n<p>En ese sentido, dijo que &#8220;si Massa tuviese intenci\u00f3n de sumar a Bordoni, ya se hubiera sacado una foto&#8221; y agreg\u00f3: &#8220;Solo escuchamos una de las voces y para llegar a un acuerdo tiene que haber dos partes&#8221;.<\/p>\n<p>Trankels apunt\u00f3 que el intendente de Tornquist &#8220;deber\u00e1 darle explicaciones a su electorado&#8221; y asegur\u00f3 que en ese grupo de personas &#8220;hay bronca&#8221;.<\/p>\n<p>&#8220;Se trata de un rev\u00e9s importante para quienes lo votaron y pusieron sus\u00a0sue\u00f1os en su espacio pol\u00edtico&#8221;, a\u00f1adi\u00f3.<\/p>\n<p>Sobre el tema, Bordoni reconoci\u00f3 que no se siente representado ni respetado por el nuevo liderazgo de Juntos por el Cambio en la Provincia, encabezado por el intendente de Vicente L\u00f3pez, Jorge Macri.<\/p>\n<p>En consecuencia, asegura que Massa fue &#8220;muy receptivo&#8221; con cada uno de los pedidos que le hizo en los \u00faltimos meses.<\/p>\n<p>\u201cEstoy hablando con \u00e9l y trabajando juntos hace meses. Yo trabajo para que mi distrito crezca y, hoy por hoy, esa posibilidad me la da\u00a0Massa. En lo \u00fanico que pienso es en los tres a\u00f1os y medio que me quedan de gesti\u00f3n\u201d, dijo hace unos d\u00edas.<\/p>\n<p>Hasta el momento, por esta decisi\u00f3n de Bordoni, ya hubo tres bajas en su gabinete,\u00a0<a href=\"https:\/\/www.lanueva.com\/nota\/2020-7-28-7-32-0-tornquist-tras-las-renuncias-asumieron-tres-nuevos-funcionarios-en-el-gabinete-de-bordoni\">las cuales fueron cubiertas<\/a>.<\/p>\n<p><strong>FUENTE: LA NUEVA Y LU2<\/strong><\/p>\n<p><a href=\"http:\/\/www.celttv.com.ar\/?attachment_id=50880\" rel=\"attachment wp-att-50880\"><img loading=\"lazy\" decoding=\"async\" class=\"alignleft size-full wp-image-50880\" src=\"http:\/\/www.celttv.com.ar\/wp-content\/uploads\/2020\/07\/1595934253682.jpg\" alt=\"\" width=\"600\" height=\"337\" srcset=\"https:\/\/www.celttv.com.ar\/wp-content\/uploads\/2020\/07\/1595934253682.jpg 600w, https:\/\/www.celttv.com.ar\/wp-content\/uploads\/2020\/07\/1595934253682-300x169.jpg 300w\" sizes=\"auto, (max-width: 600px) 100vw, 600px\" \/><\/a><\/p>\n","protected":false},"excerpt":{"rendered":"<p>El dirigente peronista de Tornquist, Gustavo Trankels, se expres\u00f3 esta ma\u00f1ana sobre los dichos del intendente de ese distrito, Sergio Bordoni, que dijo que buscaba pasarse de Juntos por el Cambio al massismo. &#8220;Hasta el momento solo se trata de una expresi\u00f3n de deseo por parte de Bordoni. Por el momento, Sergio Massa no dijo [&hellip;]<\/p>\n","protected":false},"author":1,"featured_media":50880,"comment_status":"closed","ping_status":"open","sticky":false,"template":"","format":"standard","meta":{"footnotes":""},"categories":[55,51,52,53],"tags":[],"class_list":["post-50879","post","type-post","status-publish","format-standard","has-post-thumbnail","hentry","category-celt-tv-noticias","category-comunidad","category-destacadas","category-politica"],"yoast_head":"<!-- This site is optimized with the Yoast SEO plugin v19.7.1 - https:\/\/yoast.com\/wordpress\/plugins\/seo\/ -->\n<title>&quot;Si Massa tuviese intenci\u00f3n de sumar a Bordoni, ya se hubiera sacado una foto&quot; (La Nueva) - CELTTV<\/title>\n<meta name=\"description\" content=\"Sitio web de noticias de la localidad de Tornquist, provincia de Buenos Aires, Rep\u00fablica Argentina. Contenido propio originado por periodistas de CELTTV, el canal de TV local de la Cooperativa El\u00e9ctrica de Tornquist. Turismo, Pol\u00edtica, Sociedad, Deporte, Cultura y todo el contenido de inter\u00e9s general que la gente del pueblo y la regi\u00f3n debe conocer.\" \/>\n<meta name=\"robots\" content=\"index, follow, max-snippet:-1, max-image-preview:large, max-video-preview:-1\" \/>\n<link rel=\"canonical\" href=\"https:\/\/www.celttv.com.ar\/index.php\/2020\/07\/28\/si-massa-tuviese-intencion-de-sumar-a-bordoni-ya-se-hubiera-sacado-una-foto\/\" \/>\n<meta property=\"og:locale\" content=\"es_ES\" \/>\n<meta property=\"og:type\" content=\"article\" \/>\n<meta property=\"og:title\" content=\"&quot;Si Massa tuviese intenci\u00f3n de sumar a Bordoni, ya se hubiera sacado una foto&quot; (La Nueva) - CELTTV\" \/>\n<meta property=\"og:description\" content=\"Sitio web de noticias de la localidad de Tornquist, provincia de Buenos Aires, Rep\u00fablica Argentina. Contenido propio originado por periodistas de CELTTV, el canal de TV local de la Cooperativa El\u00e9ctrica de Tornquist. Turismo, Pol\u00edtica, Sociedad, Deporte, Cultura y todo el contenido de inter\u00e9s general que la gente del pueblo y la regi\u00f3n debe conocer.\" \/>\n<meta property=\"og:url\" content=\"https:\/\/www.celttv.com.ar\/index.php\/2020\/07\/28\/si-massa-tuviese-intencion-de-sumar-a-bordoni-ya-se-hubiera-sacado-una-foto\/\" \/>\n<meta property=\"og:site_name\" content=\"CELTTV\" \/>\n<meta property=\"article:publisher\" content=\"https:\/\/www.facebook.com\/celtTV\/\" \/>\n<meta property=\"article:published_time\" content=\"2020-07-28T16:26:31+00:00\" \/>\n<meta property=\"og:image\" content=\"https:\/\/www.celttv.com.ar\/wp-content\/uploads\/2020\/07\/1595934253682.jpg\" \/>\n\t<meta property=\"og:image:width\" content=\"600\" \/>\n\t<meta property=\"og:image:height\" content=\"337\" \/>\n\t<meta property=\"og:image:type\" content=\"image\/jpeg\" \/>\n<meta name=\"author\" content=\"ulises\" \/>\n<meta name=\"twitter:card\" content=\"summary_large_image\" \/>\n<meta name=\"twitter:label1\" content=\"Escrito por\" \/>\n\t<meta name=\"twitter:data1\" content=\"ulises\" \/>\n\t<meta name=\"twitter:label2\" content=\"Tiempo de lectura\" \/>\n\t<meta name=\"twitter:data2\" content=\"1 minuto\" \/>\n<script type=\"application\/ld+json\" class=\"yoast-schema-graph\">{\"@context\":\"https:\/\/schema.org\",\"@graph\":[{\"@type\":\"NewsArticle\",\"@id\":\"https:\/\/www.celttv.com.ar\/index.php\/2020\/07\/28\/si-massa-tuviese-intencion-de-sumar-a-bordoni-ya-se-hubiera-sacado-una-foto\/#article\",\"isPartOf\":{\"@id\":\"https:\/\/www.celttv.com.ar\/index.php\/2020\/07\/28\/si-massa-tuviese-intencion-de-sumar-a-bordoni-ya-se-hubiera-sacado-una-foto\/\"},\"author\":{\"name\":\"ulises\",\"@id\":\"https:\/\/www.celttv.com.ar\/#\/schema\/person\/6d99c072dba59953809c81446e9d0ace\"},\"headline\":\"&#8220;Si Massa tuviese intenci\u00f3n de sumar a Bordoni, ya se hubiera sacado una foto&#8221; (La Nueva)\",\"datePublished\":\"2020-07-28T16:26:31+00:00\",\"dateModified\":\"2020-07-28T16:26:31+00:00\",\"mainEntityOfPage\":{\"@id\":\"https:\/\/www.celttv.com.ar\/index.php\/2020\/07\/28\/si-massa-tuviese-intencion-de-sumar-a-bordoni-ya-se-hubiera-sacado-una-foto\/\"},\"wordCount\":310,\"publisher\":{\"@id\":\"https:\/\/www.celttv.com.ar\/#organization\"},\"articleSection\":[\"Celt TV Noticias\",\"Comunidad\",\"Destacadas\",\"Pol\u00edtica\"],\"inLanguage\":\"es\"},{\"@type\":\"WebPage\",\"@id\":\"https:\/\/www.celttv.com.ar\/index.php\/2020\/07\/28\/si-massa-tuviese-intencion-de-sumar-a-bordoni-ya-se-hubiera-sacado-una-foto\/\",\"url\":\"https:\/\/www.celttv.com.ar\/index.php\/2020\/07\/28\/si-massa-tuviese-intencion-de-sumar-a-bordoni-ya-se-hubiera-sacado-una-foto\/\",\"name\":\"\\\"Si Massa tuviese intenci\u00f3n de sumar a Bordoni, ya se hubiera sacado una foto\\\" (La Nueva) - CELTTV\",\"isPartOf\":{\"@id\":\"https:\/\/www.celttv.com.ar\/#website\"},\"datePublished\":\"2020-07-28T16:26:31+00:00\",\"dateModified\":\"2020-07-28T16:26:31+00:00\",\"description\":\"Sitio web de noticias de la localidad de Tornquist, provincia de Buenos Aires, Rep\u00fablica Argentina. Contenido propio originado por periodistas de CELTTV, el canal de TV local de la Cooperativa El\u00e9ctrica de Tornquist. Turismo, Pol\u00edtica, Sociedad, Deporte, Cultura y todo el contenido de inter\u00e9s general que la gente del pueblo y la regi\u00f3n debe conocer.\",\"breadcrumb\":{\"@id\":\"https:\/\/www.celttv.com.ar\/index.php\/2020\/07\/28\/si-massa-tuviese-intencion-de-sumar-a-bordoni-ya-se-hubiera-sacado-una-foto\/#breadcrumb\"},\"inLanguage\":\"es\",\"potentialAction\":[{\"@type\":\"ReadAction\",\"target\":[\"https:\/\/www.celttv.com.ar\/index.php\/2020\/07\/28\/si-massa-tuviese-intencion-de-sumar-a-bordoni-ya-se-hubiera-sacado-una-foto\/\"]}]},{\"@type\":\"BreadcrumbList\",\"@id\":\"https:\/\/www.celttv.com.ar\/index.php\/2020\/07\/28\/si-massa-tuviese-intencion-de-sumar-a-bordoni-ya-se-hubiera-sacado-una-foto\/#breadcrumb\",\"itemListElement\":[{\"@type\":\"ListItem\",\"position\":1,\"name\":\"Inicio\",\"item\":\"https:\/\/www.celttv.com.ar\/\"},{\"@type\":\"ListItem\",\"position\":2,\"name\":\"&#8220;Si Massa tuviese intenci\u00f3n de sumar a Bordoni, ya se hubiera sacado una foto&#8221; (La Nueva)\"}]},{\"@type\":\"WebSite\",\"@id\":\"https:\/\/www.celttv.com.ar\/#website\",\"url\":\"https:\/\/www.celttv.com.ar\/\",\"name\":\"CELTTV\",\"description\":\"Cooperativa El\u00e9ctrica de Tornquist\",\"publisher\":{\"@id\":\"https:\/\/www.celttv.com.ar\/#organization\"},\"potentialAction\":[{\"@type\":\"SearchAction\",\"target\":{\"@type\":\"EntryPoint\",\"urlTemplate\":\"https:\/\/www.celttv.com.ar\/?s={search_term_string}\"},\"query-input\":\"required name=search_term_string\"}],\"inLanguage\":\"es\"},{\"@type\":\"Organization\",\"@id\":\"https:\/\/www.celttv.com.ar\/#organization\",\"name\":\"CELTTV\",\"url\":\"https:\/\/www.celttv.com.ar\/\",\"sameAs\":[\"https:\/\/www.youtube.com\/channel\/UCz_oIt8Hig64Ub-EmcNPIhg\",\"https:\/\/www.facebook.com\/celtTV\/\"],\"logo\":{\"@type\":\"ImageObject\",\"inLanguage\":\"es\",\"@id\":\"https:\/\/www.celttv.com.ar\/#\/schema\/logo\/image\/\",\"url\":\"http:\/\/www.celttv.com.ar\/wp-content\/uploads\/2022\/08\/logo-1.png\",\"contentUrl\":\"http:\/\/www.celttv.com.ar\/wp-content\/uploads\/2022\/08\/logo-1.png\",\"width\":461,\"height\":159,\"caption\":\"CELTTV\"},\"image\":{\"@id\":\"https:\/\/www.celttv.com.ar\/#\/schema\/logo\/image\/\"}},{\"@type\":\"Person\",\"@id\":\"https:\/\/www.celttv.com.ar\/#\/schema\/person\/6d99c072dba59953809c81446e9d0ace\",\"name\":\"ulises\",\"image\":{\"@type\":\"ImageObject\",\"inLanguage\":\"es\",\"@id\":\"https:\/\/www.celttv.com.ar\/#\/schema\/person\/image\/\",\"url\":\"https:\/\/secure.gravatar.com\/avatar\/7f2c48bdc33b30088f941fb6082e555f2874c98e20cb159d7b92b50eadfce793?s=96&d=mm&r=g\",\"contentUrl\":\"https:\/\/secure.gravatar.com\/avatar\/7f2c48bdc33b30088f941fb6082e555f2874c98e20cb159d7b92b50eadfce793?s=96&d=mm&r=g\",\"caption\":\"ulises\"},\"sameAs\":[\"http:\/\/www.celttv.com.ar\"]}]}<\/script>\n<!-- \/ Yoast SEO plugin. -->","yoast_head_json":{"title":"\"Si Massa tuviese intenci\u00f3n de sumar a Bordoni, ya se hubiera sacado una foto\" (La Nueva) - CELTTV","description":"Sitio web de noticias de la localidad de Tornquist, provincia de Buenos Aires, Rep\u00fablica Argentina. Contenido propio originado por periodistas de CELTTV, el canal de TV local de la Cooperativa El\u00e9ctrica de Tornquist. Turismo, Pol\u00edtica, Sociedad, Deporte, Cultura y todo el contenido de inter\u00e9s general que la gente del pueblo y la regi\u00f3n debe conocer.","robots":{"index":"index","follow":"follow","max-snippet":"max-snippet:-1","max-image-preview":"max-image-preview:large","max-video-preview":"max-video-preview:-1"},"canonical":"https:\/\/www.celttv.com.ar\/index.php\/2020\/07\/28\/si-massa-tuviese-intencion-de-sumar-a-bordoni-ya-se-hubiera-sacado-una-foto\/","og_locale":"es_ES","og_type":"article","og_title":"\"Si Massa tuviese intenci\u00f3n de sumar a Bordoni, ya se hubiera sacado una foto\" (La Nueva) - CELTTV","og_description":"Sitio web de noticias de la localidad de Tornquist, provincia de Buenos Aires, Rep\u00fablica Argentina. Contenido propio originado por periodistas de CELTTV, el canal de TV local de la Cooperativa El\u00e9ctrica de Tornquist. Turismo, Pol\u00edtica, Sociedad, Deporte, Cultura y todo el contenido de inter\u00e9s general que la gente del pueblo y la regi\u00f3n debe conocer.","og_url":"https:\/\/www.celttv.com.ar\/index.php\/2020\/07\/28\/si-massa-tuviese-intencion-de-sumar-a-bordoni-ya-se-hubiera-sacado-una-foto\/","og_site_name":"CELTTV","article_publisher":"https:\/\/www.facebook.com\/celtTV\/","article_published_time":"2020-07-28T16:26:31+00:00","og_image":[{"width":600,"height":337,"url":"https:\/\/www.celttv.com.ar\/wp-content\/uploads\/2020\/07\/1595934253682.jpg","type":"image\/jpeg"}],"author":"ulises","twitter_card":"summary_large_image","twitter_misc":{"Escrito por":"ulises","Tiempo de lectura":"1 minuto"},"schema":{"@context":"https:\/\/schema.org","@graph":[{"@type":"NewsArticle","@id":"https:\/\/www.celttv.com.ar\/index.php\/2020\/07\/28\/si-massa-tuviese-intencion-de-sumar-a-bordoni-ya-se-hubiera-sacado-una-foto\/#article","isPartOf":{"@id":"https:\/\/www.celttv.com.ar\/index.php\/2020\/07\/28\/si-massa-tuviese-intencion-de-sumar-a-bordoni-ya-se-hubiera-sacado-una-foto\/"},"author":{"name":"ulises","@id":"https:\/\/www.celttv.com.ar\/#\/schema\/person\/6d99c072dba59953809c81446e9d0ace"},"headline":"&#8220;Si Massa tuviese intenci\u00f3n de sumar a Bordoni, ya se hubiera sacado una foto&#8221; (La Nueva)","datePublished":"2020-07-28T16:26:31+00:00","dateModified":"2020-07-28T16:26:31+00:00","mainEntityOfPage":{"@id":"https:\/\/www.celttv.com.ar\/index.php\/2020\/07\/28\/si-massa-tuviese-intencion-de-sumar-a-bordoni-ya-se-hubiera-sacado-una-foto\/"},"wordCount":310,"publisher":{"@id":"https:\/\/www.celttv.com.ar\/#organization"},"articleSection":["Celt TV Noticias","Comunidad","Destacadas","Pol\u00edtica"],"inLanguage":"es"},{"@type":"WebPage","@id":"https:\/\/www.celttv.com.ar\/index.php\/2020\/07\/28\/si-massa-tuviese-intencion-de-sumar-a-bordoni-ya-se-hubiera-sacado-una-foto\/","url":"https:\/\/www.celttv.com.ar\/index.php\/2020\/07\/28\/si-massa-tuviese-intencion-de-sumar-a-bordoni-ya-se-hubiera-sacado-una-foto\/","name":"\"Si Massa tuviese intenci\u00f3n de sumar a Bordoni, ya se hubiera sacado una foto\" (La Nueva) - CELTTV","isPartOf":{"@id":"https:\/\/www.celttv.com.ar\/#website"},"datePublished":"2020-07-28T16:26:31+00:00","dateModified":"2020-07-28T16:26:31+00:00","description":"Sitio web de noticias de la localidad de Tornquist, provincia de Buenos Aires, Rep\u00fablica Argentina. Contenido propio originado por periodistas de CELTTV, el canal de TV local de la Cooperativa El\u00e9ctrica de Tornquist. Turismo, Pol\u00edtica, Sociedad, Deporte, Cultura y todo el contenido de inter\u00e9s general que la gente del pueblo y la regi\u00f3n debe conocer.","breadcrumb":{"@id":"https:\/\/www.celttv.com.ar\/index.php\/2020\/07\/28\/si-massa-tuviese-intencion-de-sumar-a-bordoni-ya-se-hubiera-sacado-una-foto\/#breadcrumb"},"inLanguage":"es","potentialAction":[{"@type":"ReadAction","target":["https:\/\/www.celttv.com.ar\/index.php\/2020\/07\/28\/si-massa-tuviese-intencion-de-sumar-a-bordoni-ya-se-hubiera-sacado-una-foto\/"]}]},{"@type":"BreadcrumbList","@id":"https:\/\/www.celttv.com.ar\/index.php\/2020\/07\/28\/si-massa-tuviese-intencion-de-sumar-a-bordoni-ya-se-hubiera-sacado-una-foto\/#breadcrumb","itemListElement":[{"@type":"ListItem","position":1,"name":"Inicio","item":"https:\/\/www.celttv.com.ar\/"},{"@type":"ListItem","position":2,"name":"&#8220;Si Massa tuviese intenci\u00f3n de sumar a Bordoni, ya se hubiera sacado una foto&#8221; (La Nueva)"}]},{"@type":"WebSite","@id":"https:\/\/www.celttv.com.ar\/#website","url":"https:\/\/www.celttv.com.ar\/","name":"CELTTV","description":"Cooperativa El\u00e9ctrica de Tornquist","publisher":{"@id":"https:\/\/www.celttv.com.ar\/#organization"},"potentialAction":[{"@type":"SearchAction","target":{"@type":"EntryPoint","urlTemplate":"https:\/\/www.celttv.com.ar\/?s={search_term_string}"},"query-input":"required name=search_term_string"}],"inLanguage":"es"},{"@type":"Organization","@id":"https:\/\/www.celttv.com.ar\/#organization","name":"CELTTV","url":"https:\/\/www.celttv.com.ar\/","sameAs":["https:\/\/www.youtube.com\/channel\/UCz_oIt8Hig64Ub-EmcNPIhg","https:\/\/www.facebook.com\/celtTV\/"],"logo":{"@type":"ImageObject","inLanguage":"es","@id":"https:\/\/www.celttv.com.ar\/#\/schema\/logo\/image\/","url":"http:\/\/www.celttv.com.ar\/wp-content\/uploads\/2022\/08\/logo-1.png","contentUrl":"http:\/\/www.celttv.com.ar\/wp-content\/uploads\/2022\/08\/logo-1.png","width":461,"height":159,"caption":"CELTTV"},"image":{"@id":"https:\/\/www.celttv.com.ar\/#\/schema\/logo\/image\/"}},{"@type":"Person","@id":"https:\/\/www.celttv.com.ar\/#\/schema\/person\/6d99c072dba59953809c81446e9d0ace","name":"ulises","image":{"@type":"ImageObject","inLanguage":"es","@id":"https:\/\/www.celttv.com.ar\/#\/schema\/person\/image\/","url":"https:\/\/secure.gravatar.com\/avatar\/7f2c48bdc33b30088f941fb6082e555f2874c98e20cb159d7b92b50eadfce793?s=96&d=mm&r=g","contentUrl":"https:\/\/secure.gravatar.com\/avatar\/7f2c48bdc33b30088f941fb6082e555f2874c98e20cb159d7b92b50eadfce793?s=96&d=mm&r=g","caption":"ulises"},"sameAs":["http:\/\/www.celttv.com.ar"]}]}},"_links":{"self":[{"href":"https:\/\/www.celttv.com.ar\/index.php\/wp-json\/wp\/v2\/posts\/50879","targetHints":{"allow":["GET"]}}],"collection":[{"href":"https:\/\/www.celttv.com.ar\/index.php\/wp-json\/wp\/v2\/posts"}],"about":[{"href":"https:\/\/www.celttv.com.ar\/index.php\/wp-json\/wp\/v2\/types\/post"}],"author":[{"embeddable":true,"href":"https:\/\/www.celttv.com.ar\/index.php\/wp-json\/wp\/v2\/users\/1"}],"replies":[{"embeddable":true,"href":"https:\/\/www.celttv.com.ar\/index.php\/wp-json\/wp\/v2\/comments?post=50879"}],"version-history":[{"count":0,"href":"https:\/\/www.celttv.com.ar\/index.php\/wp-json\/wp\/v2\/posts\/50879\/revisions"}],"wp:featuredmedia":[{"embeddable":true,"href":"https:\/\/www.celttv.com.ar\/index.php\/wp-json\/wp\/v2\/media\/50880"}],"wp:attachment":[{"href":"https:\/\/www.celttv.com.ar\/index.php\/wp-json\/wp\/v2\/media?parent=50879"}],"wp:term":[{"taxonomy":"category","embeddable":true,"href":"https:\/\/www.celttv.com.ar\/index.php\/wp-json\/wp\/v2\/categories?post=50879"},{"taxonomy":"post_tag","embeddable":true,"href":"https:\/\/www.celttv.com.ar\/index.php\/wp-json\/wp\/v2\/tags?post=50879"}],"curies":[{"name":"wp","href":"https:\/\/api.w.org\/{rel}","templated":true}]}}