{"id":50894,"date":"2020-07-29T13:09:42","date_gmt":"2020-07-29T13:09:42","guid":{"rendered":"http:\/\/www.celttv.com.ar\/?p=50894"},"modified":"2020-07-29T13:09:42","modified_gmt":"2020-07-29T13:09:42","slug":"el-frente-de-todos-sigue-concretando-acciones-en-el-distrito","status":"publish","type":"post","link":"https:\/\/www.celttv.com.ar\/index.php\/2020\/07\/29\/el-frente-de-todos-sigue-concretando-acciones-en-el-distrito\/","title":{"rendered":"EL FRENTE DE TODOS SIGUE CONCRETANDO ACCIONES EN EL DISTRITO"},"content":{"rendered":"<p style=\"font-weight: 400;\">Los partidos y agrupaciones que forman el FRENTE DE TODOS TORNQUIST mantuvieron una reuni\u00f3n virtual para seguir concretando acciones a favor del desarrollo y la inclusi\u00f3n social en nuestra querida comunidad.<\/p>\n<p style=\"font-weight: 400;\">En esta \u00faltima reuni\u00f3n, se pudo sumar el compa\u00f1ero Gustavo Trankels, candidato a intendente de nuestro FRENTE DE TODOS 2019 y actual director de Vialidad Nacional Regi\u00f3n 19, que comparti\u00f3 la diversidad de temas y se integr\u00f3 al trabajo en conjunto.<\/p>\n<p style=\"font-weight: 400;\">Se avanz\u00f3 en las acciones que como FRENTE DE TODOS estamos concretando para hacer cada d\u00eda m\u00e1s visibles las pol\u00edticas de nuestro gobierno a nivel provincial y nacional y en ese sentido se resolvi\u00f3 dar la mayor difusi\u00f3n posible a la convocatoria del Ministerio de Desarrollo Social de la Naci\u00f3n para inscribirse en el RENATEP \u2013Registro Nacional de Trabajadores y Trabajadoras de la Econom\u00eda Popular- que es una herramienta que busca reconocer y formalizar a los trabajadores y trabajadoras de la econom\u00eda popular de todo el pa\u00eds para que accedan a herramientas que les permitan potenciar su trabajo.<\/p>\n<p style=\"font-weight: 400;\">Para inscribirse podr\u00e1n hacerlo en la p\u00e1gina del ministerio\u00a0<a href=\"https:\/\/www.argentina.gob.ar\/desarrollosocial\/renatep\" data-saferedirecturl=\"https:\/\/www.google.com\/url?q=https:\/\/www.argentina.gob.ar\/desarrollosocial\/renatep&amp;source=gmail&amp;ust=1596114404756000&amp;usg=AFQjCNElB_AgnnVpI-Q8_NesxyZSWjZEXg\">https:\/\/www.argentina.gob.ar\/desarrollosocial\/renatep<\/a>\u00a0o por tel\u00e9fono al 011-4320-3384 \/ 3334 \/ 3335 \/ 3360 \/ 3380, o al n\u00famero\u00a00800-222-3294.<\/p>\n<p style=\"font-weight: 400;\">As\u00ed mismo tambi\u00e9n se continu\u00f3 con la organizaci\u00f3n de las acciones correspondientes a la promoci\u00f3n del trabajo, la producci\u00f3n y el desarrollo social y econ\u00f3mico, ante la actual situaci\u00f3n econ\u00f3mica y social, originada por las pol\u00edticas econ\u00f3micas del gobierno de Juntos por el Cambio y la actual pandemia mundial.<\/p>\n<p style=\"font-weight: 400;\">Con la convicci\u00f3n que son tiempos para trabajar y construir en pos del distrito de Tornquist y no para hablar de destinos y carreras pol\u00edticas, nuevamente convocamos a TODOS los tornquintenses a unirse a estas iniciativas que tanto necesita nuestra comunidad.<\/p>\n<p style=\"font-weight: 400;\">ARGENTINA UNIDA. FRENTE DE TODOS TORNQUIST.\u00a0<a href=\"mailto:frentedetodostornquist@gmail.com\">frentedetodostornquist@gmail.com<\/a><\/p>\n<p><a href=\"http:\/\/www.celttv.com.ar\/?attachment_id=50897\" rel=\"attachment wp-att-50897\"><img loading=\"lazy\" decoding=\"async\" class=\"alignleft size-full wp-image-50897\" src=\"http:\/\/www.celttv.com.ar\/wp-content\/uploads\/2020\/07\/ARGENTINA-UNIDA.png\" alt=\"\" width=\"437\" height=\"91\" srcset=\"https:\/\/www.celttv.com.ar\/wp-content\/uploads\/2020\/07\/ARGENTINA-UNIDA.png 437w, https:\/\/www.celttv.com.ar\/wp-content\/uploads\/2020\/07\/ARGENTINA-UNIDA-300x62.png 300w\" sizes=\"auto, (max-width: 437px) 100vw, 437px\" \/><\/a> <a href=\"http:\/\/www.celttv.com.ar\/?attachment_id=50898\" rel=\"attachment wp-att-50898\"><img loading=\"lazy\" decoding=\"async\" class=\"alignleft size-medium wp-image-50898\" src=\"http:\/\/www.celttv.com.ar\/wp-content\/uploads\/2020\/07\/LOGO-FDT-1.jpg\" alt=\"\" width=\"780\" height=\"589\" srcset=\"https:\/\/www.celttv.com.ar\/wp-content\/uploads\/2020\/07\/LOGO-FDT-1.jpg 888w, https:\/\/www.celttv.com.ar\/wp-content\/uploads\/2020\/07\/LOGO-FDT-1-300x226.jpg 300w, https:\/\/www.celttv.com.ar\/wp-content\/uploads\/2020\/07\/LOGO-FDT-1-768x579.jpg 768w, https:\/\/www.celttv.com.ar\/wp-content\/uploads\/2020\/07\/LOGO-FDT-1-750x566.jpg 750w\" sizes=\"auto, (max-width: 780px) 100vw, 780px\" \/><\/a> <a href=\"http:\/\/www.celttv.com.ar\/?attachment_id=50899\" rel=\"attachment wp-att-50899\"><img loading=\"lazy\" decoding=\"async\" class=\"alignleft size-medium wp-image-50899\" src=\"http:\/\/www.celttv.com.ar\/wp-content\/uploads\/2020\/07\/LOGO-FDT-2.jpg\" alt=\"\" width=\"780\" height=\"279\" srcset=\"https:\/\/www.celttv.com.ar\/wp-content\/uploads\/2020\/07\/LOGO-FDT-2.jpg 835w, https:\/\/www.celttv.com.ar\/wp-content\/uploads\/2020\/07\/LOGO-FDT-2-300x107.jpg 300w, https:\/\/www.celttv.com.ar\/wp-content\/uploads\/2020\/07\/LOGO-FDT-2-768x275.jpg 768w, https:\/\/www.celttv.com.ar\/wp-content\/uploads\/2020\/07\/LOGO-FDT-2-750x269.jpg 750w\" sizes=\"auto, (max-width: 780px) 100vw, 780px\" \/><\/a> <a href=\"http:\/\/www.celttv.com.ar\/?attachment_id=50900\" rel=\"attachment wp-att-50900\"><img loading=\"lazy\" decoding=\"async\" class=\"alignleft size-medium wp-image-50900\" src=\"http:\/\/www.celttv.com.ar\/wp-content\/uploads\/2020\/07\/ZOMM-FRENTE-DE-TODOS-TORNQUIST.jpg\" alt=\"\" width=\"780\" height=\"780\" srcset=\"https:\/\/www.celttv.com.ar\/wp-content\/uploads\/2020\/07\/ZOMM-FRENTE-DE-TODOS-TORNQUIST.jpg 1080w, https:\/\/www.celttv.com.ar\/wp-content\/uploads\/2020\/07\/ZOMM-FRENTE-DE-TODOS-TORNQUIST-300x300.jpg 300w, https:\/\/www.celttv.com.ar\/wp-content\/uploads\/2020\/07\/ZOMM-FRENTE-DE-TODOS-TORNQUIST-1024x1024.jpg 1024w, https:\/\/www.celttv.com.ar\/wp-content\/uploads\/2020\/07\/ZOMM-FRENTE-DE-TODOS-TORNQUIST-150x150.jpg 150w, https:\/\/www.celttv.com.ar\/wp-content\/uploads\/2020\/07\/ZOMM-FRENTE-DE-TODOS-TORNQUIST-768x768.jpg 768w, https:\/\/www.celttv.com.ar\/wp-content\/uploads\/2020\/07\/ZOMM-FRENTE-DE-TODOS-TORNQUIST-75x75.jpg 75w, https:\/\/www.celttv.com.ar\/wp-content\/uploads\/2020\/07\/ZOMM-FRENTE-DE-TODOS-TORNQUIST-750x750.jpg 750w\" sizes=\"auto, (max-width: 780px) 100vw, 780px\" \/><\/a><\/p>\n","protected":false},"excerpt":{"rendered":"<p>Los partidos y agrupaciones que forman el FRENTE DE TODOS TORNQUIST mantuvieron una reuni\u00f3n virtual para seguir concretando acciones a favor del desarrollo y la inclusi\u00f3n social en nuestra querida comunidad. En esta \u00faltima reuni\u00f3n, se pudo sumar el compa\u00f1ero Gustavo Trankels, candidato a intendente de nuestro FRENTE DE TODOS 2019 y actual director de [&hellip;]<\/p>\n","protected":false},"author":1,"featured_media":50900,"comment_status":"closed","ping_status":"open","sticky":false,"template":"","format":"standard","meta":{"footnotes":""},"categories":[51,52,53],"tags":[],"class_list":["post-50894","post","type-post","status-publish","format-standard","has-post-thumbnail","hentry","category-comunidad","category-destacadas","category-politica"],"yoast_head":"<!-- This site is optimized with the Yoast SEO plugin v19.7.1 - https:\/\/yoast.com\/wordpress\/plugins\/seo\/ -->\n<title>EL FRENTE DE TODOS SIGUE CONCRETANDO ACCIONES EN EL DISTRITO - CELTTV<\/title>\n<meta name=\"description\" content=\"Sitio web de noticias de la localidad de Tornquist, provincia de Buenos Aires, Rep\u00fablica Argentina. Contenido propio originado por periodistas de CELTTV, el canal de TV local de la Cooperativa El\u00e9ctrica de Tornquist. Turismo, Pol\u00edtica, Sociedad, Deporte, Cultura y todo el contenido de inter\u00e9s general que la gente del pueblo y la regi\u00f3n debe conocer.\" \/>\n<meta name=\"robots\" content=\"index, follow, max-snippet:-1, max-image-preview:large, max-video-preview:-1\" \/>\n<link rel=\"canonical\" href=\"https:\/\/www.celttv.com.ar\/index.php\/2020\/07\/29\/el-frente-de-todos-sigue-concretando-acciones-en-el-distrito\/\" \/>\n<meta property=\"og:locale\" content=\"es_ES\" \/>\n<meta property=\"og:type\" content=\"article\" \/>\n<meta property=\"og:title\" content=\"EL FRENTE DE TODOS SIGUE CONCRETANDO ACCIONES EN EL DISTRITO - CELTTV\" \/>\n<meta property=\"og:description\" content=\"Sitio web de noticias de la localidad de Tornquist, provincia de Buenos Aires, Rep\u00fablica Argentina. Contenido propio originado por periodistas de CELTTV, el canal de TV local de la Cooperativa El\u00e9ctrica de Tornquist. Turismo, Pol\u00edtica, Sociedad, Deporte, Cultura y todo el contenido de inter\u00e9s general que la gente del pueblo y la regi\u00f3n debe conocer.\" \/>\n<meta property=\"og:url\" content=\"https:\/\/www.celttv.com.ar\/index.php\/2020\/07\/29\/el-frente-de-todos-sigue-concretando-acciones-en-el-distrito\/\" \/>\n<meta property=\"og:site_name\" content=\"CELTTV\" \/>\n<meta property=\"article:publisher\" content=\"https:\/\/www.facebook.com\/celtTV\/\" \/>\n<meta property=\"article:published_time\" content=\"2020-07-29T13:09:42+00:00\" \/>\n<meta property=\"og:image\" content=\"https:\/\/www.celttv.com.ar\/wp-content\/uploads\/2020\/07\/ZOMM-FRENTE-DE-TODOS-TORNQUIST.jpg\" \/>\n\t<meta property=\"og:image:width\" content=\"1080\" \/>\n\t<meta property=\"og:image:height\" content=\"1080\" \/>\n\t<meta property=\"og:image:type\" content=\"image\/jpeg\" \/>\n<meta name=\"author\" content=\"ulises\" \/>\n<meta name=\"twitter:card\" content=\"summary_large_image\" \/>\n<meta name=\"twitter:label1\" content=\"Escrito por\" \/>\n\t<meta name=\"twitter:data1\" content=\"ulises\" \/>\n\t<meta name=\"twitter:label2\" content=\"Tiempo de lectura\" \/>\n\t<meta name=\"twitter:data2\" content=\"2 minutos\" \/>\n<script type=\"application\/ld+json\" class=\"yoast-schema-graph\">{\"@context\":\"https:\/\/schema.org\",\"@graph\":[{\"@type\":\"NewsArticle\",\"@id\":\"https:\/\/www.celttv.com.ar\/index.php\/2020\/07\/29\/el-frente-de-todos-sigue-concretando-acciones-en-el-distrito\/#article\",\"isPartOf\":{\"@id\":\"https:\/\/www.celttv.com.ar\/index.php\/2020\/07\/29\/el-frente-de-todos-sigue-concretando-acciones-en-el-distrito\/\"},\"author\":{\"name\":\"ulises\",\"@id\":\"https:\/\/www.celttv.com.ar\/#\/schema\/person\/6d99c072dba59953809c81446e9d0ace\"},\"headline\":\"EL FRENTE DE TODOS SIGUE CONCRETANDO ACCIONES EN EL DISTRITO\",\"datePublished\":\"2020-07-29T13:09:42+00:00\",\"dateModified\":\"2020-07-29T13:09:42+00:00\",\"mainEntityOfPage\":{\"@id\":\"https:\/\/www.celttv.com.ar\/index.php\/2020\/07\/29\/el-frente-de-todos-sigue-concretando-acciones-en-el-distrito\/\"},\"wordCount\":332,\"publisher\":{\"@id\":\"https:\/\/www.celttv.com.ar\/#organization\"},\"articleSection\":[\"Comunidad\",\"Destacadas\",\"Pol\u00edtica\"],\"inLanguage\":\"es\"},{\"@type\":\"WebPage\",\"@id\":\"https:\/\/www.celttv.com.ar\/index.php\/2020\/07\/29\/el-frente-de-todos-sigue-concretando-acciones-en-el-distrito\/\",\"url\":\"https:\/\/www.celttv.com.ar\/index.php\/2020\/07\/29\/el-frente-de-todos-sigue-concretando-acciones-en-el-distrito\/\",\"name\":\"EL FRENTE DE TODOS SIGUE CONCRETANDO ACCIONES EN EL DISTRITO - CELTTV\",\"isPartOf\":{\"@id\":\"https:\/\/www.celttv.com.ar\/#website\"},\"datePublished\":\"2020-07-29T13:09:42+00:00\",\"dateModified\":\"2020-07-29T13:09:42+00:00\",\"description\":\"Sitio web de noticias de la localidad de Tornquist, provincia de Buenos Aires, Rep\u00fablica Argentina. Contenido propio originado por periodistas de CELTTV, el canal de TV local de la Cooperativa El\u00e9ctrica de Tornquist. Turismo, Pol\u00edtica, Sociedad, Deporte, Cultura y todo el contenido de inter\u00e9s general que la gente del pueblo y la regi\u00f3n debe conocer.\",\"breadcrumb\":{\"@id\":\"https:\/\/www.celttv.com.ar\/index.php\/2020\/07\/29\/el-frente-de-todos-sigue-concretando-acciones-en-el-distrito\/#breadcrumb\"},\"inLanguage\":\"es\",\"potentialAction\":[{\"@type\":\"ReadAction\",\"target\":[\"https:\/\/www.celttv.com.ar\/index.php\/2020\/07\/29\/el-frente-de-todos-sigue-concretando-acciones-en-el-distrito\/\"]}]},{\"@type\":\"BreadcrumbList\",\"@id\":\"https:\/\/www.celttv.com.ar\/index.php\/2020\/07\/29\/el-frente-de-todos-sigue-concretando-acciones-en-el-distrito\/#breadcrumb\",\"itemListElement\":[{\"@type\":\"ListItem\",\"position\":1,\"name\":\"Inicio\",\"item\":\"https:\/\/www.celttv.com.ar\/\"},{\"@type\":\"ListItem\",\"position\":2,\"name\":\"EL FRENTE DE TODOS SIGUE CONCRETANDO ACCIONES EN EL DISTRITO\"}]},{\"@type\":\"WebSite\",\"@id\":\"https:\/\/www.celttv.com.ar\/#website\",\"url\":\"https:\/\/www.celttv.com.ar\/\",\"name\":\"CELTTV\",\"description\":\"Cooperativa El\u00e9ctrica de Tornquist\",\"publisher\":{\"@id\":\"https:\/\/www.celttv.com.ar\/#organization\"},\"potentialAction\":[{\"@type\":\"SearchAction\",\"target\":{\"@type\":\"EntryPoint\",\"urlTemplate\":\"https:\/\/www.celttv.com.ar\/?s={search_term_string}\"},\"query-input\":\"required name=search_term_string\"}],\"inLanguage\":\"es\"},{\"@type\":\"Organization\",\"@id\":\"https:\/\/www.celttv.com.ar\/#organization\",\"name\":\"CELTTV\",\"url\":\"https:\/\/www.celttv.com.ar\/\",\"sameAs\":[\"https:\/\/www.youtube.com\/channel\/UCz_oIt8Hig64Ub-EmcNPIhg\",\"https:\/\/www.facebook.com\/celtTV\/\"],\"logo\":{\"@type\":\"ImageObject\",\"inLanguage\":\"es\",\"@id\":\"https:\/\/www.celttv.com.ar\/#\/schema\/logo\/image\/\",\"url\":\"http:\/\/www.celttv.com.ar\/wp-content\/uploads\/2022\/08\/logo-1.png\",\"contentUrl\":\"http:\/\/www.celttv.com.ar\/wp-content\/uploads\/2022\/08\/logo-1.png\",\"width\":461,\"height\":159,\"caption\":\"CELTTV\"},\"image\":{\"@id\":\"https:\/\/www.celttv.com.ar\/#\/schema\/logo\/image\/\"}},{\"@type\":\"Person\",\"@id\":\"https:\/\/www.celttv.com.ar\/#\/schema\/person\/6d99c072dba59953809c81446e9d0ace\",\"name\":\"ulises\",\"image\":{\"@type\":\"ImageObject\",\"inLanguage\":\"es\",\"@id\":\"https:\/\/www.celttv.com.ar\/#\/schema\/person\/image\/\",\"url\":\"https:\/\/secure.gravatar.com\/avatar\/7f2c48bdc33b30088f941fb6082e555f2874c98e20cb159d7b92b50eadfce793?s=96&d=mm&r=g\",\"contentUrl\":\"https:\/\/secure.gravatar.com\/avatar\/7f2c48bdc33b30088f941fb6082e555f2874c98e20cb159d7b92b50eadfce793?s=96&d=mm&r=g\",\"caption\":\"ulises\"},\"sameAs\":[\"http:\/\/www.celttv.com.ar\"]}]}<\/script>\n<!-- \/ Yoast SEO plugin. -->","yoast_head_json":{"title":"EL FRENTE DE TODOS SIGUE CONCRETANDO ACCIONES EN EL DISTRITO - CELTTV","description":"Sitio web de noticias de la localidad de Tornquist, provincia de Buenos Aires, Rep\u00fablica Argentina. Contenido propio originado por periodistas de CELTTV, el canal de TV local de la Cooperativa El\u00e9ctrica de Tornquist. Turismo, Pol\u00edtica, Sociedad, Deporte, Cultura y todo el contenido de inter\u00e9s general que la gente del pueblo y la regi\u00f3n debe conocer.","robots":{"index":"index","follow":"follow","max-snippet":"max-snippet:-1","max-image-preview":"max-image-preview:large","max-video-preview":"max-video-preview:-1"},"canonical":"https:\/\/www.celttv.com.ar\/index.php\/2020\/07\/29\/el-frente-de-todos-sigue-concretando-acciones-en-el-distrito\/","og_locale":"es_ES","og_type":"article","og_title":"EL FRENTE DE TODOS SIGUE CONCRETANDO ACCIONES EN EL DISTRITO - CELTTV","og_description":"Sitio web de noticias de la localidad de Tornquist, provincia de Buenos Aires, Rep\u00fablica Argentina. Contenido propio originado por periodistas de CELTTV, el canal de TV local de la Cooperativa El\u00e9ctrica de Tornquist. Turismo, Pol\u00edtica, Sociedad, Deporte, Cultura y todo el contenido de inter\u00e9s general que la gente del pueblo y la regi\u00f3n debe conocer.","og_url":"https:\/\/www.celttv.com.ar\/index.php\/2020\/07\/29\/el-frente-de-todos-sigue-concretando-acciones-en-el-distrito\/","og_site_name":"CELTTV","article_publisher":"https:\/\/www.facebook.com\/celtTV\/","article_published_time":"2020-07-29T13:09:42+00:00","og_image":[{"width":1080,"height":1080,"url":"https:\/\/www.celttv.com.ar\/wp-content\/uploads\/2020\/07\/ZOMM-FRENTE-DE-TODOS-TORNQUIST.jpg","type":"image\/jpeg"}],"author":"ulises","twitter_card":"summary_large_image","twitter_misc":{"Escrito por":"ulises","Tiempo de lectura":"2 minutos"},"schema":{"@context":"https:\/\/schema.org","@graph":[{"@type":"NewsArticle","@id":"https:\/\/www.celttv.com.ar\/index.php\/2020\/07\/29\/el-frente-de-todos-sigue-concretando-acciones-en-el-distrito\/#article","isPartOf":{"@id":"https:\/\/www.celttv.com.ar\/index.php\/2020\/07\/29\/el-frente-de-todos-sigue-concretando-acciones-en-el-distrito\/"},"author":{"name":"ulises","@id":"https:\/\/www.celttv.com.ar\/#\/schema\/person\/6d99c072dba59953809c81446e9d0ace"},"headline":"EL FRENTE DE TODOS SIGUE CONCRETANDO ACCIONES EN EL DISTRITO","datePublished":"2020-07-29T13:09:42+00:00","dateModified":"2020-07-29T13:09:42+00:00","mainEntityOfPage":{"@id":"https:\/\/www.celttv.com.ar\/index.php\/2020\/07\/29\/el-frente-de-todos-sigue-concretando-acciones-en-el-distrito\/"},"wordCount":332,"publisher":{"@id":"https:\/\/www.celttv.com.ar\/#organization"},"articleSection":["Comunidad","Destacadas","Pol\u00edtica"],"inLanguage":"es"},{"@type":"WebPage","@id":"https:\/\/www.celttv.com.ar\/index.php\/2020\/07\/29\/el-frente-de-todos-sigue-concretando-acciones-en-el-distrito\/","url":"https:\/\/www.celttv.com.ar\/index.php\/2020\/07\/29\/el-frente-de-todos-sigue-concretando-acciones-en-el-distrito\/","name":"EL FRENTE DE TODOS SIGUE CONCRETANDO ACCIONES EN EL DISTRITO - CELTTV","isPartOf":{"@id":"https:\/\/www.celttv.com.ar\/#website"},"datePublished":"2020-07-29T13:09:42+00:00","dateModified":"2020-07-29T13:09:42+00:00","description":"Sitio web de noticias de la localidad de Tornquist, provincia de Buenos Aires, Rep\u00fablica Argentina. Contenido propio originado por periodistas de CELTTV, el canal de TV local de la Cooperativa El\u00e9ctrica de Tornquist. Turismo, Pol\u00edtica, Sociedad, Deporte, Cultura y todo el contenido de inter\u00e9s general que la gente del pueblo y la regi\u00f3n debe conocer.","breadcrumb":{"@id":"https:\/\/www.celttv.com.ar\/index.php\/2020\/07\/29\/el-frente-de-todos-sigue-concretando-acciones-en-el-distrito\/#breadcrumb"},"inLanguage":"es","potentialAction":[{"@type":"ReadAction","target":["https:\/\/www.celttv.com.ar\/index.php\/2020\/07\/29\/el-frente-de-todos-sigue-concretando-acciones-en-el-distrito\/"]}]},{"@type":"BreadcrumbList","@id":"https:\/\/www.celttv.com.ar\/index.php\/2020\/07\/29\/el-frente-de-todos-sigue-concretando-acciones-en-el-distrito\/#breadcrumb","itemListElement":[{"@type":"ListItem","position":1,"name":"Inicio","item":"https:\/\/www.celttv.com.ar\/"},{"@type":"ListItem","position":2,"name":"EL FRENTE DE TODOS SIGUE CONCRETANDO ACCIONES EN EL DISTRITO"}]},{"@type":"WebSite","@id":"https:\/\/www.celttv.com.ar\/#website","url":"https:\/\/www.celttv.com.ar\/","name":"CELTTV","description":"Cooperativa El\u00e9ctrica de Tornquist","publisher":{"@id":"https:\/\/www.celttv.com.ar\/#organization"},"potentialAction":[{"@type":"SearchAction","target":{"@type":"EntryPoint","urlTemplate":"https:\/\/www.celttv.com.ar\/?s={search_term_string}"},"query-input":"required name=search_term_string"}],"inLanguage":"es"},{"@type":"Organization","@id":"https:\/\/www.celttv.com.ar\/#organization","name":"CELTTV","url":"https:\/\/www.celttv.com.ar\/","sameAs":["https:\/\/www.youtube.com\/channel\/UCz_oIt8Hig64Ub-EmcNPIhg","https:\/\/www.facebook.com\/celtTV\/"],"logo":{"@type":"ImageObject","inLanguage":"es","@id":"https:\/\/www.celttv.com.ar\/#\/schema\/logo\/image\/","url":"http:\/\/www.celttv.com.ar\/wp-content\/uploads\/2022\/08\/logo-1.png","contentUrl":"http:\/\/www.celttv.com.ar\/wp-content\/uploads\/2022\/08\/logo-1.png","width":461,"height":159,"caption":"CELTTV"},"image":{"@id":"https:\/\/www.celttv.com.ar\/#\/schema\/logo\/image\/"}},{"@type":"Person","@id":"https:\/\/www.celttv.com.ar\/#\/schema\/person\/6d99c072dba59953809c81446e9d0ace","name":"ulises","image":{"@type":"ImageObject","inLanguage":"es","@id":"https:\/\/www.celttv.com.ar\/#\/schema\/person\/image\/","url":"https:\/\/secure.gravatar.com\/avatar\/7f2c48bdc33b30088f941fb6082e555f2874c98e20cb159d7b92b50eadfce793?s=96&d=mm&r=g","contentUrl":"https:\/\/secure.gravatar.com\/avatar\/7f2c48bdc33b30088f941fb6082e555f2874c98e20cb159d7b92b50eadfce793?s=96&d=mm&r=g","caption":"ulises"},"sameAs":["http:\/\/www.celttv.com.ar"]}]}},"_links":{"self":[{"href":"https:\/\/www.celttv.com.ar\/index.php\/wp-json\/wp\/v2\/posts\/50894","targetHints":{"allow":["GET"]}}],"collection":[{"href":"https:\/\/www.celttv.com.ar\/index.php\/wp-json\/wp\/v2\/posts"}],"about":[{"href":"https:\/\/www.celttv.com.ar\/index.php\/wp-json\/wp\/v2\/types\/post"}],"author":[{"embeddable":true,"href":"https:\/\/www.celttv.com.ar\/index.php\/wp-json\/wp\/v2\/users\/1"}],"replies":[{"embeddable":true,"href":"https:\/\/www.celttv.com.ar\/index.php\/wp-json\/wp\/v2\/comments?post=50894"}],"version-history":[{"count":0,"href":"https:\/\/www.celttv.com.ar\/index.php\/wp-json\/wp\/v2\/posts\/50894\/revisions"}],"wp:featuredmedia":[{"embeddable":true,"href":"https:\/\/www.celttv.com.ar\/index.php\/wp-json\/wp\/v2\/media\/50900"}],"wp:attachment":[{"href":"https:\/\/www.celttv.com.ar\/index.php\/wp-json\/wp\/v2\/media?parent=50894"}],"wp:term":[{"taxonomy":"category","embeddable":true,"href":"https:\/\/www.celttv.com.ar\/index.php\/wp-json\/wp\/v2\/categories?post=50894"},{"taxonomy":"post_tag","embeddable":true,"href":"https:\/\/www.celttv.com.ar\/index.php\/wp-json\/wp\/v2\/tags?post=50894"}],"curies":[{"name":"wp","href":"https:\/\/api.w.org\/{rel}","templated":true}]}}