{"id":50918,"date":"2020-07-29T21:16:48","date_gmt":"2020-07-29T21:16:48","guid":{"rendered":"http:\/\/www.celttv.com.ar\/?p=50918"},"modified":"2020-07-29T21:16:48","modified_gmt":"2020-07-29T21:16:48","slug":"la-provincia-firmo-convenios-con-nacion-para-obras-viales-y-de-agua-y-saneamiento-en-mas-de-40-municipios","status":"publish","type":"post","link":"https:\/\/www.celttv.com.ar\/index.php\/2020\/07\/29\/la-provincia-firmo-convenios-con-nacion-para-obras-viales-y-de-agua-y-saneamiento-en-mas-de-40-municipios\/","title":{"rendered":"La Provincia firm\u00f3 convenios con Naci\u00f3n para obras viales y de agua y saneamiento en m\u00e1s de 40 municipios"},"content":{"rendered":"<table border=\"0\" cellspacing=\"0\" cellpadding=\"0\">\n<tbody>\n<tr>\n<td class=\"m_-8127375693400158320stack-column\" valign=\"top\">\n<div>\n<div>El gobernador de la provincia de Buenos Aires, Axel Kicillof, junto al ministro de Obras P\u00fablicas de la Naci\u00f3n, Gabriel Katopodis, y su par provincial, Agust\u00edn Simone, firmaron este mediod\u00eda el acta de acuerdo para la finalizaci\u00f3n de obras en las rutas provinciales N\u00b0 11 y N\u00b0 56, y una serie de convenios para proyectos de agua y saneamiento que beneficiar\u00e1n a 46 localidades bonaerenses.<\/p>\n<\/div>\n<div>\u201cCon esta firma estamos concretando el inicio de obras que funcionan como una especie de bisagra entre la situaci\u00f3n actual de la pandemia y el comienzo de la etapa pospandemia\u201d, se\u00f1al\u00f3 Kicillof desde Casa de Gobierno, donde tambi\u00e9n estuvo acompa\u00f1ado por el intendente de Lomas de Zamora, Mart\u00edn Insaurralde. \u201cEl Estado tiene que ser la locomotora de ese proceso de reactivaci\u00f3n y reconstrucci\u00f3n, para darle la velocidad y el perfil que necesitamos\u201d, agreg\u00f3.<\/p>\n<\/div>\n<div>El Gobernador expres\u00f3: \u201cHay que crear trabajo y al mismo tiempo reconocer derechos: agua, cloacas, conectividad, son derechos y eso es lo que venimos a reafirmar\u201d.<\/p>\n<\/div>\n<div>Asimismo, Katopodis asegur\u00f3: \u201cTodos los intendentes de la provincia de Buenos Aires conocen la importancia de estas obras, lo que significa ampliar y lograr que todo el sistema de saneamiento se vaya modernizando para permitir el acceso a muchas familias\u201d. Tambi\u00e9n subray\u00f3 que \u201cseguiremos trabajando con todos, porque entendemos que de la mano de la obra p\u00fablica estamos generando empleo\u201d.<\/p>\n<\/div>\n<div>Por su parte, Simone destac\u00f3 el convenio firmado con Vialidad nacional porque \u201cva a permitir reducir en forma muy importante los accidentes de tr\u00e1fico y mejorar la circulaci\u00f3n de autos sobre todo en la \u00e9poca de verano\u201d. Adem\u00e1s, explic\u00f3 que los proyectos de saneamiento \u201cen muchos casos son ampliaciones, mejoras o refacciones en el servicio de agua y de cloacas para distritos del interior de la Provincia\u201d.<\/p>\n<\/div>\n<div>Estas obras suman una inversi\u00f3n de m\u00e1s de 9.000 millones de pesos. En la Ruta Provincial N\u00b0 11 se reactivar\u00e1n las obras del tramo San Clemente del Tuy\u00fa \u2013 Mar de Aj\u00f3; y el de General Conesa \u2013 San Clemente del Tuy\u00fa. En la Ruta Provincial N\u00b0 56 se concluir\u00e1n los trabajos del tramo General Conesa \u2013 General Madariaga, donde circulan aproximadamente 50.000 veh\u00edculos por d\u00eda durante la temporada alta. Ambas estaban paralizadas desde septiembre de 2019.<\/p>\n<\/div>\n<div>Por otra parte, se firm\u00f3 un convenio con el Ente Nacional de Obras H\u00eddricas de Saneamiento (ENOHSA) para la ejecuci\u00f3n de 84 proyectos de agua potable y saneamiento en 46 localidades, cuyos intendentes participaron del anuncio mediante videoconferencia. Estas obras se realizar\u00e1n en Adolfo Gonz\u00e1les Ch\u00e1ves, Alberti, Ayacucho, Dolores, Benito Ju\u00e1rez, Berazategui, Bol\u00edvar, Ca\u00f1uelas, Carlos Casares, Carlos Tejedor, Carmen de Areco, Chascom\u00fas, Chivilcoy, Col\u00f3n, Exaltaci\u00f3n de la Cruz, General Las Heras, Ranchos, General Pinto, Guamin\u00ed, Mar de Aj\u00f3, Las Toninas, Las Flores, Luj\u00e1n, Mar Chiquita, Mar de Cobo, Coronel Vidal, General Pir\u00e1n, Marcos Paz, Mercedes, Monte Hermoso, Navarro, Pehuaj\u00f3, Pila, Ver\u00f3nica, Roque P\u00e9rez, Salto, San Andr\u00e9s de Giles, San Vicente, Tapalqu\u00e9, Tres Lomas, 25 de Mayo, Villa Gesell, Ascasubi, Pedro Luro y M\u00e9danos.<\/p>\n<\/div>\n<div>\u201cCuando hablamos de una provincia integrada, donde haya igualdad de oportunidades, nos referimos a esto, un Estado presente, que reconoce que todos los habitantes de la Provincia merecen tener la infraestructura social b\u00e1sica. Por eso hoy firmamos dos convenios que vienen a satisfacer necesidades centrales\u201d, concluy\u00f3 Kicillof.<\/div>\n<div><a href=\"http:\/\/www.celttv.com.ar\/?attachment_id=50919\" rel=\"attachment wp-att-50919\"><img loading=\"lazy\" decoding=\"async\" class=\"alignleft size-full wp-image-50919\" src=\"http:\/\/www.celttv.com.ar\/wp-content\/uploads\/2020\/07\/obi1-Medium.jpg\" alt=\"\" width=\"1229\" height=\"768\" srcset=\"https:\/\/www.celttv.com.ar\/wp-content\/uploads\/2020\/07\/obi1-Medium.jpg 1229w, https:\/\/www.celttv.com.ar\/wp-content\/uploads\/2020\/07\/obi1-Medium-300x187.jpg 300w, https:\/\/www.celttv.com.ar\/wp-content\/uploads\/2020\/07\/obi1-Medium-1024x640.jpg 1024w, https:\/\/www.celttv.com.ar\/wp-content\/uploads\/2020\/07\/obi1-Medium-768x480.jpg 768w, https:\/\/www.celttv.com.ar\/wp-content\/uploads\/2020\/07\/obi1-Medium-750x469.jpg 750w, https:\/\/www.celttv.com.ar\/wp-content\/uploads\/2020\/07\/obi1-Medium-1140x712.jpg 1140w\" sizes=\"auto, (max-width: 1229px) 100vw, 1229px\" \/><\/a> <a href=\"http:\/\/www.celttv.com.ar\/?attachment_id=50920\" rel=\"attachment wp-att-50920\"><img loading=\"lazy\" decoding=\"async\" class=\"alignleft size-medium wp-image-50920\" src=\"http:\/\/www.celttv.com.ar\/wp-content\/uploads\/2020\/07\/obi2-Medium.jpg\" alt=\"\" width=\"780\" height=\"487\" srcset=\"https:\/\/www.celttv.com.ar\/wp-content\/uploads\/2020\/07\/obi2-Medium.jpg 1229w, https:\/\/www.celttv.com.ar\/wp-content\/uploads\/2020\/07\/obi2-Medium-300x187.jpg 300w, https:\/\/www.celttv.com.ar\/wp-content\/uploads\/2020\/07\/obi2-Medium-1024x640.jpg 1024w, https:\/\/www.celttv.com.ar\/wp-content\/uploads\/2020\/07\/obi2-Medium-768x480.jpg 768w, https:\/\/www.celttv.com.ar\/wp-content\/uploads\/2020\/07\/obi2-Medium-750x469.jpg 750w, https:\/\/www.celttv.com.ar\/wp-content\/uploads\/2020\/07\/obi2-Medium-1140x712.jpg 1140w\" sizes=\"auto, (max-width: 780px) 100vw, 780px\" \/><\/a> <a href=\"http:\/\/www.celttv.com.ar\/?attachment_id=50921\" rel=\"attachment wp-att-50921\"><img loading=\"lazy\" decoding=\"async\" class=\"alignleft size-medium wp-image-50921\" src=\"http:\/\/www.celttv.com.ar\/wp-content\/uploads\/2020\/07\/obi3-Medium.jpg\" alt=\"\" width=\"780\" height=\"487\" srcset=\"https:\/\/www.celttv.com.ar\/wp-content\/uploads\/2020\/07\/obi3-Medium.jpg 1229w, https:\/\/www.celttv.com.ar\/wp-content\/uploads\/2020\/07\/obi3-Medium-300x187.jpg 300w, https:\/\/www.celttv.com.ar\/wp-content\/uploads\/2020\/07\/obi3-Medium-1024x640.jpg 1024w, https:\/\/www.celttv.com.ar\/wp-content\/uploads\/2020\/07\/obi3-Medium-768x480.jpg 768w, https:\/\/www.celttv.com.ar\/wp-content\/uploads\/2020\/07\/obi3-Medium-750x469.jpg 750w, https:\/\/www.celttv.com.ar\/wp-content\/uploads\/2020\/07\/obi3-Medium-1140x712.jpg 1140w\" sizes=\"auto, (max-width: 780px) 100vw, 780px\" \/><\/a> <a href=\"http:\/\/www.celttv.com.ar\/?attachment_id=50922\" rel=\"attachment wp-att-50922\"><img loading=\"lazy\" decoding=\"async\" class=\"alignleft size-medium wp-image-50922\" src=\"http:\/\/www.celttv.com.ar\/wp-content\/uploads\/2020\/07\/obi4-Medium.jpg\" alt=\"\" width=\"780\" height=\"487\" srcset=\"https:\/\/www.celttv.com.ar\/wp-content\/uploads\/2020\/07\/obi4-Medium.jpg 1229w, https:\/\/www.celttv.com.ar\/wp-content\/uploads\/2020\/07\/obi4-Medium-300x187.jpg 300w, https:\/\/www.celttv.com.ar\/wp-content\/uploads\/2020\/07\/obi4-Medium-1024x640.jpg 1024w, https:\/\/www.celttv.com.ar\/wp-content\/uploads\/2020\/07\/obi4-Medium-768x480.jpg 768w, https:\/\/www.celttv.com.ar\/wp-content\/uploads\/2020\/07\/obi4-Medium-750x469.jpg 750w, https:\/\/www.celttv.com.ar\/wp-content\/uploads\/2020\/07\/obi4-Medium-1140x712.jpg 1140w\" sizes=\"auto, (max-width: 780px) 100vw, 780px\" \/><\/a><\/div>\n<\/div>\n<\/td>\n<\/tr>\n<\/tbody>\n<\/table>\n","protected":false},"excerpt":{"rendered":"<p>El gobernador de la provincia de Buenos Aires, Axel Kicillof, junto al ministro de Obras P\u00fablicas de la Naci\u00f3n, Gabriel Katopodis, y su par provincial, Agust\u00edn Simone, firmaron este mediod\u00eda el acta de acuerdo para la finalizaci\u00f3n de obras en las rutas provinciales N\u00b0 11 y N\u00b0 56, y una serie de convenios para proyectos [&hellip;]<\/p>\n","protected":false},"author":1,"featured_media":50921,"comment_status":"closed","ping_status":"open","sticky":false,"template":"","format":"standard","meta":{"footnotes":""},"categories":[51,52],"tags":[],"class_list":["post-50918","post","type-post","status-publish","format-standard","has-post-thumbnail","hentry","category-comunidad","category-destacadas"],"yoast_head":"<!-- This site is optimized with the Yoast SEO plugin v19.7.1 - https:\/\/yoast.com\/wordpress\/plugins\/seo\/ -->\n<title>La Provincia firm\u00f3 convenios con Naci\u00f3n para obras viales y de agua y saneamiento en m\u00e1s de 40 municipios - CELTTV<\/title>\n<meta name=\"description\" content=\"Sitio web de noticias de la localidad de Tornquist, provincia de Buenos Aires, Rep\u00fablica Argentina. Contenido propio originado por periodistas de CELTTV, el canal de TV local de la Cooperativa El\u00e9ctrica de Tornquist. Turismo, Pol\u00edtica, Sociedad, Deporte, Cultura y todo el contenido de inter\u00e9s general que la gente del pueblo y la regi\u00f3n debe conocer.\" \/>\n<meta name=\"robots\" content=\"index, follow, max-snippet:-1, max-image-preview:large, max-video-preview:-1\" \/>\n<link rel=\"canonical\" href=\"https:\/\/www.celttv.com.ar\/index.php\/2020\/07\/29\/la-provincia-firmo-convenios-con-nacion-para-obras-viales-y-de-agua-y-saneamiento-en-mas-de-40-municipios\/\" \/>\n<meta property=\"og:locale\" content=\"es_ES\" \/>\n<meta property=\"og:type\" content=\"article\" \/>\n<meta property=\"og:title\" content=\"La Provincia firm\u00f3 convenios con Naci\u00f3n para obras viales y de agua y saneamiento en m\u00e1s de 40 municipios - CELTTV\" \/>\n<meta property=\"og:description\" content=\"Sitio web de noticias de la localidad de Tornquist, provincia de Buenos Aires, Rep\u00fablica Argentina. Contenido propio originado por periodistas de CELTTV, el canal de TV local de la Cooperativa El\u00e9ctrica de Tornquist. Turismo, Pol\u00edtica, Sociedad, Deporte, Cultura y todo el contenido de inter\u00e9s general que la gente del pueblo y la regi\u00f3n debe conocer.\" \/>\n<meta property=\"og:url\" content=\"https:\/\/www.celttv.com.ar\/index.php\/2020\/07\/29\/la-provincia-firmo-convenios-con-nacion-para-obras-viales-y-de-agua-y-saneamiento-en-mas-de-40-municipios\/\" \/>\n<meta property=\"og:site_name\" content=\"CELTTV\" \/>\n<meta property=\"article:publisher\" content=\"https:\/\/www.facebook.com\/celtTV\/\" \/>\n<meta property=\"article:published_time\" content=\"2020-07-29T21:16:48+00:00\" \/>\n<meta property=\"og:image\" content=\"https:\/\/www.celttv.com.ar\/wp-content\/uploads\/2020\/07\/obi3-Medium.jpg\" \/>\n\t<meta property=\"og:image:width\" content=\"1229\" \/>\n\t<meta property=\"og:image:height\" content=\"768\" \/>\n\t<meta property=\"og:image:type\" content=\"image\/jpeg\" \/>\n<meta name=\"author\" content=\"ulises\" \/>\n<meta name=\"twitter:card\" content=\"summary_large_image\" \/>\n<meta name=\"twitter:label1\" content=\"Escrito por\" \/>\n\t<meta name=\"twitter:data1\" content=\"ulises\" \/>\n\t<meta name=\"twitter:label2\" content=\"Tiempo de lectura\" \/>\n\t<meta name=\"twitter:data2\" content=\"3 minutos\" \/>\n<script type=\"application\/ld+json\" class=\"yoast-schema-graph\">{\"@context\":\"https:\/\/schema.org\",\"@graph\":[{\"@type\":\"NewsArticle\",\"@id\":\"https:\/\/www.celttv.com.ar\/index.php\/2020\/07\/29\/la-provincia-firmo-convenios-con-nacion-para-obras-viales-y-de-agua-y-saneamiento-en-mas-de-40-municipios\/#article\",\"isPartOf\":{\"@id\":\"https:\/\/www.celttv.com.ar\/index.php\/2020\/07\/29\/la-provincia-firmo-convenios-con-nacion-para-obras-viales-y-de-agua-y-saneamiento-en-mas-de-40-municipios\/\"},\"author\":{\"name\":\"ulises\",\"@id\":\"https:\/\/www.celttv.com.ar\/#\/schema\/person\/6d99c072dba59953809c81446e9d0ace\"},\"headline\":\"La Provincia firm\u00f3 convenios con Naci\u00f3n para obras viales y de agua y saneamiento en m\u00e1s de 40 municipios\",\"datePublished\":\"2020-07-29T21:16:48+00:00\",\"dateModified\":\"2020-07-29T21:16:48+00:00\",\"mainEntityOfPage\":{\"@id\":\"https:\/\/www.celttv.com.ar\/index.php\/2020\/07\/29\/la-provincia-firmo-convenios-con-nacion-para-obras-viales-y-de-agua-y-saneamiento-en-mas-de-40-municipios\/\"},\"wordCount\":586,\"publisher\":{\"@id\":\"https:\/\/www.celttv.com.ar\/#organization\"},\"articleSection\":[\"Comunidad\",\"Destacadas\"],\"inLanguage\":\"es\"},{\"@type\":\"WebPage\",\"@id\":\"https:\/\/www.celttv.com.ar\/index.php\/2020\/07\/29\/la-provincia-firmo-convenios-con-nacion-para-obras-viales-y-de-agua-y-saneamiento-en-mas-de-40-municipios\/\",\"url\":\"https:\/\/www.celttv.com.ar\/index.php\/2020\/07\/29\/la-provincia-firmo-convenios-con-nacion-para-obras-viales-y-de-agua-y-saneamiento-en-mas-de-40-municipios\/\",\"name\":\"La Provincia firm\u00f3 convenios con Naci\u00f3n para obras viales y de agua y saneamiento en m\u00e1s de 40 municipios - CELTTV\",\"isPartOf\":{\"@id\":\"https:\/\/www.celttv.com.ar\/#website\"},\"datePublished\":\"2020-07-29T21:16:48+00:00\",\"dateModified\":\"2020-07-29T21:16:48+00:00\",\"description\":\"Sitio web de noticias de la localidad de Tornquist, provincia de Buenos Aires, Rep\u00fablica Argentina. Contenido propio originado por periodistas de CELTTV, el canal de TV local de la Cooperativa El\u00e9ctrica de Tornquist. Turismo, Pol\u00edtica, Sociedad, Deporte, Cultura y todo el contenido de inter\u00e9s general que la gente del pueblo y la regi\u00f3n debe conocer.\",\"breadcrumb\":{\"@id\":\"https:\/\/www.celttv.com.ar\/index.php\/2020\/07\/29\/la-provincia-firmo-convenios-con-nacion-para-obras-viales-y-de-agua-y-saneamiento-en-mas-de-40-municipios\/#breadcrumb\"},\"inLanguage\":\"es\",\"potentialAction\":[{\"@type\":\"ReadAction\",\"target\":[\"https:\/\/www.celttv.com.ar\/index.php\/2020\/07\/29\/la-provincia-firmo-convenios-con-nacion-para-obras-viales-y-de-agua-y-saneamiento-en-mas-de-40-municipios\/\"]}]},{\"@type\":\"BreadcrumbList\",\"@id\":\"https:\/\/www.celttv.com.ar\/index.php\/2020\/07\/29\/la-provincia-firmo-convenios-con-nacion-para-obras-viales-y-de-agua-y-saneamiento-en-mas-de-40-municipios\/#breadcrumb\",\"itemListElement\":[{\"@type\":\"ListItem\",\"position\":1,\"name\":\"Inicio\",\"item\":\"https:\/\/www.celttv.com.ar\/\"},{\"@type\":\"ListItem\",\"position\":2,\"name\":\"La Provincia firm\u00f3 convenios con Naci\u00f3n para obras viales y de agua y saneamiento en m\u00e1s de 40 municipios\"}]},{\"@type\":\"WebSite\",\"@id\":\"https:\/\/www.celttv.com.ar\/#website\",\"url\":\"https:\/\/www.celttv.com.ar\/\",\"name\":\"CELTTV\",\"description\":\"Cooperativa El\u00e9ctrica de Tornquist\",\"publisher\":{\"@id\":\"https:\/\/www.celttv.com.ar\/#organization\"},\"potentialAction\":[{\"@type\":\"SearchAction\",\"target\":{\"@type\":\"EntryPoint\",\"urlTemplate\":\"https:\/\/www.celttv.com.ar\/?s={search_term_string}\"},\"query-input\":\"required name=search_term_string\"}],\"inLanguage\":\"es\"},{\"@type\":\"Organization\",\"@id\":\"https:\/\/www.celttv.com.ar\/#organization\",\"name\":\"CELTTV\",\"url\":\"https:\/\/www.celttv.com.ar\/\",\"sameAs\":[\"https:\/\/www.youtube.com\/channel\/UCz_oIt8Hig64Ub-EmcNPIhg\",\"https:\/\/www.facebook.com\/celtTV\/\"],\"logo\":{\"@type\":\"ImageObject\",\"inLanguage\":\"es\",\"@id\":\"https:\/\/www.celttv.com.ar\/#\/schema\/logo\/image\/\",\"url\":\"http:\/\/www.celttv.com.ar\/wp-content\/uploads\/2022\/08\/logo-1.png\",\"contentUrl\":\"http:\/\/www.celttv.com.ar\/wp-content\/uploads\/2022\/08\/logo-1.png\",\"width\":461,\"height\":159,\"caption\":\"CELTTV\"},\"image\":{\"@id\":\"https:\/\/www.celttv.com.ar\/#\/schema\/logo\/image\/\"}},{\"@type\":\"Person\",\"@id\":\"https:\/\/www.celttv.com.ar\/#\/schema\/person\/6d99c072dba59953809c81446e9d0ace\",\"name\":\"ulises\",\"image\":{\"@type\":\"ImageObject\",\"inLanguage\":\"es\",\"@id\":\"https:\/\/www.celttv.com.ar\/#\/schema\/person\/image\/\",\"url\":\"https:\/\/secure.gravatar.com\/avatar\/7f2c48bdc33b30088f941fb6082e555f2874c98e20cb159d7b92b50eadfce793?s=96&d=mm&r=g\",\"contentUrl\":\"https:\/\/secure.gravatar.com\/avatar\/7f2c48bdc33b30088f941fb6082e555f2874c98e20cb159d7b92b50eadfce793?s=96&d=mm&r=g\",\"caption\":\"ulises\"},\"sameAs\":[\"http:\/\/www.celttv.com.ar\"]}]}<\/script>\n<!-- \/ Yoast SEO plugin. -->","yoast_head_json":{"title":"La Provincia firm\u00f3 convenios con Naci\u00f3n para obras viales y de agua y saneamiento en m\u00e1s de 40 municipios - CELTTV","description":"Sitio web de noticias de la localidad de Tornquist, provincia de Buenos Aires, Rep\u00fablica Argentina. Contenido propio originado por periodistas de CELTTV, el canal de TV local de la Cooperativa El\u00e9ctrica de Tornquist. Turismo, Pol\u00edtica, Sociedad, Deporte, Cultura y todo el contenido de inter\u00e9s general que la gente del pueblo y la regi\u00f3n debe conocer.","robots":{"index":"index","follow":"follow","max-snippet":"max-snippet:-1","max-image-preview":"max-image-preview:large","max-video-preview":"max-video-preview:-1"},"canonical":"https:\/\/www.celttv.com.ar\/index.php\/2020\/07\/29\/la-provincia-firmo-convenios-con-nacion-para-obras-viales-y-de-agua-y-saneamiento-en-mas-de-40-municipios\/","og_locale":"es_ES","og_type":"article","og_title":"La Provincia firm\u00f3 convenios con Naci\u00f3n para obras viales y de agua y saneamiento en m\u00e1s de 40 municipios - CELTTV","og_description":"Sitio web de noticias de la localidad de Tornquist, provincia de Buenos Aires, Rep\u00fablica Argentina. Contenido propio originado por periodistas de CELTTV, el canal de TV local de la Cooperativa El\u00e9ctrica de Tornquist. Turismo, Pol\u00edtica, Sociedad, Deporte, Cultura y todo el contenido de inter\u00e9s general que la gente del pueblo y la regi\u00f3n debe conocer.","og_url":"https:\/\/www.celttv.com.ar\/index.php\/2020\/07\/29\/la-provincia-firmo-convenios-con-nacion-para-obras-viales-y-de-agua-y-saneamiento-en-mas-de-40-municipios\/","og_site_name":"CELTTV","article_publisher":"https:\/\/www.facebook.com\/celtTV\/","article_published_time":"2020-07-29T21:16:48+00:00","og_image":[{"width":1229,"height":768,"url":"https:\/\/www.celttv.com.ar\/wp-content\/uploads\/2020\/07\/obi3-Medium.jpg","type":"image\/jpeg"}],"author":"ulises","twitter_card":"summary_large_image","twitter_misc":{"Escrito por":"ulises","Tiempo de lectura":"3 minutos"},"schema":{"@context":"https:\/\/schema.org","@graph":[{"@type":"NewsArticle","@id":"https:\/\/www.celttv.com.ar\/index.php\/2020\/07\/29\/la-provincia-firmo-convenios-con-nacion-para-obras-viales-y-de-agua-y-saneamiento-en-mas-de-40-municipios\/#article","isPartOf":{"@id":"https:\/\/www.celttv.com.ar\/index.php\/2020\/07\/29\/la-provincia-firmo-convenios-con-nacion-para-obras-viales-y-de-agua-y-saneamiento-en-mas-de-40-municipios\/"},"author":{"name":"ulises","@id":"https:\/\/www.celttv.com.ar\/#\/schema\/person\/6d99c072dba59953809c81446e9d0ace"},"headline":"La Provincia firm\u00f3 convenios con Naci\u00f3n para obras viales y de agua y saneamiento en m\u00e1s de 40 municipios","datePublished":"2020-07-29T21:16:48+00:00","dateModified":"2020-07-29T21:16:48+00:00","mainEntityOfPage":{"@id":"https:\/\/www.celttv.com.ar\/index.php\/2020\/07\/29\/la-provincia-firmo-convenios-con-nacion-para-obras-viales-y-de-agua-y-saneamiento-en-mas-de-40-municipios\/"},"wordCount":586,"publisher":{"@id":"https:\/\/www.celttv.com.ar\/#organization"},"articleSection":["Comunidad","Destacadas"],"inLanguage":"es"},{"@type":"WebPage","@id":"https:\/\/www.celttv.com.ar\/index.php\/2020\/07\/29\/la-provincia-firmo-convenios-con-nacion-para-obras-viales-y-de-agua-y-saneamiento-en-mas-de-40-municipios\/","url":"https:\/\/www.celttv.com.ar\/index.php\/2020\/07\/29\/la-provincia-firmo-convenios-con-nacion-para-obras-viales-y-de-agua-y-saneamiento-en-mas-de-40-municipios\/","name":"La Provincia firm\u00f3 convenios con Naci\u00f3n para obras viales y de agua y saneamiento en m\u00e1s de 40 municipios - CELTTV","isPartOf":{"@id":"https:\/\/www.celttv.com.ar\/#website"},"datePublished":"2020-07-29T21:16:48+00:00","dateModified":"2020-07-29T21:16:48+00:00","description":"Sitio web de noticias de la localidad de Tornquist, provincia de Buenos Aires, Rep\u00fablica Argentina. Contenido propio originado por periodistas de CELTTV, el canal de TV local de la Cooperativa El\u00e9ctrica de Tornquist. Turismo, Pol\u00edtica, Sociedad, Deporte, Cultura y todo el contenido de inter\u00e9s general que la gente del pueblo y la regi\u00f3n debe conocer.","breadcrumb":{"@id":"https:\/\/www.celttv.com.ar\/index.php\/2020\/07\/29\/la-provincia-firmo-convenios-con-nacion-para-obras-viales-y-de-agua-y-saneamiento-en-mas-de-40-municipios\/#breadcrumb"},"inLanguage":"es","potentialAction":[{"@type":"ReadAction","target":["https:\/\/www.celttv.com.ar\/index.php\/2020\/07\/29\/la-provincia-firmo-convenios-con-nacion-para-obras-viales-y-de-agua-y-saneamiento-en-mas-de-40-municipios\/"]}]},{"@type":"BreadcrumbList","@id":"https:\/\/www.celttv.com.ar\/index.php\/2020\/07\/29\/la-provincia-firmo-convenios-con-nacion-para-obras-viales-y-de-agua-y-saneamiento-en-mas-de-40-municipios\/#breadcrumb","itemListElement":[{"@type":"ListItem","position":1,"name":"Inicio","item":"https:\/\/www.celttv.com.ar\/"},{"@type":"ListItem","position":2,"name":"La Provincia firm\u00f3 convenios con Naci\u00f3n para obras viales y de agua y saneamiento en m\u00e1s de 40 municipios"}]},{"@type":"WebSite","@id":"https:\/\/www.celttv.com.ar\/#website","url":"https:\/\/www.celttv.com.ar\/","name":"CELTTV","description":"Cooperativa El\u00e9ctrica de Tornquist","publisher":{"@id":"https:\/\/www.celttv.com.ar\/#organization"},"potentialAction":[{"@type":"SearchAction","target":{"@type":"EntryPoint","urlTemplate":"https:\/\/www.celttv.com.ar\/?s={search_term_string}"},"query-input":"required name=search_term_string"}],"inLanguage":"es"},{"@type":"Organization","@id":"https:\/\/www.celttv.com.ar\/#organization","name":"CELTTV","url":"https:\/\/www.celttv.com.ar\/","sameAs":["https:\/\/www.youtube.com\/channel\/UCz_oIt8Hig64Ub-EmcNPIhg","https:\/\/www.facebook.com\/celtTV\/"],"logo":{"@type":"ImageObject","inLanguage":"es","@id":"https:\/\/www.celttv.com.ar\/#\/schema\/logo\/image\/","url":"http:\/\/www.celttv.com.ar\/wp-content\/uploads\/2022\/08\/logo-1.png","contentUrl":"http:\/\/www.celttv.com.ar\/wp-content\/uploads\/2022\/08\/logo-1.png","width":461,"height":159,"caption":"CELTTV"},"image":{"@id":"https:\/\/www.celttv.com.ar\/#\/schema\/logo\/image\/"}},{"@type":"Person","@id":"https:\/\/www.celttv.com.ar\/#\/schema\/person\/6d99c072dba59953809c81446e9d0ace","name":"ulises","image":{"@type":"ImageObject","inLanguage":"es","@id":"https:\/\/www.celttv.com.ar\/#\/schema\/person\/image\/","url":"https:\/\/secure.gravatar.com\/avatar\/7f2c48bdc33b30088f941fb6082e555f2874c98e20cb159d7b92b50eadfce793?s=96&d=mm&r=g","contentUrl":"https:\/\/secure.gravatar.com\/avatar\/7f2c48bdc33b30088f941fb6082e555f2874c98e20cb159d7b92b50eadfce793?s=96&d=mm&r=g","caption":"ulises"},"sameAs":["http:\/\/www.celttv.com.ar"]}]}},"_links":{"self":[{"href":"https:\/\/www.celttv.com.ar\/index.php\/wp-json\/wp\/v2\/posts\/50918","targetHints":{"allow":["GET"]}}],"collection":[{"href":"https:\/\/www.celttv.com.ar\/index.php\/wp-json\/wp\/v2\/posts"}],"about":[{"href":"https:\/\/www.celttv.com.ar\/index.php\/wp-json\/wp\/v2\/types\/post"}],"author":[{"embeddable":true,"href":"https:\/\/www.celttv.com.ar\/index.php\/wp-json\/wp\/v2\/users\/1"}],"replies":[{"embeddable":true,"href":"https:\/\/www.celttv.com.ar\/index.php\/wp-json\/wp\/v2\/comments?post=50918"}],"version-history":[{"count":0,"href":"https:\/\/www.celttv.com.ar\/index.php\/wp-json\/wp\/v2\/posts\/50918\/revisions"}],"wp:featuredmedia":[{"embeddable":true,"href":"https:\/\/www.celttv.com.ar\/index.php\/wp-json\/wp\/v2\/media\/50921"}],"wp:attachment":[{"href":"https:\/\/www.celttv.com.ar\/index.php\/wp-json\/wp\/v2\/media?parent=50918"}],"wp:term":[{"taxonomy":"category","embeddable":true,"href":"https:\/\/www.celttv.com.ar\/index.php\/wp-json\/wp\/v2\/categories?post=50918"},{"taxonomy":"post_tag","embeddable":true,"href":"https:\/\/www.celttv.com.ar\/index.php\/wp-json\/wp\/v2\/tags?post=50918"}],"curies":[{"name":"wp","href":"https:\/\/api.w.org\/{rel}","templated":true}]}}