{"id":50981,"date":"2020-08-05T00:02:41","date_gmt":"2020-08-05T00:02:41","guid":{"rendered":"http:\/\/www.celttv.com.ar\/?p=50981"},"modified":"2020-08-05T00:02:41","modified_gmt":"2020-08-05T00:02:41","slug":"el-frente-de-todos-mantuvo-un-encuentro-virtual-con-el-bloque-de-concejales","status":"publish","type":"post","link":"https:\/\/www.celttv.com.ar\/index.php\/2020\/08\/05\/el-frente-de-todos-mantuvo-un-encuentro-virtual-con-el-bloque-de-concejales\/","title":{"rendered":"EL FRENTE DE TODOS MANTUVO UN ENCUENTRO VIRTUAL CON EL BLOQUE DE CONCEJALES"},"content":{"rendered":"<div>Se realiz\u00f3 virtualmente y participaron los ediles M\u00f3nica Sagredo, Laura Rosatelli, Roc\u00edo Vazquez, Hugo Rojas y Claudio Iribarren se trazaron los lineamientos para la continuaci\u00f3n del trabajo en el territorio siempre en el marco de la unidad del Frente pol\u00edtico que lidera nuestro Presidente Alberto Fern\u00e1ndez y Axel\u00a0Kiciloff\u00a0en la Provincia de Buenos Aires.<\/div>\n<div>Parte del temario que fue tratado incluye la articulaci\u00f3n y coordinaci\u00f3n de las actividades legislativas para ser multiplicadas en las distintas localidades del Distrito; adem\u00e1s se paut\u00f3 para lo inmediato la visita de los concejales a los distintos Pueblos.<\/div>\n<div>As\u00ed mismo, del encuentro surgieron necesidades puntuales para atender y dar respuesta de parte de los ediles quienes se comprometieron a mantener el canal de comunicaci\u00f3n abierto con la totalidad de los referentes del Frente de Todos local.<\/div>\n<div>Por otra parte, qued\u00f3 establecido en \u00e9ste primer encuentro la necesidad de articular y promover los programas Provinciales y Nacionales que llegan a Tornquist para poder informar a la comunidad sobre todas las acciones de gobierno que sean en beneficio de los bonaerenses.<\/div>\n<div>Tras un poco m\u00e1s de una hora de reuni\u00f3n adem\u00e1s se inform\u00f3 a los representantes del Concejo Deliberante las acciones solidarias que llevar\u00e1 adelante el Frente de Todos Tornquist con motivo de festejarse durante el mes de Agosto el &#8220;D\u00eda del Ni\u00f1o&#8221; en el Distrito.<\/div>\n<div>Finalmente, se acord\u00f3 comunicar a los referentes y militantes locales sobre las visitas futuras a Tornquist de autoridades Provinciales y Nacionales.<\/div>\n","protected":false},"excerpt":{"rendered":"<p>Se realiz\u00f3 virtualmente y participaron los ediles M\u00f3nica Sagredo, Laura Rosatelli, Roc\u00edo Vazquez, Hugo Rojas y Claudio Iribarren se trazaron los lineamientos para la continuaci\u00f3n del trabajo en el territorio siempre en el marco de la unidad del Frente pol\u00edtico que lidera nuestro Presidente Alberto Fern\u00e1ndez y Axel\u00a0Kiciloff\u00a0en la Provincia de Buenos Aires. Parte del [&hellip;]<\/p>\n","protected":false},"author":1,"featured_media":50982,"comment_status":"closed","ping_status":"open","sticky":false,"template":"","format":"standard","meta":{"footnotes":""},"categories":[51,52,53],"tags":[],"class_list":["post-50981","post","type-post","status-publish","format-standard","has-post-thumbnail","hentry","category-comunidad","category-destacadas","category-politica"],"yoast_head":"<!-- This site is optimized with the Yoast SEO plugin v19.7.1 - https:\/\/yoast.com\/wordpress\/plugins\/seo\/ -->\n<title>EL FRENTE DE TODOS MANTUVO UN ENCUENTRO VIRTUAL CON EL BLOQUE DE CONCEJALES - CELTTV<\/title>\n<meta name=\"description\" content=\"Sitio web de noticias de la localidad de Tornquist, provincia de Buenos Aires, Rep\u00fablica Argentina. Contenido propio originado por periodistas de CELTTV, el canal de TV local de la Cooperativa El\u00e9ctrica de Tornquist. Turismo, Pol\u00edtica, Sociedad, Deporte, Cultura y todo el contenido de inter\u00e9s general que la gente del pueblo y la regi\u00f3n debe conocer.\" \/>\n<meta name=\"robots\" content=\"index, follow, max-snippet:-1, max-image-preview:large, max-video-preview:-1\" \/>\n<link rel=\"canonical\" href=\"https:\/\/www.celttv.com.ar\/index.php\/2020\/08\/05\/el-frente-de-todos-mantuvo-un-encuentro-virtual-con-el-bloque-de-concejales\/\" \/>\n<meta property=\"og:locale\" content=\"es_ES\" \/>\n<meta property=\"og:type\" content=\"article\" \/>\n<meta property=\"og:title\" content=\"EL FRENTE DE TODOS MANTUVO UN ENCUENTRO VIRTUAL CON EL BLOQUE DE CONCEJALES - CELTTV\" \/>\n<meta property=\"og:description\" content=\"Sitio web de noticias de la localidad de Tornquist, provincia de Buenos Aires, Rep\u00fablica Argentina. Contenido propio originado por periodistas de CELTTV, el canal de TV local de la Cooperativa El\u00e9ctrica de Tornquist. Turismo, Pol\u00edtica, Sociedad, Deporte, Cultura y todo el contenido de inter\u00e9s general que la gente del pueblo y la regi\u00f3n debe conocer.\" \/>\n<meta property=\"og:url\" content=\"https:\/\/www.celttv.com.ar\/index.php\/2020\/08\/05\/el-frente-de-todos-mantuvo-un-encuentro-virtual-con-el-bloque-de-concejales\/\" \/>\n<meta property=\"og:site_name\" content=\"CELTTV\" \/>\n<meta property=\"article:publisher\" content=\"https:\/\/www.facebook.com\/celtTV\/\" \/>\n<meta property=\"article:published_time\" content=\"2020-08-05T00:02:41+00:00\" \/>\n<meta property=\"og:image\" content=\"https:\/\/www.celttv.com.ar\/wp-content\/uploads\/2020\/08\/reunion-frente.png\" \/>\n\t<meta property=\"og:image:width\" content=\"1366\" \/>\n\t<meta property=\"og:image:height\" content=\"669\" \/>\n\t<meta property=\"og:image:type\" content=\"image\/png\" \/>\n<meta name=\"author\" content=\"ulises\" \/>\n<meta name=\"twitter:card\" content=\"summary_large_image\" \/>\n<meta name=\"twitter:label1\" content=\"Escrito por\" \/>\n\t<meta name=\"twitter:data1\" content=\"ulises\" \/>\n\t<meta name=\"twitter:label2\" content=\"Tiempo de lectura\" \/>\n\t<meta name=\"twitter:data2\" content=\"1 minuto\" \/>\n<script type=\"application\/ld+json\" class=\"yoast-schema-graph\">{\"@context\":\"https:\/\/schema.org\",\"@graph\":[{\"@type\":\"NewsArticle\",\"@id\":\"https:\/\/www.celttv.com.ar\/index.php\/2020\/08\/05\/el-frente-de-todos-mantuvo-un-encuentro-virtual-con-el-bloque-de-concejales\/#article\",\"isPartOf\":{\"@id\":\"https:\/\/www.celttv.com.ar\/index.php\/2020\/08\/05\/el-frente-de-todos-mantuvo-un-encuentro-virtual-con-el-bloque-de-concejales\/\"},\"author\":{\"name\":\"ulises\",\"@id\":\"https:\/\/www.celttv.com.ar\/#\/schema\/person\/6d99c072dba59953809c81446e9d0ace\"},\"headline\":\"EL FRENTE DE TODOS MANTUVO UN ENCUENTRO VIRTUAL CON EL BLOQUE DE CONCEJALES\",\"datePublished\":\"2020-08-05T00:02:41+00:00\",\"dateModified\":\"2020-08-05T00:02:41+00:00\",\"mainEntityOfPage\":{\"@id\":\"https:\/\/www.celttv.com.ar\/index.php\/2020\/08\/05\/el-frente-de-todos-mantuvo-un-encuentro-virtual-con-el-bloque-de-concejales\/\"},\"wordCount\":268,\"publisher\":{\"@id\":\"https:\/\/www.celttv.com.ar\/#organization\"},\"articleSection\":[\"Comunidad\",\"Destacadas\",\"Pol\u00edtica\"],\"inLanguage\":\"es\"},{\"@type\":\"WebPage\",\"@id\":\"https:\/\/www.celttv.com.ar\/index.php\/2020\/08\/05\/el-frente-de-todos-mantuvo-un-encuentro-virtual-con-el-bloque-de-concejales\/\",\"url\":\"https:\/\/www.celttv.com.ar\/index.php\/2020\/08\/05\/el-frente-de-todos-mantuvo-un-encuentro-virtual-con-el-bloque-de-concejales\/\",\"name\":\"EL FRENTE DE TODOS MANTUVO UN ENCUENTRO VIRTUAL CON EL BLOQUE DE CONCEJALES - CELTTV\",\"isPartOf\":{\"@id\":\"https:\/\/www.celttv.com.ar\/#website\"},\"datePublished\":\"2020-08-05T00:02:41+00:00\",\"dateModified\":\"2020-08-05T00:02:41+00:00\",\"description\":\"Sitio web de noticias de la localidad de Tornquist, provincia de Buenos Aires, Rep\u00fablica Argentina. Contenido propio originado por periodistas de CELTTV, el canal de TV local de la Cooperativa El\u00e9ctrica de Tornquist. Turismo, Pol\u00edtica, Sociedad, Deporte, Cultura y todo el contenido de inter\u00e9s general que la gente del pueblo y la regi\u00f3n debe conocer.\",\"breadcrumb\":{\"@id\":\"https:\/\/www.celttv.com.ar\/index.php\/2020\/08\/05\/el-frente-de-todos-mantuvo-un-encuentro-virtual-con-el-bloque-de-concejales\/#breadcrumb\"},\"inLanguage\":\"es\",\"potentialAction\":[{\"@type\":\"ReadAction\",\"target\":[\"https:\/\/www.celttv.com.ar\/index.php\/2020\/08\/05\/el-frente-de-todos-mantuvo-un-encuentro-virtual-con-el-bloque-de-concejales\/\"]}]},{\"@type\":\"BreadcrumbList\",\"@id\":\"https:\/\/www.celttv.com.ar\/index.php\/2020\/08\/05\/el-frente-de-todos-mantuvo-un-encuentro-virtual-con-el-bloque-de-concejales\/#breadcrumb\",\"itemListElement\":[{\"@type\":\"ListItem\",\"position\":1,\"name\":\"Inicio\",\"item\":\"https:\/\/www.celttv.com.ar\/\"},{\"@type\":\"ListItem\",\"position\":2,\"name\":\"EL FRENTE DE TODOS MANTUVO UN ENCUENTRO VIRTUAL CON EL BLOQUE DE CONCEJALES\"}]},{\"@type\":\"WebSite\",\"@id\":\"https:\/\/www.celttv.com.ar\/#website\",\"url\":\"https:\/\/www.celttv.com.ar\/\",\"name\":\"CELTTV\",\"description\":\"Cooperativa El\u00e9ctrica de Tornquist\",\"publisher\":{\"@id\":\"https:\/\/www.celttv.com.ar\/#organization\"},\"potentialAction\":[{\"@type\":\"SearchAction\",\"target\":{\"@type\":\"EntryPoint\",\"urlTemplate\":\"https:\/\/www.celttv.com.ar\/?s={search_term_string}\"},\"query-input\":\"required name=search_term_string\"}],\"inLanguage\":\"es\"},{\"@type\":\"Organization\",\"@id\":\"https:\/\/www.celttv.com.ar\/#organization\",\"name\":\"CELTTV\",\"url\":\"https:\/\/www.celttv.com.ar\/\",\"sameAs\":[\"https:\/\/www.youtube.com\/channel\/UCz_oIt8Hig64Ub-EmcNPIhg\",\"https:\/\/www.facebook.com\/celtTV\/\"],\"logo\":{\"@type\":\"ImageObject\",\"inLanguage\":\"es\",\"@id\":\"https:\/\/www.celttv.com.ar\/#\/schema\/logo\/image\/\",\"url\":\"http:\/\/www.celttv.com.ar\/wp-content\/uploads\/2022\/08\/logo-1.png\",\"contentUrl\":\"http:\/\/www.celttv.com.ar\/wp-content\/uploads\/2022\/08\/logo-1.png\",\"width\":461,\"height\":159,\"caption\":\"CELTTV\"},\"image\":{\"@id\":\"https:\/\/www.celttv.com.ar\/#\/schema\/logo\/image\/\"}},{\"@type\":\"Person\",\"@id\":\"https:\/\/www.celttv.com.ar\/#\/schema\/person\/6d99c072dba59953809c81446e9d0ace\",\"name\":\"ulises\",\"image\":{\"@type\":\"ImageObject\",\"inLanguage\":\"es\",\"@id\":\"https:\/\/www.celttv.com.ar\/#\/schema\/person\/image\/\",\"url\":\"https:\/\/secure.gravatar.com\/avatar\/7f2c48bdc33b30088f941fb6082e555f2874c98e20cb159d7b92b50eadfce793?s=96&d=mm&r=g\",\"contentUrl\":\"https:\/\/secure.gravatar.com\/avatar\/7f2c48bdc33b30088f941fb6082e555f2874c98e20cb159d7b92b50eadfce793?s=96&d=mm&r=g\",\"caption\":\"ulises\"},\"sameAs\":[\"http:\/\/www.celttv.com.ar\"]}]}<\/script>\n<!-- \/ Yoast SEO plugin. -->","yoast_head_json":{"title":"EL FRENTE DE TODOS MANTUVO UN ENCUENTRO VIRTUAL CON EL BLOQUE DE CONCEJALES - CELTTV","description":"Sitio web de noticias de la localidad de Tornquist, provincia de Buenos Aires, Rep\u00fablica Argentina. Contenido propio originado por periodistas de CELTTV, el canal de TV local de la Cooperativa El\u00e9ctrica de Tornquist. Turismo, Pol\u00edtica, Sociedad, Deporte, Cultura y todo el contenido de inter\u00e9s general que la gente del pueblo y la regi\u00f3n debe conocer.","robots":{"index":"index","follow":"follow","max-snippet":"max-snippet:-1","max-image-preview":"max-image-preview:large","max-video-preview":"max-video-preview:-1"},"canonical":"https:\/\/www.celttv.com.ar\/index.php\/2020\/08\/05\/el-frente-de-todos-mantuvo-un-encuentro-virtual-con-el-bloque-de-concejales\/","og_locale":"es_ES","og_type":"article","og_title":"EL FRENTE DE TODOS MANTUVO UN ENCUENTRO VIRTUAL CON EL BLOQUE DE CONCEJALES - CELTTV","og_description":"Sitio web de noticias de la localidad de Tornquist, provincia de Buenos Aires, Rep\u00fablica Argentina. Contenido propio originado por periodistas de CELTTV, el canal de TV local de la Cooperativa El\u00e9ctrica de Tornquist. Turismo, Pol\u00edtica, Sociedad, Deporte, Cultura y todo el contenido de inter\u00e9s general que la gente del pueblo y la regi\u00f3n debe conocer.","og_url":"https:\/\/www.celttv.com.ar\/index.php\/2020\/08\/05\/el-frente-de-todos-mantuvo-un-encuentro-virtual-con-el-bloque-de-concejales\/","og_site_name":"CELTTV","article_publisher":"https:\/\/www.facebook.com\/celtTV\/","article_published_time":"2020-08-05T00:02:41+00:00","og_image":[{"width":1366,"height":669,"url":"https:\/\/www.celttv.com.ar\/wp-content\/uploads\/2020\/08\/reunion-frente.png","type":"image\/png"}],"author":"ulises","twitter_card":"summary_large_image","twitter_misc":{"Escrito por":"ulises","Tiempo de lectura":"1 minuto"},"schema":{"@context":"https:\/\/schema.org","@graph":[{"@type":"NewsArticle","@id":"https:\/\/www.celttv.com.ar\/index.php\/2020\/08\/05\/el-frente-de-todos-mantuvo-un-encuentro-virtual-con-el-bloque-de-concejales\/#article","isPartOf":{"@id":"https:\/\/www.celttv.com.ar\/index.php\/2020\/08\/05\/el-frente-de-todos-mantuvo-un-encuentro-virtual-con-el-bloque-de-concejales\/"},"author":{"name":"ulises","@id":"https:\/\/www.celttv.com.ar\/#\/schema\/person\/6d99c072dba59953809c81446e9d0ace"},"headline":"EL FRENTE DE TODOS MANTUVO UN ENCUENTRO VIRTUAL CON EL BLOQUE DE CONCEJALES","datePublished":"2020-08-05T00:02:41+00:00","dateModified":"2020-08-05T00:02:41+00:00","mainEntityOfPage":{"@id":"https:\/\/www.celttv.com.ar\/index.php\/2020\/08\/05\/el-frente-de-todos-mantuvo-un-encuentro-virtual-con-el-bloque-de-concejales\/"},"wordCount":268,"publisher":{"@id":"https:\/\/www.celttv.com.ar\/#organization"},"articleSection":["Comunidad","Destacadas","Pol\u00edtica"],"inLanguage":"es"},{"@type":"WebPage","@id":"https:\/\/www.celttv.com.ar\/index.php\/2020\/08\/05\/el-frente-de-todos-mantuvo-un-encuentro-virtual-con-el-bloque-de-concejales\/","url":"https:\/\/www.celttv.com.ar\/index.php\/2020\/08\/05\/el-frente-de-todos-mantuvo-un-encuentro-virtual-con-el-bloque-de-concejales\/","name":"EL FRENTE DE TODOS MANTUVO UN ENCUENTRO VIRTUAL CON EL BLOQUE DE CONCEJALES - CELTTV","isPartOf":{"@id":"https:\/\/www.celttv.com.ar\/#website"},"datePublished":"2020-08-05T00:02:41+00:00","dateModified":"2020-08-05T00:02:41+00:00","description":"Sitio web de noticias de la localidad de Tornquist, provincia de Buenos Aires, Rep\u00fablica Argentina. Contenido propio originado por periodistas de CELTTV, el canal de TV local de la Cooperativa El\u00e9ctrica de Tornquist. Turismo, Pol\u00edtica, Sociedad, Deporte, Cultura y todo el contenido de inter\u00e9s general que la gente del pueblo y la regi\u00f3n debe conocer.","breadcrumb":{"@id":"https:\/\/www.celttv.com.ar\/index.php\/2020\/08\/05\/el-frente-de-todos-mantuvo-un-encuentro-virtual-con-el-bloque-de-concejales\/#breadcrumb"},"inLanguage":"es","potentialAction":[{"@type":"ReadAction","target":["https:\/\/www.celttv.com.ar\/index.php\/2020\/08\/05\/el-frente-de-todos-mantuvo-un-encuentro-virtual-con-el-bloque-de-concejales\/"]}]},{"@type":"BreadcrumbList","@id":"https:\/\/www.celttv.com.ar\/index.php\/2020\/08\/05\/el-frente-de-todos-mantuvo-un-encuentro-virtual-con-el-bloque-de-concejales\/#breadcrumb","itemListElement":[{"@type":"ListItem","position":1,"name":"Inicio","item":"https:\/\/www.celttv.com.ar\/"},{"@type":"ListItem","position":2,"name":"EL FRENTE DE TODOS MANTUVO UN ENCUENTRO VIRTUAL CON EL BLOQUE DE CONCEJALES"}]},{"@type":"WebSite","@id":"https:\/\/www.celttv.com.ar\/#website","url":"https:\/\/www.celttv.com.ar\/","name":"CELTTV","description":"Cooperativa El\u00e9ctrica de Tornquist","publisher":{"@id":"https:\/\/www.celttv.com.ar\/#organization"},"potentialAction":[{"@type":"SearchAction","target":{"@type":"EntryPoint","urlTemplate":"https:\/\/www.celttv.com.ar\/?s={search_term_string}"},"query-input":"required name=search_term_string"}],"inLanguage":"es"},{"@type":"Organization","@id":"https:\/\/www.celttv.com.ar\/#organization","name":"CELTTV","url":"https:\/\/www.celttv.com.ar\/","sameAs":["https:\/\/www.youtube.com\/channel\/UCz_oIt8Hig64Ub-EmcNPIhg","https:\/\/www.facebook.com\/celtTV\/"],"logo":{"@type":"ImageObject","inLanguage":"es","@id":"https:\/\/www.celttv.com.ar\/#\/schema\/logo\/image\/","url":"http:\/\/www.celttv.com.ar\/wp-content\/uploads\/2022\/08\/logo-1.png","contentUrl":"http:\/\/www.celttv.com.ar\/wp-content\/uploads\/2022\/08\/logo-1.png","width":461,"height":159,"caption":"CELTTV"},"image":{"@id":"https:\/\/www.celttv.com.ar\/#\/schema\/logo\/image\/"}},{"@type":"Person","@id":"https:\/\/www.celttv.com.ar\/#\/schema\/person\/6d99c072dba59953809c81446e9d0ace","name":"ulises","image":{"@type":"ImageObject","inLanguage":"es","@id":"https:\/\/www.celttv.com.ar\/#\/schema\/person\/image\/","url":"https:\/\/secure.gravatar.com\/avatar\/7f2c48bdc33b30088f941fb6082e555f2874c98e20cb159d7b92b50eadfce793?s=96&d=mm&r=g","contentUrl":"https:\/\/secure.gravatar.com\/avatar\/7f2c48bdc33b30088f941fb6082e555f2874c98e20cb159d7b92b50eadfce793?s=96&d=mm&r=g","caption":"ulises"},"sameAs":["http:\/\/www.celttv.com.ar"]}]}},"_links":{"self":[{"href":"https:\/\/www.celttv.com.ar\/index.php\/wp-json\/wp\/v2\/posts\/50981","targetHints":{"allow":["GET"]}}],"collection":[{"href":"https:\/\/www.celttv.com.ar\/index.php\/wp-json\/wp\/v2\/posts"}],"about":[{"href":"https:\/\/www.celttv.com.ar\/index.php\/wp-json\/wp\/v2\/types\/post"}],"author":[{"embeddable":true,"href":"https:\/\/www.celttv.com.ar\/index.php\/wp-json\/wp\/v2\/users\/1"}],"replies":[{"embeddable":true,"href":"https:\/\/www.celttv.com.ar\/index.php\/wp-json\/wp\/v2\/comments?post=50981"}],"version-history":[{"count":0,"href":"https:\/\/www.celttv.com.ar\/index.php\/wp-json\/wp\/v2\/posts\/50981\/revisions"}],"wp:featuredmedia":[{"embeddable":true,"href":"https:\/\/www.celttv.com.ar\/index.php\/wp-json\/wp\/v2\/media\/50982"}],"wp:attachment":[{"href":"https:\/\/www.celttv.com.ar\/index.php\/wp-json\/wp\/v2\/media?parent=50981"}],"wp:term":[{"taxonomy":"category","embeddable":true,"href":"https:\/\/www.celttv.com.ar\/index.php\/wp-json\/wp\/v2\/categories?post=50981"},{"taxonomy":"post_tag","embeddable":true,"href":"https:\/\/www.celttv.com.ar\/index.php\/wp-json\/wp\/v2\/tags?post=50981"}],"curies":[{"name":"wp","href":"https:\/\/api.w.org\/{rel}","templated":true}]}}