{"id":5124,"date":"2012-02-28T23:03:58","date_gmt":"2012-02-28T23:03:58","guid":{"rendered":"http:\/\/www.tvcnoticias.com.ar\/?p=5124"},"modified":"2012-02-28T23:03:58","modified_gmt":"2012-02-28T23:03:58","slug":"mejoras-para-la-distribucion-y-almacenamiento-de-agua-en-sierra-de-la-ventana","status":"publish","type":"post","link":"https:\/\/www.celttv.com.ar\/index.php\/2012\/02\/28\/mejoras-para-la-distribucion-y-almacenamiento-de-agua-en-sierra-de-la-ventana\/","title":{"rendered":"MEJORAS PARA LA DISTRIBUCION Y ALMACENAMIENTO DE AGUA EN SIERRA DE LA VENTANA"},"content":{"rendered":"<p><br \/>\nLas obras para mejorar la distribuci\u00f3n y el almacenamiento de agua en Sierra de la Ventana contin\u00faan su marcha. En la jornada de la v\u00edspera se realiz\u00f3 el hormigonado de la parte superior de la cisterna involucrada dentro de la construcci\u00f3n que se est\u00e1 llevando a cabo en el barrio el\u00a0 Mirador\u00a0 de la localidad.<br \/>\n\u00a0\u00a0 \u201cEste es un plan de mejora del servicio de agua potable de Sierra, que incluye distintas etapas. Una de ellas est\u00e1 pr\u00e1cticamente concluida y tiene que ver con la realizaci\u00f3n de toda la red y conexiones domiciliarias del barrio Valle Hermoso, que incluye m\u00e1s de 2.800 metros de red de agua, con ca\u00f1os de PVC aprobados por las normas IRAM, que asegura calidad y durabilidad en el tiempo. Otra parte tiene que ver con la instalaci\u00f3n de v\u00e1lvulas reguladoras de presi\u00f3n, debido a que Sierra tiene muchos desniveles y se debe compensar\u201d, mencion\u00f3 el intendente municipal, licenciado Gustavo Trankels.<br \/>\n\u00a0\u00a0 \u201cLa otra etapa tiene que ver con la cisterna, que tiene 500 mil litros, que pr\u00e1cticamente duplica la capacidad que tiene Sierra de la Ventana, que actualmente es de 600 mil litros. Esto, sumado a la incorporaci\u00f3n de dos nuevas perforaciones, permitir\u00e1 que podamos asegurar en cantidad y calidad el servicio actual y prever futuras inversiones que est\u00e1n viniendo de la mano de muchos privados\u201d, a\u00f1adi\u00f3.<br \/>\n\u00a0\u00a0 El jefe comunal consign\u00f3 la importancia que tendr\u00e1 la obra y los beneficios que generar\u00e1 en todo el sistema.<br \/>\n\u00a0\u00a0 \u201cA partir de esta obra podremos realizar el mantenimiento sin tener que afectar al servicio. Tendremos la posibilidad de realizar mejoras en las viejas cisternas. Ser\u00e1 un gran avance para Sierra de la Ventana y es el mismo tipo de tarea que venimos realizando en cada una de las localidades donde el servicio depende del municipio, como el caso de Villa Ventana, y la construcci\u00f3n que pronto arrancaremos en Tornquist\u201d, se\u00f1al\u00f3 Trankels.<br \/>\n\u00a0\u00a0 \u201cCon las dos nuevas perforaciones que se encuentran vinculadas al sistema, esta reserva y la mejora de la red, estaremos a la altura de otro tipo de consumo, que seguramente vendr\u00e1 en el futuro\u201d, consider\u00f3.<br \/>\n\u00a0\u00a0 Adem\u00e1s del titular distrital, quien mantuvo un extenso dialog\u00f3 con el jefe de la obra, ingeniero Rafael Salguero, estuvieron presentes la secretaria de Obras y Servicios P\u00fablicos, arquitecta Anabela Madue\u00f1a; el subsecretario de la misma cartera, Christian Trankels; y el delegado de Sierra de la Ventana, Daniel Lagos.<br \/>\n\u00a0\u00a0 La obra que lleva a cabo la Municipalidad de Tornquist es posible gracias al aporte de recursos por parte del Gobierno Nacional, por intermedio del Ente Nacional de Obras H\u00eddricas de Saneamiento (Enhosa), la Provincia de Buenos Aires y la propia comuna.<br \/>\nPrensa Municipalidad de Tornquist (<a href=\"mailto:prensa@tornquist.gov.ar\">prensa@tornquist.gov.ar<\/a>)<br \/>\nTwitter: @prensatornquist<br \/>\n<a href=\"http:\/\/www.tornquist.gov.ar\/\">www.tornquist.gov.ar<\/a><\/p>\n","protected":false},"excerpt":{"rendered":"<p>Las obras para mejorar la distribuci\u00f3n y el almacenamiento de agua en Sierra de la Ventana contin\u00faan su marcha. En la jornada de la v\u00edspera se realiz\u00f3 el hormigonado de la parte superior de la cisterna involucrada dentro de la construcci\u00f3n que se est\u00e1 llevando a cabo en el barrio el\u00a0 Mirador\u00a0 de la localidad. [&hellip;]<\/p>\n","protected":false},"author":1,"featured_media":0,"comment_status":"closed","ping_status":"open","sticky":false,"template":"","format":"standard","meta":{"footnotes":""},"categories":[51,52,53],"tags":[],"class_list":["post-5124","post","type-post","status-publish","format-standard","hentry","category-comunidad","category-destacadas","category-politica"],"yoast_head":"<!-- This site is optimized with the Yoast SEO plugin v19.7.1 - https:\/\/yoast.com\/wordpress\/plugins\/seo\/ -->\n<title>MEJORAS PARA LA DISTRIBUCION Y ALMACENAMIENTO DE AGUA EN SIERRA DE LA VENTANA - CELTTV<\/title>\n<meta name=\"description\" content=\"Sitio web de noticias de la localidad de Tornquist, provincia de Buenos Aires, Rep\u00fablica Argentina. Contenido propio originado por periodistas de CELTTV, el canal de TV local de la Cooperativa El\u00e9ctrica de Tornquist. Turismo, Pol\u00edtica, Sociedad, Deporte, Cultura y todo el contenido de inter\u00e9s general que la gente del pueblo y la regi\u00f3n debe conocer.\" \/>\n<meta name=\"robots\" content=\"index, follow, max-snippet:-1, max-image-preview:large, max-video-preview:-1\" \/>\n<link rel=\"canonical\" href=\"https:\/\/www.celttv.com.ar\/index.php\/2012\/02\/28\/mejoras-para-la-distribucion-y-almacenamiento-de-agua-en-sierra-de-la-ventana\/\" \/>\n<meta property=\"og:locale\" content=\"es_ES\" \/>\n<meta property=\"og:type\" content=\"article\" \/>\n<meta property=\"og:title\" content=\"MEJORAS PARA LA DISTRIBUCION Y ALMACENAMIENTO DE AGUA EN SIERRA DE LA VENTANA - CELTTV\" \/>\n<meta property=\"og:description\" content=\"Sitio web de noticias de la localidad de Tornquist, provincia de Buenos Aires, Rep\u00fablica Argentina. Contenido propio originado por periodistas de CELTTV, el canal de TV local de la Cooperativa El\u00e9ctrica de Tornquist. Turismo, Pol\u00edtica, Sociedad, Deporte, Cultura y todo el contenido de inter\u00e9s general que la gente del pueblo y la regi\u00f3n debe conocer.\" \/>\n<meta property=\"og:url\" content=\"https:\/\/www.celttv.com.ar\/index.php\/2012\/02\/28\/mejoras-para-la-distribucion-y-almacenamiento-de-agua-en-sierra-de-la-ventana\/\" \/>\n<meta property=\"og:site_name\" content=\"CELTTV\" \/>\n<meta property=\"article:publisher\" content=\"https:\/\/www.facebook.com\/celtTV\/\" \/>\n<meta property=\"article:published_time\" content=\"2012-02-28T23:03:58+00:00\" \/>\n<meta name=\"author\" content=\"ulises\" \/>\n<meta name=\"twitter:card\" content=\"summary_large_image\" \/>\n<meta name=\"twitter:label1\" content=\"Escrito por\" \/>\n\t<meta name=\"twitter:data1\" content=\"ulises\" \/>\n\t<meta name=\"twitter:label2\" content=\"Tiempo de lectura\" \/>\n\t<meta name=\"twitter:data2\" content=\"2 minutos\" \/>\n<script type=\"application\/ld+json\" class=\"yoast-schema-graph\">{\"@context\":\"https:\/\/schema.org\",\"@graph\":[{\"@type\":\"NewsArticle\",\"@id\":\"https:\/\/www.celttv.com.ar\/index.php\/2012\/02\/28\/mejoras-para-la-distribucion-y-almacenamiento-de-agua-en-sierra-de-la-ventana\/#article\",\"isPartOf\":{\"@id\":\"https:\/\/www.celttv.com.ar\/index.php\/2012\/02\/28\/mejoras-para-la-distribucion-y-almacenamiento-de-agua-en-sierra-de-la-ventana\/\"},\"author\":{\"name\":\"ulises\",\"@id\":\"https:\/\/www.celttv.com.ar\/#\/schema\/person\/6d99c072dba59953809c81446e9d0ace\"},\"headline\":\"MEJORAS PARA LA DISTRIBUCION Y ALMACENAMIENTO DE AGUA EN SIERRA DE LA VENTANA\",\"datePublished\":\"2012-02-28T23:03:58+00:00\",\"dateModified\":\"2012-02-28T23:03:58+00:00\",\"mainEntityOfPage\":{\"@id\":\"https:\/\/www.celttv.com.ar\/index.php\/2012\/02\/28\/mejoras-para-la-distribucion-y-almacenamiento-de-agua-en-sierra-de-la-ventana\/\"},\"wordCount\":485,\"publisher\":{\"@id\":\"https:\/\/www.celttv.com.ar\/#organization\"},\"articleSection\":[\"Comunidad\",\"Destacadas\",\"Pol\u00edtica\"],\"inLanguage\":\"es\"},{\"@type\":\"WebPage\",\"@id\":\"https:\/\/www.celttv.com.ar\/index.php\/2012\/02\/28\/mejoras-para-la-distribucion-y-almacenamiento-de-agua-en-sierra-de-la-ventana\/\",\"url\":\"https:\/\/www.celttv.com.ar\/index.php\/2012\/02\/28\/mejoras-para-la-distribucion-y-almacenamiento-de-agua-en-sierra-de-la-ventana\/\",\"name\":\"MEJORAS PARA LA DISTRIBUCION Y ALMACENAMIENTO DE AGUA EN SIERRA DE LA VENTANA - CELTTV\",\"isPartOf\":{\"@id\":\"https:\/\/www.celttv.com.ar\/#website\"},\"datePublished\":\"2012-02-28T23:03:58+00:00\",\"dateModified\":\"2012-02-28T23:03:58+00:00\",\"description\":\"Sitio web de noticias de la localidad de Tornquist, provincia de Buenos Aires, Rep\u00fablica Argentina. Contenido propio originado por periodistas de CELTTV, el canal de TV local de la Cooperativa El\u00e9ctrica de Tornquist. Turismo, Pol\u00edtica, Sociedad, Deporte, Cultura y todo el contenido de inter\u00e9s general que la gente del pueblo y la regi\u00f3n debe conocer.\",\"breadcrumb\":{\"@id\":\"https:\/\/www.celttv.com.ar\/index.php\/2012\/02\/28\/mejoras-para-la-distribucion-y-almacenamiento-de-agua-en-sierra-de-la-ventana\/#breadcrumb\"},\"inLanguage\":\"es\",\"potentialAction\":[{\"@type\":\"ReadAction\",\"target\":[\"https:\/\/www.celttv.com.ar\/index.php\/2012\/02\/28\/mejoras-para-la-distribucion-y-almacenamiento-de-agua-en-sierra-de-la-ventana\/\"]}]},{\"@type\":\"BreadcrumbList\",\"@id\":\"https:\/\/www.celttv.com.ar\/index.php\/2012\/02\/28\/mejoras-para-la-distribucion-y-almacenamiento-de-agua-en-sierra-de-la-ventana\/#breadcrumb\",\"itemListElement\":[{\"@type\":\"ListItem\",\"position\":1,\"name\":\"Inicio\",\"item\":\"https:\/\/www.celttv.com.ar\/\"},{\"@type\":\"ListItem\",\"position\":2,\"name\":\"MEJORAS PARA LA DISTRIBUCION Y ALMACENAMIENTO DE AGUA EN SIERRA DE LA VENTANA\"}]},{\"@type\":\"WebSite\",\"@id\":\"https:\/\/www.celttv.com.ar\/#website\",\"url\":\"https:\/\/www.celttv.com.ar\/\",\"name\":\"CELTTV\",\"description\":\"Cooperativa El\u00e9ctrica de Tornquist\",\"publisher\":{\"@id\":\"https:\/\/www.celttv.com.ar\/#organization\"},\"potentialAction\":[{\"@type\":\"SearchAction\",\"target\":{\"@type\":\"EntryPoint\",\"urlTemplate\":\"https:\/\/www.celttv.com.ar\/?s={search_term_string}\"},\"query-input\":\"required name=search_term_string\"}],\"inLanguage\":\"es\"},{\"@type\":\"Organization\",\"@id\":\"https:\/\/www.celttv.com.ar\/#organization\",\"name\":\"CELTTV\",\"url\":\"https:\/\/www.celttv.com.ar\/\",\"sameAs\":[\"https:\/\/www.youtube.com\/channel\/UCz_oIt8Hig64Ub-EmcNPIhg\",\"https:\/\/www.facebook.com\/celtTV\/\"],\"logo\":{\"@type\":\"ImageObject\",\"inLanguage\":\"es\",\"@id\":\"https:\/\/www.celttv.com.ar\/#\/schema\/logo\/image\/\",\"url\":\"http:\/\/www.celttv.com.ar\/wp-content\/uploads\/2022\/08\/logo-1.png\",\"contentUrl\":\"http:\/\/www.celttv.com.ar\/wp-content\/uploads\/2022\/08\/logo-1.png\",\"width\":461,\"height\":159,\"caption\":\"CELTTV\"},\"image\":{\"@id\":\"https:\/\/www.celttv.com.ar\/#\/schema\/logo\/image\/\"}},{\"@type\":\"Person\",\"@id\":\"https:\/\/www.celttv.com.ar\/#\/schema\/person\/6d99c072dba59953809c81446e9d0ace\",\"name\":\"ulises\",\"image\":{\"@type\":\"ImageObject\",\"inLanguage\":\"es\",\"@id\":\"https:\/\/www.celttv.com.ar\/#\/schema\/person\/image\/\",\"url\":\"https:\/\/secure.gravatar.com\/avatar\/7f2c48bdc33b30088f941fb6082e555f2874c98e20cb159d7b92b50eadfce793?s=96&d=mm&r=g\",\"contentUrl\":\"https:\/\/secure.gravatar.com\/avatar\/7f2c48bdc33b30088f941fb6082e555f2874c98e20cb159d7b92b50eadfce793?s=96&d=mm&r=g\",\"caption\":\"ulises\"},\"sameAs\":[\"http:\/\/www.celttv.com.ar\"]}]}<\/script>\n<!-- \/ Yoast SEO plugin. -->","yoast_head_json":{"title":"MEJORAS PARA LA DISTRIBUCION Y ALMACENAMIENTO DE AGUA EN SIERRA DE LA VENTANA - CELTTV","description":"Sitio web de noticias de la localidad de Tornquist, provincia de Buenos Aires, Rep\u00fablica Argentina. Contenido propio originado por periodistas de CELTTV, el canal de TV local de la Cooperativa El\u00e9ctrica de Tornquist. Turismo, Pol\u00edtica, Sociedad, Deporte, Cultura y todo el contenido de inter\u00e9s general que la gente del pueblo y la regi\u00f3n debe conocer.","robots":{"index":"index","follow":"follow","max-snippet":"max-snippet:-1","max-image-preview":"max-image-preview:large","max-video-preview":"max-video-preview:-1"},"canonical":"https:\/\/www.celttv.com.ar\/index.php\/2012\/02\/28\/mejoras-para-la-distribucion-y-almacenamiento-de-agua-en-sierra-de-la-ventana\/","og_locale":"es_ES","og_type":"article","og_title":"MEJORAS PARA LA DISTRIBUCION Y ALMACENAMIENTO DE AGUA EN SIERRA DE LA VENTANA - CELTTV","og_description":"Sitio web de noticias de la localidad de Tornquist, provincia de Buenos Aires, Rep\u00fablica Argentina. Contenido propio originado por periodistas de CELTTV, el canal de TV local de la Cooperativa El\u00e9ctrica de Tornquist. Turismo, Pol\u00edtica, Sociedad, Deporte, Cultura y todo el contenido de inter\u00e9s general que la gente del pueblo y la regi\u00f3n debe conocer.","og_url":"https:\/\/www.celttv.com.ar\/index.php\/2012\/02\/28\/mejoras-para-la-distribucion-y-almacenamiento-de-agua-en-sierra-de-la-ventana\/","og_site_name":"CELTTV","article_publisher":"https:\/\/www.facebook.com\/celtTV\/","article_published_time":"2012-02-28T23:03:58+00:00","author":"ulises","twitter_card":"summary_large_image","twitter_misc":{"Escrito por":"ulises","Tiempo de lectura":"2 minutos"},"schema":{"@context":"https:\/\/schema.org","@graph":[{"@type":"NewsArticle","@id":"https:\/\/www.celttv.com.ar\/index.php\/2012\/02\/28\/mejoras-para-la-distribucion-y-almacenamiento-de-agua-en-sierra-de-la-ventana\/#article","isPartOf":{"@id":"https:\/\/www.celttv.com.ar\/index.php\/2012\/02\/28\/mejoras-para-la-distribucion-y-almacenamiento-de-agua-en-sierra-de-la-ventana\/"},"author":{"name":"ulises","@id":"https:\/\/www.celttv.com.ar\/#\/schema\/person\/6d99c072dba59953809c81446e9d0ace"},"headline":"MEJORAS PARA LA DISTRIBUCION Y ALMACENAMIENTO DE AGUA EN SIERRA DE LA VENTANA","datePublished":"2012-02-28T23:03:58+00:00","dateModified":"2012-02-28T23:03:58+00:00","mainEntityOfPage":{"@id":"https:\/\/www.celttv.com.ar\/index.php\/2012\/02\/28\/mejoras-para-la-distribucion-y-almacenamiento-de-agua-en-sierra-de-la-ventana\/"},"wordCount":485,"publisher":{"@id":"https:\/\/www.celttv.com.ar\/#organization"},"articleSection":["Comunidad","Destacadas","Pol\u00edtica"],"inLanguage":"es"},{"@type":"WebPage","@id":"https:\/\/www.celttv.com.ar\/index.php\/2012\/02\/28\/mejoras-para-la-distribucion-y-almacenamiento-de-agua-en-sierra-de-la-ventana\/","url":"https:\/\/www.celttv.com.ar\/index.php\/2012\/02\/28\/mejoras-para-la-distribucion-y-almacenamiento-de-agua-en-sierra-de-la-ventana\/","name":"MEJORAS PARA LA DISTRIBUCION Y ALMACENAMIENTO DE AGUA EN SIERRA DE LA VENTANA - CELTTV","isPartOf":{"@id":"https:\/\/www.celttv.com.ar\/#website"},"datePublished":"2012-02-28T23:03:58+00:00","dateModified":"2012-02-28T23:03:58+00:00","description":"Sitio web de noticias de la localidad de Tornquist, provincia de Buenos Aires, Rep\u00fablica Argentina. Contenido propio originado por periodistas de CELTTV, el canal de TV local de la Cooperativa El\u00e9ctrica de Tornquist. Turismo, Pol\u00edtica, Sociedad, Deporte, Cultura y todo el contenido de inter\u00e9s general que la gente del pueblo y la regi\u00f3n debe conocer.","breadcrumb":{"@id":"https:\/\/www.celttv.com.ar\/index.php\/2012\/02\/28\/mejoras-para-la-distribucion-y-almacenamiento-de-agua-en-sierra-de-la-ventana\/#breadcrumb"},"inLanguage":"es","potentialAction":[{"@type":"ReadAction","target":["https:\/\/www.celttv.com.ar\/index.php\/2012\/02\/28\/mejoras-para-la-distribucion-y-almacenamiento-de-agua-en-sierra-de-la-ventana\/"]}]},{"@type":"BreadcrumbList","@id":"https:\/\/www.celttv.com.ar\/index.php\/2012\/02\/28\/mejoras-para-la-distribucion-y-almacenamiento-de-agua-en-sierra-de-la-ventana\/#breadcrumb","itemListElement":[{"@type":"ListItem","position":1,"name":"Inicio","item":"https:\/\/www.celttv.com.ar\/"},{"@type":"ListItem","position":2,"name":"MEJORAS PARA LA DISTRIBUCION Y ALMACENAMIENTO DE AGUA EN SIERRA DE LA VENTANA"}]},{"@type":"WebSite","@id":"https:\/\/www.celttv.com.ar\/#website","url":"https:\/\/www.celttv.com.ar\/","name":"CELTTV","description":"Cooperativa El\u00e9ctrica de Tornquist","publisher":{"@id":"https:\/\/www.celttv.com.ar\/#organization"},"potentialAction":[{"@type":"SearchAction","target":{"@type":"EntryPoint","urlTemplate":"https:\/\/www.celttv.com.ar\/?s={search_term_string}"},"query-input":"required name=search_term_string"}],"inLanguage":"es"},{"@type":"Organization","@id":"https:\/\/www.celttv.com.ar\/#organization","name":"CELTTV","url":"https:\/\/www.celttv.com.ar\/","sameAs":["https:\/\/www.youtube.com\/channel\/UCz_oIt8Hig64Ub-EmcNPIhg","https:\/\/www.facebook.com\/celtTV\/"],"logo":{"@type":"ImageObject","inLanguage":"es","@id":"https:\/\/www.celttv.com.ar\/#\/schema\/logo\/image\/","url":"http:\/\/www.celttv.com.ar\/wp-content\/uploads\/2022\/08\/logo-1.png","contentUrl":"http:\/\/www.celttv.com.ar\/wp-content\/uploads\/2022\/08\/logo-1.png","width":461,"height":159,"caption":"CELTTV"},"image":{"@id":"https:\/\/www.celttv.com.ar\/#\/schema\/logo\/image\/"}},{"@type":"Person","@id":"https:\/\/www.celttv.com.ar\/#\/schema\/person\/6d99c072dba59953809c81446e9d0ace","name":"ulises","image":{"@type":"ImageObject","inLanguage":"es","@id":"https:\/\/www.celttv.com.ar\/#\/schema\/person\/image\/","url":"https:\/\/secure.gravatar.com\/avatar\/7f2c48bdc33b30088f941fb6082e555f2874c98e20cb159d7b92b50eadfce793?s=96&d=mm&r=g","contentUrl":"https:\/\/secure.gravatar.com\/avatar\/7f2c48bdc33b30088f941fb6082e555f2874c98e20cb159d7b92b50eadfce793?s=96&d=mm&r=g","caption":"ulises"},"sameAs":["http:\/\/www.celttv.com.ar"]}]}},"_links":{"self":[{"href":"https:\/\/www.celttv.com.ar\/index.php\/wp-json\/wp\/v2\/posts\/5124","targetHints":{"allow":["GET"]}}],"collection":[{"href":"https:\/\/www.celttv.com.ar\/index.php\/wp-json\/wp\/v2\/posts"}],"about":[{"href":"https:\/\/www.celttv.com.ar\/index.php\/wp-json\/wp\/v2\/types\/post"}],"author":[{"embeddable":true,"href":"https:\/\/www.celttv.com.ar\/index.php\/wp-json\/wp\/v2\/users\/1"}],"replies":[{"embeddable":true,"href":"https:\/\/www.celttv.com.ar\/index.php\/wp-json\/wp\/v2\/comments?post=5124"}],"version-history":[{"count":0,"href":"https:\/\/www.celttv.com.ar\/index.php\/wp-json\/wp\/v2\/posts\/5124\/revisions"}],"wp:attachment":[{"href":"https:\/\/www.celttv.com.ar\/index.php\/wp-json\/wp\/v2\/media?parent=5124"}],"wp:term":[{"taxonomy":"category","embeddable":true,"href":"https:\/\/www.celttv.com.ar\/index.php\/wp-json\/wp\/v2\/categories?post=5124"},{"taxonomy":"post_tag","embeddable":true,"href":"https:\/\/www.celttv.com.ar\/index.php\/wp-json\/wp\/v2\/tags?post=5124"}],"curies":[{"name":"wp","href":"https:\/\/api.w.org\/{rel}","templated":true}]}}