{"id":51822,"date":"2020-09-04T00:09:56","date_gmt":"2020-09-04T00:09:56","guid":{"rendered":"http:\/\/www.celttv.com.ar\/?p=51822"},"modified":"2020-09-04T00:09:56","modified_gmt":"2020-09-04T00:09:56","slug":"jubilados-y-pensionados-no-tendran-que-realizar-el-tramite-de-fe-de-vida","status":"publish","type":"post","link":"https:\/\/www.celttv.com.ar\/index.php\/2020\/09\/04\/jubilados-y-pensionados-no-tendran-que-realizar-el-tramite-de-fe-de-vida\/","title":{"rendered":"JUBILADOS Y PENSIONADOS NO TENDR\u00c1N QUE REALIZAR EL TR\u00c1MITE DE FE DE VIDA"},"content":{"rendered":"<p style=\"font-weight: 400;\"><strong><em>Certificado Digital de Hechos Vitales<\/em><\/strong><\/p>\n<p style=\"font-weight: 400;\"><strong>JUBILADOS Y PENSIONADOS NO TENDR\u00c1N QUE REALIZAR EL TR\u00c1MITE DE FE DE VIDA<\/strong><\/p>\n<p style=\"font-weight: 400;\">El Gobierno Nacional puso en marcha la plataforma federal del\u00a0<strong><em>Certificado Digital de Hechos Vitales (CDHV)<\/em><\/strong>\u00a0que permitir\u00e1, entre otros beneficios, que\u00a0<strong>7 millones de jubiladas y jubilados no deban movilizarse m\u00e1s para obtener la Fe de Vida<\/strong>, y que\u00a0<strong>los reci\u00e9n nacidos obtengan sus certificados de nacimiento de manera simplificada<\/strong>.<\/p>\n<p style=\"font-weight: 400;\">En este marco, la directora ejecutiva de la ANSES,\u00a0<strong>Fernanda Raverta<\/strong>; el ministro del Interior,<strong>\u00a0Wado de Pedro<\/strong>, y el ministro de Salud,\u00a0<strong>Gin\u00e9s Gonz\u00e1lez Garc\u00eda<\/strong>, firmaron un convenio para la creaci\u00f3n de esta plataforma digital del Registro Nacional de las Personas (RENAPER).<\/p>\n<p style=\"font-weight: 400;\">A pesar de que en el marco de la pandemia de\u00a0<em>Covid-19<\/em>\u00a0el tr\u00e1mite est\u00e1 suspendido provisoriamente, con esta nueva herramienta, que estar\u00e1 vigente desde ma\u00f1ana como una prueba piloto de 90 d\u00edas, 7 millones de beneficiarios y beneficiarias del Sistema Integrado Previsional Argentino (SIPA) no tendr\u00e1n que volver a realizar el tr\u00e1mite de Fe de Vida.<\/p>\n<p style=\"font-weight: 400;\">La plataforma contar\u00e1 con una articulaci\u00f3n federal con los registros civiles de las 24 jurisdicciones del pa\u00eds, quienes ser\u00e1n beneficiarios, junto a los Ministerios de Salud Provinciales, PAMI, Instituciones Financieras y otros organismos p\u00fablicos y privados.<\/p>\n<p style=\"font-weight: 400;\">Esta herramienta cuenta con un desarrollo 100 por ciento nacional y est\u00e1 a cargo del RENAPER, dependiente del Ministerio del Interior, en una iniciativa conjunta con el Ministerio de Salud y la ANSES. La misma, permitir\u00e1 que\u00a0<strong>organismos p\u00fablicos y entidades privadas cuenten con informaci\u00f3n digital en tiempo real para el proceso de pol\u00edticas sanitarias, previsi\u00f3n social, identidad e inclusi\u00f3n financiera<\/strong>.<\/p>\n<p style=\"font-weight: 400;\">La titular de la ANSES,\u00a0<strong>Fernanda Raverta<\/strong>, resalt\u00f3 que &#8220;<em>este convenio permite cuidar en materia de salud a nuestros jubilados y jubiladas, y resolver de manera inteligente el tr\u00e1mite de Fe de Vida. Se trata de facilitar el intercambio de informaci\u00f3n entre organismos nacionales y provinciales que impactar\u00e1 directamente en nuestra base de datos<\/em>\u201d.<\/p>\n<p style=\"font-weight: 400;\">Durante la presentaci\u00f3n, el ministro\u00a0<strong>de Pedro<\/strong>\u00a0resalt\u00f3 que se trata de &#8220;<em>una plataforma federal que ya est\u00e1 a disposici\u00f3n de todas las provincias<\/em>&#8220;, y tras resaltar la articulaci\u00f3n pol\u00edtica tanto con Jefatura de Gabinete como as\u00ed tambi\u00e9n con el Ministerio de Salud &#8220;<em>de manera inteligente el Estado va a simplificar la vida a millones de argentinos y argentinas, que adem\u00e1s de no tener que dar m\u00e1s Fe de Vida para cobrar sus jubilaciones, podr\u00e1n obtener partidas de nacimiento y defunci\u00f3n de forma digital<\/em>&#8220;.<\/p>\n<p style=\"font-weight: 400;\">A su turno el ministro\u00a0<strong>Gin\u00e9s Gonz\u00e1lez Garc\u00eda<\/strong>\u00a0indic\u00f3 que &#8220;<em>desde el punto de vista de Salud estoy convencido de que esto va a significar contar con informaci\u00f3n en tiempo real y seremos una de las \u00e1reas m\u00e1s beneficiadas<\/em>.\u00a0<em>Es una herramienta que favorece a todo nuestro pa\u00eds y va a eliminar a la gente tener que hacer muchos tr\u00e1mites. Era una asignatura pendiente que tenemos y ahora el Estado va a ser el usuario del sistema<\/em>\u201d.<\/p>\n<p style=\"font-weight: 400;\">Adem\u00e1s, en la reuni\u00f3n estuvieron presentes el presidente del Banco Central,\u00a0<strong>Miguel Pesce<\/strong>; el secretario de Interior,\u00a0<strong>Jos\u00e9 Lepere<\/strong>; la secretaria de Innovaci\u00f3n P\u00fablica,\u00a0<strong>Micaela S\u00e1nchez Malcom<\/strong>\u00a0y el director del RENAPER,\u00a0<strong>Santiago Rodr\u00edguez<\/strong>.<\/p>\n","protected":false},"excerpt":{"rendered":"<p>Certificado Digital de Hechos Vitales JUBILADOS Y PENSIONADOS NO TENDR\u00c1N QUE REALIZAR EL TR\u00c1MITE DE FE DE VIDA El Gobierno Nacional puso en marcha la plataforma federal del\u00a0Certificado Digital de Hechos Vitales (CDHV)\u00a0que permitir\u00e1, entre otros beneficios, que\u00a07 millones de jubiladas y jubilados no deban movilizarse m\u00e1s para obtener la Fe de Vida, y que\u00a0los [&hellip;]<\/p>\n","protected":false},"author":1,"featured_media":51823,"comment_status":"closed","ping_status":"open","sticky":false,"template":"","format":"standard","meta":{"footnotes":""},"categories":[51,52],"tags":[],"class_list":["post-51822","post","type-post","status-publish","format-standard","has-post-thumbnail","hentry","category-comunidad","category-destacadas"],"yoast_head":"<!-- This site is optimized with the Yoast SEO plugin v19.7.1 - https:\/\/yoast.com\/wordpress\/plugins\/seo\/ -->\n<title>JUBILADOS Y PENSIONADOS NO TENDR\u00c1N QUE REALIZAR EL TR\u00c1MITE DE FE DE VIDA - CELTTV<\/title>\n<meta name=\"description\" content=\"Sitio web de noticias de la localidad de Tornquist, provincia de Buenos Aires, Rep\u00fablica Argentina. Contenido propio originado por periodistas de CELTTV, el canal de TV local de la Cooperativa El\u00e9ctrica de Tornquist. Turismo, Pol\u00edtica, Sociedad, Deporte, Cultura y todo el contenido de inter\u00e9s general que la gente del pueblo y la regi\u00f3n debe conocer.\" \/>\n<meta name=\"robots\" content=\"index, follow, max-snippet:-1, max-image-preview:large, max-video-preview:-1\" \/>\n<link rel=\"canonical\" href=\"https:\/\/www.celttv.com.ar\/index.php\/2020\/09\/04\/jubilados-y-pensionados-no-tendran-que-realizar-el-tramite-de-fe-de-vida\/\" \/>\n<meta property=\"og:locale\" content=\"es_ES\" \/>\n<meta property=\"og:type\" content=\"article\" \/>\n<meta property=\"og:title\" content=\"JUBILADOS Y PENSIONADOS NO TENDR\u00c1N QUE REALIZAR EL TR\u00c1MITE DE FE DE VIDA - CELTTV\" \/>\n<meta property=\"og:description\" content=\"Sitio web de noticias de la localidad de Tornquist, provincia de Buenos Aires, Rep\u00fablica Argentina. Contenido propio originado por periodistas de CELTTV, el canal de TV local de la Cooperativa El\u00e9ctrica de Tornquist. Turismo, Pol\u00edtica, Sociedad, Deporte, Cultura y todo el contenido de inter\u00e9s general que la gente del pueblo y la regi\u00f3n debe conocer.\" \/>\n<meta property=\"og:url\" content=\"https:\/\/www.celttv.com.ar\/index.php\/2020\/09\/04\/jubilados-y-pensionados-no-tendran-que-realizar-el-tramite-de-fe-de-vida\/\" \/>\n<meta property=\"og:site_name\" content=\"CELTTV\" \/>\n<meta property=\"article:publisher\" content=\"https:\/\/www.facebook.com\/celtTV\/\" \/>\n<meta property=\"article:published_time\" content=\"2020-09-04T00:09:56+00:00\" \/>\n<meta property=\"og:image\" content=\"https:\/\/www.celttv.com.ar\/wp-content\/uploads\/2020\/09\/anses-jubilados-scaled.jpg\" \/>\n\t<meta property=\"og:image:width\" content=\"2560\" \/>\n\t<meta property=\"og:image:height\" content=\"1706\" \/>\n\t<meta property=\"og:image:type\" content=\"image\/jpeg\" \/>\n<meta name=\"author\" content=\"ulises\" \/>\n<meta name=\"twitter:card\" content=\"summary_large_image\" \/>\n<meta name=\"twitter:label1\" content=\"Escrito por\" \/>\n\t<meta name=\"twitter:data1\" content=\"ulises\" \/>\n\t<meta name=\"twitter:label2\" content=\"Tiempo de lectura\" \/>\n\t<meta name=\"twitter:data2\" content=\"3 minutos\" \/>\n<script type=\"application\/ld+json\" class=\"yoast-schema-graph\">{\"@context\":\"https:\/\/schema.org\",\"@graph\":[{\"@type\":\"NewsArticle\",\"@id\":\"https:\/\/www.celttv.com.ar\/index.php\/2020\/09\/04\/jubilados-y-pensionados-no-tendran-que-realizar-el-tramite-de-fe-de-vida\/#article\",\"isPartOf\":{\"@id\":\"https:\/\/www.celttv.com.ar\/index.php\/2020\/09\/04\/jubilados-y-pensionados-no-tendran-que-realizar-el-tramite-de-fe-de-vida\/\"},\"author\":{\"name\":\"ulises\",\"@id\":\"https:\/\/www.celttv.com.ar\/#\/schema\/person\/6d99c072dba59953809c81446e9d0ace\"},\"headline\":\"JUBILADOS Y PENSIONADOS NO TENDR\u00c1N QUE REALIZAR EL TR\u00c1MITE DE FE DE VIDA\",\"datePublished\":\"2020-09-04T00:09:56+00:00\",\"dateModified\":\"2020-09-04T00:09:56+00:00\",\"mainEntityOfPage\":{\"@id\":\"https:\/\/www.celttv.com.ar\/index.php\/2020\/09\/04\/jubilados-y-pensionados-no-tendran-que-realizar-el-tramite-de-fe-de-vida\/\"},\"wordCount\":571,\"publisher\":{\"@id\":\"https:\/\/www.celttv.com.ar\/#organization\"},\"articleSection\":[\"Comunidad\",\"Destacadas\"],\"inLanguage\":\"es\"},{\"@type\":\"WebPage\",\"@id\":\"https:\/\/www.celttv.com.ar\/index.php\/2020\/09\/04\/jubilados-y-pensionados-no-tendran-que-realizar-el-tramite-de-fe-de-vida\/\",\"url\":\"https:\/\/www.celttv.com.ar\/index.php\/2020\/09\/04\/jubilados-y-pensionados-no-tendran-que-realizar-el-tramite-de-fe-de-vida\/\",\"name\":\"JUBILADOS Y PENSIONADOS NO TENDR\u00c1N QUE REALIZAR EL TR\u00c1MITE DE FE DE VIDA - CELTTV\",\"isPartOf\":{\"@id\":\"https:\/\/www.celttv.com.ar\/#website\"},\"datePublished\":\"2020-09-04T00:09:56+00:00\",\"dateModified\":\"2020-09-04T00:09:56+00:00\",\"description\":\"Sitio web de noticias de la localidad de Tornquist, provincia de Buenos Aires, Rep\u00fablica Argentina. Contenido propio originado por periodistas de CELTTV, el canal de TV local de la Cooperativa El\u00e9ctrica de Tornquist. Turismo, Pol\u00edtica, Sociedad, Deporte, Cultura y todo el contenido de inter\u00e9s general que la gente del pueblo y la regi\u00f3n debe conocer.\",\"breadcrumb\":{\"@id\":\"https:\/\/www.celttv.com.ar\/index.php\/2020\/09\/04\/jubilados-y-pensionados-no-tendran-que-realizar-el-tramite-de-fe-de-vida\/#breadcrumb\"},\"inLanguage\":\"es\",\"potentialAction\":[{\"@type\":\"ReadAction\",\"target\":[\"https:\/\/www.celttv.com.ar\/index.php\/2020\/09\/04\/jubilados-y-pensionados-no-tendran-que-realizar-el-tramite-de-fe-de-vida\/\"]}]},{\"@type\":\"BreadcrumbList\",\"@id\":\"https:\/\/www.celttv.com.ar\/index.php\/2020\/09\/04\/jubilados-y-pensionados-no-tendran-que-realizar-el-tramite-de-fe-de-vida\/#breadcrumb\",\"itemListElement\":[{\"@type\":\"ListItem\",\"position\":1,\"name\":\"Inicio\",\"item\":\"https:\/\/www.celttv.com.ar\/\"},{\"@type\":\"ListItem\",\"position\":2,\"name\":\"JUBILADOS Y PENSIONADOS NO TENDR\u00c1N QUE REALIZAR EL TR\u00c1MITE DE FE DE VIDA\"}]},{\"@type\":\"WebSite\",\"@id\":\"https:\/\/www.celttv.com.ar\/#website\",\"url\":\"https:\/\/www.celttv.com.ar\/\",\"name\":\"CELTTV\",\"description\":\"Cooperativa El\u00e9ctrica de Tornquist\",\"publisher\":{\"@id\":\"https:\/\/www.celttv.com.ar\/#organization\"},\"potentialAction\":[{\"@type\":\"SearchAction\",\"target\":{\"@type\":\"EntryPoint\",\"urlTemplate\":\"https:\/\/www.celttv.com.ar\/?s={search_term_string}\"},\"query-input\":\"required name=search_term_string\"}],\"inLanguage\":\"es\"},{\"@type\":\"Organization\",\"@id\":\"https:\/\/www.celttv.com.ar\/#organization\",\"name\":\"CELTTV\",\"url\":\"https:\/\/www.celttv.com.ar\/\",\"sameAs\":[\"https:\/\/www.youtube.com\/channel\/UCz_oIt8Hig64Ub-EmcNPIhg\",\"https:\/\/www.facebook.com\/celtTV\/\"],\"logo\":{\"@type\":\"ImageObject\",\"inLanguage\":\"es\",\"@id\":\"https:\/\/www.celttv.com.ar\/#\/schema\/logo\/image\/\",\"url\":\"http:\/\/www.celttv.com.ar\/wp-content\/uploads\/2022\/08\/logo-1.png\",\"contentUrl\":\"http:\/\/www.celttv.com.ar\/wp-content\/uploads\/2022\/08\/logo-1.png\",\"width\":461,\"height\":159,\"caption\":\"CELTTV\"},\"image\":{\"@id\":\"https:\/\/www.celttv.com.ar\/#\/schema\/logo\/image\/\"}},{\"@type\":\"Person\",\"@id\":\"https:\/\/www.celttv.com.ar\/#\/schema\/person\/6d99c072dba59953809c81446e9d0ace\",\"name\":\"ulises\",\"image\":{\"@type\":\"ImageObject\",\"inLanguage\":\"es\",\"@id\":\"https:\/\/www.celttv.com.ar\/#\/schema\/person\/image\/\",\"url\":\"https:\/\/secure.gravatar.com\/avatar\/7f2c48bdc33b30088f941fb6082e555f2874c98e20cb159d7b92b50eadfce793?s=96&d=mm&r=g\",\"contentUrl\":\"https:\/\/secure.gravatar.com\/avatar\/7f2c48bdc33b30088f941fb6082e555f2874c98e20cb159d7b92b50eadfce793?s=96&d=mm&r=g\",\"caption\":\"ulises\"},\"sameAs\":[\"http:\/\/www.celttv.com.ar\"]}]}<\/script>\n<!-- \/ Yoast SEO plugin. -->","yoast_head_json":{"title":"JUBILADOS Y PENSIONADOS NO TENDR\u00c1N QUE REALIZAR EL TR\u00c1MITE DE FE DE VIDA - CELTTV","description":"Sitio web de noticias de la localidad de Tornquist, provincia de Buenos Aires, Rep\u00fablica Argentina. Contenido propio originado por periodistas de CELTTV, el canal de TV local de la Cooperativa El\u00e9ctrica de Tornquist. Turismo, Pol\u00edtica, Sociedad, Deporte, Cultura y todo el contenido de inter\u00e9s general que la gente del pueblo y la regi\u00f3n debe conocer.","robots":{"index":"index","follow":"follow","max-snippet":"max-snippet:-1","max-image-preview":"max-image-preview:large","max-video-preview":"max-video-preview:-1"},"canonical":"https:\/\/www.celttv.com.ar\/index.php\/2020\/09\/04\/jubilados-y-pensionados-no-tendran-que-realizar-el-tramite-de-fe-de-vida\/","og_locale":"es_ES","og_type":"article","og_title":"JUBILADOS Y PENSIONADOS NO TENDR\u00c1N QUE REALIZAR EL TR\u00c1MITE DE FE DE VIDA - CELTTV","og_description":"Sitio web de noticias de la localidad de Tornquist, provincia de Buenos Aires, Rep\u00fablica Argentina. Contenido propio originado por periodistas de CELTTV, el canal de TV local de la Cooperativa El\u00e9ctrica de Tornquist. Turismo, Pol\u00edtica, Sociedad, Deporte, Cultura y todo el contenido de inter\u00e9s general que la gente del pueblo y la regi\u00f3n debe conocer.","og_url":"https:\/\/www.celttv.com.ar\/index.php\/2020\/09\/04\/jubilados-y-pensionados-no-tendran-que-realizar-el-tramite-de-fe-de-vida\/","og_site_name":"CELTTV","article_publisher":"https:\/\/www.facebook.com\/celtTV\/","article_published_time":"2020-09-04T00:09:56+00:00","og_image":[{"width":2560,"height":1706,"url":"https:\/\/www.celttv.com.ar\/wp-content\/uploads\/2020\/09\/anses-jubilados-scaled.jpg","type":"image\/jpeg"}],"author":"ulises","twitter_card":"summary_large_image","twitter_misc":{"Escrito por":"ulises","Tiempo de lectura":"3 minutos"},"schema":{"@context":"https:\/\/schema.org","@graph":[{"@type":"NewsArticle","@id":"https:\/\/www.celttv.com.ar\/index.php\/2020\/09\/04\/jubilados-y-pensionados-no-tendran-que-realizar-el-tramite-de-fe-de-vida\/#article","isPartOf":{"@id":"https:\/\/www.celttv.com.ar\/index.php\/2020\/09\/04\/jubilados-y-pensionados-no-tendran-que-realizar-el-tramite-de-fe-de-vida\/"},"author":{"name":"ulises","@id":"https:\/\/www.celttv.com.ar\/#\/schema\/person\/6d99c072dba59953809c81446e9d0ace"},"headline":"JUBILADOS Y PENSIONADOS NO TENDR\u00c1N QUE REALIZAR EL TR\u00c1MITE DE FE DE VIDA","datePublished":"2020-09-04T00:09:56+00:00","dateModified":"2020-09-04T00:09:56+00:00","mainEntityOfPage":{"@id":"https:\/\/www.celttv.com.ar\/index.php\/2020\/09\/04\/jubilados-y-pensionados-no-tendran-que-realizar-el-tramite-de-fe-de-vida\/"},"wordCount":571,"publisher":{"@id":"https:\/\/www.celttv.com.ar\/#organization"},"articleSection":["Comunidad","Destacadas"],"inLanguage":"es"},{"@type":"WebPage","@id":"https:\/\/www.celttv.com.ar\/index.php\/2020\/09\/04\/jubilados-y-pensionados-no-tendran-que-realizar-el-tramite-de-fe-de-vida\/","url":"https:\/\/www.celttv.com.ar\/index.php\/2020\/09\/04\/jubilados-y-pensionados-no-tendran-que-realizar-el-tramite-de-fe-de-vida\/","name":"JUBILADOS Y PENSIONADOS NO TENDR\u00c1N QUE REALIZAR EL TR\u00c1MITE DE FE DE VIDA - CELTTV","isPartOf":{"@id":"https:\/\/www.celttv.com.ar\/#website"},"datePublished":"2020-09-04T00:09:56+00:00","dateModified":"2020-09-04T00:09:56+00:00","description":"Sitio web de noticias de la localidad de Tornquist, provincia de Buenos Aires, Rep\u00fablica Argentina. Contenido propio originado por periodistas de CELTTV, el canal de TV local de la Cooperativa El\u00e9ctrica de Tornquist. Turismo, Pol\u00edtica, Sociedad, Deporte, Cultura y todo el contenido de inter\u00e9s general que la gente del pueblo y la regi\u00f3n debe conocer.","breadcrumb":{"@id":"https:\/\/www.celttv.com.ar\/index.php\/2020\/09\/04\/jubilados-y-pensionados-no-tendran-que-realizar-el-tramite-de-fe-de-vida\/#breadcrumb"},"inLanguage":"es","potentialAction":[{"@type":"ReadAction","target":["https:\/\/www.celttv.com.ar\/index.php\/2020\/09\/04\/jubilados-y-pensionados-no-tendran-que-realizar-el-tramite-de-fe-de-vida\/"]}]},{"@type":"BreadcrumbList","@id":"https:\/\/www.celttv.com.ar\/index.php\/2020\/09\/04\/jubilados-y-pensionados-no-tendran-que-realizar-el-tramite-de-fe-de-vida\/#breadcrumb","itemListElement":[{"@type":"ListItem","position":1,"name":"Inicio","item":"https:\/\/www.celttv.com.ar\/"},{"@type":"ListItem","position":2,"name":"JUBILADOS Y PENSIONADOS NO TENDR\u00c1N QUE REALIZAR EL TR\u00c1MITE DE FE DE VIDA"}]},{"@type":"WebSite","@id":"https:\/\/www.celttv.com.ar\/#website","url":"https:\/\/www.celttv.com.ar\/","name":"CELTTV","description":"Cooperativa El\u00e9ctrica de Tornquist","publisher":{"@id":"https:\/\/www.celttv.com.ar\/#organization"},"potentialAction":[{"@type":"SearchAction","target":{"@type":"EntryPoint","urlTemplate":"https:\/\/www.celttv.com.ar\/?s={search_term_string}"},"query-input":"required name=search_term_string"}],"inLanguage":"es"},{"@type":"Organization","@id":"https:\/\/www.celttv.com.ar\/#organization","name":"CELTTV","url":"https:\/\/www.celttv.com.ar\/","sameAs":["https:\/\/www.youtube.com\/channel\/UCz_oIt8Hig64Ub-EmcNPIhg","https:\/\/www.facebook.com\/celtTV\/"],"logo":{"@type":"ImageObject","inLanguage":"es","@id":"https:\/\/www.celttv.com.ar\/#\/schema\/logo\/image\/","url":"http:\/\/www.celttv.com.ar\/wp-content\/uploads\/2022\/08\/logo-1.png","contentUrl":"http:\/\/www.celttv.com.ar\/wp-content\/uploads\/2022\/08\/logo-1.png","width":461,"height":159,"caption":"CELTTV"},"image":{"@id":"https:\/\/www.celttv.com.ar\/#\/schema\/logo\/image\/"}},{"@type":"Person","@id":"https:\/\/www.celttv.com.ar\/#\/schema\/person\/6d99c072dba59953809c81446e9d0ace","name":"ulises","image":{"@type":"ImageObject","inLanguage":"es","@id":"https:\/\/www.celttv.com.ar\/#\/schema\/person\/image\/","url":"https:\/\/secure.gravatar.com\/avatar\/7f2c48bdc33b30088f941fb6082e555f2874c98e20cb159d7b92b50eadfce793?s=96&d=mm&r=g","contentUrl":"https:\/\/secure.gravatar.com\/avatar\/7f2c48bdc33b30088f941fb6082e555f2874c98e20cb159d7b92b50eadfce793?s=96&d=mm&r=g","caption":"ulises"},"sameAs":["http:\/\/www.celttv.com.ar"]}]}},"_links":{"self":[{"href":"https:\/\/www.celttv.com.ar\/index.php\/wp-json\/wp\/v2\/posts\/51822","targetHints":{"allow":["GET"]}}],"collection":[{"href":"https:\/\/www.celttv.com.ar\/index.php\/wp-json\/wp\/v2\/posts"}],"about":[{"href":"https:\/\/www.celttv.com.ar\/index.php\/wp-json\/wp\/v2\/types\/post"}],"author":[{"embeddable":true,"href":"https:\/\/www.celttv.com.ar\/index.php\/wp-json\/wp\/v2\/users\/1"}],"replies":[{"embeddable":true,"href":"https:\/\/www.celttv.com.ar\/index.php\/wp-json\/wp\/v2\/comments?post=51822"}],"version-history":[{"count":0,"href":"https:\/\/www.celttv.com.ar\/index.php\/wp-json\/wp\/v2\/posts\/51822\/revisions"}],"wp:featuredmedia":[{"embeddable":true,"href":"https:\/\/www.celttv.com.ar\/index.php\/wp-json\/wp\/v2\/media\/51823"}],"wp:attachment":[{"href":"https:\/\/www.celttv.com.ar\/index.php\/wp-json\/wp\/v2\/media?parent=51822"}],"wp:term":[{"taxonomy":"category","embeddable":true,"href":"https:\/\/www.celttv.com.ar\/index.php\/wp-json\/wp\/v2\/categories?post=51822"},{"taxonomy":"post_tag","embeddable":true,"href":"https:\/\/www.celttv.com.ar\/index.php\/wp-json\/wp\/v2\/tags?post=51822"}],"curies":[{"name":"wp","href":"https:\/\/api.w.org\/{rel}","templated":true}]}}