{"id":51844,"date":"2020-09-04T14:44:52","date_gmt":"2020-09-04T14:44:52","guid":{"rendered":"http:\/\/www.celttv.com.ar\/?p=51844"},"modified":"2020-09-04T14:44:52","modified_gmt":"2020-09-04T14:44:52","slug":"llega-el-mayor-evento-del-ano-la-feria-internacional-de-destinos-inteligentes-fidi","status":"publish","type":"post","link":"https:\/\/www.celttv.com.ar\/index.php\/2020\/09\/04\/llega-el-mayor-evento-del-ano-la-feria-internacional-de-destinos-inteligentes-fidi\/","title":{"rendered":"LLEGA EL MAYOR EVENTO DEL A\u00d1O: LA FERIA INTERNACIONAL DE DESTINOS INTELIGENTES FIDI"},"content":{"rendered":"<div><\/div>\n<p>Del 20 al 29 de noviembre se realizar\u00e1 un encuentro virtual sin precedentes en nuestro pa\u00eds, acerca del modelo de Destinos Tur\u00edsticos Inteligentes.<br \/>\nLa FIDI ser\u00e1 un espacio de intercambio disruptivo e innovador que revolucionar\u00e1 la forma en que se piensan los eventos de tecnolog\u00eda y turismo.<\/p>\n<p>Empresas l\u00edderes |\u00a0instituciones |\u00a0emprendedores |\u00a0organizaciones no gubernamentales | profesionales |\u00a0universidades |\u00a0estudiantes |\u00a0influencers |\u00a0prestadores tur\u00edsticos |\u00a0funcionarios p\u00fablicos de turismo y tecnolog\u00eda<\/p>\n<p><a href=\"http:\/\/www.celttv.com.ar\/?attachment_id=51845\" rel=\"attachment wp-att-51845\"><img loading=\"lazy\" decoding=\"async\" class=\"alignleft size-full wp-image-51845\" src=\"http:\/\/www.celttv.com.ar\/wp-content\/uploads\/2020\/09\/unnamed.jpg\" alt=\"\" width=\"1500\" height=\"1372\" srcset=\"https:\/\/www.celttv.com.ar\/wp-content\/uploads\/2020\/09\/unnamed.jpg 1500w, https:\/\/www.celttv.com.ar\/wp-content\/uploads\/2020\/09\/unnamed-300x274.jpg 300w, https:\/\/www.celttv.com.ar\/wp-content\/uploads\/2020\/09\/unnamed-1024x937.jpg 1024w, https:\/\/www.celttv.com.ar\/wp-content\/uploads\/2020\/09\/unnamed-768x702.jpg 768w, https:\/\/www.celttv.com.ar\/wp-content\/uploads\/2020\/09\/unnamed-750x686.jpg 750w, https:\/\/www.celttv.com.ar\/wp-content\/uploads\/2020\/09\/unnamed-1140x1043.jpg 1140w\" sizes=\"auto, (max-width: 1500px) 100vw, 1500px\" \/><\/a><\/p>\n","protected":false},"excerpt":{"rendered":"<p>Del 20 al 29 de noviembre se realizar\u00e1 un encuentro virtual sin precedentes en nuestro pa\u00eds, acerca del modelo de Destinos Tur\u00edsticos Inteligentes. La FIDI ser\u00e1 un espacio de intercambio disruptivo e innovador que revolucionar\u00e1 la forma en que se piensan los eventos de tecnolog\u00eda y turismo. Empresas l\u00edderes |\u00a0instituciones |\u00a0emprendedores |\u00a0organizaciones no gubernamentales | [&hellip;]<\/p>\n","protected":false},"author":1,"featured_media":51845,"comment_status":"closed","ping_status":"open","sticky":false,"template":"","format":"standard","meta":{"footnotes":""},"categories":[51,52,58],"tags":[],"class_list":["post-51844","post","type-post","status-publish","format-standard","has-post-thumbnail","hentry","category-comunidad","category-destacadas","category-turismo"],"yoast_head":"<!-- This site is optimized with the Yoast SEO plugin v19.7.1 - https:\/\/yoast.com\/wordpress\/plugins\/seo\/ -->\n<title>LLEGA EL MAYOR EVENTO DEL A\u00d1O: LA FERIA INTERNACIONAL DE DESTINOS INTELIGENTES FIDI - CELTTV<\/title>\n<meta name=\"description\" content=\"Sitio web de noticias de la localidad de Tornquist, provincia de Buenos Aires, Rep\u00fablica Argentina. Contenido propio originado por periodistas de CELTTV, el canal de TV local de la Cooperativa El\u00e9ctrica de Tornquist. Turismo, Pol\u00edtica, Sociedad, Deporte, Cultura y todo el contenido de inter\u00e9s general que la gente del pueblo y la regi\u00f3n debe conocer.\" \/>\n<meta name=\"robots\" content=\"index, follow, max-snippet:-1, max-image-preview:large, max-video-preview:-1\" \/>\n<link rel=\"canonical\" href=\"https:\/\/www.celttv.com.ar\/index.php\/2020\/09\/04\/llega-el-mayor-evento-del-ano-la-feria-internacional-de-destinos-inteligentes-fidi\/\" \/>\n<meta property=\"og:locale\" content=\"es_ES\" \/>\n<meta property=\"og:type\" content=\"article\" \/>\n<meta property=\"og:title\" content=\"LLEGA EL MAYOR EVENTO DEL A\u00d1O: LA FERIA INTERNACIONAL DE DESTINOS INTELIGENTES FIDI - CELTTV\" \/>\n<meta property=\"og:description\" content=\"Sitio web de noticias de la localidad de Tornquist, provincia de Buenos Aires, Rep\u00fablica Argentina. Contenido propio originado por periodistas de CELTTV, el canal de TV local de la Cooperativa El\u00e9ctrica de Tornquist. Turismo, Pol\u00edtica, Sociedad, Deporte, Cultura y todo el contenido de inter\u00e9s general que la gente del pueblo y la regi\u00f3n debe conocer.\" \/>\n<meta property=\"og:url\" content=\"https:\/\/www.celttv.com.ar\/index.php\/2020\/09\/04\/llega-el-mayor-evento-del-ano-la-feria-internacional-de-destinos-inteligentes-fidi\/\" \/>\n<meta property=\"og:site_name\" content=\"CELTTV\" \/>\n<meta property=\"article:publisher\" content=\"https:\/\/www.facebook.com\/celtTV\/\" \/>\n<meta property=\"article:published_time\" content=\"2020-09-04T14:44:52+00:00\" \/>\n<meta property=\"og:image\" content=\"https:\/\/www.celttv.com.ar\/wp-content\/uploads\/2020\/09\/unnamed.jpg\" \/>\n\t<meta property=\"og:image:width\" content=\"1500\" \/>\n\t<meta property=\"og:image:height\" content=\"1372\" \/>\n\t<meta property=\"og:image:type\" content=\"image\/jpeg\" \/>\n<meta name=\"author\" content=\"ulises\" \/>\n<meta name=\"twitter:card\" content=\"summary_large_image\" \/>\n<meta name=\"twitter:label1\" content=\"Escrito por\" \/>\n\t<meta name=\"twitter:data1\" content=\"ulises\" \/>\n<script type=\"application\/ld+json\" class=\"yoast-schema-graph\">{\"@context\":\"https:\/\/schema.org\",\"@graph\":[{\"@type\":\"NewsArticle\",\"@id\":\"https:\/\/www.celttv.com.ar\/index.php\/2020\/09\/04\/llega-el-mayor-evento-del-ano-la-feria-internacional-de-destinos-inteligentes-fidi\/#article\",\"isPartOf\":{\"@id\":\"https:\/\/www.celttv.com.ar\/index.php\/2020\/09\/04\/llega-el-mayor-evento-del-ano-la-feria-internacional-de-destinos-inteligentes-fidi\/\"},\"author\":{\"name\":\"ulises\",\"@id\":\"https:\/\/www.celttv.com.ar\/#\/schema\/person\/6d99c072dba59953809c81446e9d0ace\"},\"headline\":\"LLEGA EL MAYOR EVENTO DEL A\u00d1O: LA FERIA INTERNACIONAL DE DESTINOS INTELIGENTES FIDI\",\"datePublished\":\"2020-09-04T14:44:52+00:00\",\"dateModified\":\"2020-09-04T14:44:52+00:00\",\"mainEntityOfPage\":{\"@id\":\"https:\/\/www.celttv.com.ar\/index.php\/2020\/09\/04\/llega-el-mayor-evento-del-ano-la-feria-internacional-de-destinos-inteligentes-fidi\/\"},\"wordCount\":85,\"publisher\":{\"@id\":\"https:\/\/www.celttv.com.ar\/#organization\"},\"articleSection\":[\"Comunidad\",\"Destacadas\",\"Turismo\"],\"inLanguage\":\"es\"},{\"@type\":\"WebPage\",\"@id\":\"https:\/\/www.celttv.com.ar\/index.php\/2020\/09\/04\/llega-el-mayor-evento-del-ano-la-feria-internacional-de-destinos-inteligentes-fidi\/\",\"url\":\"https:\/\/www.celttv.com.ar\/index.php\/2020\/09\/04\/llega-el-mayor-evento-del-ano-la-feria-internacional-de-destinos-inteligentes-fidi\/\",\"name\":\"LLEGA EL MAYOR EVENTO DEL A\u00d1O: LA FERIA INTERNACIONAL DE DESTINOS INTELIGENTES FIDI - CELTTV\",\"isPartOf\":{\"@id\":\"https:\/\/www.celttv.com.ar\/#website\"},\"datePublished\":\"2020-09-04T14:44:52+00:00\",\"dateModified\":\"2020-09-04T14:44:52+00:00\",\"description\":\"Sitio web de noticias de la localidad de Tornquist, provincia de Buenos Aires, Rep\u00fablica Argentina. Contenido propio originado por periodistas de CELTTV, el canal de TV local de la Cooperativa El\u00e9ctrica de Tornquist. Turismo, Pol\u00edtica, Sociedad, Deporte, Cultura y todo el contenido de inter\u00e9s general que la gente del pueblo y la regi\u00f3n debe conocer.\",\"breadcrumb\":{\"@id\":\"https:\/\/www.celttv.com.ar\/index.php\/2020\/09\/04\/llega-el-mayor-evento-del-ano-la-feria-internacional-de-destinos-inteligentes-fidi\/#breadcrumb\"},\"inLanguage\":\"es\",\"potentialAction\":[{\"@type\":\"ReadAction\",\"target\":[\"https:\/\/www.celttv.com.ar\/index.php\/2020\/09\/04\/llega-el-mayor-evento-del-ano-la-feria-internacional-de-destinos-inteligentes-fidi\/\"]}]},{\"@type\":\"BreadcrumbList\",\"@id\":\"https:\/\/www.celttv.com.ar\/index.php\/2020\/09\/04\/llega-el-mayor-evento-del-ano-la-feria-internacional-de-destinos-inteligentes-fidi\/#breadcrumb\",\"itemListElement\":[{\"@type\":\"ListItem\",\"position\":1,\"name\":\"Inicio\",\"item\":\"https:\/\/www.celttv.com.ar\/\"},{\"@type\":\"ListItem\",\"position\":2,\"name\":\"LLEGA EL MAYOR EVENTO DEL A\u00d1O: LA FERIA INTERNACIONAL DE DESTINOS INTELIGENTES FIDI\"}]},{\"@type\":\"WebSite\",\"@id\":\"https:\/\/www.celttv.com.ar\/#website\",\"url\":\"https:\/\/www.celttv.com.ar\/\",\"name\":\"CELTTV\",\"description\":\"Cooperativa El\u00e9ctrica de Tornquist\",\"publisher\":{\"@id\":\"https:\/\/www.celttv.com.ar\/#organization\"},\"potentialAction\":[{\"@type\":\"SearchAction\",\"target\":{\"@type\":\"EntryPoint\",\"urlTemplate\":\"https:\/\/www.celttv.com.ar\/?s={search_term_string}\"},\"query-input\":\"required name=search_term_string\"}],\"inLanguage\":\"es\"},{\"@type\":\"Organization\",\"@id\":\"https:\/\/www.celttv.com.ar\/#organization\",\"name\":\"CELTTV\",\"url\":\"https:\/\/www.celttv.com.ar\/\",\"sameAs\":[\"https:\/\/www.youtube.com\/channel\/UCz_oIt8Hig64Ub-EmcNPIhg\",\"https:\/\/www.facebook.com\/celtTV\/\"],\"logo\":{\"@type\":\"ImageObject\",\"inLanguage\":\"es\",\"@id\":\"https:\/\/www.celttv.com.ar\/#\/schema\/logo\/image\/\",\"url\":\"http:\/\/www.celttv.com.ar\/wp-content\/uploads\/2022\/08\/logo-1.png\",\"contentUrl\":\"http:\/\/www.celttv.com.ar\/wp-content\/uploads\/2022\/08\/logo-1.png\",\"width\":461,\"height\":159,\"caption\":\"CELTTV\"},\"image\":{\"@id\":\"https:\/\/www.celttv.com.ar\/#\/schema\/logo\/image\/\"}},{\"@type\":\"Person\",\"@id\":\"https:\/\/www.celttv.com.ar\/#\/schema\/person\/6d99c072dba59953809c81446e9d0ace\",\"name\":\"ulises\",\"image\":{\"@type\":\"ImageObject\",\"inLanguage\":\"es\",\"@id\":\"https:\/\/www.celttv.com.ar\/#\/schema\/person\/image\/\",\"url\":\"https:\/\/secure.gravatar.com\/avatar\/7f2c48bdc33b30088f941fb6082e555f2874c98e20cb159d7b92b50eadfce793?s=96&d=mm&r=g\",\"contentUrl\":\"https:\/\/secure.gravatar.com\/avatar\/7f2c48bdc33b30088f941fb6082e555f2874c98e20cb159d7b92b50eadfce793?s=96&d=mm&r=g\",\"caption\":\"ulises\"},\"sameAs\":[\"http:\/\/www.celttv.com.ar\"]}]}<\/script>\n<!-- \/ Yoast SEO plugin. -->","yoast_head_json":{"title":"LLEGA EL MAYOR EVENTO DEL A\u00d1O: LA FERIA INTERNACIONAL DE DESTINOS INTELIGENTES FIDI - CELTTV","description":"Sitio web de noticias de la localidad de Tornquist, provincia de Buenos Aires, Rep\u00fablica Argentina. Contenido propio originado por periodistas de CELTTV, el canal de TV local de la Cooperativa El\u00e9ctrica de Tornquist. Turismo, Pol\u00edtica, Sociedad, Deporte, Cultura y todo el contenido de inter\u00e9s general que la gente del pueblo y la regi\u00f3n debe conocer.","robots":{"index":"index","follow":"follow","max-snippet":"max-snippet:-1","max-image-preview":"max-image-preview:large","max-video-preview":"max-video-preview:-1"},"canonical":"https:\/\/www.celttv.com.ar\/index.php\/2020\/09\/04\/llega-el-mayor-evento-del-ano-la-feria-internacional-de-destinos-inteligentes-fidi\/","og_locale":"es_ES","og_type":"article","og_title":"LLEGA EL MAYOR EVENTO DEL A\u00d1O: LA FERIA INTERNACIONAL DE DESTINOS INTELIGENTES FIDI - CELTTV","og_description":"Sitio web de noticias de la localidad de Tornquist, provincia de Buenos Aires, Rep\u00fablica Argentina. Contenido propio originado por periodistas de CELTTV, el canal de TV local de la Cooperativa El\u00e9ctrica de Tornquist. Turismo, Pol\u00edtica, Sociedad, Deporte, Cultura y todo el contenido de inter\u00e9s general que la gente del pueblo y la regi\u00f3n debe conocer.","og_url":"https:\/\/www.celttv.com.ar\/index.php\/2020\/09\/04\/llega-el-mayor-evento-del-ano-la-feria-internacional-de-destinos-inteligentes-fidi\/","og_site_name":"CELTTV","article_publisher":"https:\/\/www.facebook.com\/celtTV\/","article_published_time":"2020-09-04T14:44:52+00:00","og_image":[{"width":1500,"height":1372,"url":"https:\/\/www.celttv.com.ar\/wp-content\/uploads\/2020\/09\/unnamed.jpg","type":"image\/jpeg"}],"author":"ulises","twitter_card":"summary_large_image","twitter_misc":{"Escrito por":"ulises"},"schema":{"@context":"https:\/\/schema.org","@graph":[{"@type":"NewsArticle","@id":"https:\/\/www.celttv.com.ar\/index.php\/2020\/09\/04\/llega-el-mayor-evento-del-ano-la-feria-internacional-de-destinos-inteligentes-fidi\/#article","isPartOf":{"@id":"https:\/\/www.celttv.com.ar\/index.php\/2020\/09\/04\/llega-el-mayor-evento-del-ano-la-feria-internacional-de-destinos-inteligentes-fidi\/"},"author":{"name":"ulises","@id":"https:\/\/www.celttv.com.ar\/#\/schema\/person\/6d99c072dba59953809c81446e9d0ace"},"headline":"LLEGA EL MAYOR EVENTO DEL A\u00d1O: LA FERIA INTERNACIONAL DE DESTINOS INTELIGENTES FIDI","datePublished":"2020-09-04T14:44:52+00:00","dateModified":"2020-09-04T14:44:52+00:00","mainEntityOfPage":{"@id":"https:\/\/www.celttv.com.ar\/index.php\/2020\/09\/04\/llega-el-mayor-evento-del-ano-la-feria-internacional-de-destinos-inteligentes-fidi\/"},"wordCount":85,"publisher":{"@id":"https:\/\/www.celttv.com.ar\/#organization"},"articleSection":["Comunidad","Destacadas","Turismo"],"inLanguage":"es"},{"@type":"WebPage","@id":"https:\/\/www.celttv.com.ar\/index.php\/2020\/09\/04\/llega-el-mayor-evento-del-ano-la-feria-internacional-de-destinos-inteligentes-fidi\/","url":"https:\/\/www.celttv.com.ar\/index.php\/2020\/09\/04\/llega-el-mayor-evento-del-ano-la-feria-internacional-de-destinos-inteligentes-fidi\/","name":"LLEGA EL MAYOR EVENTO DEL A\u00d1O: LA FERIA INTERNACIONAL DE DESTINOS INTELIGENTES FIDI - CELTTV","isPartOf":{"@id":"https:\/\/www.celttv.com.ar\/#website"},"datePublished":"2020-09-04T14:44:52+00:00","dateModified":"2020-09-04T14:44:52+00:00","description":"Sitio web de noticias de la localidad de Tornquist, provincia de Buenos Aires, Rep\u00fablica Argentina. Contenido propio originado por periodistas de CELTTV, el canal de TV local de la Cooperativa El\u00e9ctrica de Tornquist. Turismo, Pol\u00edtica, Sociedad, Deporte, Cultura y todo el contenido de inter\u00e9s general que la gente del pueblo y la regi\u00f3n debe conocer.","breadcrumb":{"@id":"https:\/\/www.celttv.com.ar\/index.php\/2020\/09\/04\/llega-el-mayor-evento-del-ano-la-feria-internacional-de-destinos-inteligentes-fidi\/#breadcrumb"},"inLanguage":"es","potentialAction":[{"@type":"ReadAction","target":["https:\/\/www.celttv.com.ar\/index.php\/2020\/09\/04\/llega-el-mayor-evento-del-ano-la-feria-internacional-de-destinos-inteligentes-fidi\/"]}]},{"@type":"BreadcrumbList","@id":"https:\/\/www.celttv.com.ar\/index.php\/2020\/09\/04\/llega-el-mayor-evento-del-ano-la-feria-internacional-de-destinos-inteligentes-fidi\/#breadcrumb","itemListElement":[{"@type":"ListItem","position":1,"name":"Inicio","item":"https:\/\/www.celttv.com.ar\/"},{"@type":"ListItem","position":2,"name":"LLEGA EL MAYOR EVENTO DEL A\u00d1O: LA FERIA INTERNACIONAL DE DESTINOS INTELIGENTES FIDI"}]},{"@type":"WebSite","@id":"https:\/\/www.celttv.com.ar\/#website","url":"https:\/\/www.celttv.com.ar\/","name":"CELTTV","description":"Cooperativa El\u00e9ctrica de Tornquist","publisher":{"@id":"https:\/\/www.celttv.com.ar\/#organization"},"potentialAction":[{"@type":"SearchAction","target":{"@type":"EntryPoint","urlTemplate":"https:\/\/www.celttv.com.ar\/?s={search_term_string}"},"query-input":"required name=search_term_string"}],"inLanguage":"es"},{"@type":"Organization","@id":"https:\/\/www.celttv.com.ar\/#organization","name":"CELTTV","url":"https:\/\/www.celttv.com.ar\/","sameAs":["https:\/\/www.youtube.com\/channel\/UCz_oIt8Hig64Ub-EmcNPIhg","https:\/\/www.facebook.com\/celtTV\/"],"logo":{"@type":"ImageObject","inLanguage":"es","@id":"https:\/\/www.celttv.com.ar\/#\/schema\/logo\/image\/","url":"http:\/\/www.celttv.com.ar\/wp-content\/uploads\/2022\/08\/logo-1.png","contentUrl":"http:\/\/www.celttv.com.ar\/wp-content\/uploads\/2022\/08\/logo-1.png","width":461,"height":159,"caption":"CELTTV"},"image":{"@id":"https:\/\/www.celttv.com.ar\/#\/schema\/logo\/image\/"}},{"@type":"Person","@id":"https:\/\/www.celttv.com.ar\/#\/schema\/person\/6d99c072dba59953809c81446e9d0ace","name":"ulises","image":{"@type":"ImageObject","inLanguage":"es","@id":"https:\/\/www.celttv.com.ar\/#\/schema\/person\/image\/","url":"https:\/\/secure.gravatar.com\/avatar\/7f2c48bdc33b30088f941fb6082e555f2874c98e20cb159d7b92b50eadfce793?s=96&d=mm&r=g","contentUrl":"https:\/\/secure.gravatar.com\/avatar\/7f2c48bdc33b30088f941fb6082e555f2874c98e20cb159d7b92b50eadfce793?s=96&d=mm&r=g","caption":"ulises"},"sameAs":["http:\/\/www.celttv.com.ar"]}]}},"_links":{"self":[{"href":"https:\/\/www.celttv.com.ar\/index.php\/wp-json\/wp\/v2\/posts\/51844","targetHints":{"allow":["GET"]}}],"collection":[{"href":"https:\/\/www.celttv.com.ar\/index.php\/wp-json\/wp\/v2\/posts"}],"about":[{"href":"https:\/\/www.celttv.com.ar\/index.php\/wp-json\/wp\/v2\/types\/post"}],"author":[{"embeddable":true,"href":"https:\/\/www.celttv.com.ar\/index.php\/wp-json\/wp\/v2\/users\/1"}],"replies":[{"embeddable":true,"href":"https:\/\/www.celttv.com.ar\/index.php\/wp-json\/wp\/v2\/comments?post=51844"}],"version-history":[{"count":0,"href":"https:\/\/www.celttv.com.ar\/index.php\/wp-json\/wp\/v2\/posts\/51844\/revisions"}],"wp:featuredmedia":[{"embeddable":true,"href":"https:\/\/www.celttv.com.ar\/index.php\/wp-json\/wp\/v2\/media\/51845"}],"wp:attachment":[{"href":"https:\/\/www.celttv.com.ar\/index.php\/wp-json\/wp\/v2\/media?parent=51844"}],"wp:term":[{"taxonomy":"category","embeddable":true,"href":"https:\/\/www.celttv.com.ar\/index.php\/wp-json\/wp\/v2\/categories?post=51844"},{"taxonomy":"post_tag","embeddable":true,"href":"https:\/\/www.celttv.com.ar\/index.php\/wp-json\/wp\/v2\/tags?post=51844"}],"curies":[{"name":"wp","href":"https:\/\/api.w.org\/{rel}","templated":true}]}}