{"id":51852,"date":"2020-09-04T20:09:15","date_gmt":"2020-09-04T20:09:15","guid":{"rendered":"http:\/\/www.celttv.com.ar\/?p=51852"},"modified":"2020-09-04T20:09:15","modified_gmt":"2020-09-04T20:09:15","slug":"seria-una-irresponsabilidad-sanitaria-abrir-las-puertas-y-que-libremente-la-gente-de-bahia-blanca-y-el-amba-circule-por-nuestras-localidades","status":"publish","type":"post","link":"https:\/\/www.celttv.com.ar\/index.php\/2020\/09\/04\/seria-una-irresponsabilidad-sanitaria-abrir-las-puertas-y-que-libremente-la-gente-de-bahia-blanca-y-el-amba-circule-por-nuestras-localidades\/","title":{"rendered":"&#8220;Seria una irresponsabilidad sanitaria abrir las puertas y que libremente la gente de Bah\u00eda Blanca y el AMBA circule por nuestras localidades&#8221;"},"content":{"rendered":"<p>&#8220;No podemos cometer el error de precipitarnos y creer que est\u00e1 todo bien y que est\u00e1 todo absolutamente normal&#8221; dijo a CELTTV Noticias el Secretario de Gobierno y Seguridad Ezequiel Gabella al referirse a la actualidad epidemiol\u00f3gica en el distrito de Tornquist.<\/p>\n<p>&#8220;Los Municipios , en lo que respecta a infraestructura en el \u00e1rea de salud,\u00a0que somos sat\u00e9lites de Bah\u00eda Blanca no tenemos que mirar solamente que es lo que pasa en nuestro \u00e1rea de salud o en nuestros centros asistenciales; tenemos que ver que es lo que ocurre en Bah\u00eda Blanca tambi\u00e9n&#8221; se\u00f1al\u00f3 Gabella.<\/p>\n<p>El funcionario aclar\u00f3 que la situaci\u00f3n actual en la ciudad de Bah\u00eda Blanca en camas de terapia y \u00e1rea COVID es preocupante y no solamente afecta a la gente de Bahia Blanca sino a todos los Municipios de alrededor.<\/p>\n<p>&#8220;El mensaje nacional y provincial es no seguir ampliando rubros porque la situaci\u00f3n es compleja, mas all\u00e1 de la voluntad del Municipio de acelerar los procesos y querer que todo est\u00e9 normalizado cuanto antes, es\u00a0 un riego muy grande desobedecer lo que naci\u00f3n y provincia est\u00e1 diciendo&#8221; sostuvo Gabella.<\/p>\n<p>&#8220;En el contexto en que se encuentra hoy el Amba y Bah\u00eda Blanca seria una irresponsabilidad sanitaria abrir las puertas y que libremente la gente de Bah\u00eda Blanca y Buenos Aires circule por nuestras localidades&#8221;<\/p>\n<p>&#8220;Se que es lo que el turismo necesita pero hoy no est\u00e1n dadas las condiciones; si ofrecemos la posibilidad de que lleguen a la comarca gente de distritos mas peque\u00f1os que al menos algo pueden consumir. Sabemos que esa nos es la soluci\u00f3n a la enorme crisis que est\u00e1 viviendo el sector&#8221; asegur\u00f3.<\/p>\n<p><strong>NOTA COMPLETA EN VIDEO<\/strong><\/p>\n<p><iframe loading=\"lazy\" title=\"2020 09 04 COMUNICACION VIA SKYPE CON EZEQUIEL GABELLA\" width=\"500\" height=\"281\" src=\"https:\/\/www.youtube.com\/embed\/ZgRreE9c1AI?feature=oembed\" frameborder=\"0\" allow=\"accelerometer; autoplay; clipboard-write; encrypted-media; gyroscope; picture-in-picture; web-share\" referrerpolicy=\"strict-origin-when-cross-origin\" allowfullscreen><\/iframe><\/p>\n","protected":false},"excerpt":{"rendered":"<p>&#8220;No podemos cometer el error de precipitarnos y creer que est\u00e1 todo bien y que est\u00e1 todo absolutamente normal&#8221; dijo a CELTTV Noticias el Secretario de Gobierno y Seguridad Ezequiel Gabella al referirse a la actualidad epidemiol\u00f3gica en el distrito de Tornquist. &#8220;Los Municipios , en lo que respecta a infraestructura en el \u00e1rea de [&hellip;]<\/p>\n","protected":false},"author":1,"featured_media":51853,"comment_status":"closed","ping_status":"open","sticky":false,"template":"","format":"standard","meta":{"footnotes":""},"categories":[51,52,58],"tags":[],"class_list":["post-51852","post","type-post","status-publish","format-standard","has-post-thumbnail","hentry","category-comunidad","category-destacadas","category-turismo"],"yoast_head":"<!-- This site is optimized with the Yoast SEO plugin v19.7.1 - https:\/\/yoast.com\/wordpress\/plugins\/seo\/ -->\n<title>&quot;Seria una irresponsabilidad sanitaria abrir las puertas y que libremente la gente de Bah\u00eda Blanca y el AMBA circule por nuestras localidades&quot; - CELTTV<\/title>\n<meta name=\"description\" content=\"Sitio web de noticias de la localidad de Tornquist, provincia de Buenos Aires, Rep\u00fablica Argentina. Contenido propio originado por periodistas de CELTTV, el canal de TV local de la Cooperativa El\u00e9ctrica de Tornquist. Turismo, Pol\u00edtica, Sociedad, Deporte, Cultura y todo el contenido de inter\u00e9s general que la gente del pueblo y la regi\u00f3n debe conocer.\" \/>\n<meta name=\"robots\" content=\"index, follow, max-snippet:-1, max-image-preview:large, max-video-preview:-1\" \/>\n<link rel=\"canonical\" href=\"https:\/\/www.celttv.com.ar\/index.php\/2020\/09\/04\/seria-una-irresponsabilidad-sanitaria-abrir-las-puertas-y-que-libremente-la-gente-de-bahia-blanca-y-el-amba-circule-por-nuestras-localidades\/\" \/>\n<meta property=\"og:locale\" content=\"es_ES\" \/>\n<meta property=\"og:type\" content=\"article\" \/>\n<meta property=\"og:title\" content=\"&quot;Seria una irresponsabilidad sanitaria abrir las puertas y que libremente la gente de Bah\u00eda Blanca y el AMBA circule por nuestras localidades&quot; - CELTTV\" \/>\n<meta property=\"og:description\" content=\"Sitio web de noticias de la localidad de Tornquist, provincia de Buenos Aires, Rep\u00fablica Argentina. Contenido propio originado por periodistas de CELTTV, el canal de TV local de la Cooperativa El\u00e9ctrica de Tornquist. Turismo, Pol\u00edtica, Sociedad, Deporte, Cultura y todo el contenido de inter\u00e9s general que la gente del pueblo y la regi\u00f3n debe conocer.\" \/>\n<meta property=\"og:url\" content=\"https:\/\/www.celttv.com.ar\/index.php\/2020\/09\/04\/seria-una-irresponsabilidad-sanitaria-abrir-las-puertas-y-que-libremente-la-gente-de-bahia-blanca-y-el-amba-circule-por-nuestras-localidades\/\" \/>\n<meta property=\"og:site_name\" content=\"CELTTV\" \/>\n<meta property=\"article:publisher\" content=\"https:\/\/www.facebook.com\/celtTV\/\" \/>\n<meta property=\"article:published_time\" content=\"2020-09-04T20:09:15+00:00\" \/>\n<meta property=\"og:image\" content=\"https:\/\/www.celttv.com.ar\/wp-content\/uploads\/2020\/09\/gabella-nuevo-bien.jpg\" \/>\n\t<meta property=\"og:image:width\" content=\"727\" \/>\n\t<meta property=\"og:image:height\" content=\"453\" \/>\n\t<meta property=\"og:image:type\" content=\"image\/jpeg\" \/>\n<meta name=\"author\" content=\"ulises\" \/>\n<meta name=\"twitter:card\" content=\"summary_large_image\" \/>\n<meta name=\"twitter:label1\" content=\"Escrito por\" \/>\n\t<meta name=\"twitter:data1\" content=\"ulises\" \/>\n\t<meta name=\"twitter:label2\" content=\"Tiempo de lectura\" \/>\n\t<meta name=\"twitter:data2\" content=\"1 minuto\" \/>\n<script type=\"application\/ld+json\" class=\"yoast-schema-graph\">{\"@context\":\"https:\/\/schema.org\",\"@graph\":[{\"@type\":\"NewsArticle\",\"@id\":\"https:\/\/www.celttv.com.ar\/index.php\/2020\/09\/04\/seria-una-irresponsabilidad-sanitaria-abrir-las-puertas-y-que-libremente-la-gente-de-bahia-blanca-y-el-amba-circule-por-nuestras-localidades\/#article\",\"isPartOf\":{\"@id\":\"https:\/\/www.celttv.com.ar\/index.php\/2020\/09\/04\/seria-una-irresponsabilidad-sanitaria-abrir-las-puertas-y-que-libremente-la-gente-de-bahia-blanca-y-el-amba-circule-por-nuestras-localidades\/\"},\"author\":{\"name\":\"ulises\",\"@id\":\"https:\/\/www.celttv.com.ar\/#\/schema\/person\/6d99c072dba59953809c81446e9d0ace\"},\"headline\":\"&#8220;Seria una irresponsabilidad sanitaria abrir las puertas y que libremente la gente de Bah\u00eda Blanca y el AMBA circule por nuestras localidades&#8221;\",\"datePublished\":\"2020-09-04T20:09:15+00:00\",\"dateModified\":\"2020-09-04T20:09:15+00:00\",\"mainEntityOfPage\":{\"@id\":\"https:\/\/www.celttv.com.ar\/index.php\/2020\/09\/04\/seria-una-irresponsabilidad-sanitaria-abrir-las-puertas-y-que-libremente-la-gente-de-bahia-blanca-y-el-amba-circule-por-nuestras-localidades\/\"},\"wordCount\":319,\"publisher\":{\"@id\":\"https:\/\/www.celttv.com.ar\/#organization\"},\"articleSection\":[\"Comunidad\",\"Destacadas\",\"Turismo\"],\"inLanguage\":\"es\"},{\"@type\":\"WebPage\",\"@id\":\"https:\/\/www.celttv.com.ar\/index.php\/2020\/09\/04\/seria-una-irresponsabilidad-sanitaria-abrir-las-puertas-y-que-libremente-la-gente-de-bahia-blanca-y-el-amba-circule-por-nuestras-localidades\/\",\"url\":\"https:\/\/www.celttv.com.ar\/index.php\/2020\/09\/04\/seria-una-irresponsabilidad-sanitaria-abrir-las-puertas-y-que-libremente-la-gente-de-bahia-blanca-y-el-amba-circule-por-nuestras-localidades\/\",\"name\":\"\\\"Seria una irresponsabilidad sanitaria abrir las puertas y que libremente la gente de Bah\u00eda Blanca y el AMBA circule por nuestras localidades\\\" - CELTTV\",\"isPartOf\":{\"@id\":\"https:\/\/www.celttv.com.ar\/#website\"},\"datePublished\":\"2020-09-04T20:09:15+00:00\",\"dateModified\":\"2020-09-04T20:09:15+00:00\",\"description\":\"Sitio web de noticias de la localidad de Tornquist, provincia de Buenos Aires, Rep\u00fablica Argentina. Contenido propio originado por periodistas de CELTTV, el canal de TV local de la Cooperativa El\u00e9ctrica de Tornquist. Turismo, Pol\u00edtica, Sociedad, Deporte, Cultura y todo el contenido de inter\u00e9s general que la gente del pueblo y la regi\u00f3n debe conocer.\",\"breadcrumb\":{\"@id\":\"https:\/\/www.celttv.com.ar\/index.php\/2020\/09\/04\/seria-una-irresponsabilidad-sanitaria-abrir-las-puertas-y-que-libremente-la-gente-de-bahia-blanca-y-el-amba-circule-por-nuestras-localidades\/#breadcrumb\"},\"inLanguage\":\"es\",\"potentialAction\":[{\"@type\":\"ReadAction\",\"target\":[\"https:\/\/www.celttv.com.ar\/index.php\/2020\/09\/04\/seria-una-irresponsabilidad-sanitaria-abrir-las-puertas-y-que-libremente-la-gente-de-bahia-blanca-y-el-amba-circule-por-nuestras-localidades\/\"]}]},{\"@type\":\"BreadcrumbList\",\"@id\":\"https:\/\/www.celttv.com.ar\/index.php\/2020\/09\/04\/seria-una-irresponsabilidad-sanitaria-abrir-las-puertas-y-que-libremente-la-gente-de-bahia-blanca-y-el-amba-circule-por-nuestras-localidades\/#breadcrumb\",\"itemListElement\":[{\"@type\":\"ListItem\",\"position\":1,\"name\":\"Inicio\",\"item\":\"https:\/\/www.celttv.com.ar\/\"},{\"@type\":\"ListItem\",\"position\":2,\"name\":\"&#8220;Seria una irresponsabilidad sanitaria abrir las puertas y que libremente la gente de Bah\u00eda Blanca y el AMBA circule por nuestras localidades&#8221;\"}]},{\"@type\":\"WebSite\",\"@id\":\"https:\/\/www.celttv.com.ar\/#website\",\"url\":\"https:\/\/www.celttv.com.ar\/\",\"name\":\"CELTTV\",\"description\":\"Cooperativa El\u00e9ctrica de Tornquist\",\"publisher\":{\"@id\":\"https:\/\/www.celttv.com.ar\/#organization\"},\"potentialAction\":[{\"@type\":\"SearchAction\",\"target\":{\"@type\":\"EntryPoint\",\"urlTemplate\":\"https:\/\/www.celttv.com.ar\/?s={search_term_string}\"},\"query-input\":\"required name=search_term_string\"}],\"inLanguage\":\"es\"},{\"@type\":\"Organization\",\"@id\":\"https:\/\/www.celttv.com.ar\/#organization\",\"name\":\"CELTTV\",\"url\":\"https:\/\/www.celttv.com.ar\/\",\"sameAs\":[\"https:\/\/www.youtube.com\/channel\/UCz_oIt8Hig64Ub-EmcNPIhg\",\"https:\/\/www.facebook.com\/celtTV\/\"],\"logo\":{\"@type\":\"ImageObject\",\"inLanguage\":\"es\",\"@id\":\"https:\/\/www.celttv.com.ar\/#\/schema\/logo\/image\/\",\"url\":\"http:\/\/www.celttv.com.ar\/wp-content\/uploads\/2022\/08\/logo-1.png\",\"contentUrl\":\"http:\/\/www.celttv.com.ar\/wp-content\/uploads\/2022\/08\/logo-1.png\",\"width\":461,\"height\":159,\"caption\":\"CELTTV\"},\"image\":{\"@id\":\"https:\/\/www.celttv.com.ar\/#\/schema\/logo\/image\/\"}},{\"@type\":\"Person\",\"@id\":\"https:\/\/www.celttv.com.ar\/#\/schema\/person\/6d99c072dba59953809c81446e9d0ace\",\"name\":\"ulises\",\"image\":{\"@type\":\"ImageObject\",\"inLanguage\":\"es\",\"@id\":\"https:\/\/www.celttv.com.ar\/#\/schema\/person\/image\/\",\"url\":\"https:\/\/secure.gravatar.com\/avatar\/7f2c48bdc33b30088f941fb6082e555f2874c98e20cb159d7b92b50eadfce793?s=96&d=mm&r=g\",\"contentUrl\":\"https:\/\/secure.gravatar.com\/avatar\/7f2c48bdc33b30088f941fb6082e555f2874c98e20cb159d7b92b50eadfce793?s=96&d=mm&r=g\",\"caption\":\"ulises\"},\"sameAs\":[\"http:\/\/www.celttv.com.ar\"]}]}<\/script>\n<!-- \/ Yoast SEO plugin. -->","yoast_head_json":{"title":"\"Seria una irresponsabilidad sanitaria abrir las puertas y que libremente la gente de Bah\u00eda Blanca y el AMBA circule por nuestras localidades\" - CELTTV","description":"Sitio web de noticias de la localidad de Tornquist, provincia de Buenos Aires, Rep\u00fablica Argentina. Contenido propio originado por periodistas de CELTTV, el canal de TV local de la Cooperativa El\u00e9ctrica de Tornquist. Turismo, Pol\u00edtica, Sociedad, Deporte, Cultura y todo el contenido de inter\u00e9s general que la gente del pueblo y la regi\u00f3n debe conocer.","robots":{"index":"index","follow":"follow","max-snippet":"max-snippet:-1","max-image-preview":"max-image-preview:large","max-video-preview":"max-video-preview:-1"},"canonical":"https:\/\/www.celttv.com.ar\/index.php\/2020\/09\/04\/seria-una-irresponsabilidad-sanitaria-abrir-las-puertas-y-que-libremente-la-gente-de-bahia-blanca-y-el-amba-circule-por-nuestras-localidades\/","og_locale":"es_ES","og_type":"article","og_title":"\"Seria una irresponsabilidad sanitaria abrir las puertas y que libremente la gente de Bah\u00eda Blanca y el AMBA circule por nuestras localidades\" - CELTTV","og_description":"Sitio web de noticias de la localidad de Tornquist, provincia de Buenos Aires, Rep\u00fablica Argentina. Contenido propio originado por periodistas de CELTTV, el canal de TV local de la Cooperativa El\u00e9ctrica de Tornquist. Turismo, Pol\u00edtica, Sociedad, Deporte, Cultura y todo el contenido de inter\u00e9s general que la gente del pueblo y la regi\u00f3n debe conocer.","og_url":"https:\/\/www.celttv.com.ar\/index.php\/2020\/09\/04\/seria-una-irresponsabilidad-sanitaria-abrir-las-puertas-y-que-libremente-la-gente-de-bahia-blanca-y-el-amba-circule-por-nuestras-localidades\/","og_site_name":"CELTTV","article_publisher":"https:\/\/www.facebook.com\/celtTV\/","article_published_time":"2020-09-04T20:09:15+00:00","og_image":[{"width":727,"height":453,"url":"https:\/\/www.celttv.com.ar\/wp-content\/uploads\/2020\/09\/gabella-nuevo-bien.jpg","type":"image\/jpeg"}],"author":"ulises","twitter_card":"summary_large_image","twitter_misc":{"Escrito por":"ulises","Tiempo de lectura":"1 minuto"},"schema":{"@context":"https:\/\/schema.org","@graph":[{"@type":"NewsArticle","@id":"https:\/\/www.celttv.com.ar\/index.php\/2020\/09\/04\/seria-una-irresponsabilidad-sanitaria-abrir-las-puertas-y-que-libremente-la-gente-de-bahia-blanca-y-el-amba-circule-por-nuestras-localidades\/#article","isPartOf":{"@id":"https:\/\/www.celttv.com.ar\/index.php\/2020\/09\/04\/seria-una-irresponsabilidad-sanitaria-abrir-las-puertas-y-que-libremente-la-gente-de-bahia-blanca-y-el-amba-circule-por-nuestras-localidades\/"},"author":{"name":"ulises","@id":"https:\/\/www.celttv.com.ar\/#\/schema\/person\/6d99c072dba59953809c81446e9d0ace"},"headline":"&#8220;Seria una irresponsabilidad sanitaria abrir las puertas y que libremente la gente de Bah\u00eda Blanca y el AMBA circule por nuestras localidades&#8221;","datePublished":"2020-09-04T20:09:15+00:00","dateModified":"2020-09-04T20:09:15+00:00","mainEntityOfPage":{"@id":"https:\/\/www.celttv.com.ar\/index.php\/2020\/09\/04\/seria-una-irresponsabilidad-sanitaria-abrir-las-puertas-y-que-libremente-la-gente-de-bahia-blanca-y-el-amba-circule-por-nuestras-localidades\/"},"wordCount":319,"publisher":{"@id":"https:\/\/www.celttv.com.ar\/#organization"},"articleSection":["Comunidad","Destacadas","Turismo"],"inLanguage":"es"},{"@type":"WebPage","@id":"https:\/\/www.celttv.com.ar\/index.php\/2020\/09\/04\/seria-una-irresponsabilidad-sanitaria-abrir-las-puertas-y-que-libremente-la-gente-de-bahia-blanca-y-el-amba-circule-por-nuestras-localidades\/","url":"https:\/\/www.celttv.com.ar\/index.php\/2020\/09\/04\/seria-una-irresponsabilidad-sanitaria-abrir-las-puertas-y-que-libremente-la-gente-de-bahia-blanca-y-el-amba-circule-por-nuestras-localidades\/","name":"\"Seria una irresponsabilidad sanitaria abrir las puertas y que libremente la gente de Bah\u00eda Blanca y el AMBA circule por nuestras localidades\" - CELTTV","isPartOf":{"@id":"https:\/\/www.celttv.com.ar\/#website"},"datePublished":"2020-09-04T20:09:15+00:00","dateModified":"2020-09-04T20:09:15+00:00","description":"Sitio web de noticias de la localidad de Tornquist, provincia de Buenos Aires, Rep\u00fablica Argentina. Contenido propio originado por periodistas de CELTTV, el canal de TV local de la Cooperativa El\u00e9ctrica de Tornquist. Turismo, Pol\u00edtica, Sociedad, Deporte, Cultura y todo el contenido de inter\u00e9s general que la gente del pueblo y la regi\u00f3n debe conocer.","breadcrumb":{"@id":"https:\/\/www.celttv.com.ar\/index.php\/2020\/09\/04\/seria-una-irresponsabilidad-sanitaria-abrir-las-puertas-y-que-libremente-la-gente-de-bahia-blanca-y-el-amba-circule-por-nuestras-localidades\/#breadcrumb"},"inLanguage":"es","potentialAction":[{"@type":"ReadAction","target":["https:\/\/www.celttv.com.ar\/index.php\/2020\/09\/04\/seria-una-irresponsabilidad-sanitaria-abrir-las-puertas-y-que-libremente-la-gente-de-bahia-blanca-y-el-amba-circule-por-nuestras-localidades\/"]}]},{"@type":"BreadcrumbList","@id":"https:\/\/www.celttv.com.ar\/index.php\/2020\/09\/04\/seria-una-irresponsabilidad-sanitaria-abrir-las-puertas-y-que-libremente-la-gente-de-bahia-blanca-y-el-amba-circule-por-nuestras-localidades\/#breadcrumb","itemListElement":[{"@type":"ListItem","position":1,"name":"Inicio","item":"https:\/\/www.celttv.com.ar\/"},{"@type":"ListItem","position":2,"name":"&#8220;Seria una irresponsabilidad sanitaria abrir las puertas y que libremente la gente de Bah\u00eda Blanca y el AMBA circule por nuestras localidades&#8221;"}]},{"@type":"WebSite","@id":"https:\/\/www.celttv.com.ar\/#website","url":"https:\/\/www.celttv.com.ar\/","name":"CELTTV","description":"Cooperativa El\u00e9ctrica de Tornquist","publisher":{"@id":"https:\/\/www.celttv.com.ar\/#organization"},"potentialAction":[{"@type":"SearchAction","target":{"@type":"EntryPoint","urlTemplate":"https:\/\/www.celttv.com.ar\/?s={search_term_string}"},"query-input":"required name=search_term_string"}],"inLanguage":"es"},{"@type":"Organization","@id":"https:\/\/www.celttv.com.ar\/#organization","name":"CELTTV","url":"https:\/\/www.celttv.com.ar\/","sameAs":["https:\/\/www.youtube.com\/channel\/UCz_oIt8Hig64Ub-EmcNPIhg","https:\/\/www.facebook.com\/celtTV\/"],"logo":{"@type":"ImageObject","inLanguage":"es","@id":"https:\/\/www.celttv.com.ar\/#\/schema\/logo\/image\/","url":"http:\/\/www.celttv.com.ar\/wp-content\/uploads\/2022\/08\/logo-1.png","contentUrl":"http:\/\/www.celttv.com.ar\/wp-content\/uploads\/2022\/08\/logo-1.png","width":461,"height":159,"caption":"CELTTV"},"image":{"@id":"https:\/\/www.celttv.com.ar\/#\/schema\/logo\/image\/"}},{"@type":"Person","@id":"https:\/\/www.celttv.com.ar\/#\/schema\/person\/6d99c072dba59953809c81446e9d0ace","name":"ulises","image":{"@type":"ImageObject","inLanguage":"es","@id":"https:\/\/www.celttv.com.ar\/#\/schema\/person\/image\/","url":"https:\/\/secure.gravatar.com\/avatar\/7f2c48bdc33b30088f941fb6082e555f2874c98e20cb159d7b92b50eadfce793?s=96&d=mm&r=g","contentUrl":"https:\/\/secure.gravatar.com\/avatar\/7f2c48bdc33b30088f941fb6082e555f2874c98e20cb159d7b92b50eadfce793?s=96&d=mm&r=g","caption":"ulises"},"sameAs":["http:\/\/www.celttv.com.ar"]}]}},"_links":{"self":[{"href":"https:\/\/www.celttv.com.ar\/index.php\/wp-json\/wp\/v2\/posts\/51852","targetHints":{"allow":["GET"]}}],"collection":[{"href":"https:\/\/www.celttv.com.ar\/index.php\/wp-json\/wp\/v2\/posts"}],"about":[{"href":"https:\/\/www.celttv.com.ar\/index.php\/wp-json\/wp\/v2\/types\/post"}],"author":[{"embeddable":true,"href":"https:\/\/www.celttv.com.ar\/index.php\/wp-json\/wp\/v2\/users\/1"}],"replies":[{"embeddable":true,"href":"https:\/\/www.celttv.com.ar\/index.php\/wp-json\/wp\/v2\/comments?post=51852"}],"version-history":[{"count":0,"href":"https:\/\/www.celttv.com.ar\/index.php\/wp-json\/wp\/v2\/posts\/51852\/revisions"}],"wp:featuredmedia":[{"embeddable":true,"href":"https:\/\/www.celttv.com.ar\/index.php\/wp-json\/wp\/v2\/media\/51853"}],"wp:attachment":[{"href":"https:\/\/www.celttv.com.ar\/index.php\/wp-json\/wp\/v2\/media?parent=51852"}],"wp:term":[{"taxonomy":"category","embeddable":true,"href":"https:\/\/www.celttv.com.ar\/index.php\/wp-json\/wp\/v2\/categories?post=51852"},{"taxonomy":"post_tag","embeddable":true,"href":"https:\/\/www.celttv.com.ar\/index.php\/wp-json\/wp\/v2\/tags?post=51852"}],"curies":[{"name":"wp","href":"https:\/\/api.w.org\/{rel}","templated":true}]}}