{"id":519,"date":"2011-08-04T19:41:37","date_gmt":"2011-08-04T19:41:37","guid":{"rendered":"http:\/\/www.tvcnoticias.com.ar\/?p=519"},"modified":"2011-08-04T19:41:37","modified_gmt":"2011-08-04T19:41:37","slug":"turismo-positivo-saldo-en-vacaciones-de-invierno","status":"publish","type":"post","link":"https:\/\/www.celttv.com.ar\/index.php\/2011\/08\/04\/turismo-positivo-saldo-en-vacaciones-de-invierno\/","title":{"rendered":"TURISMO: POSITIVO SALDO EN VACACIONES DE INVIERNO"},"content":{"rendered":"<p><strong><span style=\"font-size: xx-large; font-family: Arial Narrow;\">\u00a0<br \/>\n<\/span><\/strong><a href=\"http:\/\/www.youtube.com\/watch?v=2cdQHkq0QY0\">httpv:\/\/www.youtube.com\/watch?v=2cdQHkq0QY0<\/a><br \/>\nSe incremento en un 15% el n\u00famero de turistas en vacaciones de invierno<br \/>\nLa Direcci\u00f3n de Turismo de la Municipalidad de Tornquist informa que, seg\u00fan los registros obtenidos en las Oficinas de Informes Tur\u00edsticos de la Comarca, durante las vacaciones de invierno se aprecia un aumento de alrededor del 15% en el n\u00famero de visitantes que arribaron a nuestro Distrito con respecto al mismo per\u00edodo del a\u00f1o anterior.<br \/>\nEn cuanto a las caracter\u00edsticas de la demanda en su mayor\u00eda son familias j\u00f3venes con hijos peque\u00f1os, seguidos por parejas j\u00f3venes y jubilados, que permanecieron en la Comarca entre 3 y 5 d\u00edas, siendo el autom\u00f3vil el medio de transporte m\u00e1s utilizado.<br \/>\nLos alojamientos elegidos para hospedarse fueron en un mayor porcentaje caba\u00f1as y hoteles, alcanzando una ocupaci\u00f3n entre semana de alrededor del 65%, la cual ascendi\u00f3 al 95% durante el fin de semana del 23 y 24 de Julio.<br \/>\nEs importante destacar que el 51% de los turistas que visitaron las oficinas de informes se acercaron a la Comarca por recomendaci\u00f3n de familiares o amigos, seguidos por un 38% que reiter\u00f3 su visita, dando la pauta del alto grado de satisfacci\u00f3n con que los turistas se retiran de nuestro destino, lo que los invita a regresar o recomendarnos.<br \/>\nLa postal de la estad\u00eda en la Comarca en las nuevas instalaciones del mirador, con el Cerro Ventana como escenario, fue la m\u00e1s elegida. La nieve fue uno de los condimentos de estas vacaciones, permitiendo a pobladores y turistas disfrutar de hermosos paisajes cubiertos por un manto blanco.<br \/>\n\u00a0Los d\u00edas soleados permitieron a quienes nos visitaron disfrutar de todas las actividades que ofrece nuestro Distrito: cabalgatas, trekking, travesias 4&#215;4, cuatriciclos, mountain bike, ascenso al Cerro Tres Picos y Cerro Funke, excursiones del Parque Provincial, visitas a las Ruinas del Club Hotel, museo, visitas a artesanos, bodega, f\u00e1bricas de productos regionales, avistaje de flora y fauna, contemplaci\u00f3n de las obras de Francisco Salamone, Fuerte Argentino, entre otras; adem\u00e1s de los juegos inflables de la Secretar\u00eda de Turismo de la Provincia de Buenos Aires y los eventos programados y shows que brindaron en las distintas localidades Paola Polinori, Emilce Seghetta, Compa\u00f1\u00eda Girosc\u00f3pica, Ojitos de Agua,\u00a0 Ana Torres y Mart\u00edn Rosatelli, Jonathan Rond\u00e1n y Carlos Porsel, auspiciados por la Municipalidad de Tornquist.<br \/>\n<a rel=\"attachment wp-att-520\" href=\"http:\/\/www.tvcnoticias.com.ar\/?attachment_id=520\"><img loading=\"lazy\" decoding=\"async\" class=\"aligncenter size-full wp-image-520\" title=\"DSC01406 (Small)\" src=\"http:\/\/www.tvcnoticias.com.ar\/wp-content\/uploads\/2011\/08\/DSC01406-Small.jpg\" alt=\"\" width=\"640\" height=\"480\" \/><\/a><br \/>\n<a rel=\"attachment wp-att-522\" href=\"http:\/\/www.tvcnoticias.com.ar\/?attachment_id=522\"><img loading=\"lazy\" decoding=\"async\" class=\"aligncenter size-full wp-image-522\" title=\"VACACIONES 1 MIRADOR (Small)\" src=\"http:\/\/www.tvcnoticias.com.ar\/wp-content\/uploads\/2011\/08\/VACACIONES-1-MIRADOR-Small.jpg\" alt=\"\" width=\"640\" height=\"307\" \/><\/a><a rel=\"attachment wp-att-521\" href=\"http:\/\/www.tvcnoticias.com.ar\/?attachment_id=521\"><img loading=\"lazy\" decoding=\"async\" class=\"aligncenter size-full wp-image-521\" title=\"VACACIONES JANINA TORRES (Small)\" src=\"http:\/\/www.tvcnoticias.com.ar\/wp-content\/uploads\/2011\/08\/VACACIONES-JANINA-TORRES-Small.jpg\" alt=\"\" width=\"640\" height=\"475\" \/><\/a><br \/>\n<a rel=\"attachment wp-att-524\" href=\"http:\/\/www.tvcnoticias.com.ar\/?attachment_id=524\"><img loading=\"lazy\" decoding=\"async\" class=\"aligncenter size-full wp-image-524\" title=\"VACACIONES 3 JUEGOS (Small)\" src=\"http:\/\/www.tvcnoticias.com.ar\/wp-content\/uploads\/2011\/08\/VACACIONES-3-JUEGOS-Small.jpg\" alt=\"\" width=\"640\" height=\"480\" \/><\/a><a rel=\"attachment wp-att-523\" href=\"http:\/\/www.tvcnoticias.com.ar\/?attachment_id=523\"><img loading=\"lazy\" decoding=\"async\" class=\"aligncenter size-full wp-image-523\" title=\"VACACIONES 2 CANTANTE (Small)\" src=\"http:\/\/www.tvcnoticias.com.ar\/wp-content\/uploads\/2011\/08\/VACACIONES-2-CANTANTE-Small.jpg\" alt=\"\" width=\"640\" height=\"598\" \/><\/a><br \/>\n<a rel=\"attachment wp-att-525\" href=\"http:\/\/www.tvcnoticias.com.ar\/?attachment_id=525\"><img loading=\"lazy\" decoding=\"async\" class=\"aligncenter size-full wp-image-525\" title=\"VACACIONES 4 CHICOS (Small)\" src=\"http:\/\/www.tvcnoticias.com.ar\/wp-content\/uploads\/2011\/08\/VACACIONES-4-CHICOS-Small.jpg\" alt=\"\" width=\"640\" height=\"480\" \/><\/a><\/p>\n","protected":false},"excerpt":{"rendered":"<p>\u00a0 httpv:\/\/www.youtube.com\/watch?v=2cdQHkq0QY0 Se incremento en un 15% el n\u00famero de turistas en vacaciones de invierno La Direcci\u00f3n de Turismo de la Municipalidad de Tornquist informa que, seg\u00fan los registros obtenidos en las Oficinas de Informes Tur\u00edsticos de la Comarca, durante las vacaciones de invierno se aprecia un aumento de alrededor del 15% en el n\u00famero [&hellip;]<\/p>\n","protected":false},"author":1,"featured_media":0,"comment_status":"closed","ping_status":"open","sticky":false,"template":"","format":"standard","meta":{"footnotes":""},"categories":[51,52,64],"tags":[],"class_list":["post-519","post","type-post","status-publish","format-standard","hentry","category-comunidad","category-destacadas","category-videos-destacados"],"yoast_head":"<!-- This site is optimized with the Yoast SEO plugin v19.7.1 - https:\/\/yoast.com\/wordpress\/plugins\/seo\/ -->\n<title>TURISMO: POSITIVO SALDO EN VACACIONES DE INVIERNO - CELTTV<\/title>\n<meta name=\"description\" content=\"Sitio web de noticias de la localidad de Tornquist, provincia de Buenos Aires, Rep\u00fablica Argentina. Contenido propio originado por periodistas de CELTTV, el canal de TV local de la Cooperativa El\u00e9ctrica de Tornquist. Turismo, Pol\u00edtica, Sociedad, Deporte, Cultura y todo el contenido de inter\u00e9s general que la gente del pueblo y la regi\u00f3n debe conocer.\" \/>\n<meta name=\"robots\" content=\"index, follow, max-snippet:-1, max-image-preview:large, max-video-preview:-1\" \/>\n<link rel=\"canonical\" href=\"https:\/\/www.celttv.com.ar\/index.php\/2011\/08\/04\/turismo-positivo-saldo-en-vacaciones-de-invierno\/\" \/>\n<meta property=\"og:locale\" content=\"es_ES\" \/>\n<meta property=\"og:type\" content=\"article\" \/>\n<meta property=\"og:title\" content=\"TURISMO: POSITIVO SALDO EN VACACIONES DE INVIERNO - CELTTV\" \/>\n<meta property=\"og:description\" content=\"Sitio web de noticias de la localidad de Tornquist, provincia de Buenos Aires, Rep\u00fablica Argentina. Contenido propio originado por periodistas de CELTTV, el canal de TV local de la Cooperativa El\u00e9ctrica de Tornquist. Turismo, Pol\u00edtica, Sociedad, Deporte, Cultura y todo el contenido de inter\u00e9s general que la gente del pueblo y la regi\u00f3n debe conocer.\" \/>\n<meta property=\"og:url\" content=\"https:\/\/www.celttv.com.ar\/index.php\/2011\/08\/04\/turismo-positivo-saldo-en-vacaciones-de-invierno\/\" \/>\n<meta property=\"og:site_name\" content=\"CELTTV\" \/>\n<meta property=\"article:publisher\" content=\"https:\/\/www.facebook.com\/celtTV\/\" \/>\n<meta property=\"article:published_time\" content=\"2011-08-04T19:41:37+00:00\" \/>\n<meta property=\"og:image\" content=\"http:\/\/www.tvcnoticias.com.ar\/wp-content\/uploads\/2011\/08\/DSC01406-Small.jpg\" \/>\n<meta name=\"author\" content=\"ulises\" \/>\n<meta name=\"twitter:card\" content=\"summary_large_image\" \/>\n<meta name=\"twitter:label1\" content=\"Escrito por\" \/>\n\t<meta name=\"twitter:data1\" content=\"ulises\" \/>\n\t<meta name=\"twitter:label2\" content=\"Tiempo de lectura\" \/>\n\t<meta name=\"twitter:data2\" content=\"2 minutos\" \/>\n<script type=\"application\/ld+json\" class=\"yoast-schema-graph\">{\"@context\":\"https:\/\/schema.org\",\"@graph\":[{\"@type\":\"NewsArticle\",\"@id\":\"https:\/\/www.celttv.com.ar\/index.php\/2011\/08\/04\/turismo-positivo-saldo-en-vacaciones-de-invierno\/#article\",\"isPartOf\":{\"@id\":\"https:\/\/www.celttv.com.ar\/index.php\/2011\/08\/04\/turismo-positivo-saldo-en-vacaciones-de-invierno\/\"},\"author\":{\"name\":\"ulises\",\"@id\":\"https:\/\/www.celttv.com.ar\/#\/schema\/person\/6d99c072dba59953809c81446e9d0ace\"},\"headline\":\"TURISMO: POSITIVO SALDO EN VACACIONES DE INVIERNO\",\"datePublished\":\"2011-08-04T19:41:37+00:00\",\"dateModified\":\"2011-08-04T19:41:37+00:00\",\"mainEntityOfPage\":{\"@id\":\"https:\/\/www.celttv.com.ar\/index.php\/2011\/08\/04\/turismo-positivo-saldo-en-vacaciones-de-invierno\/\"},\"wordCount\":411,\"publisher\":{\"@id\":\"https:\/\/www.celttv.com.ar\/#organization\"},\"articleSection\":[\"Comunidad\",\"Destacadas\",\"Videos Destacados\"],\"inLanguage\":\"es\"},{\"@type\":\"WebPage\",\"@id\":\"https:\/\/www.celttv.com.ar\/index.php\/2011\/08\/04\/turismo-positivo-saldo-en-vacaciones-de-invierno\/\",\"url\":\"https:\/\/www.celttv.com.ar\/index.php\/2011\/08\/04\/turismo-positivo-saldo-en-vacaciones-de-invierno\/\",\"name\":\"TURISMO: POSITIVO SALDO EN VACACIONES DE INVIERNO - CELTTV\",\"isPartOf\":{\"@id\":\"https:\/\/www.celttv.com.ar\/#website\"},\"datePublished\":\"2011-08-04T19:41:37+00:00\",\"dateModified\":\"2011-08-04T19:41:37+00:00\",\"description\":\"Sitio web de noticias de la localidad de Tornquist, provincia de Buenos Aires, Rep\u00fablica Argentina. Contenido propio originado por periodistas de CELTTV, el canal de TV local de la Cooperativa El\u00e9ctrica de Tornquist. Turismo, Pol\u00edtica, Sociedad, Deporte, Cultura y todo el contenido de inter\u00e9s general que la gente del pueblo y la regi\u00f3n debe conocer.\",\"breadcrumb\":{\"@id\":\"https:\/\/www.celttv.com.ar\/index.php\/2011\/08\/04\/turismo-positivo-saldo-en-vacaciones-de-invierno\/#breadcrumb\"},\"inLanguage\":\"es\",\"potentialAction\":[{\"@type\":\"ReadAction\",\"target\":[\"https:\/\/www.celttv.com.ar\/index.php\/2011\/08\/04\/turismo-positivo-saldo-en-vacaciones-de-invierno\/\"]}]},{\"@type\":\"BreadcrumbList\",\"@id\":\"https:\/\/www.celttv.com.ar\/index.php\/2011\/08\/04\/turismo-positivo-saldo-en-vacaciones-de-invierno\/#breadcrumb\",\"itemListElement\":[{\"@type\":\"ListItem\",\"position\":1,\"name\":\"Inicio\",\"item\":\"https:\/\/www.celttv.com.ar\/\"},{\"@type\":\"ListItem\",\"position\":2,\"name\":\"TURISMO: POSITIVO SALDO EN VACACIONES DE INVIERNO\"}]},{\"@type\":\"WebSite\",\"@id\":\"https:\/\/www.celttv.com.ar\/#website\",\"url\":\"https:\/\/www.celttv.com.ar\/\",\"name\":\"CELTTV\",\"description\":\"Cooperativa El\u00e9ctrica de Tornquist\",\"publisher\":{\"@id\":\"https:\/\/www.celttv.com.ar\/#organization\"},\"potentialAction\":[{\"@type\":\"SearchAction\",\"target\":{\"@type\":\"EntryPoint\",\"urlTemplate\":\"https:\/\/www.celttv.com.ar\/?s={search_term_string}\"},\"query-input\":\"required name=search_term_string\"}],\"inLanguage\":\"es\"},{\"@type\":\"Organization\",\"@id\":\"https:\/\/www.celttv.com.ar\/#organization\",\"name\":\"CELTTV\",\"url\":\"https:\/\/www.celttv.com.ar\/\",\"sameAs\":[\"https:\/\/www.youtube.com\/channel\/UCz_oIt8Hig64Ub-EmcNPIhg\",\"https:\/\/www.facebook.com\/celtTV\/\"],\"logo\":{\"@type\":\"ImageObject\",\"inLanguage\":\"es\",\"@id\":\"https:\/\/www.celttv.com.ar\/#\/schema\/logo\/image\/\",\"url\":\"http:\/\/www.celttv.com.ar\/wp-content\/uploads\/2022\/08\/logo-1.png\",\"contentUrl\":\"http:\/\/www.celttv.com.ar\/wp-content\/uploads\/2022\/08\/logo-1.png\",\"width\":461,\"height\":159,\"caption\":\"CELTTV\"},\"image\":{\"@id\":\"https:\/\/www.celttv.com.ar\/#\/schema\/logo\/image\/\"}},{\"@type\":\"Person\",\"@id\":\"https:\/\/www.celttv.com.ar\/#\/schema\/person\/6d99c072dba59953809c81446e9d0ace\",\"name\":\"ulises\",\"image\":{\"@type\":\"ImageObject\",\"inLanguage\":\"es\",\"@id\":\"https:\/\/www.celttv.com.ar\/#\/schema\/person\/image\/\",\"url\":\"https:\/\/secure.gravatar.com\/avatar\/7f2c48bdc33b30088f941fb6082e555f2874c98e20cb159d7b92b50eadfce793?s=96&d=mm&r=g\",\"contentUrl\":\"https:\/\/secure.gravatar.com\/avatar\/7f2c48bdc33b30088f941fb6082e555f2874c98e20cb159d7b92b50eadfce793?s=96&d=mm&r=g\",\"caption\":\"ulises\"},\"sameAs\":[\"http:\/\/www.celttv.com.ar\"]}]}<\/script>\n<!-- \/ Yoast SEO plugin. -->","yoast_head_json":{"title":"TURISMO: POSITIVO SALDO EN VACACIONES DE INVIERNO - CELTTV","description":"Sitio web de noticias de la localidad de Tornquist, provincia de Buenos Aires, Rep\u00fablica Argentina. Contenido propio originado por periodistas de CELTTV, el canal de TV local de la Cooperativa El\u00e9ctrica de Tornquist. Turismo, Pol\u00edtica, Sociedad, Deporte, Cultura y todo el contenido de inter\u00e9s general que la gente del pueblo y la regi\u00f3n debe conocer.","robots":{"index":"index","follow":"follow","max-snippet":"max-snippet:-1","max-image-preview":"max-image-preview:large","max-video-preview":"max-video-preview:-1"},"canonical":"https:\/\/www.celttv.com.ar\/index.php\/2011\/08\/04\/turismo-positivo-saldo-en-vacaciones-de-invierno\/","og_locale":"es_ES","og_type":"article","og_title":"TURISMO: POSITIVO SALDO EN VACACIONES DE INVIERNO - CELTTV","og_description":"Sitio web de noticias de la localidad de Tornquist, provincia de Buenos Aires, Rep\u00fablica Argentina. Contenido propio originado por periodistas de CELTTV, el canal de TV local de la Cooperativa El\u00e9ctrica de Tornquist. Turismo, Pol\u00edtica, Sociedad, Deporte, Cultura y todo el contenido de inter\u00e9s general que la gente del pueblo y la regi\u00f3n debe conocer.","og_url":"https:\/\/www.celttv.com.ar\/index.php\/2011\/08\/04\/turismo-positivo-saldo-en-vacaciones-de-invierno\/","og_site_name":"CELTTV","article_publisher":"https:\/\/www.facebook.com\/celtTV\/","article_published_time":"2011-08-04T19:41:37+00:00","og_image":[{"url":"http:\/\/www.tvcnoticias.com.ar\/wp-content\/uploads\/2011\/08\/DSC01406-Small.jpg"}],"author":"ulises","twitter_card":"summary_large_image","twitter_misc":{"Escrito por":"ulises","Tiempo de lectura":"2 minutos"},"schema":{"@context":"https:\/\/schema.org","@graph":[{"@type":"NewsArticle","@id":"https:\/\/www.celttv.com.ar\/index.php\/2011\/08\/04\/turismo-positivo-saldo-en-vacaciones-de-invierno\/#article","isPartOf":{"@id":"https:\/\/www.celttv.com.ar\/index.php\/2011\/08\/04\/turismo-positivo-saldo-en-vacaciones-de-invierno\/"},"author":{"name":"ulises","@id":"https:\/\/www.celttv.com.ar\/#\/schema\/person\/6d99c072dba59953809c81446e9d0ace"},"headline":"TURISMO: POSITIVO SALDO EN VACACIONES DE INVIERNO","datePublished":"2011-08-04T19:41:37+00:00","dateModified":"2011-08-04T19:41:37+00:00","mainEntityOfPage":{"@id":"https:\/\/www.celttv.com.ar\/index.php\/2011\/08\/04\/turismo-positivo-saldo-en-vacaciones-de-invierno\/"},"wordCount":411,"publisher":{"@id":"https:\/\/www.celttv.com.ar\/#organization"},"articleSection":["Comunidad","Destacadas","Videos Destacados"],"inLanguage":"es"},{"@type":"WebPage","@id":"https:\/\/www.celttv.com.ar\/index.php\/2011\/08\/04\/turismo-positivo-saldo-en-vacaciones-de-invierno\/","url":"https:\/\/www.celttv.com.ar\/index.php\/2011\/08\/04\/turismo-positivo-saldo-en-vacaciones-de-invierno\/","name":"TURISMO: POSITIVO SALDO EN VACACIONES DE INVIERNO - CELTTV","isPartOf":{"@id":"https:\/\/www.celttv.com.ar\/#website"},"datePublished":"2011-08-04T19:41:37+00:00","dateModified":"2011-08-04T19:41:37+00:00","description":"Sitio web de noticias de la localidad de Tornquist, provincia de Buenos Aires, Rep\u00fablica Argentina. Contenido propio originado por periodistas de CELTTV, el canal de TV local de la Cooperativa El\u00e9ctrica de Tornquist. Turismo, Pol\u00edtica, Sociedad, Deporte, Cultura y todo el contenido de inter\u00e9s general que la gente del pueblo y la regi\u00f3n debe conocer.","breadcrumb":{"@id":"https:\/\/www.celttv.com.ar\/index.php\/2011\/08\/04\/turismo-positivo-saldo-en-vacaciones-de-invierno\/#breadcrumb"},"inLanguage":"es","potentialAction":[{"@type":"ReadAction","target":["https:\/\/www.celttv.com.ar\/index.php\/2011\/08\/04\/turismo-positivo-saldo-en-vacaciones-de-invierno\/"]}]},{"@type":"BreadcrumbList","@id":"https:\/\/www.celttv.com.ar\/index.php\/2011\/08\/04\/turismo-positivo-saldo-en-vacaciones-de-invierno\/#breadcrumb","itemListElement":[{"@type":"ListItem","position":1,"name":"Inicio","item":"https:\/\/www.celttv.com.ar\/"},{"@type":"ListItem","position":2,"name":"TURISMO: POSITIVO SALDO EN VACACIONES DE INVIERNO"}]},{"@type":"WebSite","@id":"https:\/\/www.celttv.com.ar\/#website","url":"https:\/\/www.celttv.com.ar\/","name":"CELTTV","description":"Cooperativa El\u00e9ctrica de Tornquist","publisher":{"@id":"https:\/\/www.celttv.com.ar\/#organization"},"potentialAction":[{"@type":"SearchAction","target":{"@type":"EntryPoint","urlTemplate":"https:\/\/www.celttv.com.ar\/?s={search_term_string}"},"query-input":"required name=search_term_string"}],"inLanguage":"es"},{"@type":"Organization","@id":"https:\/\/www.celttv.com.ar\/#organization","name":"CELTTV","url":"https:\/\/www.celttv.com.ar\/","sameAs":["https:\/\/www.youtube.com\/channel\/UCz_oIt8Hig64Ub-EmcNPIhg","https:\/\/www.facebook.com\/celtTV\/"],"logo":{"@type":"ImageObject","inLanguage":"es","@id":"https:\/\/www.celttv.com.ar\/#\/schema\/logo\/image\/","url":"http:\/\/www.celttv.com.ar\/wp-content\/uploads\/2022\/08\/logo-1.png","contentUrl":"http:\/\/www.celttv.com.ar\/wp-content\/uploads\/2022\/08\/logo-1.png","width":461,"height":159,"caption":"CELTTV"},"image":{"@id":"https:\/\/www.celttv.com.ar\/#\/schema\/logo\/image\/"}},{"@type":"Person","@id":"https:\/\/www.celttv.com.ar\/#\/schema\/person\/6d99c072dba59953809c81446e9d0ace","name":"ulises","image":{"@type":"ImageObject","inLanguage":"es","@id":"https:\/\/www.celttv.com.ar\/#\/schema\/person\/image\/","url":"https:\/\/secure.gravatar.com\/avatar\/7f2c48bdc33b30088f941fb6082e555f2874c98e20cb159d7b92b50eadfce793?s=96&d=mm&r=g","contentUrl":"https:\/\/secure.gravatar.com\/avatar\/7f2c48bdc33b30088f941fb6082e555f2874c98e20cb159d7b92b50eadfce793?s=96&d=mm&r=g","caption":"ulises"},"sameAs":["http:\/\/www.celttv.com.ar"]}]}},"_links":{"self":[{"href":"https:\/\/www.celttv.com.ar\/index.php\/wp-json\/wp\/v2\/posts\/519","targetHints":{"allow":["GET"]}}],"collection":[{"href":"https:\/\/www.celttv.com.ar\/index.php\/wp-json\/wp\/v2\/posts"}],"about":[{"href":"https:\/\/www.celttv.com.ar\/index.php\/wp-json\/wp\/v2\/types\/post"}],"author":[{"embeddable":true,"href":"https:\/\/www.celttv.com.ar\/index.php\/wp-json\/wp\/v2\/users\/1"}],"replies":[{"embeddable":true,"href":"https:\/\/www.celttv.com.ar\/index.php\/wp-json\/wp\/v2\/comments?post=519"}],"version-history":[{"count":0,"href":"https:\/\/www.celttv.com.ar\/index.php\/wp-json\/wp\/v2\/posts\/519\/revisions"}],"wp:attachment":[{"href":"https:\/\/www.celttv.com.ar\/index.php\/wp-json\/wp\/v2\/media?parent=519"}],"wp:term":[{"taxonomy":"category","embeddable":true,"href":"https:\/\/www.celttv.com.ar\/index.php\/wp-json\/wp\/v2\/categories?post=519"},{"taxonomy":"post_tag","embeddable":true,"href":"https:\/\/www.celttv.com.ar\/index.php\/wp-json\/wp\/v2\/tags?post=519"}],"curies":[{"name":"wp","href":"https:\/\/api.w.org\/{rel}","templated":true}]}}