{"id":5223,"date":"2012-03-05T21:04:03","date_gmt":"2012-03-05T21:04:03","guid":{"rendered":"http:\/\/www.tvcnoticias.com.ar\/?p=5223"},"modified":"2012-03-05T21:04:03","modified_gmt":"2012-03-05T21:04:03","slug":"aprehendida-por-sustraer-un-celular-lesiones-de-gravedad-tras-una-golpiza","status":"publish","type":"post","link":"https:\/\/www.celttv.com.ar\/index.php\/2012\/03\/05\/aprehendida-por-sustraer-un-celular-lesiones-de-gravedad-tras-una-golpiza\/","title":{"rendered":"APREHENDIDA POR SUSTRAER UN CELULAR. LESIONES DE GRAVEDAD TRAS UNA GOLPIZA"},"content":{"rendered":"<p>APREHENDIDA POR SUSTRAER TELEFONO CELULAR.<br \/>\n\u00a0El d\u00eda 2 del corriente, en circunstancias que efectivos policiales de esta Policia Comunal realizan tareas preventivas por la zona c\u00e9ntrica de la ciudad, son alertados por la Srta., MARIANELLA BERRA, que alrededor de las 13,30 horas, en momentos que desempe\u00f1aba sus tareas laborales en el comercio llamado \u201cTelepronto\u201d, situado en la intersecci\u00f3n de la Avenida Ernesto Tornquist y calle 12 de Octubre de este medio, una persona de sexo femenino, for\u00e1nea, le hab\u00eda sustra\u00eddo un tel\u00e9fono celular marca Samsung Chat 335, de carcaza color blanco, brindando caracter\u00edsticas f\u00edsicas de la autora del hecho. Como consecuencia de ello, tras establecerse que la sospechada se hallaba en el interior de un comercio de la ciudad, tras salir de \u00e9l junto a otras dos personas m\u00e1s, tras carecer de identidad, son conducidos a la dependencia policial, siendo identificados como ELSA GRACIELA GOMEZ, de 43 a\u00f1os, PAUL EDGARDO VILLALBA, de 19 a\u00f1os y una joven menor de edad, todos oriundos y residentes en la ciudad de Laprida. Tras tener fundadas sospechas en GOMEZ en la comisi\u00f3n del il\u00edcito, se procede a la requisa de la nombrada, donde en su bolso se incauta el tel\u00e9fono celular sustra\u00eddo, y del pantal\u00f3n que vest\u00eda la tarjeta sim perteneciente a ese celular, comprob\u00e1ndose que ambos efectos correspond\u00edan a la propiedad de BERRA. Como consecuencia de ello se procede a la aprehensi\u00f3n de ELSA GRACIELA GOMEZ, imput\u00e1ndosele el delito de HURTO, d\u00e1ndose intervenci\u00f3n a la Unidad Funcional de Instrucci\u00f3n y Juicio (Flagrancia) N\u00ba 15 del Departamento Judicial de Bah\u00eda Blanca. En cuanto a VILLALBA, si bien registraba antecedentes penales por delitos cometidos en su ciudad natal, tras establecer que no registraba pedidos de captura y\/o paradero, recuper\u00f3 la libertad de esta Seccional Policial. En cuanto a la menor fue entregada a un mayor responsable.- La aprehendida GOMEZ permaneci\u00f3 alojada en esta Seccional Policial, recuperando la libertad por orden judicial en horas de la ma\u00f1ana del d\u00eda 3 del corriente.-<br \/>\n\u00a0DERIVADO A HOSPITAL DE BAHIA BLANCA TRAS GOLPIZA.<br \/>\n\u00a0El d\u00eda 4 del corriente, siendo las 1,50 horas, esta Policia es alertada de una pelea callejera en calle Lavalle al 800 de esta ciudad, por lo cual, al arribar los efectivos policiales al lugar comprueban que de una vivienda sal\u00eda una persona de sexo masculino, identificado como CARLOS HUMBERTO SAEZ LUENGO, de 26 a\u00f1os, residente en este medio, con evidencias de haber sufrido una golpiza. Este relata al personal policial actuante que momentos antes, en la v\u00eda p\u00fablica, hab\u00eda sido agredido f\u00edsicamente por DAIANA ELIZABETH DUFAUR, la madre de esta, ALEJANDRA DEL CARMEN VIVEROS, y JORGE SANDOVAL, todos mayores de edad y residentes en esta ciudad. Como consecuencia de ello SAEZ es traslado al nosocomio local, donde tras ser examinado se establece que el nombrado presentaba lesiones de car\u00e1cter GRAVES (Politraumatismos varios, y fractura de c\u00fabito derecho, etc.) motivando su derivaci\u00f3n al Hospital Interzonal \u201cDr. Jos\u00e9 Penna\u201d de la ciudad de Bah\u00eda Blanca, iniciando esta Seccional Policial actuaciones por LESIONES GRAVES, con la intervenci\u00f3n del Sr. Agente Fiscal Dr. EMILIO MARRA, Titular de la UFIJ. N\u00ba 11 del Departamento Judicial de Bah\u00eda Blanca, quien dispondr\u00e1 oportunamente las medidas procesales a adoptar para con los imputados.-<br \/>\n\u00a0OPERATIVOS NOCTURNOS DURANTE EL FIN DE SEMANA<br \/>\nEn el marco de las operatividades dispuestas desde esta Jefatura de Policia Comunal, efectivos policiales de todas las Dependencias Policiales de este Distrito, desarrollaron distintos operativos de interceptaci\u00f3n de personas y veh\u00edculos, como asi controles en locales nocturnos, los que ejecutaron en las distintas localidades de su competencia, arrojando los siguientes resultados:<br \/>\nSe inspeccionaron 12 locales nocturnos<br \/>\nFueron identificadas 440 personas.-<br \/>\nFueron interceptados 296 veh\u00edculos.-<br \/>\nSe labraron 8 infracciones de transito.-<br \/>\nFueron identificadas 52 personas en Averiguaci\u00f3n de Antecedentes, quienes carec\u00edan de pedido de captura y\/o paradero.-<br \/>\nTORNQUIST, JEFATURA POLICIA COMUNAL, Marzo 4 de 2012.-<\/p>\n","protected":false},"excerpt":{"rendered":"<p>APREHENDIDA POR SUSTRAER TELEFONO CELULAR. \u00a0El d\u00eda 2 del corriente, en circunstancias que efectivos policiales de esta Policia Comunal realizan tareas preventivas por la zona c\u00e9ntrica de la ciudad, son alertados por la Srta., MARIANELLA BERRA, que alrededor de las 13,30 horas, en momentos que desempe\u00f1aba sus tareas laborales en el comercio llamado \u201cTelepronto\u201d, situado [&hellip;]<\/p>\n","protected":false},"author":1,"featured_media":0,"comment_status":"closed","ping_status":"open","sticky":false,"template":"","format":"standard","meta":{"footnotes":""},"categories":[52,61],"tags":[],"class_list":["post-5223","post","type-post","status-publish","format-standard","hentry","category-destacadas","category-policiales"],"yoast_head":"<!-- This site is optimized with the Yoast SEO plugin v19.7.1 - https:\/\/yoast.com\/wordpress\/plugins\/seo\/ -->\n<title>APREHENDIDA POR SUSTRAER UN CELULAR. LESIONES DE GRAVEDAD TRAS UNA GOLPIZA - CELTTV<\/title>\n<meta name=\"description\" content=\"Sitio web de noticias de la localidad de Tornquist, provincia de Buenos Aires, Rep\u00fablica Argentina. Contenido propio originado por periodistas de CELTTV, el canal de TV local de la Cooperativa El\u00e9ctrica de Tornquist. Turismo, Pol\u00edtica, Sociedad, Deporte, Cultura y todo el contenido de inter\u00e9s general que la gente del pueblo y la regi\u00f3n debe conocer.\" \/>\n<meta name=\"robots\" content=\"index, follow, max-snippet:-1, max-image-preview:large, max-video-preview:-1\" \/>\n<link rel=\"canonical\" href=\"https:\/\/www.celttv.com.ar\/index.php\/2012\/03\/05\/aprehendida-por-sustraer-un-celular-lesiones-de-gravedad-tras-una-golpiza\/\" \/>\n<meta property=\"og:locale\" content=\"es_ES\" \/>\n<meta property=\"og:type\" content=\"article\" \/>\n<meta property=\"og:title\" content=\"APREHENDIDA POR SUSTRAER UN CELULAR. LESIONES DE GRAVEDAD TRAS UNA GOLPIZA - CELTTV\" \/>\n<meta property=\"og:description\" content=\"Sitio web de noticias de la localidad de Tornquist, provincia de Buenos Aires, Rep\u00fablica Argentina. Contenido propio originado por periodistas de CELTTV, el canal de TV local de la Cooperativa El\u00e9ctrica de Tornquist. Turismo, Pol\u00edtica, Sociedad, Deporte, Cultura y todo el contenido de inter\u00e9s general que la gente del pueblo y la regi\u00f3n debe conocer.\" \/>\n<meta property=\"og:url\" content=\"https:\/\/www.celttv.com.ar\/index.php\/2012\/03\/05\/aprehendida-por-sustraer-un-celular-lesiones-de-gravedad-tras-una-golpiza\/\" \/>\n<meta property=\"og:site_name\" content=\"CELTTV\" \/>\n<meta property=\"article:publisher\" content=\"https:\/\/www.facebook.com\/celtTV\/\" \/>\n<meta property=\"article:published_time\" content=\"2012-03-05T21:04:03+00:00\" \/>\n<meta name=\"author\" content=\"ulises\" \/>\n<meta name=\"twitter:card\" content=\"summary_large_image\" \/>\n<meta name=\"twitter:label1\" content=\"Escrito por\" \/>\n\t<meta name=\"twitter:data1\" content=\"ulises\" \/>\n\t<meta name=\"twitter:label2\" content=\"Tiempo de lectura\" \/>\n\t<meta name=\"twitter:data2\" content=\"3 minutos\" \/>\n<script type=\"application\/ld+json\" class=\"yoast-schema-graph\">{\"@context\":\"https:\/\/schema.org\",\"@graph\":[{\"@type\":\"NewsArticle\",\"@id\":\"https:\/\/www.celttv.com.ar\/index.php\/2012\/03\/05\/aprehendida-por-sustraer-un-celular-lesiones-de-gravedad-tras-una-golpiza\/#article\",\"isPartOf\":{\"@id\":\"https:\/\/www.celttv.com.ar\/index.php\/2012\/03\/05\/aprehendida-por-sustraer-un-celular-lesiones-de-gravedad-tras-una-golpiza\/\"},\"author\":{\"name\":\"ulises\",\"@id\":\"https:\/\/www.celttv.com.ar\/#\/schema\/person\/6d99c072dba59953809c81446e9d0ace\"},\"headline\":\"APREHENDIDA POR SUSTRAER UN CELULAR. LESIONES DE GRAVEDAD TRAS UNA GOLPIZA\",\"datePublished\":\"2012-03-05T21:04:03+00:00\",\"dateModified\":\"2012-03-05T21:04:03+00:00\",\"mainEntityOfPage\":{\"@id\":\"https:\/\/www.celttv.com.ar\/index.php\/2012\/03\/05\/aprehendida-por-sustraer-un-celular-lesiones-de-gravedad-tras-una-golpiza\/\"},\"wordCount\":679,\"publisher\":{\"@id\":\"https:\/\/www.celttv.com.ar\/#organization\"},\"articleSection\":[\"Destacadas\",\"Policiales\"],\"inLanguage\":\"es\"},{\"@type\":\"WebPage\",\"@id\":\"https:\/\/www.celttv.com.ar\/index.php\/2012\/03\/05\/aprehendida-por-sustraer-un-celular-lesiones-de-gravedad-tras-una-golpiza\/\",\"url\":\"https:\/\/www.celttv.com.ar\/index.php\/2012\/03\/05\/aprehendida-por-sustraer-un-celular-lesiones-de-gravedad-tras-una-golpiza\/\",\"name\":\"APREHENDIDA POR SUSTRAER UN CELULAR. LESIONES DE GRAVEDAD TRAS UNA GOLPIZA - CELTTV\",\"isPartOf\":{\"@id\":\"https:\/\/www.celttv.com.ar\/#website\"},\"datePublished\":\"2012-03-05T21:04:03+00:00\",\"dateModified\":\"2012-03-05T21:04:03+00:00\",\"description\":\"Sitio web de noticias de la localidad de Tornquist, provincia de Buenos Aires, Rep\u00fablica Argentina. Contenido propio originado por periodistas de CELTTV, el canal de TV local de la Cooperativa El\u00e9ctrica de Tornquist. Turismo, Pol\u00edtica, Sociedad, Deporte, Cultura y todo el contenido de inter\u00e9s general que la gente del pueblo y la regi\u00f3n debe conocer.\",\"breadcrumb\":{\"@id\":\"https:\/\/www.celttv.com.ar\/index.php\/2012\/03\/05\/aprehendida-por-sustraer-un-celular-lesiones-de-gravedad-tras-una-golpiza\/#breadcrumb\"},\"inLanguage\":\"es\",\"potentialAction\":[{\"@type\":\"ReadAction\",\"target\":[\"https:\/\/www.celttv.com.ar\/index.php\/2012\/03\/05\/aprehendida-por-sustraer-un-celular-lesiones-de-gravedad-tras-una-golpiza\/\"]}]},{\"@type\":\"BreadcrumbList\",\"@id\":\"https:\/\/www.celttv.com.ar\/index.php\/2012\/03\/05\/aprehendida-por-sustraer-un-celular-lesiones-de-gravedad-tras-una-golpiza\/#breadcrumb\",\"itemListElement\":[{\"@type\":\"ListItem\",\"position\":1,\"name\":\"Inicio\",\"item\":\"https:\/\/www.celttv.com.ar\/\"},{\"@type\":\"ListItem\",\"position\":2,\"name\":\"APREHENDIDA POR SUSTRAER UN CELULAR. LESIONES DE GRAVEDAD TRAS UNA GOLPIZA\"}]},{\"@type\":\"WebSite\",\"@id\":\"https:\/\/www.celttv.com.ar\/#website\",\"url\":\"https:\/\/www.celttv.com.ar\/\",\"name\":\"CELTTV\",\"description\":\"Cooperativa El\u00e9ctrica de Tornquist\",\"publisher\":{\"@id\":\"https:\/\/www.celttv.com.ar\/#organization\"},\"potentialAction\":[{\"@type\":\"SearchAction\",\"target\":{\"@type\":\"EntryPoint\",\"urlTemplate\":\"https:\/\/www.celttv.com.ar\/?s={search_term_string}\"},\"query-input\":\"required name=search_term_string\"}],\"inLanguage\":\"es\"},{\"@type\":\"Organization\",\"@id\":\"https:\/\/www.celttv.com.ar\/#organization\",\"name\":\"CELTTV\",\"url\":\"https:\/\/www.celttv.com.ar\/\",\"sameAs\":[\"https:\/\/www.youtube.com\/channel\/UCz_oIt8Hig64Ub-EmcNPIhg\",\"https:\/\/www.facebook.com\/celtTV\/\"],\"logo\":{\"@type\":\"ImageObject\",\"inLanguage\":\"es\",\"@id\":\"https:\/\/www.celttv.com.ar\/#\/schema\/logo\/image\/\",\"url\":\"http:\/\/www.celttv.com.ar\/wp-content\/uploads\/2022\/08\/logo-1.png\",\"contentUrl\":\"http:\/\/www.celttv.com.ar\/wp-content\/uploads\/2022\/08\/logo-1.png\",\"width\":461,\"height\":159,\"caption\":\"CELTTV\"},\"image\":{\"@id\":\"https:\/\/www.celttv.com.ar\/#\/schema\/logo\/image\/\"}},{\"@type\":\"Person\",\"@id\":\"https:\/\/www.celttv.com.ar\/#\/schema\/person\/6d99c072dba59953809c81446e9d0ace\",\"name\":\"ulises\",\"image\":{\"@type\":\"ImageObject\",\"inLanguage\":\"es\",\"@id\":\"https:\/\/www.celttv.com.ar\/#\/schema\/person\/image\/\",\"url\":\"https:\/\/secure.gravatar.com\/avatar\/7f2c48bdc33b30088f941fb6082e555f2874c98e20cb159d7b92b50eadfce793?s=96&d=mm&r=g\",\"contentUrl\":\"https:\/\/secure.gravatar.com\/avatar\/7f2c48bdc33b30088f941fb6082e555f2874c98e20cb159d7b92b50eadfce793?s=96&d=mm&r=g\",\"caption\":\"ulises\"},\"sameAs\":[\"http:\/\/www.celttv.com.ar\"]}]}<\/script>\n<!-- \/ Yoast SEO plugin. -->","yoast_head_json":{"title":"APREHENDIDA POR SUSTRAER UN CELULAR. LESIONES DE GRAVEDAD TRAS UNA GOLPIZA - CELTTV","description":"Sitio web de noticias de la localidad de Tornquist, provincia de Buenos Aires, Rep\u00fablica Argentina. Contenido propio originado por periodistas de CELTTV, el canal de TV local de la Cooperativa El\u00e9ctrica de Tornquist. Turismo, Pol\u00edtica, Sociedad, Deporte, Cultura y todo el contenido de inter\u00e9s general que la gente del pueblo y la regi\u00f3n debe conocer.","robots":{"index":"index","follow":"follow","max-snippet":"max-snippet:-1","max-image-preview":"max-image-preview:large","max-video-preview":"max-video-preview:-1"},"canonical":"https:\/\/www.celttv.com.ar\/index.php\/2012\/03\/05\/aprehendida-por-sustraer-un-celular-lesiones-de-gravedad-tras-una-golpiza\/","og_locale":"es_ES","og_type":"article","og_title":"APREHENDIDA POR SUSTRAER UN CELULAR. LESIONES DE GRAVEDAD TRAS UNA GOLPIZA - CELTTV","og_description":"Sitio web de noticias de la localidad de Tornquist, provincia de Buenos Aires, Rep\u00fablica Argentina. Contenido propio originado por periodistas de CELTTV, el canal de TV local de la Cooperativa El\u00e9ctrica de Tornquist. Turismo, Pol\u00edtica, Sociedad, Deporte, Cultura y todo el contenido de inter\u00e9s general que la gente del pueblo y la regi\u00f3n debe conocer.","og_url":"https:\/\/www.celttv.com.ar\/index.php\/2012\/03\/05\/aprehendida-por-sustraer-un-celular-lesiones-de-gravedad-tras-una-golpiza\/","og_site_name":"CELTTV","article_publisher":"https:\/\/www.facebook.com\/celtTV\/","article_published_time":"2012-03-05T21:04:03+00:00","author":"ulises","twitter_card":"summary_large_image","twitter_misc":{"Escrito por":"ulises","Tiempo de lectura":"3 minutos"},"schema":{"@context":"https:\/\/schema.org","@graph":[{"@type":"NewsArticle","@id":"https:\/\/www.celttv.com.ar\/index.php\/2012\/03\/05\/aprehendida-por-sustraer-un-celular-lesiones-de-gravedad-tras-una-golpiza\/#article","isPartOf":{"@id":"https:\/\/www.celttv.com.ar\/index.php\/2012\/03\/05\/aprehendida-por-sustraer-un-celular-lesiones-de-gravedad-tras-una-golpiza\/"},"author":{"name":"ulises","@id":"https:\/\/www.celttv.com.ar\/#\/schema\/person\/6d99c072dba59953809c81446e9d0ace"},"headline":"APREHENDIDA POR SUSTRAER UN CELULAR. LESIONES DE GRAVEDAD TRAS UNA GOLPIZA","datePublished":"2012-03-05T21:04:03+00:00","dateModified":"2012-03-05T21:04:03+00:00","mainEntityOfPage":{"@id":"https:\/\/www.celttv.com.ar\/index.php\/2012\/03\/05\/aprehendida-por-sustraer-un-celular-lesiones-de-gravedad-tras-una-golpiza\/"},"wordCount":679,"publisher":{"@id":"https:\/\/www.celttv.com.ar\/#organization"},"articleSection":["Destacadas","Policiales"],"inLanguage":"es"},{"@type":"WebPage","@id":"https:\/\/www.celttv.com.ar\/index.php\/2012\/03\/05\/aprehendida-por-sustraer-un-celular-lesiones-de-gravedad-tras-una-golpiza\/","url":"https:\/\/www.celttv.com.ar\/index.php\/2012\/03\/05\/aprehendida-por-sustraer-un-celular-lesiones-de-gravedad-tras-una-golpiza\/","name":"APREHENDIDA POR SUSTRAER UN CELULAR. LESIONES DE GRAVEDAD TRAS UNA GOLPIZA - CELTTV","isPartOf":{"@id":"https:\/\/www.celttv.com.ar\/#website"},"datePublished":"2012-03-05T21:04:03+00:00","dateModified":"2012-03-05T21:04:03+00:00","description":"Sitio web de noticias de la localidad de Tornquist, provincia de Buenos Aires, Rep\u00fablica Argentina. Contenido propio originado por periodistas de CELTTV, el canal de TV local de la Cooperativa El\u00e9ctrica de Tornquist. Turismo, Pol\u00edtica, Sociedad, Deporte, Cultura y todo el contenido de inter\u00e9s general que la gente del pueblo y la regi\u00f3n debe conocer.","breadcrumb":{"@id":"https:\/\/www.celttv.com.ar\/index.php\/2012\/03\/05\/aprehendida-por-sustraer-un-celular-lesiones-de-gravedad-tras-una-golpiza\/#breadcrumb"},"inLanguage":"es","potentialAction":[{"@type":"ReadAction","target":["https:\/\/www.celttv.com.ar\/index.php\/2012\/03\/05\/aprehendida-por-sustraer-un-celular-lesiones-de-gravedad-tras-una-golpiza\/"]}]},{"@type":"BreadcrumbList","@id":"https:\/\/www.celttv.com.ar\/index.php\/2012\/03\/05\/aprehendida-por-sustraer-un-celular-lesiones-de-gravedad-tras-una-golpiza\/#breadcrumb","itemListElement":[{"@type":"ListItem","position":1,"name":"Inicio","item":"https:\/\/www.celttv.com.ar\/"},{"@type":"ListItem","position":2,"name":"APREHENDIDA POR SUSTRAER UN CELULAR. LESIONES DE GRAVEDAD TRAS UNA GOLPIZA"}]},{"@type":"WebSite","@id":"https:\/\/www.celttv.com.ar\/#website","url":"https:\/\/www.celttv.com.ar\/","name":"CELTTV","description":"Cooperativa El\u00e9ctrica de Tornquist","publisher":{"@id":"https:\/\/www.celttv.com.ar\/#organization"},"potentialAction":[{"@type":"SearchAction","target":{"@type":"EntryPoint","urlTemplate":"https:\/\/www.celttv.com.ar\/?s={search_term_string}"},"query-input":"required name=search_term_string"}],"inLanguage":"es"},{"@type":"Organization","@id":"https:\/\/www.celttv.com.ar\/#organization","name":"CELTTV","url":"https:\/\/www.celttv.com.ar\/","sameAs":["https:\/\/www.youtube.com\/channel\/UCz_oIt8Hig64Ub-EmcNPIhg","https:\/\/www.facebook.com\/celtTV\/"],"logo":{"@type":"ImageObject","inLanguage":"es","@id":"https:\/\/www.celttv.com.ar\/#\/schema\/logo\/image\/","url":"http:\/\/www.celttv.com.ar\/wp-content\/uploads\/2022\/08\/logo-1.png","contentUrl":"http:\/\/www.celttv.com.ar\/wp-content\/uploads\/2022\/08\/logo-1.png","width":461,"height":159,"caption":"CELTTV"},"image":{"@id":"https:\/\/www.celttv.com.ar\/#\/schema\/logo\/image\/"}},{"@type":"Person","@id":"https:\/\/www.celttv.com.ar\/#\/schema\/person\/6d99c072dba59953809c81446e9d0ace","name":"ulises","image":{"@type":"ImageObject","inLanguage":"es","@id":"https:\/\/www.celttv.com.ar\/#\/schema\/person\/image\/","url":"https:\/\/secure.gravatar.com\/avatar\/7f2c48bdc33b30088f941fb6082e555f2874c98e20cb159d7b92b50eadfce793?s=96&d=mm&r=g","contentUrl":"https:\/\/secure.gravatar.com\/avatar\/7f2c48bdc33b30088f941fb6082e555f2874c98e20cb159d7b92b50eadfce793?s=96&d=mm&r=g","caption":"ulises"},"sameAs":["http:\/\/www.celttv.com.ar"]}]}},"_links":{"self":[{"href":"https:\/\/www.celttv.com.ar\/index.php\/wp-json\/wp\/v2\/posts\/5223","targetHints":{"allow":["GET"]}}],"collection":[{"href":"https:\/\/www.celttv.com.ar\/index.php\/wp-json\/wp\/v2\/posts"}],"about":[{"href":"https:\/\/www.celttv.com.ar\/index.php\/wp-json\/wp\/v2\/types\/post"}],"author":[{"embeddable":true,"href":"https:\/\/www.celttv.com.ar\/index.php\/wp-json\/wp\/v2\/users\/1"}],"replies":[{"embeddable":true,"href":"https:\/\/www.celttv.com.ar\/index.php\/wp-json\/wp\/v2\/comments?post=5223"}],"version-history":[{"count":0,"href":"https:\/\/www.celttv.com.ar\/index.php\/wp-json\/wp\/v2\/posts\/5223\/revisions"}],"wp:attachment":[{"href":"https:\/\/www.celttv.com.ar\/index.php\/wp-json\/wp\/v2\/media?parent=5223"}],"wp:term":[{"taxonomy":"category","embeddable":true,"href":"https:\/\/www.celttv.com.ar\/index.php\/wp-json\/wp\/v2\/categories?post=5223"},{"taxonomy":"post_tag","embeddable":true,"href":"https:\/\/www.celttv.com.ar\/index.php\/wp-json\/wp\/v2\/tags?post=5223"}],"curies":[{"name":"wp","href":"https:\/\/api.w.org\/{rel}","templated":true}]}}