{"id":52328,"date":"2020-09-23T15:16:40","date_gmt":"2020-09-23T15:16:40","guid":{"rendered":"http:\/\/www.celttv.com.ar\/?p=52328"},"modified":"2020-09-23T15:16:40","modified_gmt":"2020-09-23T15:16:40","slug":"continuan-las-tareas-de-forestacion-en-tornquist","status":"publish","type":"post","link":"https:\/\/www.celttv.com.ar\/index.php\/2020\/09\/23\/continuan-las-tareas-de-forestacion-en-tornquist\/","title":{"rendered":"Contin\u00faan las tareas de forestaci\u00f3n en Tornquist"},"content":{"rendered":"<p>Esta semana, contin\u00faan las tareas de forestaci\u00f3n en las distintas avenidas de la ciudad cabecera de nuestro distrito.<\/p>\n<p>Desde la Direcci\u00f3n de Medio Ambiente, se informa que al d\u00eda de hoy se han colocado 37 especies: 22 sobre Av. Rivadavia y 15 en Av.E.Tornquist.<\/p>\n<p>Los ejemplares arb\u00f3reos elegidos para las veredas y bulevares son Aromo de Madera Negra y Arces Buergerianum.<\/p>\n<p>Este plan de forestaci\u00f3n continuar\u00e1 en distintos sectores de Tornquist, y las otras localidades del distrito,\u00a0 y tiene como objetivo la puesta en valor del arbolado p\u00fablico urbano.<\/p>\n<p>Desde la direcci\u00f3n, se solicita a los vecinos el cuidado y protecci\u00f3n de las especies plantadas, recordando la importancia del arbolado p\u00fablico urbano. Los arboles nos aportan ox\u00edgeno al aire, protegen de los rayos ultravioletas, regulan la temperatura y humedad ambiental, filtran la contaminaci\u00f3n, disipan la fuerza de los vientos y mejoran el paisaje urbano, embelleciendo las calles y otorg\u00e1ndoles un valor patrimonial.<br \/>\n<a href=\"http:\/\/www.celttv.com.ar\/?attachment_id=52329\" rel=\"attachment wp-att-52329\"><img loading=\"lazy\" decoding=\"async\" class=\"alignleft size-full wp-image-52329\" src=\"http:\/\/www.celttv.com.ar\/wp-content\/uploads\/2020\/09\/WhatsApp-Image-2020-09-22-at-15.59.02.jpeg\" alt=\"\" width=\"960\" height=\"1280\" srcset=\"https:\/\/www.celttv.com.ar\/wp-content\/uploads\/2020\/09\/WhatsApp-Image-2020-09-22-at-15.59.02.jpeg 960w, https:\/\/www.celttv.com.ar\/wp-content\/uploads\/2020\/09\/WhatsApp-Image-2020-09-22-at-15.59.02-225x300.jpeg 225w, https:\/\/www.celttv.com.ar\/wp-content\/uploads\/2020\/09\/WhatsApp-Image-2020-09-22-at-15.59.02-768x1024.jpeg 768w, https:\/\/www.celttv.com.ar\/wp-content\/uploads\/2020\/09\/WhatsApp-Image-2020-09-22-at-15.59.02-750x1000.jpeg 750w\" sizes=\"auto, (max-width: 960px) 100vw, 960px\" \/><\/a> <a href=\"http:\/\/www.celttv.com.ar\/?attachment_id=52330\" rel=\"attachment wp-att-52330\"><img loading=\"lazy\" decoding=\"async\" class=\"alignleft size-medium wp-image-52330\" src=\"http:\/\/www.celttv.com.ar\/wp-content\/uploads\/2020\/09\/WhatsApp-Image-2020-09-22-at-15.59.04-1.jpeg\" alt=\"\" width=\"585\" height=\"780\" srcset=\"https:\/\/www.celttv.com.ar\/wp-content\/uploads\/2020\/09\/WhatsApp-Image-2020-09-22-at-15.59.04-1.jpeg 960w, https:\/\/www.celttv.com.ar\/wp-content\/uploads\/2020\/09\/WhatsApp-Image-2020-09-22-at-15.59.04-1-225x300.jpeg 225w, https:\/\/www.celttv.com.ar\/wp-content\/uploads\/2020\/09\/WhatsApp-Image-2020-09-22-at-15.59.04-1-768x1024.jpeg 768w, https:\/\/www.celttv.com.ar\/wp-content\/uploads\/2020\/09\/WhatsApp-Image-2020-09-22-at-15.59.04-1-750x1000.jpeg 750w\" sizes=\"auto, (max-width: 585px) 100vw, 585px\" \/><\/a> <a href=\"http:\/\/www.celttv.com.ar\/?attachment_id=52331\" rel=\"attachment wp-att-52331\"><img loading=\"lazy\" decoding=\"async\" class=\"alignleft size-medium wp-image-52331\" src=\"http:\/\/www.celttv.com.ar\/wp-content\/uploads\/2020\/09\/WhatsApp-Image-2020-09-22-at-15.59.04-2.jpeg\" alt=\"\" width=\"585\" height=\"780\" srcset=\"https:\/\/www.celttv.com.ar\/wp-content\/uploads\/2020\/09\/WhatsApp-Image-2020-09-22-at-15.59.04-2.jpeg 960w, https:\/\/www.celttv.com.ar\/wp-content\/uploads\/2020\/09\/WhatsApp-Image-2020-09-22-at-15.59.04-2-225x300.jpeg 225w, https:\/\/www.celttv.com.ar\/wp-content\/uploads\/2020\/09\/WhatsApp-Image-2020-09-22-at-15.59.04-2-768x1024.jpeg 768w, https:\/\/www.celttv.com.ar\/wp-content\/uploads\/2020\/09\/WhatsApp-Image-2020-09-22-at-15.59.04-2-750x1000.jpeg 750w\" sizes=\"auto, (max-width: 585px) 100vw, 585px\" \/><\/a> <a href=\"http:\/\/www.celttv.com.ar\/?attachment_id=52332\" rel=\"attachment wp-att-52332\"><img loading=\"lazy\" decoding=\"async\" class=\"alignleft size-medium wp-image-52332\" src=\"http:\/\/www.celttv.com.ar\/wp-content\/uploads\/2020\/09\/WhatsApp-Image-2020-09-22-at-15.59.04.jpeg\" alt=\"\" width=\"585\" height=\"780\" srcset=\"https:\/\/www.celttv.com.ar\/wp-content\/uploads\/2020\/09\/WhatsApp-Image-2020-09-22-at-15.59.04.jpeg 960w, https:\/\/www.celttv.com.ar\/wp-content\/uploads\/2020\/09\/WhatsApp-Image-2020-09-22-at-15.59.04-225x300.jpeg 225w, https:\/\/www.celttv.com.ar\/wp-content\/uploads\/2020\/09\/WhatsApp-Image-2020-09-22-at-15.59.04-768x1024.jpeg 768w, https:\/\/www.celttv.com.ar\/wp-content\/uploads\/2020\/09\/WhatsApp-Image-2020-09-22-at-15.59.04-750x1000.jpeg 750w\" sizes=\"auto, (max-width: 585px) 100vw, 585px\" \/><\/a> <a href=\"http:\/\/www.celttv.com.ar\/?attachment_id=52333\" rel=\"attachment wp-att-52333\"><img loading=\"lazy\" decoding=\"async\" class=\"alignleft size-medium wp-image-52333\" src=\"http:\/\/www.celttv.com.ar\/wp-content\/uploads\/2020\/09\/WhatsApp-Image-2020-09-22-at-15.59.05.jpeg\" alt=\"\" width=\"585\" height=\"780\" srcset=\"https:\/\/www.celttv.com.ar\/wp-content\/uploads\/2020\/09\/WhatsApp-Image-2020-09-22-at-15.59.05.jpeg 960w, https:\/\/www.celttv.com.ar\/wp-content\/uploads\/2020\/09\/WhatsApp-Image-2020-09-22-at-15.59.05-225x300.jpeg 225w, https:\/\/www.celttv.com.ar\/wp-content\/uploads\/2020\/09\/WhatsApp-Image-2020-09-22-at-15.59.05-768x1024.jpeg 768w, https:\/\/www.celttv.com.ar\/wp-content\/uploads\/2020\/09\/WhatsApp-Image-2020-09-22-at-15.59.05-750x1000.jpeg 750w\" sizes=\"auto, (max-width: 585px) 100vw, 585px\" \/><\/a> <a href=\"http:\/\/www.celttv.com.ar\/?attachment_id=52334\" rel=\"attachment wp-att-52334\"><img loading=\"lazy\" decoding=\"async\" class=\"alignleft size-medium wp-image-52334\" src=\"http:\/\/www.celttv.com.ar\/wp-content\/uploads\/2020\/09\/WhatsApp-Image-2020-09-23-at-09.05.01.jpeg\" alt=\"\" width=\"439\" height=\"780\" srcset=\"https:\/\/www.celttv.com.ar\/wp-content\/uploads\/2020\/09\/WhatsApp-Image-2020-09-23-at-09.05.01.jpeg 720w, https:\/\/www.celttv.com.ar\/wp-content\/uploads\/2020\/09\/WhatsApp-Image-2020-09-23-at-09.05.01-169x300.jpeg 169w, https:\/\/www.celttv.com.ar\/wp-content\/uploads\/2020\/09\/WhatsApp-Image-2020-09-23-at-09.05.01-576x1024.jpeg 576w\" sizes=\"auto, (max-width: 439px) 100vw, 439px\" \/><\/a><\/p>\n<p>&nbsp;<\/p>\n<p>&nbsp;<\/p>\n<p>&nbsp;<\/p>\n","protected":false},"excerpt":{"rendered":"<p>Esta semana, contin\u00faan las tareas de forestaci\u00f3n en las distintas avenidas de la ciudad cabecera de nuestro distrito. Desde la Direcci\u00f3n de Medio Ambiente, se informa que al d\u00eda de hoy se han colocado 37 especies: 22 sobre Av. Rivadavia y 15 en Av.E.Tornquist. Los ejemplares arb\u00f3reos elegidos para las veredas y bulevares son Aromo [&hellip;]<\/p>\n","protected":false},"author":1,"featured_media":52330,"comment_status":"closed","ping_status":"open","sticky":false,"template":"","format":"standard","meta":{"footnotes":""},"categories":[51,52,59],"tags":[],"class_list":["post-52328","post","type-post","status-publish","format-standard","has-post-thumbnail","hentry","category-comunidad","category-destacadas","category-municipales"],"yoast_head":"<!-- This site is optimized with the Yoast SEO plugin v19.7.1 - https:\/\/yoast.com\/wordpress\/plugins\/seo\/ -->\n<title>Contin\u00faan las tareas de forestaci\u00f3n en Tornquist - CELTTV<\/title>\n<meta name=\"description\" content=\"Sitio web de noticias de la localidad de Tornquist, provincia de Buenos Aires, Rep\u00fablica Argentina. Contenido propio originado por periodistas de CELTTV, el canal de TV local de la Cooperativa El\u00e9ctrica de Tornquist. Turismo, Pol\u00edtica, Sociedad, Deporte, Cultura y todo el contenido de inter\u00e9s general que la gente del pueblo y la regi\u00f3n debe conocer.\" \/>\n<meta name=\"robots\" content=\"index, follow, max-snippet:-1, max-image-preview:large, max-video-preview:-1\" \/>\n<link rel=\"canonical\" href=\"https:\/\/www.celttv.com.ar\/index.php\/2020\/09\/23\/continuan-las-tareas-de-forestacion-en-tornquist\/\" \/>\n<meta property=\"og:locale\" content=\"es_ES\" \/>\n<meta property=\"og:type\" content=\"article\" \/>\n<meta property=\"og:title\" content=\"Contin\u00faan las tareas de forestaci\u00f3n en Tornquist - CELTTV\" \/>\n<meta property=\"og:description\" content=\"Sitio web de noticias de la localidad de Tornquist, provincia de Buenos Aires, Rep\u00fablica Argentina. Contenido propio originado por periodistas de CELTTV, el canal de TV local de la Cooperativa El\u00e9ctrica de Tornquist. Turismo, Pol\u00edtica, Sociedad, Deporte, Cultura y todo el contenido de inter\u00e9s general que la gente del pueblo y la regi\u00f3n debe conocer.\" \/>\n<meta property=\"og:url\" content=\"https:\/\/www.celttv.com.ar\/index.php\/2020\/09\/23\/continuan-las-tareas-de-forestacion-en-tornquist\/\" \/>\n<meta property=\"og:site_name\" content=\"CELTTV\" \/>\n<meta property=\"article:publisher\" content=\"https:\/\/www.facebook.com\/celtTV\/\" \/>\n<meta property=\"article:published_time\" content=\"2020-09-23T15:16:40+00:00\" \/>\n<meta property=\"og:image\" content=\"https:\/\/www.celttv.com.ar\/wp-content\/uploads\/2020\/09\/WhatsApp-Image-2020-09-22-at-15.59.04-1.jpeg\" \/>\n\t<meta property=\"og:image:width\" content=\"960\" \/>\n\t<meta property=\"og:image:height\" content=\"1280\" \/>\n\t<meta property=\"og:image:type\" content=\"image\/jpeg\" \/>\n<meta name=\"author\" content=\"ulises\" \/>\n<meta name=\"twitter:card\" content=\"summary_large_image\" \/>\n<meta name=\"twitter:label1\" content=\"Escrito por\" \/>\n\t<meta name=\"twitter:data1\" content=\"ulises\" \/>\n\t<meta name=\"twitter:label2\" content=\"Tiempo de lectura\" \/>\n\t<meta name=\"twitter:data2\" content=\"1 minuto\" \/>\n<script type=\"application\/ld+json\" class=\"yoast-schema-graph\">{\"@context\":\"https:\/\/schema.org\",\"@graph\":[{\"@type\":\"NewsArticle\",\"@id\":\"https:\/\/www.celttv.com.ar\/index.php\/2020\/09\/23\/continuan-las-tareas-de-forestacion-en-tornquist\/#article\",\"isPartOf\":{\"@id\":\"https:\/\/www.celttv.com.ar\/index.php\/2020\/09\/23\/continuan-las-tareas-de-forestacion-en-tornquist\/\"},\"author\":{\"name\":\"ulises\",\"@id\":\"https:\/\/www.celttv.com.ar\/#\/schema\/person\/6d99c072dba59953809c81446e9d0ace\"},\"headline\":\"Contin\u00faan las tareas de forestaci\u00f3n en Tornquist\",\"datePublished\":\"2020-09-23T15:16:40+00:00\",\"dateModified\":\"2020-09-23T15:16:40+00:00\",\"mainEntityOfPage\":{\"@id\":\"https:\/\/www.celttv.com.ar\/index.php\/2020\/09\/23\/continuan-las-tareas-de-forestacion-en-tornquist\/\"},\"wordCount\":176,\"publisher\":{\"@id\":\"https:\/\/www.celttv.com.ar\/#organization\"},\"articleSection\":[\"Comunidad\",\"Destacadas\",\"Municipales\"],\"inLanguage\":\"es\"},{\"@type\":\"WebPage\",\"@id\":\"https:\/\/www.celttv.com.ar\/index.php\/2020\/09\/23\/continuan-las-tareas-de-forestacion-en-tornquist\/\",\"url\":\"https:\/\/www.celttv.com.ar\/index.php\/2020\/09\/23\/continuan-las-tareas-de-forestacion-en-tornquist\/\",\"name\":\"Contin\u00faan las tareas de forestaci\u00f3n en Tornquist - CELTTV\",\"isPartOf\":{\"@id\":\"https:\/\/www.celttv.com.ar\/#website\"},\"datePublished\":\"2020-09-23T15:16:40+00:00\",\"dateModified\":\"2020-09-23T15:16:40+00:00\",\"description\":\"Sitio web de noticias de la localidad de Tornquist, provincia de Buenos Aires, Rep\u00fablica Argentina. Contenido propio originado por periodistas de CELTTV, el canal de TV local de la Cooperativa El\u00e9ctrica de Tornquist. Turismo, Pol\u00edtica, Sociedad, Deporte, Cultura y todo el contenido de inter\u00e9s general que la gente del pueblo y la regi\u00f3n debe conocer.\",\"breadcrumb\":{\"@id\":\"https:\/\/www.celttv.com.ar\/index.php\/2020\/09\/23\/continuan-las-tareas-de-forestacion-en-tornquist\/#breadcrumb\"},\"inLanguage\":\"es\",\"potentialAction\":[{\"@type\":\"ReadAction\",\"target\":[\"https:\/\/www.celttv.com.ar\/index.php\/2020\/09\/23\/continuan-las-tareas-de-forestacion-en-tornquist\/\"]}]},{\"@type\":\"BreadcrumbList\",\"@id\":\"https:\/\/www.celttv.com.ar\/index.php\/2020\/09\/23\/continuan-las-tareas-de-forestacion-en-tornquist\/#breadcrumb\",\"itemListElement\":[{\"@type\":\"ListItem\",\"position\":1,\"name\":\"Inicio\",\"item\":\"https:\/\/www.celttv.com.ar\/\"},{\"@type\":\"ListItem\",\"position\":2,\"name\":\"Contin\u00faan las tareas de forestaci\u00f3n en Tornquist\"}]},{\"@type\":\"WebSite\",\"@id\":\"https:\/\/www.celttv.com.ar\/#website\",\"url\":\"https:\/\/www.celttv.com.ar\/\",\"name\":\"CELTTV\",\"description\":\"Cooperativa El\u00e9ctrica de Tornquist\",\"publisher\":{\"@id\":\"https:\/\/www.celttv.com.ar\/#organization\"},\"potentialAction\":[{\"@type\":\"SearchAction\",\"target\":{\"@type\":\"EntryPoint\",\"urlTemplate\":\"https:\/\/www.celttv.com.ar\/?s={search_term_string}\"},\"query-input\":\"required name=search_term_string\"}],\"inLanguage\":\"es\"},{\"@type\":\"Organization\",\"@id\":\"https:\/\/www.celttv.com.ar\/#organization\",\"name\":\"CELTTV\",\"url\":\"https:\/\/www.celttv.com.ar\/\",\"sameAs\":[\"https:\/\/www.youtube.com\/channel\/UCz_oIt8Hig64Ub-EmcNPIhg\",\"https:\/\/www.facebook.com\/celtTV\/\"],\"logo\":{\"@type\":\"ImageObject\",\"inLanguage\":\"es\",\"@id\":\"https:\/\/www.celttv.com.ar\/#\/schema\/logo\/image\/\",\"url\":\"http:\/\/www.celttv.com.ar\/wp-content\/uploads\/2022\/08\/logo-1.png\",\"contentUrl\":\"http:\/\/www.celttv.com.ar\/wp-content\/uploads\/2022\/08\/logo-1.png\",\"width\":461,\"height\":159,\"caption\":\"CELTTV\"},\"image\":{\"@id\":\"https:\/\/www.celttv.com.ar\/#\/schema\/logo\/image\/\"}},{\"@type\":\"Person\",\"@id\":\"https:\/\/www.celttv.com.ar\/#\/schema\/person\/6d99c072dba59953809c81446e9d0ace\",\"name\":\"ulises\",\"image\":{\"@type\":\"ImageObject\",\"inLanguage\":\"es\",\"@id\":\"https:\/\/www.celttv.com.ar\/#\/schema\/person\/image\/\",\"url\":\"https:\/\/secure.gravatar.com\/avatar\/7f2c48bdc33b30088f941fb6082e555f2874c98e20cb159d7b92b50eadfce793?s=96&d=mm&r=g\",\"contentUrl\":\"https:\/\/secure.gravatar.com\/avatar\/7f2c48bdc33b30088f941fb6082e555f2874c98e20cb159d7b92b50eadfce793?s=96&d=mm&r=g\",\"caption\":\"ulises\"},\"sameAs\":[\"http:\/\/www.celttv.com.ar\"]}]}<\/script>\n<!-- \/ Yoast SEO plugin. -->","yoast_head_json":{"title":"Contin\u00faan las tareas de forestaci\u00f3n en Tornquist - CELTTV","description":"Sitio web de noticias de la localidad de Tornquist, provincia de Buenos Aires, Rep\u00fablica Argentina. Contenido propio originado por periodistas de CELTTV, el canal de TV local de la Cooperativa El\u00e9ctrica de Tornquist. Turismo, Pol\u00edtica, Sociedad, Deporte, Cultura y todo el contenido de inter\u00e9s general que la gente del pueblo y la regi\u00f3n debe conocer.","robots":{"index":"index","follow":"follow","max-snippet":"max-snippet:-1","max-image-preview":"max-image-preview:large","max-video-preview":"max-video-preview:-1"},"canonical":"https:\/\/www.celttv.com.ar\/index.php\/2020\/09\/23\/continuan-las-tareas-de-forestacion-en-tornquist\/","og_locale":"es_ES","og_type":"article","og_title":"Contin\u00faan las tareas de forestaci\u00f3n en Tornquist - CELTTV","og_description":"Sitio web de noticias de la localidad de Tornquist, provincia de Buenos Aires, Rep\u00fablica Argentina. Contenido propio originado por periodistas de CELTTV, el canal de TV local de la Cooperativa El\u00e9ctrica de Tornquist. Turismo, Pol\u00edtica, Sociedad, Deporte, Cultura y todo el contenido de inter\u00e9s general que la gente del pueblo y la regi\u00f3n debe conocer.","og_url":"https:\/\/www.celttv.com.ar\/index.php\/2020\/09\/23\/continuan-las-tareas-de-forestacion-en-tornquist\/","og_site_name":"CELTTV","article_publisher":"https:\/\/www.facebook.com\/celtTV\/","article_published_time":"2020-09-23T15:16:40+00:00","og_image":[{"width":960,"height":1280,"url":"https:\/\/www.celttv.com.ar\/wp-content\/uploads\/2020\/09\/WhatsApp-Image-2020-09-22-at-15.59.04-1.jpeg","type":"image\/jpeg"}],"author":"ulises","twitter_card":"summary_large_image","twitter_misc":{"Escrito por":"ulises","Tiempo de lectura":"1 minuto"},"schema":{"@context":"https:\/\/schema.org","@graph":[{"@type":"NewsArticle","@id":"https:\/\/www.celttv.com.ar\/index.php\/2020\/09\/23\/continuan-las-tareas-de-forestacion-en-tornquist\/#article","isPartOf":{"@id":"https:\/\/www.celttv.com.ar\/index.php\/2020\/09\/23\/continuan-las-tareas-de-forestacion-en-tornquist\/"},"author":{"name":"ulises","@id":"https:\/\/www.celttv.com.ar\/#\/schema\/person\/6d99c072dba59953809c81446e9d0ace"},"headline":"Contin\u00faan las tareas de forestaci\u00f3n en Tornquist","datePublished":"2020-09-23T15:16:40+00:00","dateModified":"2020-09-23T15:16:40+00:00","mainEntityOfPage":{"@id":"https:\/\/www.celttv.com.ar\/index.php\/2020\/09\/23\/continuan-las-tareas-de-forestacion-en-tornquist\/"},"wordCount":176,"publisher":{"@id":"https:\/\/www.celttv.com.ar\/#organization"},"articleSection":["Comunidad","Destacadas","Municipales"],"inLanguage":"es"},{"@type":"WebPage","@id":"https:\/\/www.celttv.com.ar\/index.php\/2020\/09\/23\/continuan-las-tareas-de-forestacion-en-tornquist\/","url":"https:\/\/www.celttv.com.ar\/index.php\/2020\/09\/23\/continuan-las-tareas-de-forestacion-en-tornquist\/","name":"Contin\u00faan las tareas de forestaci\u00f3n en Tornquist - CELTTV","isPartOf":{"@id":"https:\/\/www.celttv.com.ar\/#website"},"datePublished":"2020-09-23T15:16:40+00:00","dateModified":"2020-09-23T15:16:40+00:00","description":"Sitio web de noticias de la localidad de Tornquist, provincia de Buenos Aires, Rep\u00fablica Argentina. Contenido propio originado por periodistas de CELTTV, el canal de TV local de la Cooperativa El\u00e9ctrica de Tornquist. Turismo, Pol\u00edtica, Sociedad, Deporte, Cultura y todo el contenido de inter\u00e9s general que la gente del pueblo y la regi\u00f3n debe conocer.","breadcrumb":{"@id":"https:\/\/www.celttv.com.ar\/index.php\/2020\/09\/23\/continuan-las-tareas-de-forestacion-en-tornquist\/#breadcrumb"},"inLanguage":"es","potentialAction":[{"@type":"ReadAction","target":["https:\/\/www.celttv.com.ar\/index.php\/2020\/09\/23\/continuan-las-tareas-de-forestacion-en-tornquist\/"]}]},{"@type":"BreadcrumbList","@id":"https:\/\/www.celttv.com.ar\/index.php\/2020\/09\/23\/continuan-las-tareas-de-forestacion-en-tornquist\/#breadcrumb","itemListElement":[{"@type":"ListItem","position":1,"name":"Inicio","item":"https:\/\/www.celttv.com.ar\/"},{"@type":"ListItem","position":2,"name":"Contin\u00faan las tareas de forestaci\u00f3n en Tornquist"}]},{"@type":"WebSite","@id":"https:\/\/www.celttv.com.ar\/#website","url":"https:\/\/www.celttv.com.ar\/","name":"CELTTV","description":"Cooperativa El\u00e9ctrica de Tornquist","publisher":{"@id":"https:\/\/www.celttv.com.ar\/#organization"},"potentialAction":[{"@type":"SearchAction","target":{"@type":"EntryPoint","urlTemplate":"https:\/\/www.celttv.com.ar\/?s={search_term_string}"},"query-input":"required name=search_term_string"}],"inLanguage":"es"},{"@type":"Organization","@id":"https:\/\/www.celttv.com.ar\/#organization","name":"CELTTV","url":"https:\/\/www.celttv.com.ar\/","sameAs":["https:\/\/www.youtube.com\/channel\/UCz_oIt8Hig64Ub-EmcNPIhg","https:\/\/www.facebook.com\/celtTV\/"],"logo":{"@type":"ImageObject","inLanguage":"es","@id":"https:\/\/www.celttv.com.ar\/#\/schema\/logo\/image\/","url":"http:\/\/www.celttv.com.ar\/wp-content\/uploads\/2022\/08\/logo-1.png","contentUrl":"http:\/\/www.celttv.com.ar\/wp-content\/uploads\/2022\/08\/logo-1.png","width":461,"height":159,"caption":"CELTTV"},"image":{"@id":"https:\/\/www.celttv.com.ar\/#\/schema\/logo\/image\/"}},{"@type":"Person","@id":"https:\/\/www.celttv.com.ar\/#\/schema\/person\/6d99c072dba59953809c81446e9d0ace","name":"ulises","image":{"@type":"ImageObject","inLanguage":"es","@id":"https:\/\/www.celttv.com.ar\/#\/schema\/person\/image\/","url":"https:\/\/secure.gravatar.com\/avatar\/7f2c48bdc33b30088f941fb6082e555f2874c98e20cb159d7b92b50eadfce793?s=96&d=mm&r=g","contentUrl":"https:\/\/secure.gravatar.com\/avatar\/7f2c48bdc33b30088f941fb6082e555f2874c98e20cb159d7b92b50eadfce793?s=96&d=mm&r=g","caption":"ulises"},"sameAs":["http:\/\/www.celttv.com.ar"]}]}},"_links":{"self":[{"href":"https:\/\/www.celttv.com.ar\/index.php\/wp-json\/wp\/v2\/posts\/52328","targetHints":{"allow":["GET"]}}],"collection":[{"href":"https:\/\/www.celttv.com.ar\/index.php\/wp-json\/wp\/v2\/posts"}],"about":[{"href":"https:\/\/www.celttv.com.ar\/index.php\/wp-json\/wp\/v2\/types\/post"}],"author":[{"embeddable":true,"href":"https:\/\/www.celttv.com.ar\/index.php\/wp-json\/wp\/v2\/users\/1"}],"replies":[{"embeddable":true,"href":"https:\/\/www.celttv.com.ar\/index.php\/wp-json\/wp\/v2\/comments?post=52328"}],"version-history":[{"count":0,"href":"https:\/\/www.celttv.com.ar\/index.php\/wp-json\/wp\/v2\/posts\/52328\/revisions"}],"wp:featuredmedia":[{"embeddable":true,"href":"https:\/\/www.celttv.com.ar\/index.php\/wp-json\/wp\/v2\/media\/52330"}],"wp:attachment":[{"href":"https:\/\/www.celttv.com.ar\/index.php\/wp-json\/wp\/v2\/media?parent=52328"}],"wp:term":[{"taxonomy":"category","embeddable":true,"href":"https:\/\/www.celttv.com.ar\/index.php\/wp-json\/wp\/v2\/categories?post=52328"},{"taxonomy":"post_tag","embeddable":true,"href":"https:\/\/www.celttv.com.ar\/index.php\/wp-json\/wp\/v2\/tags?post=52328"}],"curies":[{"name":"wp","href":"https:\/\/api.w.org\/{rel}","templated":true}]}}