{"id":52345,"date":"2020-09-24T00:00:14","date_gmt":"2020-09-24T00:00:14","guid":{"rendered":"http:\/\/www.celttv.com.ar\/?p=52345"},"modified":"2020-09-24T00:00:14","modified_gmt":"2020-09-24T00:00:14","slug":"desde-el-gobierno-nacional-y-provincial-manifiestan-que-habra-temporada-pero-esta-dificil-para-llegar","status":"publish","type":"post","link":"https:\/\/www.celttv.com.ar\/index.php\/2020\/09\/24\/desde-el-gobierno-nacional-y-provincial-manifiestan-que-habra-temporada-pero-esta-dificil-para-llegar\/","title":{"rendered":"&#8220;Desde el gobierno nacional y provincial manifiestan que habr\u00e1 temporada, pero est\u00e1 dificil para llegar&#8221;"},"content":{"rendered":"<p>&#8220;Desde el gobierno nacional y provincial manifiestan que habr\u00e1 temporada, pero est\u00e1 dificil para llegar&#8221; dijo a CELTTV Noticias el presidente de la Asociaci\u00f3n de Turismo refiri\u00e9ndose a la dif\u00edcil situaci\u00f3n por la que est\u00e1 atravesando el sector.<\/p>\n<p>&#8220;En el distrito los protocolos est\u00e1n y se aplicar\u00e1n los mismos que Naci\u00f3n, adaptados a los requerimientos de cada sitio. Protocolos hay de sobra&#8221; se\u00f1al\u00f3 Pablo Canle.<\/p>\n<p>El presidente de la Asociaci\u00f3n de Turismo se mostr\u00f3 optimista en cuanto a la posibilidad de recuperaci\u00f3n del sector durante la temporada estival.<\/p>\n<p><iframe loading=\"lazy\" title=\"2020 09 22 COMUNICACION VIA ZOOM CON PABLO CANLE\" width=\"500\" height=\"281\" src=\"https:\/\/www.youtube.com\/embed\/e58EIyiScqs?feature=oembed\" frameborder=\"0\" allow=\"accelerometer; autoplay; clipboard-write; encrypted-media; gyroscope; picture-in-picture; web-share\" referrerpolicy=\"strict-origin-when-cross-origin\" allowfullscreen><\/iframe><\/p>\n","protected":false},"excerpt":{"rendered":"<p>&#8220;Desde el gobierno nacional y provincial manifiestan que habr\u00e1 temporada, pero est\u00e1 dificil para llegar&#8221; dijo a CELTTV Noticias el presidente de la Asociaci\u00f3n de Turismo refiri\u00e9ndose a la dif\u00edcil situaci\u00f3n por la que est\u00e1 atravesando el sector. &#8220;En el distrito los protocolos est\u00e1n y se aplicar\u00e1n los mismos que Naci\u00f3n, adaptados a los requerimientos [&hellip;]<\/p>\n","protected":false},"author":1,"featured_media":52346,"comment_status":"closed","ping_status":"open","sticky":false,"template":"","format":"standard","meta":{"footnotes":""},"categories":[51,52,58],"tags":[],"class_list":["post-52345","post","type-post","status-publish","format-standard","has-post-thumbnail","hentry","category-comunidad","category-destacadas","category-turismo"],"yoast_head":"<!-- This site is optimized with the Yoast SEO plugin v19.7.1 - https:\/\/yoast.com\/wordpress\/plugins\/seo\/ -->\n<title>&quot;Desde el gobierno nacional y provincial manifiestan que habr\u00e1 temporada, pero est\u00e1 dificil para llegar&quot; - CELTTV<\/title>\n<meta name=\"description\" content=\"Sitio web de noticias de la localidad de Tornquist, provincia de Buenos Aires, Rep\u00fablica Argentina. Contenido propio originado por periodistas de CELTTV, el canal de TV local de la Cooperativa El\u00e9ctrica de Tornquist. Turismo, Pol\u00edtica, Sociedad, Deporte, Cultura y todo el contenido de inter\u00e9s general que la gente del pueblo y la regi\u00f3n debe conocer.\" \/>\n<meta name=\"robots\" content=\"index, follow, max-snippet:-1, max-image-preview:large, max-video-preview:-1\" \/>\n<link rel=\"canonical\" href=\"https:\/\/www.celttv.com.ar\/index.php\/2020\/09\/24\/desde-el-gobierno-nacional-y-provincial-manifiestan-que-habra-temporada-pero-esta-dificil-para-llegar\/\" \/>\n<meta property=\"og:locale\" content=\"es_ES\" \/>\n<meta property=\"og:type\" content=\"article\" \/>\n<meta property=\"og:title\" content=\"&quot;Desde el gobierno nacional y provincial manifiestan que habr\u00e1 temporada, pero est\u00e1 dificil para llegar&quot; - CELTTV\" \/>\n<meta property=\"og:description\" content=\"Sitio web de noticias de la localidad de Tornquist, provincia de Buenos Aires, Rep\u00fablica Argentina. Contenido propio originado por periodistas de CELTTV, el canal de TV local de la Cooperativa El\u00e9ctrica de Tornquist. Turismo, Pol\u00edtica, Sociedad, Deporte, Cultura y todo el contenido de inter\u00e9s general que la gente del pueblo y la regi\u00f3n debe conocer.\" \/>\n<meta property=\"og:url\" content=\"https:\/\/www.celttv.com.ar\/index.php\/2020\/09\/24\/desde-el-gobierno-nacional-y-provincial-manifiestan-que-habra-temporada-pero-esta-dificil-para-llegar\/\" \/>\n<meta property=\"og:site_name\" content=\"CELTTV\" \/>\n<meta property=\"article:publisher\" content=\"https:\/\/www.facebook.com\/celtTV\/\" \/>\n<meta property=\"article:published_time\" content=\"2020-09-24T00:00:14+00:00\" \/>\n<meta property=\"og:image\" content=\"https:\/\/www.celttv.com.ar\/wp-content\/uploads\/2020\/09\/canle.jpg\" \/>\n\t<meta property=\"og:image:width\" content=\"772\" \/>\n\t<meta property=\"og:image:height\" content=\"476\" \/>\n\t<meta property=\"og:image:type\" content=\"image\/jpeg\" \/>\n<meta name=\"author\" content=\"ulises\" \/>\n<meta name=\"twitter:card\" content=\"summary_large_image\" \/>\n<meta name=\"twitter:label1\" content=\"Escrito por\" \/>\n\t<meta name=\"twitter:data1\" content=\"ulises\" \/>\n\t<meta name=\"twitter:label2\" content=\"Tiempo de lectura\" \/>\n\t<meta name=\"twitter:data2\" content=\"1 minuto\" \/>\n<script type=\"application\/ld+json\" class=\"yoast-schema-graph\">{\"@context\":\"https:\/\/schema.org\",\"@graph\":[{\"@type\":\"NewsArticle\",\"@id\":\"https:\/\/www.celttv.com.ar\/index.php\/2020\/09\/24\/desde-el-gobierno-nacional-y-provincial-manifiestan-que-habra-temporada-pero-esta-dificil-para-llegar\/#article\",\"isPartOf\":{\"@id\":\"https:\/\/www.celttv.com.ar\/index.php\/2020\/09\/24\/desde-el-gobierno-nacional-y-provincial-manifiestan-que-habra-temporada-pero-esta-dificil-para-llegar\/\"},\"author\":{\"name\":\"ulises\",\"@id\":\"https:\/\/www.celttv.com.ar\/#\/schema\/person\/6d99c072dba59953809c81446e9d0ace\"},\"headline\":\"&#8220;Desde el gobierno nacional y provincial manifiestan que habr\u00e1 temporada, pero est\u00e1 dificil para llegar&#8221;\",\"datePublished\":\"2020-09-24T00:00:14+00:00\",\"dateModified\":\"2020-09-24T00:00:14+00:00\",\"mainEntityOfPage\":{\"@id\":\"https:\/\/www.celttv.com.ar\/index.php\/2020\/09\/24\/desde-el-gobierno-nacional-y-provincial-manifiestan-que-habra-temporada-pero-esta-dificil-para-llegar\/\"},\"wordCount\":118,\"publisher\":{\"@id\":\"https:\/\/www.celttv.com.ar\/#organization\"},\"articleSection\":[\"Comunidad\",\"Destacadas\",\"Turismo\"],\"inLanguage\":\"es\"},{\"@type\":\"WebPage\",\"@id\":\"https:\/\/www.celttv.com.ar\/index.php\/2020\/09\/24\/desde-el-gobierno-nacional-y-provincial-manifiestan-que-habra-temporada-pero-esta-dificil-para-llegar\/\",\"url\":\"https:\/\/www.celttv.com.ar\/index.php\/2020\/09\/24\/desde-el-gobierno-nacional-y-provincial-manifiestan-que-habra-temporada-pero-esta-dificil-para-llegar\/\",\"name\":\"\\\"Desde el gobierno nacional y provincial manifiestan que habr\u00e1 temporada, pero est\u00e1 dificil para llegar\\\" - CELTTV\",\"isPartOf\":{\"@id\":\"https:\/\/www.celttv.com.ar\/#website\"},\"datePublished\":\"2020-09-24T00:00:14+00:00\",\"dateModified\":\"2020-09-24T00:00:14+00:00\",\"description\":\"Sitio web de noticias de la localidad de Tornquist, provincia de Buenos Aires, Rep\u00fablica Argentina. Contenido propio originado por periodistas de CELTTV, el canal de TV local de la Cooperativa El\u00e9ctrica de Tornquist. Turismo, Pol\u00edtica, Sociedad, Deporte, Cultura y todo el contenido de inter\u00e9s general que la gente del pueblo y la regi\u00f3n debe conocer.\",\"breadcrumb\":{\"@id\":\"https:\/\/www.celttv.com.ar\/index.php\/2020\/09\/24\/desde-el-gobierno-nacional-y-provincial-manifiestan-que-habra-temporada-pero-esta-dificil-para-llegar\/#breadcrumb\"},\"inLanguage\":\"es\",\"potentialAction\":[{\"@type\":\"ReadAction\",\"target\":[\"https:\/\/www.celttv.com.ar\/index.php\/2020\/09\/24\/desde-el-gobierno-nacional-y-provincial-manifiestan-que-habra-temporada-pero-esta-dificil-para-llegar\/\"]}]},{\"@type\":\"BreadcrumbList\",\"@id\":\"https:\/\/www.celttv.com.ar\/index.php\/2020\/09\/24\/desde-el-gobierno-nacional-y-provincial-manifiestan-que-habra-temporada-pero-esta-dificil-para-llegar\/#breadcrumb\",\"itemListElement\":[{\"@type\":\"ListItem\",\"position\":1,\"name\":\"Inicio\",\"item\":\"https:\/\/www.celttv.com.ar\/\"},{\"@type\":\"ListItem\",\"position\":2,\"name\":\"&#8220;Desde el gobierno nacional y provincial manifiestan que habr\u00e1 temporada, pero est\u00e1 dificil para llegar&#8221;\"}]},{\"@type\":\"WebSite\",\"@id\":\"https:\/\/www.celttv.com.ar\/#website\",\"url\":\"https:\/\/www.celttv.com.ar\/\",\"name\":\"CELTTV\",\"description\":\"Cooperativa El\u00e9ctrica de Tornquist\",\"publisher\":{\"@id\":\"https:\/\/www.celttv.com.ar\/#organization\"},\"potentialAction\":[{\"@type\":\"SearchAction\",\"target\":{\"@type\":\"EntryPoint\",\"urlTemplate\":\"https:\/\/www.celttv.com.ar\/?s={search_term_string}\"},\"query-input\":\"required name=search_term_string\"}],\"inLanguage\":\"es\"},{\"@type\":\"Organization\",\"@id\":\"https:\/\/www.celttv.com.ar\/#organization\",\"name\":\"CELTTV\",\"url\":\"https:\/\/www.celttv.com.ar\/\",\"sameAs\":[\"https:\/\/www.youtube.com\/channel\/UCz_oIt8Hig64Ub-EmcNPIhg\",\"https:\/\/www.facebook.com\/celtTV\/\"],\"logo\":{\"@type\":\"ImageObject\",\"inLanguage\":\"es\",\"@id\":\"https:\/\/www.celttv.com.ar\/#\/schema\/logo\/image\/\",\"url\":\"http:\/\/www.celttv.com.ar\/wp-content\/uploads\/2022\/08\/logo-1.png\",\"contentUrl\":\"http:\/\/www.celttv.com.ar\/wp-content\/uploads\/2022\/08\/logo-1.png\",\"width\":461,\"height\":159,\"caption\":\"CELTTV\"},\"image\":{\"@id\":\"https:\/\/www.celttv.com.ar\/#\/schema\/logo\/image\/\"}},{\"@type\":\"Person\",\"@id\":\"https:\/\/www.celttv.com.ar\/#\/schema\/person\/6d99c072dba59953809c81446e9d0ace\",\"name\":\"ulises\",\"image\":{\"@type\":\"ImageObject\",\"inLanguage\":\"es\",\"@id\":\"https:\/\/www.celttv.com.ar\/#\/schema\/person\/image\/\",\"url\":\"https:\/\/secure.gravatar.com\/avatar\/7f2c48bdc33b30088f941fb6082e555f2874c98e20cb159d7b92b50eadfce793?s=96&d=mm&r=g\",\"contentUrl\":\"https:\/\/secure.gravatar.com\/avatar\/7f2c48bdc33b30088f941fb6082e555f2874c98e20cb159d7b92b50eadfce793?s=96&d=mm&r=g\",\"caption\":\"ulises\"},\"sameAs\":[\"http:\/\/www.celttv.com.ar\"]}]}<\/script>\n<!-- \/ Yoast SEO plugin. -->","yoast_head_json":{"title":"\"Desde el gobierno nacional y provincial manifiestan que habr\u00e1 temporada, pero est\u00e1 dificil para llegar\" - CELTTV","description":"Sitio web de noticias de la localidad de Tornquist, provincia de Buenos Aires, Rep\u00fablica Argentina. Contenido propio originado por periodistas de CELTTV, el canal de TV local de la Cooperativa El\u00e9ctrica de Tornquist. Turismo, Pol\u00edtica, Sociedad, Deporte, Cultura y todo el contenido de inter\u00e9s general que la gente del pueblo y la regi\u00f3n debe conocer.","robots":{"index":"index","follow":"follow","max-snippet":"max-snippet:-1","max-image-preview":"max-image-preview:large","max-video-preview":"max-video-preview:-1"},"canonical":"https:\/\/www.celttv.com.ar\/index.php\/2020\/09\/24\/desde-el-gobierno-nacional-y-provincial-manifiestan-que-habra-temporada-pero-esta-dificil-para-llegar\/","og_locale":"es_ES","og_type":"article","og_title":"\"Desde el gobierno nacional y provincial manifiestan que habr\u00e1 temporada, pero est\u00e1 dificil para llegar\" - CELTTV","og_description":"Sitio web de noticias de la localidad de Tornquist, provincia de Buenos Aires, Rep\u00fablica Argentina. Contenido propio originado por periodistas de CELTTV, el canal de TV local de la Cooperativa El\u00e9ctrica de Tornquist. Turismo, Pol\u00edtica, Sociedad, Deporte, Cultura y todo el contenido de inter\u00e9s general que la gente del pueblo y la regi\u00f3n debe conocer.","og_url":"https:\/\/www.celttv.com.ar\/index.php\/2020\/09\/24\/desde-el-gobierno-nacional-y-provincial-manifiestan-que-habra-temporada-pero-esta-dificil-para-llegar\/","og_site_name":"CELTTV","article_publisher":"https:\/\/www.facebook.com\/celtTV\/","article_published_time":"2020-09-24T00:00:14+00:00","og_image":[{"width":772,"height":476,"url":"https:\/\/www.celttv.com.ar\/wp-content\/uploads\/2020\/09\/canle.jpg","type":"image\/jpeg"}],"author":"ulises","twitter_card":"summary_large_image","twitter_misc":{"Escrito por":"ulises","Tiempo de lectura":"1 minuto"},"schema":{"@context":"https:\/\/schema.org","@graph":[{"@type":"NewsArticle","@id":"https:\/\/www.celttv.com.ar\/index.php\/2020\/09\/24\/desde-el-gobierno-nacional-y-provincial-manifiestan-que-habra-temporada-pero-esta-dificil-para-llegar\/#article","isPartOf":{"@id":"https:\/\/www.celttv.com.ar\/index.php\/2020\/09\/24\/desde-el-gobierno-nacional-y-provincial-manifiestan-que-habra-temporada-pero-esta-dificil-para-llegar\/"},"author":{"name":"ulises","@id":"https:\/\/www.celttv.com.ar\/#\/schema\/person\/6d99c072dba59953809c81446e9d0ace"},"headline":"&#8220;Desde el gobierno nacional y provincial manifiestan que habr\u00e1 temporada, pero est\u00e1 dificil para llegar&#8221;","datePublished":"2020-09-24T00:00:14+00:00","dateModified":"2020-09-24T00:00:14+00:00","mainEntityOfPage":{"@id":"https:\/\/www.celttv.com.ar\/index.php\/2020\/09\/24\/desde-el-gobierno-nacional-y-provincial-manifiestan-que-habra-temporada-pero-esta-dificil-para-llegar\/"},"wordCount":118,"publisher":{"@id":"https:\/\/www.celttv.com.ar\/#organization"},"articleSection":["Comunidad","Destacadas","Turismo"],"inLanguage":"es"},{"@type":"WebPage","@id":"https:\/\/www.celttv.com.ar\/index.php\/2020\/09\/24\/desde-el-gobierno-nacional-y-provincial-manifiestan-que-habra-temporada-pero-esta-dificil-para-llegar\/","url":"https:\/\/www.celttv.com.ar\/index.php\/2020\/09\/24\/desde-el-gobierno-nacional-y-provincial-manifiestan-que-habra-temporada-pero-esta-dificil-para-llegar\/","name":"\"Desde el gobierno nacional y provincial manifiestan que habr\u00e1 temporada, pero est\u00e1 dificil para llegar\" - CELTTV","isPartOf":{"@id":"https:\/\/www.celttv.com.ar\/#website"},"datePublished":"2020-09-24T00:00:14+00:00","dateModified":"2020-09-24T00:00:14+00:00","description":"Sitio web de noticias de la localidad de Tornquist, provincia de Buenos Aires, Rep\u00fablica Argentina. Contenido propio originado por periodistas de CELTTV, el canal de TV local de la Cooperativa El\u00e9ctrica de Tornquist. Turismo, Pol\u00edtica, Sociedad, Deporte, Cultura y todo el contenido de inter\u00e9s general que la gente del pueblo y la regi\u00f3n debe conocer.","breadcrumb":{"@id":"https:\/\/www.celttv.com.ar\/index.php\/2020\/09\/24\/desde-el-gobierno-nacional-y-provincial-manifiestan-que-habra-temporada-pero-esta-dificil-para-llegar\/#breadcrumb"},"inLanguage":"es","potentialAction":[{"@type":"ReadAction","target":["https:\/\/www.celttv.com.ar\/index.php\/2020\/09\/24\/desde-el-gobierno-nacional-y-provincial-manifiestan-que-habra-temporada-pero-esta-dificil-para-llegar\/"]}]},{"@type":"BreadcrumbList","@id":"https:\/\/www.celttv.com.ar\/index.php\/2020\/09\/24\/desde-el-gobierno-nacional-y-provincial-manifiestan-que-habra-temporada-pero-esta-dificil-para-llegar\/#breadcrumb","itemListElement":[{"@type":"ListItem","position":1,"name":"Inicio","item":"https:\/\/www.celttv.com.ar\/"},{"@type":"ListItem","position":2,"name":"&#8220;Desde el gobierno nacional y provincial manifiestan que habr\u00e1 temporada, pero est\u00e1 dificil para llegar&#8221;"}]},{"@type":"WebSite","@id":"https:\/\/www.celttv.com.ar\/#website","url":"https:\/\/www.celttv.com.ar\/","name":"CELTTV","description":"Cooperativa El\u00e9ctrica de Tornquist","publisher":{"@id":"https:\/\/www.celttv.com.ar\/#organization"},"potentialAction":[{"@type":"SearchAction","target":{"@type":"EntryPoint","urlTemplate":"https:\/\/www.celttv.com.ar\/?s={search_term_string}"},"query-input":"required name=search_term_string"}],"inLanguage":"es"},{"@type":"Organization","@id":"https:\/\/www.celttv.com.ar\/#organization","name":"CELTTV","url":"https:\/\/www.celttv.com.ar\/","sameAs":["https:\/\/www.youtube.com\/channel\/UCz_oIt8Hig64Ub-EmcNPIhg","https:\/\/www.facebook.com\/celtTV\/"],"logo":{"@type":"ImageObject","inLanguage":"es","@id":"https:\/\/www.celttv.com.ar\/#\/schema\/logo\/image\/","url":"http:\/\/www.celttv.com.ar\/wp-content\/uploads\/2022\/08\/logo-1.png","contentUrl":"http:\/\/www.celttv.com.ar\/wp-content\/uploads\/2022\/08\/logo-1.png","width":461,"height":159,"caption":"CELTTV"},"image":{"@id":"https:\/\/www.celttv.com.ar\/#\/schema\/logo\/image\/"}},{"@type":"Person","@id":"https:\/\/www.celttv.com.ar\/#\/schema\/person\/6d99c072dba59953809c81446e9d0ace","name":"ulises","image":{"@type":"ImageObject","inLanguage":"es","@id":"https:\/\/www.celttv.com.ar\/#\/schema\/person\/image\/","url":"https:\/\/secure.gravatar.com\/avatar\/7f2c48bdc33b30088f941fb6082e555f2874c98e20cb159d7b92b50eadfce793?s=96&d=mm&r=g","contentUrl":"https:\/\/secure.gravatar.com\/avatar\/7f2c48bdc33b30088f941fb6082e555f2874c98e20cb159d7b92b50eadfce793?s=96&d=mm&r=g","caption":"ulises"},"sameAs":["http:\/\/www.celttv.com.ar"]}]}},"_links":{"self":[{"href":"https:\/\/www.celttv.com.ar\/index.php\/wp-json\/wp\/v2\/posts\/52345","targetHints":{"allow":["GET"]}}],"collection":[{"href":"https:\/\/www.celttv.com.ar\/index.php\/wp-json\/wp\/v2\/posts"}],"about":[{"href":"https:\/\/www.celttv.com.ar\/index.php\/wp-json\/wp\/v2\/types\/post"}],"author":[{"embeddable":true,"href":"https:\/\/www.celttv.com.ar\/index.php\/wp-json\/wp\/v2\/users\/1"}],"replies":[{"embeddable":true,"href":"https:\/\/www.celttv.com.ar\/index.php\/wp-json\/wp\/v2\/comments?post=52345"}],"version-history":[{"count":0,"href":"https:\/\/www.celttv.com.ar\/index.php\/wp-json\/wp\/v2\/posts\/52345\/revisions"}],"wp:featuredmedia":[{"embeddable":true,"href":"https:\/\/www.celttv.com.ar\/index.php\/wp-json\/wp\/v2\/media\/52346"}],"wp:attachment":[{"href":"https:\/\/www.celttv.com.ar\/index.php\/wp-json\/wp\/v2\/media?parent=52345"}],"wp:term":[{"taxonomy":"category","embeddable":true,"href":"https:\/\/www.celttv.com.ar\/index.php\/wp-json\/wp\/v2\/categories?post=52345"},{"taxonomy":"post_tag","embeddable":true,"href":"https:\/\/www.celttv.com.ar\/index.php\/wp-json\/wp\/v2\/tags?post=52345"}],"curies":[{"name":"wp","href":"https:\/\/api.w.org\/{rel}","templated":true}]}}