{"id":52618,"date":"2020-10-07T20:55:14","date_gmt":"2020-10-07T20:55:14","guid":{"rendered":"http:\/\/www.celttv.com.ar\/?p=52618"},"modified":"2020-10-07T20:55:14","modified_gmt":"2020-10-07T20:55:14","slug":"la-secretaria-de-produccion-participo-de-la-presentacion-de-las-lineas-destinadas-al-agro-del-plan-provincia-en-marcha","status":"publish","type":"post","link":"https:\/\/www.celttv.com.ar\/index.php\/2020\/10\/07\/la-secretaria-de-produccion-participo-de-la-presentacion-de-las-lineas-destinadas-al-agro-del-plan-provincia-en-marcha\/","title":{"rendered":"LA SECRETAR\u00cdA DE PRODUCCI\u00d3N PARTICIP\u00d3 DE LA PRESENTACI\u00d3N DE LAS LINEAS DESTINADAS AL AGRO DEL PLAN PROVINCIA EN MARCHA"},"content":{"rendered":"<p>La Secretar\u00eda de Turismo, Producci\u00f3n, Comercio e Industria particip\u00f3 del encuentro virtual en el que se detallaron, desde el Ministerio de Desarrollo Agrario, los distintos programas impulsados por la cartera y la forma de acceder a ellos.<\/p>\n<p>El Ministro de Desarrollo Agrario, Javier Rodr\u00edguez, encabez\u00f3 una reuni\u00f3n virtual con los secretarios de Producci\u00f3n de 110 municipios bonaerenses, de la cual particip\u00f3 Susana Dos Santos, en la que se present\u00f3 las l\u00edneas espec\u00edficas destinadas al sector agropecuario del plan de reactivaci\u00f3n productiva, Provincia en Marcha, y se avanz\u00f3 en la articulaci\u00f3n de las distintas herramientas con los gobiernos locales.<\/p>\n<p>Entre las iniciativas presentadas se encuentra el Programa de Fortalecimiento de la Cadena Bovina, que busca prevenir las enfermedades de transmisi\u00f3n sexual (ETS) en el ganado y as\u00ed promover el incremento en la eficiencia productiva de los establecimientos pecuarios. Este plan contempla una campa\u00f1a de difusi\u00f3n, con informaci\u00f3n unificada que estar\u00e1 a disposici\u00f3n de los Municipios, productores y laboratorios, la asistencia en la realizaci\u00f3n de an\u00e1lisis de laboratorio con la finalidad de diagnosticar enfermedades y mejorar los \u00edndices productivos, y una bonificaci\u00f3n de los testeos para productores (para aquellos de hasta 100 vacas se bonificar\u00e1 el 100% del diagn\u00f3stico o el testeo de hasta 5 toros, y para los de m\u00e1s de 100 vacas, se bonificar\u00e1 el testeo de un m\u00e1ximo de 2 toros). Tambi\u00e9n habr\u00e1 cr\u00e9ditos y subsidios a peque\u00f1os productores para la reposici\u00f3n de toros positivos de ETS que deban ser enviados a faena, que cubrir\u00e1n hasta el 50 % del costo de reposici\u00f3n, con un l\u00edmite de hasta $60.000 por animal.<\/p>\n<p>Tambi\u00e9n se anunci\u00f3 el refondeo del Fondo Pesquero, con el objetivo de fomentar el desarrollo productivo de la pesca a trav\u00e9s de inversiones vinculadas a la actividad en los puertos bonaerenses e incorporar a los sectores pesqueros rezagados a la econom\u00eda formal. Dentro de este plan de impulso a la actividad pesquera habr\u00e1 cr\u00e9ditos para capital de trabajo e inversi\u00f3n, con tasas fijas del 18% anual en pesos; financiamiento para adquisici\u00f3n de bienes de capital destinado a la ampliaci\u00f3n de l\u00edneas de producci\u00f3n, inversiones en tecnolog\u00eda e infraestructura y construcci\u00f3n de buques, con tasas fijas del 22% anual en pesos; y una l\u00ednea de Aportes No Reintegrables para la compra de dispositivos y elementos de seguridad en barcos.<\/p>\n<p>En la misma l\u00ednea, en el marco del plan Provincia en Marcha, se otorgar\u00e1 fondeo adicional al Banco de Insumos, que forma parte del Programa Alimentos Bonaerenses y otorga cr\u00e9ditos en insumos veterinarios y semillas \u2013entre otros- a peque\u00f1os productores de la agricultura familiar. El objetivo es fortalecer, promocionar y fomentar las cooperativas agropecuarias del territorio provincial. Se otorgar\u00e1n subsidios de hasta $2 millones a proyectos de industrializaci\u00f3n y agregado de valor que busquen mejorar la capacidad productiva, y se establecer\u00e1 un fondo rotativo, de hasta un m\u00e1ximo de $1 mill\u00f3n por cooperativa, destinado a la adquisici\u00f3n de insumos.<\/p>\n<p>Adem\u00e1s se present\u00f3 a los municipios el Programa de Regularizaci\u00f3n de peque\u00f1as unidades productoras de alimentos, que contempla subsidios, por un monto m\u00e1ximo de $200.000, para mejoras edilicias de cocinas y peque\u00f1os establecimientos de elaboraci\u00f3n artesanal de alimentos y equipamiento, y para la compra de elementos de medici\u00f3n y control de par\u00e1metros tecnol\u00f3gicos que permitan asegurar la inocuidad de los alimentos. Adem\u00e1s se ofrecer\u00e1n cr\u00e9ditos a tasa 0%, por hasta $500.000, a trav\u00e9s del Banco Provincia.<\/p>\n<p>Otra de las iniciativas anunciadas fue el plan de mejora de caminos rurales. En articulaci\u00f3n con los municipios, se adquirir\u00e1n materiales e insumos para la realizaci\u00f3n de obras de mejorado de caminos y se brindar\u00e1 asistencia para la compra de accesorios y complementos para las obras viales. Est\u00e1 destinado a caminos en situaci\u00f3n cr\u00edtica, hasta un m\u00e1ximo de 5 kil\u00f3metros por distrito, y busca garantizar la circulaci\u00f3n de cargas y de los habitantes de las distintas regiones bonaerenses.<\/p>\n<p>Durante el encuentro virtual tambi\u00e9n se anunci\u00f3 el fortalecimiento del plan Mercados Bonaerenses, la red de ferias de productos frescos que se vienen realizando en los distintos municipios de la Provincia. El Ministerio trabajar\u00e1 para incrementar la oferta de alimentos, mejorar su infraestructura y su estrategia promocional, y ampliar\u00e1 la asistencia a productores, pymes y cooperativas a trav\u00e9s de capacitaciones.<\/p>\n<p>Adem\u00e1s se destac\u00f3 el reciente lanzamiento de nuevas herramientas para impulsar las exportaciones bonaerenses. El MDA puso en marcha esta semana un programa de asistencia t\u00e9cnica a pymes y cooperativas que deseen comenzar a vender sus productos en el exterior, y present\u00f3 la plataforma \u201cOportunidades Comerciales para Alimentos Bonaerenses\u201d, a trav\u00e9s de la cual los productores podr\u00e1n contactarse con empresas e importadores internacionales que demanden sus productos.<\/p>\n<p>&nbsp;<\/p>\n","protected":false},"excerpt":{"rendered":"<p>La Secretar\u00eda de Turismo, Producci\u00f3n, Comercio e Industria particip\u00f3 del encuentro virtual en el que se detallaron, desde el Ministerio de Desarrollo Agrario, los distintos programas impulsados por la cartera y la forma de acceder a ellos. El Ministro de Desarrollo Agrario, Javier Rodr\u00edguez, encabez\u00f3 una reuni\u00f3n virtual con los secretarios de Producci\u00f3n de 110 [&hellip;]<\/p>\n","protected":false},"author":1,"featured_media":52619,"comment_status":"closed","ping_status":"open","sticky":false,"template":"","format":"standard","meta":{"footnotes":""},"categories":[51,52,65],"tags":[],"class_list":["post-52618","post","type-post","status-publish","format-standard","has-post-thumbnail","hentry","category-comunidad","category-destacadas","category-produccion"],"yoast_head":"<!-- This site is optimized with the Yoast SEO plugin v19.7.1 - https:\/\/yoast.com\/wordpress\/plugins\/seo\/ -->\n<title>LA SECRETAR\u00cdA DE PRODUCCI\u00d3N PARTICIP\u00d3 DE LA PRESENTACI\u00d3N DE LAS LINEAS DESTINADAS AL AGRO DEL PLAN PROVINCIA EN MARCHA - CELTTV<\/title>\n<meta name=\"description\" content=\"Sitio web de noticias de la localidad de Tornquist, provincia de Buenos Aires, Rep\u00fablica Argentina. Contenido propio originado por periodistas de CELTTV, el canal de TV local de la Cooperativa El\u00e9ctrica de Tornquist. Turismo, Pol\u00edtica, Sociedad, Deporte, Cultura y todo el contenido de inter\u00e9s general que la gente del pueblo y la regi\u00f3n debe conocer.\" \/>\n<meta name=\"robots\" content=\"index, follow, max-snippet:-1, max-image-preview:large, max-video-preview:-1\" \/>\n<link rel=\"canonical\" href=\"https:\/\/www.celttv.com.ar\/index.php\/2020\/10\/07\/la-secretaria-de-produccion-participo-de-la-presentacion-de-las-lineas-destinadas-al-agro-del-plan-provincia-en-marcha\/\" \/>\n<meta property=\"og:locale\" content=\"es_ES\" \/>\n<meta property=\"og:type\" content=\"article\" \/>\n<meta property=\"og:title\" content=\"LA SECRETAR\u00cdA DE PRODUCCI\u00d3N PARTICIP\u00d3 DE LA PRESENTACI\u00d3N DE LAS LINEAS DESTINADAS AL AGRO DEL PLAN PROVINCIA EN MARCHA - CELTTV\" \/>\n<meta property=\"og:description\" content=\"Sitio web de noticias de la localidad de Tornquist, provincia de Buenos Aires, Rep\u00fablica Argentina. Contenido propio originado por periodistas de CELTTV, el canal de TV local de la Cooperativa El\u00e9ctrica de Tornquist. Turismo, Pol\u00edtica, Sociedad, Deporte, Cultura y todo el contenido de inter\u00e9s general que la gente del pueblo y la regi\u00f3n debe conocer.\" \/>\n<meta property=\"og:url\" content=\"https:\/\/www.celttv.com.ar\/index.php\/2020\/10\/07\/la-secretaria-de-produccion-participo-de-la-presentacion-de-las-lineas-destinadas-al-agro-del-plan-provincia-en-marcha\/\" \/>\n<meta property=\"og:site_name\" content=\"CELTTV\" \/>\n<meta property=\"article:publisher\" content=\"https:\/\/www.facebook.com\/celtTV\/\" \/>\n<meta property=\"article:published_time\" content=\"2020-10-07T20:55:14+00:00\" \/>\n<meta property=\"og:image\" content=\"https:\/\/www.celttv.com.ar\/wp-content\/uploads\/2020\/10\/produc.jpg\" \/>\n\t<meta property=\"og:image:width\" content=\"700\" \/>\n\t<meta property=\"og:image:height\" content=\"388\" \/>\n\t<meta property=\"og:image:type\" content=\"image\/jpeg\" \/>\n<meta name=\"author\" content=\"ulises\" \/>\n<meta name=\"twitter:card\" content=\"summary_large_image\" \/>\n<meta name=\"twitter:label1\" content=\"Escrito por\" \/>\n\t<meta name=\"twitter:data1\" content=\"ulises\" \/>\n\t<meta name=\"twitter:label2\" content=\"Tiempo de lectura\" \/>\n\t<meta name=\"twitter:data2\" content=\"4 minutos\" \/>\n<script type=\"application\/ld+json\" class=\"yoast-schema-graph\">{\"@context\":\"https:\/\/schema.org\",\"@graph\":[{\"@type\":\"NewsArticle\",\"@id\":\"https:\/\/www.celttv.com.ar\/index.php\/2020\/10\/07\/la-secretaria-de-produccion-participo-de-la-presentacion-de-las-lineas-destinadas-al-agro-del-plan-provincia-en-marcha\/#article\",\"isPartOf\":{\"@id\":\"https:\/\/www.celttv.com.ar\/index.php\/2020\/10\/07\/la-secretaria-de-produccion-participo-de-la-presentacion-de-las-lineas-destinadas-al-agro-del-plan-provincia-en-marcha\/\"},\"author\":{\"name\":\"ulises\",\"@id\":\"https:\/\/www.celttv.com.ar\/#\/schema\/person\/6d99c072dba59953809c81446e9d0ace\"},\"headline\":\"LA SECRETAR\u00cdA DE PRODUCCI\u00d3N PARTICIP\u00d3 DE LA PRESENTACI\u00d3N DE LAS LINEAS DESTINADAS AL AGRO DEL PLAN PROVINCIA EN MARCHA\",\"datePublished\":\"2020-10-07T20:55:14+00:00\",\"dateModified\":\"2020-10-07T20:55:14+00:00\",\"mainEntityOfPage\":{\"@id\":\"https:\/\/www.celttv.com.ar\/index.php\/2020\/10\/07\/la-secretaria-de-produccion-participo-de-la-presentacion-de-las-lineas-destinadas-al-agro-del-plan-provincia-en-marcha\/\"},\"wordCount\":840,\"publisher\":{\"@id\":\"https:\/\/www.celttv.com.ar\/#organization\"},\"articleSection\":[\"Comunidad\",\"Destacadas\",\"Producci\u00f3n y Medio Ambiente\"],\"inLanguage\":\"es\"},{\"@type\":\"WebPage\",\"@id\":\"https:\/\/www.celttv.com.ar\/index.php\/2020\/10\/07\/la-secretaria-de-produccion-participo-de-la-presentacion-de-las-lineas-destinadas-al-agro-del-plan-provincia-en-marcha\/\",\"url\":\"https:\/\/www.celttv.com.ar\/index.php\/2020\/10\/07\/la-secretaria-de-produccion-participo-de-la-presentacion-de-las-lineas-destinadas-al-agro-del-plan-provincia-en-marcha\/\",\"name\":\"LA SECRETAR\u00cdA DE PRODUCCI\u00d3N PARTICIP\u00d3 DE LA PRESENTACI\u00d3N DE LAS LINEAS DESTINADAS AL AGRO DEL PLAN PROVINCIA EN MARCHA - CELTTV\",\"isPartOf\":{\"@id\":\"https:\/\/www.celttv.com.ar\/#website\"},\"datePublished\":\"2020-10-07T20:55:14+00:00\",\"dateModified\":\"2020-10-07T20:55:14+00:00\",\"description\":\"Sitio web de noticias de la localidad de Tornquist, provincia de Buenos Aires, Rep\u00fablica Argentina. Contenido propio originado por periodistas de CELTTV, el canal de TV local de la Cooperativa El\u00e9ctrica de Tornquist. Turismo, Pol\u00edtica, Sociedad, Deporte, Cultura y todo el contenido de inter\u00e9s general que la gente del pueblo y la regi\u00f3n debe conocer.\",\"breadcrumb\":{\"@id\":\"https:\/\/www.celttv.com.ar\/index.php\/2020\/10\/07\/la-secretaria-de-produccion-participo-de-la-presentacion-de-las-lineas-destinadas-al-agro-del-plan-provincia-en-marcha\/#breadcrumb\"},\"inLanguage\":\"es\",\"potentialAction\":[{\"@type\":\"ReadAction\",\"target\":[\"https:\/\/www.celttv.com.ar\/index.php\/2020\/10\/07\/la-secretaria-de-produccion-participo-de-la-presentacion-de-las-lineas-destinadas-al-agro-del-plan-provincia-en-marcha\/\"]}]},{\"@type\":\"BreadcrumbList\",\"@id\":\"https:\/\/www.celttv.com.ar\/index.php\/2020\/10\/07\/la-secretaria-de-produccion-participo-de-la-presentacion-de-las-lineas-destinadas-al-agro-del-plan-provincia-en-marcha\/#breadcrumb\",\"itemListElement\":[{\"@type\":\"ListItem\",\"position\":1,\"name\":\"Inicio\",\"item\":\"https:\/\/www.celttv.com.ar\/\"},{\"@type\":\"ListItem\",\"position\":2,\"name\":\"LA SECRETAR\u00cdA DE PRODUCCI\u00d3N PARTICIP\u00d3 DE LA PRESENTACI\u00d3N DE LAS LINEAS DESTINADAS AL AGRO DEL PLAN PROVINCIA EN MARCHA\"}]},{\"@type\":\"WebSite\",\"@id\":\"https:\/\/www.celttv.com.ar\/#website\",\"url\":\"https:\/\/www.celttv.com.ar\/\",\"name\":\"CELTTV\",\"description\":\"Cooperativa El\u00e9ctrica de Tornquist\",\"publisher\":{\"@id\":\"https:\/\/www.celttv.com.ar\/#organization\"},\"potentialAction\":[{\"@type\":\"SearchAction\",\"target\":{\"@type\":\"EntryPoint\",\"urlTemplate\":\"https:\/\/www.celttv.com.ar\/?s={search_term_string}\"},\"query-input\":\"required name=search_term_string\"}],\"inLanguage\":\"es\"},{\"@type\":\"Organization\",\"@id\":\"https:\/\/www.celttv.com.ar\/#organization\",\"name\":\"CELTTV\",\"url\":\"https:\/\/www.celttv.com.ar\/\",\"sameAs\":[\"https:\/\/www.youtube.com\/channel\/UCz_oIt8Hig64Ub-EmcNPIhg\",\"https:\/\/www.facebook.com\/celtTV\/\"],\"logo\":{\"@type\":\"ImageObject\",\"inLanguage\":\"es\",\"@id\":\"https:\/\/www.celttv.com.ar\/#\/schema\/logo\/image\/\",\"url\":\"http:\/\/www.celttv.com.ar\/wp-content\/uploads\/2022\/08\/logo-1.png\",\"contentUrl\":\"http:\/\/www.celttv.com.ar\/wp-content\/uploads\/2022\/08\/logo-1.png\",\"width\":461,\"height\":159,\"caption\":\"CELTTV\"},\"image\":{\"@id\":\"https:\/\/www.celttv.com.ar\/#\/schema\/logo\/image\/\"}},{\"@type\":\"Person\",\"@id\":\"https:\/\/www.celttv.com.ar\/#\/schema\/person\/6d99c072dba59953809c81446e9d0ace\",\"name\":\"ulises\",\"image\":{\"@type\":\"ImageObject\",\"inLanguage\":\"es\",\"@id\":\"https:\/\/www.celttv.com.ar\/#\/schema\/person\/image\/\",\"url\":\"https:\/\/secure.gravatar.com\/avatar\/7f2c48bdc33b30088f941fb6082e555f2874c98e20cb159d7b92b50eadfce793?s=96&d=mm&r=g\",\"contentUrl\":\"https:\/\/secure.gravatar.com\/avatar\/7f2c48bdc33b30088f941fb6082e555f2874c98e20cb159d7b92b50eadfce793?s=96&d=mm&r=g\",\"caption\":\"ulises\"},\"sameAs\":[\"http:\/\/www.celttv.com.ar\"]}]}<\/script>\n<!-- \/ Yoast SEO plugin. -->","yoast_head_json":{"title":"LA SECRETAR\u00cdA DE PRODUCCI\u00d3N PARTICIP\u00d3 DE LA PRESENTACI\u00d3N DE LAS LINEAS DESTINADAS AL AGRO DEL PLAN PROVINCIA EN MARCHA - CELTTV","description":"Sitio web de noticias de la localidad de Tornquist, provincia de Buenos Aires, Rep\u00fablica Argentina. Contenido propio originado por periodistas de CELTTV, el canal de TV local de la Cooperativa El\u00e9ctrica de Tornquist. Turismo, Pol\u00edtica, Sociedad, Deporte, Cultura y todo el contenido de inter\u00e9s general que la gente del pueblo y la regi\u00f3n debe conocer.","robots":{"index":"index","follow":"follow","max-snippet":"max-snippet:-1","max-image-preview":"max-image-preview:large","max-video-preview":"max-video-preview:-1"},"canonical":"https:\/\/www.celttv.com.ar\/index.php\/2020\/10\/07\/la-secretaria-de-produccion-participo-de-la-presentacion-de-las-lineas-destinadas-al-agro-del-plan-provincia-en-marcha\/","og_locale":"es_ES","og_type":"article","og_title":"LA SECRETAR\u00cdA DE PRODUCCI\u00d3N PARTICIP\u00d3 DE LA PRESENTACI\u00d3N DE LAS LINEAS DESTINADAS AL AGRO DEL PLAN PROVINCIA EN MARCHA - CELTTV","og_description":"Sitio web de noticias de la localidad de Tornquist, provincia de Buenos Aires, Rep\u00fablica Argentina. Contenido propio originado por periodistas de CELTTV, el canal de TV local de la Cooperativa El\u00e9ctrica de Tornquist. Turismo, Pol\u00edtica, Sociedad, Deporte, Cultura y todo el contenido de inter\u00e9s general que la gente del pueblo y la regi\u00f3n debe conocer.","og_url":"https:\/\/www.celttv.com.ar\/index.php\/2020\/10\/07\/la-secretaria-de-produccion-participo-de-la-presentacion-de-las-lineas-destinadas-al-agro-del-plan-provincia-en-marcha\/","og_site_name":"CELTTV","article_publisher":"https:\/\/www.facebook.com\/celtTV\/","article_published_time":"2020-10-07T20:55:14+00:00","og_image":[{"width":700,"height":388,"url":"https:\/\/www.celttv.com.ar\/wp-content\/uploads\/2020\/10\/produc.jpg","type":"image\/jpeg"}],"author":"ulises","twitter_card":"summary_large_image","twitter_misc":{"Escrito por":"ulises","Tiempo de lectura":"4 minutos"},"schema":{"@context":"https:\/\/schema.org","@graph":[{"@type":"NewsArticle","@id":"https:\/\/www.celttv.com.ar\/index.php\/2020\/10\/07\/la-secretaria-de-produccion-participo-de-la-presentacion-de-las-lineas-destinadas-al-agro-del-plan-provincia-en-marcha\/#article","isPartOf":{"@id":"https:\/\/www.celttv.com.ar\/index.php\/2020\/10\/07\/la-secretaria-de-produccion-participo-de-la-presentacion-de-las-lineas-destinadas-al-agro-del-plan-provincia-en-marcha\/"},"author":{"name":"ulises","@id":"https:\/\/www.celttv.com.ar\/#\/schema\/person\/6d99c072dba59953809c81446e9d0ace"},"headline":"LA SECRETAR\u00cdA DE PRODUCCI\u00d3N PARTICIP\u00d3 DE LA PRESENTACI\u00d3N DE LAS LINEAS DESTINADAS AL AGRO DEL PLAN PROVINCIA EN MARCHA","datePublished":"2020-10-07T20:55:14+00:00","dateModified":"2020-10-07T20:55:14+00:00","mainEntityOfPage":{"@id":"https:\/\/www.celttv.com.ar\/index.php\/2020\/10\/07\/la-secretaria-de-produccion-participo-de-la-presentacion-de-las-lineas-destinadas-al-agro-del-plan-provincia-en-marcha\/"},"wordCount":840,"publisher":{"@id":"https:\/\/www.celttv.com.ar\/#organization"},"articleSection":["Comunidad","Destacadas","Producci\u00f3n y Medio Ambiente"],"inLanguage":"es"},{"@type":"WebPage","@id":"https:\/\/www.celttv.com.ar\/index.php\/2020\/10\/07\/la-secretaria-de-produccion-participo-de-la-presentacion-de-las-lineas-destinadas-al-agro-del-plan-provincia-en-marcha\/","url":"https:\/\/www.celttv.com.ar\/index.php\/2020\/10\/07\/la-secretaria-de-produccion-participo-de-la-presentacion-de-las-lineas-destinadas-al-agro-del-plan-provincia-en-marcha\/","name":"LA SECRETAR\u00cdA DE PRODUCCI\u00d3N PARTICIP\u00d3 DE LA PRESENTACI\u00d3N DE LAS LINEAS DESTINADAS AL AGRO DEL PLAN PROVINCIA EN MARCHA - CELTTV","isPartOf":{"@id":"https:\/\/www.celttv.com.ar\/#website"},"datePublished":"2020-10-07T20:55:14+00:00","dateModified":"2020-10-07T20:55:14+00:00","description":"Sitio web de noticias de la localidad de Tornquist, provincia de Buenos Aires, Rep\u00fablica Argentina. Contenido propio originado por periodistas de CELTTV, el canal de TV local de la Cooperativa El\u00e9ctrica de Tornquist. Turismo, Pol\u00edtica, Sociedad, Deporte, Cultura y todo el contenido de inter\u00e9s general que la gente del pueblo y la regi\u00f3n debe conocer.","breadcrumb":{"@id":"https:\/\/www.celttv.com.ar\/index.php\/2020\/10\/07\/la-secretaria-de-produccion-participo-de-la-presentacion-de-las-lineas-destinadas-al-agro-del-plan-provincia-en-marcha\/#breadcrumb"},"inLanguage":"es","potentialAction":[{"@type":"ReadAction","target":["https:\/\/www.celttv.com.ar\/index.php\/2020\/10\/07\/la-secretaria-de-produccion-participo-de-la-presentacion-de-las-lineas-destinadas-al-agro-del-plan-provincia-en-marcha\/"]}]},{"@type":"BreadcrumbList","@id":"https:\/\/www.celttv.com.ar\/index.php\/2020\/10\/07\/la-secretaria-de-produccion-participo-de-la-presentacion-de-las-lineas-destinadas-al-agro-del-plan-provincia-en-marcha\/#breadcrumb","itemListElement":[{"@type":"ListItem","position":1,"name":"Inicio","item":"https:\/\/www.celttv.com.ar\/"},{"@type":"ListItem","position":2,"name":"LA SECRETAR\u00cdA DE PRODUCCI\u00d3N PARTICIP\u00d3 DE LA PRESENTACI\u00d3N DE LAS LINEAS DESTINADAS AL AGRO DEL PLAN PROVINCIA EN MARCHA"}]},{"@type":"WebSite","@id":"https:\/\/www.celttv.com.ar\/#website","url":"https:\/\/www.celttv.com.ar\/","name":"CELTTV","description":"Cooperativa El\u00e9ctrica de Tornquist","publisher":{"@id":"https:\/\/www.celttv.com.ar\/#organization"},"potentialAction":[{"@type":"SearchAction","target":{"@type":"EntryPoint","urlTemplate":"https:\/\/www.celttv.com.ar\/?s={search_term_string}"},"query-input":"required name=search_term_string"}],"inLanguage":"es"},{"@type":"Organization","@id":"https:\/\/www.celttv.com.ar\/#organization","name":"CELTTV","url":"https:\/\/www.celttv.com.ar\/","sameAs":["https:\/\/www.youtube.com\/channel\/UCz_oIt8Hig64Ub-EmcNPIhg","https:\/\/www.facebook.com\/celtTV\/"],"logo":{"@type":"ImageObject","inLanguage":"es","@id":"https:\/\/www.celttv.com.ar\/#\/schema\/logo\/image\/","url":"http:\/\/www.celttv.com.ar\/wp-content\/uploads\/2022\/08\/logo-1.png","contentUrl":"http:\/\/www.celttv.com.ar\/wp-content\/uploads\/2022\/08\/logo-1.png","width":461,"height":159,"caption":"CELTTV"},"image":{"@id":"https:\/\/www.celttv.com.ar\/#\/schema\/logo\/image\/"}},{"@type":"Person","@id":"https:\/\/www.celttv.com.ar\/#\/schema\/person\/6d99c072dba59953809c81446e9d0ace","name":"ulises","image":{"@type":"ImageObject","inLanguage":"es","@id":"https:\/\/www.celttv.com.ar\/#\/schema\/person\/image\/","url":"https:\/\/secure.gravatar.com\/avatar\/7f2c48bdc33b30088f941fb6082e555f2874c98e20cb159d7b92b50eadfce793?s=96&d=mm&r=g","contentUrl":"https:\/\/secure.gravatar.com\/avatar\/7f2c48bdc33b30088f941fb6082e555f2874c98e20cb159d7b92b50eadfce793?s=96&d=mm&r=g","caption":"ulises"},"sameAs":["http:\/\/www.celttv.com.ar"]}]}},"_links":{"self":[{"href":"https:\/\/www.celttv.com.ar\/index.php\/wp-json\/wp\/v2\/posts\/52618","targetHints":{"allow":["GET"]}}],"collection":[{"href":"https:\/\/www.celttv.com.ar\/index.php\/wp-json\/wp\/v2\/posts"}],"about":[{"href":"https:\/\/www.celttv.com.ar\/index.php\/wp-json\/wp\/v2\/types\/post"}],"author":[{"embeddable":true,"href":"https:\/\/www.celttv.com.ar\/index.php\/wp-json\/wp\/v2\/users\/1"}],"replies":[{"embeddable":true,"href":"https:\/\/www.celttv.com.ar\/index.php\/wp-json\/wp\/v2\/comments?post=52618"}],"version-history":[{"count":0,"href":"https:\/\/www.celttv.com.ar\/index.php\/wp-json\/wp\/v2\/posts\/52618\/revisions"}],"wp:featuredmedia":[{"embeddable":true,"href":"https:\/\/www.celttv.com.ar\/index.php\/wp-json\/wp\/v2\/media\/52619"}],"wp:attachment":[{"href":"https:\/\/www.celttv.com.ar\/index.php\/wp-json\/wp\/v2\/media?parent=52618"}],"wp:term":[{"taxonomy":"category","embeddable":true,"href":"https:\/\/www.celttv.com.ar\/index.php\/wp-json\/wp\/v2\/categories?post=52618"},{"taxonomy":"post_tag","embeddable":true,"href":"https:\/\/www.celttv.com.ar\/index.php\/wp-json\/wp\/v2\/tags?post=52618"}],"curies":[{"name":"wp","href":"https:\/\/api.w.org\/{rel}","templated":true}]}}