{"id":52629,"date":"2020-10-08T02:27:53","date_gmt":"2020-10-08T02:27:53","guid":{"rendered":"http:\/\/www.celttv.com.ar\/?p=52629"},"modified":"2020-10-08T02:27:53","modified_gmt":"2020-10-08T02:27:53","slug":"bomberos-de-la-region-continuan-trabajando-en-el-incendio-que-azota-a-la-provincia-de-cordoba-nota-con-martin-haag","status":"publish","type":"post","link":"https:\/\/www.celttv.com.ar\/index.php\/2020\/10\/08\/bomberos-de-la-region-continuan-trabajando-en-el-incendio-que-azota-a-la-provincia-de-cordoba-nota-con-martin-haag\/","title":{"rendered":"Bomberos de la regi\u00f3n contin\u00faan trabajando en el incendio que azota a la provincia de C\u00f3rdoba (Nota con Mart\u00edn Haag)"},"content":{"rendered":"<p>Bomberos de nuestra regi\u00f3n, representando a la\u00a0Federaci\u00f3n Centro Sur de Asociaciones de Bomberos Voluntarios de la Provincia de Buenos Aires,\u00a0 contin\u00faan trabajando en el incendio que azota a la provincia de C\u00f3rdoba.<\/p>\n<p>CELTTV Noticias dialog\u00f3 en directo con el Director de Operaciones de nuestra Federaci\u00f3n Comandante\u00a0<strong>Mart\u00edn Haag<\/strong>\u00a0quien est\u00e1 a cargo de alrededor de 70 personas incluyendo\u00a0 jefes y directores operativos y combatientes del SOOR<\/p>\n<p>Desde nuestro distrito se enviaron 2 autobombas del Sistema Nacional del Manejo del Fuego que tienen base en Monte Hermoso y Sierra de la Ventana.<\/p>\n<p>El personal asignado:<\/p>\n<p><strong>Gustavo De Vizia<\/strong>\u00a0(Sierra de la Ventana) Sub Director del SOOR.<\/p>\n<p>Heber Hurst (Monte Hermoso) Director zonal del SOOR.,<\/p>\n<p><strong>Juan Pablo Strbic<\/strong>\u00a0(Sierra de la Ventana)<\/p>\n<p><strong>Santiago Polvara<\/strong>\u00a0(Sierra de la Ventana)<\/p>\n<p>Carlos Daniel Prado (Monte Hermoso)<\/p>\n<p>Esteban Bruzzone (Monte Hermoso)<\/p>\n<p>Fabio Adrian Uribe (Coronel Dorrego)<\/p>\n<p>Ricarado Daniel Requena (Coronel Dorrego)<\/p>\n<p>Jos\u00e9 Ignacio Navarrete (M\u00e9danos)<\/p>\n<p>Luciano Mat\u00edas Merlo (Punta Alta)<\/p>\n<p><strong>NOTA COMPLETA EN VIDEO<\/strong><\/p>\n<p><iframe loading=\"lazy\" title=\"2020 10 07 MARTIN HAAG VIA ZOOM DESDE CORDOBA\" width=\"500\" height=\"281\" src=\"https:\/\/www.youtube.com\/embed\/LdvDhyyci9I?feature=oembed\" frameborder=\"0\" allow=\"accelerometer; autoplay; clipboard-write; encrypted-media; gyroscope; picture-in-picture; web-share\" referrerpolicy=\"strict-origin-when-cross-origin\" allowfullscreen><\/iframe><\/p>\n<p><strong>FOTOS GENTILEZA MARTIN HAAG<\/strong><\/p>\n<p><a href=\"http:\/\/www.celttv.com.ar\/?attachment_id=52630\" rel=\"attachment wp-att-52630\"><img loading=\"lazy\" decoding=\"async\" class=\"alignleft size-full wp-image-52630\" src=\"http:\/\/www.celttv.com.ar\/wp-content\/uploads\/2020\/10\/1b8e2af1-517a-49ac-8fbd-71feb38b3d8d.jpg\" alt=\"\" width=\"1040\" height=\"585\" srcset=\"https:\/\/www.celttv.com.ar\/wp-content\/uploads\/2020\/10\/1b8e2af1-517a-49ac-8fbd-71feb38b3d8d.jpg 1040w, https:\/\/www.celttv.com.ar\/wp-content\/uploads\/2020\/10\/1b8e2af1-517a-49ac-8fbd-71feb38b3d8d-300x169.jpg 300w, https:\/\/www.celttv.com.ar\/wp-content\/uploads\/2020\/10\/1b8e2af1-517a-49ac-8fbd-71feb38b3d8d-1024x576.jpg 1024w, https:\/\/www.celttv.com.ar\/wp-content\/uploads\/2020\/10\/1b8e2af1-517a-49ac-8fbd-71feb38b3d8d-768x432.jpg 768w, https:\/\/www.celttv.com.ar\/wp-content\/uploads\/2020\/10\/1b8e2af1-517a-49ac-8fbd-71feb38b3d8d-750x422.jpg 750w\" sizes=\"auto, (max-width: 1040px) 100vw, 1040px\" \/><\/a> <a href=\"http:\/\/www.celttv.com.ar\/?attachment_id=52631\" rel=\"attachment wp-att-52631\"><img loading=\"lazy\" decoding=\"async\" class=\"alignleft size-medium wp-image-52631\" src=\"http:\/\/www.celttv.com.ar\/wp-content\/uploads\/2020\/10\/9cbf1c4e-e7d0-4546-9903-5a77e403bbe2.jpg\" alt=\"\" width=\"780\" height=\"585\" srcset=\"https:\/\/www.celttv.com.ar\/wp-content\/uploads\/2020\/10\/9cbf1c4e-e7d0-4546-9903-5a77e403bbe2.jpg 1024w, https:\/\/www.celttv.com.ar\/wp-content\/uploads\/2020\/10\/9cbf1c4e-e7d0-4546-9903-5a77e403bbe2-300x225.jpg 300w, https:\/\/www.celttv.com.ar\/wp-content\/uploads\/2020\/10\/9cbf1c4e-e7d0-4546-9903-5a77e403bbe2-768x576.jpg 768w, https:\/\/www.celttv.com.ar\/wp-content\/uploads\/2020\/10\/9cbf1c4e-e7d0-4546-9903-5a77e403bbe2-750x563.jpg 750w\" sizes=\"auto, (max-width: 780px) 100vw, 780px\" \/><\/a> <a href=\"http:\/\/www.celttv.com.ar\/?attachment_id=52632\" rel=\"attachment wp-att-52632\"><img loading=\"lazy\" decoding=\"async\" class=\"alignleft size-medium wp-image-52632\" src=\"http:\/\/www.celttv.com.ar\/wp-content\/uploads\/2020\/10\/17e2753f-6389-4bce-813e-7ceec4851b13.jpg\" alt=\"\" width=\"780\" height=\"585\" srcset=\"https:\/\/www.celttv.com.ar\/wp-content\/uploads\/2020\/10\/17e2753f-6389-4bce-813e-7ceec4851b13.jpg 1024w, https:\/\/www.celttv.com.ar\/wp-content\/uploads\/2020\/10\/17e2753f-6389-4bce-813e-7ceec4851b13-300x225.jpg 300w, https:\/\/www.celttv.com.ar\/wp-content\/uploads\/2020\/10\/17e2753f-6389-4bce-813e-7ceec4851b13-768x576.jpg 768w, https:\/\/www.celttv.com.ar\/wp-content\/uploads\/2020\/10\/17e2753f-6389-4bce-813e-7ceec4851b13-750x563.jpg 750w\" sizes=\"auto, (max-width: 780px) 100vw, 780px\" \/><\/a> <a href=\"http:\/\/www.celttv.com.ar\/?attachment_id=52633\" rel=\"attachment wp-att-52633\"><img loading=\"lazy\" decoding=\"async\" class=\"alignleft size-medium wp-image-52633\" src=\"http:\/\/www.celttv.com.ar\/wp-content\/uploads\/2020\/10\/52f4d0db-79aa-49f4-8d20-00e9a9792f1f.jpg\" alt=\"\" width=\"780\" height=\"585\" srcset=\"https:\/\/www.celttv.com.ar\/wp-content\/uploads\/2020\/10\/52f4d0db-79aa-49f4-8d20-00e9a9792f1f.jpg 1280w, https:\/\/www.celttv.com.ar\/wp-content\/uploads\/2020\/10\/52f4d0db-79aa-49f4-8d20-00e9a9792f1f-300x225.jpg 300w, https:\/\/www.celttv.com.ar\/wp-content\/uploads\/2020\/10\/52f4d0db-79aa-49f4-8d20-00e9a9792f1f-1024x768.jpg 1024w, https:\/\/www.celttv.com.ar\/wp-content\/uploads\/2020\/10\/52f4d0db-79aa-49f4-8d20-00e9a9792f1f-768x576.jpg 768w, https:\/\/www.celttv.com.ar\/wp-content\/uploads\/2020\/10\/52f4d0db-79aa-49f4-8d20-00e9a9792f1f-750x563.jpg 750w, https:\/\/www.celttv.com.ar\/wp-content\/uploads\/2020\/10\/52f4d0db-79aa-49f4-8d20-00e9a9792f1f-1140x855.jpg 1140w\" sizes=\"auto, (max-width: 780px) 100vw, 780px\" \/><\/a> <a href=\"http:\/\/www.celttv.com.ar\/?attachment_id=52634\" rel=\"attachment wp-att-52634\"><img loading=\"lazy\" decoding=\"async\" class=\"alignleft size-medium wp-image-52634\" src=\"http:\/\/www.celttv.com.ar\/wp-content\/uploads\/2020\/10\/57252cd5-1bfc-4510-b8ab-7ec2e32e4d3f.jpg\" alt=\"\" width=\"780\" height=\"585\" srcset=\"https:\/\/www.celttv.com.ar\/wp-content\/uploads\/2020\/10\/57252cd5-1bfc-4510-b8ab-7ec2e32e4d3f.jpg 1280w, https:\/\/www.celttv.com.ar\/wp-content\/uploads\/2020\/10\/57252cd5-1bfc-4510-b8ab-7ec2e32e4d3f-300x225.jpg 300w, https:\/\/www.celttv.com.ar\/wp-content\/uploads\/2020\/10\/57252cd5-1bfc-4510-b8ab-7ec2e32e4d3f-1024x768.jpg 1024w, https:\/\/www.celttv.com.ar\/wp-content\/uploads\/2020\/10\/57252cd5-1bfc-4510-b8ab-7ec2e32e4d3f-768x576.jpg 768w, https:\/\/www.celttv.com.ar\/wp-content\/uploads\/2020\/10\/57252cd5-1bfc-4510-b8ab-7ec2e32e4d3f-750x563.jpg 750w, https:\/\/www.celttv.com.ar\/wp-content\/uploads\/2020\/10\/57252cd5-1bfc-4510-b8ab-7ec2e32e4d3f-1140x855.jpg 1140w\" sizes=\"auto, (max-width: 780px) 100vw, 780px\" \/><\/a> <a href=\"http:\/\/www.celttv.com.ar\/?attachment_id=52635\" rel=\"attachment wp-att-52635\"><img loading=\"lazy\" decoding=\"async\" class=\"alignleft size-medium wp-image-52635\" src=\"http:\/\/www.celttv.com.ar\/wp-content\/uploads\/2020\/10\/a4ec0216-5b9a-4187-9ff0-db12a573f845.jpg\" alt=\"\" width=\"780\" height=\"585\" srcset=\"https:\/\/www.celttv.com.ar\/wp-content\/uploads\/2020\/10\/a4ec0216-5b9a-4187-9ff0-db12a573f845.jpg 1024w, https:\/\/www.celttv.com.ar\/wp-content\/uploads\/2020\/10\/a4ec0216-5b9a-4187-9ff0-db12a573f845-300x225.jpg 300w, https:\/\/www.celttv.com.ar\/wp-content\/uploads\/2020\/10\/a4ec0216-5b9a-4187-9ff0-db12a573f845-768x576.jpg 768w, https:\/\/www.celttv.com.ar\/wp-content\/uploads\/2020\/10\/a4ec0216-5b9a-4187-9ff0-db12a573f845-750x563.jpg 750w\" sizes=\"auto, (max-width: 780px) 100vw, 780px\" \/><\/a> <a href=\"http:\/\/www.celttv.com.ar\/?attachment_id=52636\" rel=\"attachment wp-att-52636\"><img loading=\"lazy\" decoding=\"async\" class=\"alignleft size-medium wp-image-52636\" src=\"http:\/\/www.celttv.com.ar\/wp-content\/uploads\/2020\/10\/bc99df95-a9c6-4785-9d75-0e4eaeadce65.jpg\" alt=\"\" width=\"780\" height=\"585\" srcset=\"https:\/\/www.celttv.com.ar\/wp-content\/uploads\/2020\/10\/bc99df95-a9c6-4785-9d75-0e4eaeadce65.jpg 1024w, https:\/\/www.celttv.com.ar\/wp-content\/uploads\/2020\/10\/bc99df95-a9c6-4785-9d75-0e4eaeadce65-300x225.jpg 300w, https:\/\/www.celttv.com.ar\/wp-content\/uploads\/2020\/10\/bc99df95-a9c6-4785-9d75-0e4eaeadce65-768x576.jpg 768w, https:\/\/www.celttv.com.ar\/wp-content\/uploads\/2020\/10\/bc99df95-a9c6-4785-9d75-0e4eaeadce65-750x563.jpg 750w\" sizes=\"auto, (max-width: 780px) 100vw, 780px\" \/><\/a><\/p>\n","protected":false},"excerpt":{"rendered":"<p>Bomberos de nuestra regi\u00f3n, representando a la\u00a0Federaci\u00f3n Centro Sur de Asociaciones de Bomberos Voluntarios de la Provincia de Buenos Aires,\u00a0 contin\u00faan trabajando en el incendio que azota a la provincia de C\u00f3rdoba. CELTTV Noticias dialog\u00f3 en directo con el Director de Operaciones de nuestra Federaci\u00f3n Comandante\u00a0Mart\u00edn Haag\u00a0quien est\u00e1 a cargo de alrededor de 70 personas [&hellip;]<\/p>\n","protected":false},"author":1,"featured_media":52637,"comment_status":"closed","ping_status":"open","sticky":false,"template":"","format":"standard","meta":{"footnotes":""},"categories":[51,52],"tags":[],"class_list":["post-52629","post","type-post","status-publish","format-standard","has-post-thumbnail","hentry","category-comunidad","category-destacadas"],"yoast_head":"<!-- This site is optimized with the Yoast SEO plugin v19.7.1 - https:\/\/yoast.com\/wordpress\/plugins\/seo\/ -->\n<title>Bomberos de la regi\u00f3n contin\u00faan trabajando en el incendio que azota a la provincia de C\u00f3rdoba (Nota con Mart\u00edn Haag) - CELTTV<\/title>\n<meta name=\"description\" content=\"Sitio web de noticias de la localidad de Tornquist, provincia de Buenos Aires, Rep\u00fablica Argentina. Contenido propio originado por periodistas de CELTTV, el canal de TV local de la Cooperativa El\u00e9ctrica de Tornquist. Turismo, Pol\u00edtica, Sociedad, Deporte, Cultura y todo el contenido de inter\u00e9s general que la gente del pueblo y la regi\u00f3n debe conocer.\" \/>\n<meta name=\"robots\" content=\"index, follow, max-snippet:-1, max-image-preview:large, max-video-preview:-1\" \/>\n<link rel=\"canonical\" href=\"https:\/\/www.celttv.com.ar\/index.php\/2020\/10\/08\/bomberos-de-la-region-continuan-trabajando-en-el-incendio-que-azota-a-la-provincia-de-cordoba-nota-con-martin-haag\/\" \/>\n<meta property=\"og:locale\" content=\"es_ES\" \/>\n<meta property=\"og:type\" content=\"article\" \/>\n<meta property=\"og:title\" content=\"Bomberos de la regi\u00f3n contin\u00faan trabajando en el incendio que azota a la provincia de C\u00f3rdoba (Nota con Mart\u00edn Haag) - CELTTV\" \/>\n<meta property=\"og:description\" content=\"Sitio web de noticias de la localidad de Tornquist, provincia de Buenos Aires, Rep\u00fablica Argentina. Contenido propio originado por periodistas de CELTTV, el canal de TV local de la Cooperativa El\u00e9ctrica de Tornquist. Turismo, Pol\u00edtica, Sociedad, Deporte, Cultura y todo el contenido de inter\u00e9s general que la gente del pueblo y la regi\u00f3n debe conocer.\" \/>\n<meta property=\"og:url\" content=\"https:\/\/www.celttv.com.ar\/index.php\/2020\/10\/08\/bomberos-de-la-region-continuan-trabajando-en-el-incendio-que-azota-a-la-provincia-de-cordoba-nota-con-martin-haag\/\" \/>\n<meta property=\"og:site_name\" content=\"CELTTV\" \/>\n<meta property=\"article:publisher\" content=\"https:\/\/www.facebook.com\/celtTV\/\" \/>\n<meta property=\"article:published_time\" content=\"2020-10-08T02:27:53+00:00\" \/>\n<meta property=\"og:image\" content=\"https:\/\/www.celttv.com.ar\/wp-content\/uploads\/2020\/10\/martin-haag.jpg\" \/>\n\t<meta property=\"og:image:width\" content=\"736\" \/>\n\t<meta property=\"og:image:height\" content=\"436\" \/>\n\t<meta property=\"og:image:type\" content=\"image\/jpeg\" \/>\n<meta name=\"author\" content=\"ulises\" \/>\n<meta name=\"twitter:card\" content=\"summary_large_image\" \/>\n<meta name=\"twitter:label1\" content=\"Escrito por\" \/>\n\t<meta name=\"twitter:data1\" content=\"ulises\" \/>\n\t<meta name=\"twitter:label2\" content=\"Tiempo de lectura\" \/>\n\t<meta name=\"twitter:data2\" content=\"1 minuto\" \/>\n<script type=\"application\/ld+json\" class=\"yoast-schema-graph\">{\"@context\":\"https:\/\/schema.org\",\"@graph\":[{\"@type\":\"NewsArticle\",\"@id\":\"https:\/\/www.celttv.com.ar\/index.php\/2020\/10\/08\/bomberos-de-la-region-continuan-trabajando-en-el-incendio-que-azota-a-la-provincia-de-cordoba-nota-con-martin-haag\/#article\",\"isPartOf\":{\"@id\":\"https:\/\/www.celttv.com.ar\/index.php\/2020\/10\/08\/bomberos-de-la-region-continuan-trabajando-en-el-incendio-que-azota-a-la-provincia-de-cordoba-nota-con-martin-haag\/\"},\"author\":{\"name\":\"ulises\",\"@id\":\"https:\/\/www.celttv.com.ar\/#\/schema\/person\/6d99c072dba59953809c81446e9d0ace\"},\"headline\":\"Bomberos de la regi\u00f3n contin\u00faan trabajando en el incendio que azota a la provincia de C\u00f3rdoba (Nota con Mart\u00edn Haag)\",\"datePublished\":\"2020-10-08T02:27:53+00:00\",\"dateModified\":\"2020-10-08T02:27:53+00:00\",\"mainEntityOfPage\":{\"@id\":\"https:\/\/www.celttv.com.ar\/index.php\/2020\/10\/08\/bomberos-de-la-region-continuan-trabajando-en-el-incendio-que-azota-a-la-provincia-de-cordoba-nota-con-martin-haag\/\"},\"wordCount\":198,\"publisher\":{\"@id\":\"https:\/\/www.celttv.com.ar\/#organization\"},\"articleSection\":[\"Comunidad\",\"Destacadas\"],\"inLanguage\":\"es\"},{\"@type\":\"WebPage\",\"@id\":\"https:\/\/www.celttv.com.ar\/index.php\/2020\/10\/08\/bomberos-de-la-region-continuan-trabajando-en-el-incendio-que-azota-a-la-provincia-de-cordoba-nota-con-martin-haag\/\",\"url\":\"https:\/\/www.celttv.com.ar\/index.php\/2020\/10\/08\/bomberos-de-la-region-continuan-trabajando-en-el-incendio-que-azota-a-la-provincia-de-cordoba-nota-con-martin-haag\/\",\"name\":\"Bomberos de la regi\u00f3n contin\u00faan trabajando en el incendio que azota a la provincia de C\u00f3rdoba (Nota con Mart\u00edn Haag) - CELTTV\",\"isPartOf\":{\"@id\":\"https:\/\/www.celttv.com.ar\/#website\"},\"datePublished\":\"2020-10-08T02:27:53+00:00\",\"dateModified\":\"2020-10-08T02:27:53+00:00\",\"description\":\"Sitio web de noticias de la localidad de Tornquist, provincia de Buenos Aires, Rep\u00fablica Argentina. Contenido propio originado por periodistas de CELTTV, el canal de TV local de la Cooperativa El\u00e9ctrica de Tornquist. Turismo, Pol\u00edtica, Sociedad, Deporte, Cultura y todo el contenido de inter\u00e9s general que la gente del pueblo y la regi\u00f3n debe conocer.\",\"breadcrumb\":{\"@id\":\"https:\/\/www.celttv.com.ar\/index.php\/2020\/10\/08\/bomberos-de-la-region-continuan-trabajando-en-el-incendio-que-azota-a-la-provincia-de-cordoba-nota-con-martin-haag\/#breadcrumb\"},\"inLanguage\":\"es\",\"potentialAction\":[{\"@type\":\"ReadAction\",\"target\":[\"https:\/\/www.celttv.com.ar\/index.php\/2020\/10\/08\/bomberos-de-la-region-continuan-trabajando-en-el-incendio-que-azota-a-la-provincia-de-cordoba-nota-con-martin-haag\/\"]}]},{\"@type\":\"BreadcrumbList\",\"@id\":\"https:\/\/www.celttv.com.ar\/index.php\/2020\/10\/08\/bomberos-de-la-region-continuan-trabajando-en-el-incendio-que-azota-a-la-provincia-de-cordoba-nota-con-martin-haag\/#breadcrumb\",\"itemListElement\":[{\"@type\":\"ListItem\",\"position\":1,\"name\":\"Inicio\",\"item\":\"https:\/\/www.celttv.com.ar\/\"},{\"@type\":\"ListItem\",\"position\":2,\"name\":\"Bomberos de la regi\u00f3n contin\u00faan trabajando en el incendio que azota a la provincia de C\u00f3rdoba (Nota con Mart\u00edn Haag)\"}]},{\"@type\":\"WebSite\",\"@id\":\"https:\/\/www.celttv.com.ar\/#website\",\"url\":\"https:\/\/www.celttv.com.ar\/\",\"name\":\"CELTTV\",\"description\":\"Cooperativa El\u00e9ctrica de Tornquist\",\"publisher\":{\"@id\":\"https:\/\/www.celttv.com.ar\/#organization\"},\"potentialAction\":[{\"@type\":\"SearchAction\",\"target\":{\"@type\":\"EntryPoint\",\"urlTemplate\":\"https:\/\/www.celttv.com.ar\/?s={search_term_string}\"},\"query-input\":\"required name=search_term_string\"}],\"inLanguage\":\"es\"},{\"@type\":\"Organization\",\"@id\":\"https:\/\/www.celttv.com.ar\/#organization\",\"name\":\"CELTTV\",\"url\":\"https:\/\/www.celttv.com.ar\/\",\"sameAs\":[\"https:\/\/www.youtube.com\/channel\/UCz_oIt8Hig64Ub-EmcNPIhg\",\"https:\/\/www.facebook.com\/celtTV\/\"],\"logo\":{\"@type\":\"ImageObject\",\"inLanguage\":\"es\",\"@id\":\"https:\/\/www.celttv.com.ar\/#\/schema\/logo\/image\/\",\"url\":\"http:\/\/www.celttv.com.ar\/wp-content\/uploads\/2022\/08\/logo-1.png\",\"contentUrl\":\"http:\/\/www.celttv.com.ar\/wp-content\/uploads\/2022\/08\/logo-1.png\",\"width\":461,\"height\":159,\"caption\":\"CELTTV\"},\"image\":{\"@id\":\"https:\/\/www.celttv.com.ar\/#\/schema\/logo\/image\/\"}},{\"@type\":\"Person\",\"@id\":\"https:\/\/www.celttv.com.ar\/#\/schema\/person\/6d99c072dba59953809c81446e9d0ace\",\"name\":\"ulises\",\"image\":{\"@type\":\"ImageObject\",\"inLanguage\":\"es\",\"@id\":\"https:\/\/www.celttv.com.ar\/#\/schema\/person\/image\/\",\"url\":\"https:\/\/secure.gravatar.com\/avatar\/7f2c48bdc33b30088f941fb6082e555f2874c98e20cb159d7b92b50eadfce793?s=96&d=mm&r=g\",\"contentUrl\":\"https:\/\/secure.gravatar.com\/avatar\/7f2c48bdc33b30088f941fb6082e555f2874c98e20cb159d7b92b50eadfce793?s=96&d=mm&r=g\",\"caption\":\"ulises\"},\"sameAs\":[\"http:\/\/www.celttv.com.ar\"]}]}<\/script>\n<!-- \/ Yoast SEO plugin. -->","yoast_head_json":{"title":"Bomberos de la regi\u00f3n contin\u00faan trabajando en el incendio que azota a la provincia de C\u00f3rdoba (Nota con Mart\u00edn Haag) - CELTTV","description":"Sitio web de noticias de la localidad de Tornquist, provincia de Buenos Aires, Rep\u00fablica Argentina. Contenido propio originado por periodistas de CELTTV, el canal de TV local de la Cooperativa El\u00e9ctrica de Tornquist. Turismo, Pol\u00edtica, Sociedad, Deporte, Cultura y todo el contenido de inter\u00e9s general que la gente del pueblo y la regi\u00f3n debe conocer.","robots":{"index":"index","follow":"follow","max-snippet":"max-snippet:-1","max-image-preview":"max-image-preview:large","max-video-preview":"max-video-preview:-1"},"canonical":"https:\/\/www.celttv.com.ar\/index.php\/2020\/10\/08\/bomberos-de-la-region-continuan-trabajando-en-el-incendio-que-azota-a-la-provincia-de-cordoba-nota-con-martin-haag\/","og_locale":"es_ES","og_type":"article","og_title":"Bomberos de la regi\u00f3n contin\u00faan trabajando en el incendio que azota a la provincia de C\u00f3rdoba (Nota con Mart\u00edn Haag) - CELTTV","og_description":"Sitio web de noticias de la localidad de Tornquist, provincia de Buenos Aires, Rep\u00fablica Argentina. Contenido propio originado por periodistas de CELTTV, el canal de TV local de la Cooperativa El\u00e9ctrica de Tornquist. Turismo, Pol\u00edtica, Sociedad, Deporte, Cultura y todo el contenido de inter\u00e9s general que la gente del pueblo y la regi\u00f3n debe conocer.","og_url":"https:\/\/www.celttv.com.ar\/index.php\/2020\/10\/08\/bomberos-de-la-region-continuan-trabajando-en-el-incendio-que-azota-a-la-provincia-de-cordoba-nota-con-martin-haag\/","og_site_name":"CELTTV","article_publisher":"https:\/\/www.facebook.com\/celtTV\/","article_published_time":"2020-10-08T02:27:53+00:00","og_image":[{"width":736,"height":436,"url":"https:\/\/www.celttv.com.ar\/wp-content\/uploads\/2020\/10\/martin-haag.jpg","type":"image\/jpeg"}],"author":"ulises","twitter_card":"summary_large_image","twitter_misc":{"Escrito por":"ulises","Tiempo de lectura":"1 minuto"},"schema":{"@context":"https:\/\/schema.org","@graph":[{"@type":"NewsArticle","@id":"https:\/\/www.celttv.com.ar\/index.php\/2020\/10\/08\/bomberos-de-la-region-continuan-trabajando-en-el-incendio-que-azota-a-la-provincia-de-cordoba-nota-con-martin-haag\/#article","isPartOf":{"@id":"https:\/\/www.celttv.com.ar\/index.php\/2020\/10\/08\/bomberos-de-la-region-continuan-trabajando-en-el-incendio-que-azota-a-la-provincia-de-cordoba-nota-con-martin-haag\/"},"author":{"name":"ulises","@id":"https:\/\/www.celttv.com.ar\/#\/schema\/person\/6d99c072dba59953809c81446e9d0ace"},"headline":"Bomberos de la regi\u00f3n contin\u00faan trabajando en el incendio que azota a la provincia de C\u00f3rdoba (Nota con Mart\u00edn Haag)","datePublished":"2020-10-08T02:27:53+00:00","dateModified":"2020-10-08T02:27:53+00:00","mainEntityOfPage":{"@id":"https:\/\/www.celttv.com.ar\/index.php\/2020\/10\/08\/bomberos-de-la-region-continuan-trabajando-en-el-incendio-que-azota-a-la-provincia-de-cordoba-nota-con-martin-haag\/"},"wordCount":198,"publisher":{"@id":"https:\/\/www.celttv.com.ar\/#organization"},"articleSection":["Comunidad","Destacadas"],"inLanguage":"es"},{"@type":"WebPage","@id":"https:\/\/www.celttv.com.ar\/index.php\/2020\/10\/08\/bomberos-de-la-region-continuan-trabajando-en-el-incendio-que-azota-a-la-provincia-de-cordoba-nota-con-martin-haag\/","url":"https:\/\/www.celttv.com.ar\/index.php\/2020\/10\/08\/bomberos-de-la-region-continuan-trabajando-en-el-incendio-que-azota-a-la-provincia-de-cordoba-nota-con-martin-haag\/","name":"Bomberos de la regi\u00f3n contin\u00faan trabajando en el incendio que azota a la provincia de C\u00f3rdoba (Nota con Mart\u00edn Haag) - CELTTV","isPartOf":{"@id":"https:\/\/www.celttv.com.ar\/#website"},"datePublished":"2020-10-08T02:27:53+00:00","dateModified":"2020-10-08T02:27:53+00:00","description":"Sitio web de noticias de la localidad de Tornquist, provincia de Buenos Aires, Rep\u00fablica Argentina. Contenido propio originado por periodistas de CELTTV, el canal de TV local de la Cooperativa El\u00e9ctrica de Tornquist. Turismo, Pol\u00edtica, Sociedad, Deporte, Cultura y todo el contenido de inter\u00e9s general que la gente del pueblo y la regi\u00f3n debe conocer.","breadcrumb":{"@id":"https:\/\/www.celttv.com.ar\/index.php\/2020\/10\/08\/bomberos-de-la-region-continuan-trabajando-en-el-incendio-que-azota-a-la-provincia-de-cordoba-nota-con-martin-haag\/#breadcrumb"},"inLanguage":"es","potentialAction":[{"@type":"ReadAction","target":["https:\/\/www.celttv.com.ar\/index.php\/2020\/10\/08\/bomberos-de-la-region-continuan-trabajando-en-el-incendio-que-azota-a-la-provincia-de-cordoba-nota-con-martin-haag\/"]}]},{"@type":"BreadcrumbList","@id":"https:\/\/www.celttv.com.ar\/index.php\/2020\/10\/08\/bomberos-de-la-region-continuan-trabajando-en-el-incendio-que-azota-a-la-provincia-de-cordoba-nota-con-martin-haag\/#breadcrumb","itemListElement":[{"@type":"ListItem","position":1,"name":"Inicio","item":"https:\/\/www.celttv.com.ar\/"},{"@type":"ListItem","position":2,"name":"Bomberos de la regi\u00f3n contin\u00faan trabajando en el incendio que azota a la provincia de C\u00f3rdoba (Nota con Mart\u00edn Haag)"}]},{"@type":"WebSite","@id":"https:\/\/www.celttv.com.ar\/#website","url":"https:\/\/www.celttv.com.ar\/","name":"CELTTV","description":"Cooperativa El\u00e9ctrica de Tornquist","publisher":{"@id":"https:\/\/www.celttv.com.ar\/#organization"},"potentialAction":[{"@type":"SearchAction","target":{"@type":"EntryPoint","urlTemplate":"https:\/\/www.celttv.com.ar\/?s={search_term_string}"},"query-input":"required name=search_term_string"}],"inLanguage":"es"},{"@type":"Organization","@id":"https:\/\/www.celttv.com.ar\/#organization","name":"CELTTV","url":"https:\/\/www.celttv.com.ar\/","sameAs":["https:\/\/www.youtube.com\/channel\/UCz_oIt8Hig64Ub-EmcNPIhg","https:\/\/www.facebook.com\/celtTV\/"],"logo":{"@type":"ImageObject","inLanguage":"es","@id":"https:\/\/www.celttv.com.ar\/#\/schema\/logo\/image\/","url":"http:\/\/www.celttv.com.ar\/wp-content\/uploads\/2022\/08\/logo-1.png","contentUrl":"http:\/\/www.celttv.com.ar\/wp-content\/uploads\/2022\/08\/logo-1.png","width":461,"height":159,"caption":"CELTTV"},"image":{"@id":"https:\/\/www.celttv.com.ar\/#\/schema\/logo\/image\/"}},{"@type":"Person","@id":"https:\/\/www.celttv.com.ar\/#\/schema\/person\/6d99c072dba59953809c81446e9d0ace","name":"ulises","image":{"@type":"ImageObject","inLanguage":"es","@id":"https:\/\/www.celttv.com.ar\/#\/schema\/person\/image\/","url":"https:\/\/secure.gravatar.com\/avatar\/7f2c48bdc33b30088f941fb6082e555f2874c98e20cb159d7b92b50eadfce793?s=96&d=mm&r=g","contentUrl":"https:\/\/secure.gravatar.com\/avatar\/7f2c48bdc33b30088f941fb6082e555f2874c98e20cb159d7b92b50eadfce793?s=96&d=mm&r=g","caption":"ulises"},"sameAs":["http:\/\/www.celttv.com.ar"]}]}},"_links":{"self":[{"href":"https:\/\/www.celttv.com.ar\/index.php\/wp-json\/wp\/v2\/posts\/52629","targetHints":{"allow":["GET"]}}],"collection":[{"href":"https:\/\/www.celttv.com.ar\/index.php\/wp-json\/wp\/v2\/posts"}],"about":[{"href":"https:\/\/www.celttv.com.ar\/index.php\/wp-json\/wp\/v2\/types\/post"}],"author":[{"embeddable":true,"href":"https:\/\/www.celttv.com.ar\/index.php\/wp-json\/wp\/v2\/users\/1"}],"replies":[{"embeddable":true,"href":"https:\/\/www.celttv.com.ar\/index.php\/wp-json\/wp\/v2\/comments?post=52629"}],"version-history":[{"count":0,"href":"https:\/\/www.celttv.com.ar\/index.php\/wp-json\/wp\/v2\/posts\/52629\/revisions"}],"wp:featuredmedia":[{"embeddable":true,"href":"https:\/\/www.celttv.com.ar\/index.php\/wp-json\/wp\/v2\/media\/52637"}],"wp:attachment":[{"href":"https:\/\/www.celttv.com.ar\/index.php\/wp-json\/wp\/v2\/media?parent=52629"}],"wp:term":[{"taxonomy":"category","embeddable":true,"href":"https:\/\/www.celttv.com.ar\/index.php\/wp-json\/wp\/v2\/categories?post=52629"},{"taxonomy":"post_tag","embeddable":true,"href":"https:\/\/www.celttv.com.ar\/index.php\/wp-json\/wp\/v2\/tags?post=52629"}],"curies":[{"name":"wp","href":"https:\/\/api.w.org\/{rel}","templated":true}]}}