{"id":53335,"date":"2020-11-13T13:36:55","date_gmt":"2020-11-13T13:36:55","guid":{"rendered":"http:\/\/www.celttv.com.ar\/?p=53335"},"modified":"2020-11-13T13:36:55","modified_gmt":"2020-11-13T13:36:55","slug":"el-frente-de-todxs-tornquist-manifiesta-su-mas-profundo-rechazo-a-la-aparicion-en-la-escena-politica-nacional-de-la-autodenominada-mesa-de-encuentro-libertador-general-san-martin","status":"publish","type":"post","link":"https:\/\/www.celttv.com.ar\/index.php\/2020\/11\/13\/el-frente-de-todxs-tornquist-manifiesta-su-mas-profundo-rechazo-a-la-aparicion-en-la-escena-politica-nacional-de-la-autodenominada-mesa-de-encuentro-libertador-general-san-martin\/","title":{"rendered":"&#8220;El FRENTE DE TODXS TORNQUIST manifiesta su m\u00e1s profundo rechazo a la aparici\u00f3n en la escena pol\u00edtica nacional de la autodenominada \u201cMesa de Encuentro Libertador General San Mart\u00edn\u201d"},"content":{"rendered":"<p style=\"font-weight: 400;\">&#8220;El FRENTE DE TODXS TORNQUIST manifiesta su m\u00e1s profundo rechazo a la aparici\u00f3n en la escena pol\u00edtica nacional de la autodenominada \u201cMesa de Encuentro Libertador General San Mart\u00edn\u201d, que\u00a0 invoca\u00a0 la representaci\u00f3n de las fuerzas armadas y de seguridad, y que los medios hegem\u00f3nicos no tardaron en llamar \u201cmesa de enlace\u201d.<\/p>\n<p style=\"font-weight: 400;\">Si algo nos ha distinguido, desde la recuperaci\u00f3n de la democracia hacen ya 37 a\u00f1os, es nuestra determinaci\u00f3n para reconstruir institucionalmente unas fuerzas armadas respetuosas de la ley, capaces de garantizar nuestros deberes y derechos en tanto ciudadanos de una rep\u00fablica democr\u00e1tica consolidada.<\/p>\n<p style=\"font-weight: 400;\">Las fuerzas de seguridad y las militares est\u00e1n subordinadas al poder civil como resultado de un largo y complejo proceso de concientizaci\u00f3n democr\u00e1tica. No podemos ni queremos volver al tiempo de las fuerzas armadas interviniendo en el devenir pol\u00edtico de nuestra naci\u00f3n.<\/p>\n<p style=\"font-weight: 400;\">Por todo lo expuesto, reiteramos nuestro m\u00e1s en\u00e9rgico repudio a este intento conspirativo. MEMORIA, VERDAD, JUSTICIA son para nosotros, el pueblo argentino en su m\u00e1s inmensa mayor\u00eda, principios irrenunciables e innegociables y la garant\u00eda de que nuestra democracia s\u00f3lo ir\u00e1 fortaleci\u00e9ndose en el transcurrir del tiempo hist\u00f3rico.&#8221;<\/p>\n<p style=\"font-weight: 400;\">FRENTE DE TODOS TORNQUIST<\/p>\n<p><a href=\"http:\/\/www.celttv.com.ar\/?attachment_id=53336\" rel=\"attachment wp-att-53336\"><img loading=\"lazy\" decoding=\"async\" class=\"alignleft size-full wp-image-53336\" src=\"http:\/\/www.celttv.com.ar\/wp-content\/uploads\/2020\/11\/Screenshot_20201113-002041_2.png\" alt=\"\" width=\"520\" height=\"198\" srcset=\"https:\/\/www.celttv.com.ar\/wp-content\/uploads\/2020\/11\/Screenshot_20201113-002041_2.png 520w, https:\/\/www.celttv.com.ar\/wp-content\/uploads\/2020\/11\/Screenshot_20201113-002041_2-300x114.png 300w\" sizes=\"auto, (max-width: 520px) 100vw, 520px\" \/><\/a> <a href=\"http:\/\/www.celttv.com.ar\/?attachment_id=53337\" rel=\"attachment wp-att-53337\"><img loading=\"lazy\" decoding=\"async\" class=\"alignleft size-medium wp-image-53337\" src=\"http:\/\/www.celttv.com.ar\/wp-content\/uploads\/2020\/11\/Screenshot_20201113-002121_2.png\" alt=\"\" width=\"465\" height=\"266\" srcset=\"https:\/\/www.celttv.com.ar\/wp-content\/uploads\/2020\/11\/Screenshot_20201113-002121_2.png 465w, https:\/\/www.celttv.com.ar\/wp-content\/uploads\/2020\/11\/Screenshot_20201113-002121_2-300x172.png 300w\" sizes=\"auto, (max-width: 465px) 100vw, 465px\" \/><\/a> <a href=\"http:\/\/www.celttv.com.ar\/?attachment_id=53338\" rel=\"attachment wp-att-53338\"><img loading=\"lazy\" decoding=\"async\" class=\"alignleft size-medium wp-image-53338\" src=\"http:\/\/www.celttv.com.ar\/wp-content\/uploads\/2020\/11\/Screenshot_20201113-002340_2.png\" alt=\"\" width=\"463\" height=\"509\" srcset=\"https:\/\/www.celttv.com.ar\/wp-content\/uploads\/2020\/11\/Screenshot_20201113-002340_2.png 463w, https:\/\/www.celttv.com.ar\/wp-content\/uploads\/2020\/11\/Screenshot_20201113-002340_2-273x300.png 273w\" sizes=\"auto, (max-width: 463px) 100vw, 463px\" \/><\/a> <a href=\"http:\/\/www.celttv.com.ar\/?attachment_id=53339\" rel=\"attachment wp-att-53339\"><img loading=\"lazy\" decoding=\"async\" class=\"alignleft size-medium wp-image-53339\" src=\"http:\/\/www.celttv.com.ar\/wp-content\/uploads\/2020\/11\/todos-tornquist.png\" alt=\"\" width=\"780\" height=\"328\" srcset=\"https:\/\/www.celttv.com.ar\/wp-content\/uploads\/2020\/11\/todos-tornquist.png 838w, https:\/\/www.celttv.com.ar\/wp-content\/uploads\/2020\/11\/todos-tornquist-300x126.png 300w, https:\/\/www.celttv.com.ar\/wp-content\/uploads\/2020\/11\/todos-tornquist-768x323.png 768w, https:\/\/www.celttv.com.ar\/wp-content\/uploads\/2020\/11\/todos-tornquist-750x315.png 750w\" sizes=\"auto, (max-width: 780px) 100vw, 780px\" \/><\/a><\/p>\n","protected":false},"excerpt":{"rendered":"<p>&#8220;El FRENTE DE TODXS TORNQUIST manifiesta su m\u00e1s profundo rechazo a la aparici\u00f3n en la escena pol\u00edtica nacional de la autodenominada \u201cMesa de Encuentro Libertador General San Mart\u00edn\u201d, que\u00a0 invoca\u00a0 la representaci\u00f3n de las fuerzas armadas y de seguridad, y que los medios hegem\u00f3nicos no tardaron en llamar \u201cmesa de enlace\u201d. Si algo nos ha [&hellip;]<\/p>\n","protected":false},"author":1,"featured_media":53338,"comment_status":"closed","ping_status":"open","sticky":false,"template":"","format":"standard","meta":{"footnotes":""},"categories":[51,52,53],"tags":[],"class_list":["post-53335","post","type-post","status-publish","format-standard","has-post-thumbnail","hentry","category-comunidad","category-destacadas","category-politica"],"yoast_head":"<!-- This site is optimized with the Yoast SEO plugin v19.7.1 - https:\/\/yoast.com\/wordpress\/plugins\/seo\/ -->\n<title>&quot;El FRENTE DE TODXS TORNQUIST manifiesta su m\u00e1s profundo rechazo a la aparici\u00f3n en la escena pol\u00edtica nacional de la autodenominada \u201cMesa de Encuentro Libertador General San Mart\u00edn\u201d - CELTTV<\/title>\n<meta name=\"description\" content=\"Sitio web de noticias de la localidad de Tornquist, provincia de Buenos Aires, Rep\u00fablica Argentina. Contenido propio originado por periodistas de CELTTV, el canal de TV local de la Cooperativa El\u00e9ctrica de Tornquist. Turismo, Pol\u00edtica, Sociedad, Deporte, Cultura y todo el contenido de inter\u00e9s general que la gente del pueblo y la regi\u00f3n debe conocer.\" \/>\n<meta name=\"robots\" content=\"index, follow, max-snippet:-1, max-image-preview:large, max-video-preview:-1\" \/>\n<link rel=\"canonical\" href=\"https:\/\/www.celttv.com.ar\/index.php\/2020\/11\/13\/el-frente-de-todxs-tornquist-manifiesta-su-mas-profundo-rechazo-a-la-aparicion-en-la-escena-politica-nacional-de-la-autodenominada-mesa-de-encuentro-libertador-general-san-martin\/\" \/>\n<meta property=\"og:locale\" content=\"es_ES\" \/>\n<meta property=\"og:type\" content=\"article\" \/>\n<meta property=\"og:title\" content=\"&quot;El FRENTE DE TODXS TORNQUIST manifiesta su m\u00e1s profundo rechazo a la aparici\u00f3n en la escena pol\u00edtica nacional de la autodenominada \u201cMesa de Encuentro Libertador General San Mart\u00edn\u201d - CELTTV\" \/>\n<meta property=\"og:description\" content=\"Sitio web de noticias de la localidad de Tornquist, provincia de Buenos Aires, Rep\u00fablica Argentina. Contenido propio originado por periodistas de CELTTV, el canal de TV local de la Cooperativa El\u00e9ctrica de Tornquist. Turismo, Pol\u00edtica, Sociedad, Deporte, Cultura y todo el contenido de inter\u00e9s general que la gente del pueblo y la regi\u00f3n debe conocer.\" \/>\n<meta property=\"og:url\" content=\"https:\/\/www.celttv.com.ar\/index.php\/2020\/11\/13\/el-frente-de-todxs-tornquist-manifiesta-su-mas-profundo-rechazo-a-la-aparicion-en-la-escena-politica-nacional-de-la-autodenominada-mesa-de-encuentro-libertador-general-san-martin\/\" \/>\n<meta property=\"og:site_name\" content=\"CELTTV\" \/>\n<meta property=\"article:publisher\" content=\"https:\/\/www.facebook.com\/celtTV\/\" \/>\n<meta property=\"article:published_time\" content=\"2020-11-13T13:36:55+00:00\" \/>\n<meta property=\"og:image\" content=\"https:\/\/www.celttv.com.ar\/wp-content\/uploads\/2020\/11\/Screenshot_20201113-002340_2.png\" \/>\n\t<meta property=\"og:image:width\" content=\"463\" \/>\n\t<meta property=\"og:image:height\" content=\"509\" \/>\n\t<meta property=\"og:image:type\" content=\"image\/png\" \/>\n<meta name=\"author\" content=\"ulises\" \/>\n<meta name=\"twitter:card\" content=\"summary_large_image\" \/>\n<meta name=\"twitter:label1\" content=\"Escrito por\" \/>\n\t<meta name=\"twitter:data1\" content=\"ulises\" \/>\n\t<meta name=\"twitter:label2\" content=\"Tiempo de lectura\" \/>\n\t<meta name=\"twitter:data2\" content=\"1 minuto\" \/>\n<script type=\"application\/ld+json\" class=\"yoast-schema-graph\">{\"@context\":\"https:\/\/schema.org\",\"@graph\":[{\"@type\":\"NewsArticle\",\"@id\":\"https:\/\/www.celttv.com.ar\/index.php\/2020\/11\/13\/el-frente-de-todxs-tornquist-manifiesta-su-mas-profundo-rechazo-a-la-aparicion-en-la-escena-politica-nacional-de-la-autodenominada-mesa-de-encuentro-libertador-general-san-martin\/#article\",\"isPartOf\":{\"@id\":\"https:\/\/www.celttv.com.ar\/index.php\/2020\/11\/13\/el-frente-de-todxs-tornquist-manifiesta-su-mas-profundo-rechazo-a-la-aparicion-en-la-escena-politica-nacional-de-la-autodenominada-mesa-de-encuentro-libertador-general-san-martin\/\"},\"author\":{\"name\":\"ulises\",\"@id\":\"https:\/\/www.celttv.com.ar\/#\/schema\/person\/6d99c072dba59953809c81446e9d0ace\"},\"headline\":\"&#8220;El FRENTE DE TODXS TORNQUIST manifiesta su m\u00e1s profundo rechazo a la aparici\u00f3n en la escena pol\u00edtica nacional de la autodenominada \u201cMesa de Encuentro Libertador General San Mart\u00edn\u201d\",\"datePublished\":\"2020-11-13T13:36:55+00:00\",\"dateModified\":\"2020-11-13T13:36:55+00:00\",\"mainEntityOfPage\":{\"@id\":\"https:\/\/www.celttv.com.ar\/index.php\/2020\/11\/13\/el-frente-de-todxs-tornquist-manifiesta-su-mas-profundo-rechazo-a-la-aparicion-en-la-escena-politica-nacional-de-la-autodenominada-mesa-de-encuentro-libertador-general-san-martin\/\"},\"wordCount\":242,\"publisher\":{\"@id\":\"https:\/\/www.celttv.com.ar\/#organization\"},\"articleSection\":[\"Comunidad\",\"Destacadas\",\"Pol\u00edtica\"],\"inLanguage\":\"es\"},{\"@type\":\"WebPage\",\"@id\":\"https:\/\/www.celttv.com.ar\/index.php\/2020\/11\/13\/el-frente-de-todxs-tornquist-manifiesta-su-mas-profundo-rechazo-a-la-aparicion-en-la-escena-politica-nacional-de-la-autodenominada-mesa-de-encuentro-libertador-general-san-martin\/\",\"url\":\"https:\/\/www.celttv.com.ar\/index.php\/2020\/11\/13\/el-frente-de-todxs-tornquist-manifiesta-su-mas-profundo-rechazo-a-la-aparicion-en-la-escena-politica-nacional-de-la-autodenominada-mesa-de-encuentro-libertador-general-san-martin\/\",\"name\":\"\\\"El FRENTE DE TODXS TORNQUIST manifiesta su m\u00e1s profundo rechazo a la aparici\u00f3n en la escena pol\u00edtica nacional de la autodenominada \u201cMesa de Encuentro Libertador General San Mart\u00edn\u201d - CELTTV\",\"isPartOf\":{\"@id\":\"https:\/\/www.celttv.com.ar\/#website\"},\"datePublished\":\"2020-11-13T13:36:55+00:00\",\"dateModified\":\"2020-11-13T13:36:55+00:00\",\"description\":\"Sitio web de noticias de la localidad de Tornquist, provincia de Buenos Aires, Rep\u00fablica Argentina. Contenido propio originado por periodistas de CELTTV, el canal de TV local de la Cooperativa El\u00e9ctrica de Tornquist. Turismo, Pol\u00edtica, Sociedad, Deporte, Cultura y todo el contenido de inter\u00e9s general que la gente del pueblo y la regi\u00f3n debe conocer.\",\"breadcrumb\":{\"@id\":\"https:\/\/www.celttv.com.ar\/index.php\/2020\/11\/13\/el-frente-de-todxs-tornquist-manifiesta-su-mas-profundo-rechazo-a-la-aparicion-en-la-escena-politica-nacional-de-la-autodenominada-mesa-de-encuentro-libertador-general-san-martin\/#breadcrumb\"},\"inLanguage\":\"es\",\"potentialAction\":[{\"@type\":\"ReadAction\",\"target\":[\"https:\/\/www.celttv.com.ar\/index.php\/2020\/11\/13\/el-frente-de-todxs-tornquist-manifiesta-su-mas-profundo-rechazo-a-la-aparicion-en-la-escena-politica-nacional-de-la-autodenominada-mesa-de-encuentro-libertador-general-san-martin\/\"]}]},{\"@type\":\"BreadcrumbList\",\"@id\":\"https:\/\/www.celttv.com.ar\/index.php\/2020\/11\/13\/el-frente-de-todxs-tornquist-manifiesta-su-mas-profundo-rechazo-a-la-aparicion-en-la-escena-politica-nacional-de-la-autodenominada-mesa-de-encuentro-libertador-general-san-martin\/#breadcrumb\",\"itemListElement\":[{\"@type\":\"ListItem\",\"position\":1,\"name\":\"Inicio\",\"item\":\"https:\/\/www.celttv.com.ar\/\"},{\"@type\":\"ListItem\",\"position\":2,\"name\":\"&#8220;El FRENTE DE TODXS TORNQUIST manifiesta su m\u00e1s profundo rechazo a la aparici\u00f3n en la escena pol\u00edtica nacional de la autodenominada \u201cMesa de Encuentro Libertador General San Mart\u00edn\u201d\"}]},{\"@type\":\"WebSite\",\"@id\":\"https:\/\/www.celttv.com.ar\/#website\",\"url\":\"https:\/\/www.celttv.com.ar\/\",\"name\":\"CELTTV\",\"description\":\"Cooperativa El\u00e9ctrica de Tornquist\",\"publisher\":{\"@id\":\"https:\/\/www.celttv.com.ar\/#organization\"},\"potentialAction\":[{\"@type\":\"SearchAction\",\"target\":{\"@type\":\"EntryPoint\",\"urlTemplate\":\"https:\/\/www.celttv.com.ar\/?s={search_term_string}\"},\"query-input\":\"required name=search_term_string\"}],\"inLanguage\":\"es\"},{\"@type\":\"Organization\",\"@id\":\"https:\/\/www.celttv.com.ar\/#organization\",\"name\":\"CELTTV\",\"url\":\"https:\/\/www.celttv.com.ar\/\",\"sameAs\":[\"https:\/\/www.youtube.com\/channel\/UCz_oIt8Hig64Ub-EmcNPIhg\",\"https:\/\/www.facebook.com\/celtTV\/\"],\"logo\":{\"@type\":\"ImageObject\",\"inLanguage\":\"es\",\"@id\":\"https:\/\/www.celttv.com.ar\/#\/schema\/logo\/image\/\",\"url\":\"http:\/\/www.celttv.com.ar\/wp-content\/uploads\/2022\/08\/logo-1.png\",\"contentUrl\":\"http:\/\/www.celttv.com.ar\/wp-content\/uploads\/2022\/08\/logo-1.png\",\"width\":461,\"height\":159,\"caption\":\"CELTTV\"},\"image\":{\"@id\":\"https:\/\/www.celttv.com.ar\/#\/schema\/logo\/image\/\"}},{\"@type\":\"Person\",\"@id\":\"https:\/\/www.celttv.com.ar\/#\/schema\/person\/6d99c072dba59953809c81446e9d0ace\",\"name\":\"ulises\",\"image\":{\"@type\":\"ImageObject\",\"inLanguage\":\"es\",\"@id\":\"https:\/\/www.celttv.com.ar\/#\/schema\/person\/image\/\",\"url\":\"https:\/\/secure.gravatar.com\/avatar\/7f2c48bdc33b30088f941fb6082e555f2874c98e20cb159d7b92b50eadfce793?s=96&d=mm&r=g\",\"contentUrl\":\"https:\/\/secure.gravatar.com\/avatar\/7f2c48bdc33b30088f941fb6082e555f2874c98e20cb159d7b92b50eadfce793?s=96&d=mm&r=g\",\"caption\":\"ulises\"},\"sameAs\":[\"http:\/\/www.celttv.com.ar\"]}]}<\/script>\n<!-- \/ Yoast SEO plugin. -->","yoast_head_json":{"title":"\"El FRENTE DE TODXS TORNQUIST manifiesta su m\u00e1s profundo rechazo a la aparici\u00f3n en la escena pol\u00edtica nacional de la autodenominada \u201cMesa de Encuentro Libertador General San Mart\u00edn\u201d - CELTTV","description":"Sitio web de noticias de la localidad de Tornquist, provincia de Buenos Aires, Rep\u00fablica Argentina. Contenido propio originado por periodistas de CELTTV, el canal de TV local de la Cooperativa El\u00e9ctrica de Tornquist. Turismo, Pol\u00edtica, Sociedad, Deporte, Cultura y todo el contenido de inter\u00e9s general que la gente del pueblo y la regi\u00f3n debe conocer.","robots":{"index":"index","follow":"follow","max-snippet":"max-snippet:-1","max-image-preview":"max-image-preview:large","max-video-preview":"max-video-preview:-1"},"canonical":"https:\/\/www.celttv.com.ar\/index.php\/2020\/11\/13\/el-frente-de-todxs-tornquist-manifiesta-su-mas-profundo-rechazo-a-la-aparicion-en-la-escena-politica-nacional-de-la-autodenominada-mesa-de-encuentro-libertador-general-san-martin\/","og_locale":"es_ES","og_type":"article","og_title":"\"El FRENTE DE TODXS TORNQUIST manifiesta su m\u00e1s profundo rechazo a la aparici\u00f3n en la escena pol\u00edtica nacional de la autodenominada \u201cMesa de Encuentro Libertador General San Mart\u00edn\u201d - CELTTV","og_description":"Sitio web de noticias de la localidad de Tornquist, provincia de Buenos Aires, Rep\u00fablica Argentina. Contenido propio originado por periodistas de CELTTV, el canal de TV local de la Cooperativa El\u00e9ctrica de Tornquist. Turismo, Pol\u00edtica, Sociedad, Deporte, Cultura y todo el contenido de inter\u00e9s general que la gente del pueblo y la regi\u00f3n debe conocer.","og_url":"https:\/\/www.celttv.com.ar\/index.php\/2020\/11\/13\/el-frente-de-todxs-tornquist-manifiesta-su-mas-profundo-rechazo-a-la-aparicion-en-la-escena-politica-nacional-de-la-autodenominada-mesa-de-encuentro-libertador-general-san-martin\/","og_site_name":"CELTTV","article_publisher":"https:\/\/www.facebook.com\/celtTV\/","article_published_time":"2020-11-13T13:36:55+00:00","og_image":[{"width":463,"height":509,"url":"https:\/\/www.celttv.com.ar\/wp-content\/uploads\/2020\/11\/Screenshot_20201113-002340_2.png","type":"image\/png"}],"author":"ulises","twitter_card":"summary_large_image","twitter_misc":{"Escrito por":"ulises","Tiempo de lectura":"1 minuto"},"schema":{"@context":"https:\/\/schema.org","@graph":[{"@type":"NewsArticle","@id":"https:\/\/www.celttv.com.ar\/index.php\/2020\/11\/13\/el-frente-de-todxs-tornquist-manifiesta-su-mas-profundo-rechazo-a-la-aparicion-en-la-escena-politica-nacional-de-la-autodenominada-mesa-de-encuentro-libertador-general-san-martin\/#article","isPartOf":{"@id":"https:\/\/www.celttv.com.ar\/index.php\/2020\/11\/13\/el-frente-de-todxs-tornquist-manifiesta-su-mas-profundo-rechazo-a-la-aparicion-en-la-escena-politica-nacional-de-la-autodenominada-mesa-de-encuentro-libertador-general-san-martin\/"},"author":{"name":"ulises","@id":"https:\/\/www.celttv.com.ar\/#\/schema\/person\/6d99c072dba59953809c81446e9d0ace"},"headline":"&#8220;El FRENTE DE TODXS TORNQUIST manifiesta su m\u00e1s profundo rechazo a la aparici\u00f3n en la escena pol\u00edtica nacional de la autodenominada \u201cMesa de Encuentro Libertador General San Mart\u00edn\u201d","datePublished":"2020-11-13T13:36:55+00:00","dateModified":"2020-11-13T13:36:55+00:00","mainEntityOfPage":{"@id":"https:\/\/www.celttv.com.ar\/index.php\/2020\/11\/13\/el-frente-de-todxs-tornquist-manifiesta-su-mas-profundo-rechazo-a-la-aparicion-en-la-escena-politica-nacional-de-la-autodenominada-mesa-de-encuentro-libertador-general-san-martin\/"},"wordCount":242,"publisher":{"@id":"https:\/\/www.celttv.com.ar\/#organization"},"articleSection":["Comunidad","Destacadas","Pol\u00edtica"],"inLanguage":"es"},{"@type":"WebPage","@id":"https:\/\/www.celttv.com.ar\/index.php\/2020\/11\/13\/el-frente-de-todxs-tornquist-manifiesta-su-mas-profundo-rechazo-a-la-aparicion-en-la-escena-politica-nacional-de-la-autodenominada-mesa-de-encuentro-libertador-general-san-martin\/","url":"https:\/\/www.celttv.com.ar\/index.php\/2020\/11\/13\/el-frente-de-todxs-tornquist-manifiesta-su-mas-profundo-rechazo-a-la-aparicion-en-la-escena-politica-nacional-de-la-autodenominada-mesa-de-encuentro-libertador-general-san-martin\/","name":"\"El FRENTE DE TODXS TORNQUIST manifiesta su m\u00e1s profundo rechazo a la aparici\u00f3n en la escena pol\u00edtica nacional de la autodenominada \u201cMesa de Encuentro Libertador General San Mart\u00edn\u201d - CELTTV","isPartOf":{"@id":"https:\/\/www.celttv.com.ar\/#website"},"datePublished":"2020-11-13T13:36:55+00:00","dateModified":"2020-11-13T13:36:55+00:00","description":"Sitio web de noticias de la localidad de Tornquist, provincia de Buenos Aires, Rep\u00fablica Argentina. Contenido propio originado por periodistas de CELTTV, el canal de TV local de la Cooperativa El\u00e9ctrica de Tornquist. Turismo, Pol\u00edtica, Sociedad, Deporte, Cultura y todo el contenido de inter\u00e9s general que la gente del pueblo y la regi\u00f3n debe conocer.","breadcrumb":{"@id":"https:\/\/www.celttv.com.ar\/index.php\/2020\/11\/13\/el-frente-de-todxs-tornquist-manifiesta-su-mas-profundo-rechazo-a-la-aparicion-en-la-escena-politica-nacional-de-la-autodenominada-mesa-de-encuentro-libertador-general-san-martin\/#breadcrumb"},"inLanguage":"es","potentialAction":[{"@type":"ReadAction","target":["https:\/\/www.celttv.com.ar\/index.php\/2020\/11\/13\/el-frente-de-todxs-tornquist-manifiesta-su-mas-profundo-rechazo-a-la-aparicion-en-la-escena-politica-nacional-de-la-autodenominada-mesa-de-encuentro-libertador-general-san-martin\/"]}]},{"@type":"BreadcrumbList","@id":"https:\/\/www.celttv.com.ar\/index.php\/2020\/11\/13\/el-frente-de-todxs-tornquist-manifiesta-su-mas-profundo-rechazo-a-la-aparicion-en-la-escena-politica-nacional-de-la-autodenominada-mesa-de-encuentro-libertador-general-san-martin\/#breadcrumb","itemListElement":[{"@type":"ListItem","position":1,"name":"Inicio","item":"https:\/\/www.celttv.com.ar\/"},{"@type":"ListItem","position":2,"name":"&#8220;El FRENTE DE TODXS TORNQUIST manifiesta su m\u00e1s profundo rechazo a la aparici\u00f3n en la escena pol\u00edtica nacional de la autodenominada \u201cMesa de Encuentro Libertador General San Mart\u00edn\u201d"}]},{"@type":"WebSite","@id":"https:\/\/www.celttv.com.ar\/#website","url":"https:\/\/www.celttv.com.ar\/","name":"CELTTV","description":"Cooperativa El\u00e9ctrica de Tornquist","publisher":{"@id":"https:\/\/www.celttv.com.ar\/#organization"},"potentialAction":[{"@type":"SearchAction","target":{"@type":"EntryPoint","urlTemplate":"https:\/\/www.celttv.com.ar\/?s={search_term_string}"},"query-input":"required name=search_term_string"}],"inLanguage":"es"},{"@type":"Organization","@id":"https:\/\/www.celttv.com.ar\/#organization","name":"CELTTV","url":"https:\/\/www.celttv.com.ar\/","sameAs":["https:\/\/www.youtube.com\/channel\/UCz_oIt8Hig64Ub-EmcNPIhg","https:\/\/www.facebook.com\/celtTV\/"],"logo":{"@type":"ImageObject","inLanguage":"es","@id":"https:\/\/www.celttv.com.ar\/#\/schema\/logo\/image\/","url":"http:\/\/www.celttv.com.ar\/wp-content\/uploads\/2022\/08\/logo-1.png","contentUrl":"http:\/\/www.celttv.com.ar\/wp-content\/uploads\/2022\/08\/logo-1.png","width":461,"height":159,"caption":"CELTTV"},"image":{"@id":"https:\/\/www.celttv.com.ar\/#\/schema\/logo\/image\/"}},{"@type":"Person","@id":"https:\/\/www.celttv.com.ar\/#\/schema\/person\/6d99c072dba59953809c81446e9d0ace","name":"ulises","image":{"@type":"ImageObject","inLanguage":"es","@id":"https:\/\/www.celttv.com.ar\/#\/schema\/person\/image\/","url":"https:\/\/secure.gravatar.com\/avatar\/7f2c48bdc33b30088f941fb6082e555f2874c98e20cb159d7b92b50eadfce793?s=96&d=mm&r=g","contentUrl":"https:\/\/secure.gravatar.com\/avatar\/7f2c48bdc33b30088f941fb6082e555f2874c98e20cb159d7b92b50eadfce793?s=96&d=mm&r=g","caption":"ulises"},"sameAs":["http:\/\/www.celttv.com.ar"]}]}},"_links":{"self":[{"href":"https:\/\/www.celttv.com.ar\/index.php\/wp-json\/wp\/v2\/posts\/53335","targetHints":{"allow":["GET"]}}],"collection":[{"href":"https:\/\/www.celttv.com.ar\/index.php\/wp-json\/wp\/v2\/posts"}],"about":[{"href":"https:\/\/www.celttv.com.ar\/index.php\/wp-json\/wp\/v2\/types\/post"}],"author":[{"embeddable":true,"href":"https:\/\/www.celttv.com.ar\/index.php\/wp-json\/wp\/v2\/users\/1"}],"replies":[{"embeddable":true,"href":"https:\/\/www.celttv.com.ar\/index.php\/wp-json\/wp\/v2\/comments?post=53335"}],"version-history":[{"count":0,"href":"https:\/\/www.celttv.com.ar\/index.php\/wp-json\/wp\/v2\/posts\/53335\/revisions"}],"wp:featuredmedia":[{"embeddable":true,"href":"https:\/\/www.celttv.com.ar\/index.php\/wp-json\/wp\/v2\/media\/53338"}],"wp:attachment":[{"href":"https:\/\/www.celttv.com.ar\/index.php\/wp-json\/wp\/v2\/media?parent=53335"}],"wp:term":[{"taxonomy":"category","embeddable":true,"href":"https:\/\/www.celttv.com.ar\/index.php\/wp-json\/wp\/v2\/categories?post=53335"},{"taxonomy":"post_tag","embeddable":true,"href":"https:\/\/www.celttv.com.ar\/index.php\/wp-json\/wp\/v2\/tags?post=53335"}],"curies":[{"name":"wp","href":"https:\/\/api.w.org\/{rel}","templated":true}]}}