{"id":53351,"date":"2020-11-13T23:20:44","date_gmt":"2020-11-13T23:20:44","guid":{"rendered":"http:\/\/www.celttv.com.ar\/?p=53351"},"modified":"2020-11-13T23:20:44","modified_gmt":"2020-11-13T23:20:44","slug":"el-23-de-noviembre-vuelven-los-trenes-de-media-y-larga-distancia","status":"publish","type":"post","link":"https:\/\/www.celttv.com.ar\/index.php\/2020\/11\/13\/el-23-de-noviembre-vuelven-los-trenes-de-media-y-larga-distancia\/","title":{"rendered":"El 23 de noviembre vuelven los trenes de media y larga distancia"},"content":{"rendered":"<div class=\"text\">\n<p>El ministro de Transporte, Mario Meoni anunci\u00f3 hoy la reactivaci\u00f3n de trenes de larga distancia a partir del 23 de noviembre, viajes que se realizar\u00e1n siguiendo pautas de protocolo de sanidad y con la venta de pasajes \u00fanicamente de modo online.<\/p>\n<p>Meoni realiz\u00f3 el anuncio esta tarde desde Retiro, luego de recorrer junto al presidente de Trenes Argentinos Operaciones (TAO), Martin Marinucci, una formaci\u00f3n adaptada, detallando que en esta primera etapa los destinos ser\u00e1n Mar del Plata, Bah\u00eda Blanca, Bragado, Jun\u00edn y el tren a Rosario limitado hasta San Nicol\u00e1s.<\/p>\n<p>\u201cPara nosotros es una satisfacci\u00f3n volver a poner en marcha los trenes, sabemos que estamos conectando de esta manera a mucha gente que hasta hoy no lo pod\u00eda hacer, adem\u00e1s de los esenciales, tambi\u00e9n lo van a poder utilizar el personal exceptuado, es decir, excepto para turismo, va a poder ser utilizado por todas las personas, hasta el 1 de diciembre, que en la provincia de Buenos Aires, tambi\u00e9n se va a poder viajar por razones de turismo. As\u00ed que solamente una semana va a estar viajando solo restringido a exceptuados y esenciales\u201d.<\/p>\n<p>En relaci\u00f3n a las formaciones intervenidas para asegurar el distanciamiento durante el viaje y las indicaciones para que los pasajeros y las pasajeras viajen en un entorno seguro, el ministro explic\u00f3 que se ha \u201climitado la cantidad de pasajeros\u201d.<\/p>\n<p>\u201cEn todos los casos van a tener libre un asiento de por medio, y en algunos coches van a poder viajar por grupos familiares, donde se mantendr\u00e1 el distanciamiento con otro grupo familiar, pero entre el mismo grupo podr\u00e1 ir ocupando los tres asientos de cada una de las filas. Y en todas las formaciones habr\u00e1 un coche de aislamiento preventivo en caso de que surgiera alg\u00fan caso de Covid en el viaje, para que pueda ser aislada esa persona\u201d.<\/p>\n<p>A su vez Marinucci indic\u00f3 que est\u00e1n \u201ctrabajando para contar con 8 servicios diarios entre Constituci\u00f3n y Mar del Plata. Entendiendo que vamos a seguir teniendo limitada la capacidad en las formaciones, pero tambi\u00e9n, que va haber mucha demanda para aquellos argentinos y argentinas que quieren ir a vacacionar a la costa atl\u00e1ntica\u201d.<\/p>\n<p>(Telam)<\/p>\n<\/div>\n<div><\/div>\n","protected":false},"excerpt":{"rendered":"<p>El ministro de Transporte, Mario Meoni anunci\u00f3 hoy la reactivaci\u00f3n de trenes de larga distancia a partir del 23 de noviembre, viajes que se realizar\u00e1n siguiendo pautas de protocolo de sanidad y con la venta de pasajes \u00fanicamente de modo online. Meoni realiz\u00f3 el anuncio esta tarde desde Retiro, luego de recorrer junto al presidente [&hellip;]<\/p>\n","protected":false},"author":1,"featured_media":53352,"comment_status":"closed","ping_status":"open","sticky":false,"template":"","format":"standard","meta":{"footnotes":""},"categories":[51,52],"tags":[],"class_list":["post-53351","post","type-post","status-publish","format-standard","has-post-thumbnail","hentry","category-comunidad","category-destacadas"],"yoast_head":"<!-- This site is optimized with the Yoast SEO plugin v19.7.1 - https:\/\/yoast.com\/wordpress\/plugins\/seo\/ -->\n<title>El 23 de noviembre vuelven los trenes de media y larga distancia - CELTTV<\/title>\n<meta name=\"description\" content=\"Sitio web de noticias de la localidad de Tornquist, provincia de Buenos Aires, Rep\u00fablica Argentina. Contenido propio originado por periodistas de CELTTV, el canal de TV local de la Cooperativa El\u00e9ctrica de Tornquist. Turismo, Pol\u00edtica, Sociedad, Deporte, Cultura y todo el contenido de inter\u00e9s general que la gente del pueblo y la regi\u00f3n debe conocer.\" \/>\n<meta name=\"robots\" content=\"index, follow, max-snippet:-1, max-image-preview:large, max-video-preview:-1\" \/>\n<link rel=\"canonical\" href=\"https:\/\/www.celttv.com.ar\/index.php\/2020\/11\/13\/el-23-de-noviembre-vuelven-los-trenes-de-media-y-larga-distancia\/\" \/>\n<meta property=\"og:locale\" content=\"es_ES\" \/>\n<meta property=\"og:type\" content=\"article\" \/>\n<meta property=\"og:title\" content=\"El 23 de noviembre vuelven los trenes de media y larga distancia - CELTTV\" \/>\n<meta property=\"og:description\" content=\"Sitio web de noticias de la localidad de Tornquist, provincia de Buenos Aires, Rep\u00fablica Argentina. Contenido propio originado por periodistas de CELTTV, el canal de TV local de la Cooperativa El\u00e9ctrica de Tornquist. Turismo, Pol\u00edtica, Sociedad, Deporte, Cultura y todo el contenido de inter\u00e9s general que la gente del pueblo y la regi\u00f3n debe conocer.\" \/>\n<meta property=\"og:url\" content=\"https:\/\/www.celttv.com.ar\/index.php\/2020\/11\/13\/el-23-de-noviembre-vuelven-los-trenes-de-media-y-larga-distancia\/\" \/>\n<meta property=\"og:site_name\" content=\"CELTTV\" \/>\n<meta property=\"article:publisher\" content=\"https:\/\/www.facebook.com\/celtTV\/\" \/>\n<meta property=\"article:published_time\" content=\"2020-11-13T23:20:44+00:00\" \/>\n<meta property=\"og:image\" content=\"https:\/\/www.celttv.com.ar\/wp-content\/uploads\/2020\/11\/trenes.jpg\" \/>\n\t<meta property=\"og:image:width\" content=\"1280\" \/>\n\t<meta property=\"og:image:height\" content=\"853\" \/>\n\t<meta property=\"og:image:type\" content=\"image\/jpeg\" \/>\n<meta name=\"author\" content=\"ulises\" \/>\n<meta name=\"twitter:card\" content=\"summary_large_image\" \/>\n<meta name=\"twitter:label1\" content=\"Escrito por\" \/>\n\t<meta name=\"twitter:data1\" content=\"ulises\" \/>\n\t<meta name=\"twitter:label2\" content=\"Tiempo de lectura\" \/>\n\t<meta name=\"twitter:data2\" content=\"2 minutos\" \/>\n<script type=\"application\/ld+json\" class=\"yoast-schema-graph\">{\"@context\":\"https:\/\/schema.org\",\"@graph\":[{\"@type\":\"NewsArticle\",\"@id\":\"https:\/\/www.celttv.com.ar\/index.php\/2020\/11\/13\/el-23-de-noviembre-vuelven-los-trenes-de-media-y-larga-distancia\/#article\",\"isPartOf\":{\"@id\":\"https:\/\/www.celttv.com.ar\/index.php\/2020\/11\/13\/el-23-de-noviembre-vuelven-los-trenes-de-media-y-larga-distancia\/\"},\"author\":{\"name\":\"ulises\",\"@id\":\"https:\/\/www.celttv.com.ar\/#\/schema\/person\/6d99c072dba59953809c81446e9d0ace\"},\"headline\":\"El 23 de noviembre vuelven los trenes de media y larga distancia\",\"datePublished\":\"2020-11-13T23:20:44+00:00\",\"dateModified\":\"2020-11-13T23:20:44+00:00\",\"mainEntityOfPage\":{\"@id\":\"https:\/\/www.celttv.com.ar\/index.php\/2020\/11\/13\/el-23-de-noviembre-vuelven-los-trenes-de-media-y-larga-distancia\/\"},\"wordCount\":382,\"publisher\":{\"@id\":\"https:\/\/www.celttv.com.ar\/#organization\"},\"articleSection\":[\"Comunidad\",\"Destacadas\"],\"inLanguage\":\"es\"},{\"@type\":\"WebPage\",\"@id\":\"https:\/\/www.celttv.com.ar\/index.php\/2020\/11\/13\/el-23-de-noviembre-vuelven-los-trenes-de-media-y-larga-distancia\/\",\"url\":\"https:\/\/www.celttv.com.ar\/index.php\/2020\/11\/13\/el-23-de-noviembre-vuelven-los-trenes-de-media-y-larga-distancia\/\",\"name\":\"El 23 de noviembre vuelven los trenes de media y larga distancia - CELTTV\",\"isPartOf\":{\"@id\":\"https:\/\/www.celttv.com.ar\/#website\"},\"datePublished\":\"2020-11-13T23:20:44+00:00\",\"dateModified\":\"2020-11-13T23:20:44+00:00\",\"description\":\"Sitio web de noticias de la localidad de Tornquist, provincia de Buenos Aires, Rep\u00fablica Argentina. Contenido propio originado por periodistas de CELTTV, el canal de TV local de la Cooperativa El\u00e9ctrica de Tornquist. Turismo, Pol\u00edtica, Sociedad, Deporte, Cultura y todo el contenido de inter\u00e9s general que la gente del pueblo y la regi\u00f3n debe conocer.\",\"breadcrumb\":{\"@id\":\"https:\/\/www.celttv.com.ar\/index.php\/2020\/11\/13\/el-23-de-noviembre-vuelven-los-trenes-de-media-y-larga-distancia\/#breadcrumb\"},\"inLanguage\":\"es\",\"potentialAction\":[{\"@type\":\"ReadAction\",\"target\":[\"https:\/\/www.celttv.com.ar\/index.php\/2020\/11\/13\/el-23-de-noviembre-vuelven-los-trenes-de-media-y-larga-distancia\/\"]}]},{\"@type\":\"BreadcrumbList\",\"@id\":\"https:\/\/www.celttv.com.ar\/index.php\/2020\/11\/13\/el-23-de-noviembre-vuelven-los-trenes-de-media-y-larga-distancia\/#breadcrumb\",\"itemListElement\":[{\"@type\":\"ListItem\",\"position\":1,\"name\":\"Inicio\",\"item\":\"https:\/\/www.celttv.com.ar\/\"},{\"@type\":\"ListItem\",\"position\":2,\"name\":\"El 23 de noviembre vuelven los trenes de media y larga distancia\"}]},{\"@type\":\"WebSite\",\"@id\":\"https:\/\/www.celttv.com.ar\/#website\",\"url\":\"https:\/\/www.celttv.com.ar\/\",\"name\":\"CELTTV\",\"description\":\"Cooperativa El\u00e9ctrica de Tornquist\",\"publisher\":{\"@id\":\"https:\/\/www.celttv.com.ar\/#organization\"},\"potentialAction\":[{\"@type\":\"SearchAction\",\"target\":{\"@type\":\"EntryPoint\",\"urlTemplate\":\"https:\/\/www.celttv.com.ar\/?s={search_term_string}\"},\"query-input\":\"required name=search_term_string\"}],\"inLanguage\":\"es\"},{\"@type\":\"Organization\",\"@id\":\"https:\/\/www.celttv.com.ar\/#organization\",\"name\":\"CELTTV\",\"url\":\"https:\/\/www.celttv.com.ar\/\",\"sameAs\":[\"https:\/\/www.youtube.com\/channel\/UCz_oIt8Hig64Ub-EmcNPIhg\",\"https:\/\/www.facebook.com\/celtTV\/\"],\"logo\":{\"@type\":\"ImageObject\",\"inLanguage\":\"es\",\"@id\":\"https:\/\/www.celttv.com.ar\/#\/schema\/logo\/image\/\",\"url\":\"http:\/\/www.celttv.com.ar\/wp-content\/uploads\/2022\/08\/logo-1.png\",\"contentUrl\":\"http:\/\/www.celttv.com.ar\/wp-content\/uploads\/2022\/08\/logo-1.png\",\"width\":461,\"height\":159,\"caption\":\"CELTTV\"},\"image\":{\"@id\":\"https:\/\/www.celttv.com.ar\/#\/schema\/logo\/image\/\"}},{\"@type\":\"Person\",\"@id\":\"https:\/\/www.celttv.com.ar\/#\/schema\/person\/6d99c072dba59953809c81446e9d0ace\",\"name\":\"ulises\",\"image\":{\"@type\":\"ImageObject\",\"inLanguage\":\"es\",\"@id\":\"https:\/\/www.celttv.com.ar\/#\/schema\/person\/image\/\",\"url\":\"https:\/\/secure.gravatar.com\/avatar\/7f2c48bdc33b30088f941fb6082e555f2874c98e20cb159d7b92b50eadfce793?s=96&d=mm&r=g\",\"contentUrl\":\"https:\/\/secure.gravatar.com\/avatar\/7f2c48bdc33b30088f941fb6082e555f2874c98e20cb159d7b92b50eadfce793?s=96&d=mm&r=g\",\"caption\":\"ulises\"},\"sameAs\":[\"http:\/\/www.celttv.com.ar\"]}]}<\/script>\n<!-- \/ Yoast SEO plugin. -->","yoast_head_json":{"title":"El 23 de noviembre vuelven los trenes de media y larga distancia - CELTTV","description":"Sitio web de noticias de la localidad de Tornquist, provincia de Buenos Aires, Rep\u00fablica Argentina. Contenido propio originado por periodistas de CELTTV, el canal de TV local de la Cooperativa El\u00e9ctrica de Tornquist. Turismo, Pol\u00edtica, Sociedad, Deporte, Cultura y todo el contenido de inter\u00e9s general que la gente del pueblo y la regi\u00f3n debe conocer.","robots":{"index":"index","follow":"follow","max-snippet":"max-snippet:-1","max-image-preview":"max-image-preview:large","max-video-preview":"max-video-preview:-1"},"canonical":"https:\/\/www.celttv.com.ar\/index.php\/2020\/11\/13\/el-23-de-noviembre-vuelven-los-trenes-de-media-y-larga-distancia\/","og_locale":"es_ES","og_type":"article","og_title":"El 23 de noviembre vuelven los trenes de media y larga distancia - CELTTV","og_description":"Sitio web de noticias de la localidad de Tornquist, provincia de Buenos Aires, Rep\u00fablica Argentina. Contenido propio originado por periodistas de CELTTV, el canal de TV local de la Cooperativa El\u00e9ctrica de Tornquist. Turismo, Pol\u00edtica, Sociedad, Deporte, Cultura y todo el contenido de inter\u00e9s general que la gente del pueblo y la regi\u00f3n debe conocer.","og_url":"https:\/\/www.celttv.com.ar\/index.php\/2020\/11\/13\/el-23-de-noviembre-vuelven-los-trenes-de-media-y-larga-distancia\/","og_site_name":"CELTTV","article_publisher":"https:\/\/www.facebook.com\/celtTV\/","article_published_time":"2020-11-13T23:20:44+00:00","og_image":[{"width":1280,"height":853,"url":"https:\/\/www.celttv.com.ar\/wp-content\/uploads\/2020\/11\/trenes.jpg","type":"image\/jpeg"}],"author":"ulises","twitter_card":"summary_large_image","twitter_misc":{"Escrito por":"ulises","Tiempo de lectura":"2 minutos"},"schema":{"@context":"https:\/\/schema.org","@graph":[{"@type":"NewsArticle","@id":"https:\/\/www.celttv.com.ar\/index.php\/2020\/11\/13\/el-23-de-noviembre-vuelven-los-trenes-de-media-y-larga-distancia\/#article","isPartOf":{"@id":"https:\/\/www.celttv.com.ar\/index.php\/2020\/11\/13\/el-23-de-noviembre-vuelven-los-trenes-de-media-y-larga-distancia\/"},"author":{"name":"ulises","@id":"https:\/\/www.celttv.com.ar\/#\/schema\/person\/6d99c072dba59953809c81446e9d0ace"},"headline":"El 23 de noviembre vuelven los trenes de media y larga distancia","datePublished":"2020-11-13T23:20:44+00:00","dateModified":"2020-11-13T23:20:44+00:00","mainEntityOfPage":{"@id":"https:\/\/www.celttv.com.ar\/index.php\/2020\/11\/13\/el-23-de-noviembre-vuelven-los-trenes-de-media-y-larga-distancia\/"},"wordCount":382,"publisher":{"@id":"https:\/\/www.celttv.com.ar\/#organization"},"articleSection":["Comunidad","Destacadas"],"inLanguage":"es"},{"@type":"WebPage","@id":"https:\/\/www.celttv.com.ar\/index.php\/2020\/11\/13\/el-23-de-noviembre-vuelven-los-trenes-de-media-y-larga-distancia\/","url":"https:\/\/www.celttv.com.ar\/index.php\/2020\/11\/13\/el-23-de-noviembre-vuelven-los-trenes-de-media-y-larga-distancia\/","name":"El 23 de noviembre vuelven los trenes de media y larga distancia - CELTTV","isPartOf":{"@id":"https:\/\/www.celttv.com.ar\/#website"},"datePublished":"2020-11-13T23:20:44+00:00","dateModified":"2020-11-13T23:20:44+00:00","description":"Sitio web de noticias de la localidad de Tornquist, provincia de Buenos Aires, Rep\u00fablica Argentina. Contenido propio originado por periodistas de CELTTV, el canal de TV local de la Cooperativa El\u00e9ctrica de Tornquist. Turismo, Pol\u00edtica, Sociedad, Deporte, Cultura y todo el contenido de inter\u00e9s general que la gente del pueblo y la regi\u00f3n debe conocer.","breadcrumb":{"@id":"https:\/\/www.celttv.com.ar\/index.php\/2020\/11\/13\/el-23-de-noviembre-vuelven-los-trenes-de-media-y-larga-distancia\/#breadcrumb"},"inLanguage":"es","potentialAction":[{"@type":"ReadAction","target":["https:\/\/www.celttv.com.ar\/index.php\/2020\/11\/13\/el-23-de-noviembre-vuelven-los-trenes-de-media-y-larga-distancia\/"]}]},{"@type":"BreadcrumbList","@id":"https:\/\/www.celttv.com.ar\/index.php\/2020\/11\/13\/el-23-de-noviembre-vuelven-los-trenes-de-media-y-larga-distancia\/#breadcrumb","itemListElement":[{"@type":"ListItem","position":1,"name":"Inicio","item":"https:\/\/www.celttv.com.ar\/"},{"@type":"ListItem","position":2,"name":"El 23 de noviembre vuelven los trenes de media y larga distancia"}]},{"@type":"WebSite","@id":"https:\/\/www.celttv.com.ar\/#website","url":"https:\/\/www.celttv.com.ar\/","name":"CELTTV","description":"Cooperativa El\u00e9ctrica de Tornquist","publisher":{"@id":"https:\/\/www.celttv.com.ar\/#organization"},"potentialAction":[{"@type":"SearchAction","target":{"@type":"EntryPoint","urlTemplate":"https:\/\/www.celttv.com.ar\/?s={search_term_string}"},"query-input":"required name=search_term_string"}],"inLanguage":"es"},{"@type":"Organization","@id":"https:\/\/www.celttv.com.ar\/#organization","name":"CELTTV","url":"https:\/\/www.celttv.com.ar\/","sameAs":["https:\/\/www.youtube.com\/channel\/UCz_oIt8Hig64Ub-EmcNPIhg","https:\/\/www.facebook.com\/celtTV\/"],"logo":{"@type":"ImageObject","inLanguage":"es","@id":"https:\/\/www.celttv.com.ar\/#\/schema\/logo\/image\/","url":"http:\/\/www.celttv.com.ar\/wp-content\/uploads\/2022\/08\/logo-1.png","contentUrl":"http:\/\/www.celttv.com.ar\/wp-content\/uploads\/2022\/08\/logo-1.png","width":461,"height":159,"caption":"CELTTV"},"image":{"@id":"https:\/\/www.celttv.com.ar\/#\/schema\/logo\/image\/"}},{"@type":"Person","@id":"https:\/\/www.celttv.com.ar\/#\/schema\/person\/6d99c072dba59953809c81446e9d0ace","name":"ulises","image":{"@type":"ImageObject","inLanguage":"es","@id":"https:\/\/www.celttv.com.ar\/#\/schema\/person\/image\/","url":"https:\/\/secure.gravatar.com\/avatar\/7f2c48bdc33b30088f941fb6082e555f2874c98e20cb159d7b92b50eadfce793?s=96&d=mm&r=g","contentUrl":"https:\/\/secure.gravatar.com\/avatar\/7f2c48bdc33b30088f941fb6082e555f2874c98e20cb159d7b92b50eadfce793?s=96&d=mm&r=g","caption":"ulises"},"sameAs":["http:\/\/www.celttv.com.ar"]}]}},"_links":{"self":[{"href":"https:\/\/www.celttv.com.ar\/index.php\/wp-json\/wp\/v2\/posts\/53351","targetHints":{"allow":["GET"]}}],"collection":[{"href":"https:\/\/www.celttv.com.ar\/index.php\/wp-json\/wp\/v2\/posts"}],"about":[{"href":"https:\/\/www.celttv.com.ar\/index.php\/wp-json\/wp\/v2\/types\/post"}],"author":[{"embeddable":true,"href":"https:\/\/www.celttv.com.ar\/index.php\/wp-json\/wp\/v2\/users\/1"}],"replies":[{"embeddable":true,"href":"https:\/\/www.celttv.com.ar\/index.php\/wp-json\/wp\/v2\/comments?post=53351"}],"version-history":[{"count":0,"href":"https:\/\/www.celttv.com.ar\/index.php\/wp-json\/wp\/v2\/posts\/53351\/revisions"}],"wp:featuredmedia":[{"embeddable":true,"href":"https:\/\/www.celttv.com.ar\/index.php\/wp-json\/wp\/v2\/media\/53352"}],"wp:attachment":[{"href":"https:\/\/www.celttv.com.ar\/index.php\/wp-json\/wp\/v2\/media?parent=53351"}],"wp:term":[{"taxonomy":"category","embeddable":true,"href":"https:\/\/www.celttv.com.ar\/index.php\/wp-json\/wp\/v2\/categories?post=53351"},{"taxonomy":"post_tag","embeddable":true,"href":"https:\/\/www.celttv.com.ar\/index.php\/wp-json\/wp\/v2\/tags?post=53351"}],"curies":[{"name":"wp","href":"https:\/\/api.w.org\/{rel}","templated":true}]}}