{"id":53354,"date":"2020-11-14T01:45:49","date_gmt":"2020-11-14T01:45:49","guid":{"rendered":"http:\/\/www.celttv.com.ar\/?p=53354"},"modified":"2020-11-14T01:45:49","modified_gmt":"2020-11-14T01:45:49","slug":"dos-personas-heridas-en-un-violento-choque-y-vuelco-en-rosa-de-tornquist-y-25-de-mayo-fotos-y-video","status":"publish","type":"post","link":"https:\/\/www.celttv.com.ar\/index.php\/2020\/11\/14\/dos-personas-heridas-en-un-violento-choque-y-vuelco-en-rosa-de-tornquist-y-25-de-mayo-fotos-y-video\/","title":{"rendered":"Dos personas heridas en un violento choque y vuelco en Rosa de Tornquist y 25 de Mayo (fotos y video)"},"content":{"rendered":"<div class=\"adelanto\">\n<p>Alrededor de las 21:40 este viernes fueron convocados los Bomberos Voluntarios, personal de seguridad y del SAME Tornquist por un violento choque y vuelco en Rosa de Tornquist y 25 de Mayo de nuestra ciudad.<\/p>\n<\/div>\n<div class=\"text\">\n<p>Lo protagonizaron un Peugeot 207 (HXB679), conducido por Facundo Seewald, y un Fiat Uno (SEB575), conducido por Juli\u00e1n Mart\u00ednez.<\/p>\n<p>El primer veh\u00edculo, luego de derribar un caratel de se\u00f1alizaci\u00f3n, termin\u00f3 sobre la vereda a solo cent\u00edmetros de la pared de un comercio, mientras que el otro qued\u00f3 con las cuatro gomas hacia arriba.<\/p>\n<p>Ambos conductores se desplazaban solos y fueron trasladados lucidos al Hospital Municipal &#8216;Dr. Alberto Castro&#8217;. Por el momento se desconoce la mec\u00e1nica del accidente.<\/p>\n<p>Trabajaron en el lugar dos dotaciones del Cuerpo de Bomberos Voluntarios de Tornquist, Polic\u00eda Comunal y Ambulancias y personal del SAME Tornquist.<\/p>\n<p><iframe loading=\"lazy\" title=\"2020 11 13 ACCIDENTE\" width=\"500\" height=\"281\" src=\"https:\/\/www.youtube.com\/embed\/XxeU0xgyKnY?feature=oembed\" frameborder=\"0\" allow=\"accelerometer; autoplay; clipboard-write; encrypted-media; gyroscope; picture-in-picture; web-share\" referrerpolicy=\"strict-origin-when-cross-origin\" allowfullscreen><\/iframe><\/p>\n<p><a href=\"http:\/\/www.celttv.com.ar\/?attachment_id=53356\" rel=\"attachment wp-att-53356\"><img loading=\"lazy\" decoding=\"async\" class=\"alignleft size-full wp-image-53356\" src=\"http:\/\/www.celttv.com.ar\/wp-content\/uploads\/2020\/11\/IMG_20201113_214935515-Medium.jpg\" alt=\"\" width=\"1024\" height=\"768\" srcset=\"https:\/\/www.celttv.com.ar\/wp-content\/uploads\/2020\/11\/IMG_20201113_214935515-Medium.jpg 1024w, https:\/\/www.celttv.com.ar\/wp-content\/uploads\/2020\/11\/IMG_20201113_214935515-Medium-300x225.jpg 300w, https:\/\/www.celttv.com.ar\/wp-content\/uploads\/2020\/11\/IMG_20201113_214935515-Medium-768x576.jpg 768w, https:\/\/www.celttv.com.ar\/wp-content\/uploads\/2020\/11\/IMG_20201113_214935515-Medium-750x563.jpg 750w\" sizes=\"auto, (max-width: 1024px) 100vw, 1024px\" \/><\/a> <a href=\"http:\/\/www.celttv.com.ar\/?attachment_id=53357\" rel=\"attachment wp-att-53357\"><img loading=\"lazy\" decoding=\"async\" class=\"alignleft size-medium wp-image-53357\" src=\"http:\/\/www.celttv.com.ar\/wp-content\/uploads\/2020\/11\/IMG_20201113_214953735-Medium.jpg\" alt=\"\" width=\"780\" height=\"585\" srcset=\"https:\/\/www.celttv.com.ar\/wp-content\/uploads\/2020\/11\/IMG_20201113_214953735-Medium.jpg 1024w, https:\/\/www.celttv.com.ar\/wp-content\/uploads\/2020\/11\/IMG_20201113_214953735-Medium-300x225.jpg 300w, https:\/\/www.celttv.com.ar\/wp-content\/uploads\/2020\/11\/IMG_20201113_214953735-Medium-768x576.jpg 768w, https:\/\/www.celttv.com.ar\/wp-content\/uploads\/2020\/11\/IMG_20201113_214953735-Medium-750x563.jpg 750w\" sizes=\"auto, (max-width: 780px) 100vw, 780px\" \/><\/a> <a href=\"http:\/\/www.celttv.com.ar\/?attachment_id=53358\" rel=\"attachment wp-att-53358\"><img loading=\"lazy\" decoding=\"async\" class=\"alignleft size-medium wp-image-53358\" src=\"http:\/\/www.celttv.com.ar\/wp-content\/uploads\/2020\/11\/IMG_20201113_215014874-Medium.jpg\" alt=\"\" width=\"780\" height=\"585\" srcset=\"https:\/\/www.celttv.com.ar\/wp-content\/uploads\/2020\/11\/IMG_20201113_215014874-Medium.jpg 1024w, https:\/\/www.celttv.com.ar\/wp-content\/uploads\/2020\/11\/IMG_20201113_215014874-Medium-300x225.jpg 300w, https:\/\/www.celttv.com.ar\/wp-content\/uploads\/2020\/11\/IMG_20201113_215014874-Medium-768x576.jpg 768w, https:\/\/www.celttv.com.ar\/wp-content\/uploads\/2020\/11\/IMG_20201113_215014874-Medium-750x563.jpg 750w\" sizes=\"auto, (max-width: 780px) 100vw, 780px\" \/><\/a> <a href=\"http:\/\/www.celttv.com.ar\/?attachment_id=53359\" rel=\"attachment wp-att-53359\"><img loading=\"lazy\" decoding=\"async\" class=\"alignleft size-medium wp-image-53359\" src=\"http:\/\/www.celttv.com.ar\/wp-content\/uploads\/2020\/11\/IMG_20201113_215212424-Medium.jpg\" alt=\"\" width=\"780\" height=\"585\" srcset=\"https:\/\/www.celttv.com.ar\/wp-content\/uploads\/2020\/11\/IMG_20201113_215212424-Medium.jpg 1024w, https:\/\/www.celttv.com.ar\/wp-content\/uploads\/2020\/11\/IMG_20201113_215212424-Medium-300x225.jpg 300w, https:\/\/www.celttv.com.ar\/wp-content\/uploads\/2020\/11\/IMG_20201113_215212424-Medium-768x576.jpg 768w, https:\/\/www.celttv.com.ar\/wp-content\/uploads\/2020\/11\/IMG_20201113_215212424-Medium-750x563.jpg 750w\" sizes=\"auto, (max-width: 780px) 100vw, 780px\" \/><\/a> <a href=\"http:\/\/www.celttv.com.ar\/?attachment_id=53360\" rel=\"attachment wp-att-53360\"><img loading=\"lazy\" decoding=\"async\" class=\"alignleft size-medium wp-image-53360\" src=\"http:\/\/www.celttv.com.ar\/wp-content\/uploads\/2020\/11\/IMG_20201113_215241538-Medium.jpg\" alt=\"\" width=\"780\" height=\"585\" srcset=\"https:\/\/www.celttv.com.ar\/wp-content\/uploads\/2020\/11\/IMG_20201113_215241538-Medium.jpg 1024w, https:\/\/www.celttv.com.ar\/wp-content\/uploads\/2020\/11\/IMG_20201113_215241538-Medium-300x225.jpg 300w, https:\/\/www.celttv.com.ar\/wp-content\/uploads\/2020\/11\/IMG_20201113_215241538-Medium-768x576.jpg 768w, https:\/\/www.celttv.com.ar\/wp-content\/uploads\/2020\/11\/IMG_20201113_215241538-Medium-750x563.jpg 750w\" sizes=\"auto, (max-width: 780px) 100vw, 780px\" \/><\/a> <a href=\"http:\/\/www.celttv.com.ar\/?attachment_id=53361\" rel=\"attachment wp-att-53361\"><img loading=\"lazy\" decoding=\"async\" class=\"alignleft size-medium wp-image-53361\" src=\"http:\/\/www.celttv.com.ar\/wp-content\/uploads\/2020\/11\/IMG_20201113_215525607-Medium.jpg\" alt=\"\" width=\"780\" height=\"585\" srcset=\"https:\/\/www.celttv.com.ar\/wp-content\/uploads\/2020\/11\/IMG_20201113_215525607-Medium.jpg 1024w, https:\/\/www.celttv.com.ar\/wp-content\/uploads\/2020\/11\/IMG_20201113_215525607-Medium-300x225.jpg 300w, https:\/\/www.celttv.com.ar\/wp-content\/uploads\/2020\/11\/IMG_20201113_215525607-Medium-768x576.jpg 768w, https:\/\/www.celttv.com.ar\/wp-content\/uploads\/2020\/11\/IMG_20201113_215525607-Medium-750x563.jpg 750w\" sizes=\"auto, (max-width: 780px) 100vw, 780px\" \/><\/a> <a href=\"http:\/\/www.celttv.com.ar\/?attachment_id=53362\" rel=\"attachment wp-att-53362\"><img loading=\"lazy\" decoding=\"async\" class=\"alignleft size-medium wp-image-53362\" src=\"http:\/\/www.celttv.com.ar\/wp-content\/uploads\/2020\/11\/IMG_20201113_215535999-Medium.jpg\" alt=\"\" width=\"780\" height=\"585\" srcset=\"https:\/\/www.celttv.com.ar\/wp-content\/uploads\/2020\/11\/IMG_20201113_215535999-Medium.jpg 1024w, https:\/\/www.celttv.com.ar\/wp-content\/uploads\/2020\/11\/IMG_20201113_215535999-Medium-300x225.jpg 300w, https:\/\/www.celttv.com.ar\/wp-content\/uploads\/2020\/11\/IMG_20201113_215535999-Medium-768x576.jpg 768w, https:\/\/www.celttv.com.ar\/wp-content\/uploads\/2020\/11\/IMG_20201113_215535999-Medium-750x563.jpg 750w\" sizes=\"auto, (max-width: 780px) 100vw, 780px\" \/><\/a> <a href=\"http:\/\/www.celttv.com.ar\/?attachment_id=53363\" rel=\"attachment wp-att-53363\"><img loading=\"lazy\" decoding=\"async\" class=\"alignleft size-medium wp-image-53363\" src=\"http:\/\/www.celttv.com.ar\/wp-content\/uploads\/2020\/11\/IMG_20201113_220021365-Medium.jpg\" alt=\"\" width=\"780\" height=\"585\" srcset=\"https:\/\/www.celttv.com.ar\/wp-content\/uploads\/2020\/11\/IMG_20201113_220021365-Medium.jpg 1024w, https:\/\/www.celttv.com.ar\/wp-content\/uploads\/2020\/11\/IMG_20201113_220021365-Medium-300x225.jpg 300w, https:\/\/www.celttv.com.ar\/wp-content\/uploads\/2020\/11\/IMG_20201113_220021365-Medium-768x576.jpg 768w, https:\/\/www.celttv.com.ar\/wp-content\/uploads\/2020\/11\/IMG_20201113_220021365-Medium-750x563.jpg 750w\" sizes=\"auto, (max-width: 780px) 100vw, 780px\" \/><\/a><\/p>\n<\/div>\n","protected":false},"excerpt":{"rendered":"<p>Alrededor de las 21:40 este viernes fueron convocados los Bomberos Voluntarios, personal de seguridad y del SAME Tornquist por un violento choque y vuelco en Rosa de Tornquist y 25 de Mayo de nuestra ciudad. Lo protagonizaron un Peugeot 207 (HXB679), conducido por Facundo Seewald, y un Fiat Uno (SEB575), conducido por Juli\u00e1n Mart\u00ednez. El [&hellip;]<\/p>\n","protected":false},"author":1,"featured_media":53360,"comment_status":"closed","ping_status":"open","sticky":false,"template":"","format":"standard","meta":{"footnotes":""},"categories":[52,61],"tags":[],"class_list":["post-53354","post","type-post","status-publish","format-standard","has-post-thumbnail","hentry","category-destacadas","category-policiales"],"yoast_head":"<!-- This site is optimized with the Yoast SEO plugin v19.7.1 - https:\/\/yoast.com\/wordpress\/plugins\/seo\/ -->\n<title>Dos personas heridas en un violento choque y vuelco en Rosa de Tornquist y 25 de Mayo (fotos y video) - CELTTV<\/title>\n<meta name=\"description\" content=\"Sitio web de noticias de la localidad de Tornquist, provincia de Buenos Aires, Rep\u00fablica Argentina. Contenido propio originado por periodistas de CELTTV, el canal de TV local de la Cooperativa El\u00e9ctrica de Tornquist. Turismo, Pol\u00edtica, Sociedad, Deporte, Cultura y todo el contenido de inter\u00e9s general que la gente del pueblo y la regi\u00f3n debe conocer.\" \/>\n<meta name=\"robots\" content=\"index, follow, max-snippet:-1, max-image-preview:large, max-video-preview:-1\" \/>\n<link rel=\"canonical\" href=\"https:\/\/www.celttv.com.ar\/index.php\/2020\/11\/14\/dos-personas-heridas-en-un-violento-choque-y-vuelco-en-rosa-de-tornquist-y-25-de-mayo-fotos-y-video\/\" \/>\n<meta property=\"og:locale\" content=\"es_ES\" \/>\n<meta property=\"og:type\" content=\"article\" \/>\n<meta property=\"og:title\" content=\"Dos personas heridas en un violento choque y vuelco en Rosa de Tornquist y 25 de Mayo (fotos y video) - CELTTV\" \/>\n<meta property=\"og:description\" content=\"Sitio web de noticias de la localidad de Tornquist, provincia de Buenos Aires, Rep\u00fablica Argentina. Contenido propio originado por periodistas de CELTTV, el canal de TV local de la Cooperativa El\u00e9ctrica de Tornquist. Turismo, Pol\u00edtica, Sociedad, Deporte, Cultura y todo el contenido de inter\u00e9s general que la gente del pueblo y la regi\u00f3n debe conocer.\" \/>\n<meta property=\"og:url\" content=\"https:\/\/www.celttv.com.ar\/index.php\/2020\/11\/14\/dos-personas-heridas-en-un-violento-choque-y-vuelco-en-rosa-de-tornquist-y-25-de-mayo-fotos-y-video\/\" \/>\n<meta property=\"og:site_name\" content=\"CELTTV\" \/>\n<meta property=\"article:publisher\" content=\"https:\/\/www.facebook.com\/celtTV\/\" \/>\n<meta property=\"article:published_time\" content=\"2020-11-14T01:45:49+00:00\" \/>\n<meta property=\"og:image\" content=\"https:\/\/www.celttv.com.ar\/wp-content\/uploads\/2020\/11\/IMG_20201113_215241538-Medium.jpg\" \/>\n\t<meta property=\"og:image:width\" content=\"1024\" \/>\n\t<meta property=\"og:image:height\" content=\"768\" \/>\n\t<meta property=\"og:image:type\" content=\"image\/jpeg\" \/>\n<meta name=\"author\" content=\"ulises\" \/>\n<meta name=\"twitter:card\" content=\"summary_large_image\" \/>\n<meta name=\"twitter:label1\" content=\"Escrito por\" \/>\n\t<meta name=\"twitter:data1\" content=\"ulises\" \/>\n\t<meta name=\"twitter:label2\" content=\"Tiempo de lectura\" \/>\n\t<meta name=\"twitter:data2\" content=\"1 minuto\" \/>\n<script type=\"application\/ld+json\" class=\"yoast-schema-graph\">{\"@context\":\"https:\/\/schema.org\",\"@graph\":[{\"@type\":\"NewsArticle\",\"@id\":\"https:\/\/www.celttv.com.ar\/index.php\/2020\/11\/14\/dos-personas-heridas-en-un-violento-choque-y-vuelco-en-rosa-de-tornquist-y-25-de-mayo-fotos-y-video\/#article\",\"isPartOf\":{\"@id\":\"https:\/\/www.celttv.com.ar\/index.php\/2020\/11\/14\/dos-personas-heridas-en-un-violento-choque-y-vuelco-en-rosa-de-tornquist-y-25-de-mayo-fotos-y-video\/\"},\"author\":{\"name\":\"ulises\",\"@id\":\"https:\/\/www.celttv.com.ar\/#\/schema\/person\/6d99c072dba59953809c81446e9d0ace\"},\"headline\":\"Dos personas heridas en un violento choque y vuelco en Rosa de Tornquist y 25 de Mayo (fotos y video)\",\"datePublished\":\"2020-11-14T01:45:49+00:00\",\"dateModified\":\"2020-11-14T01:45:49+00:00\",\"mainEntityOfPage\":{\"@id\":\"https:\/\/www.celttv.com.ar\/index.php\/2020\/11\/14\/dos-personas-heridas-en-un-violento-choque-y-vuelco-en-rosa-de-tornquist-y-25-de-mayo-fotos-y-video\/\"},\"wordCount\":163,\"publisher\":{\"@id\":\"https:\/\/www.celttv.com.ar\/#organization\"},\"articleSection\":[\"Destacadas\",\"Policiales\"],\"inLanguage\":\"es\"},{\"@type\":\"WebPage\",\"@id\":\"https:\/\/www.celttv.com.ar\/index.php\/2020\/11\/14\/dos-personas-heridas-en-un-violento-choque-y-vuelco-en-rosa-de-tornquist-y-25-de-mayo-fotos-y-video\/\",\"url\":\"https:\/\/www.celttv.com.ar\/index.php\/2020\/11\/14\/dos-personas-heridas-en-un-violento-choque-y-vuelco-en-rosa-de-tornquist-y-25-de-mayo-fotos-y-video\/\",\"name\":\"Dos personas heridas en un violento choque y vuelco en Rosa de Tornquist y 25 de Mayo (fotos y video) - CELTTV\",\"isPartOf\":{\"@id\":\"https:\/\/www.celttv.com.ar\/#website\"},\"datePublished\":\"2020-11-14T01:45:49+00:00\",\"dateModified\":\"2020-11-14T01:45:49+00:00\",\"description\":\"Sitio web de noticias de la localidad de Tornquist, provincia de Buenos Aires, Rep\u00fablica Argentina. Contenido propio originado por periodistas de CELTTV, el canal de TV local de la Cooperativa El\u00e9ctrica de Tornquist. Turismo, Pol\u00edtica, Sociedad, Deporte, Cultura y todo el contenido de inter\u00e9s general que la gente del pueblo y la regi\u00f3n debe conocer.\",\"breadcrumb\":{\"@id\":\"https:\/\/www.celttv.com.ar\/index.php\/2020\/11\/14\/dos-personas-heridas-en-un-violento-choque-y-vuelco-en-rosa-de-tornquist-y-25-de-mayo-fotos-y-video\/#breadcrumb\"},\"inLanguage\":\"es\",\"potentialAction\":[{\"@type\":\"ReadAction\",\"target\":[\"https:\/\/www.celttv.com.ar\/index.php\/2020\/11\/14\/dos-personas-heridas-en-un-violento-choque-y-vuelco-en-rosa-de-tornquist-y-25-de-mayo-fotos-y-video\/\"]}]},{\"@type\":\"BreadcrumbList\",\"@id\":\"https:\/\/www.celttv.com.ar\/index.php\/2020\/11\/14\/dos-personas-heridas-en-un-violento-choque-y-vuelco-en-rosa-de-tornquist-y-25-de-mayo-fotos-y-video\/#breadcrumb\",\"itemListElement\":[{\"@type\":\"ListItem\",\"position\":1,\"name\":\"Inicio\",\"item\":\"https:\/\/www.celttv.com.ar\/\"},{\"@type\":\"ListItem\",\"position\":2,\"name\":\"Dos personas heridas en un violento choque y vuelco en Rosa de Tornquist y 25 de Mayo (fotos y video)\"}]},{\"@type\":\"WebSite\",\"@id\":\"https:\/\/www.celttv.com.ar\/#website\",\"url\":\"https:\/\/www.celttv.com.ar\/\",\"name\":\"CELTTV\",\"description\":\"Cooperativa El\u00e9ctrica de Tornquist\",\"publisher\":{\"@id\":\"https:\/\/www.celttv.com.ar\/#organization\"},\"potentialAction\":[{\"@type\":\"SearchAction\",\"target\":{\"@type\":\"EntryPoint\",\"urlTemplate\":\"https:\/\/www.celttv.com.ar\/?s={search_term_string}\"},\"query-input\":\"required name=search_term_string\"}],\"inLanguage\":\"es\"},{\"@type\":\"Organization\",\"@id\":\"https:\/\/www.celttv.com.ar\/#organization\",\"name\":\"CELTTV\",\"url\":\"https:\/\/www.celttv.com.ar\/\",\"sameAs\":[\"https:\/\/www.youtube.com\/channel\/UCz_oIt8Hig64Ub-EmcNPIhg\",\"https:\/\/www.facebook.com\/celtTV\/\"],\"logo\":{\"@type\":\"ImageObject\",\"inLanguage\":\"es\",\"@id\":\"https:\/\/www.celttv.com.ar\/#\/schema\/logo\/image\/\",\"url\":\"http:\/\/www.celttv.com.ar\/wp-content\/uploads\/2022\/08\/logo-1.png\",\"contentUrl\":\"http:\/\/www.celttv.com.ar\/wp-content\/uploads\/2022\/08\/logo-1.png\",\"width\":461,\"height\":159,\"caption\":\"CELTTV\"},\"image\":{\"@id\":\"https:\/\/www.celttv.com.ar\/#\/schema\/logo\/image\/\"}},{\"@type\":\"Person\",\"@id\":\"https:\/\/www.celttv.com.ar\/#\/schema\/person\/6d99c072dba59953809c81446e9d0ace\",\"name\":\"ulises\",\"image\":{\"@type\":\"ImageObject\",\"inLanguage\":\"es\",\"@id\":\"https:\/\/www.celttv.com.ar\/#\/schema\/person\/image\/\",\"url\":\"https:\/\/secure.gravatar.com\/avatar\/7f2c48bdc33b30088f941fb6082e555f2874c98e20cb159d7b92b50eadfce793?s=96&d=mm&r=g\",\"contentUrl\":\"https:\/\/secure.gravatar.com\/avatar\/7f2c48bdc33b30088f941fb6082e555f2874c98e20cb159d7b92b50eadfce793?s=96&d=mm&r=g\",\"caption\":\"ulises\"},\"sameAs\":[\"http:\/\/www.celttv.com.ar\"]}]}<\/script>\n<!-- \/ Yoast SEO plugin. -->","yoast_head_json":{"title":"Dos personas heridas en un violento choque y vuelco en Rosa de Tornquist y 25 de Mayo (fotos y video) - CELTTV","description":"Sitio web de noticias de la localidad de Tornquist, provincia de Buenos Aires, Rep\u00fablica Argentina. Contenido propio originado por periodistas de CELTTV, el canal de TV local de la Cooperativa El\u00e9ctrica de Tornquist. Turismo, Pol\u00edtica, Sociedad, Deporte, Cultura y todo el contenido de inter\u00e9s general que la gente del pueblo y la regi\u00f3n debe conocer.","robots":{"index":"index","follow":"follow","max-snippet":"max-snippet:-1","max-image-preview":"max-image-preview:large","max-video-preview":"max-video-preview:-1"},"canonical":"https:\/\/www.celttv.com.ar\/index.php\/2020\/11\/14\/dos-personas-heridas-en-un-violento-choque-y-vuelco-en-rosa-de-tornquist-y-25-de-mayo-fotos-y-video\/","og_locale":"es_ES","og_type":"article","og_title":"Dos personas heridas en un violento choque y vuelco en Rosa de Tornquist y 25 de Mayo (fotos y video) - CELTTV","og_description":"Sitio web de noticias de la localidad de Tornquist, provincia de Buenos Aires, Rep\u00fablica Argentina. Contenido propio originado por periodistas de CELTTV, el canal de TV local de la Cooperativa El\u00e9ctrica de Tornquist. Turismo, Pol\u00edtica, Sociedad, Deporte, Cultura y todo el contenido de inter\u00e9s general que la gente del pueblo y la regi\u00f3n debe conocer.","og_url":"https:\/\/www.celttv.com.ar\/index.php\/2020\/11\/14\/dos-personas-heridas-en-un-violento-choque-y-vuelco-en-rosa-de-tornquist-y-25-de-mayo-fotos-y-video\/","og_site_name":"CELTTV","article_publisher":"https:\/\/www.facebook.com\/celtTV\/","article_published_time":"2020-11-14T01:45:49+00:00","og_image":[{"width":1024,"height":768,"url":"https:\/\/www.celttv.com.ar\/wp-content\/uploads\/2020\/11\/IMG_20201113_215241538-Medium.jpg","type":"image\/jpeg"}],"author":"ulises","twitter_card":"summary_large_image","twitter_misc":{"Escrito por":"ulises","Tiempo de lectura":"1 minuto"},"schema":{"@context":"https:\/\/schema.org","@graph":[{"@type":"NewsArticle","@id":"https:\/\/www.celttv.com.ar\/index.php\/2020\/11\/14\/dos-personas-heridas-en-un-violento-choque-y-vuelco-en-rosa-de-tornquist-y-25-de-mayo-fotos-y-video\/#article","isPartOf":{"@id":"https:\/\/www.celttv.com.ar\/index.php\/2020\/11\/14\/dos-personas-heridas-en-un-violento-choque-y-vuelco-en-rosa-de-tornquist-y-25-de-mayo-fotos-y-video\/"},"author":{"name":"ulises","@id":"https:\/\/www.celttv.com.ar\/#\/schema\/person\/6d99c072dba59953809c81446e9d0ace"},"headline":"Dos personas heridas en un violento choque y vuelco en Rosa de Tornquist y 25 de Mayo (fotos y video)","datePublished":"2020-11-14T01:45:49+00:00","dateModified":"2020-11-14T01:45:49+00:00","mainEntityOfPage":{"@id":"https:\/\/www.celttv.com.ar\/index.php\/2020\/11\/14\/dos-personas-heridas-en-un-violento-choque-y-vuelco-en-rosa-de-tornquist-y-25-de-mayo-fotos-y-video\/"},"wordCount":163,"publisher":{"@id":"https:\/\/www.celttv.com.ar\/#organization"},"articleSection":["Destacadas","Policiales"],"inLanguage":"es"},{"@type":"WebPage","@id":"https:\/\/www.celttv.com.ar\/index.php\/2020\/11\/14\/dos-personas-heridas-en-un-violento-choque-y-vuelco-en-rosa-de-tornquist-y-25-de-mayo-fotos-y-video\/","url":"https:\/\/www.celttv.com.ar\/index.php\/2020\/11\/14\/dos-personas-heridas-en-un-violento-choque-y-vuelco-en-rosa-de-tornquist-y-25-de-mayo-fotos-y-video\/","name":"Dos personas heridas en un violento choque y vuelco en Rosa de Tornquist y 25 de Mayo (fotos y video) - CELTTV","isPartOf":{"@id":"https:\/\/www.celttv.com.ar\/#website"},"datePublished":"2020-11-14T01:45:49+00:00","dateModified":"2020-11-14T01:45:49+00:00","description":"Sitio web de noticias de la localidad de Tornquist, provincia de Buenos Aires, Rep\u00fablica Argentina. Contenido propio originado por periodistas de CELTTV, el canal de TV local de la Cooperativa El\u00e9ctrica de Tornquist. Turismo, Pol\u00edtica, Sociedad, Deporte, Cultura y todo el contenido de inter\u00e9s general que la gente del pueblo y la regi\u00f3n debe conocer.","breadcrumb":{"@id":"https:\/\/www.celttv.com.ar\/index.php\/2020\/11\/14\/dos-personas-heridas-en-un-violento-choque-y-vuelco-en-rosa-de-tornquist-y-25-de-mayo-fotos-y-video\/#breadcrumb"},"inLanguage":"es","potentialAction":[{"@type":"ReadAction","target":["https:\/\/www.celttv.com.ar\/index.php\/2020\/11\/14\/dos-personas-heridas-en-un-violento-choque-y-vuelco-en-rosa-de-tornquist-y-25-de-mayo-fotos-y-video\/"]}]},{"@type":"BreadcrumbList","@id":"https:\/\/www.celttv.com.ar\/index.php\/2020\/11\/14\/dos-personas-heridas-en-un-violento-choque-y-vuelco-en-rosa-de-tornquist-y-25-de-mayo-fotos-y-video\/#breadcrumb","itemListElement":[{"@type":"ListItem","position":1,"name":"Inicio","item":"https:\/\/www.celttv.com.ar\/"},{"@type":"ListItem","position":2,"name":"Dos personas heridas en un violento choque y vuelco en Rosa de Tornquist y 25 de Mayo (fotos y video)"}]},{"@type":"WebSite","@id":"https:\/\/www.celttv.com.ar\/#website","url":"https:\/\/www.celttv.com.ar\/","name":"CELTTV","description":"Cooperativa El\u00e9ctrica de Tornquist","publisher":{"@id":"https:\/\/www.celttv.com.ar\/#organization"},"potentialAction":[{"@type":"SearchAction","target":{"@type":"EntryPoint","urlTemplate":"https:\/\/www.celttv.com.ar\/?s={search_term_string}"},"query-input":"required name=search_term_string"}],"inLanguage":"es"},{"@type":"Organization","@id":"https:\/\/www.celttv.com.ar\/#organization","name":"CELTTV","url":"https:\/\/www.celttv.com.ar\/","sameAs":["https:\/\/www.youtube.com\/channel\/UCz_oIt8Hig64Ub-EmcNPIhg","https:\/\/www.facebook.com\/celtTV\/"],"logo":{"@type":"ImageObject","inLanguage":"es","@id":"https:\/\/www.celttv.com.ar\/#\/schema\/logo\/image\/","url":"http:\/\/www.celttv.com.ar\/wp-content\/uploads\/2022\/08\/logo-1.png","contentUrl":"http:\/\/www.celttv.com.ar\/wp-content\/uploads\/2022\/08\/logo-1.png","width":461,"height":159,"caption":"CELTTV"},"image":{"@id":"https:\/\/www.celttv.com.ar\/#\/schema\/logo\/image\/"}},{"@type":"Person","@id":"https:\/\/www.celttv.com.ar\/#\/schema\/person\/6d99c072dba59953809c81446e9d0ace","name":"ulises","image":{"@type":"ImageObject","inLanguage":"es","@id":"https:\/\/www.celttv.com.ar\/#\/schema\/person\/image\/","url":"https:\/\/secure.gravatar.com\/avatar\/7f2c48bdc33b30088f941fb6082e555f2874c98e20cb159d7b92b50eadfce793?s=96&d=mm&r=g","contentUrl":"https:\/\/secure.gravatar.com\/avatar\/7f2c48bdc33b30088f941fb6082e555f2874c98e20cb159d7b92b50eadfce793?s=96&d=mm&r=g","caption":"ulises"},"sameAs":["http:\/\/www.celttv.com.ar"]}]}},"_links":{"self":[{"href":"https:\/\/www.celttv.com.ar\/index.php\/wp-json\/wp\/v2\/posts\/53354","targetHints":{"allow":["GET"]}}],"collection":[{"href":"https:\/\/www.celttv.com.ar\/index.php\/wp-json\/wp\/v2\/posts"}],"about":[{"href":"https:\/\/www.celttv.com.ar\/index.php\/wp-json\/wp\/v2\/types\/post"}],"author":[{"embeddable":true,"href":"https:\/\/www.celttv.com.ar\/index.php\/wp-json\/wp\/v2\/users\/1"}],"replies":[{"embeddable":true,"href":"https:\/\/www.celttv.com.ar\/index.php\/wp-json\/wp\/v2\/comments?post=53354"}],"version-history":[{"count":0,"href":"https:\/\/www.celttv.com.ar\/index.php\/wp-json\/wp\/v2\/posts\/53354\/revisions"}],"wp:featuredmedia":[{"embeddable":true,"href":"https:\/\/www.celttv.com.ar\/index.php\/wp-json\/wp\/v2\/media\/53360"}],"wp:attachment":[{"href":"https:\/\/www.celttv.com.ar\/index.php\/wp-json\/wp\/v2\/media?parent=53354"}],"wp:term":[{"taxonomy":"category","embeddable":true,"href":"https:\/\/www.celttv.com.ar\/index.php\/wp-json\/wp\/v2\/categories?post=53354"},{"taxonomy":"post_tag","embeddable":true,"href":"https:\/\/www.celttv.com.ar\/index.php\/wp-json\/wp\/v2\/tags?post=53354"}],"curies":[{"name":"wp","href":"https:\/\/api.w.org\/{rel}","templated":true}]}}