{"id":53462,"date":"2020-11-16T20:42:22","date_gmt":"2020-11-16T20:42:22","guid":{"rendered":"http:\/\/www.celttv.com.ar\/?p=53462"},"modified":"2020-11-16T20:42:22","modified_gmt":"2020-11-16T20:42:22","slug":"agradecimiento-de-meraki-regionales-tras-el-exitoso-1er-paseo-de-productores-y-artesanos-de-tornquist","status":"publish","type":"post","link":"https:\/\/www.celttv.com.ar\/index.php\/2020\/11\/16\/agradecimiento-de-meraki-regionales-tras-el-exitoso-1er-paseo-de-productores-y-artesanos-de-tornquist\/","title":{"rendered":"Agradecimiento de Meraki Regionales tras el exitoso 1er. Paseo de Productores y Artesanos de Tornquist"},"content":{"rendered":"<p>Hoy toca hacer un peque\u00f1o balance de lo que fue el 1er Paseo de Productores y Artesanos de Tornquist.<br \/>\nFue dificil? Si!. Quisimos bajar los brazos? Si!. Trabajamos duro? Si!. Pero estamos mas que felices con la jornada que se vivio ayer.<br \/>\nTodo el \u00e9xito no hubiera sido posible si atr\u00e1s de todo esto no existieran un mont\u00f3n de personas que nos acompa\u00f1aron, apoyaron y ayudaron.<br \/>\nPor eso simplemente gracias a todos y cada uno de ustedes que hicieron que este proyecto se haga realidad!<br \/>\nEmprendedores, productores y artesanos! Gracias totales por la confianza, el trabajo duro y el esfuerzo para hacer tantas cosas lindas y ademas presentar el stand con un estilo tan hermoso.<\/p>\n<p>Se jugaron con todo y apoyaron esta idea a morir! Ustedes son los protagonistas principales!<\/p>\n<p>Municipalidad de Tornquist, Secretaria de Turismo, secretaria de Servicios Urbanos, personal de transito! Gracias por todo el acompa\u00f1amiento y guia para cuidar cada detalle!<\/p>\n<p>Menci\u00f3n especial a Walter Mendez y Orlando Contreras que siempre estuvieron poniendo el alma y el cuerpo en el armado del predio (y en cada necesidad que iba surgiendo).<\/p>\n<p>Cooperativa Electrica Limitada de Tornquist, por practicar cada uno de sus valores! Su apoyo fue mas que imprescindible para que esto pueda realizarse. Queda en claro que el cooperativismo y la solidaridad son banderas que siempre llevan en lo alto.<\/p>\n<p>Alberto Plaza, por poner todo tu tiempo y tu experiencia al servicio del evento.<\/p>\n<p>Medios de comunicacion, Celtv canal 2, Observador Serrano, Se nos viene la noche, difundiendo y apoyando el paseo!<\/p>\n<p>Sociedad Italiana por facilitarnos las mesas!<\/p>\n<p>El Telon de Meli Laplace que desde el d\u00eda 1 nos brind\u00f3 su apoyo y ayud\u00f3 de manera comercial a todos los artesanos! A ella y a las chicas de Girasoles artesanias por darles un hermoso presente a cada uno de los feriantes.<\/p>\n<p>A los Sin Voz, Grupo de Turismo Rural y Taller Protegido por aceptar la invitaci\u00f3n a participar y compartir con nosotros de este hermoso dia!<\/p>\n<p>A Benjamin Lima, Community Manager, que nos dio todo su tiempo para cuidar cada detalle en las redes sociales.<\/p>\n<p>A la familia y amigos que bancaron la idea, el proceso y apoyaron cada minuto! Gracias por siempre estar presentes.<\/p>\n<p>Y por supuesto a toda la comunidad y cada uno de los visitantes que se acerc\u00f3 a disfrutar y conocer esta nueva propuesta.<\/p>\n<p>Apostamos a nuestro hermoso pueblo, a la econom\u00eda local, al apoyo del peque\u00f1o productor y artesano, a la solidaridad, al compromiso, al trabajo en equipo, al turismo.<\/p>\n<p>Gracias a todos por el respeto y cumplimiento de protocolos de Covid19.<\/p>\n<p>Cada uno de ustedes pieza fundamental para que este evento fuera un \u00e9xito como lo fue!<\/p>\n<p>#simplementegracias!<br \/>\nTeam Meraki Regionales<\/p>\n","protected":false},"excerpt":{"rendered":"<p>Hoy toca hacer un peque\u00f1o balance de lo que fue el 1er Paseo de Productores y Artesanos de Tornquist. Fue dificil? Si!. Quisimos bajar los brazos? Si!. Trabajamos duro? Si!. Pero estamos mas que felices con la jornada que se vivio ayer. Todo el \u00e9xito no hubiera sido posible si atr\u00e1s de todo esto no [&hellip;]<\/p>\n","protected":false},"author":1,"featured_media":53463,"comment_status":"closed","ping_status":"open","sticky":false,"template":"","format":"standard","meta":{"footnotes":""},"categories":[51,52,65],"tags":[],"class_list":["post-53462","post","type-post","status-publish","format-standard","has-post-thumbnail","hentry","category-comunidad","category-destacadas","category-produccion"],"yoast_head":"<!-- This site is optimized with the Yoast SEO plugin v19.7.1 - https:\/\/yoast.com\/wordpress\/plugins\/seo\/ -->\n<title>Agradecimiento de Meraki Regionales tras el exitoso 1er. Paseo de Productores y Artesanos de Tornquist - CELTTV<\/title>\n<meta name=\"description\" content=\"Sitio web de noticias de la localidad de Tornquist, provincia de Buenos Aires, Rep\u00fablica Argentina. Contenido propio originado por periodistas de CELTTV, el canal de TV local de la Cooperativa El\u00e9ctrica de Tornquist. Turismo, Pol\u00edtica, Sociedad, Deporte, Cultura y todo el contenido de inter\u00e9s general que la gente del pueblo y la regi\u00f3n debe conocer.\" \/>\n<meta name=\"robots\" content=\"index, follow, max-snippet:-1, max-image-preview:large, max-video-preview:-1\" \/>\n<link rel=\"canonical\" href=\"https:\/\/www.celttv.com.ar\/index.php\/2020\/11\/16\/agradecimiento-de-meraki-regionales-tras-el-exitoso-1er-paseo-de-productores-y-artesanos-de-tornquist\/\" \/>\n<meta property=\"og:locale\" content=\"es_ES\" \/>\n<meta property=\"og:type\" content=\"article\" \/>\n<meta property=\"og:title\" content=\"Agradecimiento de Meraki Regionales tras el exitoso 1er. Paseo de Productores y Artesanos de Tornquist - CELTTV\" \/>\n<meta property=\"og:description\" content=\"Sitio web de noticias de la localidad de Tornquist, provincia de Buenos Aires, Rep\u00fablica Argentina. Contenido propio originado por periodistas de CELTTV, el canal de TV local de la Cooperativa El\u00e9ctrica de Tornquist. Turismo, Pol\u00edtica, Sociedad, Deporte, Cultura y todo el contenido de inter\u00e9s general que la gente del pueblo y la regi\u00f3n debe conocer.\" \/>\n<meta property=\"og:url\" content=\"https:\/\/www.celttv.com.ar\/index.php\/2020\/11\/16\/agradecimiento-de-meraki-regionales-tras-el-exitoso-1er-paseo-de-productores-y-artesanos-de-tornquist\/\" \/>\n<meta property=\"og:site_name\" content=\"CELTTV\" \/>\n<meta property=\"article:publisher\" content=\"https:\/\/www.facebook.com\/celtTV\/\" \/>\n<meta property=\"article:published_time\" content=\"2020-11-16T20:42:22+00:00\" \/>\n<meta property=\"og:image\" content=\"https:\/\/www.celttv.com.ar\/wp-content\/uploads\/2020\/11\/IMG_6199-Medium-1.jpg\" \/>\n\t<meta property=\"og:image:width\" content=\"1152\" \/>\n\t<meta property=\"og:image:height\" content=\"768\" \/>\n\t<meta property=\"og:image:type\" content=\"image\/jpeg\" \/>\n<meta name=\"author\" content=\"ulises\" \/>\n<meta name=\"twitter:card\" content=\"summary_large_image\" \/>\n<meta name=\"twitter:label1\" content=\"Escrito por\" \/>\n\t<meta name=\"twitter:data1\" content=\"ulises\" \/>\n\t<meta name=\"twitter:label2\" content=\"Tiempo de lectura\" \/>\n\t<meta name=\"twitter:data2\" content=\"2 minutos\" \/>\n<script type=\"application\/ld+json\" class=\"yoast-schema-graph\">{\"@context\":\"https:\/\/schema.org\",\"@graph\":[{\"@type\":\"NewsArticle\",\"@id\":\"https:\/\/www.celttv.com.ar\/index.php\/2020\/11\/16\/agradecimiento-de-meraki-regionales-tras-el-exitoso-1er-paseo-de-productores-y-artesanos-de-tornquist\/#article\",\"isPartOf\":{\"@id\":\"https:\/\/www.celttv.com.ar\/index.php\/2020\/11\/16\/agradecimiento-de-meraki-regionales-tras-el-exitoso-1er-paseo-de-productores-y-artesanos-de-tornquist\/\"},\"author\":{\"name\":\"ulises\",\"@id\":\"https:\/\/www.celttv.com.ar\/#\/schema\/person\/6d99c072dba59953809c81446e9d0ace\"},\"headline\":\"Agradecimiento de Meraki Regionales tras el exitoso 1er. Paseo de Productores y Artesanos de Tornquist\",\"datePublished\":\"2020-11-16T20:42:22+00:00\",\"dateModified\":\"2020-11-16T20:42:22+00:00\",\"mainEntityOfPage\":{\"@id\":\"https:\/\/www.celttv.com.ar\/index.php\/2020\/11\/16\/agradecimiento-de-meraki-regionales-tras-el-exitoso-1er-paseo-de-productores-y-artesanos-de-tornquist\/\"},\"wordCount\":473,\"publisher\":{\"@id\":\"https:\/\/www.celttv.com.ar\/#organization\"},\"articleSection\":[\"Comunidad\",\"Destacadas\",\"Producci\u00f3n y Medio Ambiente\"],\"inLanguage\":\"es\"},{\"@type\":\"WebPage\",\"@id\":\"https:\/\/www.celttv.com.ar\/index.php\/2020\/11\/16\/agradecimiento-de-meraki-regionales-tras-el-exitoso-1er-paseo-de-productores-y-artesanos-de-tornquist\/\",\"url\":\"https:\/\/www.celttv.com.ar\/index.php\/2020\/11\/16\/agradecimiento-de-meraki-regionales-tras-el-exitoso-1er-paseo-de-productores-y-artesanos-de-tornquist\/\",\"name\":\"Agradecimiento de Meraki Regionales tras el exitoso 1er. Paseo de Productores y Artesanos de Tornquist - CELTTV\",\"isPartOf\":{\"@id\":\"https:\/\/www.celttv.com.ar\/#website\"},\"datePublished\":\"2020-11-16T20:42:22+00:00\",\"dateModified\":\"2020-11-16T20:42:22+00:00\",\"description\":\"Sitio web de noticias de la localidad de Tornquist, provincia de Buenos Aires, Rep\u00fablica Argentina. Contenido propio originado por periodistas de CELTTV, el canal de TV local de la Cooperativa El\u00e9ctrica de Tornquist. Turismo, Pol\u00edtica, Sociedad, Deporte, Cultura y todo el contenido de inter\u00e9s general que la gente del pueblo y la regi\u00f3n debe conocer.\",\"breadcrumb\":{\"@id\":\"https:\/\/www.celttv.com.ar\/index.php\/2020\/11\/16\/agradecimiento-de-meraki-regionales-tras-el-exitoso-1er-paseo-de-productores-y-artesanos-de-tornquist\/#breadcrumb\"},\"inLanguage\":\"es\",\"potentialAction\":[{\"@type\":\"ReadAction\",\"target\":[\"https:\/\/www.celttv.com.ar\/index.php\/2020\/11\/16\/agradecimiento-de-meraki-regionales-tras-el-exitoso-1er-paseo-de-productores-y-artesanos-de-tornquist\/\"]}]},{\"@type\":\"BreadcrumbList\",\"@id\":\"https:\/\/www.celttv.com.ar\/index.php\/2020\/11\/16\/agradecimiento-de-meraki-regionales-tras-el-exitoso-1er-paseo-de-productores-y-artesanos-de-tornquist\/#breadcrumb\",\"itemListElement\":[{\"@type\":\"ListItem\",\"position\":1,\"name\":\"Inicio\",\"item\":\"https:\/\/www.celttv.com.ar\/\"},{\"@type\":\"ListItem\",\"position\":2,\"name\":\"Agradecimiento de Meraki Regionales tras el exitoso 1er. Paseo de Productores y Artesanos de Tornquist\"}]},{\"@type\":\"WebSite\",\"@id\":\"https:\/\/www.celttv.com.ar\/#website\",\"url\":\"https:\/\/www.celttv.com.ar\/\",\"name\":\"CELTTV\",\"description\":\"Cooperativa El\u00e9ctrica de Tornquist\",\"publisher\":{\"@id\":\"https:\/\/www.celttv.com.ar\/#organization\"},\"potentialAction\":[{\"@type\":\"SearchAction\",\"target\":{\"@type\":\"EntryPoint\",\"urlTemplate\":\"https:\/\/www.celttv.com.ar\/?s={search_term_string}\"},\"query-input\":\"required name=search_term_string\"}],\"inLanguage\":\"es\"},{\"@type\":\"Organization\",\"@id\":\"https:\/\/www.celttv.com.ar\/#organization\",\"name\":\"CELTTV\",\"url\":\"https:\/\/www.celttv.com.ar\/\",\"sameAs\":[\"https:\/\/www.youtube.com\/channel\/UCz_oIt8Hig64Ub-EmcNPIhg\",\"https:\/\/www.facebook.com\/celtTV\/\"],\"logo\":{\"@type\":\"ImageObject\",\"inLanguage\":\"es\",\"@id\":\"https:\/\/www.celttv.com.ar\/#\/schema\/logo\/image\/\",\"url\":\"http:\/\/www.celttv.com.ar\/wp-content\/uploads\/2022\/08\/logo-1.png\",\"contentUrl\":\"http:\/\/www.celttv.com.ar\/wp-content\/uploads\/2022\/08\/logo-1.png\",\"width\":461,\"height\":159,\"caption\":\"CELTTV\"},\"image\":{\"@id\":\"https:\/\/www.celttv.com.ar\/#\/schema\/logo\/image\/\"}},{\"@type\":\"Person\",\"@id\":\"https:\/\/www.celttv.com.ar\/#\/schema\/person\/6d99c072dba59953809c81446e9d0ace\",\"name\":\"ulises\",\"image\":{\"@type\":\"ImageObject\",\"inLanguage\":\"es\",\"@id\":\"https:\/\/www.celttv.com.ar\/#\/schema\/person\/image\/\",\"url\":\"https:\/\/secure.gravatar.com\/avatar\/7f2c48bdc33b30088f941fb6082e555f2874c98e20cb159d7b92b50eadfce793?s=96&d=mm&r=g\",\"contentUrl\":\"https:\/\/secure.gravatar.com\/avatar\/7f2c48bdc33b30088f941fb6082e555f2874c98e20cb159d7b92b50eadfce793?s=96&d=mm&r=g\",\"caption\":\"ulises\"},\"sameAs\":[\"http:\/\/www.celttv.com.ar\"]}]}<\/script>\n<!-- \/ Yoast SEO plugin. -->","yoast_head_json":{"title":"Agradecimiento de Meraki Regionales tras el exitoso 1er. Paseo de Productores y Artesanos de Tornquist - CELTTV","description":"Sitio web de noticias de la localidad de Tornquist, provincia de Buenos Aires, Rep\u00fablica Argentina. Contenido propio originado por periodistas de CELTTV, el canal de TV local de la Cooperativa El\u00e9ctrica de Tornquist. Turismo, Pol\u00edtica, Sociedad, Deporte, Cultura y todo el contenido de inter\u00e9s general que la gente del pueblo y la regi\u00f3n debe conocer.","robots":{"index":"index","follow":"follow","max-snippet":"max-snippet:-1","max-image-preview":"max-image-preview:large","max-video-preview":"max-video-preview:-1"},"canonical":"https:\/\/www.celttv.com.ar\/index.php\/2020\/11\/16\/agradecimiento-de-meraki-regionales-tras-el-exitoso-1er-paseo-de-productores-y-artesanos-de-tornquist\/","og_locale":"es_ES","og_type":"article","og_title":"Agradecimiento de Meraki Regionales tras el exitoso 1er. Paseo de Productores y Artesanos de Tornquist - CELTTV","og_description":"Sitio web de noticias de la localidad de Tornquist, provincia de Buenos Aires, Rep\u00fablica Argentina. Contenido propio originado por periodistas de CELTTV, el canal de TV local de la Cooperativa El\u00e9ctrica de Tornquist. Turismo, Pol\u00edtica, Sociedad, Deporte, Cultura y todo el contenido de inter\u00e9s general que la gente del pueblo y la regi\u00f3n debe conocer.","og_url":"https:\/\/www.celttv.com.ar\/index.php\/2020\/11\/16\/agradecimiento-de-meraki-regionales-tras-el-exitoso-1er-paseo-de-productores-y-artesanos-de-tornquist\/","og_site_name":"CELTTV","article_publisher":"https:\/\/www.facebook.com\/celtTV\/","article_published_time":"2020-11-16T20:42:22+00:00","og_image":[{"width":1152,"height":768,"url":"https:\/\/www.celttv.com.ar\/wp-content\/uploads\/2020\/11\/IMG_6199-Medium-1.jpg","type":"image\/jpeg"}],"author":"ulises","twitter_card":"summary_large_image","twitter_misc":{"Escrito por":"ulises","Tiempo de lectura":"2 minutos"},"schema":{"@context":"https:\/\/schema.org","@graph":[{"@type":"NewsArticle","@id":"https:\/\/www.celttv.com.ar\/index.php\/2020\/11\/16\/agradecimiento-de-meraki-regionales-tras-el-exitoso-1er-paseo-de-productores-y-artesanos-de-tornquist\/#article","isPartOf":{"@id":"https:\/\/www.celttv.com.ar\/index.php\/2020\/11\/16\/agradecimiento-de-meraki-regionales-tras-el-exitoso-1er-paseo-de-productores-y-artesanos-de-tornquist\/"},"author":{"name":"ulises","@id":"https:\/\/www.celttv.com.ar\/#\/schema\/person\/6d99c072dba59953809c81446e9d0ace"},"headline":"Agradecimiento de Meraki Regionales tras el exitoso 1er. Paseo de Productores y Artesanos de Tornquist","datePublished":"2020-11-16T20:42:22+00:00","dateModified":"2020-11-16T20:42:22+00:00","mainEntityOfPage":{"@id":"https:\/\/www.celttv.com.ar\/index.php\/2020\/11\/16\/agradecimiento-de-meraki-regionales-tras-el-exitoso-1er-paseo-de-productores-y-artesanos-de-tornquist\/"},"wordCount":473,"publisher":{"@id":"https:\/\/www.celttv.com.ar\/#organization"},"articleSection":["Comunidad","Destacadas","Producci\u00f3n y Medio Ambiente"],"inLanguage":"es"},{"@type":"WebPage","@id":"https:\/\/www.celttv.com.ar\/index.php\/2020\/11\/16\/agradecimiento-de-meraki-regionales-tras-el-exitoso-1er-paseo-de-productores-y-artesanos-de-tornquist\/","url":"https:\/\/www.celttv.com.ar\/index.php\/2020\/11\/16\/agradecimiento-de-meraki-regionales-tras-el-exitoso-1er-paseo-de-productores-y-artesanos-de-tornquist\/","name":"Agradecimiento de Meraki Regionales tras el exitoso 1er. Paseo de Productores y Artesanos de Tornquist - CELTTV","isPartOf":{"@id":"https:\/\/www.celttv.com.ar\/#website"},"datePublished":"2020-11-16T20:42:22+00:00","dateModified":"2020-11-16T20:42:22+00:00","description":"Sitio web de noticias de la localidad de Tornquist, provincia de Buenos Aires, Rep\u00fablica Argentina. Contenido propio originado por periodistas de CELTTV, el canal de TV local de la Cooperativa El\u00e9ctrica de Tornquist. Turismo, Pol\u00edtica, Sociedad, Deporte, Cultura y todo el contenido de inter\u00e9s general que la gente del pueblo y la regi\u00f3n debe conocer.","breadcrumb":{"@id":"https:\/\/www.celttv.com.ar\/index.php\/2020\/11\/16\/agradecimiento-de-meraki-regionales-tras-el-exitoso-1er-paseo-de-productores-y-artesanos-de-tornquist\/#breadcrumb"},"inLanguage":"es","potentialAction":[{"@type":"ReadAction","target":["https:\/\/www.celttv.com.ar\/index.php\/2020\/11\/16\/agradecimiento-de-meraki-regionales-tras-el-exitoso-1er-paseo-de-productores-y-artesanos-de-tornquist\/"]}]},{"@type":"BreadcrumbList","@id":"https:\/\/www.celttv.com.ar\/index.php\/2020\/11\/16\/agradecimiento-de-meraki-regionales-tras-el-exitoso-1er-paseo-de-productores-y-artesanos-de-tornquist\/#breadcrumb","itemListElement":[{"@type":"ListItem","position":1,"name":"Inicio","item":"https:\/\/www.celttv.com.ar\/"},{"@type":"ListItem","position":2,"name":"Agradecimiento de Meraki Regionales tras el exitoso 1er. Paseo de Productores y Artesanos de Tornquist"}]},{"@type":"WebSite","@id":"https:\/\/www.celttv.com.ar\/#website","url":"https:\/\/www.celttv.com.ar\/","name":"CELTTV","description":"Cooperativa El\u00e9ctrica de Tornquist","publisher":{"@id":"https:\/\/www.celttv.com.ar\/#organization"},"potentialAction":[{"@type":"SearchAction","target":{"@type":"EntryPoint","urlTemplate":"https:\/\/www.celttv.com.ar\/?s={search_term_string}"},"query-input":"required name=search_term_string"}],"inLanguage":"es"},{"@type":"Organization","@id":"https:\/\/www.celttv.com.ar\/#organization","name":"CELTTV","url":"https:\/\/www.celttv.com.ar\/","sameAs":["https:\/\/www.youtube.com\/channel\/UCz_oIt8Hig64Ub-EmcNPIhg","https:\/\/www.facebook.com\/celtTV\/"],"logo":{"@type":"ImageObject","inLanguage":"es","@id":"https:\/\/www.celttv.com.ar\/#\/schema\/logo\/image\/","url":"http:\/\/www.celttv.com.ar\/wp-content\/uploads\/2022\/08\/logo-1.png","contentUrl":"http:\/\/www.celttv.com.ar\/wp-content\/uploads\/2022\/08\/logo-1.png","width":461,"height":159,"caption":"CELTTV"},"image":{"@id":"https:\/\/www.celttv.com.ar\/#\/schema\/logo\/image\/"}},{"@type":"Person","@id":"https:\/\/www.celttv.com.ar\/#\/schema\/person\/6d99c072dba59953809c81446e9d0ace","name":"ulises","image":{"@type":"ImageObject","inLanguage":"es","@id":"https:\/\/www.celttv.com.ar\/#\/schema\/person\/image\/","url":"https:\/\/secure.gravatar.com\/avatar\/7f2c48bdc33b30088f941fb6082e555f2874c98e20cb159d7b92b50eadfce793?s=96&d=mm&r=g","contentUrl":"https:\/\/secure.gravatar.com\/avatar\/7f2c48bdc33b30088f941fb6082e555f2874c98e20cb159d7b92b50eadfce793?s=96&d=mm&r=g","caption":"ulises"},"sameAs":["http:\/\/www.celttv.com.ar"]}]}},"_links":{"self":[{"href":"https:\/\/www.celttv.com.ar\/index.php\/wp-json\/wp\/v2\/posts\/53462","targetHints":{"allow":["GET"]}}],"collection":[{"href":"https:\/\/www.celttv.com.ar\/index.php\/wp-json\/wp\/v2\/posts"}],"about":[{"href":"https:\/\/www.celttv.com.ar\/index.php\/wp-json\/wp\/v2\/types\/post"}],"author":[{"embeddable":true,"href":"https:\/\/www.celttv.com.ar\/index.php\/wp-json\/wp\/v2\/users\/1"}],"replies":[{"embeddable":true,"href":"https:\/\/www.celttv.com.ar\/index.php\/wp-json\/wp\/v2\/comments?post=53462"}],"version-history":[{"count":0,"href":"https:\/\/www.celttv.com.ar\/index.php\/wp-json\/wp\/v2\/posts\/53462\/revisions"}],"wp:featuredmedia":[{"embeddable":true,"href":"https:\/\/www.celttv.com.ar\/index.php\/wp-json\/wp\/v2\/media\/53463"}],"wp:attachment":[{"href":"https:\/\/www.celttv.com.ar\/index.php\/wp-json\/wp\/v2\/media?parent=53462"}],"wp:term":[{"taxonomy":"category","embeddable":true,"href":"https:\/\/www.celttv.com.ar\/index.php\/wp-json\/wp\/v2\/categories?post=53462"},{"taxonomy":"post_tag","embeddable":true,"href":"https:\/\/www.celttv.com.ar\/index.php\/wp-json\/wp\/v2\/tags?post=53462"}],"curies":[{"name":"wp","href":"https:\/\/api.w.org\/{rel}","templated":true}]}}