{"id":53471,"date":"2020-11-17T03:02:50","date_gmt":"2020-11-17T03:02:50","guid":{"rendered":"http:\/\/www.celttv.com.ar\/?p=53471"},"modified":"2020-11-17T03:02:50","modified_gmt":"2020-11-17T03:02:50","slug":"el-miercoles-18-a-las-18hs-caravana-federal-por-el-aborto-legal-2020-en-la-plazoleta-del-banco-rojo-de-sierra-de-la-ventana","status":"publish","type":"post","link":"https:\/\/www.celttv.com.ar\/index.php\/2020\/11\/17\/el-miercoles-18-a-las-18hs-caravana-federal-por-el-aborto-legal-2020-en-la-plazoleta-del-banco-rojo-de-sierra-de-la-ventana\/","title":{"rendered":"El mi\u00e9rcoles 18 a las 18hs CARAVANA FEDERAL por el \u00a0ABORTO LEGAL 2020 en la plazoleta del \u00a0Banco Rojo de Sierra de la Ventana."},"content":{"rendered":"<p style=\"font-weight: 400;\">El mi\u00e9rcoles 18 a las 18hs (puntual por favor) CARAVANA FEDERAL por el \u00a0ABORTOLEGAL 2020 en la plazoleta del \u00a0Banco Rojo de Sierra de la Ventana.<\/p>\n<p style=\"font-weight: 400;\">HAREMOS LEY LA LUCHA POR NUESTRA AUTONOM\u00cdA.<\/p>\n<p style=\"font-weight: 400;\">Se viene. Ten\u00e9s que estar \u00a1Form\u00e1 parte de la historia!<\/p>\n<p style=\"font-weight: 400;\">Sumate con tu bicicleta, auto, patines, skate, etc.<\/p>\n<p style=\"font-weight: 400;\">Es Salud. Es Derecho. Es Historia.<\/p>\n<p style=\"font-weight: 400;\">\n<p style=\"font-weight: 400;\">ES AHORA.\u00a0 ES URGENTE<\/p>\n<p style=\"font-weight: 400;\">\n<p style=\"font-weight: 400;\"><strong>IMPORTANTE:\u00a0<\/strong>Record\u00e1 traer tu barbijo cubriendo boca y nariz, alcohol en gel y mantener el distanciamiento social. Si ten\u00e9s s\u00edintomas compatibles con COVID-19 no concurras, a\u00edslate y comunicate a la salita<\/p>\n<p>&nbsp;<\/p>\n","protected":false},"excerpt":{"rendered":"<p>El mi\u00e9rcoles 18 a las 18hs (puntual por favor) CARAVANA FEDERAL por el \u00a0ABORTOLEGAL 2020 en la plazoleta del \u00a0Banco Rojo de Sierra de la Ventana. HAREMOS LEY LA LUCHA POR NUESTRA AUTONOM\u00cdA. Se viene. Ten\u00e9s que estar \u00a1Form\u00e1 parte de la historia! Sumate con tu bicicleta, auto, patines, skate, etc. Es Salud. Es Derecho. [&hellip;]<\/p>\n","protected":false},"author":1,"featured_media":53472,"comment_status":"closed","ping_status":"open","sticky":false,"template":"","format":"standard","meta":{"footnotes":""},"categories":[51],"tags":[],"class_list":["post-53471","post","type-post","status-publish","format-standard","has-post-thumbnail","hentry","category-comunidad"],"yoast_head":"<!-- This site is optimized with the Yoast SEO plugin v19.7.1 - https:\/\/yoast.com\/wordpress\/plugins\/seo\/ -->\n<title>El mi\u00e9rcoles 18 a las 18hs CARAVANA FEDERAL por el \u00a0ABORTO LEGAL 2020 en la plazoleta del \u00a0Banco Rojo de Sierra de la Ventana. - CELTTV<\/title>\n<meta name=\"description\" content=\"Sitio web de noticias de la localidad de Tornquist, provincia de Buenos Aires, Rep\u00fablica Argentina. Contenido propio originado por periodistas de CELTTV, el canal de TV local de la Cooperativa El\u00e9ctrica de Tornquist. Turismo, Pol\u00edtica, Sociedad, Deporte, Cultura y todo el contenido de inter\u00e9s general que la gente del pueblo y la regi\u00f3n debe conocer.\" \/>\n<meta name=\"robots\" content=\"index, follow, max-snippet:-1, max-image-preview:large, max-video-preview:-1\" \/>\n<link rel=\"canonical\" href=\"https:\/\/www.celttv.com.ar\/index.php\/2020\/11\/17\/el-miercoles-18-a-las-18hs-caravana-federal-por-el-aborto-legal-2020-en-la-plazoleta-del-banco-rojo-de-sierra-de-la-ventana\/\" \/>\n<meta property=\"og:locale\" content=\"es_ES\" \/>\n<meta property=\"og:type\" content=\"article\" \/>\n<meta property=\"og:title\" content=\"El mi\u00e9rcoles 18 a las 18hs CARAVANA FEDERAL por el \u00a0ABORTO LEGAL 2020 en la plazoleta del \u00a0Banco Rojo de Sierra de la Ventana. - CELTTV\" \/>\n<meta property=\"og:description\" content=\"Sitio web de noticias de la localidad de Tornquist, provincia de Buenos Aires, Rep\u00fablica Argentina. Contenido propio originado por periodistas de CELTTV, el canal de TV local de la Cooperativa El\u00e9ctrica de Tornquist. Turismo, Pol\u00edtica, Sociedad, Deporte, Cultura y todo el contenido de inter\u00e9s general que la gente del pueblo y la regi\u00f3n debe conocer.\" \/>\n<meta property=\"og:url\" content=\"https:\/\/www.celttv.com.ar\/index.php\/2020\/11\/17\/el-miercoles-18-a-las-18hs-caravana-federal-por-el-aborto-legal-2020-en-la-plazoleta-del-banco-rojo-de-sierra-de-la-ventana\/\" \/>\n<meta property=\"og:site_name\" content=\"CELTTV\" \/>\n<meta property=\"article:publisher\" content=\"https:\/\/www.facebook.com\/celtTV\/\" \/>\n<meta property=\"article:published_time\" content=\"2020-11-17T03:02:50+00:00\" \/>\n<meta property=\"og:image\" content=\"https:\/\/www.celttv.com.ar\/wp-content\/uploads\/2020\/11\/mujeres-Medium.png\" \/>\n\t<meta property=\"og:image:width\" content=\"864\" \/>\n\t<meta property=\"og:image:height\" content=\"768\" \/>\n\t<meta property=\"og:image:type\" content=\"image\/png\" \/>\n<meta name=\"author\" content=\"ulises\" \/>\n<meta name=\"twitter:card\" content=\"summary_large_image\" \/>\n<meta name=\"twitter:label1\" content=\"Escrito por\" \/>\n\t<meta name=\"twitter:data1\" content=\"ulises\" \/>\n<script type=\"application\/ld+json\" class=\"yoast-schema-graph\">{\"@context\":\"https:\/\/schema.org\",\"@graph\":[{\"@type\":\"NewsArticle\",\"@id\":\"https:\/\/www.celttv.com.ar\/index.php\/2020\/11\/17\/el-miercoles-18-a-las-18hs-caravana-federal-por-el-aborto-legal-2020-en-la-plazoleta-del-banco-rojo-de-sierra-de-la-ventana\/#article\",\"isPartOf\":{\"@id\":\"https:\/\/www.celttv.com.ar\/index.php\/2020\/11\/17\/el-miercoles-18-a-las-18hs-caravana-federal-por-el-aborto-legal-2020-en-la-plazoleta-del-banco-rojo-de-sierra-de-la-ventana\/\"},\"author\":{\"name\":\"ulises\",\"@id\":\"https:\/\/www.celttv.com.ar\/#\/schema\/person\/6d99c072dba59953809c81446e9d0ace\"},\"headline\":\"El mi\u00e9rcoles 18 a las 18hs CARAVANA FEDERAL por el \u00a0ABORTO LEGAL 2020 en la plazoleta del \u00a0Banco Rojo de Sierra de la Ventana.\",\"datePublished\":\"2020-11-17T03:02:50+00:00\",\"dateModified\":\"2020-11-17T03:02:50+00:00\",\"mainEntityOfPage\":{\"@id\":\"https:\/\/www.celttv.com.ar\/index.php\/2020\/11\/17\/el-miercoles-18-a-las-18hs-caravana-federal-por-el-aborto-legal-2020-en-la-plazoleta-del-banco-rojo-de-sierra-de-la-ventana\/\"},\"wordCount\":120,\"publisher\":{\"@id\":\"https:\/\/www.celttv.com.ar\/#organization\"},\"articleSection\":[\"Comunidad\"],\"inLanguage\":\"es\"},{\"@type\":\"WebPage\",\"@id\":\"https:\/\/www.celttv.com.ar\/index.php\/2020\/11\/17\/el-miercoles-18-a-las-18hs-caravana-federal-por-el-aborto-legal-2020-en-la-plazoleta-del-banco-rojo-de-sierra-de-la-ventana\/\",\"url\":\"https:\/\/www.celttv.com.ar\/index.php\/2020\/11\/17\/el-miercoles-18-a-las-18hs-caravana-federal-por-el-aborto-legal-2020-en-la-plazoleta-del-banco-rojo-de-sierra-de-la-ventana\/\",\"name\":\"El mi\u00e9rcoles 18 a las 18hs CARAVANA FEDERAL por el \u00a0ABORTO LEGAL 2020 en la plazoleta del \u00a0Banco Rojo de Sierra de la Ventana. - CELTTV\",\"isPartOf\":{\"@id\":\"https:\/\/www.celttv.com.ar\/#website\"},\"datePublished\":\"2020-11-17T03:02:50+00:00\",\"dateModified\":\"2020-11-17T03:02:50+00:00\",\"description\":\"Sitio web de noticias de la localidad de Tornquist, provincia de Buenos Aires, Rep\u00fablica Argentina. Contenido propio originado por periodistas de CELTTV, el canal de TV local de la Cooperativa El\u00e9ctrica de Tornquist. Turismo, Pol\u00edtica, Sociedad, Deporte, Cultura y todo el contenido de inter\u00e9s general que la gente del pueblo y la regi\u00f3n debe conocer.\",\"breadcrumb\":{\"@id\":\"https:\/\/www.celttv.com.ar\/index.php\/2020\/11\/17\/el-miercoles-18-a-las-18hs-caravana-federal-por-el-aborto-legal-2020-en-la-plazoleta-del-banco-rojo-de-sierra-de-la-ventana\/#breadcrumb\"},\"inLanguage\":\"es\",\"potentialAction\":[{\"@type\":\"ReadAction\",\"target\":[\"https:\/\/www.celttv.com.ar\/index.php\/2020\/11\/17\/el-miercoles-18-a-las-18hs-caravana-federal-por-el-aborto-legal-2020-en-la-plazoleta-del-banco-rojo-de-sierra-de-la-ventana\/\"]}]},{\"@type\":\"BreadcrumbList\",\"@id\":\"https:\/\/www.celttv.com.ar\/index.php\/2020\/11\/17\/el-miercoles-18-a-las-18hs-caravana-federal-por-el-aborto-legal-2020-en-la-plazoleta-del-banco-rojo-de-sierra-de-la-ventana\/#breadcrumb\",\"itemListElement\":[{\"@type\":\"ListItem\",\"position\":1,\"name\":\"Inicio\",\"item\":\"https:\/\/www.celttv.com.ar\/\"},{\"@type\":\"ListItem\",\"position\":2,\"name\":\"El mi\u00e9rcoles 18 a las 18hs CARAVANA FEDERAL por el \u00a0ABORTO LEGAL 2020 en la plazoleta del \u00a0Banco Rojo de Sierra de la Ventana.\"}]},{\"@type\":\"WebSite\",\"@id\":\"https:\/\/www.celttv.com.ar\/#website\",\"url\":\"https:\/\/www.celttv.com.ar\/\",\"name\":\"CELTTV\",\"description\":\"Cooperativa El\u00e9ctrica de Tornquist\",\"publisher\":{\"@id\":\"https:\/\/www.celttv.com.ar\/#organization\"},\"potentialAction\":[{\"@type\":\"SearchAction\",\"target\":{\"@type\":\"EntryPoint\",\"urlTemplate\":\"https:\/\/www.celttv.com.ar\/?s={search_term_string}\"},\"query-input\":\"required name=search_term_string\"}],\"inLanguage\":\"es\"},{\"@type\":\"Organization\",\"@id\":\"https:\/\/www.celttv.com.ar\/#organization\",\"name\":\"CELTTV\",\"url\":\"https:\/\/www.celttv.com.ar\/\",\"sameAs\":[\"https:\/\/www.youtube.com\/channel\/UCz_oIt8Hig64Ub-EmcNPIhg\",\"https:\/\/www.facebook.com\/celtTV\/\"],\"logo\":{\"@type\":\"ImageObject\",\"inLanguage\":\"es\",\"@id\":\"https:\/\/www.celttv.com.ar\/#\/schema\/logo\/image\/\",\"url\":\"http:\/\/www.celttv.com.ar\/wp-content\/uploads\/2022\/08\/logo-1.png\",\"contentUrl\":\"http:\/\/www.celttv.com.ar\/wp-content\/uploads\/2022\/08\/logo-1.png\",\"width\":461,\"height\":159,\"caption\":\"CELTTV\"},\"image\":{\"@id\":\"https:\/\/www.celttv.com.ar\/#\/schema\/logo\/image\/\"}},{\"@type\":\"Person\",\"@id\":\"https:\/\/www.celttv.com.ar\/#\/schema\/person\/6d99c072dba59953809c81446e9d0ace\",\"name\":\"ulises\",\"image\":{\"@type\":\"ImageObject\",\"inLanguage\":\"es\",\"@id\":\"https:\/\/www.celttv.com.ar\/#\/schema\/person\/image\/\",\"url\":\"https:\/\/secure.gravatar.com\/avatar\/7f2c48bdc33b30088f941fb6082e555f2874c98e20cb159d7b92b50eadfce793?s=96&d=mm&r=g\",\"contentUrl\":\"https:\/\/secure.gravatar.com\/avatar\/7f2c48bdc33b30088f941fb6082e555f2874c98e20cb159d7b92b50eadfce793?s=96&d=mm&r=g\",\"caption\":\"ulises\"},\"sameAs\":[\"http:\/\/www.celttv.com.ar\"]}]}<\/script>\n<!-- \/ Yoast SEO plugin. -->","yoast_head_json":{"title":"El mi\u00e9rcoles 18 a las 18hs CARAVANA FEDERAL por el \u00a0ABORTO LEGAL 2020 en la plazoleta del \u00a0Banco Rojo de Sierra de la Ventana. - CELTTV","description":"Sitio web de noticias de la localidad de Tornquist, provincia de Buenos Aires, Rep\u00fablica Argentina. Contenido propio originado por periodistas de CELTTV, el canal de TV local de la Cooperativa El\u00e9ctrica de Tornquist. Turismo, Pol\u00edtica, Sociedad, Deporte, Cultura y todo el contenido de inter\u00e9s general que la gente del pueblo y la regi\u00f3n debe conocer.","robots":{"index":"index","follow":"follow","max-snippet":"max-snippet:-1","max-image-preview":"max-image-preview:large","max-video-preview":"max-video-preview:-1"},"canonical":"https:\/\/www.celttv.com.ar\/index.php\/2020\/11\/17\/el-miercoles-18-a-las-18hs-caravana-federal-por-el-aborto-legal-2020-en-la-plazoleta-del-banco-rojo-de-sierra-de-la-ventana\/","og_locale":"es_ES","og_type":"article","og_title":"El mi\u00e9rcoles 18 a las 18hs CARAVANA FEDERAL por el \u00a0ABORTO LEGAL 2020 en la plazoleta del \u00a0Banco Rojo de Sierra de la Ventana. - CELTTV","og_description":"Sitio web de noticias de la localidad de Tornquist, provincia de Buenos Aires, Rep\u00fablica Argentina. Contenido propio originado por periodistas de CELTTV, el canal de TV local de la Cooperativa El\u00e9ctrica de Tornquist. Turismo, Pol\u00edtica, Sociedad, Deporte, Cultura y todo el contenido de inter\u00e9s general que la gente del pueblo y la regi\u00f3n debe conocer.","og_url":"https:\/\/www.celttv.com.ar\/index.php\/2020\/11\/17\/el-miercoles-18-a-las-18hs-caravana-federal-por-el-aborto-legal-2020-en-la-plazoleta-del-banco-rojo-de-sierra-de-la-ventana\/","og_site_name":"CELTTV","article_publisher":"https:\/\/www.facebook.com\/celtTV\/","article_published_time":"2020-11-17T03:02:50+00:00","og_image":[{"width":864,"height":768,"url":"https:\/\/www.celttv.com.ar\/wp-content\/uploads\/2020\/11\/mujeres-Medium.png","type":"image\/png"}],"author":"ulises","twitter_card":"summary_large_image","twitter_misc":{"Escrito por":"ulises"},"schema":{"@context":"https:\/\/schema.org","@graph":[{"@type":"NewsArticle","@id":"https:\/\/www.celttv.com.ar\/index.php\/2020\/11\/17\/el-miercoles-18-a-las-18hs-caravana-federal-por-el-aborto-legal-2020-en-la-plazoleta-del-banco-rojo-de-sierra-de-la-ventana\/#article","isPartOf":{"@id":"https:\/\/www.celttv.com.ar\/index.php\/2020\/11\/17\/el-miercoles-18-a-las-18hs-caravana-federal-por-el-aborto-legal-2020-en-la-plazoleta-del-banco-rojo-de-sierra-de-la-ventana\/"},"author":{"name":"ulises","@id":"https:\/\/www.celttv.com.ar\/#\/schema\/person\/6d99c072dba59953809c81446e9d0ace"},"headline":"El mi\u00e9rcoles 18 a las 18hs CARAVANA FEDERAL por el \u00a0ABORTO LEGAL 2020 en la plazoleta del \u00a0Banco Rojo de Sierra de la Ventana.","datePublished":"2020-11-17T03:02:50+00:00","dateModified":"2020-11-17T03:02:50+00:00","mainEntityOfPage":{"@id":"https:\/\/www.celttv.com.ar\/index.php\/2020\/11\/17\/el-miercoles-18-a-las-18hs-caravana-federal-por-el-aborto-legal-2020-en-la-plazoleta-del-banco-rojo-de-sierra-de-la-ventana\/"},"wordCount":120,"publisher":{"@id":"https:\/\/www.celttv.com.ar\/#organization"},"articleSection":["Comunidad"],"inLanguage":"es"},{"@type":"WebPage","@id":"https:\/\/www.celttv.com.ar\/index.php\/2020\/11\/17\/el-miercoles-18-a-las-18hs-caravana-federal-por-el-aborto-legal-2020-en-la-plazoleta-del-banco-rojo-de-sierra-de-la-ventana\/","url":"https:\/\/www.celttv.com.ar\/index.php\/2020\/11\/17\/el-miercoles-18-a-las-18hs-caravana-federal-por-el-aborto-legal-2020-en-la-plazoleta-del-banco-rojo-de-sierra-de-la-ventana\/","name":"El mi\u00e9rcoles 18 a las 18hs CARAVANA FEDERAL por el \u00a0ABORTO LEGAL 2020 en la plazoleta del \u00a0Banco Rojo de Sierra de la Ventana. - CELTTV","isPartOf":{"@id":"https:\/\/www.celttv.com.ar\/#website"},"datePublished":"2020-11-17T03:02:50+00:00","dateModified":"2020-11-17T03:02:50+00:00","description":"Sitio web de noticias de la localidad de Tornquist, provincia de Buenos Aires, Rep\u00fablica Argentina. Contenido propio originado por periodistas de CELTTV, el canal de TV local de la Cooperativa El\u00e9ctrica de Tornquist. Turismo, Pol\u00edtica, Sociedad, Deporte, Cultura y todo el contenido de inter\u00e9s general que la gente del pueblo y la regi\u00f3n debe conocer.","breadcrumb":{"@id":"https:\/\/www.celttv.com.ar\/index.php\/2020\/11\/17\/el-miercoles-18-a-las-18hs-caravana-federal-por-el-aborto-legal-2020-en-la-plazoleta-del-banco-rojo-de-sierra-de-la-ventana\/#breadcrumb"},"inLanguage":"es","potentialAction":[{"@type":"ReadAction","target":["https:\/\/www.celttv.com.ar\/index.php\/2020\/11\/17\/el-miercoles-18-a-las-18hs-caravana-federal-por-el-aborto-legal-2020-en-la-plazoleta-del-banco-rojo-de-sierra-de-la-ventana\/"]}]},{"@type":"BreadcrumbList","@id":"https:\/\/www.celttv.com.ar\/index.php\/2020\/11\/17\/el-miercoles-18-a-las-18hs-caravana-federal-por-el-aborto-legal-2020-en-la-plazoleta-del-banco-rojo-de-sierra-de-la-ventana\/#breadcrumb","itemListElement":[{"@type":"ListItem","position":1,"name":"Inicio","item":"https:\/\/www.celttv.com.ar\/"},{"@type":"ListItem","position":2,"name":"El mi\u00e9rcoles 18 a las 18hs CARAVANA FEDERAL por el \u00a0ABORTO LEGAL 2020 en la plazoleta del \u00a0Banco Rojo de Sierra de la Ventana."}]},{"@type":"WebSite","@id":"https:\/\/www.celttv.com.ar\/#website","url":"https:\/\/www.celttv.com.ar\/","name":"CELTTV","description":"Cooperativa El\u00e9ctrica de Tornquist","publisher":{"@id":"https:\/\/www.celttv.com.ar\/#organization"},"potentialAction":[{"@type":"SearchAction","target":{"@type":"EntryPoint","urlTemplate":"https:\/\/www.celttv.com.ar\/?s={search_term_string}"},"query-input":"required name=search_term_string"}],"inLanguage":"es"},{"@type":"Organization","@id":"https:\/\/www.celttv.com.ar\/#organization","name":"CELTTV","url":"https:\/\/www.celttv.com.ar\/","sameAs":["https:\/\/www.youtube.com\/channel\/UCz_oIt8Hig64Ub-EmcNPIhg","https:\/\/www.facebook.com\/celtTV\/"],"logo":{"@type":"ImageObject","inLanguage":"es","@id":"https:\/\/www.celttv.com.ar\/#\/schema\/logo\/image\/","url":"http:\/\/www.celttv.com.ar\/wp-content\/uploads\/2022\/08\/logo-1.png","contentUrl":"http:\/\/www.celttv.com.ar\/wp-content\/uploads\/2022\/08\/logo-1.png","width":461,"height":159,"caption":"CELTTV"},"image":{"@id":"https:\/\/www.celttv.com.ar\/#\/schema\/logo\/image\/"}},{"@type":"Person","@id":"https:\/\/www.celttv.com.ar\/#\/schema\/person\/6d99c072dba59953809c81446e9d0ace","name":"ulises","image":{"@type":"ImageObject","inLanguage":"es","@id":"https:\/\/www.celttv.com.ar\/#\/schema\/person\/image\/","url":"https:\/\/secure.gravatar.com\/avatar\/7f2c48bdc33b30088f941fb6082e555f2874c98e20cb159d7b92b50eadfce793?s=96&d=mm&r=g","contentUrl":"https:\/\/secure.gravatar.com\/avatar\/7f2c48bdc33b30088f941fb6082e555f2874c98e20cb159d7b92b50eadfce793?s=96&d=mm&r=g","caption":"ulises"},"sameAs":["http:\/\/www.celttv.com.ar"]}]}},"_links":{"self":[{"href":"https:\/\/www.celttv.com.ar\/index.php\/wp-json\/wp\/v2\/posts\/53471","targetHints":{"allow":["GET"]}}],"collection":[{"href":"https:\/\/www.celttv.com.ar\/index.php\/wp-json\/wp\/v2\/posts"}],"about":[{"href":"https:\/\/www.celttv.com.ar\/index.php\/wp-json\/wp\/v2\/types\/post"}],"author":[{"embeddable":true,"href":"https:\/\/www.celttv.com.ar\/index.php\/wp-json\/wp\/v2\/users\/1"}],"replies":[{"embeddable":true,"href":"https:\/\/www.celttv.com.ar\/index.php\/wp-json\/wp\/v2\/comments?post=53471"}],"version-history":[{"count":0,"href":"https:\/\/www.celttv.com.ar\/index.php\/wp-json\/wp\/v2\/posts\/53471\/revisions"}],"wp:featuredmedia":[{"embeddable":true,"href":"https:\/\/www.celttv.com.ar\/index.php\/wp-json\/wp\/v2\/media\/53472"}],"wp:attachment":[{"href":"https:\/\/www.celttv.com.ar\/index.php\/wp-json\/wp\/v2\/media?parent=53471"}],"wp:term":[{"taxonomy":"category","embeddable":true,"href":"https:\/\/www.celttv.com.ar\/index.php\/wp-json\/wp\/v2\/categories?post=53471"},{"taxonomy":"post_tag","embeddable":true,"href":"https:\/\/www.celttv.com.ar\/index.php\/wp-json\/wp\/v2\/tags?post=53471"}],"curies":[{"name":"wp","href":"https:\/\/api.w.org\/{rel}","templated":true}]}}