{"id":53487,"date":"2020-11-18T02:58:56","date_gmt":"2020-11-18T02:58:56","guid":{"rendered":"http:\/\/www.celttv.com.ar\/?p=53487"},"modified":"2020-11-18T02:58:56","modified_gmt":"2020-11-18T02:58:56","slug":"la-agrupacion-tornquist-habla-de-autismo-utilizo-la-banca-no-13-del-hcd","status":"publish","type":"post","link":"https:\/\/www.celttv.com.ar\/index.php\/2020\/11\/18\/la-agrupacion-tornquist-habla-de-autismo-utilizo-la-banca-no-13-del-hcd\/","title":{"rendered":"La Agrupaci\u00f3n &#8220;Tornquist Habla de Autismo&#8221; utiliz\u00f3 la Banca N\u00ba 13 del HCD"},"content":{"rendered":"<p>En la sesi\u00f3n ordinaria del HCD, la Agrupaci\u00f3n &#8220;Tornquist Habla de Autismo&#8221; utiliz\u00f3 la Banca N\u00ba 13, donde se\u00f1alaron que &#8220;quienes formamos parte de la Agrupaci\u00f3n Tornquist Habla de Autismo, deseamos que la\u00a0Ley\u00a0 Provincial N\u00ba 15.035 \u2013 que adhiere a la Ley Nacional N\u00ba 27.043 \u2013 referida al abordaje integral e interdisciplinario de las personas que presentan Trastornos del Espectro Autista (TEA).Ley de alcance Nacional pueda ponerse en pr\u00e1ctica en nuestro distrito, a trav\u00e9s de diversas capacitaciones brindadas por especialistas en el tema, a fin de proporcionarles conocimiento, informaci\u00f3n, herramientas, recursos y posibles modos de intervenci\u00f3n a todos los profesionales de la Salud y Educaci\u00f3n, ya que muchas veces son quienes detectan conductas at\u00edpicas en el desarrollo de los ni\u00f1os, lo cual permite la detecci\u00f3n temprana y la derivaci\u00f3n a especialistas en neurodesarrollo&#8221;.<\/p>\n<p>Camila Masseti y Marcela Urrutia (Agrupaci\u00f3n Tornquist Habla de Autismo), fueron quienes le dieron lectura a la siguiente misiva:<\/p>\n<p>&#8220;Tornquist habla de Autismo es una Agrupaci\u00f3n integrada por familias de ni\u00f1os con un Trastorno del Espectro Autista (TEA) y profesionales de la Salud y de la Educaci\u00f3n; que tiene como objetivo concientizar, brindar informaci\u00f3n y acompa\u00f1amiento a las familias, mejorar la calidad de vida de la persona con TEA o desaf\u00edos en el neurodesarrollo y su familia, concientizar sobre la importancia del respeto a la neurodiversidad, fomentar la construcci\u00f3n de Pol\u00edticas Sociales que nos incluyan y comprometan a todos, en la construcci\u00f3n de herramientas de detecci\u00f3n, diagn\u00f3stico, tratamiento temprano y convivencia, as\u00ed como tambi\u00e9n poder generar los apoyos adecuados para cada persona en particular respetando su perfil \u00fanico, sus desaf\u00edos, fortalezas y derechos.<\/p>\n<p>Esta Agrupaci\u00f3n se crea con el fin de poder generar una mayor concientizaci\u00f3n de la sociedad, brindando informaci\u00f3n y conocimiento y hablando de Autismo en todo nuestro distrito. Es as\u00ed como se han realizado diversas actividades en busca de este objetivo, las cuales tienen que ver con la realizaci\u00f3n de un mural en la Plaza Ernesto Tornquist con la participaci\u00f3n de la comunidad, la articulaci\u00f3n con el sistema educativo y una charla informativa con profesionales de PROATEA (Programa de Orientaci\u00f3n y Abordaje en Trastornos del Espectro del Autismo) perteneciente a la Regi\u00f3n Sanitaria 1, todo ello en conmemoraci\u00f3n del d\u00eda 2 de Abril \u2013 D\u00eda Mundial de la Concientizaci\u00f3n sobre el Autismo, el cual fue declarado de inter\u00e9s municipal en el mes de Marzo del corriente a\u00f1o. Otra actividad efectuada fue un encuentro virtual sobre Educaci\u00f3n Inclusiva en alusi\u00f3n al D\u00eda del Maestro, la realizaci\u00f3n de un video sobre los derechos de los ni\u00f1os para el D\u00eda de las Infancias, la realizaci\u00f3n de un mural sobre el lenguaje inclusivo, la aprobaci\u00f3n por unanimidad del Proyecto de Ordenanza el cual adhiere al decreto presidencial 2019 en referencia a la prohibici\u00f3n, adquisici\u00f3n y uso de pirotecnia, as\u00ed como tambi\u00e9n y la aprobaci\u00f3n por unanimidad del Proyecto de Resoluci\u00f3n en adhesi\u00f3n a la Ley\u00a0 Provincial N\u00ba 15.035 \u2013 que adhiere a la Ley Nacional N\u00ba 27.043 \u2013 referida al abordaje integral e interdisciplinario de las personas que presentan Trastornos del Espectro Autista (TEA).<\/p>\n<p>Es importante poder comentar brevemente de qu\u00e9 hablamos cuando hablamos de Autismo.<\/p>\n<p>El Autismo es un Trastorno o Condici\u00f3n del Neurodesarrollo, es decir, de c\u00f3mo el cerebro se desarrolla en los primeros a\u00f1os de vida, que comprende dos criterios diagn\u00f3sticos: por un lado, desaf\u00edos socio comunicacionales a la hora de interactuar socialmente con otros y comunicarse. Y\u00a0 por el otro, un patr\u00f3n de intereses, actividades y conductas repetitivas y restringidas. \u00c9stos son los dos criterios diagn\u00f3sticos principales que hacen que a una persona se la considere dentro del Espectro del Autismo.<\/p>\n<p>Es as\u00ed que las personas que presentan esta Condici\u00f3n o Trastorno necesitan apoyos en esas \u00e1reas que se ven afectadas. Cuando hablamos de Espectro nos referimos a que los cuadros cl\u00ednicos son heterog\u00e9neos y diversos, tanto en el nivel de apoyo que necesitan como en el nivel del lenguaje, en el cognitivo, perfil sensorial, el patr\u00f3n de inicio de los s\u00edntomas, los especificadores, las caracter\u00edsticas psicol\u00f3gicas y biol\u00f3gicas propias de cada individuo y los problemas m\u00e9dicos concomitantes. Es decir que cada caso es \u00fanico como cada persona en el mundo; de esta forma cada intervenci\u00f3n va a ser distinta, respetando los desaf\u00edos y fortalezas de cada individuo.<\/p>\n<p>Sabemos que con fecha 3 de Noviembre del corriente a\u00f1o se aprob\u00f3 por unanimidad en la sesi\u00f3n del Honorable Concejo Deliberante la adhesi\u00f3n a la Ley Nacional 27.043, la cual busca el abordaje integral e interdisciplinario de las personas que se encuentran dentro del Trastorno del Espectro Autista, la investigaci\u00f3n cl\u00ednica e epidemiol\u00f3gica en la materia, as\u00ed como tambi\u00e9n la formaci\u00f3n de los profesionales en su pesquisa, detecci\u00f3n temprana, diagn\u00f3stico precoz y tratamiento, inclusi\u00f3n social, protecci\u00f3n integral y el acceso a todas las prestaciones.<\/p>\n<p>Es as\u00ed que, quienes formamos parte de la Agrupaci\u00f3n Tornquist Habla de Autismo, deseamos que esta Ley de alcance Nacional pueda ponerse en pr\u00e1ctica en nuestro distrito, a trav\u00e9s de diversas capacitaciones brindadas por especialistas en el tema, a fin de proporcionarles conocimiento, informaci\u00f3n, herramientas, recursos y posibles modos de intervenci\u00f3n a todos los profesionales de la Salud y Educaci\u00f3n, ya que muchas veces son quienes detectan conductas at\u00edpicas en el desarrollo de los ni\u00f1os, lo cual permite la detecci\u00f3n temprana y la derivaci\u00f3n a especialistas en neurodesarrollo.<\/p>\n<p>Creemos que es de suma importancia que los actores que intervienen en los desaf\u00edos del neurodesarrollo cuenten con la formaci\u00f3n necesaria para poder llevar adelante cada una de sus terapias, que los profesionales de las primeras infancias puedan identificar tempranamente las se\u00f1ales de alarma y de esta manera mejorar el pron\u00f3stico, la calidad de vida del ni\u00f1o y su familia.<\/p>\n<p>La detecci\u00f3n, el diagn\u00f3stico y la intervenci\u00f3n temprana de los Trastornos del Espectro Autista son de suma importancia para un desarrollo \u00f3ptimo, el mejoramiento del pron\u00f3stico global y la calidad de vida de los ni\u00f1os, promoviendo y garantizando su futura inclusi\u00f3n social.<\/p>\n<p>Quedamos a disposici\u00f3n para que transmitan al departamento ejecutivo, de ser necesario, la n\u00f3mina de profesionales dedicados a capacitar y formar en dicha tem\u00e1tica&#8221;.<\/p>\n<p>&nbsp;<\/p>\n<p><a href=\"http:\/\/www.celttv.com.ar\/?attachment_id=53488\" rel=\"attachment wp-att-53488\"><img loading=\"lazy\" decoding=\"async\" class=\"alignleft size-full wp-image-53488\" src=\"http:\/\/www.celttv.com.ar\/wp-content\/uploads\/2020\/11\/AUTISMO-1.jpg\" alt=\"\" width=\"663\" height=\"381\" srcset=\"https:\/\/www.celttv.com.ar\/wp-content\/uploads\/2020\/11\/AUTISMO-1.jpg 663w, https:\/\/www.celttv.com.ar\/wp-content\/uploads\/2020\/11\/AUTISMO-1-300x172.jpg 300w\" sizes=\"auto, (max-width: 663px) 100vw, 663px\" \/><\/a> <a href=\"http:\/\/www.celttv.com.ar\/?attachment_id=53489\" rel=\"attachment wp-att-53489\"><img loading=\"lazy\" decoding=\"async\" class=\"alignleft size-medium wp-image-53489\" src=\"http:\/\/www.celttv.com.ar\/wp-content\/uploads\/2020\/11\/AUTISMO-2.jpg\" alt=\"\" width=\"702\" height=\"399\" srcset=\"https:\/\/www.celttv.com.ar\/wp-content\/uploads\/2020\/11\/AUTISMO-2.jpg 702w, https:\/\/www.celttv.com.ar\/wp-content\/uploads\/2020\/11\/AUTISMO-2-300x171.jpg 300w\" sizes=\"auto, (max-width: 702px) 100vw, 702px\" \/><\/a> <a href=\"http:\/\/www.celttv.com.ar\/?attachment_id=53490\" rel=\"attachment wp-att-53490\"><img loading=\"lazy\" decoding=\"async\" class=\"alignleft size-medium wp-image-53490\" src=\"http:\/\/www.celttv.com.ar\/wp-content\/uploads\/2020\/11\/AUTISMO-3.jpg\" alt=\"\" width=\"744\" height=\"432\" srcset=\"https:\/\/www.celttv.com.ar\/wp-content\/uploads\/2020\/11\/AUTISMO-3.jpg 744w, https:\/\/www.celttv.com.ar\/wp-content\/uploads\/2020\/11\/AUTISMO-3-300x174.jpg 300w\" sizes=\"auto, (max-width: 744px) 100vw, 744px\" \/><\/a><\/p>\n<p>&nbsp;<\/p>\n<p>&nbsp;<\/p>\n","protected":false},"excerpt":{"rendered":"<p>En la sesi\u00f3n ordinaria del HCD, la Agrupaci\u00f3n &#8220;Tornquist Habla de Autismo&#8221; utiliz\u00f3 la Banca N\u00ba 13, donde se\u00f1alaron que &#8220;quienes formamos parte de la Agrupaci\u00f3n Tornquist Habla de Autismo, deseamos que la\u00a0Ley\u00a0 Provincial N\u00ba 15.035 \u2013 que adhiere a la Ley Nacional N\u00ba 27.043 \u2013 referida al abordaje integral e interdisciplinario de las personas [&hellip;]<\/p>\n","protected":false},"author":1,"featured_media":53489,"comment_status":"closed","ping_status":"open","sticky":false,"template":"","format":"standard","meta":{"footnotes":""},"categories":[55,51,52,53],"tags":[],"class_list":["post-53487","post","type-post","status-publish","format-standard","has-post-thumbnail","hentry","category-celt-tv-noticias","category-comunidad","category-destacadas","category-politica"],"yoast_head":"<!-- This site is optimized with the Yoast SEO plugin v19.7.1 - https:\/\/yoast.com\/wordpress\/plugins\/seo\/ -->\n<title>La Agrupaci\u00f3n &quot;Tornquist Habla de Autismo&quot; utiliz\u00f3 la Banca N\u00ba 13 del HCD - CELTTV<\/title>\n<meta name=\"description\" content=\"Sitio web de noticias de la localidad de Tornquist, provincia de Buenos Aires, Rep\u00fablica Argentina. Contenido propio originado por periodistas de CELTTV, el canal de TV local de la Cooperativa El\u00e9ctrica de Tornquist. Turismo, Pol\u00edtica, Sociedad, Deporte, Cultura y todo el contenido de inter\u00e9s general que la gente del pueblo y la regi\u00f3n debe conocer.\" \/>\n<meta name=\"robots\" content=\"index, follow, max-snippet:-1, max-image-preview:large, max-video-preview:-1\" \/>\n<link rel=\"canonical\" href=\"https:\/\/www.celttv.com.ar\/index.php\/2020\/11\/18\/la-agrupacion-tornquist-habla-de-autismo-utilizo-la-banca-no-13-del-hcd\/\" \/>\n<meta property=\"og:locale\" content=\"es_ES\" \/>\n<meta property=\"og:type\" content=\"article\" \/>\n<meta property=\"og:title\" content=\"La Agrupaci\u00f3n &quot;Tornquist Habla de Autismo&quot; utiliz\u00f3 la Banca N\u00ba 13 del HCD - CELTTV\" \/>\n<meta property=\"og:description\" content=\"Sitio web de noticias de la localidad de Tornquist, provincia de Buenos Aires, Rep\u00fablica Argentina. Contenido propio originado por periodistas de CELTTV, el canal de TV local de la Cooperativa El\u00e9ctrica de Tornquist. Turismo, Pol\u00edtica, Sociedad, Deporte, Cultura y todo el contenido de inter\u00e9s general que la gente del pueblo y la regi\u00f3n debe conocer.\" \/>\n<meta property=\"og:url\" content=\"https:\/\/www.celttv.com.ar\/index.php\/2020\/11\/18\/la-agrupacion-tornquist-habla-de-autismo-utilizo-la-banca-no-13-del-hcd\/\" \/>\n<meta property=\"og:site_name\" content=\"CELTTV\" \/>\n<meta property=\"article:publisher\" content=\"https:\/\/www.facebook.com\/celtTV\/\" \/>\n<meta property=\"article:published_time\" content=\"2020-11-18T02:58:56+00:00\" \/>\n<meta property=\"og:image\" content=\"https:\/\/www.celttv.com.ar\/wp-content\/uploads\/2020\/11\/AUTISMO-2.jpg\" \/>\n\t<meta property=\"og:image:width\" content=\"702\" \/>\n\t<meta property=\"og:image:height\" content=\"399\" \/>\n\t<meta property=\"og:image:type\" content=\"image\/jpeg\" \/>\n<meta name=\"author\" content=\"ulises\" \/>\n<meta name=\"twitter:card\" content=\"summary_large_image\" \/>\n<meta name=\"twitter:label1\" content=\"Escrito por\" \/>\n\t<meta name=\"twitter:data1\" content=\"ulises\" \/>\n\t<meta name=\"twitter:label2\" content=\"Tiempo de lectura\" \/>\n\t<meta name=\"twitter:data2\" content=\"6 minutos\" \/>\n<script type=\"application\/ld+json\" class=\"yoast-schema-graph\">{\"@context\":\"https:\/\/schema.org\",\"@graph\":[{\"@type\":\"NewsArticle\",\"@id\":\"https:\/\/www.celttv.com.ar\/index.php\/2020\/11\/18\/la-agrupacion-tornquist-habla-de-autismo-utilizo-la-banca-no-13-del-hcd\/#article\",\"isPartOf\":{\"@id\":\"https:\/\/www.celttv.com.ar\/index.php\/2020\/11\/18\/la-agrupacion-tornquist-habla-de-autismo-utilizo-la-banca-no-13-del-hcd\/\"},\"author\":{\"name\":\"ulises\",\"@id\":\"https:\/\/www.celttv.com.ar\/#\/schema\/person\/6d99c072dba59953809c81446e9d0ace\"},\"headline\":\"La Agrupaci\u00f3n &#8220;Tornquist Habla de Autismo&#8221; utiliz\u00f3 la Banca N\u00ba 13 del HCD\",\"datePublished\":\"2020-11-18T02:58:56+00:00\",\"dateModified\":\"2020-11-18T02:58:56+00:00\",\"mainEntityOfPage\":{\"@id\":\"https:\/\/www.celttv.com.ar\/index.php\/2020\/11\/18\/la-agrupacion-tornquist-habla-de-autismo-utilizo-la-banca-no-13-del-hcd\/\"},\"wordCount\":1114,\"publisher\":{\"@id\":\"https:\/\/www.celttv.com.ar\/#organization\"},\"articleSection\":[\"Celt TV Noticias\",\"Comunidad\",\"Destacadas\",\"Pol\u00edtica\"],\"inLanguage\":\"es\"},{\"@type\":\"WebPage\",\"@id\":\"https:\/\/www.celttv.com.ar\/index.php\/2020\/11\/18\/la-agrupacion-tornquist-habla-de-autismo-utilizo-la-banca-no-13-del-hcd\/\",\"url\":\"https:\/\/www.celttv.com.ar\/index.php\/2020\/11\/18\/la-agrupacion-tornquist-habla-de-autismo-utilizo-la-banca-no-13-del-hcd\/\",\"name\":\"La Agrupaci\u00f3n \\\"Tornquist Habla de Autismo\\\" utiliz\u00f3 la Banca N\u00ba 13 del HCD - CELTTV\",\"isPartOf\":{\"@id\":\"https:\/\/www.celttv.com.ar\/#website\"},\"datePublished\":\"2020-11-18T02:58:56+00:00\",\"dateModified\":\"2020-11-18T02:58:56+00:00\",\"description\":\"Sitio web de noticias de la localidad de Tornquist, provincia de Buenos Aires, Rep\u00fablica Argentina. Contenido propio originado por periodistas de CELTTV, el canal de TV local de la Cooperativa El\u00e9ctrica de Tornquist. Turismo, Pol\u00edtica, Sociedad, Deporte, Cultura y todo el contenido de inter\u00e9s general que la gente del pueblo y la regi\u00f3n debe conocer.\",\"breadcrumb\":{\"@id\":\"https:\/\/www.celttv.com.ar\/index.php\/2020\/11\/18\/la-agrupacion-tornquist-habla-de-autismo-utilizo-la-banca-no-13-del-hcd\/#breadcrumb\"},\"inLanguage\":\"es\",\"potentialAction\":[{\"@type\":\"ReadAction\",\"target\":[\"https:\/\/www.celttv.com.ar\/index.php\/2020\/11\/18\/la-agrupacion-tornquist-habla-de-autismo-utilizo-la-banca-no-13-del-hcd\/\"]}]},{\"@type\":\"BreadcrumbList\",\"@id\":\"https:\/\/www.celttv.com.ar\/index.php\/2020\/11\/18\/la-agrupacion-tornquist-habla-de-autismo-utilizo-la-banca-no-13-del-hcd\/#breadcrumb\",\"itemListElement\":[{\"@type\":\"ListItem\",\"position\":1,\"name\":\"Inicio\",\"item\":\"https:\/\/www.celttv.com.ar\/\"},{\"@type\":\"ListItem\",\"position\":2,\"name\":\"La Agrupaci\u00f3n &#8220;Tornquist Habla de Autismo&#8221; utiliz\u00f3 la Banca N\u00ba 13 del HCD\"}]},{\"@type\":\"WebSite\",\"@id\":\"https:\/\/www.celttv.com.ar\/#website\",\"url\":\"https:\/\/www.celttv.com.ar\/\",\"name\":\"CELTTV\",\"description\":\"Cooperativa El\u00e9ctrica de Tornquist\",\"publisher\":{\"@id\":\"https:\/\/www.celttv.com.ar\/#organization\"},\"potentialAction\":[{\"@type\":\"SearchAction\",\"target\":{\"@type\":\"EntryPoint\",\"urlTemplate\":\"https:\/\/www.celttv.com.ar\/?s={search_term_string}\"},\"query-input\":\"required name=search_term_string\"}],\"inLanguage\":\"es\"},{\"@type\":\"Organization\",\"@id\":\"https:\/\/www.celttv.com.ar\/#organization\",\"name\":\"CELTTV\",\"url\":\"https:\/\/www.celttv.com.ar\/\",\"sameAs\":[\"https:\/\/www.youtube.com\/channel\/UCz_oIt8Hig64Ub-EmcNPIhg\",\"https:\/\/www.facebook.com\/celtTV\/\"],\"logo\":{\"@type\":\"ImageObject\",\"inLanguage\":\"es\",\"@id\":\"https:\/\/www.celttv.com.ar\/#\/schema\/logo\/image\/\",\"url\":\"http:\/\/www.celttv.com.ar\/wp-content\/uploads\/2022\/08\/logo-1.png\",\"contentUrl\":\"http:\/\/www.celttv.com.ar\/wp-content\/uploads\/2022\/08\/logo-1.png\",\"width\":461,\"height\":159,\"caption\":\"CELTTV\"},\"image\":{\"@id\":\"https:\/\/www.celttv.com.ar\/#\/schema\/logo\/image\/\"}},{\"@type\":\"Person\",\"@id\":\"https:\/\/www.celttv.com.ar\/#\/schema\/person\/6d99c072dba59953809c81446e9d0ace\",\"name\":\"ulises\",\"image\":{\"@type\":\"ImageObject\",\"inLanguage\":\"es\",\"@id\":\"https:\/\/www.celttv.com.ar\/#\/schema\/person\/image\/\",\"url\":\"https:\/\/secure.gravatar.com\/avatar\/7f2c48bdc33b30088f941fb6082e555f2874c98e20cb159d7b92b50eadfce793?s=96&d=mm&r=g\",\"contentUrl\":\"https:\/\/secure.gravatar.com\/avatar\/7f2c48bdc33b30088f941fb6082e555f2874c98e20cb159d7b92b50eadfce793?s=96&d=mm&r=g\",\"caption\":\"ulises\"},\"sameAs\":[\"http:\/\/www.celttv.com.ar\"]}]}<\/script>\n<!-- \/ Yoast SEO plugin. -->","yoast_head_json":{"title":"La Agrupaci\u00f3n \"Tornquist Habla de Autismo\" utiliz\u00f3 la Banca N\u00ba 13 del HCD - CELTTV","description":"Sitio web de noticias de la localidad de Tornquist, provincia de Buenos Aires, Rep\u00fablica Argentina. Contenido propio originado por periodistas de CELTTV, el canal de TV local de la Cooperativa El\u00e9ctrica de Tornquist. Turismo, Pol\u00edtica, Sociedad, Deporte, Cultura y todo el contenido de inter\u00e9s general que la gente del pueblo y la regi\u00f3n debe conocer.","robots":{"index":"index","follow":"follow","max-snippet":"max-snippet:-1","max-image-preview":"max-image-preview:large","max-video-preview":"max-video-preview:-1"},"canonical":"https:\/\/www.celttv.com.ar\/index.php\/2020\/11\/18\/la-agrupacion-tornquist-habla-de-autismo-utilizo-la-banca-no-13-del-hcd\/","og_locale":"es_ES","og_type":"article","og_title":"La Agrupaci\u00f3n \"Tornquist Habla de Autismo\" utiliz\u00f3 la Banca N\u00ba 13 del HCD - CELTTV","og_description":"Sitio web de noticias de la localidad de Tornquist, provincia de Buenos Aires, Rep\u00fablica Argentina. Contenido propio originado por periodistas de CELTTV, el canal de TV local de la Cooperativa El\u00e9ctrica de Tornquist. Turismo, Pol\u00edtica, Sociedad, Deporte, Cultura y todo el contenido de inter\u00e9s general que la gente del pueblo y la regi\u00f3n debe conocer.","og_url":"https:\/\/www.celttv.com.ar\/index.php\/2020\/11\/18\/la-agrupacion-tornquist-habla-de-autismo-utilizo-la-banca-no-13-del-hcd\/","og_site_name":"CELTTV","article_publisher":"https:\/\/www.facebook.com\/celtTV\/","article_published_time":"2020-11-18T02:58:56+00:00","og_image":[{"width":702,"height":399,"url":"https:\/\/www.celttv.com.ar\/wp-content\/uploads\/2020\/11\/AUTISMO-2.jpg","type":"image\/jpeg"}],"author":"ulises","twitter_card":"summary_large_image","twitter_misc":{"Escrito por":"ulises","Tiempo de lectura":"6 minutos"},"schema":{"@context":"https:\/\/schema.org","@graph":[{"@type":"NewsArticle","@id":"https:\/\/www.celttv.com.ar\/index.php\/2020\/11\/18\/la-agrupacion-tornquist-habla-de-autismo-utilizo-la-banca-no-13-del-hcd\/#article","isPartOf":{"@id":"https:\/\/www.celttv.com.ar\/index.php\/2020\/11\/18\/la-agrupacion-tornquist-habla-de-autismo-utilizo-la-banca-no-13-del-hcd\/"},"author":{"name":"ulises","@id":"https:\/\/www.celttv.com.ar\/#\/schema\/person\/6d99c072dba59953809c81446e9d0ace"},"headline":"La Agrupaci\u00f3n &#8220;Tornquist Habla de Autismo&#8221; utiliz\u00f3 la Banca N\u00ba 13 del HCD","datePublished":"2020-11-18T02:58:56+00:00","dateModified":"2020-11-18T02:58:56+00:00","mainEntityOfPage":{"@id":"https:\/\/www.celttv.com.ar\/index.php\/2020\/11\/18\/la-agrupacion-tornquist-habla-de-autismo-utilizo-la-banca-no-13-del-hcd\/"},"wordCount":1114,"publisher":{"@id":"https:\/\/www.celttv.com.ar\/#organization"},"articleSection":["Celt TV Noticias","Comunidad","Destacadas","Pol\u00edtica"],"inLanguage":"es"},{"@type":"WebPage","@id":"https:\/\/www.celttv.com.ar\/index.php\/2020\/11\/18\/la-agrupacion-tornquist-habla-de-autismo-utilizo-la-banca-no-13-del-hcd\/","url":"https:\/\/www.celttv.com.ar\/index.php\/2020\/11\/18\/la-agrupacion-tornquist-habla-de-autismo-utilizo-la-banca-no-13-del-hcd\/","name":"La Agrupaci\u00f3n \"Tornquist Habla de Autismo\" utiliz\u00f3 la Banca N\u00ba 13 del HCD - CELTTV","isPartOf":{"@id":"https:\/\/www.celttv.com.ar\/#website"},"datePublished":"2020-11-18T02:58:56+00:00","dateModified":"2020-11-18T02:58:56+00:00","description":"Sitio web de noticias de la localidad de Tornquist, provincia de Buenos Aires, Rep\u00fablica Argentina. Contenido propio originado por periodistas de CELTTV, el canal de TV local de la Cooperativa El\u00e9ctrica de Tornquist. Turismo, Pol\u00edtica, Sociedad, Deporte, Cultura y todo el contenido de inter\u00e9s general que la gente del pueblo y la regi\u00f3n debe conocer.","breadcrumb":{"@id":"https:\/\/www.celttv.com.ar\/index.php\/2020\/11\/18\/la-agrupacion-tornquist-habla-de-autismo-utilizo-la-banca-no-13-del-hcd\/#breadcrumb"},"inLanguage":"es","potentialAction":[{"@type":"ReadAction","target":["https:\/\/www.celttv.com.ar\/index.php\/2020\/11\/18\/la-agrupacion-tornquist-habla-de-autismo-utilizo-la-banca-no-13-del-hcd\/"]}]},{"@type":"BreadcrumbList","@id":"https:\/\/www.celttv.com.ar\/index.php\/2020\/11\/18\/la-agrupacion-tornquist-habla-de-autismo-utilizo-la-banca-no-13-del-hcd\/#breadcrumb","itemListElement":[{"@type":"ListItem","position":1,"name":"Inicio","item":"https:\/\/www.celttv.com.ar\/"},{"@type":"ListItem","position":2,"name":"La Agrupaci\u00f3n &#8220;Tornquist Habla de Autismo&#8221; utiliz\u00f3 la Banca N\u00ba 13 del HCD"}]},{"@type":"WebSite","@id":"https:\/\/www.celttv.com.ar\/#website","url":"https:\/\/www.celttv.com.ar\/","name":"CELTTV","description":"Cooperativa El\u00e9ctrica de Tornquist","publisher":{"@id":"https:\/\/www.celttv.com.ar\/#organization"},"potentialAction":[{"@type":"SearchAction","target":{"@type":"EntryPoint","urlTemplate":"https:\/\/www.celttv.com.ar\/?s={search_term_string}"},"query-input":"required name=search_term_string"}],"inLanguage":"es"},{"@type":"Organization","@id":"https:\/\/www.celttv.com.ar\/#organization","name":"CELTTV","url":"https:\/\/www.celttv.com.ar\/","sameAs":["https:\/\/www.youtube.com\/channel\/UCz_oIt8Hig64Ub-EmcNPIhg","https:\/\/www.facebook.com\/celtTV\/"],"logo":{"@type":"ImageObject","inLanguage":"es","@id":"https:\/\/www.celttv.com.ar\/#\/schema\/logo\/image\/","url":"http:\/\/www.celttv.com.ar\/wp-content\/uploads\/2022\/08\/logo-1.png","contentUrl":"http:\/\/www.celttv.com.ar\/wp-content\/uploads\/2022\/08\/logo-1.png","width":461,"height":159,"caption":"CELTTV"},"image":{"@id":"https:\/\/www.celttv.com.ar\/#\/schema\/logo\/image\/"}},{"@type":"Person","@id":"https:\/\/www.celttv.com.ar\/#\/schema\/person\/6d99c072dba59953809c81446e9d0ace","name":"ulises","image":{"@type":"ImageObject","inLanguage":"es","@id":"https:\/\/www.celttv.com.ar\/#\/schema\/person\/image\/","url":"https:\/\/secure.gravatar.com\/avatar\/7f2c48bdc33b30088f941fb6082e555f2874c98e20cb159d7b92b50eadfce793?s=96&d=mm&r=g","contentUrl":"https:\/\/secure.gravatar.com\/avatar\/7f2c48bdc33b30088f941fb6082e555f2874c98e20cb159d7b92b50eadfce793?s=96&d=mm&r=g","caption":"ulises"},"sameAs":["http:\/\/www.celttv.com.ar"]}]}},"_links":{"self":[{"href":"https:\/\/www.celttv.com.ar\/index.php\/wp-json\/wp\/v2\/posts\/53487","targetHints":{"allow":["GET"]}}],"collection":[{"href":"https:\/\/www.celttv.com.ar\/index.php\/wp-json\/wp\/v2\/posts"}],"about":[{"href":"https:\/\/www.celttv.com.ar\/index.php\/wp-json\/wp\/v2\/types\/post"}],"author":[{"embeddable":true,"href":"https:\/\/www.celttv.com.ar\/index.php\/wp-json\/wp\/v2\/users\/1"}],"replies":[{"embeddable":true,"href":"https:\/\/www.celttv.com.ar\/index.php\/wp-json\/wp\/v2\/comments?post=53487"}],"version-history":[{"count":0,"href":"https:\/\/www.celttv.com.ar\/index.php\/wp-json\/wp\/v2\/posts\/53487\/revisions"}],"wp:featuredmedia":[{"embeddable":true,"href":"https:\/\/www.celttv.com.ar\/index.php\/wp-json\/wp\/v2\/media\/53489"}],"wp:attachment":[{"href":"https:\/\/www.celttv.com.ar\/index.php\/wp-json\/wp\/v2\/media?parent=53487"}],"wp:term":[{"taxonomy":"category","embeddable":true,"href":"https:\/\/www.celttv.com.ar\/index.php\/wp-json\/wp\/v2\/categories?post=53487"},{"taxonomy":"post_tag","embeddable":true,"href":"https:\/\/www.celttv.com.ar\/index.php\/wp-json\/wp\/v2\/tags?post=53487"}],"curies":[{"name":"wp","href":"https:\/\/api.w.org\/{rel}","templated":true}]}}