{"id":53496,"date":"2020-11-18T19:33:32","date_gmt":"2020-11-18T19:33:32","guid":{"rendered":"http:\/\/www.celttv.com.ar\/?p=53496"},"modified":"2020-11-18T19:33:32","modified_gmt":"2020-11-18T19:33:32","slug":"protocolos-de-apertura-de-actividades-a-partir-del-primero-de-diciembre","status":"publish","type":"post","link":"https:\/\/www.celttv.com.ar\/index.php\/2020\/11\/18\/protocolos-de-apertura-de-actividades-a-partir-del-primero-de-diciembre\/","title":{"rendered":"PROTOCOLOS DE APERTURA DE ACTIVIDADES A PARTIR DEL PRIMERO DE DICIEMBRE"},"content":{"rendered":"<p>Tornquist Municipio pone en conocimiento de la poblaci\u00f3n los distintos protocolos que comenzar\u00e1n a regir a partir del 1 de diciembre, en vista de la apertura de la temporada tur\u00edstica.<\/p>\n<p>Cada uno de los documentos contiene las medidas adoptadas y los procedimientos a trav\u00e9s de los cuales deber\u00e1 regirse cada actividad, prioriz\u00e1ndose la seguridad de los habitantes del distrito y los turistas que nos visitan,\u00a0 con el objetivo \u00a0central de mantener las actividades econ\u00f3micas y productivas habilitadas.<\/p>\n<p>Todas aquellas actividades que no est\u00e1n expresamente autorizadas, continuar\u00e1n rigi\u00e9ndose por los lineamientos de los decretos nacionales y provinciales previamente sancionados.<\/p>\n<p><a href=\"http:\/\/www.celttv.com.ar\/?attachment_id=53497\" rel=\"attachment wp-att-53497\">Protocolo Naci\u00f3n &#8211; <\/a><\/p>\n<p><a href=\"http:\/\/www.celttv.com.ar\/?attachment_id=53497\" rel=\"attachment wp-att-53497\">Alojamientos<\/a> <a href=\"http:\/\/www.celttv.com.ar\/?attachment_id=53498\" rel=\"attachment wp-att-53498\">Protocolo Naci\u00f3n &#8211; <\/a><\/p>\n<p><a href=\"http:\/\/www.celttv.com.ar\/?attachment_id=53498\" rel=\"attachment wp-att-53498\">Gastronomicos<\/a> <a href=\"http:\/\/www.celttv.com.ar\/?attachment_id=53499\" rel=\"attachment wp-att-53499\">Protocolo Naci\u00f3n <\/a><\/p>\n<p><a href=\"http:\/\/www.celttv.com.ar\/?attachment_id=53499\" rel=\"attachment wp-att-53499\">Parques Tema\u0301ticos y Atracciones<\/a> <a href=\"http:\/\/www.celttv.com.ar\/?attachment_id=53500\" rel=\"attachment wp-att-53500\">Protocolo Naci\u00f3n <\/a><\/p>\n<p><a href=\"http:\/\/www.celttv.com.ar\/?attachment_id=53500\" rel=\"attachment wp-att-53500\">Turismo Aventura<\/a> <a href=\"http:\/\/www.celttv.com.ar\/?attachment_id=53501\" rel=\"attachment wp-att-53501\">Protocolo Naci\u00f3n <\/a><\/p>\n<p><a href=\"http:\/\/www.celttv.com.ar\/?attachment_id=53501\" rel=\"attachment wp-att-53501\">Turismo Rural<\/a> <a href=\"http:\/\/www.celttv.com.ar\/?attachment_id=53502\" rel=\"attachment wp-att-53502\">protocolo_<\/a><\/p>\n<p><a href=\"http:\/\/www.celttv.com.ar\/?attachment_id=53502\" rel=\"attachment wp-att-53502\">-guias_de_turismo-3<\/a> <a href=\"http:\/\/www.celttv.com.ar\/?attachment_id=53503\" rel=\"attachment wp-att-53503\">protocolo_-<\/a><\/p>\n<p><a href=\"http:\/\/www.celttv.com.ar\/?attachment_id=53503\" rel=\"attachment wp-att-53503\">playas<\/a> <a href=\"http:\/\/www.celttv.com.ar\/?attachment_id=53504\" rel=\"attachment wp-att-53504\">protocolo_-<\/a><\/p>\n<p><a href=\"http:\/\/www.celttv.com.ar\/?attachment_id=53504\" rel=\"attachment wp-att-53504\">prestadores_2<\/a><\/p>\n<p><a href=\"http:\/\/www.celttv.com.ar\/?attachment_id=53505\" rel=\"attachment wp-att-53505\">protocolo-balnearios<\/a><\/p>\n<p><a href=\"http:\/\/www.celttv.com.ar\/?attachment_id=53506\" rel=\"attachment wp-att-53506\">protocolo cultura<\/a><\/p>\n<p>&nbsp;<\/p>\n<p>&nbsp;<\/p>\n","protected":false},"excerpt":{"rendered":"<p>Tornquist Municipio pone en conocimiento de la poblaci\u00f3n los distintos protocolos que comenzar\u00e1n a regir a partir del 1 de diciembre, en vista de la apertura de la temporada tur\u00edstica. Cada uno de los documentos contiene las medidas adoptadas y los procedimientos a trav\u00e9s de los cuales deber\u00e1 regirse cada actividad, prioriz\u00e1ndose la seguridad de [&hellip;]<\/p>\n","protected":false},"author":1,"featured_media":52665,"comment_status":"closed","ping_status":"open","sticky":false,"template":"","format":"standard","meta":{"footnotes":""},"categories":[51,52,58],"tags":[],"class_list":["post-53496","post","type-post","status-publish","format-standard","has-post-thumbnail","hentry","category-comunidad","category-destacadas","category-turismo"],"yoast_head":"<!-- This site is optimized with the Yoast SEO plugin v19.7.1 - https:\/\/yoast.com\/wordpress\/plugins\/seo\/ -->\n<title>PROTOCOLOS DE APERTURA DE ACTIVIDADES A PARTIR DEL PRIMERO DE DICIEMBRE - CELTTV<\/title>\n<meta name=\"description\" content=\"Sitio web de noticias de la localidad de Tornquist, provincia de Buenos Aires, Rep\u00fablica Argentina. Contenido propio originado por periodistas de CELTTV, el canal de TV local de la Cooperativa El\u00e9ctrica de Tornquist. Turismo, Pol\u00edtica, Sociedad, Deporte, Cultura y todo el contenido de inter\u00e9s general que la gente del pueblo y la regi\u00f3n debe conocer.\" \/>\n<meta name=\"robots\" content=\"index, follow, max-snippet:-1, max-image-preview:large, max-video-preview:-1\" \/>\n<link rel=\"canonical\" href=\"https:\/\/www.celttv.com.ar\/index.php\/2020\/11\/18\/protocolos-de-apertura-de-actividades-a-partir-del-primero-de-diciembre\/\" \/>\n<meta property=\"og:locale\" content=\"es_ES\" \/>\n<meta property=\"og:type\" content=\"article\" \/>\n<meta property=\"og:title\" content=\"PROTOCOLOS DE APERTURA DE ACTIVIDADES A PARTIR DEL PRIMERO DE DICIEMBRE - CELTTV\" \/>\n<meta property=\"og:description\" content=\"Sitio web de noticias de la localidad de Tornquist, provincia de Buenos Aires, Rep\u00fablica Argentina. Contenido propio originado por periodistas de CELTTV, el canal de TV local de la Cooperativa El\u00e9ctrica de Tornquist. Turismo, Pol\u00edtica, Sociedad, Deporte, Cultura y todo el contenido de inter\u00e9s general que la gente del pueblo y la regi\u00f3n debe conocer.\" \/>\n<meta property=\"og:url\" content=\"https:\/\/www.celttv.com.ar\/index.php\/2020\/11\/18\/protocolos-de-apertura-de-actividades-a-partir-del-primero-de-diciembre\/\" \/>\n<meta property=\"og:site_name\" content=\"CELTTV\" \/>\n<meta property=\"article:publisher\" content=\"https:\/\/www.facebook.com\/celtTV\/\" \/>\n<meta property=\"article:published_time\" content=\"2020-11-18T19:33:32+00:00\" \/>\n<meta property=\"og:image\" content=\"https:\/\/www.celttv.com.ar\/wp-content\/uploads\/2020\/10\/turis.jpg\" \/>\n\t<meta property=\"og:image:width\" content=\"1360\" \/>\n\t<meta property=\"og:image:height\" content=\"906\" \/>\n\t<meta property=\"og:image:type\" content=\"image\/jpeg\" \/>\n<meta name=\"author\" content=\"ulises\" \/>\n<meta name=\"twitter:card\" content=\"summary_large_image\" \/>\n<meta name=\"twitter:label1\" content=\"Escrito por\" \/>\n\t<meta name=\"twitter:data1\" content=\"ulises\" \/>\n\t<meta name=\"twitter:label2\" content=\"Tiempo de lectura\" \/>\n\t<meta name=\"twitter:data2\" content=\"1 minuto\" \/>\n<script type=\"application\/ld+json\" class=\"yoast-schema-graph\">{\"@context\":\"https:\/\/schema.org\",\"@graph\":[{\"@type\":\"NewsArticle\",\"@id\":\"https:\/\/www.celttv.com.ar\/index.php\/2020\/11\/18\/protocolos-de-apertura-de-actividades-a-partir-del-primero-de-diciembre\/#article\",\"isPartOf\":{\"@id\":\"https:\/\/www.celttv.com.ar\/index.php\/2020\/11\/18\/protocolos-de-apertura-de-actividades-a-partir-del-primero-de-diciembre\/\"},\"author\":{\"name\":\"ulises\",\"@id\":\"https:\/\/www.celttv.com.ar\/#\/schema\/person\/6d99c072dba59953809c81446e9d0ace\"},\"headline\":\"PROTOCOLOS DE APERTURA DE ACTIVIDADES A PARTIR DEL PRIMERO DE DICIEMBRE\",\"datePublished\":\"2020-11-18T19:33:32+00:00\",\"dateModified\":\"2020-11-18T19:33:32+00:00\",\"mainEntityOfPage\":{\"@id\":\"https:\/\/www.celttv.com.ar\/index.php\/2020\/11\/18\/protocolos-de-apertura-de-actividades-a-partir-del-primero-de-diciembre\/\"},\"wordCount\":160,\"publisher\":{\"@id\":\"https:\/\/www.celttv.com.ar\/#organization\"},\"articleSection\":[\"Comunidad\",\"Destacadas\",\"Turismo\"],\"inLanguage\":\"es\"},{\"@type\":\"WebPage\",\"@id\":\"https:\/\/www.celttv.com.ar\/index.php\/2020\/11\/18\/protocolos-de-apertura-de-actividades-a-partir-del-primero-de-diciembre\/\",\"url\":\"https:\/\/www.celttv.com.ar\/index.php\/2020\/11\/18\/protocolos-de-apertura-de-actividades-a-partir-del-primero-de-diciembre\/\",\"name\":\"PROTOCOLOS DE APERTURA DE ACTIVIDADES A PARTIR DEL PRIMERO DE DICIEMBRE - CELTTV\",\"isPartOf\":{\"@id\":\"https:\/\/www.celttv.com.ar\/#website\"},\"datePublished\":\"2020-11-18T19:33:32+00:00\",\"dateModified\":\"2020-11-18T19:33:32+00:00\",\"description\":\"Sitio web de noticias de la localidad de Tornquist, provincia de Buenos Aires, Rep\u00fablica Argentina. Contenido propio originado por periodistas de CELTTV, el canal de TV local de la Cooperativa El\u00e9ctrica de Tornquist. Turismo, Pol\u00edtica, Sociedad, Deporte, Cultura y todo el contenido de inter\u00e9s general que la gente del pueblo y la regi\u00f3n debe conocer.\",\"breadcrumb\":{\"@id\":\"https:\/\/www.celttv.com.ar\/index.php\/2020\/11\/18\/protocolos-de-apertura-de-actividades-a-partir-del-primero-de-diciembre\/#breadcrumb\"},\"inLanguage\":\"es\",\"potentialAction\":[{\"@type\":\"ReadAction\",\"target\":[\"https:\/\/www.celttv.com.ar\/index.php\/2020\/11\/18\/protocolos-de-apertura-de-actividades-a-partir-del-primero-de-diciembre\/\"]}]},{\"@type\":\"BreadcrumbList\",\"@id\":\"https:\/\/www.celttv.com.ar\/index.php\/2020\/11\/18\/protocolos-de-apertura-de-actividades-a-partir-del-primero-de-diciembre\/#breadcrumb\",\"itemListElement\":[{\"@type\":\"ListItem\",\"position\":1,\"name\":\"Inicio\",\"item\":\"https:\/\/www.celttv.com.ar\/\"},{\"@type\":\"ListItem\",\"position\":2,\"name\":\"PROTOCOLOS DE APERTURA DE ACTIVIDADES A PARTIR DEL PRIMERO DE DICIEMBRE\"}]},{\"@type\":\"WebSite\",\"@id\":\"https:\/\/www.celttv.com.ar\/#website\",\"url\":\"https:\/\/www.celttv.com.ar\/\",\"name\":\"CELTTV\",\"description\":\"Cooperativa El\u00e9ctrica de Tornquist\",\"publisher\":{\"@id\":\"https:\/\/www.celttv.com.ar\/#organization\"},\"potentialAction\":[{\"@type\":\"SearchAction\",\"target\":{\"@type\":\"EntryPoint\",\"urlTemplate\":\"https:\/\/www.celttv.com.ar\/?s={search_term_string}\"},\"query-input\":\"required name=search_term_string\"}],\"inLanguage\":\"es\"},{\"@type\":\"Organization\",\"@id\":\"https:\/\/www.celttv.com.ar\/#organization\",\"name\":\"CELTTV\",\"url\":\"https:\/\/www.celttv.com.ar\/\",\"sameAs\":[\"https:\/\/www.youtube.com\/channel\/UCz_oIt8Hig64Ub-EmcNPIhg\",\"https:\/\/www.facebook.com\/celtTV\/\"],\"logo\":{\"@type\":\"ImageObject\",\"inLanguage\":\"es\",\"@id\":\"https:\/\/www.celttv.com.ar\/#\/schema\/logo\/image\/\",\"url\":\"http:\/\/www.celttv.com.ar\/wp-content\/uploads\/2022\/08\/logo-1.png\",\"contentUrl\":\"http:\/\/www.celttv.com.ar\/wp-content\/uploads\/2022\/08\/logo-1.png\",\"width\":461,\"height\":159,\"caption\":\"CELTTV\"},\"image\":{\"@id\":\"https:\/\/www.celttv.com.ar\/#\/schema\/logo\/image\/\"}},{\"@type\":\"Person\",\"@id\":\"https:\/\/www.celttv.com.ar\/#\/schema\/person\/6d99c072dba59953809c81446e9d0ace\",\"name\":\"ulises\",\"image\":{\"@type\":\"ImageObject\",\"inLanguage\":\"es\",\"@id\":\"https:\/\/www.celttv.com.ar\/#\/schema\/person\/image\/\",\"url\":\"https:\/\/secure.gravatar.com\/avatar\/7f2c48bdc33b30088f941fb6082e555f2874c98e20cb159d7b92b50eadfce793?s=96&d=mm&r=g\",\"contentUrl\":\"https:\/\/secure.gravatar.com\/avatar\/7f2c48bdc33b30088f941fb6082e555f2874c98e20cb159d7b92b50eadfce793?s=96&d=mm&r=g\",\"caption\":\"ulises\"},\"sameAs\":[\"http:\/\/www.celttv.com.ar\"]}]}<\/script>\n<!-- \/ Yoast SEO plugin. -->","yoast_head_json":{"title":"PROTOCOLOS DE APERTURA DE ACTIVIDADES A PARTIR DEL PRIMERO DE DICIEMBRE - CELTTV","description":"Sitio web de noticias de la localidad de Tornquist, provincia de Buenos Aires, Rep\u00fablica Argentina. Contenido propio originado por periodistas de CELTTV, el canal de TV local de la Cooperativa El\u00e9ctrica de Tornquist. Turismo, Pol\u00edtica, Sociedad, Deporte, Cultura y todo el contenido de inter\u00e9s general que la gente del pueblo y la regi\u00f3n debe conocer.","robots":{"index":"index","follow":"follow","max-snippet":"max-snippet:-1","max-image-preview":"max-image-preview:large","max-video-preview":"max-video-preview:-1"},"canonical":"https:\/\/www.celttv.com.ar\/index.php\/2020\/11\/18\/protocolos-de-apertura-de-actividades-a-partir-del-primero-de-diciembre\/","og_locale":"es_ES","og_type":"article","og_title":"PROTOCOLOS DE APERTURA DE ACTIVIDADES A PARTIR DEL PRIMERO DE DICIEMBRE - CELTTV","og_description":"Sitio web de noticias de la localidad de Tornquist, provincia de Buenos Aires, Rep\u00fablica Argentina. Contenido propio originado por periodistas de CELTTV, el canal de TV local de la Cooperativa El\u00e9ctrica de Tornquist. Turismo, Pol\u00edtica, Sociedad, Deporte, Cultura y todo el contenido de inter\u00e9s general que la gente del pueblo y la regi\u00f3n debe conocer.","og_url":"https:\/\/www.celttv.com.ar\/index.php\/2020\/11\/18\/protocolos-de-apertura-de-actividades-a-partir-del-primero-de-diciembre\/","og_site_name":"CELTTV","article_publisher":"https:\/\/www.facebook.com\/celtTV\/","article_published_time":"2020-11-18T19:33:32+00:00","og_image":[{"width":1360,"height":906,"url":"https:\/\/www.celttv.com.ar\/wp-content\/uploads\/2020\/10\/turis.jpg","type":"image\/jpeg"}],"author":"ulises","twitter_card":"summary_large_image","twitter_misc":{"Escrito por":"ulises","Tiempo de lectura":"1 minuto"},"schema":{"@context":"https:\/\/schema.org","@graph":[{"@type":"NewsArticle","@id":"https:\/\/www.celttv.com.ar\/index.php\/2020\/11\/18\/protocolos-de-apertura-de-actividades-a-partir-del-primero-de-diciembre\/#article","isPartOf":{"@id":"https:\/\/www.celttv.com.ar\/index.php\/2020\/11\/18\/protocolos-de-apertura-de-actividades-a-partir-del-primero-de-diciembre\/"},"author":{"name":"ulises","@id":"https:\/\/www.celttv.com.ar\/#\/schema\/person\/6d99c072dba59953809c81446e9d0ace"},"headline":"PROTOCOLOS DE APERTURA DE ACTIVIDADES A PARTIR DEL PRIMERO DE DICIEMBRE","datePublished":"2020-11-18T19:33:32+00:00","dateModified":"2020-11-18T19:33:32+00:00","mainEntityOfPage":{"@id":"https:\/\/www.celttv.com.ar\/index.php\/2020\/11\/18\/protocolos-de-apertura-de-actividades-a-partir-del-primero-de-diciembre\/"},"wordCount":160,"publisher":{"@id":"https:\/\/www.celttv.com.ar\/#organization"},"articleSection":["Comunidad","Destacadas","Turismo"],"inLanguage":"es"},{"@type":"WebPage","@id":"https:\/\/www.celttv.com.ar\/index.php\/2020\/11\/18\/protocolos-de-apertura-de-actividades-a-partir-del-primero-de-diciembre\/","url":"https:\/\/www.celttv.com.ar\/index.php\/2020\/11\/18\/protocolos-de-apertura-de-actividades-a-partir-del-primero-de-diciembre\/","name":"PROTOCOLOS DE APERTURA DE ACTIVIDADES A PARTIR DEL PRIMERO DE DICIEMBRE - CELTTV","isPartOf":{"@id":"https:\/\/www.celttv.com.ar\/#website"},"datePublished":"2020-11-18T19:33:32+00:00","dateModified":"2020-11-18T19:33:32+00:00","description":"Sitio web de noticias de la localidad de Tornquist, provincia de Buenos Aires, Rep\u00fablica Argentina. Contenido propio originado por periodistas de CELTTV, el canal de TV local de la Cooperativa El\u00e9ctrica de Tornquist. Turismo, Pol\u00edtica, Sociedad, Deporte, Cultura y todo el contenido de inter\u00e9s general que la gente del pueblo y la regi\u00f3n debe conocer.","breadcrumb":{"@id":"https:\/\/www.celttv.com.ar\/index.php\/2020\/11\/18\/protocolos-de-apertura-de-actividades-a-partir-del-primero-de-diciembre\/#breadcrumb"},"inLanguage":"es","potentialAction":[{"@type":"ReadAction","target":["https:\/\/www.celttv.com.ar\/index.php\/2020\/11\/18\/protocolos-de-apertura-de-actividades-a-partir-del-primero-de-diciembre\/"]}]},{"@type":"BreadcrumbList","@id":"https:\/\/www.celttv.com.ar\/index.php\/2020\/11\/18\/protocolos-de-apertura-de-actividades-a-partir-del-primero-de-diciembre\/#breadcrumb","itemListElement":[{"@type":"ListItem","position":1,"name":"Inicio","item":"https:\/\/www.celttv.com.ar\/"},{"@type":"ListItem","position":2,"name":"PROTOCOLOS DE APERTURA DE ACTIVIDADES A PARTIR DEL PRIMERO DE DICIEMBRE"}]},{"@type":"WebSite","@id":"https:\/\/www.celttv.com.ar\/#website","url":"https:\/\/www.celttv.com.ar\/","name":"CELTTV","description":"Cooperativa El\u00e9ctrica de Tornquist","publisher":{"@id":"https:\/\/www.celttv.com.ar\/#organization"},"potentialAction":[{"@type":"SearchAction","target":{"@type":"EntryPoint","urlTemplate":"https:\/\/www.celttv.com.ar\/?s={search_term_string}"},"query-input":"required name=search_term_string"}],"inLanguage":"es"},{"@type":"Organization","@id":"https:\/\/www.celttv.com.ar\/#organization","name":"CELTTV","url":"https:\/\/www.celttv.com.ar\/","sameAs":["https:\/\/www.youtube.com\/channel\/UCz_oIt8Hig64Ub-EmcNPIhg","https:\/\/www.facebook.com\/celtTV\/"],"logo":{"@type":"ImageObject","inLanguage":"es","@id":"https:\/\/www.celttv.com.ar\/#\/schema\/logo\/image\/","url":"http:\/\/www.celttv.com.ar\/wp-content\/uploads\/2022\/08\/logo-1.png","contentUrl":"http:\/\/www.celttv.com.ar\/wp-content\/uploads\/2022\/08\/logo-1.png","width":461,"height":159,"caption":"CELTTV"},"image":{"@id":"https:\/\/www.celttv.com.ar\/#\/schema\/logo\/image\/"}},{"@type":"Person","@id":"https:\/\/www.celttv.com.ar\/#\/schema\/person\/6d99c072dba59953809c81446e9d0ace","name":"ulises","image":{"@type":"ImageObject","inLanguage":"es","@id":"https:\/\/www.celttv.com.ar\/#\/schema\/person\/image\/","url":"https:\/\/secure.gravatar.com\/avatar\/7f2c48bdc33b30088f941fb6082e555f2874c98e20cb159d7b92b50eadfce793?s=96&d=mm&r=g","contentUrl":"https:\/\/secure.gravatar.com\/avatar\/7f2c48bdc33b30088f941fb6082e555f2874c98e20cb159d7b92b50eadfce793?s=96&d=mm&r=g","caption":"ulises"},"sameAs":["http:\/\/www.celttv.com.ar"]}]}},"_links":{"self":[{"href":"https:\/\/www.celttv.com.ar\/index.php\/wp-json\/wp\/v2\/posts\/53496","targetHints":{"allow":["GET"]}}],"collection":[{"href":"https:\/\/www.celttv.com.ar\/index.php\/wp-json\/wp\/v2\/posts"}],"about":[{"href":"https:\/\/www.celttv.com.ar\/index.php\/wp-json\/wp\/v2\/types\/post"}],"author":[{"embeddable":true,"href":"https:\/\/www.celttv.com.ar\/index.php\/wp-json\/wp\/v2\/users\/1"}],"replies":[{"embeddable":true,"href":"https:\/\/www.celttv.com.ar\/index.php\/wp-json\/wp\/v2\/comments?post=53496"}],"version-history":[{"count":0,"href":"https:\/\/www.celttv.com.ar\/index.php\/wp-json\/wp\/v2\/posts\/53496\/revisions"}],"wp:featuredmedia":[{"embeddable":true,"href":"https:\/\/www.celttv.com.ar\/index.php\/wp-json\/wp\/v2\/media\/52665"}],"wp:attachment":[{"href":"https:\/\/www.celttv.com.ar\/index.php\/wp-json\/wp\/v2\/media?parent=53496"}],"wp:term":[{"taxonomy":"category","embeddable":true,"href":"https:\/\/www.celttv.com.ar\/index.php\/wp-json\/wp\/v2\/categories?post=53496"},{"taxonomy":"post_tag","embeddable":true,"href":"https:\/\/www.celttv.com.ar\/index.php\/wp-json\/wp\/v2\/tags?post=53496"}],"curies":[{"name":"wp","href":"https:\/\/api.w.org\/{rel}","templated":true}]}}