{"id":53508,"date":"2020-11-18T20:41:21","date_gmt":"2020-11-18T20:41:21","guid":{"rendered":"http:\/\/www.celttv.com.ar\/?p=53508"},"modified":"2020-11-18T20:41:21","modified_gmt":"2020-11-18T20:41:21","slug":"ezequiel-gabella-hoy-se-ha-instalado-peligrosamente-en-la-sociedad-una-sensacion-de-pospandemia","status":"publish","type":"post","link":"https:\/\/www.celttv.com.ar\/index.php\/2020\/11\/18\/ezequiel-gabella-hoy-se-ha-instalado-peligrosamente-en-la-sociedad-una-sensacion-de-pospandemia\/","title":{"rendered":"Ezequiel Gabella: &#8220;Hoy se ha instalado peligrosamente en la sociedad una sensaci\u00f3n de pospandemia&#8221;"},"content":{"rendered":"<p>&#8220;Lo que est\u00e1 ocurriendo en Tornquist forma parte de las realidades que se viven en cada uno de los distritos. Hoy Tornquist despu\u00e9s de haber sorteado un brote bastante grande, donde llegamos a tener m\u00e1s de 80 casos activos. Hoy vernos con solo 8 casos activos ha instalado peligrosamente en la sociedad una sensaci\u00f3n de pospandemia; como que la enfermedad en Tornquist ya pas\u00f3 y es un grave error que nos puede salir muy caro en lo que respecta a la salud de la poblaci\u00f3n&#8221; coment\u00f3 el Secretario de Gobierno y Seguridad Ezequiel Gabella en di\u00e1logo con CELTTV Noticias, luego de los acontecimientos del fin de semana.<\/p>\n<p>&#8220;Mucha gente se relaj\u00f3 y se est\u00e1n tomando actitudes o acciones del d\u00eda a d\u00eda, como que la enfermedad ya pasara y se fue.\u00a0 Hago esta introducci\u00f3n porque gran parte de lo que ocurri\u00f3 el pasado fin de semana son casi de una vida normal de la &#8220;vieja normalidad&#8221;, con mucha gente en la calle, mucha gente reunida, incluso hasta altas horas de la noche&#8221; dijo Gabella al ser consultado sobre los acontecimientos que incomodaron a varios vecinos por ruidos molesto y picadas de veh\u00edculos especialmente en horarios nocturnos.<\/p>\n<p>En relaci\u00f3n a las medidas anunciadas por el Municipios para ejercer un mayor control, Gabella aclar\u00f3 que la idea no es prohibir pero s\u00ed controlar.<\/p>\n<p>&#8220;Lo que no podemos permitir es agregarle problemas a la situaci\u00f3n epidemiol\u00f3gica y de gran riego como son personas circulando en veh\u00edculos a excesiva velocidad, o en los accesos o que haya un consumo de alcohol desmedido en cualquier lugar y a cualquier hora o el tema del volumen de la m\u00fasica que molesta a la gente. Esas cosas son las que vamos ajustar&#8221; asegur\u00f3 Gabella.<\/p>\n<p>El Secretario de Gobierno reconoci\u00f3 que se advirtieron algunas cuestiones necesarias de ajustar y en esa direcci\u00f3n en las \u00faltimas horas mantuvo distintas reuniones con autoridades policiales y el cuerpo de inspectores.<\/p>\n<p>PUEDE CORRER RIESGO LA TEMPORADA TURISTICA<\/p>\n<p>El funcionario municipal tambi\u00e9n se refiri\u00f3 al riesgo que significa no cumplir con los protocolos, lo que puede poner en riesgo la temporada tur\u00edstica de la comarca si los casos positivos se van incrementando.<\/p>\n<p><iframe loading=\"lazy\" title=\"2020 11 18 EZEQUIEL GABELLA VIA ZOOM\" width=\"500\" height=\"281\" src=\"https:\/\/www.youtube.com\/embed\/G7_aPW-295g?feature=oembed\" frameborder=\"0\" allow=\"accelerometer; autoplay; clipboard-write; encrypted-media; gyroscope; picture-in-picture; web-share\" referrerpolicy=\"strict-origin-when-cross-origin\" allowfullscreen><\/iframe><\/p>\n","protected":false},"excerpt":{"rendered":"<p>&#8220;Lo que est\u00e1 ocurriendo en Tornquist forma parte de las realidades que se viven en cada uno de los distritos. Hoy Tornquist despu\u00e9s de haber sorteado un brote bastante grande, donde llegamos a tener m\u00e1s de 80 casos activos. Hoy vernos con solo 8 casos activos ha instalado peligrosamente en la sociedad una sensaci\u00f3n de [&hellip;]<\/p>\n","protected":false},"author":1,"featured_media":53509,"comment_status":"closed","ping_status":"open","sticky":false,"template":"","format":"standard","meta":{"footnotes":""},"categories":[51,52,58],"tags":[],"class_list":["post-53508","post","type-post","status-publish","format-standard","has-post-thumbnail","hentry","category-comunidad","category-destacadas","category-turismo"],"yoast_head":"<!-- This site is optimized with the Yoast SEO plugin v19.7.1 - https:\/\/yoast.com\/wordpress\/plugins\/seo\/ -->\n<title>Ezequiel Gabella: &quot;Hoy se ha instalado peligrosamente en la sociedad una sensaci\u00f3n de pospandemia&quot; - CELTTV<\/title>\n<meta name=\"description\" content=\"Sitio web de noticias de la localidad de Tornquist, provincia de Buenos Aires, Rep\u00fablica Argentina. Contenido propio originado por periodistas de CELTTV, el canal de TV local de la Cooperativa El\u00e9ctrica de Tornquist. Turismo, Pol\u00edtica, Sociedad, Deporte, Cultura y todo el contenido de inter\u00e9s general que la gente del pueblo y la regi\u00f3n debe conocer.\" \/>\n<meta name=\"robots\" content=\"index, follow, max-snippet:-1, max-image-preview:large, max-video-preview:-1\" \/>\n<link rel=\"canonical\" href=\"https:\/\/www.celttv.com.ar\/index.php\/2020\/11\/18\/ezequiel-gabella-hoy-se-ha-instalado-peligrosamente-en-la-sociedad-una-sensacion-de-pospandemia\/\" \/>\n<meta property=\"og:locale\" content=\"es_ES\" \/>\n<meta property=\"og:type\" content=\"article\" \/>\n<meta property=\"og:title\" content=\"Ezequiel Gabella: &quot;Hoy se ha instalado peligrosamente en la sociedad una sensaci\u00f3n de pospandemia&quot; - CELTTV\" \/>\n<meta property=\"og:description\" content=\"Sitio web de noticias de la localidad de Tornquist, provincia de Buenos Aires, Rep\u00fablica Argentina. Contenido propio originado por periodistas de CELTTV, el canal de TV local de la Cooperativa El\u00e9ctrica de Tornquist. Turismo, Pol\u00edtica, Sociedad, Deporte, Cultura y todo el contenido de inter\u00e9s general que la gente del pueblo y la regi\u00f3n debe conocer.\" \/>\n<meta property=\"og:url\" content=\"https:\/\/www.celttv.com.ar\/index.php\/2020\/11\/18\/ezequiel-gabella-hoy-se-ha-instalado-peligrosamente-en-la-sociedad-una-sensacion-de-pospandemia\/\" \/>\n<meta property=\"og:site_name\" content=\"CELTTV\" \/>\n<meta property=\"article:publisher\" content=\"https:\/\/www.facebook.com\/celtTV\/\" \/>\n<meta property=\"article:published_time\" content=\"2020-11-18T20:41:21+00:00\" \/>\n<meta property=\"og:image\" content=\"https:\/\/www.celttv.com.ar\/wp-content\/uploads\/2020\/11\/gabella-seguridad-quejas.jpg\" \/>\n\t<meta property=\"og:image:width\" content=\"716\" \/>\n\t<meta property=\"og:image:height\" content=\"436\" \/>\n\t<meta property=\"og:image:type\" content=\"image\/jpeg\" \/>\n<meta name=\"author\" content=\"ulises\" \/>\n<meta name=\"twitter:card\" content=\"summary_large_image\" \/>\n<meta name=\"twitter:label1\" content=\"Escrito por\" \/>\n\t<meta name=\"twitter:data1\" content=\"ulises\" \/>\n\t<meta name=\"twitter:label2\" content=\"Tiempo de lectura\" \/>\n\t<meta name=\"twitter:data2\" content=\"2 minutos\" \/>\n<script type=\"application\/ld+json\" class=\"yoast-schema-graph\">{\"@context\":\"https:\/\/schema.org\",\"@graph\":[{\"@type\":\"NewsArticle\",\"@id\":\"https:\/\/www.celttv.com.ar\/index.php\/2020\/11\/18\/ezequiel-gabella-hoy-se-ha-instalado-peligrosamente-en-la-sociedad-una-sensacion-de-pospandemia\/#article\",\"isPartOf\":{\"@id\":\"https:\/\/www.celttv.com.ar\/index.php\/2020\/11\/18\/ezequiel-gabella-hoy-se-ha-instalado-peligrosamente-en-la-sociedad-una-sensacion-de-pospandemia\/\"},\"author\":{\"name\":\"ulises\",\"@id\":\"https:\/\/www.celttv.com.ar\/#\/schema\/person\/6d99c072dba59953809c81446e9d0ace\"},\"headline\":\"Ezequiel Gabella: &#8220;Hoy se ha instalado peligrosamente en la sociedad una sensaci\u00f3n de pospandemia&#8221;\",\"datePublished\":\"2020-11-18T20:41:21+00:00\",\"dateModified\":\"2020-11-18T20:41:21+00:00\",\"mainEntityOfPage\":{\"@id\":\"https:\/\/www.celttv.com.ar\/index.php\/2020\/11\/18\/ezequiel-gabella-hoy-se-ha-instalado-peligrosamente-en-la-sociedad-una-sensacion-de-pospandemia\/\"},\"wordCount\":396,\"publisher\":{\"@id\":\"https:\/\/www.celttv.com.ar\/#organization\"},\"articleSection\":[\"Comunidad\",\"Destacadas\",\"Turismo\"],\"inLanguage\":\"es\"},{\"@type\":\"WebPage\",\"@id\":\"https:\/\/www.celttv.com.ar\/index.php\/2020\/11\/18\/ezequiel-gabella-hoy-se-ha-instalado-peligrosamente-en-la-sociedad-una-sensacion-de-pospandemia\/\",\"url\":\"https:\/\/www.celttv.com.ar\/index.php\/2020\/11\/18\/ezequiel-gabella-hoy-se-ha-instalado-peligrosamente-en-la-sociedad-una-sensacion-de-pospandemia\/\",\"name\":\"Ezequiel Gabella: \\\"Hoy se ha instalado peligrosamente en la sociedad una sensaci\u00f3n de pospandemia\\\" - CELTTV\",\"isPartOf\":{\"@id\":\"https:\/\/www.celttv.com.ar\/#website\"},\"datePublished\":\"2020-11-18T20:41:21+00:00\",\"dateModified\":\"2020-11-18T20:41:21+00:00\",\"description\":\"Sitio web de noticias de la localidad de Tornquist, provincia de Buenos Aires, Rep\u00fablica Argentina. Contenido propio originado por periodistas de CELTTV, el canal de TV local de la Cooperativa El\u00e9ctrica de Tornquist. Turismo, Pol\u00edtica, Sociedad, Deporte, Cultura y todo el contenido de inter\u00e9s general que la gente del pueblo y la regi\u00f3n debe conocer.\",\"breadcrumb\":{\"@id\":\"https:\/\/www.celttv.com.ar\/index.php\/2020\/11\/18\/ezequiel-gabella-hoy-se-ha-instalado-peligrosamente-en-la-sociedad-una-sensacion-de-pospandemia\/#breadcrumb\"},\"inLanguage\":\"es\",\"potentialAction\":[{\"@type\":\"ReadAction\",\"target\":[\"https:\/\/www.celttv.com.ar\/index.php\/2020\/11\/18\/ezequiel-gabella-hoy-se-ha-instalado-peligrosamente-en-la-sociedad-una-sensacion-de-pospandemia\/\"]}]},{\"@type\":\"BreadcrumbList\",\"@id\":\"https:\/\/www.celttv.com.ar\/index.php\/2020\/11\/18\/ezequiel-gabella-hoy-se-ha-instalado-peligrosamente-en-la-sociedad-una-sensacion-de-pospandemia\/#breadcrumb\",\"itemListElement\":[{\"@type\":\"ListItem\",\"position\":1,\"name\":\"Inicio\",\"item\":\"https:\/\/www.celttv.com.ar\/\"},{\"@type\":\"ListItem\",\"position\":2,\"name\":\"Ezequiel Gabella: &#8220;Hoy se ha instalado peligrosamente en la sociedad una sensaci\u00f3n de pospandemia&#8221;\"}]},{\"@type\":\"WebSite\",\"@id\":\"https:\/\/www.celttv.com.ar\/#website\",\"url\":\"https:\/\/www.celttv.com.ar\/\",\"name\":\"CELTTV\",\"description\":\"Cooperativa El\u00e9ctrica de Tornquist\",\"publisher\":{\"@id\":\"https:\/\/www.celttv.com.ar\/#organization\"},\"potentialAction\":[{\"@type\":\"SearchAction\",\"target\":{\"@type\":\"EntryPoint\",\"urlTemplate\":\"https:\/\/www.celttv.com.ar\/?s={search_term_string}\"},\"query-input\":\"required name=search_term_string\"}],\"inLanguage\":\"es\"},{\"@type\":\"Organization\",\"@id\":\"https:\/\/www.celttv.com.ar\/#organization\",\"name\":\"CELTTV\",\"url\":\"https:\/\/www.celttv.com.ar\/\",\"sameAs\":[\"https:\/\/www.youtube.com\/channel\/UCz_oIt8Hig64Ub-EmcNPIhg\",\"https:\/\/www.facebook.com\/celtTV\/\"],\"logo\":{\"@type\":\"ImageObject\",\"inLanguage\":\"es\",\"@id\":\"https:\/\/www.celttv.com.ar\/#\/schema\/logo\/image\/\",\"url\":\"http:\/\/www.celttv.com.ar\/wp-content\/uploads\/2022\/08\/logo-1.png\",\"contentUrl\":\"http:\/\/www.celttv.com.ar\/wp-content\/uploads\/2022\/08\/logo-1.png\",\"width\":461,\"height\":159,\"caption\":\"CELTTV\"},\"image\":{\"@id\":\"https:\/\/www.celttv.com.ar\/#\/schema\/logo\/image\/\"}},{\"@type\":\"Person\",\"@id\":\"https:\/\/www.celttv.com.ar\/#\/schema\/person\/6d99c072dba59953809c81446e9d0ace\",\"name\":\"ulises\",\"image\":{\"@type\":\"ImageObject\",\"inLanguage\":\"es\",\"@id\":\"https:\/\/www.celttv.com.ar\/#\/schema\/person\/image\/\",\"url\":\"https:\/\/secure.gravatar.com\/avatar\/7f2c48bdc33b30088f941fb6082e555f2874c98e20cb159d7b92b50eadfce793?s=96&d=mm&r=g\",\"contentUrl\":\"https:\/\/secure.gravatar.com\/avatar\/7f2c48bdc33b30088f941fb6082e555f2874c98e20cb159d7b92b50eadfce793?s=96&d=mm&r=g\",\"caption\":\"ulises\"},\"sameAs\":[\"http:\/\/www.celttv.com.ar\"]}]}<\/script>\n<!-- \/ Yoast SEO plugin. -->","yoast_head_json":{"title":"Ezequiel Gabella: \"Hoy se ha instalado peligrosamente en la sociedad una sensaci\u00f3n de pospandemia\" - CELTTV","description":"Sitio web de noticias de la localidad de Tornquist, provincia de Buenos Aires, Rep\u00fablica Argentina. Contenido propio originado por periodistas de CELTTV, el canal de TV local de la Cooperativa El\u00e9ctrica de Tornquist. Turismo, Pol\u00edtica, Sociedad, Deporte, Cultura y todo el contenido de inter\u00e9s general que la gente del pueblo y la regi\u00f3n debe conocer.","robots":{"index":"index","follow":"follow","max-snippet":"max-snippet:-1","max-image-preview":"max-image-preview:large","max-video-preview":"max-video-preview:-1"},"canonical":"https:\/\/www.celttv.com.ar\/index.php\/2020\/11\/18\/ezequiel-gabella-hoy-se-ha-instalado-peligrosamente-en-la-sociedad-una-sensacion-de-pospandemia\/","og_locale":"es_ES","og_type":"article","og_title":"Ezequiel Gabella: \"Hoy se ha instalado peligrosamente en la sociedad una sensaci\u00f3n de pospandemia\" - CELTTV","og_description":"Sitio web de noticias de la localidad de Tornquist, provincia de Buenos Aires, Rep\u00fablica Argentina. Contenido propio originado por periodistas de CELTTV, el canal de TV local de la Cooperativa El\u00e9ctrica de Tornquist. Turismo, Pol\u00edtica, Sociedad, Deporte, Cultura y todo el contenido de inter\u00e9s general que la gente del pueblo y la regi\u00f3n debe conocer.","og_url":"https:\/\/www.celttv.com.ar\/index.php\/2020\/11\/18\/ezequiel-gabella-hoy-se-ha-instalado-peligrosamente-en-la-sociedad-una-sensacion-de-pospandemia\/","og_site_name":"CELTTV","article_publisher":"https:\/\/www.facebook.com\/celtTV\/","article_published_time":"2020-11-18T20:41:21+00:00","og_image":[{"width":716,"height":436,"url":"https:\/\/www.celttv.com.ar\/wp-content\/uploads\/2020\/11\/gabella-seguridad-quejas.jpg","type":"image\/jpeg"}],"author":"ulises","twitter_card":"summary_large_image","twitter_misc":{"Escrito por":"ulises","Tiempo de lectura":"2 minutos"},"schema":{"@context":"https:\/\/schema.org","@graph":[{"@type":"NewsArticle","@id":"https:\/\/www.celttv.com.ar\/index.php\/2020\/11\/18\/ezequiel-gabella-hoy-se-ha-instalado-peligrosamente-en-la-sociedad-una-sensacion-de-pospandemia\/#article","isPartOf":{"@id":"https:\/\/www.celttv.com.ar\/index.php\/2020\/11\/18\/ezequiel-gabella-hoy-se-ha-instalado-peligrosamente-en-la-sociedad-una-sensacion-de-pospandemia\/"},"author":{"name":"ulises","@id":"https:\/\/www.celttv.com.ar\/#\/schema\/person\/6d99c072dba59953809c81446e9d0ace"},"headline":"Ezequiel Gabella: &#8220;Hoy se ha instalado peligrosamente en la sociedad una sensaci\u00f3n de pospandemia&#8221;","datePublished":"2020-11-18T20:41:21+00:00","dateModified":"2020-11-18T20:41:21+00:00","mainEntityOfPage":{"@id":"https:\/\/www.celttv.com.ar\/index.php\/2020\/11\/18\/ezequiel-gabella-hoy-se-ha-instalado-peligrosamente-en-la-sociedad-una-sensacion-de-pospandemia\/"},"wordCount":396,"publisher":{"@id":"https:\/\/www.celttv.com.ar\/#organization"},"articleSection":["Comunidad","Destacadas","Turismo"],"inLanguage":"es"},{"@type":"WebPage","@id":"https:\/\/www.celttv.com.ar\/index.php\/2020\/11\/18\/ezequiel-gabella-hoy-se-ha-instalado-peligrosamente-en-la-sociedad-una-sensacion-de-pospandemia\/","url":"https:\/\/www.celttv.com.ar\/index.php\/2020\/11\/18\/ezequiel-gabella-hoy-se-ha-instalado-peligrosamente-en-la-sociedad-una-sensacion-de-pospandemia\/","name":"Ezequiel Gabella: \"Hoy se ha instalado peligrosamente en la sociedad una sensaci\u00f3n de pospandemia\" - CELTTV","isPartOf":{"@id":"https:\/\/www.celttv.com.ar\/#website"},"datePublished":"2020-11-18T20:41:21+00:00","dateModified":"2020-11-18T20:41:21+00:00","description":"Sitio web de noticias de la localidad de Tornquist, provincia de Buenos Aires, Rep\u00fablica Argentina. Contenido propio originado por periodistas de CELTTV, el canal de TV local de la Cooperativa El\u00e9ctrica de Tornquist. Turismo, Pol\u00edtica, Sociedad, Deporte, Cultura y todo el contenido de inter\u00e9s general que la gente del pueblo y la regi\u00f3n debe conocer.","breadcrumb":{"@id":"https:\/\/www.celttv.com.ar\/index.php\/2020\/11\/18\/ezequiel-gabella-hoy-se-ha-instalado-peligrosamente-en-la-sociedad-una-sensacion-de-pospandemia\/#breadcrumb"},"inLanguage":"es","potentialAction":[{"@type":"ReadAction","target":["https:\/\/www.celttv.com.ar\/index.php\/2020\/11\/18\/ezequiel-gabella-hoy-se-ha-instalado-peligrosamente-en-la-sociedad-una-sensacion-de-pospandemia\/"]}]},{"@type":"BreadcrumbList","@id":"https:\/\/www.celttv.com.ar\/index.php\/2020\/11\/18\/ezequiel-gabella-hoy-se-ha-instalado-peligrosamente-en-la-sociedad-una-sensacion-de-pospandemia\/#breadcrumb","itemListElement":[{"@type":"ListItem","position":1,"name":"Inicio","item":"https:\/\/www.celttv.com.ar\/"},{"@type":"ListItem","position":2,"name":"Ezequiel Gabella: &#8220;Hoy se ha instalado peligrosamente en la sociedad una sensaci\u00f3n de pospandemia&#8221;"}]},{"@type":"WebSite","@id":"https:\/\/www.celttv.com.ar\/#website","url":"https:\/\/www.celttv.com.ar\/","name":"CELTTV","description":"Cooperativa El\u00e9ctrica de Tornquist","publisher":{"@id":"https:\/\/www.celttv.com.ar\/#organization"},"potentialAction":[{"@type":"SearchAction","target":{"@type":"EntryPoint","urlTemplate":"https:\/\/www.celttv.com.ar\/?s={search_term_string}"},"query-input":"required name=search_term_string"}],"inLanguage":"es"},{"@type":"Organization","@id":"https:\/\/www.celttv.com.ar\/#organization","name":"CELTTV","url":"https:\/\/www.celttv.com.ar\/","sameAs":["https:\/\/www.youtube.com\/channel\/UCz_oIt8Hig64Ub-EmcNPIhg","https:\/\/www.facebook.com\/celtTV\/"],"logo":{"@type":"ImageObject","inLanguage":"es","@id":"https:\/\/www.celttv.com.ar\/#\/schema\/logo\/image\/","url":"http:\/\/www.celttv.com.ar\/wp-content\/uploads\/2022\/08\/logo-1.png","contentUrl":"http:\/\/www.celttv.com.ar\/wp-content\/uploads\/2022\/08\/logo-1.png","width":461,"height":159,"caption":"CELTTV"},"image":{"@id":"https:\/\/www.celttv.com.ar\/#\/schema\/logo\/image\/"}},{"@type":"Person","@id":"https:\/\/www.celttv.com.ar\/#\/schema\/person\/6d99c072dba59953809c81446e9d0ace","name":"ulises","image":{"@type":"ImageObject","inLanguage":"es","@id":"https:\/\/www.celttv.com.ar\/#\/schema\/person\/image\/","url":"https:\/\/secure.gravatar.com\/avatar\/7f2c48bdc33b30088f941fb6082e555f2874c98e20cb159d7b92b50eadfce793?s=96&d=mm&r=g","contentUrl":"https:\/\/secure.gravatar.com\/avatar\/7f2c48bdc33b30088f941fb6082e555f2874c98e20cb159d7b92b50eadfce793?s=96&d=mm&r=g","caption":"ulises"},"sameAs":["http:\/\/www.celttv.com.ar"]}]}},"_links":{"self":[{"href":"https:\/\/www.celttv.com.ar\/index.php\/wp-json\/wp\/v2\/posts\/53508","targetHints":{"allow":["GET"]}}],"collection":[{"href":"https:\/\/www.celttv.com.ar\/index.php\/wp-json\/wp\/v2\/posts"}],"about":[{"href":"https:\/\/www.celttv.com.ar\/index.php\/wp-json\/wp\/v2\/types\/post"}],"author":[{"embeddable":true,"href":"https:\/\/www.celttv.com.ar\/index.php\/wp-json\/wp\/v2\/users\/1"}],"replies":[{"embeddable":true,"href":"https:\/\/www.celttv.com.ar\/index.php\/wp-json\/wp\/v2\/comments?post=53508"}],"version-history":[{"count":0,"href":"https:\/\/www.celttv.com.ar\/index.php\/wp-json\/wp\/v2\/posts\/53508\/revisions"}],"wp:featuredmedia":[{"embeddable":true,"href":"https:\/\/www.celttv.com.ar\/index.php\/wp-json\/wp\/v2\/media\/53509"}],"wp:attachment":[{"href":"https:\/\/www.celttv.com.ar\/index.php\/wp-json\/wp\/v2\/media?parent=53508"}],"wp:term":[{"taxonomy":"category","embeddable":true,"href":"https:\/\/www.celttv.com.ar\/index.php\/wp-json\/wp\/v2\/categories?post=53508"},{"taxonomy":"post_tag","embeddable":true,"href":"https:\/\/www.celttv.com.ar\/index.php\/wp-json\/wp\/v2\/tags?post=53508"}],"curies":[{"name":"wp","href":"https:\/\/api.w.org\/{rel}","templated":true}]}}