{"id":5442,"date":"2012-03-16T12:26:57","date_gmt":"2012-03-16T12:26:57","guid":{"rendered":"http:\/\/www.tvcnoticias.com.ar\/?p=5442"},"modified":"2012-03-16T12:26:57","modified_gmt":"2012-03-16T12:26:57","slug":"los-trabajadores-hicieron-retroceder-a-la-corpo-escribe-leo-villafane","status":"publish","type":"post","link":"https:\/\/www.celttv.com.ar\/index.php\/2012\/03\/16\/los-trabajadores-hicieron-retroceder-a-la-corpo-escribe-leo-villafane\/","title":{"rendered":"LOS TRABAJADORES HICIERON RETROCEDER A LA &#8220;CORPO&#8221; (Escribe: Leo Villafa\u00f1e)"},"content":{"rendered":"<p>El reconocido periodista de Clar\u00edn, Ismael Berm\u00fadez, fue reincorporado a sus tareas habituales, luego de que la patronal pretendiera jubilarlo con la \u2018promesa\u2019 de que ser\u00eda retomado luego de un tiempo. La \u2018reincorporaci\u00f3n\u2019 vendr\u00eda acompa\u00f1ada por un sueldo inferior y como colaborador permanente, no como parte del staff. Berm\u00fadez rechaz\u00f3 de plano estas condiciones. Ahora, como consecuencia de una movilizaci\u00f3n excepcional, tanto dentro como fuera de la Redacci\u00f3n, la patronal retrotrajo lo que era un despido; adem\u00e1s, ha reconocido a Berm\u00fadez la condici\u00f3n de trabajador efectivo que no tuvo en dos d\u00e9cadas y medio de trabajo en el diario -a pesar de que sus informaciones y comentarios se hab\u00edan convertido en los m\u00e1s prestigiosos y le\u00eddos del matutino, en especial por los trabajadores jubilados y los actores sindicales, as\u00ed como sus an\u00e1lisis econ\u00f3micos eran los m\u00e1s discutidos en los c\u00edrculos especializados y por los lectores interesados.<br \/>\nLa llamada \u2018corpo\u2019 ha sufrido un golpe en su manejo arbitrario de las labores del diario, pero algo similar le pasa a sus rivales oficialistas -que denostaron reiteradamente a este periodista y llegaron a exigir, incluso, una renuncia masiva del personal period\u00edstico de Clar\u00edn. Lejos de elegir la retirada, los trabajadores produjeron un avance considerable en la lucha por los derechos laborales en el diario. La reincorporaci\u00f3n de \u201cIsmael\u201d (como se lo conoce entre sus compa\u00f1eros) sigue a la victoria que obtuvo, hace un par de meses, la lista anti-burocr\u00e1tica en la gr\u00e1fica AGR-Clar\u00edn.<br \/>\nLos compa\u00f1eros de Clar\u00edn, en las condiciones dif\u00edciles que supone no contar con una comisi\u00f3n interna ni con libertad sindical alguna por la pol\u00edtica represiva de la patronal, se dieron a la tarea de juntar firmas para reclamar que el diario diera marcha atr\u00e1s con la decisi\u00f3n. Bajo el t\u00edtulo \u201cIsmael deber\u00eda seguir trabajando entre nosotros\u201d, m\u00e1s de 120 periodistas del diario presentaron el reclamo a la patronal, mientras tanto en el diario como en el gremio el petitorio segu\u00eda cosechando adhesiones. Para ese entonces, \u00e9ste se hab\u00eda extendido a economistas y abogados de un foro judicial significativo (el laboral y previsional), a otras comisiones internas del gremio y a figuras del \u00e1mbito period\u00edstico gr\u00e1fico, radial y televisivo.<br \/>\nLa reincorporaci\u00f3n de Berm\u00fadez, lograda con la metodolog\u00eda de la movilizaci\u00f3n a cara descubierta, es parte de un proceso m\u00e1s general de resistencia de los trabajadores a las condiciones laborales de flexibilizaci\u00f3n y precariedad que rigen en todas las empresas del grupo. El a\u00f1o pasado, los periodistas de Clar\u00edn y Ol\u00e9 se sumaron a la lucha de todo el gremio de prensa contra el cierre del diario Cr\u00edtica, mediante un aplauso ensordecedor de varios minutos en la redacci\u00f3n. Ya se\u00f1alamos la enorme victoria reciente, lograda por los gr\u00e1ficos de AGR, primero con la reincorporaci\u00f3n de Pablo Vi\u00f1as a su puesto de trabajo, y luego con su triunfo, meses despu\u00e9s, como cabeza de un nuevo cuerpo de delegados que desplaz\u00f3 a la burocracia moyano-ongarista en el taller.<br \/>\nEl reingreso del compa\u00f1ero a la Redacci\u00f3n se produjo en medio de un sonoro y significativo aplauso. Este triunfo de los periodistas de Clar\u00edn y Ol\u00e9 es un gran paso adelante en la pelea de todo el gremio de prensa por la organizaci\u00f3n sindical en la empresa y, m\u00e1s en general, en la lucha por una paritaria victoriosa en la rama de los diarios de la Capital.<br \/>\nComo en AGR, los trabajadores de periodismo han hecho m\u00e1s contra la pol\u00edtica anti-sindical de la \u201ccorpo\u201d que ocho a\u00f1os de gobierno kirchnerista, en los cuales Tomada convalid\u00f3 todos los atropellos a los trabajadores por parte del grupo.<br \/>\nLeo Villafa\u00f1e<\/p>\n","protected":false},"excerpt":{"rendered":"<p>El reconocido periodista de Clar\u00edn, Ismael Berm\u00fadez, fue reincorporado a sus tareas habituales, luego de que la patronal pretendiera jubilarlo con la \u2018promesa\u2019 de que ser\u00eda retomado luego de un tiempo. La \u2018reincorporaci\u00f3n\u2019 vendr\u00eda acompa\u00f1ada por un sueldo inferior y como colaborador permanente, no como parte del staff. Berm\u00fadez rechaz\u00f3 de plano estas condiciones. Ahora, [&hellip;]<\/p>\n","protected":false},"author":1,"featured_media":0,"comment_status":"closed","ping_status":"open","sticky":false,"template":"","format":"standard","meta":{"footnotes":""},"categories":[95],"tags":[],"class_list":["post-5442","post","type-post","status-publish","format-standard","hentry","category-opiniones"],"yoast_head":"<!-- This site is optimized with the Yoast SEO plugin v19.7.1 - https:\/\/yoast.com\/wordpress\/plugins\/seo\/ -->\n<title>LOS TRABAJADORES HICIERON RETROCEDER A LA &quot;CORPO&quot; (Escribe: Leo Villafa\u00f1e) - CELTTV<\/title>\n<meta name=\"description\" content=\"Sitio web de noticias de la localidad de Tornquist, provincia de Buenos Aires, Rep\u00fablica Argentina. Contenido propio originado por periodistas de CELTTV, el canal de TV local de la Cooperativa El\u00e9ctrica de Tornquist. Turismo, Pol\u00edtica, Sociedad, Deporte, Cultura y todo el contenido de inter\u00e9s general que la gente del pueblo y la regi\u00f3n debe conocer.\" \/>\n<meta name=\"robots\" content=\"index, follow, max-snippet:-1, max-image-preview:large, max-video-preview:-1\" \/>\n<link rel=\"canonical\" href=\"https:\/\/www.celttv.com.ar\/index.php\/2012\/03\/16\/los-trabajadores-hicieron-retroceder-a-la-corpo-escribe-leo-villafane\/\" \/>\n<meta property=\"og:locale\" content=\"es_ES\" \/>\n<meta property=\"og:type\" content=\"article\" \/>\n<meta property=\"og:title\" content=\"LOS TRABAJADORES HICIERON RETROCEDER A LA &quot;CORPO&quot; (Escribe: Leo Villafa\u00f1e) - CELTTV\" \/>\n<meta property=\"og:description\" content=\"Sitio web de noticias de la localidad de Tornquist, provincia de Buenos Aires, Rep\u00fablica Argentina. Contenido propio originado por periodistas de CELTTV, el canal de TV local de la Cooperativa El\u00e9ctrica de Tornquist. Turismo, Pol\u00edtica, Sociedad, Deporte, Cultura y todo el contenido de inter\u00e9s general que la gente del pueblo y la regi\u00f3n debe conocer.\" \/>\n<meta property=\"og:url\" content=\"https:\/\/www.celttv.com.ar\/index.php\/2012\/03\/16\/los-trabajadores-hicieron-retroceder-a-la-corpo-escribe-leo-villafane\/\" \/>\n<meta property=\"og:site_name\" content=\"CELTTV\" \/>\n<meta property=\"article:publisher\" content=\"https:\/\/www.facebook.com\/celtTV\/\" \/>\n<meta property=\"article:published_time\" content=\"2012-03-16T12:26:57+00:00\" \/>\n<meta name=\"author\" content=\"ulises\" \/>\n<meta name=\"twitter:card\" content=\"summary_large_image\" \/>\n<meta name=\"twitter:label1\" content=\"Escrito por\" \/>\n\t<meta name=\"twitter:data1\" content=\"ulises\" \/>\n\t<meta name=\"twitter:label2\" content=\"Tiempo de lectura\" \/>\n\t<meta name=\"twitter:data2\" content=\"3 minutos\" \/>\n<script type=\"application\/ld+json\" class=\"yoast-schema-graph\">{\"@context\":\"https:\/\/schema.org\",\"@graph\":[{\"@type\":\"NewsArticle\",\"@id\":\"https:\/\/www.celttv.com.ar\/index.php\/2012\/03\/16\/los-trabajadores-hicieron-retroceder-a-la-corpo-escribe-leo-villafane\/#article\",\"isPartOf\":{\"@id\":\"https:\/\/www.celttv.com.ar\/index.php\/2012\/03\/16\/los-trabajadores-hicieron-retroceder-a-la-corpo-escribe-leo-villafane\/\"},\"author\":{\"name\":\"ulises\",\"@id\":\"https:\/\/www.celttv.com.ar\/#\/schema\/person\/6d99c072dba59953809c81446e9d0ace\"},\"headline\":\"LOS TRABAJADORES HICIERON RETROCEDER A LA &#8220;CORPO&#8221; (Escribe: Leo Villafa\u00f1e)\",\"datePublished\":\"2012-03-16T12:26:57+00:00\",\"dateModified\":\"2012-03-16T12:26:57+00:00\",\"mainEntityOfPage\":{\"@id\":\"https:\/\/www.celttv.com.ar\/index.php\/2012\/03\/16\/los-trabajadores-hicieron-retroceder-a-la-corpo-escribe-leo-villafane\/\"},\"wordCount\":666,\"publisher\":{\"@id\":\"https:\/\/www.celttv.com.ar\/#organization\"},\"articleSection\":[\"Opiniones\"],\"inLanguage\":\"es\"},{\"@type\":\"WebPage\",\"@id\":\"https:\/\/www.celttv.com.ar\/index.php\/2012\/03\/16\/los-trabajadores-hicieron-retroceder-a-la-corpo-escribe-leo-villafane\/\",\"url\":\"https:\/\/www.celttv.com.ar\/index.php\/2012\/03\/16\/los-trabajadores-hicieron-retroceder-a-la-corpo-escribe-leo-villafane\/\",\"name\":\"LOS TRABAJADORES HICIERON RETROCEDER A LA \\\"CORPO\\\" (Escribe: Leo Villafa\u00f1e) - CELTTV\",\"isPartOf\":{\"@id\":\"https:\/\/www.celttv.com.ar\/#website\"},\"datePublished\":\"2012-03-16T12:26:57+00:00\",\"dateModified\":\"2012-03-16T12:26:57+00:00\",\"description\":\"Sitio web de noticias de la localidad de Tornquist, provincia de Buenos Aires, Rep\u00fablica Argentina. Contenido propio originado por periodistas de CELTTV, el canal de TV local de la Cooperativa El\u00e9ctrica de Tornquist. Turismo, Pol\u00edtica, Sociedad, Deporte, Cultura y todo el contenido de inter\u00e9s general que la gente del pueblo y la regi\u00f3n debe conocer.\",\"breadcrumb\":{\"@id\":\"https:\/\/www.celttv.com.ar\/index.php\/2012\/03\/16\/los-trabajadores-hicieron-retroceder-a-la-corpo-escribe-leo-villafane\/#breadcrumb\"},\"inLanguage\":\"es\",\"potentialAction\":[{\"@type\":\"ReadAction\",\"target\":[\"https:\/\/www.celttv.com.ar\/index.php\/2012\/03\/16\/los-trabajadores-hicieron-retroceder-a-la-corpo-escribe-leo-villafane\/\"]}]},{\"@type\":\"BreadcrumbList\",\"@id\":\"https:\/\/www.celttv.com.ar\/index.php\/2012\/03\/16\/los-trabajadores-hicieron-retroceder-a-la-corpo-escribe-leo-villafane\/#breadcrumb\",\"itemListElement\":[{\"@type\":\"ListItem\",\"position\":1,\"name\":\"Inicio\",\"item\":\"https:\/\/www.celttv.com.ar\/\"},{\"@type\":\"ListItem\",\"position\":2,\"name\":\"LOS TRABAJADORES HICIERON RETROCEDER A LA &#8220;CORPO&#8221; (Escribe: Leo Villafa\u00f1e)\"}]},{\"@type\":\"WebSite\",\"@id\":\"https:\/\/www.celttv.com.ar\/#website\",\"url\":\"https:\/\/www.celttv.com.ar\/\",\"name\":\"CELTTV\",\"description\":\"Cooperativa El\u00e9ctrica de Tornquist\",\"publisher\":{\"@id\":\"https:\/\/www.celttv.com.ar\/#organization\"},\"potentialAction\":[{\"@type\":\"SearchAction\",\"target\":{\"@type\":\"EntryPoint\",\"urlTemplate\":\"https:\/\/www.celttv.com.ar\/?s={search_term_string}\"},\"query-input\":\"required name=search_term_string\"}],\"inLanguage\":\"es\"},{\"@type\":\"Organization\",\"@id\":\"https:\/\/www.celttv.com.ar\/#organization\",\"name\":\"CELTTV\",\"url\":\"https:\/\/www.celttv.com.ar\/\",\"sameAs\":[\"https:\/\/www.youtube.com\/channel\/UCz_oIt8Hig64Ub-EmcNPIhg\",\"https:\/\/www.facebook.com\/celtTV\/\"],\"logo\":{\"@type\":\"ImageObject\",\"inLanguage\":\"es\",\"@id\":\"https:\/\/www.celttv.com.ar\/#\/schema\/logo\/image\/\",\"url\":\"http:\/\/www.celttv.com.ar\/wp-content\/uploads\/2022\/08\/logo-1.png\",\"contentUrl\":\"http:\/\/www.celttv.com.ar\/wp-content\/uploads\/2022\/08\/logo-1.png\",\"width\":461,\"height\":159,\"caption\":\"CELTTV\"},\"image\":{\"@id\":\"https:\/\/www.celttv.com.ar\/#\/schema\/logo\/image\/\"}},{\"@type\":\"Person\",\"@id\":\"https:\/\/www.celttv.com.ar\/#\/schema\/person\/6d99c072dba59953809c81446e9d0ace\",\"name\":\"ulises\",\"image\":{\"@type\":\"ImageObject\",\"inLanguage\":\"es\",\"@id\":\"https:\/\/www.celttv.com.ar\/#\/schema\/person\/image\/\",\"url\":\"https:\/\/secure.gravatar.com\/avatar\/7f2c48bdc33b30088f941fb6082e555f2874c98e20cb159d7b92b50eadfce793?s=96&d=mm&r=g\",\"contentUrl\":\"https:\/\/secure.gravatar.com\/avatar\/7f2c48bdc33b30088f941fb6082e555f2874c98e20cb159d7b92b50eadfce793?s=96&d=mm&r=g\",\"caption\":\"ulises\"},\"sameAs\":[\"http:\/\/www.celttv.com.ar\"]}]}<\/script>\n<!-- \/ Yoast SEO plugin. -->","yoast_head_json":{"title":"LOS TRABAJADORES HICIERON RETROCEDER A LA \"CORPO\" (Escribe: Leo Villafa\u00f1e) - CELTTV","description":"Sitio web de noticias de la localidad de Tornquist, provincia de Buenos Aires, Rep\u00fablica Argentina. Contenido propio originado por periodistas de CELTTV, el canal de TV local de la Cooperativa El\u00e9ctrica de Tornquist. Turismo, Pol\u00edtica, Sociedad, Deporte, Cultura y todo el contenido de inter\u00e9s general que la gente del pueblo y la regi\u00f3n debe conocer.","robots":{"index":"index","follow":"follow","max-snippet":"max-snippet:-1","max-image-preview":"max-image-preview:large","max-video-preview":"max-video-preview:-1"},"canonical":"https:\/\/www.celttv.com.ar\/index.php\/2012\/03\/16\/los-trabajadores-hicieron-retroceder-a-la-corpo-escribe-leo-villafane\/","og_locale":"es_ES","og_type":"article","og_title":"LOS TRABAJADORES HICIERON RETROCEDER A LA \"CORPO\" (Escribe: Leo Villafa\u00f1e) - CELTTV","og_description":"Sitio web de noticias de la localidad de Tornquist, provincia de Buenos Aires, Rep\u00fablica Argentina. Contenido propio originado por periodistas de CELTTV, el canal de TV local de la Cooperativa El\u00e9ctrica de Tornquist. Turismo, Pol\u00edtica, Sociedad, Deporte, Cultura y todo el contenido de inter\u00e9s general que la gente del pueblo y la regi\u00f3n debe conocer.","og_url":"https:\/\/www.celttv.com.ar\/index.php\/2012\/03\/16\/los-trabajadores-hicieron-retroceder-a-la-corpo-escribe-leo-villafane\/","og_site_name":"CELTTV","article_publisher":"https:\/\/www.facebook.com\/celtTV\/","article_published_time":"2012-03-16T12:26:57+00:00","author":"ulises","twitter_card":"summary_large_image","twitter_misc":{"Escrito por":"ulises","Tiempo de lectura":"3 minutos"},"schema":{"@context":"https:\/\/schema.org","@graph":[{"@type":"NewsArticle","@id":"https:\/\/www.celttv.com.ar\/index.php\/2012\/03\/16\/los-trabajadores-hicieron-retroceder-a-la-corpo-escribe-leo-villafane\/#article","isPartOf":{"@id":"https:\/\/www.celttv.com.ar\/index.php\/2012\/03\/16\/los-trabajadores-hicieron-retroceder-a-la-corpo-escribe-leo-villafane\/"},"author":{"name":"ulises","@id":"https:\/\/www.celttv.com.ar\/#\/schema\/person\/6d99c072dba59953809c81446e9d0ace"},"headline":"LOS TRABAJADORES HICIERON RETROCEDER A LA &#8220;CORPO&#8221; (Escribe: Leo Villafa\u00f1e)","datePublished":"2012-03-16T12:26:57+00:00","dateModified":"2012-03-16T12:26:57+00:00","mainEntityOfPage":{"@id":"https:\/\/www.celttv.com.ar\/index.php\/2012\/03\/16\/los-trabajadores-hicieron-retroceder-a-la-corpo-escribe-leo-villafane\/"},"wordCount":666,"publisher":{"@id":"https:\/\/www.celttv.com.ar\/#organization"},"articleSection":["Opiniones"],"inLanguage":"es"},{"@type":"WebPage","@id":"https:\/\/www.celttv.com.ar\/index.php\/2012\/03\/16\/los-trabajadores-hicieron-retroceder-a-la-corpo-escribe-leo-villafane\/","url":"https:\/\/www.celttv.com.ar\/index.php\/2012\/03\/16\/los-trabajadores-hicieron-retroceder-a-la-corpo-escribe-leo-villafane\/","name":"LOS TRABAJADORES HICIERON RETROCEDER A LA \"CORPO\" (Escribe: Leo Villafa\u00f1e) - CELTTV","isPartOf":{"@id":"https:\/\/www.celttv.com.ar\/#website"},"datePublished":"2012-03-16T12:26:57+00:00","dateModified":"2012-03-16T12:26:57+00:00","description":"Sitio web de noticias de la localidad de Tornquist, provincia de Buenos Aires, Rep\u00fablica Argentina. Contenido propio originado por periodistas de CELTTV, el canal de TV local de la Cooperativa El\u00e9ctrica de Tornquist. Turismo, Pol\u00edtica, Sociedad, Deporte, Cultura y todo el contenido de inter\u00e9s general que la gente del pueblo y la regi\u00f3n debe conocer.","breadcrumb":{"@id":"https:\/\/www.celttv.com.ar\/index.php\/2012\/03\/16\/los-trabajadores-hicieron-retroceder-a-la-corpo-escribe-leo-villafane\/#breadcrumb"},"inLanguage":"es","potentialAction":[{"@type":"ReadAction","target":["https:\/\/www.celttv.com.ar\/index.php\/2012\/03\/16\/los-trabajadores-hicieron-retroceder-a-la-corpo-escribe-leo-villafane\/"]}]},{"@type":"BreadcrumbList","@id":"https:\/\/www.celttv.com.ar\/index.php\/2012\/03\/16\/los-trabajadores-hicieron-retroceder-a-la-corpo-escribe-leo-villafane\/#breadcrumb","itemListElement":[{"@type":"ListItem","position":1,"name":"Inicio","item":"https:\/\/www.celttv.com.ar\/"},{"@type":"ListItem","position":2,"name":"LOS TRABAJADORES HICIERON RETROCEDER A LA &#8220;CORPO&#8221; (Escribe: Leo Villafa\u00f1e)"}]},{"@type":"WebSite","@id":"https:\/\/www.celttv.com.ar\/#website","url":"https:\/\/www.celttv.com.ar\/","name":"CELTTV","description":"Cooperativa El\u00e9ctrica de Tornquist","publisher":{"@id":"https:\/\/www.celttv.com.ar\/#organization"},"potentialAction":[{"@type":"SearchAction","target":{"@type":"EntryPoint","urlTemplate":"https:\/\/www.celttv.com.ar\/?s={search_term_string}"},"query-input":"required name=search_term_string"}],"inLanguage":"es"},{"@type":"Organization","@id":"https:\/\/www.celttv.com.ar\/#organization","name":"CELTTV","url":"https:\/\/www.celttv.com.ar\/","sameAs":["https:\/\/www.youtube.com\/channel\/UCz_oIt8Hig64Ub-EmcNPIhg","https:\/\/www.facebook.com\/celtTV\/"],"logo":{"@type":"ImageObject","inLanguage":"es","@id":"https:\/\/www.celttv.com.ar\/#\/schema\/logo\/image\/","url":"http:\/\/www.celttv.com.ar\/wp-content\/uploads\/2022\/08\/logo-1.png","contentUrl":"http:\/\/www.celttv.com.ar\/wp-content\/uploads\/2022\/08\/logo-1.png","width":461,"height":159,"caption":"CELTTV"},"image":{"@id":"https:\/\/www.celttv.com.ar\/#\/schema\/logo\/image\/"}},{"@type":"Person","@id":"https:\/\/www.celttv.com.ar\/#\/schema\/person\/6d99c072dba59953809c81446e9d0ace","name":"ulises","image":{"@type":"ImageObject","inLanguage":"es","@id":"https:\/\/www.celttv.com.ar\/#\/schema\/person\/image\/","url":"https:\/\/secure.gravatar.com\/avatar\/7f2c48bdc33b30088f941fb6082e555f2874c98e20cb159d7b92b50eadfce793?s=96&d=mm&r=g","contentUrl":"https:\/\/secure.gravatar.com\/avatar\/7f2c48bdc33b30088f941fb6082e555f2874c98e20cb159d7b92b50eadfce793?s=96&d=mm&r=g","caption":"ulises"},"sameAs":["http:\/\/www.celttv.com.ar"]}]}},"_links":{"self":[{"href":"https:\/\/www.celttv.com.ar\/index.php\/wp-json\/wp\/v2\/posts\/5442","targetHints":{"allow":["GET"]}}],"collection":[{"href":"https:\/\/www.celttv.com.ar\/index.php\/wp-json\/wp\/v2\/posts"}],"about":[{"href":"https:\/\/www.celttv.com.ar\/index.php\/wp-json\/wp\/v2\/types\/post"}],"author":[{"embeddable":true,"href":"https:\/\/www.celttv.com.ar\/index.php\/wp-json\/wp\/v2\/users\/1"}],"replies":[{"embeddable":true,"href":"https:\/\/www.celttv.com.ar\/index.php\/wp-json\/wp\/v2\/comments?post=5442"}],"version-history":[{"count":0,"href":"https:\/\/www.celttv.com.ar\/index.php\/wp-json\/wp\/v2\/posts\/5442\/revisions"}],"wp:attachment":[{"href":"https:\/\/www.celttv.com.ar\/index.php\/wp-json\/wp\/v2\/media?parent=5442"}],"wp:term":[{"taxonomy":"category","embeddable":true,"href":"https:\/\/www.celttv.com.ar\/index.php\/wp-json\/wp\/v2\/categories?post=5442"},{"taxonomy":"post_tag","embeddable":true,"href":"https:\/\/www.celttv.com.ar\/index.php\/wp-json\/wp\/v2\/tags?post=5442"}],"curies":[{"name":"wp","href":"https:\/\/api.w.org\/{rel}","templated":true}]}}