{"id":5445,"date":"2012-03-16T12:35:06","date_gmt":"2012-03-16T12:35:06","guid":{"rendered":"http:\/\/www.tvcnoticias.com.ar\/?p=5445"},"modified":"2012-03-16T12:35:06","modified_gmt":"2012-03-16T12:35:06","slug":"hubo-mas-de-80-asistentes-notable-respuesta-a-la-primera-jornada-de-capacitacion-tecnica-de-fedecoba","status":"publish","type":"post","link":"https:\/\/www.celttv.com.ar\/index.php\/2012\/03\/16\/hubo-mas-de-80-asistentes-notable-respuesta-a-la-primera-jornada-de-capacitacion-tecnica-de-fedecoba\/","title":{"rendered":"HUBO MAS DE 80 ASISTENTES: NOTABLE RESPUESTA A LA PRIMERA JORNADA DE CAPACITACION TECNICA DE FEDECOBA"},"content":{"rendered":"<p><img loading=\"lazy\" decoding=\"async\" class=\"aligncenter size-full wp-image-5447\" title=\"Jornada_Energ\u00c3\u00ada_15_03_(2) (Medium)\" src=\"http:\/\/www.tvcnoticias.com.ar\/wp-content\/uploads\/2012\/03\/Jornada_Energ\u00c3\u00ada_15_03_2-Medium.jpg\" alt=\"\" width=\"800\" height=\"439\" \/><br \/>\nSe desarroll\u00f3 este jueves 15 de marzo en el sal\u00f3n de actividades m\u00faltiples (Rauch 729, Azul). El tema fue la problem\u00e1tica electro-energ\u00e9tica a partir de la implementaci\u00f3n de la quita de subsidios al sector.<br \/>\n\u00a0Con la presencia de m\u00e1s de 80 asistentes se realiz\u00f3 exitosamente este jueves en Azul la primera jornada-taller sobre temas electro-energ\u00e9ticos, organizada por Fedecoba.\u00a0 All\u00ed se presentaron las nuevas herramientas inform\u00e1ticas elaboradas por la Federaci\u00f3n, con el objeto de cumplimentar los requerimientos de las distintas entidades del sector, como Oceba, Direcci\u00f3n Provincial de Energ\u00eda, Ministerio de Infraestructura, Cammesa y\/o empresas distribuidoras, a partir de la implementaci\u00f3n de la quita de subsidios al consumo de energ\u00eda el\u00e9ctrica.<br \/>\n\u00a0El taller fue coordinado por el asesor t\u00e9cnico, ingeniero Rub\u00e9n Zuanetti, y se desarroll\u00f3 sobre ejemplos pr\u00e1cticos en donde los empleados administrativos y funcionarios de las cooperativas pudieron evacuar sus dudas. Comenz\u00f3 a la hora 10 y se prolong\u00f3 hasta cerca de las 15.<br \/>\n\u00a0Concurrieron representantes de las cooperativas de: Banderal\u00f3, Bragado, Cabildo, Ca\u00f1ada Seca, Coronel Charlone, Coronel Dorrego, Cretal (Tandil-Azul), General Madariaga, General Pir\u00e1n, Huanguel\u00e9n, La Colina, Laguna de los Padres, La Violeta, Las Martinetas, Lezama, Mar del Plata, Piedritas, Pig\u00fc\u00e9, P\u00faan, Punta Alta, Rivera, Saldungaray, San Emilio, San Manuel, Santa Regina, Suipacha-Almeyra, Tornquist, Trenque Lauquen, Tres Algarrobos, Emilio V. Bunge, Necochea, Coronel Pringles, Sierra de la Ventana, Benito Ju\u00e1rez, Oriente, Bol\u00edvar, Copetonas, Juan N. Fern\u00e1ndez, La Dulce, De la Garma, Coronel Mom, Ega\u00f1a, Azul, Indio Rico, Felipe Sol\u00e1 y San Cayetano.<br \/>\n\u00a0En nombre del Consejo de Administraci\u00f3n, el tesorero Horacio Checchia agradeci\u00f3 la presencia de los asistentes y subray\u00f3 que esta primera jornada forma parte del Ciclo de Capacitaci\u00f3n 2012 que desarrollar\u00e1 la Federaci\u00f3n en cada una de las \u00e1reas o rubros de servicios.<br \/>\nPr\u00f3xima Jornada: Agua Potable y Saneamiento<br \/>\n\u00a0El pr\u00f3ximo encuentro ser\u00e1 el jueves 29 de marzo, tambi\u00e9n en el sal\u00f3n de actividades m\u00faltiples de Rauch 729, en Azul, destinado al personal de las cooperativas con servicios de agua y saneamiento. Se trata de una jornada del Programa de Actualizaci\u00f3n T\u00e9cnica \u201cSaber M\u00e1s\u201d que se desarrollar\u00e1 en doble turno, ya que por la ma\u00f1ana habr\u00e1 conferencias t\u00e9cnicas y, por la tarde, luego de un lunch de camarader\u00eda, se realizar\u00e1n demostraciones pr\u00e1cticas, talleres y exhibici\u00f3n de productos.<\/p>\n","protected":false},"excerpt":{"rendered":"<p>Se desarroll\u00f3 este jueves 15 de marzo en el sal\u00f3n de actividades m\u00faltiples (Rauch 729, Azul). El tema fue la problem\u00e1tica electro-energ\u00e9tica a partir de la implementaci\u00f3n de la quita de subsidios al sector. \u00a0Con la presencia de m\u00e1s de 80 asistentes se realiz\u00f3 exitosamente este jueves en Azul la primera jornada-taller sobre temas electro-energ\u00e9ticos, [&hellip;]<\/p>\n","protected":false},"author":1,"featured_media":0,"comment_status":"closed","ping_status":"open","sticky":false,"template":"","format":"standard","meta":{"footnotes":""},"categories":[51,52],"tags":[],"class_list":["post-5445","post","type-post","status-publish","format-standard","hentry","category-comunidad","category-destacadas"],"yoast_head":"<!-- This site is optimized with the Yoast SEO plugin v19.7.1 - https:\/\/yoast.com\/wordpress\/plugins\/seo\/ -->\n<title>HUBO MAS DE 80 ASISTENTES: NOTABLE RESPUESTA A LA PRIMERA JORNADA DE CAPACITACION TECNICA DE FEDECOBA - CELTTV<\/title>\n<meta name=\"description\" content=\"Sitio web de noticias de la localidad de Tornquist, provincia de Buenos Aires, Rep\u00fablica Argentina. Contenido propio originado por periodistas de CELTTV, el canal de TV local de la Cooperativa El\u00e9ctrica de Tornquist. Turismo, Pol\u00edtica, Sociedad, Deporte, Cultura y todo el contenido de inter\u00e9s general que la gente del pueblo y la regi\u00f3n debe conocer.\" \/>\n<meta name=\"robots\" content=\"index, follow, max-snippet:-1, max-image-preview:large, max-video-preview:-1\" \/>\n<link rel=\"canonical\" href=\"https:\/\/www.celttv.com.ar\/index.php\/2012\/03\/16\/hubo-mas-de-80-asistentes-notable-respuesta-a-la-primera-jornada-de-capacitacion-tecnica-de-fedecoba\/\" \/>\n<meta property=\"og:locale\" content=\"es_ES\" \/>\n<meta property=\"og:type\" content=\"article\" \/>\n<meta property=\"og:title\" content=\"HUBO MAS DE 80 ASISTENTES: NOTABLE RESPUESTA A LA PRIMERA JORNADA DE CAPACITACION TECNICA DE FEDECOBA - CELTTV\" \/>\n<meta property=\"og:description\" content=\"Sitio web de noticias de la localidad de Tornquist, provincia de Buenos Aires, Rep\u00fablica Argentina. Contenido propio originado por periodistas de CELTTV, el canal de TV local de la Cooperativa El\u00e9ctrica de Tornquist. Turismo, Pol\u00edtica, Sociedad, Deporte, Cultura y todo el contenido de inter\u00e9s general que la gente del pueblo y la regi\u00f3n debe conocer.\" \/>\n<meta property=\"og:url\" content=\"https:\/\/www.celttv.com.ar\/index.php\/2012\/03\/16\/hubo-mas-de-80-asistentes-notable-respuesta-a-la-primera-jornada-de-capacitacion-tecnica-de-fedecoba\/\" \/>\n<meta property=\"og:site_name\" content=\"CELTTV\" \/>\n<meta property=\"article:publisher\" content=\"https:\/\/www.facebook.com\/celtTV\/\" \/>\n<meta property=\"article:published_time\" content=\"2012-03-16T12:35:06+00:00\" \/>\n<meta name=\"author\" content=\"ulises\" \/>\n<meta name=\"twitter:card\" content=\"summary_large_image\" \/>\n<meta name=\"twitter:label1\" content=\"Escrito por\" \/>\n\t<meta name=\"twitter:data1\" content=\"ulises\" \/>\n\t<meta name=\"twitter:label2\" content=\"Tiempo de lectura\" \/>\n\t<meta name=\"twitter:data2\" content=\"2 minutos\" \/>\n<script type=\"application\/ld+json\" class=\"yoast-schema-graph\">{\"@context\":\"https:\/\/schema.org\",\"@graph\":[{\"@type\":\"NewsArticle\",\"@id\":\"https:\/\/www.celttv.com.ar\/index.php\/2012\/03\/16\/hubo-mas-de-80-asistentes-notable-respuesta-a-la-primera-jornada-de-capacitacion-tecnica-de-fedecoba\/#article\",\"isPartOf\":{\"@id\":\"https:\/\/www.celttv.com.ar\/index.php\/2012\/03\/16\/hubo-mas-de-80-asistentes-notable-respuesta-a-la-primera-jornada-de-capacitacion-tecnica-de-fedecoba\/\"},\"author\":{\"name\":\"ulises\",\"@id\":\"https:\/\/www.celttv.com.ar\/#\/schema\/person\/6d99c072dba59953809c81446e9d0ace\"},\"headline\":\"HUBO MAS DE 80 ASISTENTES: NOTABLE RESPUESTA A LA PRIMERA JORNADA DE CAPACITACION TECNICA DE FEDECOBA\",\"datePublished\":\"2012-03-16T12:35:06+00:00\",\"dateModified\":\"2012-03-16T12:35:06+00:00\",\"mainEntityOfPage\":{\"@id\":\"https:\/\/www.celttv.com.ar\/index.php\/2012\/03\/16\/hubo-mas-de-80-asistentes-notable-respuesta-a-la-primera-jornada-de-capacitacion-tecnica-de-fedecoba\/\"},\"wordCount\":420,\"publisher\":{\"@id\":\"https:\/\/www.celttv.com.ar\/#organization\"},\"articleSection\":[\"Comunidad\",\"Destacadas\"],\"inLanguage\":\"es\"},{\"@type\":\"WebPage\",\"@id\":\"https:\/\/www.celttv.com.ar\/index.php\/2012\/03\/16\/hubo-mas-de-80-asistentes-notable-respuesta-a-la-primera-jornada-de-capacitacion-tecnica-de-fedecoba\/\",\"url\":\"https:\/\/www.celttv.com.ar\/index.php\/2012\/03\/16\/hubo-mas-de-80-asistentes-notable-respuesta-a-la-primera-jornada-de-capacitacion-tecnica-de-fedecoba\/\",\"name\":\"HUBO MAS DE 80 ASISTENTES: NOTABLE RESPUESTA A LA PRIMERA JORNADA DE CAPACITACION TECNICA DE FEDECOBA - CELTTV\",\"isPartOf\":{\"@id\":\"https:\/\/www.celttv.com.ar\/#website\"},\"datePublished\":\"2012-03-16T12:35:06+00:00\",\"dateModified\":\"2012-03-16T12:35:06+00:00\",\"description\":\"Sitio web de noticias de la localidad de Tornquist, provincia de Buenos Aires, Rep\u00fablica Argentina. Contenido propio originado por periodistas de CELTTV, el canal de TV local de la Cooperativa El\u00e9ctrica de Tornquist. Turismo, Pol\u00edtica, Sociedad, Deporte, Cultura y todo el contenido de inter\u00e9s general que la gente del pueblo y la regi\u00f3n debe conocer.\",\"breadcrumb\":{\"@id\":\"https:\/\/www.celttv.com.ar\/index.php\/2012\/03\/16\/hubo-mas-de-80-asistentes-notable-respuesta-a-la-primera-jornada-de-capacitacion-tecnica-de-fedecoba\/#breadcrumb\"},\"inLanguage\":\"es\",\"potentialAction\":[{\"@type\":\"ReadAction\",\"target\":[\"https:\/\/www.celttv.com.ar\/index.php\/2012\/03\/16\/hubo-mas-de-80-asistentes-notable-respuesta-a-la-primera-jornada-de-capacitacion-tecnica-de-fedecoba\/\"]}]},{\"@type\":\"BreadcrumbList\",\"@id\":\"https:\/\/www.celttv.com.ar\/index.php\/2012\/03\/16\/hubo-mas-de-80-asistentes-notable-respuesta-a-la-primera-jornada-de-capacitacion-tecnica-de-fedecoba\/#breadcrumb\",\"itemListElement\":[{\"@type\":\"ListItem\",\"position\":1,\"name\":\"Inicio\",\"item\":\"https:\/\/www.celttv.com.ar\/\"},{\"@type\":\"ListItem\",\"position\":2,\"name\":\"HUBO MAS DE 80 ASISTENTES: NOTABLE RESPUESTA A LA PRIMERA JORNADA DE CAPACITACION TECNICA DE FEDECOBA\"}]},{\"@type\":\"WebSite\",\"@id\":\"https:\/\/www.celttv.com.ar\/#website\",\"url\":\"https:\/\/www.celttv.com.ar\/\",\"name\":\"CELTTV\",\"description\":\"Cooperativa El\u00e9ctrica de Tornquist\",\"publisher\":{\"@id\":\"https:\/\/www.celttv.com.ar\/#organization\"},\"potentialAction\":[{\"@type\":\"SearchAction\",\"target\":{\"@type\":\"EntryPoint\",\"urlTemplate\":\"https:\/\/www.celttv.com.ar\/?s={search_term_string}\"},\"query-input\":\"required name=search_term_string\"}],\"inLanguage\":\"es\"},{\"@type\":\"Organization\",\"@id\":\"https:\/\/www.celttv.com.ar\/#organization\",\"name\":\"CELTTV\",\"url\":\"https:\/\/www.celttv.com.ar\/\",\"sameAs\":[\"https:\/\/www.youtube.com\/channel\/UCz_oIt8Hig64Ub-EmcNPIhg\",\"https:\/\/www.facebook.com\/celtTV\/\"],\"logo\":{\"@type\":\"ImageObject\",\"inLanguage\":\"es\",\"@id\":\"https:\/\/www.celttv.com.ar\/#\/schema\/logo\/image\/\",\"url\":\"http:\/\/www.celttv.com.ar\/wp-content\/uploads\/2022\/08\/logo-1.png\",\"contentUrl\":\"http:\/\/www.celttv.com.ar\/wp-content\/uploads\/2022\/08\/logo-1.png\",\"width\":461,\"height\":159,\"caption\":\"CELTTV\"},\"image\":{\"@id\":\"https:\/\/www.celttv.com.ar\/#\/schema\/logo\/image\/\"}},{\"@type\":\"Person\",\"@id\":\"https:\/\/www.celttv.com.ar\/#\/schema\/person\/6d99c072dba59953809c81446e9d0ace\",\"name\":\"ulises\",\"image\":{\"@type\":\"ImageObject\",\"inLanguage\":\"es\",\"@id\":\"https:\/\/www.celttv.com.ar\/#\/schema\/person\/image\/\",\"url\":\"https:\/\/secure.gravatar.com\/avatar\/7f2c48bdc33b30088f941fb6082e555f2874c98e20cb159d7b92b50eadfce793?s=96&d=mm&r=g\",\"contentUrl\":\"https:\/\/secure.gravatar.com\/avatar\/7f2c48bdc33b30088f941fb6082e555f2874c98e20cb159d7b92b50eadfce793?s=96&d=mm&r=g\",\"caption\":\"ulises\"},\"sameAs\":[\"http:\/\/www.celttv.com.ar\"]}]}<\/script>\n<!-- \/ Yoast SEO plugin. -->","yoast_head_json":{"title":"HUBO MAS DE 80 ASISTENTES: NOTABLE RESPUESTA A LA PRIMERA JORNADA DE CAPACITACION TECNICA DE FEDECOBA - CELTTV","description":"Sitio web de noticias de la localidad de Tornquist, provincia de Buenos Aires, Rep\u00fablica Argentina. Contenido propio originado por periodistas de CELTTV, el canal de TV local de la Cooperativa El\u00e9ctrica de Tornquist. Turismo, Pol\u00edtica, Sociedad, Deporte, Cultura y todo el contenido de inter\u00e9s general que la gente del pueblo y la regi\u00f3n debe conocer.","robots":{"index":"index","follow":"follow","max-snippet":"max-snippet:-1","max-image-preview":"max-image-preview:large","max-video-preview":"max-video-preview:-1"},"canonical":"https:\/\/www.celttv.com.ar\/index.php\/2012\/03\/16\/hubo-mas-de-80-asistentes-notable-respuesta-a-la-primera-jornada-de-capacitacion-tecnica-de-fedecoba\/","og_locale":"es_ES","og_type":"article","og_title":"HUBO MAS DE 80 ASISTENTES: NOTABLE RESPUESTA A LA PRIMERA JORNADA DE CAPACITACION TECNICA DE FEDECOBA - CELTTV","og_description":"Sitio web de noticias de la localidad de Tornquist, provincia de Buenos Aires, Rep\u00fablica Argentina. Contenido propio originado por periodistas de CELTTV, el canal de TV local de la Cooperativa El\u00e9ctrica de Tornquist. Turismo, Pol\u00edtica, Sociedad, Deporte, Cultura y todo el contenido de inter\u00e9s general que la gente del pueblo y la regi\u00f3n debe conocer.","og_url":"https:\/\/www.celttv.com.ar\/index.php\/2012\/03\/16\/hubo-mas-de-80-asistentes-notable-respuesta-a-la-primera-jornada-de-capacitacion-tecnica-de-fedecoba\/","og_site_name":"CELTTV","article_publisher":"https:\/\/www.facebook.com\/celtTV\/","article_published_time":"2012-03-16T12:35:06+00:00","author":"ulises","twitter_card":"summary_large_image","twitter_misc":{"Escrito por":"ulises","Tiempo de lectura":"2 minutos"},"schema":{"@context":"https:\/\/schema.org","@graph":[{"@type":"NewsArticle","@id":"https:\/\/www.celttv.com.ar\/index.php\/2012\/03\/16\/hubo-mas-de-80-asistentes-notable-respuesta-a-la-primera-jornada-de-capacitacion-tecnica-de-fedecoba\/#article","isPartOf":{"@id":"https:\/\/www.celttv.com.ar\/index.php\/2012\/03\/16\/hubo-mas-de-80-asistentes-notable-respuesta-a-la-primera-jornada-de-capacitacion-tecnica-de-fedecoba\/"},"author":{"name":"ulises","@id":"https:\/\/www.celttv.com.ar\/#\/schema\/person\/6d99c072dba59953809c81446e9d0ace"},"headline":"HUBO MAS DE 80 ASISTENTES: NOTABLE RESPUESTA A LA PRIMERA JORNADA DE CAPACITACION TECNICA DE FEDECOBA","datePublished":"2012-03-16T12:35:06+00:00","dateModified":"2012-03-16T12:35:06+00:00","mainEntityOfPage":{"@id":"https:\/\/www.celttv.com.ar\/index.php\/2012\/03\/16\/hubo-mas-de-80-asistentes-notable-respuesta-a-la-primera-jornada-de-capacitacion-tecnica-de-fedecoba\/"},"wordCount":420,"publisher":{"@id":"https:\/\/www.celttv.com.ar\/#organization"},"articleSection":["Comunidad","Destacadas"],"inLanguage":"es"},{"@type":"WebPage","@id":"https:\/\/www.celttv.com.ar\/index.php\/2012\/03\/16\/hubo-mas-de-80-asistentes-notable-respuesta-a-la-primera-jornada-de-capacitacion-tecnica-de-fedecoba\/","url":"https:\/\/www.celttv.com.ar\/index.php\/2012\/03\/16\/hubo-mas-de-80-asistentes-notable-respuesta-a-la-primera-jornada-de-capacitacion-tecnica-de-fedecoba\/","name":"HUBO MAS DE 80 ASISTENTES: NOTABLE RESPUESTA A LA PRIMERA JORNADA DE CAPACITACION TECNICA DE FEDECOBA - CELTTV","isPartOf":{"@id":"https:\/\/www.celttv.com.ar\/#website"},"datePublished":"2012-03-16T12:35:06+00:00","dateModified":"2012-03-16T12:35:06+00:00","description":"Sitio web de noticias de la localidad de Tornquist, provincia de Buenos Aires, Rep\u00fablica Argentina. Contenido propio originado por periodistas de CELTTV, el canal de TV local de la Cooperativa El\u00e9ctrica de Tornquist. Turismo, Pol\u00edtica, Sociedad, Deporte, Cultura y todo el contenido de inter\u00e9s general que la gente del pueblo y la regi\u00f3n debe conocer.","breadcrumb":{"@id":"https:\/\/www.celttv.com.ar\/index.php\/2012\/03\/16\/hubo-mas-de-80-asistentes-notable-respuesta-a-la-primera-jornada-de-capacitacion-tecnica-de-fedecoba\/#breadcrumb"},"inLanguage":"es","potentialAction":[{"@type":"ReadAction","target":["https:\/\/www.celttv.com.ar\/index.php\/2012\/03\/16\/hubo-mas-de-80-asistentes-notable-respuesta-a-la-primera-jornada-de-capacitacion-tecnica-de-fedecoba\/"]}]},{"@type":"BreadcrumbList","@id":"https:\/\/www.celttv.com.ar\/index.php\/2012\/03\/16\/hubo-mas-de-80-asistentes-notable-respuesta-a-la-primera-jornada-de-capacitacion-tecnica-de-fedecoba\/#breadcrumb","itemListElement":[{"@type":"ListItem","position":1,"name":"Inicio","item":"https:\/\/www.celttv.com.ar\/"},{"@type":"ListItem","position":2,"name":"HUBO MAS DE 80 ASISTENTES: NOTABLE RESPUESTA A LA PRIMERA JORNADA DE CAPACITACION TECNICA DE FEDECOBA"}]},{"@type":"WebSite","@id":"https:\/\/www.celttv.com.ar\/#website","url":"https:\/\/www.celttv.com.ar\/","name":"CELTTV","description":"Cooperativa El\u00e9ctrica de Tornquist","publisher":{"@id":"https:\/\/www.celttv.com.ar\/#organization"},"potentialAction":[{"@type":"SearchAction","target":{"@type":"EntryPoint","urlTemplate":"https:\/\/www.celttv.com.ar\/?s={search_term_string}"},"query-input":"required name=search_term_string"}],"inLanguage":"es"},{"@type":"Organization","@id":"https:\/\/www.celttv.com.ar\/#organization","name":"CELTTV","url":"https:\/\/www.celttv.com.ar\/","sameAs":["https:\/\/www.youtube.com\/channel\/UCz_oIt8Hig64Ub-EmcNPIhg","https:\/\/www.facebook.com\/celtTV\/"],"logo":{"@type":"ImageObject","inLanguage":"es","@id":"https:\/\/www.celttv.com.ar\/#\/schema\/logo\/image\/","url":"http:\/\/www.celttv.com.ar\/wp-content\/uploads\/2022\/08\/logo-1.png","contentUrl":"http:\/\/www.celttv.com.ar\/wp-content\/uploads\/2022\/08\/logo-1.png","width":461,"height":159,"caption":"CELTTV"},"image":{"@id":"https:\/\/www.celttv.com.ar\/#\/schema\/logo\/image\/"}},{"@type":"Person","@id":"https:\/\/www.celttv.com.ar\/#\/schema\/person\/6d99c072dba59953809c81446e9d0ace","name":"ulises","image":{"@type":"ImageObject","inLanguage":"es","@id":"https:\/\/www.celttv.com.ar\/#\/schema\/person\/image\/","url":"https:\/\/secure.gravatar.com\/avatar\/7f2c48bdc33b30088f941fb6082e555f2874c98e20cb159d7b92b50eadfce793?s=96&d=mm&r=g","contentUrl":"https:\/\/secure.gravatar.com\/avatar\/7f2c48bdc33b30088f941fb6082e555f2874c98e20cb159d7b92b50eadfce793?s=96&d=mm&r=g","caption":"ulises"},"sameAs":["http:\/\/www.celttv.com.ar"]}]}},"_links":{"self":[{"href":"https:\/\/www.celttv.com.ar\/index.php\/wp-json\/wp\/v2\/posts\/5445","targetHints":{"allow":["GET"]}}],"collection":[{"href":"https:\/\/www.celttv.com.ar\/index.php\/wp-json\/wp\/v2\/posts"}],"about":[{"href":"https:\/\/www.celttv.com.ar\/index.php\/wp-json\/wp\/v2\/types\/post"}],"author":[{"embeddable":true,"href":"https:\/\/www.celttv.com.ar\/index.php\/wp-json\/wp\/v2\/users\/1"}],"replies":[{"embeddable":true,"href":"https:\/\/www.celttv.com.ar\/index.php\/wp-json\/wp\/v2\/comments?post=5445"}],"version-history":[{"count":0,"href":"https:\/\/www.celttv.com.ar\/index.php\/wp-json\/wp\/v2\/posts\/5445\/revisions"}],"wp:attachment":[{"href":"https:\/\/www.celttv.com.ar\/index.php\/wp-json\/wp\/v2\/media?parent=5445"}],"wp:term":[{"taxonomy":"category","embeddable":true,"href":"https:\/\/www.celttv.com.ar\/index.php\/wp-json\/wp\/v2\/categories?post=5445"},{"taxonomy":"post_tag","embeddable":true,"href":"https:\/\/www.celttv.com.ar\/index.php\/wp-json\/wp\/v2\/tags?post=5445"}],"curies":[{"name":"wp","href":"https:\/\/api.w.org\/{rel}","templated":true}]}}