{"id":54642,"date":"2021-01-05T19:26:23","date_gmt":"2021-01-05T19:26:23","guid":{"rendered":"http:\/\/www.celttv.com.ar\/?p=54642"},"modified":"2021-01-05T19:26:23","modified_gmt":"2021-01-05T19:26:23","slug":"kicillof-e-intendentes-descartaron-por-ahora-adoptar-nuevas-medidas-restrictivas-frente-al-aumento-de-casos-de-covid-19","status":"publish","type":"post","link":"https:\/\/www.celttv.com.ar\/index.php\/2021\/01\/05\/kicillof-e-intendentes-descartaron-por-ahora-adoptar-nuevas-medidas-restrictivas-frente-al-aumento-de-casos-de-covid-19\/","title":{"rendered":"Kicillof e intendentes descartaron por ahora adoptar nuevas medidas restrictivas frente al aumento de casos de covid-19"},"content":{"rendered":"<p class=\"paragraph\">El gobernador de la provincia de Buenos Aires,\u00a0<b>Axel Kicillof<\/b>, mantuvo una reuni\u00f3n con los intendentes de los\u00a0<b>municipios de la Costa\u00a0<\/b>en la que definieron, en forma conjunta y por el momento,<mark class=\"hl_yellow\">\u00a0no adoptar medidas restrictivas debido al aumento de casos de coronavirus.<\/mark><\/p>\n<p class=\"paragraph\">La decisi\u00f3n se tom\u00f3 luego de dos horas de reuni\u00f3n en la que todos los presentes coincidieron en\u00a0<mark class=\"hl_yellow\">aumentar los controles en la calle, las playas y los locales gastron\u00f3micos, y hacer cumplir en una forma m\u00e1s estricta los protocolos vigentes\u00a0<\/mark>que se dise\u00f1aron en los meses previos al comienzo de la temporada.<\/p>\n<p class=\"paragraph\"><mark class=\"hl_yellow\"><b>\u201cHoy no estamos en una situaci\u00f3n de emergencia.\u00a0<\/b><\/mark>No queremos que se contagie todo el mundo hasta que se ocupen las camas. Hay que evitar los contagios.<b>\u00a0Hay que fortalecer los controles y pedir a la poblaci\u00f3n que vuelva a cuidarse como lo hac\u00eda en los peores momentos.<\/b>\u00a0Estamos llegando a una situaci\u00f3n que puede volverse cr\u00edtica\u201d, explic\u00f3 Kicillof en una conferencia de prensa posterior a la reuni\u00f3n.<\/p>\n<picture class=\"visual__image\"><source srcset=\"https:\/\/www.infobae.com\/new-resizer\/y51Q9eThofi_Ti_N9HsxW-P8RjQ=\/768x432\/filters:format(jpg):quality(85)\/cloudfront-us-east-1.images.arcpublishing.com\/infobae\/TG6LNKFGZJDDBKYYTNMIXJXKRM.jpg 1200w\" type=\"image\/jpg\" \/><source srcset=\"https:\/\/www.infobae.com\/new-resizer\/y51Q9eThofi_Ti_N9HsxW-P8RjQ=\/768x432\/filters:format(jpg):quality(85)\/cloudfront-us-east-1.images.arcpublishing.com\/infobae\/TG6LNKFGZJDDBKYYTNMIXJXKRM.jpg 992w\" type=\"image\/jpg\" \/><source srcset=\"https:\/\/www.infobae.com\/new-resizer\/y51Q9eThofi_Ti_N9HsxW-P8RjQ=\/768x432\/filters:format(jpg):quality(85)\/cloudfront-us-east-1.images.arcpublishing.com\/infobae\/TG6LNKFGZJDDBKYYTNMIXJXKRM.jpg 768w\" type=\"image\/jpg\" \/><source srcset=\"https:\/\/www.infobae.com\/new-resizer\/GE2zSCRpCFqyF8zLhdACRAuEBPI=\/420x236\/filters:format(jpg):quality(85)\/cloudfront-us-east-1.images.arcpublishing.com\/infobae\/TG6LNKFGZJDDBKYYTNMIXJXKRM.jpg 420w\" type=\"image\/jpg\" \/><img loading=\"lazy\" decoding=\"async\" src=\"https:\/\/www.infobae.com\/new-resizer\/GE2zSCRpCFqyF8zLhdACRAuEBPI=\/420x236\/filters:format(jpg):quality(85)\/\/cloudfront-us-east-1.images.arcpublishing.com\/infobae\/TG6LNKFGZJDDBKYYTNMIXJXKRM.jpg\" alt=\"Del encuentro tambi\u00e9n participaron los intendentes del Conurbano, que lo hicieron a trav\u00e9s de una teleconferencia \" width=\"1920\" height=\"1080\" \/>Del encuentro tambi\u00e9n participaron los intendentes del Conurbano, que lo hicieron a trav\u00e9s de una teleconferencia<\/picture>\n<p class=\"paragraph\">Desde el gobierno provincial admitieron que a\u00fan\u00a0<b>\u201chay margen\u201d\u00a0<\/b>para revertir la situaci\u00f3n sanitaria y que para que eso ocurra,\u00a0<b>debe cambiar el comportamiento de la gente.\u00a0<\/b>Por eso har\u00e1n mayor hincapi\u00e9 en la comunicaci\u00f3n y la prevenci\u00f3n. Son llamados de atenci\u00f3n, se\u00f1ales de alerta que necesitan que la gente decodifique con precisi\u00f3n.<\/p>\n<p class=\"paragraph\">Pero, en paralelo, aceptan que<mark class=\"hl_yellow\">\u00a0la decisi\u00f3n de no tomar medidas restrictivas puede cambiar la pr\u00f3xima semana.\u00a0<\/mark><b>\u201cTodo es muy din\u00e1mico\u201d<\/b>, repiten. La semana entrante reci\u00e9n empezar\u00e1n a ver en la curva de contagios el impacto de las reuniones que hubo durante las fiestas de fin de a\u00f1o.<\/p>\n<p class=\"paragraph\">El Gobernador va a\u00a0<a href=\"https:\/\/www.infobae.com\/politica\/2021\/01\/05\/alberto-fernandez-axel-kicillof-y-horacio-rodriguez-larreta-se-encontraran-antes-del-fin-de-semana-para-definir-si-imponen-un-toque-de-queda-sanitario-en-el-amba\/\" target=\"_blank\" rel=\"noopener\">esperar a tener la reuni\u00f3n con Alberto Fern\u00e1ndez y Horacio Rodr\u00edguez Larreta, que ser\u00e1 antes del fin de semana,<\/a>\u00a0para hacer una evaluaci\u00f3n conjunta sobre lo que est\u00e1 sucediendo en el AMBA y, a partir de ah\u00ed, evaluar una medida restrictiva.\u00a0<b>Lo que deben evaluar a\u00fan es si una potencial medida debe ser aplicada de igual forma en el conurbano y la Costa.<\/b>\u00a0Son dos realidades distintas.\u00a0<b>\u201cSi hay que tomar alguna decisi\u00f3n, la vamos a anunciar la semana que viene\u201d<\/b>, indic\u00f3.<\/p>\n<picture class=\"visual__image\"><source srcset=\"https:\/\/www.infobae.com\/new-resizer\/2S40fbK30Ff-hwhdcF9EbyIQl5A=\/768x432\/filters:format(jpg):quality(85)\/cloudfront-us-east-1.images.arcpublishing.com\/infobae\/KFVACRJQH5EK7AHKFA5GSTI7UQ.jpg 1200w\" type=\"image\/jpg\" \/><source srcset=\"https:\/\/www.infobae.com\/new-resizer\/2S40fbK30Ff-hwhdcF9EbyIQl5A=\/768x432\/filters:format(jpg):quality(85)\/cloudfront-us-east-1.images.arcpublishing.com\/infobae\/KFVACRJQH5EK7AHKFA5GSTI7UQ.jpg 992w\" type=\"image\/jpg\" \/><source srcset=\"https:\/\/www.infobae.com\/new-resizer\/2S40fbK30Ff-hwhdcF9EbyIQl5A=\/768x432\/filters:format(jpg):quality(85)\/cloudfront-us-east-1.images.arcpublishing.com\/infobae\/KFVACRJQH5EK7AHKFA5GSTI7UQ.jpg 768w\" type=\"image\/jpg\" \/><source srcset=\"https:\/\/www.infobae.com\/new-resizer\/juZUyOnsQua3BEjbvqSvjJqZSnw=\/420x236\/filters:format(jpg):quality(85)\/cloudfront-us-east-1.images.arcpublishing.com\/infobae\/KFVACRJQH5EK7AHKFA5GSTI7UQ.jpg 420w\" type=\"image\/jpg\" \/><img loading=\"lazy\" decoding=\"async\" src=\"https:\/\/www.infobae.com\/new-resizer\/juZUyOnsQua3BEjbvqSvjJqZSnw=\/420x236\/filters:format(jpg):quality(85)\/\/cloudfront-us-east-1.images.arcpublishing.com\/infobae\/KFVACRJQH5EK7AHKFA5GSTI7UQ.jpg\" alt=\"El encuentro tuvo lugar en San Bernardo y dur\u00f3 cerca de dos horas \" width=\"1280\" height=\"720\" \/>El encuentro tuvo lugar en San Bernardo y dur\u00f3 cerca de dos horas<\/picture>\n<p class=\"paragraph\">La decisi\u00f3n de aumentar los controles, sobre todo durante la noche, est\u00e1 vinculada a poder evitar medidas restrictivas m\u00e1s dr\u00e1sticas.<mark class=\"hl_yellow\">\u00a0El mayor problema que tienen los intendentes son las reuniones privadas y las que los j\u00f3venes hacen en las playas.<b>\u00a0El objetivo es monitorearlas m\u00e1s de cerca para poder evitarlas.<\/b><\/mark><\/p>\n<p class=\"paragraph\">La reuni\u00f3n tuvo momentos de tensi\u00f3n debido al intercambio de pareceres sobre c\u00f3mo continuar con la temporada. El contrapunto principal fue entre los representantes del Gobierno y los intendentes\u00a0<b>Guillermo Montenegro y Mart\u00edn Yeza<\/b>, ambos de Juntos por el Cambio.<\/p>\n<p class=\"paragraph\"><b>\u201cNo quieren tomar medidas pero tampoco proponen nada. Y aceptan que le est\u00e1 costando llevar adelante los controles\u201d<\/b>, indic\u00f3 a<b>\u00a0Infobae\u00a0<\/b>un funcionario de Ejecutivo bonaerense, que tambi\u00e9n explic\u00f3 que \u201clos test PCR que propuso Montenegro ya sabemos no dan resultados\u201d. Adem\u00e1s, sostuvieron que los casos en Mar del Plata y Pinamar est\u00e1n aumentando cada semana.<\/p>\n<p class=\"paragraph\">Antes del inicio de la temporada el Gobierno decidi\u00f3 no testear en los ingresos porque consider\u00f3 que esos resultados solo iban a ser una foto del momento. Despu\u00e9s, esas personas podr\u00edan contraer el virus durante su estad\u00eda en el destino tur\u00edstico.<b>\u00a0Por eso los testeos no son una opci\u00f3n viable para complementar los controles.<\/b><\/p>\n<picture class=\"visual__image\"><source srcset=\"https:\/\/www.infobae.com\/new-resizer\/t4l5mWw4pNP-0KNKUsPZXh-tEFo=\/768x432\/filters:format(jpg):quality(85)\/cloudfront-us-east-1.images.arcpublishing.com\/infobae\/3QJW6GR4ZRGKVN5FPUR4TZWJBY.jpg 1200w\" type=\"image\/jpg\" \/><source srcset=\"https:\/\/www.infobae.com\/new-resizer\/t4l5mWw4pNP-0KNKUsPZXh-tEFo=\/768x432\/filters:format(jpg):quality(85)\/cloudfront-us-east-1.images.arcpublishing.com\/infobae\/3QJW6GR4ZRGKVN5FPUR4TZWJBY.jpg 992w\" type=\"image\/jpg\" \/><source srcset=\"https:\/\/www.infobae.com\/new-resizer\/t4l5mWw4pNP-0KNKUsPZXh-tEFo=\/768x432\/filters:format(jpg):quality(85)\/cloudfront-us-east-1.images.arcpublishing.com\/infobae\/3QJW6GR4ZRGKVN5FPUR4TZWJBY.jpg 768w\" type=\"image\/jpg\" \/><source srcset=\"https:\/\/www.infobae.com\/new-resizer\/8vUZWC92cO8zNBbBdA5VWb9NnIk=\/420x236\/filters:format(jpg):quality(85)\/cloudfront-us-east-1.images.arcpublishing.com\/infobae\/3QJW6GR4ZRGKVN5FPUR4TZWJBY.jpg 420w\" type=\"image\/jpg\" \/><img loading=\"lazy\" decoding=\"async\" src=\"https:\/\/www.infobae.com\/new-resizer\/8vUZWC92cO8zNBbBdA5VWb9NnIk=\/420x236\/filters:format(jpg):quality(85)\/\/cloudfront-us-east-1.images.arcpublishing.com\/infobae\/3QJW6GR4ZRGKVN5FPUR4TZWJBY.jpg\" alt=\"La intenci\u00f3n del gobierno provincial y de los intendentes es aumentar los controles en la calle para evitar que el virus circule a mayor velocidad (Christian Heit)\" width=\"1920\" height=\"1080\" \/>La intenci\u00f3n del gobierno provincial y de los intendentes es aumentar los controles en la calle para evitar que el virus circule a mayor velocidad (Christian Heit)<\/picture>\n<p class=\"paragraph\">En el gobierno bonaerense ya sab\u00edan que los jefes comunales de Juntos por el Cambio no estaban de acuerdo con una posible medida que restringiera la circulaci\u00f3n durante la noche porque entend\u00edan que perjudicar\u00eda la actividad comercial, una de las m\u00e1s afectadas durante la pandemia.<\/p>\n<p class=\"paragraph\">En una\u00a0<a href=\"https:\/\/www.infobae.com\/sociedad\/2021\/01\/03\/guillermo-montenegro-no-veo-posible-generar-algun-tipo-de-cierre-violento-y-terminar-la-temporada-de-verano\/\" target=\"_blank\" rel=\"noopener\">entrevista con<b>\u00a0Infobae<\/b><\/a>, el intendente de Mar del Plata,\u00a0<b>Guillermo Montenegro,<\/b>\u00a0sent\u00f3 una postura.<b>\u00a0\u201cNo veo posible generar alg\u00fan tipo de cierre violento y terminar la temporada de verano.\u00a0<\/b>No creo que se pueda cerrar ninguna actividad. Pero no es que no se pueda, creo que no se deber\u00eda. Hay muchas alternativas previas para llegar al cierre\u201d, explic\u00f3.<\/p>\n<p class=\"paragraph\"><b>Mart\u00edn Yeza<\/b>, el jefe comunal de Pinamar, se mostr\u00f3 en la misma l\u00ednea en la previa de la reuni\u00f3n. En di\u00e1logo con este medio asegur\u00f3 que \u201cun toque de queda ser\u00eda una decisi\u00f3n no comprendida por los comerciantes que la han remado y que hoy son los grandes socios del Estado para tener actividades con protocolos\u201d.<\/p>\n<p class=\"paragraph\"><b>Hay jefes comunales &#8211; sobre todo los del oficialismo-\u00a0<\/b><mark class=\"hl_yellow\"><b>que est\u00e1n dispuestos a apoyar las medidas que hagan falta con el \u00fanico fin de que no se levante la temporada<\/b><\/mark>, una idea que descartan en el gobierno bonaerense. En La Plata saben que las medidas que se tomen debe ser focalizadas para generar el menor perjuicio posible a los municipios de la costa, que durante todo el a\u00f1o suelen vivir de lo que recaudan en la temporada.<\/p>\n<picture class=\"visual__image\"><source srcset=\"https:\/\/www.infobae.com\/new-resizer\/Vlu9bv6hdUKmpwEKJ3AwGNmPylw=\/768x432\/filters:format(jpg):quality(85)\/cloudfront-us-east-1.images.arcpublishing.com\/infobae\/L6HIHPUDWRGAFNE4M7TVE3DJX4.jpg 1200w\" type=\"image\/jpg\" \/><source srcset=\"https:\/\/www.infobae.com\/new-resizer\/Vlu9bv6hdUKmpwEKJ3AwGNmPylw=\/768x432\/filters:format(jpg):quality(85)\/cloudfront-us-east-1.images.arcpublishing.com\/infobae\/L6HIHPUDWRGAFNE4M7TVE3DJX4.jpg 992w\" type=\"image\/jpg\" \/><source srcset=\"https:\/\/www.infobae.com\/new-resizer\/Vlu9bv6hdUKmpwEKJ3AwGNmPylw=\/768x432\/filters:format(jpg):quality(85)\/cloudfront-us-east-1.images.arcpublishing.com\/infobae\/L6HIHPUDWRGAFNE4M7TVE3DJX4.jpg 768w\" type=\"image\/jpg\" \/><source srcset=\"https:\/\/www.infobae.com\/new-resizer\/WvjYYGlEELRoNv_5dX-dWktfSoY=\/420x236\/filters:format(jpg):quality(85)\/cloudfront-us-east-1.images.arcpublishing.com\/infobae\/L6HIHPUDWRGAFNE4M7TVE3DJX4.jpg 420w\" type=\"image\/jpg\" \/><img loading=\"lazy\" decoding=\"async\" src=\"https:\/\/www.infobae.com\/new-resizer\/WvjYYGlEELRoNv_5dX-dWktfSoY=\/420x236\/filters:format(jpg):quality(85)\/\/cloudfront-us-east-1.images.arcpublishing.com\/infobae\/L6HIHPUDWRGAFNE4M7TVE3DJX4.jpg\" alt=\"Del encuentro participaron la mayor\u00eda de los intendentes de la costa y despu\u00e9s se sumaron los del Conurbano a trav\u00e9s de una videoconferencia \" width=\"1920\" height=\"1080\" \/>Del encuentro participaron la mayor\u00eda de los intendentes de la costa y despu\u00e9s se sumaron los del Conurbano a trav\u00e9s de una videoconferencia<\/picture>\n<p class=\"paragraph\"><mark class=\"hl_yellow\">Si bien el foco de preocupaci\u00f3n est\u00e1 en el desarrollo de la temporada de verano en la costa<\/mark>, la curva de contagios de COVID-19 tambi\u00e9n empez\u00f3 a crecer en las localidades m\u00e1s pobladas del Conurbano. Por eso todos los intendentes de la provincia fueron invitados y se sumaron a la reuni\u00f3n despu\u00e9s de la primera hora.<\/p>\n<p class=\"paragraph\">Por parte del Ejecutivo bonaerense participaron el ministro de Salud,<b>\u00a0Daniel Gollan<\/b>; el viceministro de esa cartera,\u00a0<b>Nicol\u00e1s Kreplak,\u00a0<\/b>el jefe de Gabinete,\u00a0<b>Carlos Bianco<\/b>, el ministro de Seguridad,\u00a0<b>Sergio Berni<\/b>; el ministro de Producci\u00f3n,\u00a0<b>Augusto Costa<\/b>, y la ministra de Comunicaci\u00f3n,<b>\u00a0Jesica Rey.<\/b><\/p>\n<p class=\"paragraph\">Los intendentes de la Costa que estuvieron presentes fueron\u00a0<b>Sebasti\u00e1n Lanantuoni<\/b>\u00a0(General Alvarado),\u00a0<b>Jos\u00e9 Rodr\u00edguez Ponte<\/b>\u00a0(General Lavalle),<b>\u00a0Carlos Santoro<\/b>\u00a0(General Madariaga),\u00a0<b>Juan Manuel \u00c1lvarez<\/b>\u00a0(General Paz),<b>\u00a0Guillermo Montenegro<\/b>\u00a0(Mar del Plata),\u00a0<b>Cristian Cardozo<\/b>\u00a0(Partido de la Costa),\u00a0<b>Jos\u00e9 Paredi<\/b>\u00a0(Mar Chiquita),\u00a0<b>Alejandro Dichiara<\/b>\u00a0(Monte Hermoso),<b>\u00a0Mart\u00edn Yeza<\/b>\u00a0(Pinamar),\u00a0<b>Sergio Bordoni\u00a0<\/b>(Tornquist),\u00a0<b>Carlos S\u00e1nchez\u00a0<\/b>(Tres Arroyos) y\u00a0<b>Gustavo Barrera\u00a0<\/b>(Villa Gesell).<\/p>\n<p class=\"paragraph\">La principal opci\u00f3n que se barajaba en el gobierno de Kicillof era la implementaci\u00f3n de un\u00a0<a href=\"https:\/\/www.infobae.com\/politica\/2021\/01\/04\/el-gobierno-bonaerense-reitero-que-evalua-tomar-medidas-fuertes-ante-la-suba-de-contagios-de-coronavirus\/\" target=\"_blank\" rel=\"noopener\"><b>toque de queda nocturno<\/b><\/a><b>.<\/b>\u00a0Es decir, cortar el movimiento durante la noche, cuando la gente se re\u00fane en fiestas privadas y lugares gastron\u00f3micos, con el fin de evitar la circulaci\u00f3n del virus. Pero despu\u00e9s de dos horas de debate, esa posibilidad qued\u00f3 en el camino. Al menos, esta semana.<\/p>\n<p class=\"paragraph\">Tambi\u00e9n aparec\u00eda en el horizonte la posibilidad de<b>\u00a0reducir la cantidad de gente que pueda entrar en los locales gastron\u00f3micos o comerciales<\/b>. Y es en ese punto donde har\u00e1n mayor hincapi\u00e9. M\u00e1s controles. De eso se trata.\u00a0<mark class=\"hl_yellow\">La intenci\u00f3n no es volver al punto de partida que tuvo lugar el 19 de marzo.<\/mark>\u00a0Los gobiernos de la Naci\u00f3n y la provincia trabajan sobre la comunicaci\u00f3n con el objetivo de generar conciencia. Esa exposici\u00f3n se incrementar\u00e1 en los pr\u00f3ximos d\u00edas.<b>\u00a0M\u00e1s informaci\u00f3n para que la gente entienda la gravedad del rebrote que est\u00e1 en marcha.<\/b><\/p>\n<picture class=\"visual__image\"><source srcset=\"https:\/\/www.infobae.com\/new-resizer\/hFWgO4I1zivejvyiGJUF8-BmEq0=\/768x432\/filters:format(jpg):quality(85)\/cloudfront-us-east-1.images.arcpublishing.com\/infobae\/OHYWHHR65VBGDHVFWCRCMS7YHU.jpg 1200w\" type=\"image\/jpg\" \/><source srcset=\"https:\/\/www.infobae.com\/new-resizer\/hFWgO4I1zivejvyiGJUF8-BmEq0=\/768x432\/filters:format(jpg):quality(85)\/cloudfront-us-east-1.images.arcpublishing.com\/infobae\/OHYWHHR65VBGDHVFWCRCMS7YHU.jpg 992w\" type=\"image\/jpg\" \/><source srcset=\"https:\/\/www.infobae.com\/new-resizer\/hFWgO4I1zivejvyiGJUF8-BmEq0=\/768x432\/filters:format(jpg):quality(85)\/cloudfront-us-east-1.images.arcpublishing.com\/infobae\/OHYWHHR65VBGDHVFWCRCMS7YHU.jpg 768w\" type=\"image\/jpg\" \/><source srcset=\"https:\/\/www.infobae.com\/new-resizer\/VK51gFavkDf67Dz5gZUo7147JS0=\/420x236\/filters:format(jpg):quality(85)\/cloudfront-us-east-1.images.arcpublishing.com\/infobae\/OHYWHHR65VBGDHVFWCRCMS7YHU.jpg 420w\" type=\"image\/jpg\" \/><img loading=\"lazy\" decoding=\"async\" src=\"https:\/\/www.infobae.com\/new-resizer\/VK51gFavkDf67Dz5gZUo7147JS0=\/420x236\/filters:format(jpg):quality(85)\/\/cloudfront-us-east-1.images.arcpublishing.com\/infobae\/OHYWHHR65VBGDHVFWCRCMS7YHU.jpg\" alt=\"Los intendentes de la Costa manifestaron su vocaci\u00f3n de extremar los cuidados para lograr que la gente cumpla los protocolos \" width=\"1280\" height=\"719\" \/>Los intendentes de la Costa manifestaron su vocaci\u00f3n de extremar los cuidados para lograr que la gente cumpla los protocolos<\/picture>\n<p class=\"paragraph\"><b>En la provincia descartan la posibilidad de cerrar completamente la temporada<\/b>.<b>\u00a0<\/b><mark class=\"hl_yellow\"><b>\u201cHay cero chances de que eso suceda<\/b><\/mark><b>\u201d<\/b>, graficaron cerca del gobernador. Esa misma idea expuso el ministro de Turismo,\u00a0<b>Mat\u00edas Lammens<\/b>, durante su visita a Villa Gesell en la ma\u00f1ana de este lunes, aunque aclar\u00f3 que la continuidad de las vacaciones depender\u00e1 del comportamiento de la gente en la Costa.<\/p>\n<p class=\"paragraph\"><mark class=\"hl_yellow\"><b>\u201cLa idea nuestra no es cerrar la temporada, pero s\u00ed seguir insistiendo en la responsabilidad individual.<\/b>\u00a0<\/mark>Cuando esto no alcance, garantizar que haya una presencia del Estado que le diga al ciudadano c\u00f3mo tiene que actuar\u201d, explic\u00f3 durante una recorrida con el intendente local, Gustavo Barrera. Adem\u00e1s, asegur\u00f3 que las restricciones que\u00a0<b>\u201ceventualmente se tomen\u201d<\/b>\u00a0van a tener que ver con reducir el riesgo de las grandes aglomeraciones, pero no con la suspensi\u00f3n de la temporada.<\/p>\n<p class=\"paragraph\">Fue Barrera uno de los primeros en expresarse cuando termin\u00f3 la reuni\u00f3n. Lo hizo a trav\u00e9s de sus redes sociales. \u201cPor el momento no vamos a tomar nuevas medidas restrictivas.\u00a0<b>Es fundamental que cumplamos y hagamos cumplir las medidas de cuidado e higiene preventivas establecidas para evitar la propagaci\u00f3n del COVID-19 y tener la mejor temporada en el marco de la pandemia\u201d<\/b>, indic\u00f3.<\/p>\n<picture class=\"visual__image\"><source srcset=\"https:\/\/www.infobae.com\/new-resizer\/BKXL4YXj8nxy3cRR-gza3I1Bdz4=\/768x432\/filters:format(jpg):quality(85)\/cloudfront-us-east-1.images.arcpublishing.com\/infobae\/VDVCJHZKFNBTTNGNMC5FWDPRIU.jpg 1200w\" type=\"image\/jpg\" \/><source srcset=\"https:\/\/www.infobae.com\/new-resizer\/BKXL4YXj8nxy3cRR-gza3I1Bdz4=\/768x432\/filters:format(jpg):quality(85)\/cloudfront-us-east-1.images.arcpublishing.com\/infobae\/VDVCJHZKFNBTTNGNMC5FWDPRIU.jpg 992w\" type=\"image\/jpg\" \/><source srcset=\"https:\/\/www.infobae.com\/new-resizer\/BKXL4YXj8nxy3cRR-gza3I1Bdz4=\/768x432\/filters:format(jpg):quality(85)\/cloudfront-us-east-1.images.arcpublishing.com\/infobae\/VDVCJHZKFNBTTNGNMC5FWDPRIU.jpg 768w\" type=\"image\/jpg\" \/><source srcset=\"https:\/\/www.infobae.com\/new-resizer\/jHUbg8yHc8Tl8ryciG2g9H-XsrU=\/420x236\/filters:format(jpg):quality(85)\/cloudfront-us-east-1.images.arcpublishing.com\/infobae\/VDVCJHZKFNBTTNGNMC5FWDPRIU.jpg 420w\" type=\"image\/jpg\" \/><img loading=\"lazy\" decoding=\"async\" src=\"https:\/\/www.infobae.com\/new-resizer\/jHUbg8yHc8Tl8ryciG2g9H-XsrU=\/420x236\/filters:format(jpg):quality(85)\/\/cloudfront-us-east-1.images.arcpublishing.com\/infobae\/VDVCJHZKFNBTTNGNMC5FWDPRIU.jpg\" alt=\"Una de las \u00faltimas im\u00e1genes de Pinamar, donde los j\u00f3venes se concentraron en las playas y no cumplieron con los protocolos b\u00e1sicos \" width=\"960\" height=\"540\" \/>Una de las \u00faltimas im\u00e1genes de Pinamar, donde los j\u00f3venes se concentraron en las playas y no cumplieron con los protocolos b\u00e1sicos<\/picture>\n<p class=\"paragraph\"><b>A partir del 15 de diciembre las autoridades sanitarias de la provincia comenzaron a ver que la curva de contagios crec\u00eda nuevamente.<\/b>\u00a0Los casos aumentaron d\u00eda a d\u00eda hasta llegar, el 29 de diciembre, a<b>\u00a04.417 casos<\/b>, el pico del \u00faltimo mes. Antes de ese d\u00eda, tanto desde el gobierno bonaerense como de los municipios anticiparon que el principal problema eran las fiestas y reuniones clandestinas, adem\u00e1s del relajamiento de la gente con los cuidados b\u00e1sicos.<\/p>\n<p class=\"paragraph\"><mark class=\"hl_yellow\">\u201cPor ahora no est\u00e1 en riesgo de saturaci\u00f3n pero cada d\u00eda se ocupan m\u00e1s camas de las que se liberan\u201d,<\/mark>\u00a0indicaron desde la gobernaci\u00f3n. Esta semana los ministros, las autoridades sanitarias y los intendentes cruzar\u00e1n mensajes en m\u00e1s de una oportunidad.\u00a0<b>Ser\u00e1 una semana de definiciones. Lo blanque\u00f3 Kicillof durante la conferencia. En el comienzo de la pr\u00f3xima semana puede haber medidas. Las decisiones son din\u00e1micas y est\u00e1n atadas a la situaci\u00f3n sanitaria.<\/b><\/p>\n<p><strong>FUENTE<\/strong>: Infobae<\/p>\n","protected":false},"excerpt":{"rendered":"<p>El gobernador de la provincia de Buenos Aires,\u00a0Axel Kicillof, mantuvo una reuni\u00f3n con los intendentes de los\u00a0municipios de la Costa\u00a0en la que definieron, en forma conjunta y por el momento,\u00a0no adoptar medidas restrictivas debido al aumento de casos de coronavirus. La decisi\u00f3n se tom\u00f3 luego de dos horas de reuni\u00f3n en la que todos los [&hellip;]<\/p>\n","protected":false},"author":1,"featured_media":54643,"comment_status":"closed","ping_status":"open","sticky":false,"template":"","format":"standard","meta":{"footnotes":""},"categories":[55,51,52,53],"tags":[],"class_list":["post-54642","post","type-post","status-publish","format-standard","has-post-thumbnail","hentry","category-celt-tv-noticias","category-comunidad","category-destacadas","category-politica"],"yoast_head":"<!-- This site is optimized with the Yoast SEO plugin v19.7.1 - https:\/\/yoast.com\/wordpress\/plugins\/seo\/ -->\n<title>Kicillof e intendentes descartaron por ahora adoptar nuevas medidas restrictivas frente al aumento de casos de covid-19 - CELTTV<\/title>\n<meta name=\"description\" content=\"Sitio web de noticias de la localidad de Tornquist, provincia de Buenos Aires, Rep\u00fablica Argentina. Contenido propio originado por periodistas de CELTTV, el canal de TV local de la Cooperativa El\u00e9ctrica de Tornquist. Turismo, Pol\u00edtica, Sociedad, Deporte, Cultura y todo el contenido de inter\u00e9s general que la gente del pueblo y la regi\u00f3n debe conocer.\" \/>\n<meta name=\"robots\" content=\"index, follow, max-snippet:-1, max-image-preview:large, max-video-preview:-1\" \/>\n<link rel=\"canonical\" href=\"https:\/\/www.celttv.com.ar\/index.php\/2021\/01\/05\/kicillof-e-intendentes-descartaron-por-ahora-adoptar-nuevas-medidas-restrictivas-frente-al-aumento-de-casos-de-covid-19\/\" \/>\n<meta property=\"og:locale\" content=\"es_ES\" \/>\n<meta property=\"og:type\" content=\"article\" \/>\n<meta property=\"og:title\" content=\"Kicillof e intendentes descartaron por ahora adoptar nuevas medidas restrictivas frente al aumento de casos de covid-19 - CELTTV\" \/>\n<meta property=\"og:description\" content=\"Sitio web de noticias de la localidad de Tornquist, provincia de Buenos Aires, Rep\u00fablica Argentina. Contenido propio originado por periodistas de CELTTV, el canal de TV local de la Cooperativa El\u00e9ctrica de Tornquist. Turismo, Pol\u00edtica, Sociedad, Deporte, Cultura y todo el contenido de inter\u00e9s general que la gente del pueblo y la regi\u00f3n debe conocer.\" \/>\n<meta property=\"og:url\" content=\"https:\/\/www.celttv.com.ar\/index.php\/2021\/01\/05\/kicillof-e-intendentes-descartaron-por-ahora-adoptar-nuevas-medidas-restrictivas-frente-al-aumento-de-casos-de-covid-19\/\" \/>\n<meta property=\"og:site_name\" content=\"CELTTV\" \/>\n<meta property=\"article:publisher\" content=\"https:\/\/www.facebook.com\/celtTV\/\" \/>\n<meta property=\"article:published_time\" content=\"2021-01-05T19:26:23+00:00\" \/>\n<meta property=\"og:image\" content=\"https:\/\/www.celttv.com.ar\/wp-content\/uploads\/2021\/01\/2JKTMWJVTFE65JA5FEEPMG7PP4.jpg\" \/>\n\t<meta property=\"og:image:width\" content=\"768\" \/>\n\t<meta property=\"og:image:height\" content=\"432\" \/>\n\t<meta property=\"og:image:type\" content=\"image\/jpeg\" \/>\n<meta name=\"author\" content=\"ulises\" \/>\n<meta name=\"twitter:card\" content=\"summary_large_image\" \/>\n<meta name=\"twitter:label1\" content=\"Escrito por\" \/>\n\t<meta name=\"twitter:data1\" content=\"ulises\" \/>\n\t<meta name=\"twitter:label2\" content=\"Tiempo de lectura\" \/>\n\t<meta name=\"twitter:data2\" content=\"9 minutos\" \/>\n<script type=\"application\/ld+json\" class=\"yoast-schema-graph\">{\"@context\":\"https:\/\/schema.org\",\"@graph\":[{\"@type\":\"NewsArticle\",\"@id\":\"https:\/\/www.celttv.com.ar\/index.php\/2021\/01\/05\/kicillof-e-intendentes-descartaron-por-ahora-adoptar-nuevas-medidas-restrictivas-frente-al-aumento-de-casos-de-covid-19\/#article\",\"isPartOf\":{\"@id\":\"https:\/\/www.celttv.com.ar\/index.php\/2021\/01\/05\/kicillof-e-intendentes-descartaron-por-ahora-adoptar-nuevas-medidas-restrictivas-frente-al-aumento-de-casos-de-covid-19\/\"},\"author\":{\"name\":\"ulises\",\"@id\":\"https:\/\/www.celttv.com.ar\/#\/schema\/person\/6d99c072dba59953809c81446e9d0ace\"},\"headline\":\"Kicillof e intendentes descartaron por ahora adoptar nuevas medidas restrictivas frente al aumento de casos de covid-19\",\"datePublished\":\"2021-01-05T19:26:23+00:00\",\"dateModified\":\"2021-01-05T19:26:23+00:00\",\"mainEntityOfPage\":{\"@id\":\"https:\/\/www.celttv.com.ar\/index.php\/2021\/01\/05\/kicillof-e-intendentes-descartaron-por-ahora-adoptar-nuevas-medidas-restrictivas-frente-al-aumento-de-casos-de-covid-19\/\"},\"wordCount\":1724,\"publisher\":{\"@id\":\"https:\/\/www.celttv.com.ar\/#organization\"},\"articleSection\":[\"Celt TV Noticias\",\"Comunidad\",\"Destacadas\",\"Pol\u00edtica\"],\"inLanguage\":\"es\"},{\"@type\":\"WebPage\",\"@id\":\"https:\/\/www.celttv.com.ar\/index.php\/2021\/01\/05\/kicillof-e-intendentes-descartaron-por-ahora-adoptar-nuevas-medidas-restrictivas-frente-al-aumento-de-casos-de-covid-19\/\",\"url\":\"https:\/\/www.celttv.com.ar\/index.php\/2021\/01\/05\/kicillof-e-intendentes-descartaron-por-ahora-adoptar-nuevas-medidas-restrictivas-frente-al-aumento-de-casos-de-covid-19\/\",\"name\":\"Kicillof e intendentes descartaron por ahora adoptar nuevas medidas restrictivas frente al aumento de casos de covid-19 - CELTTV\",\"isPartOf\":{\"@id\":\"https:\/\/www.celttv.com.ar\/#website\"},\"datePublished\":\"2021-01-05T19:26:23+00:00\",\"dateModified\":\"2021-01-05T19:26:23+00:00\",\"description\":\"Sitio web de noticias de la localidad de Tornquist, provincia de Buenos Aires, Rep\u00fablica Argentina. Contenido propio originado por periodistas de CELTTV, el canal de TV local de la Cooperativa El\u00e9ctrica de Tornquist. Turismo, Pol\u00edtica, Sociedad, Deporte, Cultura y todo el contenido de inter\u00e9s general que la gente del pueblo y la regi\u00f3n debe conocer.\",\"breadcrumb\":{\"@id\":\"https:\/\/www.celttv.com.ar\/index.php\/2021\/01\/05\/kicillof-e-intendentes-descartaron-por-ahora-adoptar-nuevas-medidas-restrictivas-frente-al-aumento-de-casos-de-covid-19\/#breadcrumb\"},\"inLanguage\":\"es\",\"potentialAction\":[{\"@type\":\"ReadAction\",\"target\":[\"https:\/\/www.celttv.com.ar\/index.php\/2021\/01\/05\/kicillof-e-intendentes-descartaron-por-ahora-adoptar-nuevas-medidas-restrictivas-frente-al-aumento-de-casos-de-covid-19\/\"]}]},{\"@type\":\"BreadcrumbList\",\"@id\":\"https:\/\/www.celttv.com.ar\/index.php\/2021\/01\/05\/kicillof-e-intendentes-descartaron-por-ahora-adoptar-nuevas-medidas-restrictivas-frente-al-aumento-de-casos-de-covid-19\/#breadcrumb\",\"itemListElement\":[{\"@type\":\"ListItem\",\"position\":1,\"name\":\"Inicio\",\"item\":\"https:\/\/www.celttv.com.ar\/\"},{\"@type\":\"ListItem\",\"position\":2,\"name\":\"Kicillof e intendentes descartaron por ahora adoptar nuevas medidas restrictivas frente al aumento de casos de covid-19\"}]},{\"@type\":\"WebSite\",\"@id\":\"https:\/\/www.celttv.com.ar\/#website\",\"url\":\"https:\/\/www.celttv.com.ar\/\",\"name\":\"CELTTV\",\"description\":\"Cooperativa El\u00e9ctrica de Tornquist\",\"publisher\":{\"@id\":\"https:\/\/www.celttv.com.ar\/#organization\"},\"potentialAction\":[{\"@type\":\"SearchAction\",\"target\":{\"@type\":\"EntryPoint\",\"urlTemplate\":\"https:\/\/www.celttv.com.ar\/?s={search_term_string}\"},\"query-input\":\"required name=search_term_string\"}],\"inLanguage\":\"es\"},{\"@type\":\"Organization\",\"@id\":\"https:\/\/www.celttv.com.ar\/#organization\",\"name\":\"CELTTV\",\"url\":\"https:\/\/www.celttv.com.ar\/\",\"sameAs\":[\"https:\/\/www.youtube.com\/channel\/UCz_oIt8Hig64Ub-EmcNPIhg\",\"https:\/\/www.facebook.com\/celtTV\/\"],\"logo\":{\"@type\":\"ImageObject\",\"inLanguage\":\"es\",\"@id\":\"https:\/\/www.celttv.com.ar\/#\/schema\/logo\/image\/\",\"url\":\"http:\/\/www.celttv.com.ar\/wp-content\/uploads\/2022\/08\/logo-1.png\",\"contentUrl\":\"http:\/\/www.celttv.com.ar\/wp-content\/uploads\/2022\/08\/logo-1.png\",\"width\":461,\"height\":159,\"caption\":\"CELTTV\"},\"image\":{\"@id\":\"https:\/\/www.celttv.com.ar\/#\/schema\/logo\/image\/\"}},{\"@type\":\"Person\",\"@id\":\"https:\/\/www.celttv.com.ar\/#\/schema\/person\/6d99c072dba59953809c81446e9d0ace\",\"name\":\"ulises\",\"image\":{\"@type\":\"ImageObject\",\"inLanguage\":\"es\",\"@id\":\"https:\/\/www.celttv.com.ar\/#\/schema\/person\/image\/\",\"url\":\"https:\/\/secure.gravatar.com\/avatar\/7f2c48bdc33b30088f941fb6082e555f2874c98e20cb159d7b92b50eadfce793?s=96&d=mm&r=g\",\"contentUrl\":\"https:\/\/secure.gravatar.com\/avatar\/7f2c48bdc33b30088f941fb6082e555f2874c98e20cb159d7b92b50eadfce793?s=96&d=mm&r=g\",\"caption\":\"ulises\"},\"sameAs\":[\"http:\/\/www.celttv.com.ar\"]}]}<\/script>\n<!-- \/ Yoast SEO plugin. -->","yoast_head_json":{"title":"Kicillof e intendentes descartaron por ahora adoptar nuevas medidas restrictivas frente al aumento de casos de covid-19 - CELTTV","description":"Sitio web de noticias de la localidad de Tornquist, provincia de Buenos Aires, Rep\u00fablica Argentina. Contenido propio originado por periodistas de CELTTV, el canal de TV local de la Cooperativa El\u00e9ctrica de Tornquist. Turismo, Pol\u00edtica, Sociedad, Deporte, Cultura y todo el contenido de inter\u00e9s general que la gente del pueblo y la regi\u00f3n debe conocer.","robots":{"index":"index","follow":"follow","max-snippet":"max-snippet:-1","max-image-preview":"max-image-preview:large","max-video-preview":"max-video-preview:-1"},"canonical":"https:\/\/www.celttv.com.ar\/index.php\/2021\/01\/05\/kicillof-e-intendentes-descartaron-por-ahora-adoptar-nuevas-medidas-restrictivas-frente-al-aumento-de-casos-de-covid-19\/","og_locale":"es_ES","og_type":"article","og_title":"Kicillof e intendentes descartaron por ahora adoptar nuevas medidas restrictivas frente al aumento de casos de covid-19 - CELTTV","og_description":"Sitio web de noticias de la localidad de Tornquist, provincia de Buenos Aires, Rep\u00fablica Argentina. Contenido propio originado por periodistas de CELTTV, el canal de TV local de la Cooperativa El\u00e9ctrica de Tornquist. Turismo, Pol\u00edtica, Sociedad, Deporte, Cultura y todo el contenido de inter\u00e9s general que la gente del pueblo y la regi\u00f3n debe conocer.","og_url":"https:\/\/www.celttv.com.ar\/index.php\/2021\/01\/05\/kicillof-e-intendentes-descartaron-por-ahora-adoptar-nuevas-medidas-restrictivas-frente-al-aumento-de-casos-de-covid-19\/","og_site_name":"CELTTV","article_publisher":"https:\/\/www.facebook.com\/celtTV\/","article_published_time":"2021-01-05T19:26:23+00:00","og_image":[{"width":768,"height":432,"url":"https:\/\/www.celttv.com.ar\/wp-content\/uploads\/2021\/01\/2JKTMWJVTFE65JA5FEEPMG7PP4.jpg","type":"image\/jpeg"}],"author":"ulises","twitter_card":"summary_large_image","twitter_misc":{"Escrito por":"ulises","Tiempo de lectura":"9 minutos"},"schema":{"@context":"https:\/\/schema.org","@graph":[{"@type":"NewsArticle","@id":"https:\/\/www.celttv.com.ar\/index.php\/2021\/01\/05\/kicillof-e-intendentes-descartaron-por-ahora-adoptar-nuevas-medidas-restrictivas-frente-al-aumento-de-casos-de-covid-19\/#article","isPartOf":{"@id":"https:\/\/www.celttv.com.ar\/index.php\/2021\/01\/05\/kicillof-e-intendentes-descartaron-por-ahora-adoptar-nuevas-medidas-restrictivas-frente-al-aumento-de-casos-de-covid-19\/"},"author":{"name":"ulises","@id":"https:\/\/www.celttv.com.ar\/#\/schema\/person\/6d99c072dba59953809c81446e9d0ace"},"headline":"Kicillof e intendentes descartaron por ahora adoptar nuevas medidas restrictivas frente al aumento de casos de covid-19","datePublished":"2021-01-05T19:26:23+00:00","dateModified":"2021-01-05T19:26:23+00:00","mainEntityOfPage":{"@id":"https:\/\/www.celttv.com.ar\/index.php\/2021\/01\/05\/kicillof-e-intendentes-descartaron-por-ahora-adoptar-nuevas-medidas-restrictivas-frente-al-aumento-de-casos-de-covid-19\/"},"wordCount":1724,"publisher":{"@id":"https:\/\/www.celttv.com.ar\/#organization"},"articleSection":["Celt TV Noticias","Comunidad","Destacadas","Pol\u00edtica"],"inLanguage":"es"},{"@type":"WebPage","@id":"https:\/\/www.celttv.com.ar\/index.php\/2021\/01\/05\/kicillof-e-intendentes-descartaron-por-ahora-adoptar-nuevas-medidas-restrictivas-frente-al-aumento-de-casos-de-covid-19\/","url":"https:\/\/www.celttv.com.ar\/index.php\/2021\/01\/05\/kicillof-e-intendentes-descartaron-por-ahora-adoptar-nuevas-medidas-restrictivas-frente-al-aumento-de-casos-de-covid-19\/","name":"Kicillof e intendentes descartaron por ahora adoptar nuevas medidas restrictivas frente al aumento de casos de covid-19 - CELTTV","isPartOf":{"@id":"https:\/\/www.celttv.com.ar\/#website"},"datePublished":"2021-01-05T19:26:23+00:00","dateModified":"2021-01-05T19:26:23+00:00","description":"Sitio web de noticias de la localidad de Tornquist, provincia de Buenos Aires, Rep\u00fablica Argentina. Contenido propio originado por periodistas de CELTTV, el canal de TV local de la Cooperativa El\u00e9ctrica de Tornquist. Turismo, Pol\u00edtica, Sociedad, Deporte, Cultura y todo el contenido de inter\u00e9s general que la gente del pueblo y la regi\u00f3n debe conocer.","breadcrumb":{"@id":"https:\/\/www.celttv.com.ar\/index.php\/2021\/01\/05\/kicillof-e-intendentes-descartaron-por-ahora-adoptar-nuevas-medidas-restrictivas-frente-al-aumento-de-casos-de-covid-19\/#breadcrumb"},"inLanguage":"es","potentialAction":[{"@type":"ReadAction","target":["https:\/\/www.celttv.com.ar\/index.php\/2021\/01\/05\/kicillof-e-intendentes-descartaron-por-ahora-adoptar-nuevas-medidas-restrictivas-frente-al-aumento-de-casos-de-covid-19\/"]}]},{"@type":"BreadcrumbList","@id":"https:\/\/www.celttv.com.ar\/index.php\/2021\/01\/05\/kicillof-e-intendentes-descartaron-por-ahora-adoptar-nuevas-medidas-restrictivas-frente-al-aumento-de-casos-de-covid-19\/#breadcrumb","itemListElement":[{"@type":"ListItem","position":1,"name":"Inicio","item":"https:\/\/www.celttv.com.ar\/"},{"@type":"ListItem","position":2,"name":"Kicillof e intendentes descartaron por ahora adoptar nuevas medidas restrictivas frente al aumento de casos de covid-19"}]},{"@type":"WebSite","@id":"https:\/\/www.celttv.com.ar\/#website","url":"https:\/\/www.celttv.com.ar\/","name":"CELTTV","description":"Cooperativa El\u00e9ctrica de Tornquist","publisher":{"@id":"https:\/\/www.celttv.com.ar\/#organization"},"potentialAction":[{"@type":"SearchAction","target":{"@type":"EntryPoint","urlTemplate":"https:\/\/www.celttv.com.ar\/?s={search_term_string}"},"query-input":"required name=search_term_string"}],"inLanguage":"es"},{"@type":"Organization","@id":"https:\/\/www.celttv.com.ar\/#organization","name":"CELTTV","url":"https:\/\/www.celttv.com.ar\/","sameAs":["https:\/\/www.youtube.com\/channel\/UCz_oIt8Hig64Ub-EmcNPIhg","https:\/\/www.facebook.com\/celtTV\/"],"logo":{"@type":"ImageObject","inLanguage":"es","@id":"https:\/\/www.celttv.com.ar\/#\/schema\/logo\/image\/","url":"http:\/\/www.celttv.com.ar\/wp-content\/uploads\/2022\/08\/logo-1.png","contentUrl":"http:\/\/www.celttv.com.ar\/wp-content\/uploads\/2022\/08\/logo-1.png","width":461,"height":159,"caption":"CELTTV"},"image":{"@id":"https:\/\/www.celttv.com.ar\/#\/schema\/logo\/image\/"}},{"@type":"Person","@id":"https:\/\/www.celttv.com.ar\/#\/schema\/person\/6d99c072dba59953809c81446e9d0ace","name":"ulises","image":{"@type":"ImageObject","inLanguage":"es","@id":"https:\/\/www.celttv.com.ar\/#\/schema\/person\/image\/","url":"https:\/\/secure.gravatar.com\/avatar\/7f2c48bdc33b30088f941fb6082e555f2874c98e20cb159d7b92b50eadfce793?s=96&d=mm&r=g","contentUrl":"https:\/\/secure.gravatar.com\/avatar\/7f2c48bdc33b30088f941fb6082e555f2874c98e20cb159d7b92b50eadfce793?s=96&d=mm&r=g","caption":"ulises"},"sameAs":["http:\/\/www.celttv.com.ar"]}]}},"_links":{"self":[{"href":"https:\/\/www.celttv.com.ar\/index.php\/wp-json\/wp\/v2\/posts\/54642","targetHints":{"allow":["GET"]}}],"collection":[{"href":"https:\/\/www.celttv.com.ar\/index.php\/wp-json\/wp\/v2\/posts"}],"about":[{"href":"https:\/\/www.celttv.com.ar\/index.php\/wp-json\/wp\/v2\/types\/post"}],"author":[{"embeddable":true,"href":"https:\/\/www.celttv.com.ar\/index.php\/wp-json\/wp\/v2\/users\/1"}],"replies":[{"embeddable":true,"href":"https:\/\/www.celttv.com.ar\/index.php\/wp-json\/wp\/v2\/comments?post=54642"}],"version-history":[{"count":0,"href":"https:\/\/www.celttv.com.ar\/index.php\/wp-json\/wp\/v2\/posts\/54642\/revisions"}],"wp:featuredmedia":[{"embeddable":true,"href":"https:\/\/www.celttv.com.ar\/index.php\/wp-json\/wp\/v2\/media\/54643"}],"wp:attachment":[{"href":"https:\/\/www.celttv.com.ar\/index.php\/wp-json\/wp\/v2\/media?parent=54642"}],"wp:term":[{"taxonomy":"category","embeddable":true,"href":"https:\/\/www.celttv.com.ar\/index.php\/wp-json\/wp\/v2\/categories?post=54642"},{"taxonomy":"post_tag","embeddable":true,"href":"https:\/\/www.celttv.com.ar\/index.php\/wp-json\/wp\/v2\/tags?post=54642"}],"curies":[{"name":"wp","href":"https:\/\/api.w.org\/{rel}","templated":true}]}}