{"id":54646,"date":"2021-01-05T19:51:48","date_gmt":"2021-01-05T19:51:48","guid":{"rendered":"http:\/\/www.celttv.com.ar\/?p=54646"},"modified":"2021-01-05T19:51:48","modified_gmt":"2021-01-05T19:51:48","slug":"villa-ventana-el-muro-de-escalada-tambien-estara-habilitado-al-turismo","status":"publish","type":"post","link":"https:\/\/www.celttv.com.ar\/index.php\/2021\/01\/05\/villa-ventana-el-muro-de-escalada-tambien-estara-habilitado-al-turismo\/","title":{"rendered":"Villa Ventana: El muro de escalada tambi\u00e9n estar\u00e1 habilitado al turismo"},"content":{"rendered":"<p>La actividad de escalada se presenta como una de las opciones para los habitantes del distrito y tambi\u00e9n para los turistas que visiten Villa Ventana.<\/p>\n<p><strong>HORARIO TURISTICO:<\/strong><br \/>\nLunes, Mi\u00e9rcoles y Viernes de 17:00 a 22:00hs.<br \/>\nMartes, Jueves y S\u00e1bados de 11:00 a 15:00hs.<br \/>\nDomingos de 11:00 a 22:00hs.<\/p>\n<p><strong>HORARIO ESCUELA:<\/strong><br \/>\n(6a8 a\u00f1os): Lunes y Viernes de 16:00 a 17:00hs.<br \/>\n(9a11 a\u00f1os): Martes, Jueves y S\u00e1bados de 16:00 a 17:00hs.<br \/>\n(12a14 a\u00f1os): Mi\u00e9rcoles de 16:00 a 17:00hs y S\u00e1bados de 17:00 a 18:00hs.<br \/>\n(Adultos y mayores de 15 a\u00f1os): Martes, Jueves y S\u00e1bados de 17:00 a 22:00hs.<\/p>\n<p><strong>IMPORTANTE:<\/strong><br \/>\nTodas las actividades, ya sean tur\u00edsticas como as\u00ed tambi\u00e9n las de la escuela local, tendr\u00e1n horarios &#8220;no compartidos&#8221; y se realizar\u00e1 por protocolo las desinfecci\u00f3nes correspondientes a las transiciones de ambos.<br \/>\nSer\u00e1 obligatorio el uso de barbijo, limpieza de calzado y alcohol en gel para cuidarnos entre todos.<\/p>\n<p><a href=\"http:\/\/www.celttv.com.ar\/?attachment_id=54647\" rel=\"attachment wp-att-54647\"><img loading=\"lazy\" decoding=\"async\" class=\"alignleft size-full wp-image-54647\" src=\"http:\/\/www.celttv.com.ar\/wp-content\/uploads\/2021\/01\/51287e04-db1f-4faa-b92b-50d9be9d1788.jpg\" alt=\"\" width=\"853\" height=\"1280\" srcset=\"https:\/\/www.celttv.com.ar\/wp-content\/uploads\/2021\/01\/51287e04-db1f-4faa-b92b-50d9be9d1788.jpg 853w, https:\/\/www.celttv.com.ar\/wp-content\/uploads\/2021\/01\/51287e04-db1f-4faa-b92b-50d9be9d1788-200x300.jpg 200w, https:\/\/www.celttv.com.ar\/wp-content\/uploads\/2021\/01\/51287e04-db1f-4faa-b92b-50d9be9d1788-682x1024.jpg 682w, https:\/\/www.celttv.com.ar\/wp-content\/uploads\/2021\/01\/51287e04-db1f-4faa-b92b-50d9be9d1788-768x1152.jpg 768w, https:\/\/www.celttv.com.ar\/wp-content\/uploads\/2021\/01\/51287e04-db1f-4faa-b92b-50d9be9d1788-750x1125.jpg 750w\" sizes=\"auto, (max-width: 853px) 100vw, 853px\" \/><\/a> <a href=\"http:\/\/www.celttv.com.ar\/?attachment_id=54648\" rel=\"attachment wp-att-54648\"><img loading=\"lazy\" decoding=\"async\" class=\"alignleft size-medium wp-image-54648\" src=\"http:\/\/www.celttv.com.ar\/wp-content\/uploads\/2021\/01\/feeeadb5-80e1-49af-a614-f53eab2f8052.jpg\" alt=\"\" width=\"520\" height=\"780\" srcset=\"https:\/\/www.celttv.com.ar\/wp-content\/uploads\/2021\/01\/feeeadb5-80e1-49af-a614-f53eab2f8052.jpg 853w, https:\/\/www.celttv.com.ar\/wp-content\/uploads\/2021\/01\/feeeadb5-80e1-49af-a614-f53eab2f8052-200x300.jpg 200w, https:\/\/www.celttv.com.ar\/wp-content\/uploads\/2021\/01\/feeeadb5-80e1-49af-a614-f53eab2f8052-682x1024.jpg 682w, https:\/\/www.celttv.com.ar\/wp-content\/uploads\/2021\/01\/feeeadb5-80e1-49af-a614-f53eab2f8052-768x1152.jpg 768w, https:\/\/www.celttv.com.ar\/wp-content\/uploads\/2021\/01\/feeeadb5-80e1-49af-a614-f53eab2f8052-750x1125.jpg 750w\" sizes=\"auto, (max-width: 520px) 100vw, 520px\" \/><\/a><\/p>\n","protected":false},"excerpt":{"rendered":"<p>La actividad de escalada se presenta como una de las opciones para los habitantes del distrito y tambi\u00e9n para los turistas que visiten Villa Ventana. HORARIO TURISTICO: Lunes, Mi\u00e9rcoles y Viernes de 17:00 a 22:00hs. Martes, Jueves y S\u00e1bados de 11:00 a 15:00hs. Domingos de 11:00 a 22:00hs. HORARIO ESCUELA: (6a8 a\u00f1os): Lunes y Viernes [&hellip;]<\/p>\n","protected":false},"author":1,"featured_media":54649,"comment_status":"closed","ping_status":"open","sticky":false,"template":"","format":"standard","meta":{"footnotes":""},"categories":[55,51,60,62,52,63,58],"tags":[],"class_list":["post-54646","post","type-post","status-publish","format-standard","has-post-thumbnail","hentry","category-celt-tv-noticias","category-comunidad","category-deporte","category-deportes","category-destacadas","category-magazine-sport","category-turismo"],"yoast_head":"<!-- This site is optimized with the Yoast SEO plugin v19.7.1 - https:\/\/yoast.com\/wordpress\/plugins\/seo\/ -->\n<title>Villa Ventana: El muro de escalada tambi\u00e9n estar\u00e1 habilitado al turismo - CELTTV<\/title>\n<meta name=\"description\" content=\"Sitio web de noticias de la localidad de Tornquist, provincia de Buenos Aires, Rep\u00fablica Argentina. Contenido propio originado por periodistas de CELTTV, el canal de TV local de la Cooperativa El\u00e9ctrica de Tornquist. Turismo, Pol\u00edtica, Sociedad, Deporte, Cultura y todo el contenido de inter\u00e9s general que la gente del pueblo y la regi\u00f3n debe conocer.\" \/>\n<meta name=\"robots\" content=\"index, follow, max-snippet:-1, max-image-preview:large, max-video-preview:-1\" \/>\n<link rel=\"canonical\" href=\"https:\/\/www.celttv.com.ar\/index.php\/2021\/01\/05\/villa-ventana-el-muro-de-escalada-tambien-estara-habilitado-al-turismo\/\" \/>\n<meta property=\"og:locale\" content=\"es_ES\" \/>\n<meta property=\"og:type\" content=\"article\" \/>\n<meta property=\"og:title\" content=\"Villa Ventana: El muro de escalada tambi\u00e9n estar\u00e1 habilitado al turismo - CELTTV\" \/>\n<meta property=\"og:description\" content=\"Sitio web de noticias de la localidad de Tornquist, provincia de Buenos Aires, Rep\u00fablica Argentina. Contenido propio originado por periodistas de CELTTV, el canal de TV local de la Cooperativa El\u00e9ctrica de Tornquist. Turismo, Pol\u00edtica, Sociedad, Deporte, Cultura y todo el contenido de inter\u00e9s general que la gente del pueblo y la regi\u00f3n debe conocer.\" \/>\n<meta property=\"og:url\" content=\"https:\/\/www.celttv.com.ar\/index.php\/2021\/01\/05\/villa-ventana-el-muro-de-escalada-tambien-estara-habilitado-al-turismo\/\" \/>\n<meta property=\"og:site_name\" content=\"CELTTV\" \/>\n<meta property=\"article:publisher\" content=\"https:\/\/www.facebook.com\/celtTV\/\" \/>\n<meta property=\"article:published_time\" content=\"2021-01-05T19:51:48+00:00\" \/>\n<meta property=\"og:image\" content=\"https:\/\/www.celttv.com.ar\/wp-content\/uploads\/2021\/01\/51287e04-db1f-4faa-b92b-50d9be9d1788-1.jpg\" \/>\n\t<meta property=\"og:image:width\" content=\"841\" \/>\n\t<meta property=\"og:image:height\" content=\"433\" \/>\n\t<meta property=\"og:image:type\" content=\"image\/jpeg\" \/>\n<meta name=\"author\" content=\"ulises\" \/>\n<meta name=\"twitter:card\" content=\"summary_large_image\" \/>\n<meta name=\"twitter:label1\" content=\"Escrito por\" \/>\n\t<meta name=\"twitter:data1\" content=\"ulises\" \/>\n\t<meta name=\"twitter:label2\" content=\"Tiempo de lectura\" \/>\n\t<meta name=\"twitter:data2\" content=\"1 minuto\" \/>\n<script type=\"application\/ld+json\" class=\"yoast-schema-graph\">{\"@context\":\"https:\/\/schema.org\",\"@graph\":[{\"@type\":\"NewsArticle\",\"@id\":\"https:\/\/www.celttv.com.ar\/index.php\/2021\/01\/05\/villa-ventana-el-muro-de-escalada-tambien-estara-habilitado-al-turismo\/#article\",\"isPartOf\":{\"@id\":\"https:\/\/www.celttv.com.ar\/index.php\/2021\/01\/05\/villa-ventana-el-muro-de-escalada-tambien-estara-habilitado-al-turismo\/\"},\"author\":{\"name\":\"ulises\",\"@id\":\"https:\/\/www.celttv.com.ar\/#\/schema\/person\/6d99c072dba59953809c81446e9d0ace\"},\"headline\":\"Villa Ventana: El muro de escalada tambi\u00e9n estar\u00e1 habilitado al turismo\",\"datePublished\":\"2021-01-05T19:51:48+00:00\",\"dateModified\":\"2021-01-05T19:51:48+00:00\",\"mainEntityOfPage\":{\"@id\":\"https:\/\/www.celttv.com.ar\/index.php\/2021\/01\/05\/villa-ventana-el-muro-de-escalada-tambien-estara-habilitado-al-turismo\/\"},\"wordCount\":163,\"publisher\":{\"@id\":\"https:\/\/www.celttv.com.ar\/#organization\"},\"articleSection\":[\"Celt TV Noticias\",\"Comunidad\",\"Deporte\",\"Deportes\",\"Destacadas\",\"Magazine Sport\",\"Turismo\"],\"inLanguage\":\"es\"},{\"@type\":\"WebPage\",\"@id\":\"https:\/\/www.celttv.com.ar\/index.php\/2021\/01\/05\/villa-ventana-el-muro-de-escalada-tambien-estara-habilitado-al-turismo\/\",\"url\":\"https:\/\/www.celttv.com.ar\/index.php\/2021\/01\/05\/villa-ventana-el-muro-de-escalada-tambien-estara-habilitado-al-turismo\/\",\"name\":\"Villa Ventana: El muro de escalada tambi\u00e9n estar\u00e1 habilitado al turismo - CELTTV\",\"isPartOf\":{\"@id\":\"https:\/\/www.celttv.com.ar\/#website\"},\"datePublished\":\"2021-01-05T19:51:48+00:00\",\"dateModified\":\"2021-01-05T19:51:48+00:00\",\"description\":\"Sitio web de noticias de la localidad de Tornquist, provincia de Buenos Aires, Rep\u00fablica Argentina. Contenido propio originado por periodistas de CELTTV, el canal de TV local de la Cooperativa El\u00e9ctrica de Tornquist. Turismo, Pol\u00edtica, Sociedad, Deporte, Cultura y todo el contenido de inter\u00e9s general que la gente del pueblo y la regi\u00f3n debe conocer.\",\"breadcrumb\":{\"@id\":\"https:\/\/www.celttv.com.ar\/index.php\/2021\/01\/05\/villa-ventana-el-muro-de-escalada-tambien-estara-habilitado-al-turismo\/#breadcrumb\"},\"inLanguage\":\"es\",\"potentialAction\":[{\"@type\":\"ReadAction\",\"target\":[\"https:\/\/www.celttv.com.ar\/index.php\/2021\/01\/05\/villa-ventana-el-muro-de-escalada-tambien-estara-habilitado-al-turismo\/\"]}]},{\"@type\":\"BreadcrumbList\",\"@id\":\"https:\/\/www.celttv.com.ar\/index.php\/2021\/01\/05\/villa-ventana-el-muro-de-escalada-tambien-estara-habilitado-al-turismo\/#breadcrumb\",\"itemListElement\":[{\"@type\":\"ListItem\",\"position\":1,\"name\":\"Inicio\",\"item\":\"https:\/\/www.celttv.com.ar\/\"},{\"@type\":\"ListItem\",\"position\":2,\"name\":\"Villa Ventana: El muro de escalada tambi\u00e9n estar\u00e1 habilitado al turismo\"}]},{\"@type\":\"WebSite\",\"@id\":\"https:\/\/www.celttv.com.ar\/#website\",\"url\":\"https:\/\/www.celttv.com.ar\/\",\"name\":\"CELTTV\",\"description\":\"Cooperativa El\u00e9ctrica de Tornquist\",\"publisher\":{\"@id\":\"https:\/\/www.celttv.com.ar\/#organization\"},\"potentialAction\":[{\"@type\":\"SearchAction\",\"target\":{\"@type\":\"EntryPoint\",\"urlTemplate\":\"https:\/\/www.celttv.com.ar\/?s={search_term_string}\"},\"query-input\":\"required name=search_term_string\"}],\"inLanguage\":\"es\"},{\"@type\":\"Organization\",\"@id\":\"https:\/\/www.celttv.com.ar\/#organization\",\"name\":\"CELTTV\",\"url\":\"https:\/\/www.celttv.com.ar\/\",\"sameAs\":[\"https:\/\/www.youtube.com\/channel\/UCz_oIt8Hig64Ub-EmcNPIhg\",\"https:\/\/www.facebook.com\/celtTV\/\"],\"logo\":{\"@type\":\"ImageObject\",\"inLanguage\":\"es\",\"@id\":\"https:\/\/www.celttv.com.ar\/#\/schema\/logo\/image\/\",\"url\":\"http:\/\/www.celttv.com.ar\/wp-content\/uploads\/2022\/08\/logo-1.png\",\"contentUrl\":\"http:\/\/www.celttv.com.ar\/wp-content\/uploads\/2022\/08\/logo-1.png\",\"width\":461,\"height\":159,\"caption\":\"CELTTV\"},\"image\":{\"@id\":\"https:\/\/www.celttv.com.ar\/#\/schema\/logo\/image\/\"}},{\"@type\":\"Person\",\"@id\":\"https:\/\/www.celttv.com.ar\/#\/schema\/person\/6d99c072dba59953809c81446e9d0ace\",\"name\":\"ulises\",\"image\":{\"@type\":\"ImageObject\",\"inLanguage\":\"es\",\"@id\":\"https:\/\/www.celttv.com.ar\/#\/schema\/person\/image\/\",\"url\":\"https:\/\/secure.gravatar.com\/avatar\/7f2c48bdc33b30088f941fb6082e555f2874c98e20cb159d7b92b50eadfce793?s=96&d=mm&r=g\",\"contentUrl\":\"https:\/\/secure.gravatar.com\/avatar\/7f2c48bdc33b30088f941fb6082e555f2874c98e20cb159d7b92b50eadfce793?s=96&d=mm&r=g\",\"caption\":\"ulises\"},\"sameAs\":[\"http:\/\/www.celttv.com.ar\"]}]}<\/script>\n<!-- \/ Yoast SEO plugin. -->","yoast_head_json":{"title":"Villa Ventana: El muro de escalada tambi\u00e9n estar\u00e1 habilitado al turismo - CELTTV","description":"Sitio web de noticias de la localidad de Tornquist, provincia de Buenos Aires, Rep\u00fablica Argentina. Contenido propio originado por periodistas de CELTTV, el canal de TV local de la Cooperativa El\u00e9ctrica de Tornquist. Turismo, Pol\u00edtica, Sociedad, Deporte, Cultura y todo el contenido de inter\u00e9s general que la gente del pueblo y la regi\u00f3n debe conocer.","robots":{"index":"index","follow":"follow","max-snippet":"max-snippet:-1","max-image-preview":"max-image-preview:large","max-video-preview":"max-video-preview:-1"},"canonical":"https:\/\/www.celttv.com.ar\/index.php\/2021\/01\/05\/villa-ventana-el-muro-de-escalada-tambien-estara-habilitado-al-turismo\/","og_locale":"es_ES","og_type":"article","og_title":"Villa Ventana: El muro de escalada tambi\u00e9n estar\u00e1 habilitado al turismo - CELTTV","og_description":"Sitio web de noticias de la localidad de Tornquist, provincia de Buenos Aires, Rep\u00fablica Argentina. Contenido propio originado por periodistas de CELTTV, el canal de TV local de la Cooperativa El\u00e9ctrica de Tornquist. Turismo, Pol\u00edtica, Sociedad, Deporte, Cultura y todo el contenido de inter\u00e9s general que la gente del pueblo y la regi\u00f3n debe conocer.","og_url":"https:\/\/www.celttv.com.ar\/index.php\/2021\/01\/05\/villa-ventana-el-muro-de-escalada-tambien-estara-habilitado-al-turismo\/","og_site_name":"CELTTV","article_publisher":"https:\/\/www.facebook.com\/celtTV\/","article_published_time":"2021-01-05T19:51:48+00:00","og_image":[{"width":841,"height":433,"url":"https:\/\/www.celttv.com.ar\/wp-content\/uploads\/2021\/01\/51287e04-db1f-4faa-b92b-50d9be9d1788-1.jpg","type":"image\/jpeg"}],"author":"ulises","twitter_card":"summary_large_image","twitter_misc":{"Escrito por":"ulises","Tiempo de lectura":"1 minuto"},"schema":{"@context":"https:\/\/schema.org","@graph":[{"@type":"NewsArticle","@id":"https:\/\/www.celttv.com.ar\/index.php\/2021\/01\/05\/villa-ventana-el-muro-de-escalada-tambien-estara-habilitado-al-turismo\/#article","isPartOf":{"@id":"https:\/\/www.celttv.com.ar\/index.php\/2021\/01\/05\/villa-ventana-el-muro-de-escalada-tambien-estara-habilitado-al-turismo\/"},"author":{"name":"ulises","@id":"https:\/\/www.celttv.com.ar\/#\/schema\/person\/6d99c072dba59953809c81446e9d0ace"},"headline":"Villa Ventana: El muro de escalada tambi\u00e9n estar\u00e1 habilitado al turismo","datePublished":"2021-01-05T19:51:48+00:00","dateModified":"2021-01-05T19:51:48+00:00","mainEntityOfPage":{"@id":"https:\/\/www.celttv.com.ar\/index.php\/2021\/01\/05\/villa-ventana-el-muro-de-escalada-tambien-estara-habilitado-al-turismo\/"},"wordCount":163,"publisher":{"@id":"https:\/\/www.celttv.com.ar\/#organization"},"articleSection":["Celt TV Noticias","Comunidad","Deporte","Deportes","Destacadas","Magazine Sport","Turismo"],"inLanguage":"es"},{"@type":"WebPage","@id":"https:\/\/www.celttv.com.ar\/index.php\/2021\/01\/05\/villa-ventana-el-muro-de-escalada-tambien-estara-habilitado-al-turismo\/","url":"https:\/\/www.celttv.com.ar\/index.php\/2021\/01\/05\/villa-ventana-el-muro-de-escalada-tambien-estara-habilitado-al-turismo\/","name":"Villa Ventana: El muro de escalada tambi\u00e9n estar\u00e1 habilitado al turismo - CELTTV","isPartOf":{"@id":"https:\/\/www.celttv.com.ar\/#website"},"datePublished":"2021-01-05T19:51:48+00:00","dateModified":"2021-01-05T19:51:48+00:00","description":"Sitio web de noticias de la localidad de Tornquist, provincia de Buenos Aires, Rep\u00fablica Argentina. Contenido propio originado por periodistas de CELTTV, el canal de TV local de la Cooperativa El\u00e9ctrica de Tornquist. Turismo, Pol\u00edtica, Sociedad, Deporte, Cultura y todo el contenido de inter\u00e9s general que la gente del pueblo y la regi\u00f3n debe conocer.","breadcrumb":{"@id":"https:\/\/www.celttv.com.ar\/index.php\/2021\/01\/05\/villa-ventana-el-muro-de-escalada-tambien-estara-habilitado-al-turismo\/#breadcrumb"},"inLanguage":"es","potentialAction":[{"@type":"ReadAction","target":["https:\/\/www.celttv.com.ar\/index.php\/2021\/01\/05\/villa-ventana-el-muro-de-escalada-tambien-estara-habilitado-al-turismo\/"]}]},{"@type":"BreadcrumbList","@id":"https:\/\/www.celttv.com.ar\/index.php\/2021\/01\/05\/villa-ventana-el-muro-de-escalada-tambien-estara-habilitado-al-turismo\/#breadcrumb","itemListElement":[{"@type":"ListItem","position":1,"name":"Inicio","item":"https:\/\/www.celttv.com.ar\/"},{"@type":"ListItem","position":2,"name":"Villa Ventana: El muro de escalada tambi\u00e9n estar\u00e1 habilitado al turismo"}]},{"@type":"WebSite","@id":"https:\/\/www.celttv.com.ar\/#website","url":"https:\/\/www.celttv.com.ar\/","name":"CELTTV","description":"Cooperativa El\u00e9ctrica de Tornquist","publisher":{"@id":"https:\/\/www.celttv.com.ar\/#organization"},"potentialAction":[{"@type":"SearchAction","target":{"@type":"EntryPoint","urlTemplate":"https:\/\/www.celttv.com.ar\/?s={search_term_string}"},"query-input":"required name=search_term_string"}],"inLanguage":"es"},{"@type":"Organization","@id":"https:\/\/www.celttv.com.ar\/#organization","name":"CELTTV","url":"https:\/\/www.celttv.com.ar\/","sameAs":["https:\/\/www.youtube.com\/channel\/UCz_oIt8Hig64Ub-EmcNPIhg","https:\/\/www.facebook.com\/celtTV\/"],"logo":{"@type":"ImageObject","inLanguage":"es","@id":"https:\/\/www.celttv.com.ar\/#\/schema\/logo\/image\/","url":"http:\/\/www.celttv.com.ar\/wp-content\/uploads\/2022\/08\/logo-1.png","contentUrl":"http:\/\/www.celttv.com.ar\/wp-content\/uploads\/2022\/08\/logo-1.png","width":461,"height":159,"caption":"CELTTV"},"image":{"@id":"https:\/\/www.celttv.com.ar\/#\/schema\/logo\/image\/"}},{"@type":"Person","@id":"https:\/\/www.celttv.com.ar\/#\/schema\/person\/6d99c072dba59953809c81446e9d0ace","name":"ulises","image":{"@type":"ImageObject","inLanguage":"es","@id":"https:\/\/www.celttv.com.ar\/#\/schema\/person\/image\/","url":"https:\/\/secure.gravatar.com\/avatar\/7f2c48bdc33b30088f941fb6082e555f2874c98e20cb159d7b92b50eadfce793?s=96&d=mm&r=g","contentUrl":"https:\/\/secure.gravatar.com\/avatar\/7f2c48bdc33b30088f941fb6082e555f2874c98e20cb159d7b92b50eadfce793?s=96&d=mm&r=g","caption":"ulises"},"sameAs":["http:\/\/www.celttv.com.ar"]}]}},"_links":{"self":[{"href":"https:\/\/www.celttv.com.ar\/index.php\/wp-json\/wp\/v2\/posts\/54646","targetHints":{"allow":["GET"]}}],"collection":[{"href":"https:\/\/www.celttv.com.ar\/index.php\/wp-json\/wp\/v2\/posts"}],"about":[{"href":"https:\/\/www.celttv.com.ar\/index.php\/wp-json\/wp\/v2\/types\/post"}],"author":[{"embeddable":true,"href":"https:\/\/www.celttv.com.ar\/index.php\/wp-json\/wp\/v2\/users\/1"}],"replies":[{"embeddable":true,"href":"https:\/\/www.celttv.com.ar\/index.php\/wp-json\/wp\/v2\/comments?post=54646"}],"version-history":[{"count":0,"href":"https:\/\/www.celttv.com.ar\/index.php\/wp-json\/wp\/v2\/posts\/54646\/revisions"}],"wp:featuredmedia":[{"embeddable":true,"href":"https:\/\/www.celttv.com.ar\/index.php\/wp-json\/wp\/v2\/media\/54649"}],"wp:attachment":[{"href":"https:\/\/www.celttv.com.ar\/index.php\/wp-json\/wp\/v2\/media?parent=54646"}],"wp:term":[{"taxonomy":"category","embeddable":true,"href":"https:\/\/www.celttv.com.ar\/index.php\/wp-json\/wp\/v2\/categories?post=54646"},{"taxonomy":"post_tag","embeddable":true,"href":"https:\/\/www.celttv.com.ar\/index.php\/wp-json\/wp\/v2\/tags?post=54646"}],"curies":[{"name":"wp","href":"https:\/\/api.w.org\/{rel}","templated":true}]}}