{"id":54653,"date":"2021-01-05T22:09:38","date_gmt":"2021-01-05T22:09:38","guid":{"rendered":"http:\/\/www.celttv.com.ar\/?p=54653"},"modified":"2021-01-05T22:09:38","modified_gmt":"2021-01-05T22:09:38","slug":"programa-especial-de-los-reyes-magos-sera-emitido-hoy-por-canal-2-celttv","status":"publish","type":"post","link":"https:\/\/www.celttv.com.ar\/index.php\/2021\/01\/05\/programa-especial-de-los-reyes-magos-sera-emitido-hoy-por-canal-2-celttv\/","title":{"rendered":"Hoy ser\u00e1 emitido un programa especial de la 57\u00ba Fiesta Provincial de los Reyes Magos por Canal 2 CELTTV"},"content":{"rendered":"<p>Un programa especial de la 57\u00ba Fiesta Provincial de los Reyes Magos, elaborado de manera conjunta entre los Bomberos Voluntarios de dicha localidad serrana junto al Municipio de Tornquist y CAMCOTISAS, ser\u00e1 emitido hoy (martes 5), a partir de las 21, por Canal 2 CELTTV.<\/p>\n<p>El mismo, tambi\u00e9n ser\u00e1 emitido de manera simult\u00e1nea por diferentes canales de cable de la regi\u00f3n.<\/p>\n<p>Por tal motivo, el programa Magazine Sport, que se emite todos los martes por la pantalla de CELTTV, cedi\u00f3 su espacio y se sum\u00f3 junto a la Cooperativa El\u00e9ctrica a un evento hist\u00f3rico que lleva adelante la entidad bomberil.<\/p>\n<p>El programa especial de Magazine Sport fue reprogramado para el martes 12 de Enero, a las 21 horas.<\/p>\n<p>Este a\u00f1o los chicos no podr\u00e1n estar presentes en Sierra cuando los soberanos de Oriente lleguen a dicha localidad, pero lo podr\u00e1n seguir a trav\u00e9s de la emisi\u00f3n del programa especial que realizar\u00e1n varios canales de la zona, entre ellos, Canal 2 CELTTV.<\/p>\n<p><a href=\"http:\/\/www.celttv.com.ar\/?attachment_id=54659\" rel=\"attachment wp-att-54659\"><img loading=\"lazy\" decoding=\"async\" class=\"alignleft size-full wp-image-54659\" src=\"http:\/\/www.celttv.com.ar\/wp-content\/uploads\/2021\/01\/38fd49ee-9411-4f06-a13c-5adc9f6201dc.jpg\" alt=\"\" width=\"1080\" height=\"1080\" srcset=\"https:\/\/www.celttv.com.ar\/wp-content\/uploads\/2021\/01\/38fd49ee-9411-4f06-a13c-5adc9f6201dc.jpg 1080w, https:\/\/www.celttv.com.ar\/wp-content\/uploads\/2021\/01\/38fd49ee-9411-4f06-a13c-5adc9f6201dc-300x300.jpg 300w, https:\/\/www.celttv.com.ar\/wp-content\/uploads\/2021\/01\/38fd49ee-9411-4f06-a13c-5adc9f6201dc-1024x1024.jpg 1024w, https:\/\/www.celttv.com.ar\/wp-content\/uploads\/2021\/01\/38fd49ee-9411-4f06-a13c-5adc9f6201dc-150x150.jpg 150w, https:\/\/www.celttv.com.ar\/wp-content\/uploads\/2021\/01\/38fd49ee-9411-4f06-a13c-5adc9f6201dc-768x768.jpg 768w, https:\/\/www.celttv.com.ar\/wp-content\/uploads\/2021\/01\/38fd49ee-9411-4f06-a13c-5adc9f6201dc-75x75.jpg 75w, https:\/\/www.celttv.com.ar\/wp-content\/uploads\/2021\/01\/38fd49ee-9411-4f06-a13c-5adc9f6201dc-750x750.jpg 750w\" sizes=\"auto, (max-width: 1080px) 100vw, 1080px\" \/><\/a><\/p>\n<p><a href=\"http:\/\/www.celttv.com.ar\/?attachment_id=54654\" rel=\"attachment wp-att-54654\"><img loading=\"lazy\" decoding=\"async\" class=\"alignleft size-full wp-image-54654\" src=\"http:\/\/www.celttv.com.ar\/wp-content\/uploads\/2021\/01\/1515260204582.jpg\" alt=\"\" width=\"1500\" height=\"843\" srcset=\"https:\/\/www.celttv.com.ar\/wp-content\/uploads\/2021\/01\/1515260204582.jpg 1500w, https:\/\/www.celttv.com.ar\/wp-content\/uploads\/2021\/01\/1515260204582-300x169.jpg 300w, https:\/\/www.celttv.com.ar\/wp-content\/uploads\/2021\/01\/1515260204582-1024x575.jpg 1024w, https:\/\/www.celttv.com.ar\/wp-content\/uploads\/2021\/01\/1515260204582-768x432.jpg 768w, https:\/\/www.celttv.com.ar\/wp-content\/uploads\/2021\/01\/1515260204582-750x422.jpg 750w, https:\/\/www.celttv.com.ar\/wp-content\/uploads\/2021\/01\/1515260204582-1140x641.jpg 1140w\" sizes=\"auto, (max-width: 1500px) 100vw, 1500px\" \/><\/a><\/p>\n","protected":false},"excerpt":{"rendered":"<p>Un programa especial de la 57\u00ba Fiesta Provincial de los Reyes Magos, elaborado de manera conjunta entre los Bomberos Voluntarios de dicha localidad serrana junto al Municipio de Tornquist y CAMCOTISAS, ser\u00e1 emitido hoy (martes 5), a partir de las 21, por Canal 2 CELTTV. El mismo, tambi\u00e9n ser\u00e1 emitido de manera simult\u00e1nea por diferentes [&hellip;]<\/p>\n","protected":false},"author":1,"featured_media":54654,"comment_status":"closed","ping_status":"open","sticky":false,"template":"","format":"standard","meta":{"footnotes":""},"categories":[55,51,52,56],"tags":[],"class_list":["post-54653","post","type-post","status-publish","format-standard","has-post-thumbnail","hentry","category-celt-tv-noticias","category-comunidad","category-destacadas","category-espectaculos"],"yoast_head":"<!-- This site is optimized with the Yoast SEO plugin v19.7.1 - https:\/\/yoast.com\/wordpress\/plugins\/seo\/ -->\n<title>Hoy ser\u00e1 emitido un programa especial de la 57\u00ba Fiesta Provincial de los Reyes Magos por Canal 2 CELTTV - CELTTV<\/title>\n<meta name=\"description\" content=\"Sitio web de noticias de la localidad de Tornquist, provincia de Buenos Aires, Rep\u00fablica Argentina. Contenido propio originado por periodistas de CELTTV, el canal de TV local de la Cooperativa El\u00e9ctrica de Tornquist. Turismo, Pol\u00edtica, Sociedad, Deporte, Cultura y todo el contenido de inter\u00e9s general que la gente del pueblo y la regi\u00f3n debe conocer.\" \/>\n<meta name=\"robots\" content=\"index, follow, max-snippet:-1, max-image-preview:large, max-video-preview:-1\" \/>\n<link rel=\"canonical\" href=\"https:\/\/www.celttv.com.ar\/index.php\/2021\/01\/05\/programa-especial-de-los-reyes-magos-sera-emitido-hoy-por-canal-2-celttv\/\" \/>\n<meta property=\"og:locale\" content=\"es_ES\" \/>\n<meta property=\"og:type\" content=\"article\" \/>\n<meta property=\"og:title\" content=\"Hoy ser\u00e1 emitido un programa especial de la 57\u00ba Fiesta Provincial de los Reyes Magos por Canal 2 CELTTV - CELTTV\" \/>\n<meta property=\"og:description\" content=\"Sitio web de noticias de la localidad de Tornquist, provincia de Buenos Aires, Rep\u00fablica Argentina. Contenido propio originado por periodistas de CELTTV, el canal de TV local de la Cooperativa El\u00e9ctrica de Tornquist. Turismo, Pol\u00edtica, Sociedad, Deporte, Cultura y todo el contenido de inter\u00e9s general que la gente del pueblo y la regi\u00f3n debe conocer.\" \/>\n<meta property=\"og:url\" content=\"https:\/\/www.celttv.com.ar\/index.php\/2021\/01\/05\/programa-especial-de-los-reyes-magos-sera-emitido-hoy-por-canal-2-celttv\/\" \/>\n<meta property=\"og:site_name\" content=\"CELTTV\" \/>\n<meta property=\"article:publisher\" content=\"https:\/\/www.facebook.com\/celtTV\/\" \/>\n<meta property=\"article:published_time\" content=\"2021-01-05T22:09:38+00:00\" \/>\n<meta property=\"og:image\" content=\"https:\/\/www.celttv.com.ar\/wp-content\/uploads\/2021\/01\/1515260204582.jpg\" \/>\n\t<meta property=\"og:image:width\" content=\"1500\" \/>\n\t<meta property=\"og:image:height\" content=\"843\" \/>\n\t<meta property=\"og:image:type\" content=\"image\/jpeg\" \/>\n<meta name=\"author\" content=\"ulises\" \/>\n<meta name=\"twitter:card\" content=\"summary_large_image\" \/>\n<meta name=\"twitter:label1\" content=\"Escrito por\" \/>\n\t<meta name=\"twitter:data1\" content=\"ulises\" \/>\n\t<meta name=\"twitter:label2\" content=\"Tiempo de lectura\" \/>\n\t<meta name=\"twitter:data2\" content=\"1 minuto\" \/>\n<script type=\"application\/ld+json\" class=\"yoast-schema-graph\">{\"@context\":\"https:\/\/schema.org\",\"@graph\":[{\"@type\":\"NewsArticle\",\"@id\":\"https:\/\/www.celttv.com.ar\/index.php\/2021\/01\/05\/programa-especial-de-los-reyes-magos-sera-emitido-hoy-por-canal-2-celttv\/#article\",\"isPartOf\":{\"@id\":\"https:\/\/www.celttv.com.ar\/index.php\/2021\/01\/05\/programa-especial-de-los-reyes-magos-sera-emitido-hoy-por-canal-2-celttv\/\"},\"author\":{\"name\":\"ulises\",\"@id\":\"https:\/\/www.celttv.com.ar\/#\/schema\/person\/6d99c072dba59953809c81446e9d0ace\"},\"headline\":\"Hoy ser\u00e1 emitido un programa especial de la 57\u00ba Fiesta Provincial de los Reyes Magos por Canal 2 CELTTV\",\"datePublished\":\"2021-01-05T22:09:38+00:00\",\"dateModified\":\"2021-01-05T22:09:38+00:00\",\"mainEntityOfPage\":{\"@id\":\"https:\/\/www.celttv.com.ar\/index.php\/2021\/01\/05\/programa-especial-de-los-reyes-magos-sera-emitido-hoy-por-canal-2-celttv\/\"},\"wordCount\":182,\"publisher\":{\"@id\":\"https:\/\/www.celttv.com.ar\/#organization\"},\"articleSection\":[\"Celt TV Noticias\",\"Comunidad\",\"Destacadas\",\"Espect\u00e1culos\"],\"inLanguage\":\"es\"},{\"@type\":\"WebPage\",\"@id\":\"https:\/\/www.celttv.com.ar\/index.php\/2021\/01\/05\/programa-especial-de-los-reyes-magos-sera-emitido-hoy-por-canal-2-celttv\/\",\"url\":\"https:\/\/www.celttv.com.ar\/index.php\/2021\/01\/05\/programa-especial-de-los-reyes-magos-sera-emitido-hoy-por-canal-2-celttv\/\",\"name\":\"Hoy ser\u00e1 emitido un programa especial de la 57\u00ba Fiesta Provincial de los Reyes Magos por Canal 2 CELTTV - CELTTV\",\"isPartOf\":{\"@id\":\"https:\/\/www.celttv.com.ar\/#website\"},\"datePublished\":\"2021-01-05T22:09:38+00:00\",\"dateModified\":\"2021-01-05T22:09:38+00:00\",\"description\":\"Sitio web de noticias de la localidad de Tornquist, provincia de Buenos Aires, Rep\u00fablica Argentina. Contenido propio originado por periodistas de CELTTV, el canal de TV local de la Cooperativa El\u00e9ctrica de Tornquist. Turismo, Pol\u00edtica, Sociedad, Deporte, Cultura y todo el contenido de inter\u00e9s general que la gente del pueblo y la regi\u00f3n debe conocer.\",\"breadcrumb\":{\"@id\":\"https:\/\/www.celttv.com.ar\/index.php\/2021\/01\/05\/programa-especial-de-los-reyes-magos-sera-emitido-hoy-por-canal-2-celttv\/#breadcrumb\"},\"inLanguage\":\"es\",\"potentialAction\":[{\"@type\":\"ReadAction\",\"target\":[\"https:\/\/www.celttv.com.ar\/index.php\/2021\/01\/05\/programa-especial-de-los-reyes-magos-sera-emitido-hoy-por-canal-2-celttv\/\"]}]},{\"@type\":\"BreadcrumbList\",\"@id\":\"https:\/\/www.celttv.com.ar\/index.php\/2021\/01\/05\/programa-especial-de-los-reyes-magos-sera-emitido-hoy-por-canal-2-celttv\/#breadcrumb\",\"itemListElement\":[{\"@type\":\"ListItem\",\"position\":1,\"name\":\"Inicio\",\"item\":\"https:\/\/www.celttv.com.ar\/\"},{\"@type\":\"ListItem\",\"position\":2,\"name\":\"Hoy ser\u00e1 emitido un programa especial de la 57\u00ba Fiesta Provincial de los Reyes Magos por Canal 2 CELTTV\"}]},{\"@type\":\"WebSite\",\"@id\":\"https:\/\/www.celttv.com.ar\/#website\",\"url\":\"https:\/\/www.celttv.com.ar\/\",\"name\":\"CELTTV\",\"description\":\"Cooperativa El\u00e9ctrica de Tornquist\",\"publisher\":{\"@id\":\"https:\/\/www.celttv.com.ar\/#organization\"},\"potentialAction\":[{\"@type\":\"SearchAction\",\"target\":{\"@type\":\"EntryPoint\",\"urlTemplate\":\"https:\/\/www.celttv.com.ar\/?s={search_term_string}\"},\"query-input\":\"required name=search_term_string\"}],\"inLanguage\":\"es\"},{\"@type\":\"Organization\",\"@id\":\"https:\/\/www.celttv.com.ar\/#organization\",\"name\":\"CELTTV\",\"url\":\"https:\/\/www.celttv.com.ar\/\",\"sameAs\":[\"https:\/\/www.youtube.com\/channel\/UCz_oIt8Hig64Ub-EmcNPIhg\",\"https:\/\/www.facebook.com\/celtTV\/\"],\"logo\":{\"@type\":\"ImageObject\",\"inLanguage\":\"es\",\"@id\":\"https:\/\/www.celttv.com.ar\/#\/schema\/logo\/image\/\",\"url\":\"http:\/\/www.celttv.com.ar\/wp-content\/uploads\/2022\/08\/logo-1.png\",\"contentUrl\":\"http:\/\/www.celttv.com.ar\/wp-content\/uploads\/2022\/08\/logo-1.png\",\"width\":461,\"height\":159,\"caption\":\"CELTTV\"},\"image\":{\"@id\":\"https:\/\/www.celttv.com.ar\/#\/schema\/logo\/image\/\"}},{\"@type\":\"Person\",\"@id\":\"https:\/\/www.celttv.com.ar\/#\/schema\/person\/6d99c072dba59953809c81446e9d0ace\",\"name\":\"ulises\",\"image\":{\"@type\":\"ImageObject\",\"inLanguage\":\"es\",\"@id\":\"https:\/\/www.celttv.com.ar\/#\/schema\/person\/image\/\",\"url\":\"https:\/\/secure.gravatar.com\/avatar\/7f2c48bdc33b30088f941fb6082e555f2874c98e20cb159d7b92b50eadfce793?s=96&d=mm&r=g\",\"contentUrl\":\"https:\/\/secure.gravatar.com\/avatar\/7f2c48bdc33b30088f941fb6082e555f2874c98e20cb159d7b92b50eadfce793?s=96&d=mm&r=g\",\"caption\":\"ulises\"},\"sameAs\":[\"http:\/\/www.celttv.com.ar\"]}]}<\/script>\n<!-- \/ Yoast SEO plugin. -->","yoast_head_json":{"title":"Hoy ser\u00e1 emitido un programa especial de la 57\u00ba Fiesta Provincial de los Reyes Magos por Canal 2 CELTTV - CELTTV","description":"Sitio web de noticias de la localidad de Tornquist, provincia de Buenos Aires, Rep\u00fablica Argentina. Contenido propio originado por periodistas de CELTTV, el canal de TV local de la Cooperativa El\u00e9ctrica de Tornquist. Turismo, Pol\u00edtica, Sociedad, Deporte, Cultura y todo el contenido de inter\u00e9s general que la gente del pueblo y la regi\u00f3n debe conocer.","robots":{"index":"index","follow":"follow","max-snippet":"max-snippet:-1","max-image-preview":"max-image-preview:large","max-video-preview":"max-video-preview:-1"},"canonical":"https:\/\/www.celttv.com.ar\/index.php\/2021\/01\/05\/programa-especial-de-los-reyes-magos-sera-emitido-hoy-por-canal-2-celttv\/","og_locale":"es_ES","og_type":"article","og_title":"Hoy ser\u00e1 emitido un programa especial de la 57\u00ba Fiesta Provincial de los Reyes Magos por Canal 2 CELTTV - CELTTV","og_description":"Sitio web de noticias de la localidad de Tornquist, provincia de Buenos Aires, Rep\u00fablica Argentina. Contenido propio originado por periodistas de CELTTV, el canal de TV local de la Cooperativa El\u00e9ctrica de Tornquist. Turismo, Pol\u00edtica, Sociedad, Deporte, Cultura y todo el contenido de inter\u00e9s general que la gente del pueblo y la regi\u00f3n debe conocer.","og_url":"https:\/\/www.celttv.com.ar\/index.php\/2021\/01\/05\/programa-especial-de-los-reyes-magos-sera-emitido-hoy-por-canal-2-celttv\/","og_site_name":"CELTTV","article_publisher":"https:\/\/www.facebook.com\/celtTV\/","article_published_time":"2021-01-05T22:09:38+00:00","og_image":[{"width":1500,"height":843,"url":"https:\/\/www.celttv.com.ar\/wp-content\/uploads\/2021\/01\/1515260204582.jpg","type":"image\/jpeg"}],"author":"ulises","twitter_card":"summary_large_image","twitter_misc":{"Escrito por":"ulises","Tiempo de lectura":"1 minuto"},"schema":{"@context":"https:\/\/schema.org","@graph":[{"@type":"NewsArticle","@id":"https:\/\/www.celttv.com.ar\/index.php\/2021\/01\/05\/programa-especial-de-los-reyes-magos-sera-emitido-hoy-por-canal-2-celttv\/#article","isPartOf":{"@id":"https:\/\/www.celttv.com.ar\/index.php\/2021\/01\/05\/programa-especial-de-los-reyes-magos-sera-emitido-hoy-por-canal-2-celttv\/"},"author":{"name":"ulises","@id":"https:\/\/www.celttv.com.ar\/#\/schema\/person\/6d99c072dba59953809c81446e9d0ace"},"headline":"Hoy ser\u00e1 emitido un programa especial de la 57\u00ba Fiesta Provincial de los Reyes Magos por Canal 2 CELTTV","datePublished":"2021-01-05T22:09:38+00:00","dateModified":"2021-01-05T22:09:38+00:00","mainEntityOfPage":{"@id":"https:\/\/www.celttv.com.ar\/index.php\/2021\/01\/05\/programa-especial-de-los-reyes-magos-sera-emitido-hoy-por-canal-2-celttv\/"},"wordCount":182,"publisher":{"@id":"https:\/\/www.celttv.com.ar\/#organization"},"articleSection":["Celt TV Noticias","Comunidad","Destacadas","Espect\u00e1culos"],"inLanguage":"es"},{"@type":"WebPage","@id":"https:\/\/www.celttv.com.ar\/index.php\/2021\/01\/05\/programa-especial-de-los-reyes-magos-sera-emitido-hoy-por-canal-2-celttv\/","url":"https:\/\/www.celttv.com.ar\/index.php\/2021\/01\/05\/programa-especial-de-los-reyes-magos-sera-emitido-hoy-por-canal-2-celttv\/","name":"Hoy ser\u00e1 emitido un programa especial de la 57\u00ba Fiesta Provincial de los Reyes Magos por Canal 2 CELTTV - CELTTV","isPartOf":{"@id":"https:\/\/www.celttv.com.ar\/#website"},"datePublished":"2021-01-05T22:09:38+00:00","dateModified":"2021-01-05T22:09:38+00:00","description":"Sitio web de noticias de la localidad de Tornquist, provincia de Buenos Aires, Rep\u00fablica Argentina. Contenido propio originado por periodistas de CELTTV, el canal de TV local de la Cooperativa El\u00e9ctrica de Tornquist. Turismo, Pol\u00edtica, Sociedad, Deporte, Cultura y todo el contenido de inter\u00e9s general que la gente del pueblo y la regi\u00f3n debe conocer.","breadcrumb":{"@id":"https:\/\/www.celttv.com.ar\/index.php\/2021\/01\/05\/programa-especial-de-los-reyes-magos-sera-emitido-hoy-por-canal-2-celttv\/#breadcrumb"},"inLanguage":"es","potentialAction":[{"@type":"ReadAction","target":["https:\/\/www.celttv.com.ar\/index.php\/2021\/01\/05\/programa-especial-de-los-reyes-magos-sera-emitido-hoy-por-canal-2-celttv\/"]}]},{"@type":"BreadcrumbList","@id":"https:\/\/www.celttv.com.ar\/index.php\/2021\/01\/05\/programa-especial-de-los-reyes-magos-sera-emitido-hoy-por-canal-2-celttv\/#breadcrumb","itemListElement":[{"@type":"ListItem","position":1,"name":"Inicio","item":"https:\/\/www.celttv.com.ar\/"},{"@type":"ListItem","position":2,"name":"Hoy ser\u00e1 emitido un programa especial de la 57\u00ba Fiesta Provincial de los Reyes Magos por Canal 2 CELTTV"}]},{"@type":"WebSite","@id":"https:\/\/www.celttv.com.ar\/#website","url":"https:\/\/www.celttv.com.ar\/","name":"CELTTV","description":"Cooperativa El\u00e9ctrica de Tornquist","publisher":{"@id":"https:\/\/www.celttv.com.ar\/#organization"},"potentialAction":[{"@type":"SearchAction","target":{"@type":"EntryPoint","urlTemplate":"https:\/\/www.celttv.com.ar\/?s={search_term_string}"},"query-input":"required name=search_term_string"}],"inLanguage":"es"},{"@type":"Organization","@id":"https:\/\/www.celttv.com.ar\/#organization","name":"CELTTV","url":"https:\/\/www.celttv.com.ar\/","sameAs":["https:\/\/www.youtube.com\/channel\/UCz_oIt8Hig64Ub-EmcNPIhg","https:\/\/www.facebook.com\/celtTV\/"],"logo":{"@type":"ImageObject","inLanguage":"es","@id":"https:\/\/www.celttv.com.ar\/#\/schema\/logo\/image\/","url":"http:\/\/www.celttv.com.ar\/wp-content\/uploads\/2022\/08\/logo-1.png","contentUrl":"http:\/\/www.celttv.com.ar\/wp-content\/uploads\/2022\/08\/logo-1.png","width":461,"height":159,"caption":"CELTTV"},"image":{"@id":"https:\/\/www.celttv.com.ar\/#\/schema\/logo\/image\/"}},{"@type":"Person","@id":"https:\/\/www.celttv.com.ar\/#\/schema\/person\/6d99c072dba59953809c81446e9d0ace","name":"ulises","image":{"@type":"ImageObject","inLanguage":"es","@id":"https:\/\/www.celttv.com.ar\/#\/schema\/person\/image\/","url":"https:\/\/secure.gravatar.com\/avatar\/7f2c48bdc33b30088f941fb6082e555f2874c98e20cb159d7b92b50eadfce793?s=96&d=mm&r=g","contentUrl":"https:\/\/secure.gravatar.com\/avatar\/7f2c48bdc33b30088f941fb6082e555f2874c98e20cb159d7b92b50eadfce793?s=96&d=mm&r=g","caption":"ulises"},"sameAs":["http:\/\/www.celttv.com.ar"]}]}},"_links":{"self":[{"href":"https:\/\/www.celttv.com.ar\/index.php\/wp-json\/wp\/v2\/posts\/54653","targetHints":{"allow":["GET"]}}],"collection":[{"href":"https:\/\/www.celttv.com.ar\/index.php\/wp-json\/wp\/v2\/posts"}],"about":[{"href":"https:\/\/www.celttv.com.ar\/index.php\/wp-json\/wp\/v2\/types\/post"}],"author":[{"embeddable":true,"href":"https:\/\/www.celttv.com.ar\/index.php\/wp-json\/wp\/v2\/users\/1"}],"replies":[{"embeddable":true,"href":"https:\/\/www.celttv.com.ar\/index.php\/wp-json\/wp\/v2\/comments?post=54653"}],"version-history":[{"count":0,"href":"https:\/\/www.celttv.com.ar\/index.php\/wp-json\/wp\/v2\/posts\/54653\/revisions"}],"wp:featuredmedia":[{"embeddable":true,"href":"https:\/\/www.celttv.com.ar\/index.php\/wp-json\/wp\/v2\/media\/54654"}],"wp:attachment":[{"href":"https:\/\/www.celttv.com.ar\/index.php\/wp-json\/wp\/v2\/media?parent=54653"}],"wp:term":[{"taxonomy":"category","embeddable":true,"href":"https:\/\/www.celttv.com.ar\/index.php\/wp-json\/wp\/v2\/categories?post=54653"},{"taxonomy":"post_tag","embeddable":true,"href":"https:\/\/www.celttv.com.ar\/index.php\/wp-json\/wp\/v2\/tags?post=54653"}],"curies":[{"name":"wp","href":"https:\/\/api.w.org\/{rel}","templated":true}]}}