{"id":54673,"date":"2021-01-06T18:01:49","date_gmt":"2021-01-06T18:01:49","guid":{"rendered":"http:\/\/www.celttv.com.ar\/?p=54673"},"modified":"2021-01-06T18:01:49","modified_gmt":"2021-01-06T18:01:49","slug":"rodriguez-todos-los-dias-que-levantamos-la-cortina-del-comercio-tenemos-la-esperanza-de-que-la-situacion-mejore","status":"publish","type":"post","link":"https:\/\/www.celttv.com.ar\/index.php\/2021\/01\/06\/rodriguez-todos-los-dias-que-levantamos-la-cortina-del-comercio-tenemos-la-esperanza-de-que-la-situacion-mejore\/","title":{"rendered":"Rodr\u00edguez: &#8220;Todos los d\u00edas que levantamos la cortina del comercio, tenemos la esperanza de que la situaci\u00f3n mejore&#8221;"},"content":{"rendered":"<p>El presidente de la C\u00e1mara de Comercio, Industria y Turismo Ernesto Tornquist, Mario Rodr\u00edguez, dialog\u00f3 con CELTTV NOTICIAS donde realiz\u00f3 un balance del sector comercial durante el 2020 y se refiri\u00f3 a la incertidumbre que presenta el 2021.<\/p>\n<div class=\"jeg_video_container jeg_video_content\"><iframe loading=\"lazy\" title=\"2021 01 04 MARIO RODRIGUEZ BALANCE DEL 2020 CAMARA DE COMERCIO\" width=\"500\" height=\"281\" src=\"https:\/\/www.youtube.com\/embed\/0oXM8NwRXBI?feature=oembed\" frameborder=\"0\" allow=\"accelerometer; autoplay; clipboard-write; encrypted-media; gyroscope; picture-in-picture; web-share\" referrerpolicy=\"strict-origin-when-cross-origin\" allowfullscreen><\/iframe><\/div>\n","protected":false},"excerpt":{"rendered":"<p>El presidente de la C\u00e1mara de Comercio, Industria y Turismo Ernesto Tornquist, Mario Rodr\u00edguez, dialog\u00f3 con CELTTV NOTICIAS donde realiz\u00f3 un balance del sector comercial durante el 2020 y se refiri\u00f3 a la incertidumbre que presenta el 2021.<\/p>\n","protected":false},"author":1,"featured_media":54674,"comment_status":"closed","ping_status":"open","sticky":false,"template":"","format":"standard","meta":{"footnotes":""},"categories":[55,51,52],"tags":[],"class_list":["post-54673","post","type-post","status-publish","format-standard","has-post-thumbnail","hentry","category-celt-tv-noticias","category-comunidad","category-destacadas"],"yoast_head":"<!-- This site is optimized with the Yoast SEO plugin v19.7.1 - https:\/\/yoast.com\/wordpress\/plugins\/seo\/ -->\n<title>Rodr\u00edguez: &quot;Todos los d\u00edas que levantamos la cortina del comercio, tenemos la esperanza de que la situaci\u00f3n mejore&quot; - CELTTV<\/title>\n<meta name=\"description\" content=\"Sitio web de noticias de la localidad de Tornquist, provincia de Buenos Aires, Rep\u00fablica Argentina. Contenido propio originado por periodistas de CELTTV, el canal de TV local de la Cooperativa El\u00e9ctrica de Tornquist. Turismo, Pol\u00edtica, Sociedad, Deporte, Cultura y todo el contenido de inter\u00e9s general que la gente del pueblo y la regi\u00f3n debe conocer.\" \/>\n<meta name=\"robots\" content=\"index, follow, max-snippet:-1, max-image-preview:large, max-video-preview:-1\" \/>\n<link rel=\"canonical\" href=\"https:\/\/www.celttv.com.ar\/index.php\/2021\/01\/06\/rodriguez-todos-los-dias-que-levantamos-la-cortina-del-comercio-tenemos-la-esperanza-de-que-la-situacion-mejore\/\" \/>\n<meta property=\"og:locale\" content=\"es_ES\" \/>\n<meta property=\"og:type\" content=\"article\" \/>\n<meta property=\"og:title\" content=\"Rodr\u00edguez: &quot;Todos los d\u00edas que levantamos la cortina del comercio, tenemos la esperanza de que la situaci\u00f3n mejore&quot; - CELTTV\" \/>\n<meta property=\"og:description\" content=\"Sitio web de noticias de la localidad de Tornquist, provincia de Buenos Aires, Rep\u00fablica Argentina. Contenido propio originado por periodistas de CELTTV, el canal de TV local de la Cooperativa El\u00e9ctrica de Tornquist. Turismo, Pol\u00edtica, Sociedad, Deporte, Cultura y todo el contenido de inter\u00e9s general que la gente del pueblo y la regi\u00f3n debe conocer.\" \/>\n<meta property=\"og:url\" content=\"https:\/\/www.celttv.com.ar\/index.php\/2021\/01\/06\/rodriguez-todos-los-dias-que-levantamos-la-cortina-del-comercio-tenemos-la-esperanza-de-que-la-situacion-mejore\/\" \/>\n<meta property=\"og:site_name\" content=\"CELTTV\" \/>\n<meta property=\"article:publisher\" content=\"https:\/\/www.facebook.com\/celtTV\/\" \/>\n<meta property=\"article:published_time\" content=\"2021-01-06T18:01:49+00:00\" \/>\n<meta property=\"og:image\" content=\"https:\/\/www.celttv.com.ar\/wp-content\/uploads\/2021\/01\/f9487afe-cd6d-4d97-80b4-91e9e3359db1.jpg\" \/>\n\t<meta property=\"og:image:width\" content=\"723\" \/>\n\t<meta property=\"og:image:height\" content=\"487\" \/>\n\t<meta property=\"og:image:type\" content=\"image\/jpeg\" \/>\n<meta name=\"author\" content=\"ulises\" \/>\n<meta name=\"twitter:card\" content=\"summary_large_image\" \/>\n<meta name=\"twitter:label1\" content=\"Escrito por\" \/>\n\t<meta name=\"twitter:data1\" content=\"ulises\" \/>\n<script type=\"application\/ld+json\" class=\"yoast-schema-graph\">{\"@context\":\"https:\/\/schema.org\",\"@graph\":[{\"@type\":\"NewsArticle\",\"@id\":\"https:\/\/www.celttv.com.ar\/index.php\/2021\/01\/06\/rodriguez-todos-los-dias-que-levantamos-la-cortina-del-comercio-tenemos-la-esperanza-de-que-la-situacion-mejore\/#article\",\"isPartOf\":{\"@id\":\"https:\/\/www.celttv.com.ar\/index.php\/2021\/01\/06\/rodriguez-todos-los-dias-que-levantamos-la-cortina-del-comercio-tenemos-la-esperanza-de-que-la-situacion-mejore\/\"},\"author\":{\"name\":\"ulises\",\"@id\":\"https:\/\/www.celttv.com.ar\/#\/schema\/person\/6d99c072dba59953809c81446e9d0ace\"},\"headline\":\"Rodr\u00edguez: &#8220;Todos los d\u00edas que levantamos la cortina del comercio, tenemos la esperanza de que la situaci\u00f3n mejore&#8221;\",\"datePublished\":\"2021-01-06T18:01:49+00:00\",\"dateModified\":\"2021-01-06T18:01:49+00:00\",\"mainEntityOfPage\":{\"@id\":\"https:\/\/www.celttv.com.ar\/index.php\/2021\/01\/06\/rodriguez-todos-los-dias-que-levantamos-la-cortina-del-comercio-tenemos-la-esperanza-de-que-la-situacion-mejore\/\"},\"wordCount\":67,\"publisher\":{\"@id\":\"https:\/\/www.celttv.com.ar\/#organization\"},\"articleSection\":[\"Celt TV Noticias\",\"Comunidad\",\"Destacadas\"],\"inLanguage\":\"es\"},{\"@type\":\"WebPage\",\"@id\":\"https:\/\/www.celttv.com.ar\/index.php\/2021\/01\/06\/rodriguez-todos-los-dias-que-levantamos-la-cortina-del-comercio-tenemos-la-esperanza-de-que-la-situacion-mejore\/\",\"url\":\"https:\/\/www.celttv.com.ar\/index.php\/2021\/01\/06\/rodriguez-todos-los-dias-que-levantamos-la-cortina-del-comercio-tenemos-la-esperanza-de-que-la-situacion-mejore\/\",\"name\":\"Rodr\u00edguez: \\\"Todos los d\u00edas que levantamos la cortina del comercio, tenemos la esperanza de que la situaci\u00f3n mejore\\\" - CELTTV\",\"isPartOf\":{\"@id\":\"https:\/\/www.celttv.com.ar\/#website\"},\"datePublished\":\"2021-01-06T18:01:49+00:00\",\"dateModified\":\"2021-01-06T18:01:49+00:00\",\"description\":\"Sitio web de noticias de la localidad de Tornquist, provincia de Buenos Aires, Rep\u00fablica Argentina. Contenido propio originado por periodistas de CELTTV, el canal de TV local de la Cooperativa El\u00e9ctrica de Tornquist. Turismo, Pol\u00edtica, Sociedad, Deporte, Cultura y todo el contenido de inter\u00e9s general que la gente del pueblo y la regi\u00f3n debe conocer.\",\"breadcrumb\":{\"@id\":\"https:\/\/www.celttv.com.ar\/index.php\/2021\/01\/06\/rodriguez-todos-los-dias-que-levantamos-la-cortina-del-comercio-tenemos-la-esperanza-de-que-la-situacion-mejore\/#breadcrumb\"},\"inLanguage\":\"es\",\"potentialAction\":[{\"@type\":\"ReadAction\",\"target\":[\"https:\/\/www.celttv.com.ar\/index.php\/2021\/01\/06\/rodriguez-todos-los-dias-que-levantamos-la-cortina-del-comercio-tenemos-la-esperanza-de-que-la-situacion-mejore\/\"]}]},{\"@type\":\"BreadcrumbList\",\"@id\":\"https:\/\/www.celttv.com.ar\/index.php\/2021\/01\/06\/rodriguez-todos-los-dias-que-levantamos-la-cortina-del-comercio-tenemos-la-esperanza-de-que-la-situacion-mejore\/#breadcrumb\",\"itemListElement\":[{\"@type\":\"ListItem\",\"position\":1,\"name\":\"Inicio\",\"item\":\"https:\/\/www.celttv.com.ar\/\"},{\"@type\":\"ListItem\",\"position\":2,\"name\":\"Rodr\u00edguez: &#8220;Todos los d\u00edas que levantamos la cortina del comercio, tenemos la esperanza de que la situaci\u00f3n mejore&#8221;\"}]},{\"@type\":\"WebSite\",\"@id\":\"https:\/\/www.celttv.com.ar\/#website\",\"url\":\"https:\/\/www.celttv.com.ar\/\",\"name\":\"CELTTV\",\"description\":\"Cooperativa El\u00e9ctrica de Tornquist\",\"publisher\":{\"@id\":\"https:\/\/www.celttv.com.ar\/#organization\"},\"potentialAction\":[{\"@type\":\"SearchAction\",\"target\":{\"@type\":\"EntryPoint\",\"urlTemplate\":\"https:\/\/www.celttv.com.ar\/?s={search_term_string}\"},\"query-input\":\"required name=search_term_string\"}],\"inLanguage\":\"es\"},{\"@type\":\"Organization\",\"@id\":\"https:\/\/www.celttv.com.ar\/#organization\",\"name\":\"CELTTV\",\"url\":\"https:\/\/www.celttv.com.ar\/\",\"sameAs\":[\"https:\/\/www.youtube.com\/channel\/UCz_oIt8Hig64Ub-EmcNPIhg\",\"https:\/\/www.facebook.com\/celtTV\/\"],\"logo\":{\"@type\":\"ImageObject\",\"inLanguage\":\"es\",\"@id\":\"https:\/\/www.celttv.com.ar\/#\/schema\/logo\/image\/\",\"url\":\"http:\/\/www.celttv.com.ar\/wp-content\/uploads\/2022\/08\/logo-1.png\",\"contentUrl\":\"http:\/\/www.celttv.com.ar\/wp-content\/uploads\/2022\/08\/logo-1.png\",\"width\":461,\"height\":159,\"caption\":\"CELTTV\"},\"image\":{\"@id\":\"https:\/\/www.celttv.com.ar\/#\/schema\/logo\/image\/\"}},{\"@type\":\"Person\",\"@id\":\"https:\/\/www.celttv.com.ar\/#\/schema\/person\/6d99c072dba59953809c81446e9d0ace\",\"name\":\"ulises\",\"image\":{\"@type\":\"ImageObject\",\"inLanguage\":\"es\",\"@id\":\"https:\/\/www.celttv.com.ar\/#\/schema\/person\/image\/\",\"url\":\"https:\/\/secure.gravatar.com\/avatar\/7f2c48bdc33b30088f941fb6082e555f2874c98e20cb159d7b92b50eadfce793?s=96&d=mm&r=g\",\"contentUrl\":\"https:\/\/secure.gravatar.com\/avatar\/7f2c48bdc33b30088f941fb6082e555f2874c98e20cb159d7b92b50eadfce793?s=96&d=mm&r=g\",\"caption\":\"ulises\"},\"sameAs\":[\"http:\/\/www.celttv.com.ar\"]}]}<\/script>\n<!-- \/ Yoast SEO plugin. -->","yoast_head_json":{"title":"Rodr\u00edguez: \"Todos los d\u00edas que levantamos la cortina del comercio, tenemos la esperanza de que la situaci\u00f3n mejore\" - CELTTV","description":"Sitio web de noticias de la localidad de Tornquist, provincia de Buenos Aires, Rep\u00fablica Argentina. Contenido propio originado por periodistas de CELTTV, el canal de TV local de la Cooperativa El\u00e9ctrica de Tornquist. Turismo, Pol\u00edtica, Sociedad, Deporte, Cultura y todo el contenido de inter\u00e9s general que la gente del pueblo y la regi\u00f3n debe conocer.","robots":{"index":"index","follow":"follow","max-snippet":"max-snippet:-1","max-image-preview":"max-image-preview:large","max-video-preview":"max-video-preview:-1"},"canonical":"https:\/\/www.celttv.com.ar\/index.php\/2021\/01\/06\/rodriguez-todos-los-dias-que-levantamos-la-cortina-del-comercio-tenemos-la-esperanza-de-que-la-situacion-mejore\/","og_locale":"es_ES","og_type":"article","og_title":"Rodr\u00edguez: \"Todos los d\u00edas que levantamos la cortina del comercio, tenemos la esperanza de que la situaci\u00f3n mejore\" - CELTTV","og_description":"Sitio web de noticias de la localidad de Tornquist, provincia de Buenos Aires, Rep\u00fablica Argentina. Contenido propio originado por periodistas de CELTTV, el canal de TV local de la Cooperativa El\u00e9ctrica de Tornquist. Turismo, Pol\u00edtica, Sociedad, Deporte, Cultura y todo el contenido de inter\u00e9s general que la gente del pueblo y la regi\u00f3n debe conocer.","og_url":"https:\/\/www.celttv.com.ar\/index.php\/2021\/01\/06\/rodriguez-todos-los-dias-que-levantamos-la-cortina-del-comercio-tenemos-la-esperanza-de-que-la-situacion-mejore\/","og_site_name":"CELTTV","article_publisher":"https:\/\/www.facebook.com\/celtTV\/","article_published_time":"2021-01-06T18:01:49+00:00","og_image":[{"width":723,"height":487,"url":"https:\/\/www.celttv.com.ar\/wp-content\/uploads\/2021\/01\/f9487afe-cd6d-4d97-80b4-91e9e3359db1.jpg","type":"image\/jpeg"}],"author":"ulises","twitter_card":"summary_large_image","twitter_misc":{"Escrito por":"ulises"},"schema":{"@context":"https:\/\/schema.org","@graph":[{"@type":"NewsArticle","@id":"https:\/\/www.celttv.com.ar\/index.php\/2021\/01\/06\/rodriguez-todos-los-dias-que-levantamos-la-cortina-del-comercio-tenemos-la-esperanza-de-que-la-situacion-mejore\/#article","isPartOf":{"@id":"https:\/\/www.celttv.com.ar\/index.php\/2021\/01\/06\/rodriguez-todos-los-dias-que-levantamos-la-cortina-del-comercio-tenemos-la-esperanza-de-que-la-situacion-mejore\/"},"author":{"name":"ulises","@id":"https:\/\/www.celttv.com.ar\/#\/schema\/person\/6d99c072dba59953809c81446e9d0ace"},"headline":"Rodr\u00edguez: &#8220;Todos los d\u00edas que levantamos la cortina del comercio, tenemos la esperanza de que la situaci\u00f3n mejore&#8221;","datePublished":"2021-01-06T18:01:49+00:00","dateModified":"2021-01-06T18:01:49+00:00","mainEntityOfPage":{"@id":"https:\/\/www.celttv.com.ar\/index.php\/2021\/01\/06\/rodriguez-todos-los-dias-que-levantamos-la-cortina-del-comercio-tenemos-la-esperanza-de-que-la-situacion-mejore\/"},"wordCount":67,"publisher":{"@id":"https:\/\/www.celttv.com.ar\/#organization"},"articleSection":["Celt TV Noticias","Comunidad","Destacadas"],"inLanguage":"es"},{"@type":"WebPage","@id":"https:\/\/www.celttv.com.ar\/index.php\/2021\/01\/06\/rodriguez-todos-los-dias-que-levantamos-la-cortina-del-comercio-tenemos-la-esperanza-de-que-la-situacion-mejore\/","url":"https:\/\/www.celttv.com.ar\/index.php\/2021\/01\/06\/rodriguez-todos-los-dias-que-levantamos-la-cortina-del-comercio-tenemos-la-esperanza-de-que-la-situacion-mejore\/","name":"Rodr\u00edguez: \"Todos los d\u00edas que levantamos la cortina del comercio, tenemos la esperanza de que la situaci\u00f3n mejore\" - CELTTV","isPartOf":{"@id":"https:\/\/www.celttv.com.ar\/#website"},"datePublished":"2021-01-06T18:01:49+00:00","dateModified":"2021-01-06T18:01:49+00:00","description":"Sitio web de noticias de la localidad de Tornquist, provincia de Buenos Aires, Rep\u00fablica Argentina. Contenido propio originado por periodistas de CELTTV, el canal de TV local de la Cooperativa El\u00e9ctrica de Tornquist. Turismo, Pol\u00edtica, Sociedad, Deporte, Cultura y todo el contenido de inter\u00e9s general que la gente del pueblo y la regi\u00f3n debe conocer.","breadcrumb":{"@id":"https:\/\/www.celttv.com.ar\/index.php\/2021\/01\/06\/rodriguez-todos-los-dias-que-levantamos-la-cortina-del-comercio-tenemos-la-esperanza-de-que-la-situacion-mejore\/#breadcrumb"},"inLanguage":"es","potentialAction":[{"@type":"ReadAction","target":["https:\/\/www.celttv.com.ar\/index.php\/2021\/01\/06\/rodriguez-todos-los-dias-que-levantamos-la-cortina-del-comercio-tenemos-la-esperanza-de-que-la-situacion-mejore\/"]}]},{"@type":"BreadcrumbList","@id":"https:\/\/www.celttv.com.ar\/index.php\/2021\/01\/06\/rodriguez-todos-los-dias-que-levantamos-la-cortina-del-comercio-tenemos-la-esperanza-de-que-la-situacion-mejore\/#breadcrumb","itemListElement":[{"@type":"ListItem","position":1,"name":"Inicio","item":"https:\/\/www.celttv.com.ar\/"},{"@type":"ListItem","position":2,"name":"Rodr\u00edguez: &#8220;Todos los d\u00edas que levantamos la cortina del comercio, tenemos la esperanza de que la situaci\u00f3n mejore&#8221;"}]},{"@type":"WebSite","@id":"https:\/\/www.celttv.com.ar\/#website","url":"https:\/\/www.celttv.com.ar\/","name":"CELTTV","description":"Cooperativa El\u00e9ctrica de Tornquist","publisher":{"@id":"https:\/\/www.celttv.com.ar\/#organization"},"potentialAction":[{"@type":"SearchAction","target":{"@type":"EntryPoint","urlTemplate":"https:\/\/www.celttv.com.ar\/?s={search_term_string}"},"query-input":"required name=search_term_string"}],"inLanguage":"es"},{"@type":"Organization","@id":"https:\/\/www.celttv.com.ar\/#organization","name":"CELTTV","url":"https:\/\/www.celttv.com.ar\/","sameAs":["https:\/\/www.youtube.com\/channel\/UCz_oIt8Hig64Ub-EmcNPIhg","https:\/\/www.facebook.com\/celtTV\/"],"logo":{"@type":"ImageObject","inLanguage":"es","@id":"https:\/\/www.celttv.com.ar\/#\/schema\/logo\/image\/","url":"http:\/\/www.celttv.com.ar\/wp-content\/uploads\/2022\/08\/logo-1.png","contentUrl":"http:\/\/www.celttv.com.ar\/wp-content\/uploads\/2022\/08\/logo-1.png","width":461,"height":159,"caption":"CELTTV"},"image":{"@id":"https:\/\/www.celttv.com.ar\/#\/schema\/logo\/image\/"}},{"@type":"Person","@id":"https:\/\/www.celttv.com.ar\/#\/schema\/person\/6d99c072dba59953809c81446e9d0ace","name":"ulises","image":{"@type":"ImageObject","inLanguage":"es","@id":"https:\/\/www.celttv.com.ar\/#\/schema\/person\/image\/","url":"https:\/\/secure.gravatar.com\/avatar\/7f2c48bdc33b30088f941fb6082e555f2874c98e20cb159d7b92b50eadfce793?s=96&d=mm&r=g","contentUrl":"https:\/\/secure.gravatar.com\/avatar\/7f2c48bdc33b30088f941fb6082e555f2874c98e20cb159d7b92b50eadfce793?s=96&d=mm&r=g","caption":"ulises"},"sameAs":["http:\/\/www.celttv.com.ar"]}]}},"_links":{"self":[{"href":"https:\/\/www.celttv.com.ar\/index.php\/wp-json\/wp\/v2\/posts\/54673","targetHints":{"allow":["GET"]}}],"collection":[{"href":"https:\/\/www.celttv.com.ar\/index.php\/wp-json\/wp\/v2\/posts"}],"about":[{"href":"https:\/\/www.celttv.com.ar\/index.php\/wp-json\/wp\/v2\/types\/post"}],"author":[{"embeddable":true,"href":"https:\/\/www.celttv.com.ar\/index.php\/wp-json\/wp\/v2\/users\/1"}],"replies":[{"embeddable":true,"href":"https:\/\/www.celttv.com.ar\/index.php\/wp-json\/wp\/v2\/comments?post=54673"}],"version-history":[{"count":0,"href":"https:\/\/www.celttv.com.ar\/index.php\/wp-json\/wp\/v2\/posts\/54673\/revisions"}],"wp:featuredmedia":[{"embeddable":true,"href":"https:\/\/www.celttv.com.ar\/index.php\/wp-json\/wp\/v2\/media\/54674"}],"wp:attachment":[{"href":"https:\/\/www.celttv.com.ar\/index.php\/wp-json\/wp\/v2\/media?parent=54673"}],"wp:term":[{"taxonomy":"category","embeddable":true,"href":"https:\/\/www.celttv.com.ar\/index.php\/wp-json\/wp\/v2\/categories?post=54673"},{"taxonomy":"post_tag","embeddable":true,"href":"https:\/\/www.celttv.com.ar\/index.php\/wp-json\/wp\/v2\/tags?post=54673"}],"curies":[{"name":"wp","href":"https:\/\/api.w.org\/{rel}","templated":true}]}}