{"id":54721,"date":"2021-01-08T01:37:52","date_gmt":"2021-01-08T01:37:52","guid":{"rendered":"http:\/\/www.celttv.com.ar\/?p=54721"},"modified":"2021-01-08T01:37:52","modified_gmt":"2021-01-08T01:37:52","slug":"jeremias-leon-es-el-nuevo-director-de-planificacion-y-desarrollo-turistico","status":"publish","type":"post","link":"https:\/\/www.celttv.com.ar\/index.php\/2021\/01\/08\/jeremias-leon-es-el-nuevo-director-de-planificacion-y-desarrollo-turistico\/","title":{"rendered":"Fueron presentadas las nuevas autoridades de la Secretar\u00eda de Turismo de Tornquist"},"content":{"rendered":"<p>Mediante una conferencia de prensa desarrollada este jueves en el palacio municipal, fueron presentadas las nuevas autoridades de la Secretar\u00eda de Turismo de Tornquist Municipio.<\/p>\n<p>Durante el ejercicio 2020, el \u00e1rea funcionaba junto a Producci\u00f3n, Comercio e Industria, y desde este a\u00f1o, al igual que en el per\u00edodo 2016-2019, ser\u00e1n dos carteras separadas.<\/p>\n<p>En ese marco, Susana Dos Santos continuar\u00e1 desempe\u00f1\u00e1ndose como Secretaria de Producci\u00f3n, Comercio e Industria. En tanto, Gustavo Sandobal (ex subsecretario de Turismo) asumi\u00f3 esta jornada como Secretario de Turismo y estar\u00e1 acompa\u00f1ado por Jerem\u00edas Le\u00f3n, nuevo Director de Planificaci\u00f3n y Desarrollo Tur\u00edstico.<\/p>\n<p>Le\u00f3n llega del sector tur\u00edstico privado y de desempe\u00f1arse en el Colegio de Profesionales en Turismo. Adem\u00e1s, trabaj\u00f3 en el Parque Provincial \u2018Ernesto Tornquist\u2019 y forma parte de la Asociaci\u00f3n para el Desarrollo Tur\u00edstico de la Comarca.<\/p>\n<p>\u201cLas dos \u00e1reas crecieron mucho en estos \u00faltimos meses y por eso tomamos la decisi\u00f3n pol\u00edtica de dividirlas. Jerem\u00edas hace a\u00f1os viene trabajando en turismo y llega con muchas ganas de sumarse y llevar adelante una gesti\u00f3n necesaria y fundamental para el sector\u201d, expres\u00f3 el jefe comunal.<\/p>\n<div class=\"jeg_video_container jeg_video_content\"><iframe loading=\"lazy\" title=\"2021 01 07 DESPACHO 3   SERGIO BORDONI PRESENTA NUEVOS CARGOS\" width=\"500\" height=\"281\" src=\"https:\/\/www.youtube.com\/embed\/zRcFIwr3VNg?feature=oembed\" frameborder=\"0\" allow=\"accelerometer; autoplay; clipboard-write; encrypted-media; gyroscope; picture-in-picture; web-share\" referrerpolicy=\"strict-origin-when-cross-origin\" allowfullscreen><\/iframe><\/div>\n<p>\u201cSeguimos siendo elegidos por los visitantes y tenemos que estar a la altura para recibirlos\u201d, dijo a su turno Sandobal en cuanto a la conformaci\u00f3n del \u00e1rea que encabeza y afirm\u00f3 que Le\u00f3n \u201ctiene mucha capacidad en planificaci\u00f3n y desarrollo, que es a lo que estamos apuntando\u201d.<\/p>\n<div class=\"jeg_video_container jeg_video_content\"><iframe loading=\"lazy\" title=\"2021 01 07 DESPACHO 4   GUSTAVO SANDOBAL\" width=\"500\" height=\"281\" src=\"https:\/\/www.youtube.com\/embed\/DmUemWDBIUQ?feature=oembed\" frameborder=\"0\" allow=\"accelerometer; autoplay; clipboard-write; encrypted-media; gyroscope; picture-in-picture; web-share\" referrerpolicy=\"strict-origin-when-cross-origin\" allowfullscreen><\/iframe><\/div>\n<p>El flamante Director de Planificaci\u00f3n y Desarrollo Tur\u00edstico, en tanto, agradeci\u00f3 la convocatoria del intendente Bordoni y de Sandobal para sumarse al Departamento Ejecutivo y se\u00f1al\u00f3: \u201cProyectarnos a un norte, trabajar con las comunidades locales, conocer a los visitantes que nos eligen y a los mercados, que es fundamental para saber las proyecciones que excedan a los tiempos pol\u00edticos\u201d.<\/p>\n<p>\u201cNuestra idea es abarcar todo el espectro del turismo, que transgrede lo que conocemos\u201d, agreg\u00f3 y subray\u00f3 que \u201clas pol\u00edticas p\u00fablicas y el sector privado tienen que ir totalmente en conjunto\u201d.<\/p>\n<div class=\"jeg_video_container jeg_video_content\"><iframe loading=\"lazy\" title=\"2021 01 07 DESPACHO 5   JEREMIAS LEON\" width=\"500\" height=\"281\" src=\"https:\/\/www.youtube.com\/embed\/7BYXIz3RS1c?feature=oembed\" frameborder=\"0\" allow=\"accelerometer; autoplay; clipboard-write; encrypted-media; gyroscope; picture-in-picture; web-share\" referrerpolicy=\"strict-origin-when-cross-origin\" allowfullscreen><\/iframe><\/div>\n","protected":false},"excerpt":{"rendered":"<p>Mediante una conferencia de prensa desarrollada este jueves en el palacio municipal, fueron presentadas las nuevas autoridades de la Secretar\u00eda de Turismo de Tornquist Municipio. Durante el ejercicio 2020, el \u00e1rea funcionaba junto a Producci\u00f3n, Comercio e Industria, y desde este a\u00f1o, al igual que en el per\u00edodo 2016-2019, ser\u00e1n dos carteras separadas. En ese [&hellip;]<\/p>\n","protected":false},"author":1,"featured_media":54723,"comment_status":"closed","ping_status":"open","sticky":false,"template":"","format":"standard","meta":{"footnotes":""},"categories":[52],"tags":[],"class_list":["post-54721","post","type-post","status-publish","format-standard","has-post-thumbnail","hentry","category-destacadas"],"yoast_head":"<!-- This site is optimized with the Yoast SEO plugin v19.7.1 - https:\/\/yoast.com\/wordpress\/plugins\/seo\/ -->\n<title>Fueron presentadas las nuevas autoridades de la Secretar\u00eda de Turismo de Tornquist - CELTTV<\/title>\n<meta name=\"description\" content=\"Sitio web de noticias de la localidad de Tornquist, provincia de Buenos Aires, Rep\u00fablica Argentina. Contenido propio originado por periodistas de CELTTV, el canal de TV local de la Cooperativa El\u00e9ctrica de Tornquist. Turismo, Pol\u00edtica, Sociedad, Deporte, Cultura y todo el contenido de inter\u00e9s general que la gente del pueblo y la regi\u00f3n debe conocer.\" \/>\n<meta name=\"robots\" content=\"index, follow, max-snippet:-1, max-image-preview:large, max-video-preview:-1\" \/>\n<link rel=\"canonical\" href=\"https:\/\/www.celttv.com.ar\/index.php\/2021\/01\/08\/jeremias-leon-es-el-nuevo-director-de-planificacion-y-desarrollo-turistico\/\" \/>\n<meta property=\"og:locale\" content=\"es_ES\" \/>\n<meta property=\"og:type\" content=\"article\" \/>\n<meta property=\"og:title\" content=\"Fueron presentadas las nuevas autoridades de la Secretar\u00eda de Turismo de Tornquist - CELTTV\" \/>\n<meta property=\"og:description\" content=\"Sitio web de noticias de la localidad de Tornquist, provincia de Buenos Aires, Rep\u00fablica Argentina. Contenido propio originado por periodistas de CELTTV, el canal de TV local de la Cooperativa El\u00e9ctrica de Tornquist. Turismo, Pol\u00edtica, Sociedad, Deporte, Cultura y todo el contenido de inter\u00e9s general que la gente del pueblo y la regi\u00f3n debe conocer.\" \/>\n<meta property=\"og:url\" content=\"https:\/\/www.celttv.com.ar\/index.php\/2021\/01\/08\/jeremias-leon-es-el-nuevo-director-de-planificacion-y-desarrollo-turistico\/\" \/>\n<meta property=\"og:site_name\" content=\"CELTTV\" \/>\n<meta property=\"article:publisher\" content=\"https:\/\/www.facebook.com\/celtTV\/\" \/>\n<meta property=\"article:published_time\" content=\"2021-01-08T01:37:52+00:00\" \/>\n<meta property=\"og:image\" content=\"https:\/\/www.celttv.com.ar\/wp-content\/uploads\/2021\/01\/6c385cb9-5365-4947-aea1-4959058ff9b1.jpg\" \/>\n\t<meta property=\"og:image:width\" content=\"1280\" \/>\n\t<meta property=\"og:image:height\" content=\"960\" \/>\n\t<meta property=\"og:image:type\" content=\"image\/jpeg\" \/>\n<meta name=\"author\" content=\"ulises\" \/>\n<meta name=\"twitter:card\" content=\"summary_large_image\" \/>\n<meta name=\"twitter:label1\" content=\"Escrito por\" \/>\n\t<meta name=\"twitter:data1\" content=\"ulises\" \/>\n\t<meta name=\"twitter:label2\" content=\"Tiempo de lectura\" \/>\n\t<meta name=\"twitter:data2\" content=\"2 minutos\" \/>\n<script type=\"application\/ld+json\" class=\"yoast-schema-graph\">{\"@context\":\"https:\/\/schema.org\",\"@graph\":[{\"@type\":\"NewsArticle\",\"@id\":\"https:\/\/www.celttv.com.ar\/index.php\/2021\/01\/08\/jeremias-leon-es-el-nuevo-director-de-planificacion-y-desarrollo-turistico\/#article\",\"isPartOf\":{\"@id\":\"https:\/\/www.celttv.com.ar\/index.php\/2021\/01\/08\/jeremias-leon-es-el-nuevo-director-de-planificacion-y-desarrollo-turistico\/\"},\"author\":{\"name\":\"ulises\",\"@id\":\"https:\/\/www.celttv.com.ar\/#\/schema\/person\/6d99c072dba59953809c81446e9d0ace\"},\"headline\":\"Fueron presentadas las nuevas autoridades de la Secretar\u00eda de Turismo de Tornquist\",\"datePublished\":\"2021-01-08T01:37:52+00:00\",\"dateModified\":\"2021-01-08T01:37:52+00:00\",\"mainEntityOfPage\":{\"@id\":\"https:\/\/www.celttv.com.ar\/index.php\/2021\/01\/08\/jeremias-leon-es-el-nuevo-director-de-planificacion-y-desarrollo-turistico\/\"},\"wordCount\":385,\"publisher\":{\"@id\":\"https:\/\/www.celttv.com.ar\/#organization\"},\"articleSection\":[\"Destacadas\"],\"inLanguage\":\"es\"},{\"@type\":\"WebPage\",\"@id\":\"https:\/\/www.celttv.com.ar\/index.php\/2021\/01\/08\/jeremias-leon-es-el-nuevo-director-de-planificacion-y-desarrollo-turistico\/\",\"url\":\"https:\/\/www.celttv.com.ar\/index.php\/2021\/01\/08\/jeremias-leon-es-el-nuevo-director-de-planificacion-y-desarrollo-turistico\/\",\"name\":\"Fueron presentadas las nuevas autoridades de la Secretar\u00eda de Turismo de Tornquist - CELTTV\",\"isPartOf\":{\"@id\":\"https:\/\/www.celttv.com.ar\/#website\"},\"datePublished\":\"2021-01-08T01:37:52+00:00\",\"dateModified\":\"2021-01-08T01:37:52+00:00\",\"description\":\"Sitio web de noticias de la localidad de Tornquist, provincia de Buenos Aires, Rep\u00fablica Argentina. Contenido propio originado por periodistas de CELTTV, el canal de TV local de la Cooperativa El\u00e9ctrica de Tornquist. Turismo, Pol\u00edtica, Sociedad, Deporte, Cultura y todo el contenido de inter\u00e9s general que la gente del pueblo y la regi\u00f3n debe conocer.\",\"breadcrumb\":{\"@id\":\"https:\/\/www.celttv.com.ar\/index.php\/2021\/01\/08\/jeremias-leon-es-el-nuevo-director-de-planificacion-y-desarrollo-turistico\/#breadcrumb\"},\"inLanguage\":\"es\",\"potentialAction\":[{\"@type\":\"ReadAction\",\"target\":[\"https:\/\/www.celttv.com.ar\/index.php\/2021\/01\/08\/jeremias-leon-es-el-nuevo-director-de-planificacion-y-desarrollo-turistico\/\"]}]},{\"@type\":\"BreadcrumbList\",\"@id\":\"https:\/\/www.celttv.com.ar\/index.php\/2021\/01\/08\/jeremias-leon-es-el-nuevo-director-de-planificacion-y-desarrollo-turistico\/#breadcrumb\",\"itemListElement\":[{\"@type\":\"ListItem\",\"position\":1,\"name\":\"Inicio\",\"item\":\"https:\/\/www.celttv.com.ar\/\"},{\"@type\":\"ListItem\",\"position\":2,\"name\":\"Fueron presentadas las nuevas autoridades de la Secretar\u00eda de Turismo de Tornquist\"}]},{\"@type\":\"WebSite\",\"@id\":\"https:\/\/www.celttv.com.ar\/#website\",\"url\":\"https:\/\/www.celttv.com.ar\/\",\"name\":\"CELTTV\",\"description\":\"Cooperativa El\u00e9ctrica de Tornquist\",\"publisher\":{\"@id\":\"https:\/\/www.celttv.com.ar\/#organization\"},\"potentialAction\":[{\"@type\":\"SearchAction\",\"target\":{\"@type\":\"EntryPoint\",\"urlTemplate\":\"https:\/\/www.celttv.com.ar\/?s={search_term_string}\"},\"query-input\":\"required name=search_term_string\"}],\"inLanguage\":\"es\"},{\"@type\":\"Organization\",\"@id\":\"https:\/\/www.celttv.com.ar\/#organization\",\"name\":\"CELTTV\",\"url\":\"https:\/\/www.celttv.com.ar\/\",\"sameAs\":[\"https:\/\/www.youtube.com\/channel\/UCz_oIt8Hig64Ub-EmcNPIhg\",\"https:\/\/www.facebook.com\/celtTV\/\"],\"logo\":{\"@type\":\"ImageObject\",\"inLanguage\":\"es\",\"@id\":\"https:\/\/www.celttv.com.ar\/#\/schema\/logo\/image\/\",\"url\":\"http:\/\/www.celttv.com.ar\/wp-content\/uploads\/2022\/08\/logo-1.png\",\"contentUrl\":\"http:\/\/www.celttv.com.ar\/wp-content\/uploads\/2022\/08\/logo-1.png\",\"width\":461,\"height\":159,\"caption\":\"CELTTV\"},\"image\":{\"@id\":\"https:\/\/www.celttv.com.ar\/#\/schema\/logo\/image\/\"}},{\"@type\":\"Person\",\"@id\":\"https:\/\/www.celttv.com.ar\/#\/schema\/person\/6d99c072dba59953809c81446e9d0ace\",\"name\":\"ulises\",\"image\":{\"@type\":\"ImageObject\",\"inLanguage\":\"es\",\"@id\":\"https:\/\/www.celttv.com.ar\/#\/schema\/person\/image\/\",\"url\":\"https:\/\/secure.gravatar.com\/avatar\/7f2c48bdc33b30088f941fb6082e555f2874c98e20cb159d7b92b50eadfce793?s=96&d=mm&r=g\",\"contentUrl\":\"https:\/\/secure.gravatar.com\/avatar\/7f2c48bdc33b30088f941fb6082e555f2874c98e20cb159d7b92b50eadfce793?s=96&d=mm&r=g\",\"caption\":\"ulises\"},\"sameAs\":[\"http:\/\/www.celttv.com.ar\"]}]}<\/script>\n<!-- \/ Yoast SEO plugin. -->","yoast_head_json":{"title":"Fueron presentadas las nuevas autoridades de la Secretar\u00eda de Turismo de Tornquist - CELTTV","description":"Sitio web de noticias de la localidad de Tornquist, provincia de Buenos Aires, Rep\u00fablica Argentina. Contenido propio originado por periodistas de CELTTV, el canal de TV local de la Cooperativa El\u00e9ctrica de Tornquist. Turismo, Pol\u00edtica, Sociedad, Deporte, Cultura y todo el contenido de inter\u00e9s general que la gente del pueblo y la regi\u00f3n debe conocer.","robots":{"index":"index","follow":"follow","max-snippet":"max-snippet:-1","max-image-preview":"max-image-preview:large","max-video-preview":"max-video-preview:-1"},"canonical":"https:\/\/www.celttv.com.ar\/index.php\/2021\/01\/08\/jeremias-leon-es-el-nuevo-director-de-planificacion-y-desarrollo-turistico\/","og_locale":"es_ES","og_type":"article","og_title":"Fueron presentadas las nuevas autoridades de la Secretar\u00eda de Turismo de Tornquist - CELTTV","og_description":"Sitio web de noticias de la localidad de Tornquist, provincia de Buenos Aires, Rep\u00fablica Argentina. Contenido propio originado por periodistas de CELTTV, el canal de TV local de la Cooperativa El\u00e9ctrica de Tornquist. Turismo, Pol\u00edtica, Sociedad, Deporte, Cultura y todo el contenido de inter\u00e9s general que la gente del pueblo y la regi\u00f3n debe conocer.","og_url":"https:\/\/www.celttv.com.ar\/index.php\/2021\/01\/08\/jeremias-leon-es-el-nuevo-director-de-planificacion-y-desarrollo-turistico\/","og_site_name":"CELTTV","article_publisher":"https:\/\/www.facebook.com\/celtTV\/","article_published_time":"2021-01-08T01:37:52+00:00","og_image":[{"width":1280,"height":960,"url":"https:\/\/www.celttv.com.ar\/wp-content\/uploads\/2021\/01\/6c385cb9-5365-4947-aea1-4959058ff9b1.jpg","type":"image\/jpeg"}],"author":"ulises","twitter_card":"summary_large_image","twitter_misc":{"Escrito por":"ulises","Tiempo de lectura":"2 minutos"},"schema":{"@context":"https:\/\/schema.org","@graph":[{"@type":"NewsArticle","@id":"https:\/\/www.celttv.com.ar\/index.php\/2021\/01\/08\/jeremias-leon-es-el-nuevo-director-de-planificacion-y-desarrollo-turistico\/#article","isPartOf":{"@id":"https:\/\/www.celttv.com.ar\/index.php\/2021\/01\/08\/jeremias-leon-es-el-nuevo-director-de-planificacion-y-desarrollo-turistico\/"},"author":{"name":"ulises","@id":"https:\/\/www.celttv.com.ar\/#\/schema\/person\/6d99c072dba59953809c81446e9d0ace"},"headline":"Fueron presentadas las nuevas autoridades de la Secretar\u00eda de Turismo de Tornquist","datePublished":"2021-01-08T01:37:52+00:00","dateModified":"2021-01-08T01:37:52+00:00","mainEntityOfPage":{"@id":"https:\/\/www.celttv.com.ar\/index.php\/2021\/01\/08\/jeremias-leon-es-el-nuevo-director-de-planificacion-y-desarrollo-turistico\/"},"wordCount":385,"publisher":{"@id":"https:\/\/www.celttv.com.ar\/#organization"},"articleSection":["Destacadas"],"inLanguage":"es"},{"@type":"WebPage","@id":"https:\/\/www.celttv.com.ar\/index.php\/2021\/01\/08\/jeremias-leon-es-el-nuevo-director-de-planificacion-y-desarrollo-turistico\/","url":"https:\/\/www.celttv.com.ar\/index.php\/2021\/01\/08\/jeremias-leon-es-el-nuevo-director-de-planificacion-y-desarrollo-turistico\/","name":"Fueron presentadas las nuevas autoridades de la Secretar\u00eda de Turismo de Tornquist - CELTTV","isPartOf":{"@id":"https:\/\/www.celttv.com.ar\/#website"},"datePublished":"2021-01-08T01:37:52+00:00","dateModified":"2021-01-08T01:37:52+00:00","description":"Sitio web de noticias de la localidad de Tornquist, provincia de Buenos Aires, Rep\u00fablica Argentina. Contenido propio originado por periodistas de CELTTV, el canal de TV local de la Cooperativa El\u00e9ctrica de Tornquist. Turismo, Pol\u00edtica, Sociedad, Deporte, Cultura y todo el contenido de inter\u00e9s general que la gente del pueblo y la regi\u00f3n debe conocer.","breadcrumb":{"@id":"https:\/\/www.celttv.com.ar\/index.php\/2021\/01\/08\/jeremias-leon-es-el-nuevo-director-de-planificacion-y-desarrollo-turistico\/#breadcrumb"},"inLanguage":"es","potentialAction":[{"@type":"ReadAction","target":["https:\/\/www.celttv.com.ar\/index.php\/2021\/01\/08\/jeremias-leon-es-el-nuevo-director-de-planificacion-y-desarrollo-turistico\/"]}]},{"@type":"BreadcrumbList","@id":"https:\/\/www.celttv.com.ar\/index.php\/2021\/01\/08\/jeremias-leon-es-el-nuevo-director-de-planificacion-y-desarrollo-turistico\/#breadcrumb","itemListElement":[{"@type":"ListItem","position":1,"name":"Inicio","item":"https:\/\/www.celttv.com.ar\/"},{"@type":"ListItem","position":2,"name":"Fueron presentadas las nuevas autoridades de la Secretar\u00eda de Turismo de Tornquist"}]},{"@type":"WebSite","@id":"https:\/\/www.celttv.com.ar\/#website","url":"https:\/\/www.celttv.com.ar\/","name":"CELTTV","description":"Cooperativa El\u00e9ctrica de Tornquist","publisher":{"@id":"https:\/\/www.celttv.com.ar\/#organization"},"potentialAction":[{"@type":"SearchAction","target":{"@type":"EntryPoint","urlTemplate":"https:\/\/www.celttv.com.ar\/?s={search_term_string}"},"query-input":"required name=search_term_string"}],"inLanguage":"es"},{"@type":"Organization","@id":"https:\/\/www.celttv.com.ar\/#organization","name":"CELTTV","url":"https:\/\/www.celttv.com.ar\/","sameAs":["https:\/\/www.youtube.com\/channel\/UCz_oIt8Hig64Ub-EmcNPIhg","https:\/\/www.facebook.com\/celtTV\/"],"logo":{"@type":"ImageObject","inLanguage":"es","@id":"https:\/\/www.celttv.com.ar\/#\/schema\/logo\/image\/","url":"http:\/\/www.celttv.com.ar\/wp-content\/uploads\/2022\/08\/logo-1.png","contentUrl":"http:\/\/www.celttv.com.ar\/wp-content\/uploads\/2022\/08\/logo-1.png","width":461,"height":159,"caption":"CELTTV"},"image":{"@id":"https:\/\/www.celttv.com.ar\/#\/schema\/logo\/image\/"}},{"@type":"Person","@id":"https:\/\/www.celttv.com.ar\/#\/schema\/person\/6d99c072dba59953809c81446e9d0ace","name":"ulises","image":{"@type":"ImageObject","inLanguage":"es","@id":"https:\/\/www.celttv.com.ar\/#\/schema\/person\/image\/","url":"https:\/\/secure.gravatar.com\/avatar\/7f2c48bdc33b30088f941fb6082e555f2874c98e20cb159d7b92b50eadfce793?s=96&d=mm&r=g","contentUrl":"https:\/\/secure.gravatar.com\/avatar\/7f2c48bdc33b30088f941fb6082e555f2874c98e20cb159d7b92b50eadfce793?s=96&d=mm&r=g","caption":"ulises"},"sameAs":["http:\/\/www.celttv.com.ar"]}]}},"_links":{"self":[{"href":"https:\/\/www.celttv.com.ar\/index.php\/wp-json\/wp\/v2\/posts\/54721","targetHints":{"allow":["GET"]}}],"collection":[{"href":"https:\/\/www.celttv.com.ar\/index.php\/wp-json\/wp\/v2\/posts"}],"about":[{"href":"https:\/\/www.celttv.com.ar\/index.php\/wp-json\/wp\/v2\/types\/post"}],"author":[{"embeddable":true,"href":"https:\/\/www.celttv.com.ar\/index.php\/wp-json\/wp\/v2\/users\/1"}],"replies":[{"embeddable":true,"href":"https:\/\/www.celttv.com.ar\/index.php\/wp-json\/wp\/v2\/comments?post=54721"}],"version-history":[{"count":0,"href":"https:\/\/www.celttv.com.ar\/index.php\/wp-json\/wp\/v2\/posts\/54721\/revisions"}],"wp:featuredmedia":[{"embeddable":true,"href":"https:\/\/www.celttv.com.ar\/index.php\/wp-json\/wp\/v2\/media\/54723"}],"wp:attachment":[{"href":"https:\/\/www.celttv.com.ar\/index.php\/wp-json\/wp\/v2\/media?parent=54721"}],"wp:term":[{"taxonomy":"category","embeddable":true,"href":"https:\/\/www.celttv.com.ar\/index.php\/wp-json\/wp\/v2\/categories?post=54721"},{"taxonomy":"post_tag","embeddable":true,"href":"https:\/\/www.celttv.com.ar\/index.php\/wp-json\/wp\/v2\/tags?post=54721"}],"curies":[{"name":"wp","href":"https:\/\/api.w.org\/{rel}","templated":true}]}}