{"id":54729,"date":"2021-01-08T13:23:19","date_gmt":"2021-01-08T13:23:19","guid":{"rendered":"http:\/\/www.celttv.com.ar\/?p=54729"},"modified":"2021-01-08T13:23:19","modified_gmt":"2021-01-08T13:23:19","slug":"tres-picos-conmemoro-el-114o-aniversario-de-su-fundacion","status":"publish","type":"post","link":"https:\/\/www.celttv.com.ar\/index.php\/2021\/01\/08\/tres-picos-conmemoro-el-114o-aniversario-de-su-fundacion\/","title":{"rendered":"Tres Picos conmemor\u00f3 el 114\u00ba aniversario de su fundaci\u00f3n"},"content":{"rendered":"<p>Con un sencillo acto desarrollado este jueves en la plaza de la localidad, Tres Picos conmemor\u00f3 el 114\u00ba aniversario de su fundaci\u00f3n, ocurrido el 7 de enero 1907.<\/p>\n<p>La jornada estuvo encabezada por el intendente municipal, Sergio Bordoni, y participaron el delegado de la localidad, Ricardo Amer; el Secretario de Gobierno y Seguridad, Ezequiel Gabella; y el Secretario de Desarrollo, Dr. Gonzalo Iparraguirre.<\/p>\n<p>Tambi\u00e9n estuvieron presentes representantes de la Escuela Primaria N\u00ba 3, del Jard\u00edn de Infantes N\u00ba 909, del Consejo de Apoyo Local, la Unidad Sanitaria \u201cDoctor Haroldo Muzzi\u201d, la Biblioteca Popular \u201cJos\u00e9 Mar\u00eda Casti\u00f1eira de Dios\u201d, y del Puesto policial local.<\/p>\n<p>El jefe comunal felicit\u00f3 a los concurrentes por un nuevo a\u00f1o de la localidad, breg\u00f3 por \u201cun 2021 mejor que el a\u00f1o pasado\u201d y agradeci\u00f3 \u201cel esfuerzo que hacen todos los d\u00edas las instituciones, los vecinos y la delegaci\u00f3n para seguir vigentes y tener un pueblo vivo, porque sin su trabajo las localidades no podr\u00edan salir adelante\u201d.<\/p>\n<p><strong>SALUTACI\u00d3N DEL HCD.<\/strong><\/p>\n<p>El Honorable Concejo Deliberante saluda a todos los vecinos de Tres Picos, hermosa localidad que se mantiene unida, trabajando mancomunadamente en pos del crecimiento de la comunidad, demostrando d\u00eda a d\u00eda su sentimiento de arraigo hacia sus queridas tierras.<\/p>\n<p>Este Cuerpo Deliberativo les desea a todos sus pobladores, que\u00a0 contin\u00faen trabajando en equipo con las fuerzas y las ganas manifestadas hasta ahora, para el fortalecimiento y engrandecimiento de su terru\u00f1o.<\/p>\n<p><a href=\"http:\/\/www.celttv.com.ar\/?attachment_id=54730\" rel=\"attachment wp-att-54730\"><img loading=\"lazy\" decoding=\"async\" class=\"alignleft size-full wp-image-54730\" src=\"http:\/\/www.celttv.com.ar\/wp-content\/uploads\/2021\/01\/Aniversario-Tres-Picos-3.jpg\" alt=\"\" width=\"1845\" height=\"1252\" srcset=\"https:\/\/www.celttv.com.ar\/wp-content\/uploads\/2021\/01\/Aniversario-Tres-Picos-3.jpg 1845w, https:\/\/www.celttv.com.ar\/wp-content\/uploads\/2021\/01\/Aniversario-Tres-Picos-3-300x204.jpg 300w, https:\/\/www.celttv.com.ar\/wp-content\/uploads\/2021\/01\/Aniversario-Tres-Picos-3-1024x695.jpg 1024w, https:\/\/www.celttv.com.ar\/wp-content\/uploads\/2021\/01\/Aniversario-Tres-Picos-3-768x521.jpg 768w, https:\/\/www.celttv.com.ar\/wp-content\/uploads\/2021\/01\/Aniversario-Tres-Picos-3-1536x1042.jpg 1536w, https:\/\/www.celttv.com.ar\/wp-content\/uploads\/2021\/01\/Aniversario-Tres-Picos-3-750x509.jpg 750w, https:\/\/www.celttv.com.ar\/wp-content\/uploads\/2021\/01\/Aniversario-Tres-Picos-3-1140x774.jpg 1140w\" sizes=\"auto, (max-width: 1845px) 100vw, 1845px\" \/><\/a> <a href=\"http:\/\/www.celttv.com.ar\/?attachment_id=54731\" rel=\"attachment wp-att-54731\"><img loading=\"lazy\" decoding=\"async\" class=\"alignleft size-medium wp-image-54731\" src=\"http:\/\/www.celttv.com.ar\/wp-content\/uploads\/2021\/01\/Aniversario-Tres-Picos-4.jpg\" alt=\"\" width=\"780\" height=\"521\" \/><\/a> <a href=\"http:\/\/www.celttv.com.ar\/?attachment_id=54732\" rel=\"attachment wp-att-54732\"><img loading=\"lazy\" decoding=\"async\" class=\"alignleft size-medium wp-image-54732\" src=\"http:\/\/www.celttv.com.ar\/wp-content\/uploads\/2021\/01\/Aniversario-Tres-Picos-5.jpg\" alt=\"\" width=\"780\" height=\"521\" srcset=\"https:\/\/www.celttv.com.ar\/wp-content\/uploads\/2021\/01\/Aniversario-Tres-Picos-5.jpg 2000w, https:\/\/www.celttv.com.ar\/wp-content\/uploads\/2021\/01\/Aniversario-Tres-Picos-5-300x200.jpg 300w, https:\/\/www.celttv.com.ar\/wp-content\/uploads\/2021\/01\/Aniversario-Tres-Picos-5-1024x684.jpg 1024w, https:\/\/www.celttv.com.ar\/wp-content\/uploads\/2021\/01\/Aniversario-Tres-Picos-5-768x513.jpg 768w, https:\/\/www.celttv.com.ar\/wp-content\/uploads\/2021\/01\/Aniversario-Tres-Picos-5-1536x1025.jpg 1536w, https:\/\/www.celttv.com.ar\/wp-content\/uploads\/2021\/01\/Aniversario-Tres-Picos-5-750x501.jpg 750w, https:\/\/www.celttv.com.ar\/wp-content\/uploads\/2021\/01\/Aniversario-Tres-Picos-5-1140x761.jpg 1140w\" sizes=\"auto, (max-width: 780px) 100vw, 780px\" \/><\/a> <a href=\"http:\/\/www.celttv.com.ar\/?attachment_id=54733\" rel=\"attachment wp-att-54733\"><img loading=\"lazy\" decoding=\"async\" class=\"alignleft size-medium wp-image-54733\" src=\"http:\/\/www.celttv.com.ar\/wp-content\/uploads\/2021\/01\/Aniversario-Tres-Picos-7.jpg\" alt=\"\" width=\"780\" height=\"521\" srcset=\"https:\/\/www.celttv.com.ar\/wp-content\/uploads\/2021\/01\/Aniversario-Tres-Picos-7.jpg 2000w, https:\/\/www.celttv.com.ar\/wp-content\/uploads\/2021\/01\/Aniversario-Tres-Picos-7-300x200.jpg 300w, https:\/\/www.celttv.com.ar\/wp-content\/uploads\/2021\/01\/Aniversario-Tres-Picos-7-1024x684.jpg 1024w, https:\/\/www.celttv.com.ar\/wp-content\/uploads\/2021\/01\/Aniversario-Tres-Picos-7-768x513.jpg 768w, https:\/\/www.celttv.com.ar\/wp-content\/uploads\/2021\/01\/Aniversario-Tres-Picos-7-1536x1025.jpg 1536w, https:\/\/www.celttv.com.ar\/wp-content\/uploads\/2021\/01\/Aniversario-Tres-Picos-7-750x501.jpg 750w, https:\/\/www.celttv.com.ar\/wp-content\/uploads\/2021\/01\/Aniversario-Tres-Picos-7-1140x761.jpg 1140w\" sizes=\"auto, (max-width: 780px) 100vw, 780px\" \/><\/a><\/p>\n<p>&nbsp;<\/p>\n<p>&nbsp;<\/p>\n","protected":false},"excerpt":{"rendered":"<p>Con un sencillo acto desarrollado este jueves en la plaza de la localidad, Tres Picos conmemor\u00f3 el 114\u00ba aniversario de su fundaci\u00f3n, ocurrido el 7 de enero 1907. La jornada estuvo encabezada por el intendente municipal, Sergio Bordoni, y participaron el delegado de la localidad, Ricardo Amer; el Secretario de Gobierno y Seguridad, Ezequiel Gabella; [&hellip;]<\/p>\n","protected":false},"author":1,"featured_media":54730,"comment_status":"closed","ping_status":"open","sticky":false,"template":"","format":"standard","meta":{"footnotes":""},"categories":[52],"tags":[],"class_list":["post-54729","post","type-post","status-publish","format-standard","has-post-thumbnail","hentry","category-destacadas"],"yoast_head":"<!-- This site is optimized with the Yoast SEO plugin v19.7.1 - https:\/\/yoast.com\/wordpress\/plugins\/seo\/ -->\n<title>Tres Picos conmemor\u00f3 el 114\u00ba aniversario de su fundaci\u00f3n - CELTTV<\/title>\n<meta name=\"description\" content=\"Sitio web de noticias de la localidad de Tornquist, provincia de Buenos Aires, Rep\u00fablica Argentina. Contenido propio originado por periodistas de CELTTV, el canal de TV local de la Cooperativa El\u00e9ctrica de Tornquist. Turismo, Pol\u00edtica, Sociedad, Deporte, Cultura y todo el contenido de inter\u00e9s general que la gente del pueblo y la regi\u00f3n debe conocer.\" \/>\n<meta name=\"robots\" content=\"index, follow, max-snippet:-1, max-image-preview:large, max-video-preview:-1\" \/>\n<link rel=\"canonical\" href=\"https:\/\/www.celttv.com.ar\/index.php\/2021\/01\/08\/tres-picos-conmemoro-el-114o-aniversario-de-su-fundacion\/\" \/>\n<meta property=\"og:locale\" content=\"es_ES\" \/>\n<meta property=\"og:type\" content=\"article\" \/>\n<meta property=\"og:title\" content=\"Tres Picos conmemor\u00f3 el 114\u00ba aniversario de su fundaci\u00f3n - CELTTV\" \/>\n<meta property=\"og:description\" content=\"Sitio web de noticias de la localidad de Tornquist, provincia de Buenos Aires, Rep\u00fablica Argentina. Contenido propio originado por periodistas de CELTTV, el canal de TV local de la Cooperativa El\u00e9ctrica de Tornquist. Turismo, Pol\u00edtica, Sociedad, Deporte, Cultura y todo el contenido de inter\u00e9s general que la gente del pueblo y la regi\u00f3n debe conocer.\" \/>\n<meta property=\"og:url\" content=\"https:\/\/www.celttv.com.ar\/index.php\/2021\/01\/08\/tres-picos-conmemoro-el-114o-aniversario-de-su-fundacion\/\" \/>\n<meta property=\"og:site_name\" content=\"CELTTV\" \/>\n<meta property=\"article:publisher\" content=\"https:\/\/www.facebook.com\/celtTV\/\" \/>\n<meta property=\"article:published_time\" content=\"2021-01-08T13:23:19+00:00\" \/>\n<meta property=\"og:image\" content=\"https:\/\/www.celttv.com.ar\/wp-content\/uploads\/2021\/01\/Aniversario-Tres-Picos-3.jpg\" \/>\n\t<meta property=\"og:image:width\" content=\"1845\" \/>\n\t<meta property=\"og:image:height\" content=\"1252\" \/>\n\t<meta property=\"og:image:type\" content=\"image\/jpeg\" \/>\n<meta name=\"author\" content=\"ulises\" \/>\n<meta name=\"twitter:card\" content=\"summary_large_image\" \/>\n<meta name=\"twitter:label1\" content=\"Escrito por\" \/>\n\t<meta name=\"twitter:data1\" content=\"ulises\" \/>\n\t<meta name=\"twitter:label2\" content=\"Tiempo de lectura\" \/>\n\t<meta name=\"twitter:data2\" content=\"1 minuto\" \/>\n<script type=\"application\/ld+json\" class=\"yoast-schema-graph\">{\"@context\":\"https:\/\/schema.org\",\"@graph\":[{\"@type\":\"NewsArticle\",\"@id\":\"https:\/\/www.celttv.com.ar\/index.php\/2021\/01\/08\/tres-picos-conmemoro-el-114o-aniversario-de-su-fundacion\/#article\",\"isPartOf\":{\"@id\":\"https:\/\/www.celttv.com.ar\/index.php\/2021\/01\/08\/tres-picos-conmemoro-el-114o-aniversario-de-su-fundacion\/\"},\"author\":{\"name\":\"ulises\",\"@id\":\"https:\/\/www.celttv.com.ar\/#\/schema\/person\/6d99c072dba59953809c81446e9d0ace\"},\"headline\":\"Tres Picos conmemor\u00f3 el 114\u00ba aniversario de su fundaci\u00f3n\",\"datePublished\":\"2021-01-08T13:23:19+00:00\",\"dateModified\":\"2021-01-08T13:23:19+00:00\",\"mainEntityOfPage\":{\"@id\":\"https:\/\/www.celttv.com.ar\/index.php\/2021\/01\/08\/tres-picos-conmemoro-el-114o-aniversario-de-su-fundacion\/\"},\"wordCount\":253,\"publisher\":{\"@id\":\"https:\/\/www.celttv.com.ar\/#organization\"},\"articleSection\":[\"Destacadas\"],\"inLanguage\":\"es\"},{\"@type\":\"WebPage\",\"@id\":\"https:\/\/www.celttv.com.ar\/index.php\/2021\/01\/08\/tres-picos-conmemoro-el-114o-aniversario-de-su-fundacion\/\",\"url\":\"https:\/\/www.celttv.com.ar\/index.php\/2021\/01\/08\/tres-picos-conmemoro-el-114o-aniversario-de-su-fundacion\/\",\"name\":\"Tres Picos conmemor\u00f3 el 114\u00ba aniversario de su fundaci\u00f3n - CELTTV\",\"isPartOf\":{\"@id\":\"https:\/\/www.celttv.com.ar\/#website\"},\"datePublished\":\"2021-01-08T13:23:19+00:00\",\"dateModified\":\"2021-01-08T13:23:19+00:00\",\"description\":\"Sitio web de noticias de la localidad de Tornquist, provincia de Buenos Aires, Rep\u00fablica Argentina. Contenido propio originado por periodistas de CELTTV, el canal de TV local de la Cooperativa El\u00e9ctrica de Tornquist. Turismo, Pol\u00edtica, Sociedad, Deporte, Cultura y todo el contenido de inter\u00e9s general que la gente del pueblo y la regi\u00f3n debe conocer.\",\"breadcrumb\":{\"@id\":\"https:\/\/www.celttv.com.ar\/index.php\/2021\/01\/08\/tres-picos-conmemoro-el-114o-aniversario-de-su-fundacion\/#breadcrumb\"},\"inLanguage\":\"es\",\"potentialAction\":[{\"@type\":\"ReadAction\",\"target\":[\"https:\/\/www.celttv.com.ar\/index.php\/2021\/01\/08\/tres-picos-conmemoro-el-114o-aniversario-de-su-fundacion\/\"]}]},{\"@type\":\"BreadcrumbList\",\"@id\":\"https:\/\/www.celttv.com.ar\/index.php\/2021\/01\/08\/tres-picos-conmemoro-el-114o-aniversario-de-su-fundacion\/#breadcrumb\",\"itemListElement\":[{\"@type\":\"ListItem\",\"position\":1,\"name\":\"Inicio\",\"item\":\"https:\/\/www.celttv.com.ar\/\"},{\"@type\":\"ListItem\",\"position\":2,\"name\":\"Tres Picos conmemor\u00f3 el 114\u00ba aniversario de su fundaci\u00f3n\"}]},{\"@type\":\"WebSite\",\"@id\":\"https:\/\/www.celttv.com.ar\/#website\",\"url\":\"https:\/\/www.celttv.com.ar\/\",\"name\":\"CELTTV\",\"description\":\"Cooperativa El\u00e9ctrica de Tornquist\",\"publisher\":{\"@id\":\"https:\/\/www.celttv.com.ar\/#organization\"},\"potentialAction\":[{\"@type\":\"SearchAction\",\"target\":{\"@type\":\"EntryPoint\",\"urlTemplate\":\"https:\/\/www.celttv.com.ar\/?s={search_term_string}\"},\"query-input\":\"required name=search_term_string\"}],\"inLanguage\":\"es\"},{\"@type\":\"Organization\",\"@id\":\"https:\/\/www.celttv.com.ar\/#organization\",\"name\":\"CELTTV\",\"url\":\"https:\/\/www.celttv.com.ar\/\",\"sameAs\":[\"https:\/\/www.youtube.com\/channel\/UCz_oIt8Hig64Ub-EmcNPIhg\",\"https:\/\/www.facebook.com\/celtTV\/\"],\"logo\":{\"@type\":\"ImageObject\",\"inLanguage\":\"es\",\"@id\":\"https:\/\/www.celttv.com.ar\/#\/schema\/logo\/image\/\",\"url\":\"http:\/\/www.celttv.com.ar\/wp-content\/uploads\/2022\/08\/logo-1.png\",\"contentUrl\":\"http:\/\/www.celttv.com.ar\/wp-content\/uploads\/2022\/08\/logo-1.png\",\"width\":461,\"height\":159,\"caption\":\"CELTTV\"},\"image\":{\"@id\":\"https:\/\/www.celttv.com.ar\/#\/schema\/logo\/image\/\"}},{\"@type\":\"Person\",\"@id\":\"https:\/\/www.celttv.com.ar\/#\/schema\/person\/6d99c072dba59953809c81446e9d0ace\",\"name\":\"ulises\",\"image\":{\"@type\":\"ImageObject\",\"inLanguage\":\"es\",\"@id\":\"https:\/\/www.celttv.com.ar\/#\/schema\/person\/image\/\",\"url\":\"https:\/\/secure.gravatar.com\/avatar\/7f2c48bdc33b30088f941fb6082e555f2874c98e20cb159d7b92b50eadfce793?s=96&d=mm&r=g\",\"contentUrl\":\"https:\/\/secure.gravatar.com\/avatar\/7f2c48bdc33b30088f941fb6082e555f2874c98e20cb159d7b92b50eadfce793?s=96&d=mm&r=g\",\"caption\":\"ulises\"},\"sameAs\":[\"http:\/\/www.celttv.com.ar\"]}]}<\/script>\n<!-- \/ Yoast SEO plugin. -->","yoast_head_json":{"title":"Tres Picos conmemor\u00f3 el 114\u00ba aniversario de su fundaci\u00f3n - CELTTV","description":"Sitio web de noticias de la localidad de Tornquist, provincia de Buenos Aires, Rep\u00fablica Argentina. Contenido propio originado por periodistas de CELTTV, el canal de TV local de la Cooperativa El\u00e9ctrica de Tornquist. Turismo, Pol\u00edtica, Sociedad, Deporte, Cultura y todo el contenido de inter\u00e9s general que la gente del pueblo y la regi\u00f3n debe conocer.","robots":{"index":"index","follow":"follow","max-snippet":"max-snippet:-1","max-image-preview":"max-image-preview:large","max-video-preview":"max-video-preview:-1"},"canonical":"https:\/\/www.celttv.com.ar\/index.php\/2021\/01\/08\/tres-picos-conmemoro-el-114o-aniversario-de-su-fundacion\/","og_locale":"es_ES","og_type":"article","og_title":"Tres Picos conmemor\u00f3 el 114\u00ba aniversario de su fundaci\u00f3n - CELTTV","og_description":"Sitio web de noticias de la localidad de Tornquist, provincia de Buenos Aires, Rep\u00fablica Argentina. Contenido propio originado por periodistas de CELTTV, el canal de TV local de la Cooperativa El\u00e9ctrica de Tornquist. Turismo, Pol\u00edtica, Sociedad, Deporte, Cultura y todo el contenido de inter\u00e9s general que la gente del pueblo y la regi\u00f3n debe conocer.","og_url":"https:\/\/www.celttv.com.ar\/index.php\/2021\/01\/08\/tres-picos-conmemoro-el-114o-aniversario-de-su-fundacion\/","og_site_name":"CELTTV","article_publisher":"https:\/\/www.facebook.com\/celtTV\/","article_published_time":"2021-01-08T13:23:19+00:00","og_image":[{"width":1845,"height":1252,"url":"https:\/\/www.celttv.com.ar\/wp-content\/uploads\/2021\/01\/Aniversario-Tres-Picos-3.jpg","type":"image\/jpeg"}],"author":"ulises","twitter_card":"summary_large_image","twitter_misc":{"Escrito por":"ulises","Tiempo de lectura":"1 minuto"},"schema":{"@context":"https:\/\/schema.org","@graph":[{"@type":"NewsArticle","@id":"https:\/\/www.celttv.com.ar\/index.php\/2021\/01\/08\/tres-picos-conmemoro-el-114o-aniversario-de-su-fundacion\/#article","isPartOf":{"@id":"https:\/\/www.celttv.com.ar\/index.php\/2021\/01\/08\/tres-picos-conmemoro-el-114o-aniversario-de-su-fundacion\/"},"author":{"name":"ulises","@id":"https:\/\/www.celttv.com.ar\/#\/schema\/person\/6d99c072dba59953809c81446e9d0ace"},"headline":"Tres Picos conmemor\u00f3 el 114\u00ba aniversario de su fundaci\u00f3n","datePublished":"2021-01-08T13:23:19+00:00","dateModified":"2021-01-08T13:23:19+00:00","mainEntityOfPage":{"@id":"https:\/\/www.celttv.com.ar\/index.php\/2021\/01\/08\/tres-picos-conmemoro-el-114o-aniversario-de-su-fundacion\/"},"wordCount":253,"publisher":{"@id":"https:\/\/www.celttv.com.ar\/#organization"},"articleSection":["Destacadas"],"inLanguage":"es"},{"@type":"WebPage","@id":"https:\/\/www.celttv.com.ar\/index.php\/2021\/01\/08\/tres-picos-conmemoro-el-114o-aniversario-de-su-fundacion\/","url":"https:\/\/www.celttv.com.ar\/index.php\/2021\/01\/08\/tres-picos-conmemoro-el-114o-aniversario-de-su-fundacion\/","name":"Tres Picos conmemor\u00f3 el 114\u00ba aniversario de su fundaci\u00f3n - CELTTV","isPartOf":{"@id":"https:\/\/www.celttv.com.ar\/#website"},"datePublished":"2021-01-08T13:23:19+00:00","dateModified":"2021-01-08T13:23:19+00:00","description":"Sitio web de noticias de la localidad de Tornquist, provincia de Buenos Aires, Rep\u00fablica Argentina. Contenido propio originado por periodistas de CELTTV, el canal de TV local de la Cooperativa El\u00e9ctrica de Tornquist. Turismo, Pol\u00edtica, Sociedad, Deporte, Cultura y todo el contenido de inter\u00e9s general que la gente del pueblo y la regi\u00f3n debe conocer.","breadcrumb":{"@id":"https:\/\/www.celttv.com.ar\/index.php\/2021\/01\/08\/tres-picos-conmemoro-el-114o-aniversario-de-su-fundacion\/#breadcrumb"},"inLanguage":"es","potentialAction":[{"@type":"ReadAction","target":["https:\/\/www.celttv.com.ar\/index.php\/2021\/01\/08\/tres-picos-conmemoro-el-114o-aniversario-de-su-fundacion\/"]}]},{"@type":"BreadcrumbList","@id":"https:\/\/www.celttv.com.ar\/index.php\/2021\/01\/08\/tres-picos-conmemoro-el-114o-aniversario-de-su-fundacion\/#breadcrumb","itemListElement":[{"@type":"ListItem","position":1,"name":"Inicio","item":"https:\/\/www.celttv.com.ar\/"},{"@type":"ListItem","position":2,"name":"Tres Picos conmemor\u00f3 el 114\u00ba aniversario de su fundaci\u00f3n"}]},{"@type":"WebSite","@id":"https:\/\/www.celttv.com.ar\/#website","url":"https:\/\/www.celttv.com.ar\/","name":"CELTTV","description":"Cooperativa El\u00e9ctrica de Tornquist","publisher":{"@id":"https:\/\/www.celttv.com.ar\/#organization"},"potentialAction":[{"@type":"SearchAction","target":{"@type":"EntryPoint","urlTemplate":"https:\/\/www.celttv.com.ar\/?s={search_term_string}"},"query-input":"required name=search_term_string"}],"inLanguage":"es"},{"@type":"Organization","@id":"https:\/\/www.celttv.com.ar\/#organization","name":"CELTTV","url":"https:\/\/www.celttv.com.ar\/","sameAs":["https:\/\/www.youtube.com\/channel\/UCz_oIt8Hig64Ub-EmcNPIhg","https:\/\/www.facebook.com\/celtTV\/"],"logo":{"@type":"ImageObject","inLanguage":"es","@id":"https:\/\/www.celttv.com.ar\/#\/schema\/logo\/image\/","url":"http:\/\/www.celttv.com.ar\/wp-content\/uploads\/2022\/08\/logo-1.png","contentUrl":"http:\/\/www.celttv.com.ar\/wp-content\/uploads\/2022\/08\/logo-1.png","width":461,"height":159,"caption":"CELTTV"},"image":{"@id":"https:\/\/www.celttv.com.ar\/#\/schema\/logo\/image\/"}},{"@type":"Person","@id":"https:\/\/www.celttv.com.ar\/#\/schema\/person\/6d99c072dba59953809c81446e9d0ace","name":"ulises","image":{"@type":"ImageObject","inLanguage":"es","@id":"https:\/\/www.celttv.com.ar\/#\/schema\/person\/image\/","url":"https:\/\/secure.gravatar.com\/avatar\/7f2c48bdc33b30088f941fb6082e555f2874c98e20cb159d7b92b50eadfce793?s=96&d=mm&r=g","contentUrl":"https:\/\/secure.gravatar.com\/avatar\/7f2c48bdc33b30088f941fb6082e555f2874c98e20cb159d7b92b50eadfce793?s=96&d=mm&r=g","caption":"ulises"},"sameAs":["http:\/\/www.celttv.com.ar"]}]}},"_links":{"self":[{"href":"https:\/\/www.celttv.com.ar\/index.php\/wp-json\/wp\/v2\/posts\/54729","targetHints":{"allow":["GET"]}}],"collection":[{"href":"https:\/\/www.celttv.com.ar\/index.php\/wp-json\/wp\/v2\/posts"}],"about":[{"href":"https:\/\/www.celttv.com.ar\/index.php\/wp-json\/wp\/v2\/types\/post"}],"author":[{"embeddable":true,"href":"https:\/\/www.celttv.com.ar\/index.php\/wp-json\/wp\/v2\/users\/1"}],"replies":[{"embeddable":true,"href":"https:\/\/www.celttv.com.ar\/index.php\/wp-json\/wp\/v2\/comments?post=54729"}],"version-history":[{"count":0,"href":"https:\/\/www.celttv.com.ar\/index.php\/wp-json\/wp\/v2\/posts\/54729\/revisions"}],"wp:featuredmedia":[{"embeddable":true,"href":"https:\/\/www.celttv.com.ar\/index.php\/wp-json\/wp\/v2\/media\/54730"}],"wp:attachment":[{"href":"https:\/\/www.celttv.com.ar\/index.php\/wp-json\/wp\/v2\/media?parent=54729"}],"wp:term":[{"taxonomy":"category","embeddable":true,"href":"https:\/\/www.celttv.com.ar\/index.php\/wp-json\/wp\/v2\/categories?post=54729"},{"taxonomy":"post_tag","embeddable":true,"href":"https:\/\/www.celttv.com.ar\/index.php\/wp-json\/wp\/v2\/tags?post=54729"}],"curies":[{"name":"wp","href":"https:\/\/api.w.org\/{rel}","templated":true}]}}