{"id":54741,"date":"2021-01-08T13:50:31","date_gmt":"2021-01-08T13:50:31","guid":{"rendered":"http:\/\/www.celttv.com.ar\/?p=54741"},"modified":"2021-01-08T13:50:31","modified_gmt":"2021-01-08T13:50:31","slug":"la-agrupacion-tornquist-habla-de-autismo-cumple-un-ano-de-trabajo-y-compromiso","status":"publish","type":"post","link":"https:\/\/www.celttv.com.ar\/index.php\/2021\/01\/08\/la-agrupacion-tornquist-habla-de-autismo-cumple-un-ano-de-trabajo-y-compromiso\/","title":{"rendered":"La Agrupaci\u00f3n Tornquist Habla de Autismo cumple un a\u00f1o de trabajo y compromiso (Nota)"},"content":{"rendered":"<p align=\"JUSTIFY\"><span style=\"font-size: large;\">Hoy nuestra Agrupaci\u00f3n <\/span><span style=\"font-size: large;\"><i>Tornquist habla de Autismo<\/i><\/span><span style=\"font-size: large;\"> cumple un a\u00f1o de trabajo y compromiso. Este grupo de familias y profesionales nos unimos con el fin de que se comience a hablar de autismo en todo nuestro distrito, buscando visibilizar y reflexionar sobre la realidad que viven las personas que presentan la Condici\u00f3n del Espectro Autista (CEA) y sus familias, construyendo espacios para hablar sobre diversidad y de las diferentes maneras que tenemos de ver y estar en el mundo; para que, como sociedad, generemos acciones que permitan una mejor convivencia desde el respeto mutuo.<\/span><\/p>\n<p align=\"JUSTIFY\"><span style=\"font-size: large;\">Extendemos nuestro compromiso de seguir aprendiendo d\u00eda a d\u00eda en conjunto con la comunidad para continuar creando herramientas con el fin de concientizar, brindar informaci\u00f3n y acompa\u00f1amiento a las personas con alg\u00fan desaf\u00edo en el neurodesarrollo y sus familias, desde una mirada de respeto a la diversidad y a los derechos inherentes a cada persona. <\/span><\/p>\n<p align=\"JUSTIFY\"><span style=\"font-size: large;\">En el d\u00eda de hoy agradecemos y celebramos el apoyo y acompa\u00f1amiento brindado por todas las personas que han colaborado y participado en cada propuesta con el fin de construir un mundo m\u00e1s amable entre todxs.<\/span><\/p>\n<p align=\"JUSTIFY\"><span style=\"font-size: large;\">\u00a1Muchas gracias!<\/span><\/p>\n<p align=\"JUSTIFY\"><span style=\"font-size: large;\">Agrupaci\u00f3n Tornquist habla de Autismo.<\/span><\/p>\n<div class=\"jeg_video_container jeg_video_content\"><iframe loading=\"lazy\" title=\"2021 01 08 MELISA HOLZMAN  VIA ZOOM\" width=\"500\" height=\"281\" src=\"https:\/\/www.youtube.com\/embed\/7aZiOhJnYis?feature=oembed\" frameborder=\"0\" allow=\"accelerometer; autoplay; clipboard-write; encrypted-media; gyroscope; picture-in-picture; web-share\" referrerpolicy=\"strict-origin-when-cross-origin\" allowfullscreen><\/iframe><\/div>\n<p><a href=\"http:\/\/www.celttv.com.ar\/?attachment_id=54744\" rel=\"attachment wp-att-54744\"><img loading=\"lazy\" decoding=\"async\" class=\"alignleft size-full wp-image-54744\" src=\"http:\/\/www.celttv.com.ar\/wp-content\/uploads\/2021\/01\/133916401_222359159336702_8470958062644927035_n-1-1.jpg\" alt=\"\" width=\"960\" height=\"638\" srcset=\"https:\/\/www.celttv.com.ar\/wp-content\/uploads\/2021\/01\/133916401_222359159336702_8470958062644927035_n-1-1.jpg 960w, https:\/\/www.celttv.com.ar\/wp-content\/uploads\/2021\/01\/133916401_222359159336702_8470958062644927035_n-1-1-300x199.jpg 300w, https:\/\/www.celttv.com.ar\/wp-content\/uploads\/2021\/01\/133916401_222359159336702_8470958062644927035_n-1-1-768x510.jpg 768w, https:\/\/www.celttv.com.ar\/wp-content\/uploads\/2021\/01\/133916401_222359159336702_8470958062644927035_n-1-1-750x498.jpg 750w\" sizes=\"auto, (max-width: 960px) 100vw, 960px\" \/><\/a> <a href=\"http:\/\/www.celttv.com.ar\/?attachment_id=54743\" rel=\"attachment wp-att-54743\"><img loading=\"lazy\" decoding=\"async\" class=\"alignleft size-full wp-image-54743\" src=\"http:\/\/www.celttv.com.ar\/wp-content\/uploads\/2021\/01\/86802869_118380296401256_884007739573927936_n.jpg\" alt=\"\" width=\"960\" height=\"678\" srcset=\"https:\/\/www.celttv.com.ar\/wp-content\/uploads\/2021\/01\/86802869_118380296401256_884007739573927936_n.jpg 960w, https:\/\/www.celttv.com.ar\/wp-content\/uploads\/2021\/01\/86802869_118380296401256_884007739573927936_n-300x212.jpg 300w, https:\/\/www.celttv.com.ar\/wp-content\/uploads\/2021\/01\/86802869_118380296401256_884007739573927936_n-768x542.jpg 768w, https:\/\/www.celttv.com.ar\/wp-content\/uploads\/2021\/01\/86802869_118380296401256_884007739573927936_n-120x86.jpg 120w, https:\/\/www.celttv.com.ar\/wp-content\/uploads\/2021\/01\/86802869_118380296401256_884007739573927936_n-750x530.jpg 750w\" sizes=\"auto, (max-width: 960px) 100vw, 960px\" \/><\/a><\/p>\n<p align=\"JUSTIFY\">\n","protected":false},"excerpt":{"rendered":"<p>Hoy nuestra Agrupaci\u00f3n Tornquist habla de Autismo cumple un a\u00f1o de trabajo y compromiso. Este grupo de familias y profesionales nos unimos con el fin de que se comience a hablar de autismo en todo nuestro distrito, buscando visibilizar y reflexionar sobre la realidad que viven las personas que presentan la Condici\u00f3n del Espectro Autista [&hellip;]<\/p>\n","protected":false},"author":1,"featured_media":54742,"comment_status":"closed","ping_status":"open","sticky":false,"template":"","format":"standard","meta":{"footnotes":""},"categories":[54,55,51,52],"tags":[],"class_list":["post-54741","post","type-post","status-publish","format-standard","has-post-thumbnail","hentry","category-atencion-salud","category-celt-tv-noticias","category-comunidad","category-destacadas"],"yoast_head":"<!-- This site is optimized with the Yoast SEO plugin v19.7.1 - https:\/\/yoast.com\/wordpress\/plugins\/seo\/ -->\n<title>La Agrupaci\u00f3n Tornquist Habla de Autismo cumple un a\u00f1o de trabajo y compromiso (Nota) - CELTTV<\/title>\n<meta name=\"description\" content=\"Sitio web de noticias de la localidad de Tornquist, provincia de Buenos Aires, Rep\u00fablica Argentina. Contenido propio originado por periodistas de CELTTV, el canal de TV local de la Cooperativa El\u00e9ctrica de Tornquist. Turismo, Pol\u00edtica, Sociedad, Deporte, Cultura y todo el contenido de inter\u00e9s general que la gente del pueblo y la regi\u00f3n debe conocer.\" \/>\n<meta name=\"robots\" content=\"index, follow, max-snippet:-1, max-image-preview:large, max-video-preview:-1\" \/>\n<link rel=\"canonical\" href=\"https:\/\/www.celttv.com.ar\/index.php\/2021\/01\/08\/la-agrupacion-tornquist-habla-de-autismo-cumple-un-ano-de-trabajo-y-compromiso\/\" \/>\n<meta property=\"og:locale\" content=\"es_ES\" \/>\n<meta property=\"og:type\" content=\"article\" \/>\n<meta property=\"og:title\" content=\"La Agrupaci\u00f3n Tornquist Habla de Autismo cumple un a\u00f1o de trabajo y compromiso (Nota) - CELTTV\" \/>\n<meta property=\"og:description\" content=\"Sitio web de noticias de la localidad de Tornquist, provincia de Buenos Aires, Rep\u00fablica Argentina. Contenido propio originado por periodistas de CELTTV, el canal de TV local de la Cooperativa El\u00e9ctrica de Tornquist. Turismo, Pol\u00edtica, Sociedad, Deporte, Cultura y todo el contenido de inter\u00e9s general que la gente del pueblo y la regi\u00f3n debe conocer.\" \/>\n<meta property=\"og:url\" content=\"https:\/\/www.celttv.com.ar\/index.php\/2021\/01\/08\/la-agrupacion-tornquist-habla-de-autismo-cumple-un-ano-de-trabajo-y-compromiso\/\" \/>\n<meta property=\"og:site_name\" content=\"CELTTV\" \/>\n<meta property=\"article:publisher\" content=\"https:\/\/www.facebook.com\/celtTV\/\" \/>\n<meta property=\"article:published_time\" content=\"2021-01-08T13:50:31+00:00\" \/>\n<meta property=\"og:image\" content=\"https:\/\/www.celttv.com.ar\/wp-content\/uploads\/2021\/01\/133916401_222359159336702_8470958062644927035_n-1.jpg\" \/>\n\t<meta property=\"og:image:width\" content=\"960\" \/>\n\t<meta property=\"og:image:height\" content=\"638\" \/>\n\t<meta property=\"og:image:type\" content=\"image\/jpeg\" \/>\n<meta name=\"author\" content=\"ulises\" \/>\n<meta name=\"twitter:card\" content=\"summary_large_image\" \/>\n<meta name=\"twitter:label1\" content=\"Escrito por\" \/>\n\t<meta name=\"twitter:data1\" content=\"ulises\" \/>\n\t<meta name=\"twitter:label2\" content=\"Tiempo de lectura\" \/>\n\t<meta name=\"twitter:data2\" content=\"1 minuto\" \/>\n<script type=\"application\/ld+json\" class=\"yoast-schema-graph\">{\"@context\":\"https:\/\/schema.org\",\"@graph\":[{\"@type\":\"NewsArticle\",\"@id\":\"https:\/\/www.celttv.com.ar\/index.php\/2021\/01\/08\/la-agrupacion-tornquist-habla-de-autismo-cumple-un-ano-de-trabajo-y-compromiso\/#article\",\"isPartOf\":{\"@id\":\"https:\/\/www.celttv.com.ar\/index.php\/2021\/01\/08\/la-agrupacion-tornquist-habla-de-autismo-cumple-un-ano-de-trabajo-y-compromiso\/\"},\"author\":{\"name\":\"ulises\",\"@id\":\"https:\/\/www.celttv.com.ar\/#\/schema\/person\/6d99c072dba59953809c81446e9d0ace\"},\"headline\":\"La Agrupaci\u00f3n Tornquist Habla de Autismo cumple un a\u00f1o de trabajo y compromiso (Nota)\",\"datePublished\":\"2021-01-08T13:50:31+00:00\",\"dateModified\":\"2021-01-08T13:50:31+00:00\",\"mainEntityOfPage\":{\"@id\":\"https:\/\/www.celttv.com.ar\/index.php\/2021\/01\/08\/la-agrupacion-tornquist-habla-de-autismo-cumple-un-ano-de-trabajo-y-compromiso\/\"},\"wordCount\":228,\"publisher\":{\"@id\":\"https:\/\/www.celttv.com.ar\/#organization\"},\"articleSection\":[\"Atenci\u00f3n Salud\",\"Celt TV Noticias\",\"Comunidad\",\"Destacadas\"],\"inLanguage\":\"es\"},{\"@type\":\"WebPage\",\"@id\":\"https:\/\/www.celttv.com.ar\/index.php\/2021\/01\/08\/la-agrupacion-tornquist-habla-de-autismo-cumple-un-ano-de-trabajo-y-compromiso\/\",\"url\":\"https:\/\/www.celttv.com.ar\/index.php\/2021\/01\/08\/la-agrupacion-tornquist-habla-de-autismo-cumple-un-ano-de-trabajo-y-compromiso\/\",\"name\":\"La Agrupaci\u00f3n Tornquist Habla de Autismo cumple un a\u00f1o de trabajo y compromiso (Nota) - CELTTV\",\"isPartOf\":{\"@id\":\"https:\/\/www.celttv.com.ar\/#website\"},\"datePublished\":\"2021-01-08T13:50:31+00:00\",\"dateModified\":\"2021-01-08T13:50:31+00:00\",\"description\":\"Sitio web de noticias de la localidad de Tornquist, provincia de Buenos Aires, Rep\u00fablica Argentina. Contenido propio originado por periodistas de CELTTV, el canal de TV local de la Cooperativa El\u00e9ctrica de Tornquist. Turismo, Pol\u00edtica, Sociedad, Deporte, Cultura y todo el contenido de inter\u00e9s general que la gente del pueblo y la regi\u00f3n debe conocer.\",\"breadcrumb\":{\"@id\":\"https:\/\/www.celttv.com.ar\/index.php\/2021\/01\/08\/la-agrupacion-tornquist-habla-de-autismo-cumple-un-ano-de-trabajo-y-compromiso\/#breadcrumb\"},\"inLanguage\":\"es\",\"potentialAction\":[{\"@type\":\"ReadAction\",\"target\":[\"https:\/\/www.celttv.com.ar\/index.php\/2021\/01\/08\/la-agrupacion-tornquist-habla-de-autismo-cumple-un-ano-de-trabajo-y-compromiso\/\"]}]},{\"@type\":\"BreadcrumbList\",\"@id\":\"https:\/\/www.celttv.com.ar\/index.php\/2021\/01\/08\/la-agrupacion-tornquist-habla-de-autismo-cumple-un-ano-de-trabajo-y-compromiso\/#breadcrumb\",\"itemListElement\":[{\"@type\":\"ListItem\",\"position\":1,\"name\":\"Inicio\",\"item\":\"https:\/\/www.celttv.com.ar\/\"},{\"@type\":\"ListItem\",\"position\":2,\"name\":\"La Agrupaci\u00f3n Tornquist Habla de Autismo cumple un a\u00f1o de trabajo y compromiso (Nota)\"}]},{\"@type\":\"WebSite\",\"@id\":\"https:\/\/www.celttv.com.ar\/#website\",\"url\":\"https:\/\/www.celttv.com.ar\/\",\"name\":\"CELTTV\",\"description\":\"Cooperativa El\u00e9ctrica de Tornquist\",\"publisher\":{\"@id\":\"https:\/\/www.celttv.com.ar\/#organization\"},\"potentialAction\":[{\"@type\":\"SearchAction\",\"target\":{\"@type\":\"EntryPoint\",\"urlTemplate\":\"https:\/\/www.celttv.com.ar\/?s={search_term_string}\"},\"query-input\":\"required name=search_term_string\"}],\"inLanguage\":\"es\"},{\"@type\":\"Organization\",\"@id\":\"https:\/\/www.celttv.com.ar\/#organization\",\"name\":\"CELTTV\",\"url\":\"https:\/\/www.celttv.com.ar\/\",\"sameAs\":[\"https:\/\/www.youtube.com\/channel\/UCz_oIt8Hig64Ub-EmcNPIhg\",\"https:\/\/www.facebook.com\/celtTV\/\"],\"logo\":{\"@type\":\"ImageObject\",\"inLanguage\":\"es\",\"@id\":\"https:\/\/www.celttv.com.ar\/#\/schema\/logo\/image\/\",\"url\":\"http:\/\/www.celttv.com.ar\/wp-content\/uploads\/2022\/08\/logo-1.png\",\"contentUrl\":\"http:\/\/www.celttv.com.ar\/wp-content\/uploads\/2022\/08\/logo-1.png\",\"width\":461,\"height\":159,\"caption\":\"CELTTV\"},\"image\":{\"@id\":\"https:\/\/www.celttv.com.ar\/#\/schema\/logo\/image\/\"}},{\"@type\":\"Person\",\"@id\":\"https:\/\/www.celttv.com.ar\/#\/schema\/person\/6d99c072dba59953809c81446e9d0ace\",\"name\":\"ulises\",\"image\":{\"@type\":\"ImageObject\",\"inLanguage\":\"es\",\"@id\":\"https:\/\/www.celttv.com.ar\/#\/schema\/person\/image\/\",\"url\":\"https:\/\/secure.gravatar.com\/avatar\/7f2c48bdc33b30088f941fb6082e555f2874c98e20cb159d7b92b50eadfce793?s=96&d=mm&r=g\",\"contentUrl\":\"https:\/\/secure.gravatar.com\/avatar\/7f2c48bdc33b30088f941fb6082e555f2874c98e20cb159d7b92b50eadfce793?s=96&d=mm&r=g\",\"caption\":\"ulises\"},\"sameAs\":[\"http:\/\/www.celttv.com.ar\"]}]}<\/script>\n<!-- \/ Yoast SEO plugin. -->","yoast_head_json":{"title":"La Agrupaci\u00f3n Tornquist Habla de Autismo cumple un a\u00f1o de trabajo y compromiso (Nota) - CELTTV","description":"Sitio web de noticias de la localidad de Tornquist, provincia de Buenos Aires, Rep\u00fablica Argentina. Contenido propio originado por periodistas de CELTTV, el canal de TV local de la Cooperativa El\u00e9ctrica de Tornquist. Turismo, Pol\u00edtica, Sociedad, Deporte, Cultura y todo el contenido de inter\u00e9s general que la gente del pueblo y la regi\u00f3n debe conocer.","robots":{"index":"index","follow":"follow","max-snippet":"max-snippet:-1","max-image-preview":"max-image-preview:large","max-video-preview":"max-video-preview:-1"},"canonical":"https:\/\/www.celttv.com.ar\/index.php\/2021\/01\/08\/la-agrupacion-tornquist-habla-de-autismo-cumple-un-ano-de-trabajo-y-compromiso\/","og_locale":"es_ES","og_type":"article","og_title":"La Agrupaci\u00f3n Tornquist Habla de Autismo cumple un a\u00f1o de trabajo y compromiso (Nota) - CELTTV","og_description":"Sitio web de noticias de la localidad de Tornquist, provincia de Buenos Aires, Rep\u00fablica Argentina. Contenido propio originado por periodistas de CELTTV, el canal de TV local de la Cooperativa El\u00e9ctrica de Tornquist. Turismo, Pol\u00edtica, Sociedad, Deporte, Cultura y todo el contenido de inter\u00e9s general que la gente del pueblo y la regi\u00f3n debe conocer.","og_url":"https:\/\/www.celttv.com.ar\/index.php\/2021\/01\/08\/la-agrupacion-tornquist-habla-de-autismo-cumple-un-ano-de-trabajo-y-compromiso\/","og_site_name":"CELTTV","article_publisher":"https:\/\/www.facebook.com\/celtTV\/","article_published_time":"2021-01-08T13:50:31+00:00","og_image":[{"width":960,"height":638,"url":"https:\/\/www.celttv.com.ar\/wp-content\/uploads\/2021\/01\/133916401_222359159336702_8470958062644927035_n-1.jpg","type":"image\/jpeg"}],"author":"ulises","twitter_card":"summary_large_image","twitter_misc":{"Escrito por":"ulises","Tiempo de lectura":"1 minuto"},"schema":{"@context":"https:\/\/schema.org","@graph":[{"@type":"NewsArticle","@id":"https:\/\/www.celttv.com.ar\/index.php\/2021\/01\/08\/la-agrupacion-tornquist-habla-de-autismo-cumple-un-ano-de-trabajo-y-compromiso\/#article","isPartOf":{"@id":"https:\/\/www.celttv.com.ar\/index.php\/2021\/01\/08\/la-agrupacion-tornquist-habla-de-autismo-cumple-un-ano-de-trabajo-y-compromiso\/"},"author":{"name":"ulises","@id":"https:\/\/www.celttv.com.ar\/#\/schema\/person\/6d99c072dba59953809c81446e9d0ace"},"headline":"La Agrupaci\u00f3n Tornquist Habla de Autismo cumple un a\u00f1o de trabajo y compromiso (Nota)","datePublished":"2021-01-08T13:50:31+00:00","dateModified":"2021-01-08T13:50:31+00:00","mainEntityOfPage":{"@id":"https:\/\/www.celttv.com.ar\/index.php\/2021\/01\/08\/la-agrupacion-tornquist-habla-de-autismo-cumple-un-ano-de-trabajo-y-compromiso\/"},"wordCount":228,"publisher":{"@id":"https:\/\/www.celttv.com.ar\/#organization"},"articleSection":["Atenci\u00f3n Salud","Celt TV Noticias","Comunidad","Destacadas"],"inLanguage":"es"},{"@type":"WebPage","@id":"https:\/\/www.celttv.com.ar\/index.php\/2021\/01\/08\/la-agrupacion-tornquist-habla-de-autismo-cumple-un-ano-de-trabajo-y-compromiso\/","url":"https:\/\/www.celttv.com.ar\/index.php\/2021\/01\/08\/la-agrupacion-tornquist-habla-de-autismo-cumple-un-ano-de-trabajo-y-compromiso\/","name":"La Agrupaci\u00f3n Tornquist Habla de Autismo cumple un a\u00f1o de trabajo y compromiso (Nota) - CELTTV","isPartOf":{"@id":"https:\/\/www.celttv.com.ar\/#website"},"datePublished":"2021-01-08T13:50:31+00:00","dateModified":"2021-01-08T13:50:31+00:00","description":"Sitio web de noticias de la localidad de Tornquist, provincia de Buenos Aires, Rep\u00fablica Argentina. Contenido propio originado por periodistas de CELTTV, el canal de TV local de la Cooperativa El\u00e9ctrica de Tornquist. Turismo, Pol\u00edtica, Sociedad, Deporte, Cultura y todo el contenido de inter\u00e9s general que la gente del pueblo y la regi\u00f3n debe conocer.","breadcrumb":{"@id":"https:\/\/www.celttv.com.ar\/index.php\/2021\/01\/08\/la-agrupacion-tornquist-habla-de-autismo-cumple-un-ano-de-trabajo-y-compromiso\/#breadcrumb"},"inLanguage":"es","potentialAction":[{"@type":"ReadAction","target":["https:\/\/www.celttv.com.ar\/index.php\/2021\/01\/08\/la-agrupacion-tornquist-habla-de-autismo-cumple-un-ano-de-trabajo-y-compromiso\/"]}]},{"@type":"BreadcrumbList","@id":"https:\/\/www.celttv.com.ar\/index.php\/2021\/01\/08\/la-agrupacion-tornquist-habla-de-autismo-cumple-un-ano-de-trabajo-y-compromiso\/#breadcrumb","itemListElement":[{"@type":"ListItem","position":1,"name":"Inicio","item":"https:\/\/www.celttv.com.ar\/"},{"@type":"ListItem","position":2,"name":"La Agrupaci\u00f3n Tornquist Habla de Autismo cumple un a\u00f1o de trabajo y compromiso (Nota)"}]},{"@type":"WebSite","@id":"https:\/\/www.celttv.com.ar\/#website","url":"https:\/\/www.celttv.com.ar\/","name":"CELTTV","description":"Cooperativa El\u00e9ctrica de Tornquist","publisher":{"@id":"https:\/\/www.celttv.com.ar\/#organization"},"potentialAction":[{"@type":"SearchAction","target":{"@type":"EntryPoint","urlTemplate":"https:\/\/www.celttv.com.ar\/?s={search_term_string}"},"query-input":"required name=search_term_string"}],"inLanguage":"es"},{"@type":"Organization","@id":"https:\/\/www.celttv.com.ar\/#organization","name":"CELTTV","url":"https:\/\/www.celttv.com.ar\/","sameAs":["https:\/\/www.youtube.com\/channel\/UCz_oIt8Hig64Ub-EmcNPIhg","https:\/\/www.facebook.com\/celtTV\/"],"logo":{"@type":"ImageObject","inLanguage":"es","@id":"https:\/\/www.celttv.com.ar\/#\/schema\/logo\/image\/","url":"http:\/\/www.celttv.com.ar\/wp-content\/uploads\/2022\/08\/logo-1.png","contentUrl":"http:\/\/www.celttv.com.ar\/wp-content\/uploads\/2022\/08\/logo-1.png","width":461,"height":159,"caption":"CELTTV"},"image":{"@id":"https:\/\/www.celttv.com.ar\/#\/schema\/logo\/image\/"}},{"@type":"Person","@id":"https:\/\/www.celttv.com.ar\/#\/schema\/person\/6d99c072dba59953809c81446e9d0ace","name":"ulises","image":{"@type":"ImageObject","inLanguage":"es","@id":"https:\/\/www.celttv.com.ar\/#\/schema\/person\/image\/","url":"https:\/\/secure.gravatar.com\/avatar\/7f2c48bdc33b30088f941fb6082e555f2874c98e20cb159d7b92b50eadfce793?s=96&d=mm&r=g","contentUrl":"https:\/\/secure.gravatar.com\/avatar\/7f2c48bdc33b30088f941fb6082e555f2874c98e20cb159d7b92b50eadfce793?s=96&d=mm&r=g","caption":"ulises"},"sameAs":["http:\/\/www.celttv.com.ar"]}]}},"_links":{"self":[{"href":"https:\/\/www.celttv.com.ar\/index.php\/wp-json\/wp\/v2\/posts\/54741","targetHints":{"allow":["GET"]}}],"collection":[{"href":"https:\/\/www.celttv.com.ar\/index.php\/wp-json\/wp\/v2\/posts"}],"about":[{"href":"https:\/\/www.celttv.com.ar\/index.php\/wp-json\/wp\/v2\/types\/post"}],"author":[{"embeddable":true,"href":"https:\/\/www.celttv.com.ar\/index.php\/wp-json\/wp\/v2\/users\/1"}],"replies":[{"embeddable":true,"href":"https:\/\/www.celttv.com.ar\/index.php\/wp-json\/wp\/v2\/comments?post=54741"}],"version-history":[{"count":0,"href":"https:\/\/www.celttv.com.ar\/index.php\/wp-json\/wp\/v2\/posts\/54741\/revisions"}],"wp:featuredmedia":[{"embeddable":true,"href":"https:\/\/www.celttv.com.ar\/index.php\/wp-json\/wp\/v2\/media\/54742"}],"wp:attachment":[{"href":"https:\/\/www.celttv.com.ar\/index.php\/wp-json\/wp\/v2\/media?parent=54741"}],"wp:term":[{"taxonomy":"category","embeddable":true,"href":"https:\/\/www.celttv.com.ar\/index.php\/wp-json\/wp\/v2\/categories?post=54741"},{"taxonomy":"post_tag","embeddable":true,"href":"https:\/\/www.celttv.com.ar\/index.php\/wp-json\/wp\/v2\/tags?post=54741"}],"curies":[{"name":"wp","href":"https:\/\/api.w.org\/{rel}","templated":true}]}}