{"id":54746,"date":"2021-01-08T15:04:43","date_gmt":"2021-01-08T15:04:43","guid":{"rendered":"http:\/\/www.celttv.com.ar\/?p=54746"},"modified":"2021-01-08T15:04:43","modified_gmt":"2021-01-08T15:04:43","slug":"bianco-se-reunio-con-ministros-e-intendentes-para-avanzar-en-la-coordinacion-del-proceso-de-vacunacion","status":"publish","type":"post","link":"https:\/\/www.celttv.com.ar\/index.php\/2021\/01\/08\/bianco-se-reunio-con-ministros-e-intendentes-para-avanzar-en-la-coordinacion-del-proceso-de-vacunacion\/","title":{"rendered":"Bianco se reuni\u00f3 con ministros e intendentes para avanzar en la coordinaci\u00f3n del proceso de vacunaci\u00f3n"},"content":{"rendered":"<div>El jefe de Gabinete de la Provincia, Carlos Bianco, particip\u00f3 hoy en reuniones con intendentas e intendentes bonaerenses con el objetivo de avanzar en definiciones operativas del proceso de vacunaci\u00f3n para enfrentar la pandemia de COVID-19. En los encuentros, desarrollados a trav\u00e9s de videoconferencias, tambi\u00e9n participaron la ministra de Gobierno, Teresa Garc\u00eda, el ministro de Salud, Daniel Gollan, y el viceministro de Salud, Nicol\u00e1s Kreplak, as\u00ed como las y los intendentes y autoridades de los 135 distritos bonaerenses.<\/div>\n<div><\/div>\n<div>Los funcionarios provinciales presentaron detalles sobre la marcha del proceso y la distribuci\u00f3n de las dosis en todos los distritos. Bianco inform\u00f3 que en el d\u00eda de la fecha la Provincia recibi\u00f3 las 61.500 dosis restantes de la primera etapa y adelant\u00f3 que \u201cest\u00e1 previsto que venga otro vuelo con una cantidad a\u00fan m\u00e1s importante de vacunas\u201d. El Jefe de Gabinete agreg\u00f3 que \u201cse trata del proceso de vacunaci\u00f3n m\u00e1s grande de la historia de la provincia de Buenos Aires\u201d y record\u00f3 que la campa\u00f1a es p\u00fablica, gratuita y optativa. Asimismo, remarc\u00f3 la importancia de que las y los ciudadanos se registren en la web\u00a0<a href=\"http:\/\/vacunatepba.gba.gob.ar\/\" target=\"_blank\" rel=\"noopener\" data-saferedirecturl=\"https:\/\/www.google.com\/url?q=http:\/\/vacunatepba.gba.gob.ar&amp;source=gmail&amp;ust=1610203073229000&amp;usg=AFQjCNG6i6V0y7kFVkSKToY3WAW5i7pQEQ\">http:\/\/vacunatepba.gba.gob.ar<\/a>\u00a0para poder organizar las siguientes etapas de vacunaci\u00f3n.<\/div>\n<div><\/div>\n<div>\u201cVamos a ser reconocidos por el pueblo si llevamos a cabo un proceso exitoso de vacunaci\u00f3n. Si somos capaces de eso, no solo vamos a haber salvado la vida de nuestro pueblo sino que tambi\u00e9n vamos a generar las condiciones para la reactivaci\u00f3n econ\u00f3mica. A nosotros como Gobierno provincial nos interesa que eso suceda en todos los distritos\u201d, concluy\u00f3 Bianco.<\/div>\n<div><\/div>\n<div>En tanto, el ministro Gollan se\u00f1al\u00f3 que \u201ccontamos con los elementos para encarar esta epopeya de vacunaci\u00f3n\u201d y destac\u00f3 que \u201ctenemos la posibilidad de vacunar a millones de personas en el menor tiempo posible y eso es un desaf\u00edo. Tenemos la necesidad de cortar la cadena de contagios\u201d.<\/div>\n<div><\/div>\n<div>En ese sentido, el viceministro Kreplak destac\u00f3 la importancia de trabajar en conjunto con las y los intendentes para poder garantizar que la campa\u00f1a de vacunaci\u00f3n se realice de manera efectiva y ordenada. Asimismo, explic\u00f3 que durante la primera etapa se proceder\u00e1 a vacunar a todo el personal de salud, con prioridad en quienes trabajen en cuidados intensivos. Kreplak asegur\u00f3 que cuando llegue el segundo env\u00edo \u201cvamos a empezar la tanda territorial de vacunaci\u00f3n a personas mayores de 60 a\u00f1os, en cuanto la ANMAT emita la autorizaci\u00f3n correspondiente, luego a quienes tengan entre 18 y 59 a\u00f1os y tengan comorbilidades, m\u00e1s tarde a las y los trabajadores de la educaci\u00f3n y el personal de seguridad y del Servicio Penitenciario Bonaerense y a las personas privadas de la libertad\u201d. Se espera que para el mes de marzo se est\u00e9 vacunando a la poblaci\u00f3n de entre 18 y 59 a\u00f1os que no presente comorbilidades ni se desempe\u00f1e en tareas consideradas esenciales.<\/div>\n<div><\/div>\n<div>\u201cEn los pr\u00f3ximos d\u00edas estar\u00e1 disponible la app que va a permitir, adem\u00e1s de inscribirse, hacer preguntas o consultar a los telem\u00e9dicos por si surge alg\u00fan problema en el territorio. Les pedimos ayuda a los intendentes y las intendentas para garantizar que las vacunas lleguen y puedan ser aplicadas de manera correcta\u201d, remarc\u00f3 el Viceministro.<\/div>\n<div><\/div>\n<div>Por su parte, la ministra Garc\u00eda sostuvo que \u201cla vacunaci\u00f3n ser\u00e1 central para poder poner en marcha la provincia en 2021\u201d y remarc\u00f3 que \u201cla atenci\u00f3n en materia de salud y fortalecimiento sanitario ya ocurri\u00f3, ahora tenemos que fortalecer los sistemas de vacunaci\u00f3n\u201d.<\/div>\n<div><\/div>\n<div>Las autoridades de los municipios se\u00f1alaron la importancia de contar con instancias de trabajo conjunto y coordinaci\u00f3n con el Gobierno de la Provincia para llevar adelante el proceso.<\/div>\n<div><\/div>\n<div>En todos los casos, las autoridades pusieron \u00e9nfasis sobre la necesidad de seguir con los cuidados y el respeto a los protocolos sanitarios, a fin de enfrentar el avance de la pandemia.<\/div>\n<div><\/div>\n<div>\n<div><\/div>\n<div><img loading=\"lazy\" decoding=\"async\" class=\"alignnone size-medium wp-image-1446\" src=\"http:\/\/observadorserrano.com.ar\/wp-content\/uploads\/2021\/01\/5-Medium-300x200.jpg\" alt=\"\" width=\"300\" height=\"200\" \/> <img loading=\"lazy\" decoding=\"async\" class=\"alignnone size-medium wp-image-1445\" src=\"http:\/\/observadorserrano.com.ar\/wp-content\/uploads\/2021\/01\/4-Medium-300x200.jpg\" alt=\"\" width=\"300\" height=\"200\" \/> <img loading=\"lazy\" decoding=\"async\" class=\"alignnone size-medium wp-image-1444\" src=\"http:\/\/observadorserrano.com.ar\/wp-content\/uploads\/2021\/01\/1-Medium-300x169.png\" alt=\"\" width=\"300\" height=\"169\" \/><\/div>\n<div><\/div>\n<\/div>\n","protected":false},"excerpt":{"rendered":"<p>El jefe de Gabinete de la Provincia, Carlos Bianco, particip\u00f3 hoy en reuniones con intendentas e intendentes bonaerenses con el objetivo de avanzar en definiciones operativas del proceso de vacunaci\u00f3n para enfrentar la pandemia de COVID-19. En los encuentros, desarrollados a trav\u00e9s de videoconferencias, tambi\u00e9n participaron la ministra de Gobierno, Teresa Garc\u00eda, el ministro de [&hellip;]<\/p>\n","protected":false},"author":1,"featured_media":54747,"comment_status":"closed","ping_status":"open","sticky":false,"template":"","format":"standard","meta":{"footnotes":""},"categories":[51,52],"tags":[145,146],"class_list":["post-54746","post","type-post","status-publish","format-standard","has-post-thumbnail","hentry","category-comunidad","category-destacadas","tag-ministro-bianco","tag-plan-de-vacunacion"],"yoast_head":"<!-- This site is optimized with the Yoast SEO plugin v19.7.1 - https:\/\/yoast.com\/wordpress\/plugins\/seo\/ -->\n<title>Bianco se reuni\u00f3 con ministros e intendentes para avanzar en la coordinaci\u00f3n del proceso de vacunaci\u00f3n - CELTTV<\/title>\n<meta name=\"description\" content=\"Sitio web de noticias de la localidad de Tornquist, provincia de Buenos Aires, Rep\u00fablica Argentina. Contenido propio originado por periodistas de CELTTV, el canal de TV local de la Cooperativa El\u00e9ctrica de Tornquist. Turismo, Pol\u00edtica, Sociedad, Deporte, Cultura y todo el contenido de inter\u00e9s general que la gente del pueblo y la regi\u00f3n debe conocer.\" \/>\n<meta name=\"robots\" content=\"index, follow, max-snippet:-1, max-image-preview:large, max-video-preview:-1\" \/>\n<link rel=\"canonical\" href=\"https:\/\/www.celttv.com.ar\/index.php\/2021\/01\/08\/bianco-se-reunio-con-ministros-e-intendentes-para-avanzar-en-la-coordinacion-del-proceso-de-vacunacion\/\" \/>\n<meta property=\"og:locale\" content=\"es_ES\" \/>\n<meta property=\"og:type\" content=\"article\" \/>\n<meta property=\"og:title\" content=\"Bianco se reuni\u00f3 con ministros e intendentes para avanzar en la coordinaci\u00f3n del proceso de vacunaci\u00f3n - CELTTV\" \/>\n<meta property=\"og:description\" content=\"Sitio web de noticias de la localidad de Tornquist, provincia de Buenos Aires, Rep\u00fablica Argentina. Contenido propio originado por periodistas de CELTTV, el canal de TV local de la Cooperativa El\u00e9ctrica de Tornquist. Turismo, Pol\u00edtica, Sociedad, Deporte, Cultura y todo el contenido de inter\u00e9s general que la gente del pueblo y la regi\u00f3n debe conocer.\" \/>\n<meta property=\"og:url\" content=\"https:\/\/www.celttv.com.ar\/index.php\/2021\/01\/08\/bianco-se-reunio-con-ministros-e-intendentes-para-avanzar-en-la-coordinacion-del-proceso-de-vacunacion\/\" \/>\n<meta property=\"og:site_name\" content=\"CELTTV\" \/>\n<meta property=\"article:publisher\" content=\"https:\/\/www.facebook.com\/celtTV\/\" \/>\n<meta property=\"article:published_time\" content=\"2021-01-08T15:04:43+00:00\" \/>\n<meta property=\"og:image\" content=\"https:\/\/www.celttv.com.ar\/wp-content\/uploads\/2021\/01\/1-Medium.png\" \/>\n\t<meta property=\"og:image:width\" content=\"1365\" \/>\n\t<meta property=\"og:image:height\" content=\"768\" \/>\n\t<meta property=\"og:image:type\" content=\"image\/png\" \/>\n<meta name=\"author\" content=\"ulises\" \/>\n<meta name=\"twitter:card\" content=\"summary_large_image\" \/>\n<meta name=\"twitter:label1\" content=\"Escrito por\" \/>\n\t<meta name=\"twitter:data1\" content=\"ulises\" \/>\n\t<meta name=\"twitter:label2\" content=\"Tiempo de lectura\" \/>\n\t<meta name=\"twitter:data2\" content=\"3 minutos\" \/>\n<script type=\"application\/ld+json\" class=\"yoast-schema-graph\">{\"@context\":\"https:\/\/schema.org\",\"@graph\":[{\"@type\":\"NewsArticle\",\"@id\":\"https:\/\/www.celttv.com.ar\/index.php\/2021\/01\/08\/bianco-se-reunio-con-ministros-e-intendentes-para-avanzar-en-la-coordinacion-del-proceso-de-vacunacion\/#article\",\"isPartOf\":{\"@id\":\"https:\/\/www.celttv.com.ar\/index.php\/2021\/01\/08\/bianco-se-reunio-con-ministros-e-intendentes-para-avanzar-en-la-coordinacion-del-proceso-de-vacunacion\/\"},\"author\":{\"name\":\"ulises\",\"@id\":\"https:\/\/www.celttv.com.ar\/#\/schema\/person\/6d99c072dba59953809c81446e9d0ace\"},\"headline\":\"Bianco se reuni\u00f3 con ministros e intendentes para avanzar en la coordinaci\u00f3n del proceso de vacunaci\u00f3n\",\"datePublished\":\"2021-01-08T15:04:43+00:00\",\"dateModified\":\"2021-01-08T15:04:43+00:00\",\"mainEntityOfPage\":{\"@id\":\"https:\/\/www.celttv.com.ar\/index.php\/2021\/01\/08\/bianco-se-reunio-con-ministros-e-intendentes-para-avanzar-en-la-coordinacion-del-proceso-de-vacunacion\/\"},\"wordCount\":675,\"publisher\":{\"@id\":\"https:\/\/www.celttv.com.ar\/#organization\"},\"keywords\":[\"ministro bianco\",\"plan de vacunaci\u00f3n\"],\"articleSection\":[\"Comunidad\",\"Destacadas\"],\"inLanguage\":\"es\"},{\"@type\":\"WebPage\",\"@id\":\"https:\/\/www.celttv.com.ar\/index.php\/2021\/01\/08\/bianco-se-reunio-con-ministros-e-intendentes-para-avanzar-en-la-coordinacion-del-proceso-de-vacunacion\/\",\"url\":\"https:\/\/www.celttv.com.ar\/index.php\/2021\/01\/08\/bianco-se-reunio-con-ministros-e-intendentes-para-avanzar-en-la-coordinacion-del-proceso-de-vacunacion\/\",\"name\":\"Bianco se reuni\u00f3 con ministros e intendentes para avanzar en la coordinaci\u00f3n del proceso de vacunaci\u00f3n - CELTTV\",\"isPartOf\":{\"@id\":\"https:\/\/www.celttv.com.ar\/#website\"},\"datePublished\":\"2021-01-08T15:04:43+00:00\",\"dateModified\":\"2021-01-08T15:04:43+00:00\",\"description\":\"Sitio web de noticias de la localidad de Tornquist, provincia de Buenos Aires, Rep\u00fablica Argentina. Contenido propio originado por periodistas de CELTTV, el canal de TV local de la Cooperativa El\u00e9ctrica de Tornquist. Turismo, Pol\u00edtica, Sociedad, Deporte, Cultura y todo el contenido de inter\u00e9s general que la gente del pueblo y la regi\u00f3n debe conocer.\",\"breadcrumb\":{\"@id\":\"https:\/\/www.celttv.com.ar\/index.php\/2021\/01\/08\/bianco-se-reunio-con-ministros-e-intendentes-para-avanzar-en-la-coordinacion-del-proceso-de-vacunacion\/#breadcrumb\"},\"inLanguage\":\"es\",\"potentialAction\":[{\"@type\":\"ReadAction\",\"target\":[\"https:\/\/www.celttv.com.ar\/index.php\/2021\/01\/08\/bianco-se-reunio-con-ministros-e-intendentes-para-avanzar-en-la-coordinacion-del-proceso-de-vacunacion\/\"]}]},{\"@type\":\"BreadcrumbList\",\"@id\":\"https:\/\/www.celttv.com.ar\/index.php\/2021\/01\/08\/bianco-se-reunio-con-ministros-e-intendentes-para-avanzar-en-la-coordinacion-del-proceso-de-vacunacion\/#breadcrumb\",\"itemListElement\":[{\"@type\":\"ListItem\",\"position\":1,\"name\":\"Inicio\",\"item\":\"https:\/\/www.celttv.com.ar\/\"},{\"@type\":\"ListItem\",\"position\":2,\"name\":\"Bianco se reuni\u00f3 con ministros e intendentes para avanzar en la coordinaci\u00f3n del proceso de vacunaci\u00f3n\"}]},{\"@type\":\"WebSite\",\"@id\":\"https:\/\/www.celttv.com.ar\/#website\",\"url\":\"https:\/\/www.celttv.com.ar\/\",\"name\":\"CELTTV\",\"description\":\"Cooperativa El\u00e9ctrica de Tornquist\",\"publisher\":{\"@id\":\"https:\/\/www.celttv.com.ar\/#organization\"},\"potentialAction\":[{\"@type\":\"SearchAction\",\"target\":{\"@type\":\"EntryPoint\",\"urlTemplate\":\"https:\/\/www.celttv.com.ar\/?s={search_term_string}\"},\"query-input\":\"required name=search_term_string\"}],\"inLanguage\":\"es\"},{\"@type\":\"Organization\",\"@id\":\"https:\/\/www.celttv.com.ar\/#organization\",\"name\":\"CELTTV\",\"url\":\"https:\/\/www.celttv.com.ar\/\",\"sameAs\":[\"https:\/\/www.youtube.com\/channel\/UCz_oIt8Hig64Ub-EmcNPIhg\",\"https:\/\/www.facebook.com\/celtTV\/\"],\"logo\":{\"@type\":\"ImageObject\",\"inLanguage\":\"es\",\"@id\":\"https:\/\/www.celttv.com.ar\/#\/schema\/logo\/image\/\",\"url\":\"http:\/\/www.celttv.com.ar\/wp-content\/uploads\/2022\/08\/logo-1.png\",\"contentUrl\":\"http:\/\/www.celttv.com.ar\/wp-content\/uploads\/2022\/08\/logo-1.png\",\"width\":461,\"height\":159,\"caption\":\"CELTTV\"},\"image\":{\"@id\":\"https:\/\/www.celttv.com.ar\/#\/schema\/logo\/image\/\"}},{\"@type\":\"Person\",\"@id\":\"https:\/\/www.celttv.com.ar\/#\/schema\/person\/6d99c072dba59953809c81446e9d0ace\",\"name\":\"ulises\",\"image\":{\"@type\":\"ImageObject\",\"inLanguage\":\"es\",\"@id\":\"https:\/\/www.celttv.com.ar\/#\/schema\/person\/image\/\",\"url\":\"https:\/\/secure.gravatar.com\/avatar\/7f2c48bdc33b30088f941fb6082e555f2874c98e20cb159d7b92b50eadfce793?s=96&d=mm&r=g\",\"contentUrl\":\"https:\/\/secure.gravatar.com\/avatar\/7f2c48bdc33b30088f941fb6082e555f2874c98e20cb159d7b92b50eadfce793?s=96&d=mm&r=g\",\"caption\":\"ulises\"},\"sameAs\":[\"http:\/\/www.celttv.com.ar\"]}]}<\/script>\n<!-- \/ Yoast SEO plugin. -->","yoast_head_json":{"title":"Bianco se reuni\u00f3 con ministros e intendentes para avanzar en la coordinaci\u00f3n del proceso de vacunaci\u00f3n - CELTTV","description":"Sitio web de noticias de la localidad de Tornquist, provincia de Buenos Aires, Rep\u00fablica Argentina. Contenido propio originado por periodistas de CELTTV, el canal de TV local de la Cooperativa El\u00e9ctrica de Tornquist. Turismo, Pol\u00edtica, Sociedad, Deporte, Cultura y todo el contenido de inter\u00e9s general que la gente del pueblo y la regi\u00f3n debe conocer.","robots":{"index":"index","follow":"follow","max-snippet":"max-snippet:-1","max-image-preview":"max-image-preview:large","max-video-preview":"max-video-preview:-1"},"canonical":"https:\/\/www.celttv.com.ar\/index.php\/2021\/01\/08\/bianco-se-reunio-con-ministros-e-intendentes-para-avanzar-en-la-coordinacion-del-proceso-de-vacunacion\/","og_locale":"es_ES","og_type":"article","og_title":"Bianco se reuni\u00f3 con ministros e intendentes para avanzar en la coordinaci\u00f3n del proceso de vacunaci\u00f3n - CELTTV","og_description":"Sitio web de noticias de la localidad de Tornquist, provincia de Buenos Aires, Rep\u00fablica Argentina. Contenido propio originado por periodistas de CELTTV, el canal de TV local de la Cooperativa El\u00e9ctrica de Tornquist. Turismo, Pol\u00edtica, Sociedad, Deporte, Cultura y todo el contenido de inter\u00e9s general que la gente del pueblo y la regi\u00f3n debe conocer.","og_url":"https:\/\/www.celttv.com.ar\/index.php\/2021\/01\/08\/bianco-se-reunio-con-ministros-e-intendentes-para-avanzar-en-la-coordinacion-del-proceso-de-vacunacion\/","og_site_name":"CELTTV","article_publisher":"https:\/\/www.facebook.com\/celtTV\/","article_published_time":"2021-01-08T15:04:43+00:00","og_image":[{"width":1365,"height":768,"url":"https:\/\/www.celttv.com.ar\/wp-content\/uploads\/2021\/01\/1-Medium.png","type":"image\/png"}],"author":"ulises","twitter_card":"summary_large_image","twitter_misc":{"Escrito por":"ulises","Tiempo de lectura":"3 minutos"},"schema":{"@context":"https:\/\/schema.org","@graph":[{"@type":"NewsArticle","@id":"https:\/\/www.celttv.com.ar\/index.php\/2021\/01\/08\/bianco-se-reunio-con-ministros-e-intendentes-para-avanzar-en-la-coordinacion-del-proceso-de-vacunacion\/#article","isPartOf":{"@id":"https:\/\/www.celttv.com.ar\/index.php\/2021\/01\/08\/bianco-se-reunio-con-ministros-e-intendentes-para-avanzar-en-la-coordinacion-del-proceso-de-vacunacion\/"},"author":{"name":"ulises","@id":"https:\/\/www.celttv.com.ar\/#\/schema\/person\/6d99c072dba59953809c81446e9d0ace"},"headline":"Bianco se reuni\u00f3 con ministros e intendentes para avanzar en la coordinaci\u00f3n del proceso de vacunaci\u00f3n","datePublished":"2021-01-08T15:04:43+00:00","dateModified":"2021-01-08T15:04:43+00:00","mainEntityOfPage":{"@id":"https:\/\/www.celttv.com.ar\/index.php\/2021\/01\/08\/bianco-se-reunio-con-ministros-e-intendentes-para-avanzar-en-la-coordinacion-del-proceso-de-vacunacion\/"},"wordCount":675,"publisher":{"@id":"https:\/\/www.celttv.com.ar\/#organization"},"keywords":["ministro bianco","plan de vacunaci\u00f3n"],"articleSection":["Comunidad","Destacadas"],"inLanguage":"es"},{"@type":"WebPage","@id":"https:\/\/www.celttv.com.ar\/index.php\/2021\/01\/08\/bianco-se-reunio-con-ministros-e-intendentes-para-avanzar-en-la-coordinacion-del-proceso-de-vacunacion\/","url":"https:\/\/www.celttv.com.ar\/index.php\/2021\/01\/08\/bianco-se-reunio-con-ministros-e-intendentes-para-avanzar-en-la-coordinacion-del-proceso-de-vacunacion\/","name":"Bianco se reuni\u00f3 con ministros e intendentes para avanzar en la coordinaci\u00f3n del proceso de vacunaci\u00f3n - CELTTV","isPartOf":{"@id":"https:\/\/www.celttv.com.ar\/#website"},"datePublished":"2021-01-08T15:04:43+00:00","dateModified":"2021-01-08T15:04:43+00:00","description":"Sitio web de noticias de la localidad de Tornquist, provincia de Buenos Aires, Rep\u00fablica Argentina. Contenido propio originado por periodistas de CELTTV, el canal de TV local de la Cooperativa El\u00e9ctrica de Tornquist. Turismo, Pol\u00edtica, Sociedad, Deporte, Cultura y todo el contenido de inter\u00e9s general que la gente del pueblo y la regi\u00f3n debe conocer.","breadcrumb":{"@id":"https:\/\/www.celttv.com.ar\/index.php\/2021\/01\/08\/bianco-se-reunio-con-ministros-e-intendentes-para-avanzar-en-la-coordinacion-del-proceso-de-vacunacion\/#breadcrumb"},"inLanguage":"es","potentialAction":[{"@type":"ReadAction","target":["https:\/\/www.celttv.com.ar\/index.php\/2021\/01\/08\/bianco-se-reunio-con-ministros-e-intendentes-para-avanzar-en-la-coordinacion-del-proceso-de-vacunacion\/"]}]},{"@type":"BreadcrumbList","@id":"https:\/\/www.celttv.com.ar\/index.php\/2021\/01\/08\/bianco-se-reunio-con-ministros-e-intendentes-para-avanzar-en-la-coordinacion-del-proceso-de-vacunacion\/#breadcrumb","itemListElement":[{"@type":"ListItem","position":1,"name":"Inicio","item":"https:\/\/www.celttv.com.ar\/"},{"@type":"ListItem","position":2,"name":"Bianco se reuni\u00f3 con ministros e intendentes para avanzar en la coordinaci\u00f3n del proceso de vacunaci\u00f3n"}]},{"@type":"WebSite","@id":"https:\/\/www.celttv.com.ar\/#website","url":"https:\/\/www.celttv.com.ar\/","name":"CELTTV","description":"Cooperativa El\u00e9ctrica de Tornquist","publisher":{"@id":"https:\/\/www.celttv.com.ar\/#organization"},"potentialAction":[{"@type":"SearchAction","target":{"@type":"EntryPoint","urlTemplate":"https:\/\/www.celttv.com.ar\/?s={search_term_string}"},"query-input":"required name=search_term_string"}],"inLanguage":"es"},{"@type":"Organization","@id":"https:\/\/www.celttv.com.ar\/#organization","name":"CELTTV","url":"https:\/\/www.celttv.com.ar\/","sameAs":["https:\/\/www.youtube.com\/channel\/UCz_oIt8Hig64Ub-EmcNPIhg","https:\/\/www.facebook.com\/celtTV\/"],"logo":{"@type":"ImageObject","inLanguage":"es","@id":"https:\/\/www.celttv.com.ar\/#\/schema\/logo\/image\/","url":"http:\/\/www.celttv.com.ar\/wp-content\/uploads\/2022\/08\/logo-1.png","contentUrl":"http:\/\/www.celttv.com.ar\/wp-content\/uploads\/2022\/08\/logo-1.png","width":461,"height":159,"caption":"CELTTV"},"image":{"@id":"https:\/\/www.celttv.com.ar\/#\/schema\/logo\/image\/"}},{"@type":"Person","@id":"https:\/\/www.celttv.com.ar\/#\/schema\/person\/6d99c072dba59953809c81446e9d0ace","name":"ulises","image":{"@type":"ImageObject","inLanguage":"es","@id":"https:\/\/www.celttv.com.ar\/#\/schema\/person\/image\/","url":"https:\/\/secure.gravatar.com\/avatar\/7f2c48bdc33b30088f941fb6082e555f2874c98e20cb159d7b92b50eadfce793?s=96&d=mm&r=g","contentUrl":"https:\/\/secure.gravatar.com\/avatar\/7f2c48bdc33b30088f941fb6082e555f2874c98e20cb159d7b92b50eadfce793?s=96&d=mm&r=g","caption":"ulises"},"sameAs":["http:\/\/www.celttv.com.ar"]}]}},"_links":{"self":[{"href":"https:\/\/www.celttv.com.ar\/index.php\/wp-json\/wp\/v2\/posts\/54746","targetHints":{"allow":["GET"]}}],"collection":[{"href":"https:\/\/www.celttv.com.ar\/index.php\/wp-json\/wp\/v2\/posts"}],"about":[{"href":"https:\/\/www.celttv.com.ar\/index.php\/wp-json\/wp\/v2\/types\/post"}],"author":[{"embeddable":true,"href":"https:\/\/www.celttv.com.ar\/index.php\/wp-json\/wp\/v2\/users\/1"}],"replies":[{"embeddable":true,"href":"https:\/\/www.celttv.com.ar\/index.php\/wp-json\/wp\/v2\/comments?post=54746"}],"version-history":[{"count":0,"href":"https:\/\/www.celttv.com.ar\/index.php\/wp-json\/wp\/v2\/posts\/54746\/revisions"}],"wp:featuredmedia":[{"embeddable":true,"href":"https:\/\/www.celttv.com.ar\/index.php\/wp-json\/wp\/v2\/media\/54747"}],"wp:attachment":[{"href":"https:\/\/www.celttv.com.ar\/index.php\/wp-json\/wp\/v2\/media?parent=54746"}],"wp:term":[{"taxonomy":"category","embeddable":true,"href":"https:\/\/www.celttv.com.ar\/index.php\/wp-json\/wp\/v2\/categories?post=54746"},{"taxonomy":"post_tag","embeddable":true,"href":"https:\/\/www.celttv.com.ar\/index.php\/wp-json\/wp\/v2\/tags?post=54746"}],"curies":[{"name":"wp","href":"https:\/\/api.w.org\/{rel}","templated":true}]}}