{"id":54749,"date":"2021-01-08T21:18:52","date_gmt":"2021-01-08T21:18:52","guid":{"rendered":"http:\/\/www.celttv.com.ar\/?p=54749"},"modified":"2021-01-08T21:18:52","modified_gmt":"2021-01-08T21:18:52","slug":"pymes-ya-pueden-solicitar-prestamos-para-inversion-a-tasas-subsidiadas","status":"publish","type":"post","link":"https:\/\/www.celttv.com.ar\/index.php\/2021\/01\/08\/pymes-ya-pueden-solicitar-prestamos-para-inversion-a-tasas-subsidiadas\/","title":{"rendered":"PyMEs ya pueden solicitar pr\u00e9stamos para inversi\u00f3n a tasas subsidiadas"},"content":{"rendered":"<p>La Secretar\u00eda de Producci\u00f3n, Comercio e Industria informa que el Ministerio de Desarrollo Productivo, puso a disposici\u00f3n una nueva l\u00ednea de cr\u00e9ditos para Pymes y Cooperativas. Los mismos est\u00e1n destinados a la inversi\u00f3n productiva, para financiar proyectos de inversi\u00f3n por hasta $70 millones por PyME, con un plazo de 61 meses y 6 de gracia, con una tasa subsidiada por el FONDEP del 25%.<\/p>\n<p>La L\u00ednea de Inversi\u00f3n Productiva LIP PyMEs ya est\u00e1 disponible en 21 bancos p\u00fablicos y privados de todo el pa\u00eds. Los cr\u00e9ditos LIP PyMEs tendr\u00e1n un plazo de hasta 61 meses con seis de gracia, y una tasa de inter\u00e9s subsidiada por el Fondo Nacional de Desarrollo Productivo (FONDEP) del 25% anual los dos primeros a\u00f1os.<\/p>\n<p>El pr\u00e9stamo podr\u00e1 destinarse a la adquisici\u00f3n de bienes de capital de producci\u00f3n nacional -incluyendo leasing- y a la construcci\u00f3n o adecuaci\u00f3n de instalaciones con un tope del 20% de capital de trabajo asociado.<\/p>\n<p>&#x1f4cc; Beneficiarios<\/p>\n<p>Peque\u00f1as y Medianas empresas que lleven adelante proyectos de inversi\u00f3n.<\/p>\n<p>&nbsp;<\/p>\n<p>&#x1f4cc; Monto total por cr\u00e9dito:<\/p>\n<p>Hasta $70 millones por PyME<\/p>\n<p>&#x1f4cc; Plazo: 61 meses con 6 meses de gracia<\/p>\n<p>&#x1f4cc; Tasa subsidiada los dos primeros a\u00f1os: 25%<\/p>\n<p>&#x1f6ba; Las PyMEs lideradas por mujeres acceder\u00e1n a una bonificaci\u00f3n extra del 1%.<\/p>\n<p>Las PyMEs que hayan realizado exportaciones los \u00faltimos dos a\u00f1os podr\u00e1n acceder a una bonificaci\u00f3n adicional del 2%.<\/p>\n<p>Los interesados en inscribirse podr\u00e1n consultar en las entidades bancarias hasta el pr\u00f3ximo 30 de junio de 2021.<\/p>\n<p><a href=\"http:\/\/PyMEs%20ya%20pueden%20solicitar%20pr\u00e9stamos%20para%20inversi\u00f3n%20a%20tasas%20subsidiadas\">PyMEs ya pueden solicitar pr\u00e9stamos para inversi\u00f3n a tasas subsidiadas<\/a><a href=\"http:\/\/www.celttv.com.ar\/?attachment_id=54750\" rel=\"attachment wp-att-54750\"><img loading=\"lazy\" decoding=\"async\" class=\"alignleft size-full wp-image-54750\" src=\"http:\/\/www.celttv.com.ar\/wp-content\/uploads\/2021\/01\/plan-reactivacion.jpg\" alt=\"\" width=\"937\" height=\"498\" srcset=\"https:\/\/www.celttv.com.ar\/wp-content\/uploads\/2021\/01\/plan-reactivacion.jpg 937w, https:\/\/www.celttv.com.ar\/wp-content\/uploads\/2021\/01\/plan-reactivacion-300x159.jpg 300w, https:\/\/www.celttv.com.ar\/wp-content\/uploads\/2021\/01\/plan-reactivacion-768x408.jpg 768w, https:\/\/www.celttv.com.ar\/wp-content\/uploads\/2021\/01\/plan-reactivacion-750x399.jpg 750w\" sizes=\"auto, (max-width: 937px) 100vw, 937px\" \/><\/a><\/p>\n","protected":false},"excerpt":{"rendered":"<p>La Secretar\u00eda de Producci\u00f3n, Comercio e Industria informa que el Ministerio de Desarrollo Productivo, puso a disposici\u00f3n una nueva l\u00ednea de cr\u00e9ditos para Pymes y Cooperativas. Los mismos est\u00e1n destinados a la inversi\u00f3n productiva, para financiar proyectos de inversi\u00f3n por hasta $70 millones por PyME, con un plazo de 61 meses y 6 de gracia, [&hellip;]<\/p>\n","protected":false},"author":1,"featured_media":54750,"comment_status":"closed","ping_status":"open","sticky":false,"template":"","format":"standard","meta":{"footnotes":""},"categories":[52,65],"tags":[147,148,149],"class_list":["post-54749","post","type-post","status-publish","format-standard","has-post-thumbnail","hentry","category-destacadas","category-produccion","tag-plan-reactivacion","tag-produccion","tag-tasaas-subsidiadas"],"yoast_head":"<!-- This site is optimized with the Yoast SEO plugin v19.7.1 - https:\/\/yoast.com\/wordpress\/plugins\/seo\/ -->\n<title>PyMEs ya pueden solicitar pr\u00e9stamos para inversi\u00f3n a tasas subsidiadas - CELTTV<\/title>\n<meta name=\"description\" content=\"Sitio web de noticias de la localidad de Tornquist, provincia de Buenos Aires, Rep\u00fablica Argentina. Contenido propio originado por periodistas de CELTTV, el canal de TV local de la Cooperativa El\u00e9ctrica de Tornquist. Turismo, Pol\u00edtica, Sociedad, Deporte, Cultura y todo el contenido de inter\u00e9s general que la gente del pueblo y la regi\u00f3n debe conocer.\" \/>\n<meta name=\"robots\" content=\"index, follow, max-snippet:-1, max-image-preview:large, max-video-preview:-1\" \/>\n<link rel=\"canonical\" href=\"https:\/\/www.celttv.com.ar\/index.php\/2021\/01\/08\/pymes-ya-pueden-solicitar-prestamos-para-inversion-a-tasas-subsidiadas\/\" \/>\n<meta property=\"og:locale\" content=\"es_ES\" \/>\n<meta property=\"og:type\" content=\"article\" \/>\n<meta property=\"og:title\" content=\"PyMEs ya pueden solicitar pr\u00e9stamos para inversi\u00f3n a tasas subsidiadas - CELTTV\" \/>\n<meta property=\"og:description\" content=\"Sitio web de noticias de la localidad de Tornquist, provincia de Buenos Aires, Rep\u00fablica Argentina. Contenido propio originado por periodistas de CELTTV, el canal de TV local de la Cooperativa El\u00e9ctrica de Tornquist. Turismo, Pol\u00edtica, Sociedad, Deporte, Cultura y todo el contenido de inter\u00e9s general que la gente del pueblo y la regi\u00f3n debe conocer.\" \/>\n<meta property=\"og:url\" content=\"https:\/\/www.celttv.com.ar\/index.php\/2021\/01\/08\/pymes-ya-pueden-solicitar-prestamos-para-inversion-a-tasas-subsidiadas\/\" \/>\n<meta property=\"og:site_name\" content=\"CELTTV\" \/>\n<meta property=\"article:publisher\" content=\"https:\/\/www.facebook.com\/celtTV\/\" \/>\n<meta property=\"article:published_time\" content=\"2021-01-08T21:18:52+00:00\" \/>\n<meta property=\"og:image\" content=\"https:\/\/www.celttv.com.ar\/wp-content\/uploads\/2021\/01\/plan-reactivacion.jpg\" \/>\n\t<meta property=\"og:image:width\" content=\"937\" \/>\n\t<meta property=\"og:image:height\" content=\"498\" \/>\n\t<meta property=\"og:image:type\" content=\"image\/jpeg\" \/>\n<meta name=\"author\" content=\"ulises\" \/>\n<meta name=\"twitter:card\" content=\"summary_large_image\" \/>\n<meta name=\"twitter:label1\" content=\"Escrito por\" \/>\n\t<meta name=\"twitter:data1\" content=\"ulises\" \/>\n\t<meta name=\"twitter:label2\" content=\"Tiempo de lectura\" \/>\n\t<meta name=\"twitter:data2\" content=\"1 minuto\" \/>\n<script type=\"application\/ld+json\" class=\"yoast-schema-graph\">{\"@context\":\"https:\/\/schema.org\",\"@graph\":[{\"@type\":\"NewsArticle\",\"@id\":\"https:\/\/www.celttv.com.ar\/index.php\/2021\/01\/08\/pymes-ya-pueden-solicitar-prestamos-para-inversion-a-tasas-subsidiadas\/#article\",\"isPartOf\":{\"@id\":\"https:\/\/www.celttv.com.ar\/index.php\/2021\/01\/08\/pymes-ya-pueden-solicitar-prestamos-para-inversion-a-tasas-subsidiadas\/\"},\"author\":{\"name\":\"ulises\",\"@id\":\"https:\/\/www.celttv.com.ar\/#\/schema\/person\/6d99c072dba59953809c81446e9d0ace\"},\"headline\":\"PyMEs ya pueden solicitar pr\u00e9stamos para inversi\u00f3n a tasas subsidiadas\",\"datePublished\":\"2021-01-08T21:18:52+00:00\",\"dateModified\":\"2021-01-08T21:18:52+00:00\",\"mainEntityOfPage\":{\"@id\":\"https:\/\/www.celttv.com.ar\/index.php\/2021\/01\/08\/pymes-ya-pueden-solicitar-prestamos-para-inversion-a-tasas-subsidiadas\/\"},\"wordCount\":293,\"publisher\":{\"@id\":\"https:\/\/www.celttv.com.ar\/#organization\"},\"keywords\":[\"plan reactivaci\u00f3n\",\"producci\u00f3n\",\"tasaas subsidiadas\"],\"articleSection\":[\"Destacadas\",\"Producci\u00f3n y Medio Ambiente\"],\"inLanguage\":\"es\"},{\"@type\":\"WebPage\",\"@id\":\"https:\/\/www.celttv.com.ar\/index.php\/2021\/01\/08\/pymes-ya-pueden-solicitar-prestamos-para-inversion-a-tasas-subsidiadas\/\",\"url\":\"https:\/\/www.celttv.com.ar\/index.php\/2021\/01\/08\/pymes-ya-pueden-solicitar-prestamos-para-inversion-a-tasas-subsidiadas\/\",\"name\":\"PyMEs ya pueden solicitar pr\u00e9stamos para inversi\u00f3n a tasas subsidiadas - CELTTV\",\"isPartOf\":{\"@id\":\"https:\/\/www.celttv.com.ar\/#website\"},\"datePublished\":\"2021-01-08T21:18:52+00:00\",\"dateModified\":\"2021-01-08T21:18:52+00:00\",\"description\":\"Sitio web de noticias de la localidad de Tornquist, provincia de Buenos Aires, Rep\u00fablica Argentina. Contenido propio originado por periodistas de CELTTV, el canal de TV local de la Cooperativa El\u00e9ctrica de Tornquist. Turismo, Pol\u00edtica, Sociedad, Deporte, Cultura y todo el contenido de inter\u00e9s general que la gente del pueblo y la regi\u00f3n debe conocer.\",\"breadcrumb\":{\"@id\":\"https:\/\/www.celttv.com.ar\/index.php\/2021\/01\/08\/pymes-ya-pueden-solicitar-prestamos-para-inversion-a-tasas-subsidiadas\/#breadcrumb\"},\"inLanguage\":\"es\",\"potentialAction\":[{\"@type\":\"ReadAction\",\"target\":[\"https:\/\/www.celttv.com.ar\/index.php\/2021\/01\/08\/pymes-ya-pueden-solicitar-prestamos-para-inversion-a-tasas-subsidiadas\/\"]}]},{\"@type\":\"BreadcrumbList\",\"@id\":\"https:\/\/www.celttv.com.ar\/index.php\/2021\/01\/08\/pymes-ya-pueden-solicitar-prestamos-para-inversion-a-tasas-subsidiadas\/#breadcrumb\",\"itemListElement\":[{\"@type\":\"ListItem\",\"position\":1,\"name\":\"Inicio\",\"item\":\"https:\/\/www.celttv.com.ar\/\"},{\"@type\":\"ListItem\",\"position\":2,\"name\":\"PyMEs ya pueden solicitar pr\u00e9stamos para inversi\u00f3n a tasas subsidiadas\"}]},{\"@type\":\"WebSite\",\"@id\":\"https:\/\/www.celttv.com.ar\/#website\",\"url\":\"https:\/\/www.celttv.com.ar\/\",\"name\":\"CELTTV\",\"description\":\"Cooperativa El\u00e9ctrica de Tornquist\",\"publisher\":{\"@id\":\"https:\/\/www.celttv.com.ar\/#organization\"},\"potentialAction\":[{\"@type\":\"SearchAction\",\"target\":{\"@type\":\"EntryPoint\",\"urlTemplate\":\"https:\/\/www.celttv.com.ar\/?s={search_term_string}\"},\"query-input\":\"required name=search_term_string\"}],\"inLanguage\":\"es\"},{\"@type\":\"Organization\",\"@id\":\"https:\/\/www.celttv.com.ar\/#organization\",\"name\":\"CELTTV\",\"url\":\"https:\/\/www.celttv.com.ar\/\",\"sameAs\":[\"https:\/\/www.youtube.com\/channel\/UCz_oIt8Hig64Ub-EmcNPIhg\",\"https:\/\/www.facebook.com\/celtTV\/\"],\"logo\":{\"@type\":\"ImageObject\",\"inLanguage\":\"es\",\"@id\":\"https:\/\/www.celttv.com.ar\/#\/schema\/logo\/image\/\",\"url\":\"http:\/\/www.celttv.com.ar\/wp-content\/uploads\/2022\/08\/logo-1.png\",\"contentUrl\":\"http:\/\/www.celttv.com.ar\/wp-content\/uploads\/2022\/08\/logo-1.png\",\"width\":461,\"height\":159,\"caption\":\"CELTTV\"},\"image\":{\"@id\":\"https:\/\/www.celttv.com.ar\/#\/schema\/logo\/image\/\"}},{\"@type\":\"Person\",\"@id\":\"https:\/\/www.celttv.com.ar\/#\/schema\/person\/6d99c072dba59953809c81446e9d0ace\",\"name\":\"ulises\",\"image\":{\"@type\":\"ImageObject\",\"inLanguage\":\"es\",\"@id\":\"https:\/\/www.celttv.com.ar\/#\/schema\/person\/image\/\",\"url\":\"https:\/\/secure.gravatar.com\/avatar\/7f2c48bdc33b30088f941fb6082e555f2874c98e20cb159d7b92b50eadfce793?s=96&d=mm&r=g\",\"contentUrl\":\"https:\/\/secure.gravatar.com\/avatar\/7f2c48bdc33b30088f941fb6082e555f2874c98e20cb159d7b92b50eadfce793?s=96&d=mm&r=g\",\"caption\":\"ulises\"},\"sameAs\":[\"http:\/\/www.celttv.com.ar\"]}]}<\/script>\n<!-- \/ Yoast SEO plugin. -->","yoast_head_json":{"title":"PyMEs ya pueden solicitar pr\u00e9stamos para inversi\u00f3n a tasas subsidiadas - CELTTV","description":"Sitio web de noticias de la localidad de Tornquist, provincia de Buenos Aires, Rep\u00fablica Argentina. Contenido propio originado por periodistas de CELTTV, el canal de TV local de la Cooperativa El\u00e9ctrica de Tornquist. Turismo, Pol\u00edtica, Sociedad, Deporte, Cultura y todo el contenido de inter\u00e9s general que la gente del pueblo y la regi\u00f3n debe conocer.","robots":{"index":"index","follow":"follow","max-snippet":"max-snippet:-1","max-image-preview":"max-image-preview:large","max-video-preview":"max-video-preview:-1"},"canonical":"https:\/\/www.celttv.com.ar\/index.php\/2021\/01\/08\/pymes-ya-pueden-solicitar-prestamos-para-inversion-a-tasas-subsidiadas\/","og_locale":"es_ES","og_type":"article","og_title":"PyMEs ya pueden solicitar pr\u00e9stamos para inversi\u00f3n a tasas subsidiadas - CELTTV","og_description":"Sitio web de noticias de la localidad de Tornquist, provincia de Buenos Aires, Rep\u00fablica Argentina. Contenido propio originado por periodistas de CELTTV, el canal de TV local de la Cooperativa El\u00e9ctrica de Tornquist. Turismo, Pol\u00edtica, Sociedad, Deporte, Cultura y todo el contenido de inter\u00e9s general que la gente del pueblo y la regi\u00f3n debe conocer.","og_url":"https:\/\/www.celttv.com.ar\/index.php\/2021\/01\/08\/pymes-ya-pueden-solicitar-prestamos-para-inversion-a-tasas-subsidiadas\/","og_site_name":"CELTTV","article_publisher":"https:\/\/www.facebook.com\/celtTV\/","article_published_time":"2021-01-08T21:18:52+00:00","og_image":[{"width":937,"height":498,"url":"https:\/\/www.celttv.com.ar\/wp-content\/uploads\/2021\/01\/plan-reactivacion.jpg","type":"image\/jpeg"}],"author":"ulises","twitter_card":"summary_large_image","twitter_misc":{"Escrito por":"ulises","Tiempo de lectura":"1 minuto"},"schema":{"@context":"https:\/\/schema.org","@graph":[{"@type":"NewsArticle","@id":"https:\/\/www.celttv.com.ar\/index.php\/2021\/01\/08\/pymes-ya-pueden-solicitar-prestamos-para-inversion-a-tasas-subsidiadas\/#article","isPartOf":{"@id":"https:\/\/www.celttv.com.ar\/index.php\/2021\/01\/08\/pymes-ya-pueden-solicitar-prestamos-para-inversion-a-tasas-subsidiadas\/"},"author":{"name":"ulises","@id":"https:\/\/www.celttv.com.ar\/#\/schema\/person\/6d99c072dba59953809c81446e9d0ace"},"headline":"PyMEs ya pueden solicitar pr\u00e9stamos para inversi\u00f3n a tasas subsidiadas","datePublished":"2021-01-08T21:18:52+00:00","dateModified":"2021-01-08T21:18:52+00:00","mainEntityOfPage":{"@id":"https:\/\/www.celttv.com.ar\/index.php\/2021\/01\/08\/pymes-ya-pueden-solicitar-prestamos-para-inversion-a-tasas-subsidiadas\/"},"wordCount":293,"publisher":{"@id":"https:\/\/www.celttv.com.ar\/#organization"},"keywords":["plan reactivaci\u00f3n","producci\u00f3n","tasaas subsidiadas"],"articleSection":["Destacadas","Producci\u00f3n y Medio Ambiente"],"inLanguage":"es"},{"@type":"WebPage","@id":"https:\/\/www.celttv.com.ar\/index.php\/2021\/01\/08\/pymes-ya-pueden-solicitar-prestamos-para-inversion-a-tasas-subsidiadas\/","url":"https:\/\/www.celttv.com.ar\/index.php\/2021\/01\/08\/pymes-ya-pueden-solicitar-prestamos-para-inversion-a-tasas-subsidiadas\/","name":"PyMEs ya pueden solicitar pr\u00e9stamos para inversi\u00f3n a tasas subsidiadas - CELTTV","isPartOf":{"@id":"https:\/\/www.celttv.com.ar\/#website"},"datePublished":"2021-01-08T21:18:52+00:00","dateModified":"2021-01-08T21:18:52+00:00","description":"Sitio web de noticias de la localidad de Tornquist, provincia de Buenos Aires, Rep\u00fablica Argentina. Contenido propio originado por periodistas de CELTTV, el canal de TV local de la Cooperativa El\u00e9ctrica de Tornquist. Turismo, Pol\u00edtica, Sociedad, Deporte, Cultura y todo el contenido de inter\u00e9s general que la gente del pueblo y la regi\u00f3n debe conocer.","breadcrumb":{"@id":"https:\/\/www.celttv.com.ar\/index.php\/2021\/01\/08\/pymes-ya-pueden-solicitar-prestamos-para-inversion-a-tasas-subsidiadas\/#breadcrumb"},"inLanguage":"es","potentialAction":[{"@type":"ReadAction","target":["https:\/\/www.celttv.com.ar\/index.php\/2021\/01\/08\/pymes-ya-pueden-solicitar-prestamos-para-inversion-a-tasas-subsidiadas\/"]}]},{"@type":"BreadcrumbList","@id":"https:\/\/www.celttv.com.ar\/index.php\/2021\/01\/08\/pymes-ya-pueden-solicitar-prestamos-para-inversion-a-tasas-subsidiadas\/#breadcrumb","itemListElement":[{"@type":"ListItem","position":1,"name":"Inicio","item":"https:\/\/www.celttv.com.ar\/"},{"@type":"ListItem","position":2,"name":"PyMEs ya pueden solicitar pr\u00e9stamos para inversi\u00f3n a tasas subsidiadas"}]},{"@type":"WebSite","@id":"https:\/\/www.celttv.com.ar\/#website","url":"https:\/\/www.celttv.com.ar\/","name":"CELTTV","description":"Cooperativa El\u00e9ctrica de Tornquist","publisher":{"@id":"https:\/\/www.celttv.com.ar\/#organization"},"potentialAction":[{"@type":"SearchAction","target":{"@type":"EntryPoint","urlTemplate":"https:\/\/www.celttv.com.ar\/?s={search_term_string}"},"query-input":"required name=search_term_string"}],"inLanguage":"es"},{"@type":"Organization","@id":"https:\/\/www.celttv.com.ar\/#organization","name":"CELTTV","url":"https:\/\/www.celttv.com.ar\/","sameAs":["https:\/\/www.youtube.com\/channel\/UCz_oIt8Hig64Ub-EmcNPIhg","https:\/\/www.facebook.com\/celtTV\/"],"logo":{"@type":"ImageObject","inLanguage":"es","@id":"https:\/\/www.celttv.com.ar\/#\/schema\/logo\/image\/","url":"http:\/\/www.celttv.com.ar\/wp-content\/uploads\/2022\/08\/logo-1.png","contentUrl":"http:\/\/www.celttv.com.ar\/wp-content\/uploads\/2022\/08\/logo-1.png","width":461,"height":159,"caption":"CELTTV"},"image":{"@id":"https:\/\/www.celttv.com.ar\/#\/schema\/logo\/image\/"}},{"@type":"Person","@id":"https:\/\/www.celttv.com.ar\/#\/schema\/person\/6d99c072dba59953809c81446e9d0ace","name":"ulises","image":{"@type":"ImageObject","inLanguage":"es","@id":"https:\/\/www.celttv.com.ar\/#\/schema\/person\/image\/","url":"https:\/\/secure.gravatar.com\/avatar\/7f2c48bdc33b30088f941fb6082e555f2874c98e20cb159d7b92b50eadfce793?s=96&d=mm&r=g","contentUrl":"https:\/\/secure.gravatar.com\/avatar\/7f2c48bdc33b30088f941fb6082e555f2874c98e20cb159d7b92b50eadfce793?s=96&d=mm&r=g","caption":"ulises"},"sameAs":["http:\/\/www.celttv.com.ar"]}]}},"_links":{"self":[{"href":"https:\/\/www.celttv.com.ar\/index.php\/wp-json\/wp\/v2\/posts\/54749","targetHints":{"allow":["GET"]}}],"collection":[{"href":"https:\/\/www.celttv.com.ar\/index.php\/wp-json\/wp\/v2\/posts"}],"about":[{"href":"https:\/\/www.celttv.com.ar\/index.php\/wp-json\/wp\/v2\/types\/post"}],"author":[{"embeddable":true,"href":"https:\/\/www.celttv.com.ar\/index.php\/wp-json\/wp\/v2\/users\/1"}],"replies":[{"embeddable":true,"href":"https:\/\/www.celttv.com.ar\/index.php\/wp-json\/wp\/v2\/comments?post=54749"}],"version-history":[{"count":0,"href":"https:\/\/www.celttv.com.ar\/index.php\/wp-json\/wp\/v2\/posts\/54749\/revisions"}],"wp:featuredmedia":[{"embeddable":true,"href":"https:\/\/www.celttv.com.ar\/index.php\/wp-json\/wp\/v2\/media\/54750"}],"wp:attachment":[{"href":"https:\/\/www.celttv.com.ar\/index.php\/wp-json\/wp\/v2\/media?parent=54749"}],"wp:term":[{"taxonomy":"category","embeddable":true,"href":"https:\/\/www.celttv.com.ar\/index.php\/wp-json\/wp\/v2\/categories?post=54749"},{"taxonomy":"post_tag","embeddable":true,"href":"https:\/\/www.celttv.com.ar\/index.php\/wp-json\/wp\/v2\/tags?post=54749"}],"curies":[{"name":"wp","href":"https:\/\/api.w.org\/{rel}","templated":true}]}}