{"id":54767,"date":"2021-01-09T16:39:23","date_gmt":"2021-01-09T16:39:23","guid":{"rendered":"http:\/\/www.celttv.com.ar\/?p=54767"},"modified":"2021-01-09T16:39:23","modified_gmt":"2021-01-09T16:39:23","slug":"el-seven-de-hockey-mixto-se-vive-a-pleno-en-el-club-union","status":"publish","type":"post","link":"https:\/\/www.celttv.com.ar\/index.php\/2021\/01\/09\/el-seven-de-hockey-mixto-se-vive-a-pleno-en-el-club-union\/","title":{"rendered":"El &#8220;Seven de Hockey Mixto&#8221; se vive a pleno en el Club Uni\u00f3n"},"content":{"rendered":"<p>Una jornada a pleno hockey es la que se vive en la cancha de c\u00e9sped sint\u00e9tico del Club Uni\u00f3n, con la realizaci\u00f3n del &#8220;Seven Mixto&#8221;, el cual cuenta con la participaci\u00f3n de equipos del distrito de Tornquist y la regi\u00f3n.<\/p>\n<p>Confirmaron su presencia nueve equipos, los cuales fueron divididos en dos zonas. La actividad comenz\u00f3 a las 9 horas, se juegan dos partidos en simult\u00e1neo y la final se llevar\u00e1 a cabo a las 20 horas.<\/p>\n<p>Es importante mencionar que se llevan adelante todos los protocolos para un buen cuidado sanitario de las nueve delegaciones que participan del torneo.<\/p>\n<p>Las zonas quedaron divididas de la siguiente manera:<\/p>\n<p><strong>ZONA 1:<\/strong><\/p>\n<p>Popeye &#8211; Bombarderas &#8211; La Gloriosa &#8211; Los Leones Engripados<\/p>\n<p><strong>ZONA 2:<\/strong><\/p>\n<p>A Todo o Nada &#8211; Coronaclub &#8211; Las Yaras &#8211; Jarana Remix &#8211; Lobas Vintage<\/p>\n<p><a href=\"http:\/\/www.celttv.com.ar\/?attachment_id=54768\" rel=\"attachment wp-att-54768\"><img loading=\"lazy\" decoding=\"async\" class=\"alignleft size-full wp-image-54768\" src=\"http:\/\/www.celttv.com.ar\/wp-content\/uploads\/2021\/01\/IMG_20210109_114208973.jpg\" alt=\"\" width=\"2458\" height=\"1844\" srcset=\"https:\/\/www.celttv.com.ar\/wp-content\/uploads\/2021\/01\/IMG_20210109_114208973.jpg 2458w, https:\/\/www.celttv.com.ar\/wp-content\/uploads\/2021\/01\/IMG_20210109_114208973-300x225.jpg 300w, https:\/\/www.celttv.com.ar\/wp-content\/uploads\/2021\/01\/IMG_20210109_114208973-1024x768.jpg 1024w, https:\/\/www.celttv.com.ar\/wp-content\/uploads\/2021\/01\/IMG_20210109_114208973-768x576.jpg 768w, https:\/\/www.celttv.com.ar\/wp-content\/uploads\/2021\/01\/IMG_20210109_114208973-1536x1152.jpg 1536w, https:\/\/www.celttv.com.ar\/wp-content\/uploads\/2021\/01\/IMG_20210109_114208973-2048x1536.jpg 2048w, https:\/\/www.celttv.com.ar\/wp-content\/uploads\/2021\/01\/IMG_20210109_114208973-750x563.jpg 750w, https:\/\/www.celttv.com.ar\/wp-content\/uploads\/2021\/01\/IMG_20210109_114208973-1140x855.jpg 1140w\" sizes=\"auto, (max-width: 2458px) 100vw, 2458px\" \/><\/a> <a href=\"http:\/\/www.celttv.com.ar\/?attachment_id=54769\" rel=\"attachment wp-att-54769\"><img loading=\"lazy\" decoding=\"async\" class=\"alignleft size-medium wp-image-54769\" src=\"http:\/\/www.celttv.com.ar\/wp-content\/uploads\/2021\/01\/IMG_20210109_114212399.jpg\" alt=\"\" width=\"780\" height=\"396\" \/><\/a> <a href=\"http:\/\/www.celttv.com.ar\/?attachment_id=54770\" rel=\"attachment wp-att-54770\"><img loading=\"lazy\" decoding=\"async\" class=\"alignleft size-medium wp-image-54770\" src=\"http:\/\/www.celttv.com.ar\/wp-content\/uploads\/2021\/01\/IMG_20210109_114215585.jpg\" alt=\"\" width=\"780\" height=\"419\" \/><\/a> <a href=\"http:\/\/www.celttv.com.ar\/?attachment_id=54771\" rel=\"attachment wp-att-54771\"><img loading=\"lazy\" decoding=\"async\" class=\"alignleft size-medium wp-image-54771\" src=\"http:\/\/www.celttv.com.ar\/wp-content\/uploads\/2021\/01\/IMG_20210109_114312928.jpg\" alt=\"\" width=\"780\" height=\"585\" srcset=\"https:\/\/www.celttv.com.ar\/wp-content\/uploads\/2021\/01\/IMG_20210109_114312928.jpg 2048w, https:\/\/www.celttv.com.ar\/wp-content\/uploads\/2021\/01\/IMG_20210109_114312928-300x225.jpg 300w, https:\/\/www.celttv.com.ar\/wp-content\/uploads\/2021\/01\/IMG_20210109_114312928-1024x768.jpg 1024w, https:\/\/www.celttv.com.ar\/wp-content\/uploads\/2021\/01\/IMG_20210109_114312928-768x576.jpg 768w, https:\/\/www.celttv.com.ar\/wp-content\/uploads\/2021\/01\/IMG_20210109_114312928-1536x1152.jpg 1536w, https:\/\/www.celttv.com.ar\/wp-content\/uploads\/2021\/01\/IMG_20210109_114312928-750x563.jpg 750w, https:\/\/www.celttv.com.ar\/wp-content\/uploads\/2021\/01\/IMG_20210109_114312928-1140x855.jpg 1140w\" sizes=\"auto, (max-width: 780px) 100vw, 780px\" \/><\/a> <a href=\"http:\/\/www.celttv.com.ar\/?attachment_id=54772\" rel=\"attachment wp-att-54772\"><img loading=\"lazy\" decoding=\"async\" class=\"alignleft size-medium wp-image-54772\" src=\"http:\/\/www.celttv.com.ar\/wp-content\/uploads\/2021\/01\/IMG_20210109_114334159.jpg\" alt=\"\" width=\"780\" height=\"448\" \/><\/a> <a href=\"http:\/\/www.celttv.com.ar\/?attachment_id=54773\" rel=\"attachment wp-att-54773\"><img loading=\"lazy\" decoding=\"async\" class=\"alignleft size-medium wp-image-54773\" src=\"http:\/\/www.celttv.com.ar\/wp-content\/uploads\/2021\/01\/IMG_20210109_114355201.jpg\" alt=\"\" width=\"780\" height=\"504\" \/><\/a> <a href=\"http:\/\/www.celttv.com.ar\/?attachment_id=54774\" rel=\"attachment wp-att-54774\"><img loading=\"lazy\" decoding=\"async\" class=\"alignleft size-medium wp-image-54774\" src=\"http:\/\/www.celttv.com.ar\/wp-content\/uploads\/2021\/01\/IMG_20210109_114357993.jpg\" alt=\"\" width=\"780\" height=\"585\" srcset=\"https:\/\/www.celttv.com.ar\/wp-content\/uploads\/2021\/01\/IMG_20210109_114357993.jpg 2458w, https:\/\/www.celttv.com.ar\/wp-content\/uploads\/2021\/01\/IMG_20210109_114357993-300x225.jpg 300w, https:\/\/www.celttv.com.ar\/wp-content\/uploads\/2021\/01\/IMG_20210109_114357993-1024x768.jpg 1024w, https:\/\/www.celttv.com.ar\/wp-content\/uploads\/2021\/01\/IMG_20210109_114357993-768x576.jpg 768w, https:\/\/www.celttv.com.ar\/wp-content\/uploads\/2021\/01\/IMG_20210109_114357993-1536x1152.jpg 1536w, https:\/\/www.celttv.com.ar\/wp-content\/uploads\/2021\/01\/IMG_20210109_114357993-2048x1536.jpg 2048w, https:\/\/www.celttv.com.ar\/wp-content\/uploads\/2021\/01\/IMG_20210109_114357993-750x563.jpg 750w, https:\/\/www.celttv.com.ar\/wp-content\/uploads\/2021\/01\/IMG_20210109_114357993-1140x855.jpg 1140w\" sizes=\"auto, (max-width: 780px) 100vw, 780px\" \/><\/a> <a href=\"http:\/\/www.celttv.com.ar\/?attachment_id=54775\" rel=\"attachment wp-att-54775\"><img loading=\"lazy\" decoding=\"async\" class=\"alignleft size-medium wp-image-54775\" src=\"http:\/\/www.celttv.com.ar\/wp-content\/uploads\/2021\/01\/IMG_20210109_114532616.jpg\" alt=\"\" width=\"780\" height=\"585\" srcset=\"https:\/\/www.celttv.com.ar\/wp-content\/uploads\/2021\/01\/IMG_20210109_114532616.jpg 2048w, https:\/\/www.celttv.com.ar\/wp-content\/uploads\/2021\/01\/IMG_20210109_114532616-300x225.jpg 300w, https:\/\/www.celttv.com.ar\/wp-content\/uploads\/2021\/01\/IMG_20210109_114532616-1024x768.jpg 1024w, https:\/\/www.celttv.com.ar\/wp-content\/uploads\/2021\/01\/IMG_20210109_114532616-768x576.jpg 768w, https:\/\/www.celttv.com.ar\/wp-content\/uploads\/2021\/01\/IMG_20210109_114532616-1536x1152.jpg 1536w, https:\/\/www.celttv.com.ar\/wp-content\/uploads\/2021\/01\/IMG_20210109_114532616-750x563.jpg 750w, https:\/\/www.celttv.com.ar\/wp-content\/uploads\/2021\/01\/IMG_20210109_114532616-1140x855.jpg 1140w\" sizes=\"auto, (max-width: 780px) 100vw, 780px\" \/><\/a> <a href=\"http:\/\/www.celttv.com.ar\/?attachment_id=54776\" rel=\"attachment wp-att-54776\"><img loading=\"lazy\" decoding=\"async\" class=\"alignleft size-medium wp-image-54776\" src=\"http:\/\/www.celttv.com.ar\/wp-content\/uploads\/2021\/01\/IMG_20210109_114709962.jpg\" alt=\"\" width=\"780\" height=\"585\" srcset=\"https:\/\/www.celttv.com.ar\/wp-content\/uploads\/2021\/01\/IMG_20210109_114709962.jpg 2048w, https:\/\/www.celttv.com.ar\/wp-content\/uploads\/2021\/01\/IMG_20210109_114709962-300x225.jpg 300w, https:\/\/www.celttv.com.ar\/wp-content\/uploads\/2021\/01\/IMG_20210109_114709962-1024x768.jpg 1024w, https:\/\/www.celttv.com.ar\/wp-content\/uploads\/2021\/01\/IMG_20210109_114709962-768x576.jpg 768w, https:\/\/www.celttv.com.ar\/wp-content\/uploads\/2021\/01\/IMG_20210109_114709962-1536x1152.jpg 1536w, https:\/\/www.celttv.com.ar\/wp-content\/uploads\/2021\/01\/IMG_20210109_114709962-750x563.jpg 750w, https:\/\/www.celttv.com.ar\/wp-content\/uploads\/2021\/01\/IMG_20210109_114709962-1140x855.jpg 1140w\" sizes=\"auto, (max-width: 780px) 100vw, 780px\" \/><\/a> <a href=\"http:\/\/www.celttv.com.ar\/?attachment_id=54777\" rel=\"attachment wp-att-54777\"><img loading=\"lazy\" decoding=\"async\" class=\"alignleft size-medium wp-image-54777\" src=\"http:\/\/www.celttv.com.ar\/wp-content\/uploads\/2021\/01\/IMG_20210109_114712904.jpg\" alt=\"\" width=\"780\" height=\"585\" srcset=\"https:\/\/www.celttv.com.ar\/wp-content\/uploads\/2021\/01\/IMG_20210109_114712904.jpg 2048w, https:\/\/www.celttv.com.ar\/wp-content\/uploads\/2021\/01\/IMG_20210109_114712904-300x225.jpg 300w, https:\/\/www.celttv.com.ar\/wp-content\/uploads\/2021\/01\/IMG_20210109_114712904-1024x768.jpg 1024w, https:\/\/www.celttv.com.ar\/wp-content\/uploads\/2021\/01\/IMG_20210109_114712904-768x576.jpg 768w, https:\/\/www.celttv.com.ar\/wp-content\/uploads\/2021\/01\/IMG_20210109_114712904-1536x1152.jpg 1536w, https:\/\/www.celttv.com.ar\/wp-content\/uploads\/2021\/01\/IMG_20210109_114712904-750x563.jpg 750w, https:\/\/www.celttv.com.ar\/wp-content\/uploads\/2021\/01\/IMG_20210109_114712904-1140x855.jpg 1140w\" sizes=\"auto, (max-width: 780px) 100vw, 780px\" \/><\/a> <a href=\"http:\/\/www.celttv.com.ar\/?attachment_id=54778\" rel=\"attachment wp-att-54778\"><img loading=\"lazy\" decoding=\"async\" class=\"alignleft size-medium wp-image-54778\" src=\"http:\/\/www.celttv.com.ar\/wp-content\/uploads\/2021\/01\/IMG_20210109_114751428.jpg\" alt=\"\" width=\"780\" height=\"585\" srcset=\"https:\/\/www.celttv.com.ar\/wp-content\/uploads\/2021\/01\/IMG_20210109_114751428.jpg 2048w, https:\/\/www.celttv.com.ar\/wp-content\/uploads\/2021\/01\/IMG_20210109_114751428-300x225.jpg 300w, https:\/\/www.celttv.com.ar\/wp-content\/uploads\/2021\/01\/IMG_20210109_114751428-1024x768.jpg 1024w, https:\/\/www.celttv.com.ar\/wp-content\/uploads\/2021\/01\/IMG_20210109_114751428-768x576.jpg 768w, https:\/\/www.celttv.com.ar\/wp-content\/uploads\/2021\/01\/IMG_20210109_114751428-1536x1152.jpg 1536w, https:\/\/www.celttv.com.ar\/wp-content\/uploads\/2021\/01\/IMG_20210109_114751428-750x563.jpg 750w, https:\/\/www.celttv.com.ar\/wp-content\/uploads\/2021\/01\/IMG_20210109_114751428-1140x855.jpg 1140w\" sizes=\"auto, (max-width: 780px) 100vw, 780px\" \/><\/a> <a href=\"http:\/\/www.celttv.com.ar\/?attachment_id=54779\" rel=\"attachment wp-att-54779\"><img loading=\"lazy\" decoding=\"async\" class=\"alignleft size-medium wp-image-54779\" src=\"http:\/\/www.celttv.com.ar\/wp-content\/uploads\/2021\/01\/IMG_20210109_114907329.jpg\" alt=\"\" width=\"780\" height=\"421\" \/><\/a> <a href=\"http:\/\/www.celttv.com.ar\/?attachment_id=54780\" rel=\"attachment wp-att-54780\"><img loading=\"lazy\" decoding=\"async\" class=\"alignleft size-medium wp-image-54780\" src=\"http:\/\/www.celttv.com.ar\/wp-content\/uploads\/2021\/01\/IMG_20210109_114911695.jpg\" alt=\"\" width=\"780\" height=\"508\" \/><\/a> <a href=\"http:\/\/www.celttv.com.ar\/?attachment_id=54781\" rel=\"attachment wp-att-54781\"><img loading=\"lazy\" decoding=\"async\" class=\"alignleft size-medium wp-image-54781\" src=\"http:\/\/www.celttv.com.ar\/wp-content\/uploads\/2021\/01\/IMG_20210109_115230040.jpg\" alt=\"\" width=\"780\" height=\"585\" srcset=\"https:\/\/www.celttv.com.ar\/wp-content\/uploads\/2021\/01\/IMG_20210109_115230040.jpg 2048w, https:\/\/www.celttv.com.ar\/wp-content\/uploads\/2021\/01\/IMG_20210109_115230040-300x225.jpg 300w, https:\/\/www.celttv.com.ar\/wp-content\/uploads\/2021\/01\/IMG_20210109_115230040-1024x768.jpg 1024w, https:\/\/www.celttv.com.ar\/wp-content\/uploads\/2021\/01\/IMG_20210109_115230040-768x576.jpg 768w, https:\/\/www.celttv.com.ar\/wp-content\/uploads\/2021\/01\/IMG_20210109_115230040-1536x1152.jpg 1536w, https:\/\/www.celttv.com.ar\/wp-content\/uploads\/2021\/01\/IMG_20210109_115230040-750x563.jpg 750w, https:\/\/www.celttv.com.ar\/wp-content\/uploads\/2021\/01\/IMG_20210109_115230040-1140x855.jpg 1140w\" sizes=\"auto, (max-width: 780px) 100vw, 780px\" \/><\/a> <a href=\"http:\/\/www.celttv.com.ar\/?attachment_id=54782\" rel=\"attachment wp-att-54782\"><img loading=\"lazy\" decoding=\"async\" class=\"alignleft size-medium wp-image-54782\" src=\"http:\/\/www.celttv.com.ar\/wp-content\/uploads\/2021\/01\/IMG_20210109_115231843.jpg\" alt=\"\" width=\"780\" height=\"407\" \/><\/a><\/p>\n","protected":false},"excerpt":{"rendered":"<p>Una jornada a pleno hockey es la que se vive en la cancha de c\u00e9sped sint\u00e9tico del Club Uni\u00f3n, con la realizaci\u00f3n del &#8220;Seven Mixto&#8221;, el cual cuenta con la participaci\u00f3n de equipos del distrito de Tornquist y la regi\u00f3n. Confirmaron su presencia nueve equipos, los cuales fueron divididos en dos zonas. La actividad comenz\u00f3 [&hellip;]<\/p>\n","protected":false},"author":1,"featured_media":54778,"comment_status":"closed","ping_status":"open","sticky":false,"template":"","format":"standard","meta":{"footnotes":""},"categories":[55,60,62,52,63],"tags":[],"class_list":["post-54767","post","type-post","status-publish","format-standard","has-post-thumbnail","hentry","category-celt-tv-noticias","category-deporte","category-deportes","category-destacadas","category-magazine-sport"],"yoast_head":"<!-- This site is optimized with the Yoast SEO plugin v19.7.1 - https:\/\/yoast.com\/wordpress\/plugins\/seo\/ -->\n<title>El &quot;Seven de Hockey Mixto&quot; se vive a pleno en el Club Uni\u00f3n - CELTTV<\/title>\n<meta name=\"description\" content=\"Sitio web de noticias de la localidad de Tornquist, provincia de Buenos Aires, Rep\u00fablica Argentina. Contenido propio originado por periodistas de CELTTV, el canal de TV local de la Cooperativa El\u00e9ctrica de Tornquist. Turismo, Pol\u00edtica, Sociedad, Deporte, Cultura y todo el contenido de inter\u00e9s general que la gente del pueblo y la regi\u00f3n debe conocer.\" \/>\n<meta name=\"robots\" content=\"index, follow, max-snippet:-1, max-image-preview:large, max-video-preview:-1\" \/>\n<link rel=\"canonical\" href=\"https:\/\/www.celttv.com.ar\/index.php\/2021\/01\/09\/el-seven-de-hockey-mixto-se-vive-a-pleno-en-el-club-union\/\" \/>\n<meta property=\"og:locale\" content=\"es_ES\" \/>\n<meta property=\"og:type\" content=\"article\" \/>\n<meta property=\"og:title\" content=\"El &quot;Seven de Hockey Mixto&quot; se vive a pleno en el Club Uni\u00f3n - CELTTV\" \/>\n<meta property=\"og:description\" content=\"Sitio web de noticias de la localidad de Tornquist, provincia de Buenos Aires, Rep\u00fablica Argentina. Contenido propio originado por periodistas de CELTTV, el canal de TV local de la Cooperativa El\u00e9ctrica de Tornquist. Turismo, Pol\u00edtica, Sociedad, Deporte, Cultura y todo el contenido de inter\u00e9s general que la gente del pueblo y la regi\u00f3n debe conocer.\" \/>\n<meta property=\"og:url\" content=\"https:\/\/www.celttv.com.ar\/index.php\/2021\/01\/09\/el-seven-de-hockey-mixto-se-vive-a-pleno-en-el-club-union\/\" \/>\n<meta property=\"og:site_name\" content=\"CELTTV\" \/>\n<meta property=\"article:publisher\" content=\"https:\/\/www.facebook.com\/celtTV\/\" \/>\n<meta property=\"article:published_time\" content=\"2021-01-09T16:39:23+00:00\" \/>\n<meta property=\"og:image\" content=\"https:\/\/www.celttv.com.ar\/wp-content\/uploads\/2021\/01\/IMG_20210109_114751428.jpg\" \/>\n\t<meta property=\"og:image:width\" content=\"2048\" \/>\n\t<meta property=\"og:image:height\" content=\"1536\" \/>\n\t<meta property=\"og:image:type\" content=\"image\/jpeg\" \/>\n<meta name=\"author\" content=\"ulises\" \/>\n<meta name=\"twitter:card\" content=\"summary_large_image\" \/>\n<meta name=\"twitter:label1\" content=\"Escrito por\" \/>\n\t<meta name=\"twitter:data1\" content=\"ulises\" \/>\n\t<meta name=\"twitter:label2\" content=\"Tiempo de lectura\" \/>\n\t<meta name=\"twitter:data2\" content=\"1 minuto\" \/>\n<script type=\"application\/ld+json\" class=\"yoast-schema-graph\">{\"@context\":\"https:\/\/schema.org\",\"@graph\":[{\"@type\":\"NewsArticle\",\"@id\":\"https:\/\/www.celttv.com.ar\/index.php\/2021\/01\/09\/el-seven-de-hockey-mixto-se-vive-a-pleno-en-el-club-union\/#article\",\"isPartOf\":{\"@id\":\"https:\/\/www.celttv.com.ar\/index.php\/2021\/01\/09\/el-seven-de-hockey-mixto-se-vive-a-pleno-en-el-club-union\/\"},\"author\":{\"name\":\"ulises\",\"@id\":\"https:\/\/www.celttv.com.ar\/#\/schema\/person\/6d99c072dba59953809c81446e9d0ace\"},\"headline\":\"El &#8220;Seven de Hockey Mixto&#8221; se vive a pleno en el Club Uni\u00f3n\",\"datePublished\":\"2021-01-09T16:39:23+00:00\",\"dateModified\":\"2021-01-09T16:39:23+00:00\",\"mainEntityOfPage\":{\"@id\":\"https:\/\/www.celttv.com.ar\/index.php\/2021\/01\/09\/el-seven-de-hockey-mixto-se-vive-a-pleno-en-el-club-union\/\"},\"wordCount\":153,\"publisher\":{\"@id\":\"https:\/\/www.celttv.com.ar\/#organization\"},\"articleSection\":[\"Celt TV Noticias\",\"Deporte\",\"Deportes\",\"Destacadas\",\"Magazine Sport\"],\"inLanguage\":\"es\"},{\"@type\":\"WebPage\",\"@id\":\"https:\/\/www.celttv.com.ar\/index.php\/2021\/01\/09\/el-seven-de-hockey-mixto-se-vive-a-pleno-en-el-club-union\/\",\"url\":\"https:\/\/www.celttv.com.ar\/index.php\/2021\/01\/09\/el-seven-de-hockey-mixto-se-vive-a-pleno-en-el-club-union\/\",\"name\":\"El \\\"Seven de Hockey Mixto\\\" se vive a pleno en el Club Uni\u00f3n - CELTTV\",\"isPartOf\":{\"@id\":\"https:\/\/www.celttv.com.ar\/#website\"},\"datePublished\":\"2021-01-09T16:39:23+00:00\",\"dateModified\":\"2021-01-09T16:39:23+00:00\",\"description\":\"Sitio web de noticias de la localidad de Tornquist, provincia de Buenos Aires, Rep\u00fablica Argentina. Contenido propio originado por periodistas de CELTTV, el canal de TV local de la Cooperativa El\u00e9ctrica de Tornquist. Turismo, Pol\u00edtica, Sociedad, Deporte, Cultura y todo el contenido de inter\u00e9s general que la gente del pueblo y la regi\u00f3n debe conocer.\",\"breadcrumb\":{\"@id\":\"https:\/\/www.celttv.com.ar\/index.php\/2021\/01\/09\/el-seven-de-hockey-mixto-se-vive-a-pleno-en-el-club-union\/#breadcrumb\"},\"inLanguage\":\"es\",\"potentialAction\":[{\"@type\":\"ReadAction\",\"target\":[\"https:\/\/www.celttv.com.ar\/index.php\/2021\/01\/09\/el-seven-de-hockey-mixto-se-vive-a-pleno-en-el-club-union\/\"]}]},{\"@type\":\"BreadcrumbList\",\"@id\":\"https:\/\/www.celttv.com.ar\/index.php\/2021\/01\/09\/el-seven-de-hockey-mixto-se-vive-a-pleno-en-el-club-union\/#breadcrumb\",\"itemListElement\":[{\"@type\":\"ListItem\",\"position\":1,\"name\":\"Inicio\",\"item\":\"https:\/\/www.celttv.com.ar\/\"},{\"@type\":\"ListItem\",\"position\":2,\"name\":\"El &#8220;Seven de Hockey Mixto&#8221; se vive a pleno en el Club Uni\u00f3n\"}]},{\"@type\":\"WebSite\",\"@id\":\"https:\/\/www.celttv.com.ar\/#website\",\"url\":\"https:\/\/www.celttv.com.ar\/\",\"name\":\"CELTTV\",\"description\":\"Cooperativa El\u00e9ctrica de Tornquist\",\"publisher\":{\"@id\":\"https:\/\/www.celttv.com.ar\/#organization\"},\"potentialAction\":[{\"@type\":\"SearchAction\",\"target\":{\"@type\":\"EntryPoint\",\"urlTemplate\":\"https:\/\/www.celttv.com.ar\/?s={search_term_string}\"},\"query-input\":\"required name=search_term_string\"}],\"inLanguage\":\"es\"},{\"@type\":\"Organization\",\"@id\":\"https:\/\/www.celttv.com.ar\/#organization\",\"name\":\"CELTTV\",\"url\":\"https:\/\/www.celttv.com.ar\/\",\"sameAs\":[\"https:\/\/www.youtube.com\/channel\/UCz_oIt8Hig64Ub-EmcNPIhg\",\"https:\/\/www.facebook.com\/celtTV\/\"],\"logo\":{\"@type\":\"ImageObject\",\"inLanguage\":\"es\",\"@id\":\"https:\/\/www.celttv.com.ar\/#\/schema\/logo\/image\/\",\"url\":\"http:\/\/www.celttv.com.ar\/wp-content\/uploads\/2022\/08\/logo-1.png\",\"contentUrl\":\"http:\/\/www.celttv.com.ar\/wp-content\/uploads\/2022\/08\/logo-1.png\",\"width\":461,\"height\":159,\"caption\":\"CELTTV\"},\"image\":{\"@id\":\"https:\/\/www.celttv.com.ar\/#\/schema\/logo\/image\/\"}},{\"@type\":\"Person\",\"@id\":\"https:\/\/www.celttv.com.ar\/#\/schema\/person\/6d99c072dba59953809c81446e9d0ace\",\"name\":\"ulises\",\"image\":{\"@type\":\"ImageObject\",\"inLanguage\":\"es\",\"@id\":\"https:\/\/www.celttv.com.ar\/#\/schema\/person\/image\/\",\"url\":\"https:\/\/secure.gravatar.com\/avatar\/7f2c48bdc33b30088f941fb6082e555f2874c98e20cb159d7b92b50eadfce793?s=96&d=mm&r=g\",\"contentUrl\":\"https:\/\/secure.gravatar.com\/avatar\/7f2c48bdc33b30088f941fb6082e555f2874c98e20cb159d7b92b50eadfce793?s=96&d=mm&r=g\",\"caption\":\"ulises\"},\"sameAs\":[\"http:\/\/www.celttv.com.ar\"]}]}<\/script>\n<!-- \/ Yoast SEO plugin. -->","yoast_head_json":{"title":"El \"Seven de Hockey Mixto\" se vive a pleno en el Club Uni\u00f3n - CELTTV","description":"Sitio web de noticias de la localidad de Tornquist, provincia de Buenos Aires, Rep\u00fablica Argentina. Contenido propio originado por periodistas de CELTTV, el canal de TV local de la Cooperativa El\u00e9ctrica de Tornquist. Turismo, Pol\u00edtica, Sociedad, Deporte, Cultura y todo el contenido de inter\u00e9s general que la gente del pueblo y la regi\u00f3n debe conocer.","robots":{"index":"index","follow":"follow","max-snippet":"max-snippet:-1","max-image-preview":"max-image-preview:large","max-video-preview":"max-video-preview:-1"},"canonical":"https:\/\/www.celttv.com.ar\/index.php\/2021\/01\/09\/el-seven-de-hockey-mixto-se-vive-a-pleno-en-el-club-union\/","og_locale":"es_ES","og_type":"article","og_title":"El \"Seven de Hockey Mixto\" se vive a pleno en el Club Uni\u00f3n - CELTTV","og_description":"Sitio web de noticias de la localidad de Tornquist, provincia de Buenos Aires, Rep\u00fablica Argentina. Contenido propio originado por periodistas de CELTTV, el canal de TV local de la Cooperativa El\u00e9ctrica de Tornquist. Turismo, Pol\u00edtica, Sociedad, Deporte, Cultura y todo el contenido de inter\u00e9s general que la gente del pueblo y la regi\u00f3n debe conocer.","og_url":"https:\/\/www.celttv.com.ar\/index.php\/2021\/01\/09\/el-seven-de-hockey-mixto-se-vive-a-pleno-en-el-club-union\/","og_site_name":"CELTTV","article_publisher":"https:\/\/www.facebook.com\/celtTV\/","article_published_time":"2021-01-09T16:39:23+00:00","og_image":[{"width":2048,"height":1536,"url":"https:\/\/www.celttv.com.ar\/wp-content\/uploads\/2021\/01\/IMG_20210109_114751428.jpg","type":"image\/jpeg"}],"author":"ulises","twitter_card":"summary_large_image","twitter_misc":{"Escrito por":"ulises","Tiempo de lectura":"1 minuto"},"schema":{"@context":"https:\/\/schema.org","@graph":[{"@type":"NewsArticle","@id":"https:\/\/www.celttv.com.ar\/index.php\/2021\/01\/09\/el-seven-de-hockey-mixto-se-vive-a-pleno-en-el-club-union\/#article","isPartOf":{"@id":"https:\/\/www.celttv.com.ar\/index.php\/2021\/01\/09\/el-seven-de-hockey-mixto-se-vive-a-pleno-en-el-club-union\/"},"author":{"name":"ulises","@id":"https:\/\/www.celttv.com.ar\/#\/schema\/person\/6d99c072dba59953809c81446e9d0ace"},"headline":"El &#8220;Seven de Hockey Mixto&#8221; se vive a pleno en el Club Uni\u00f3n","datePublished":"2021-01-09T16:39:23+00:00","dateModified":"2021-01-09T16:39:23+00:00","mainEntityOfPage":{"@id":"https:\/\/www.celttv.com.ar\/index.php\/2021\/01\/09\/el-seven-de-hockey-mixto-se-vive-a-pleno-en-el-club-union\/"},"wordCount":153,"publisher":{"@id":"https:\/\/www.celttv.com.ar\/#organization"},"articleSection":["Celt TV Noticias","Deporte","Deportes","Destacadas","Magazine Sport"],"inLanguage":"es"},{"@type":"WebPage","@id":"https:\/\/www.celttv.com.ar\/index.php\/2021\/01\/09\/el-seven-de-hockey-mixto-se-vive-a-pleno-en-el-club-union\/","url":"https:\/\/www.celttv.com.ar\/index.php\/2021\/01\/09\/el-seven-de-hockey-mixto-se-vive-a-pleno-en-el-club-union\/","name":"El \"Seven de Hockey Mixto\" se vive a pleno en el Club Uni\u00f3n - CELTTV","isPartOf":{"@id":"https:\/\/www.celttv.com.ar\/#website"},"datePublished":"2021-01-09T16:39:23+00:00","dateModified":"2021-01-09T16:39:23+00:00","description":"Sitio web de noticias de la localidad de Tornquist, provincia de Buenos Aires, Rep\u00fablica Argentina. Contenido propio originado por periodistas de CELTTV, el canal de TV local de la Cooperativa El\u00e9ctrica de Tornquist. Turismo, Pol\u00edtica, Sociedad, Deporte, Cultura y todo el contenido de inter\u00e9s general que la gente del pueblo y la regi\u00f3n debe conocer.","breadcrumb":{"@id":"https:\/\/www.celttv.com.ar\/index.php\/2021\/01\/09\/el-seven-de-hockey-mixto-se-vive-a-pleno-en-el-club-union\/#breadcrumb"},"inLanguage":"es","potentialAction":[{"@type":"ReadAction","target":["https:\/\/www.celttv.com.ar\/index.php\/2021\/01\/09\/el-seven-de-hockey-mixto-se-vive-a-pleno-en-el-club-union\/"]}]},{"@type":"BreadcrumbList","@id":"https:\/\/www.celttv.com.ar\/index.php\/2021\/01\/09\/el-seven-de-hockey-mixto-se-vive-a-pleno-en-el-club-union\/#breadcrumb","itemListElement":[{"@type":"ListItem","position":1,"name":"Inicio","item":"https:\/\/www.celttv.com.ar\/"},{"@type":"ListItem","position":2,"name":"El &#8220;Seven de Hockey Mixto&#8221; se vive a pleno en el Club Uni\u00f3n"}]},{"@type":"WebSite","@id":"https:\/\/www.celttv.com.ar\/#website","url":"https:\/\/www.celttv.com.ar\/","name":"CELTTV","description":"Cooperativa El\u00e9ctrica de Tornquist","publisher":{"@id":"https:\/\/www.celttv.com.ar\/#organization"},"potentialAction":[{"@type":"SearchAction","target":{"@type":"EntryPoint","urlTemplate":"https:\/\/www.celttv.com.ar\/?s={search_term_string}"},"query-input":"required name=search_term_string"}],"inLanguage":"es"},{"@type":"Organization","@id":"https:\/\/www.celttv.com.ar\/#organization","name":"CELTTV","url":"https:\/\/www.celttv.com.ar\/","sameAs":["https:\/\/www.youtube.com\/channel\/UCz_oIt8Hig64Ub-EmcNPIhg","https:\/\/www.facebook.com\/celtTV\/"],"logo":{"@type":"ImageObject","inLanguage":"es","@id":"https:\/\/www.celttv.com.ar\/#\/schema\/logo\/image\/","url":"http:\/\/www.celttv.com.ar\/wp-content\/uploads\/2022\/08\/logo-1.png","contentUrl":"http:\/\/www.celttv.com.ar\/wp-content\/uploads\/2022\/08\/logo-1.png","width":461,"height":159,"caption":"CELTTV"},"image":{"@id":"https:\/\/www.celttv.com.ar\/#\/schema\/logo\/image\/"}},{"@type":"Person","@id":"https:\/\/www.celttv.com.ar\/#\/schema\/person\/6d99c072dba59953809c81446e9d0ace","name":"ulises","image":{"@type":"ImageObject","inLanguage":"es","@id":"https:\/\/www.celttv.com.ar\/#\/schema\/person\/image\/","url":"https:\/\/secure.gravatar.com\/avatar\/7f2c48bdc33b30088f941fb6082e555f2874c98e20cb159d7b92b50eadfce793?s=96&d=mm&r=g","contentUrl":"https:\/\/secure.gravatar.com\/avatar\/7f2c48bdc33b30088f941fb6082e555f2874c98e20cb159d7b92b50eadfce793?s=96&d=mm&r=g","caption":"ulises"},"sameAs":["http:\/\/www.celttv.com.ar"]}]}},"_links":{"self":[{"href":"https:\/\/www.celttv.com.ar\/index.php\/wp-json\/wp\/v2\/posts\/54767","targetHints":{"allow":["GET"]}}],"collection":[{"href":"https:\/\/www.celttv.com.ar\/index.php\/wp-json\/wp\/v2\/posts"}],"about":[{"href":"https:\/\/www.celttv.com.ar\/index.php\/wp-json\/wp\/v2\/types\/post"}],"author":[{"embeddable":true,"href":"https:\/\/www.celttv.com.ar\/index.php\/wp-json\/wp\/v2\/users\/1"}],"replies":[{"embeddable":true,"href":"https:\/\/www.celttv.com.ar\/index.php\/wp-json\/wp\/v2\/comments?post=54767"}],"version-history":[{"count":0,"href":"https:\/\/www.celttv.com.ar\/index.php\/wp-json\/wp\/v2\/posts\/54767\/revisions"}],"wp:featuredmedia":[{"embeddable":true,"href":"https:\/\/www.celttv.com.ar\/index.php\/wp-json\/wp\/v2\/media\/54778"}],"wp:attachment":[{"href":"https:\/\/www.celttv.com.ar\/index.php\/wp-json\/wp\/v2\/media?parent=54767"}],"wp:term":[{"taxonomy":"category","embeddable":true,"href":"https:\/\/www.celttv.com.ar\/index.php\/wp-json\/wp\/v2\/categories?post=54767"},{"taxonomy":"post_tag","embeddable":true,"href":"https:\/\/www.celttv.com.ar\/index.php\/wp-json\/wp\/v2\/tags?post=54767"}],"curies":[{"name":"wp","href":"https:\/\/api.w.org\/{rel}","templated":true}]}}