{"id":5477,"date":"2012-03-17T17:55:34","date_gmt":"2012-03-17T17:55:34","guid":{"rendered":"http:\/\/www.tvcnoticias.com.ar\/?p=5477"},"modified":"2012-03-17T17:55:34","modified_gmt":"2012-03-17T17:55:34","slug":"atentado-contra-la-libertad-de-prensa-autoridades-municipales-de-puan-censuran-a-un-periodico","status":"publish","type":"post","link":"https:\/\/www.celttv.com.ar\/index.php\/2012\/03\/17\/atentado-contra-la-libertad-de-prensa-autoridades-municipales-de-puan-censuran-a-un-periodico\/","title":{"rendered":"ATENTADO CONTRA LA LIBERTAD DE PRENSA: AUTORIDADES MUNICIPALES DE PUAN CENSURAN A UN PERIODICO"},"content":{"rendered":"<p><strong><img loading=\"lazy\" decoding=\"async\" class=\"aligncenter size-full wp-image-5479\" title=\"CENSURA (Medium) copia\" src=\"http:\/\/www.tvcnoticias.com.ar\/wp-content\/uploads\/2012\/03\/CENSURA-Medium-copia.jpg\" alt=\"\" width=\"594\" height=\"600\" \/><\/strong><br \/>\n<strong>El Ejecutivo Municipal puanense que encabeza el Intendente Facundo Castelli, ha cometido un hecho de censura inadmiisible, puesto que en esa comuna se le ha prohibido a la periodista NANCY MARCHI, del SEMANARIO PERFILES de Puan &#8220;acercarse a ning\u00fan funcionario municipal&#8221;. Desde el \u00e1rea de prensa comunal, se le indic\u00f3 a la trabajadora de prensa que el motivo de tama\u00f1a irracionalidad, se debe a que la gesti\u00f3n municipal puanense &#8220;no comparte la l\u00ednea editorial de su peri\u00f3dico&#8221;. Esto es, que el Intendente y su gabinete no est\u00e1n de acuerdo con lo que ha opinado Marchi en la editorial de su peri\u00f3dico.<\/strong><br \/>\n<strong>Se trata, de un acto que limita la libertad de prensa, que atenta contra el derecho a la informaci\u00f3n p\u00fablica y es en suma UN INTOLERABLE ACTO DE CENSURA A LA PRENSA LIBRE. Desde aqu\u00ed nos solidarizamos con la colega Nancy Marchi y los compa\u00f1eros del semanario PERFILES DE PUAN, condenando lo actuado por las autoridades municipales puanenses, e inst\u00e1ndolos a reflexionar y deponer su autoritaria actitud.<\/strong><br \/>\n<strong>Reproducimos a continuaci\u00f3n la editorial, en la Nancy Marchi cuenta lo sucedido:<\/strong><br \/>\nEl t\u00edtulo de este editorial, &#8220;Qu\u00e9 tristeza&#8221;, se debe a que el d\u00eda viernes llame al Municipio y habl\u00e9 con el encargado de prensa, el periodista Carlos Morelli, como lo hago habitualmente para ver si alg\u00fan \u00e1rea est\u00e1 haciendo algo interesante para poder trasmit\u00edrselos a ustedes, nuestros lectores. Morelli me dijo que lamentaba decirme que yo ya no pod\u00eda hacer notas con ning\u00fan funcionario -o sea la historia se repite- porque el Ejecutivo Municipal estaba ofendido por mi l\u00ednea editorial.<br \/>\nYo pens\u00e9 sinceramente que era una broma, no reaccion\u00e9 en el momento, porque no saben qu\u00e9 dif\u00edcil que es aceptar este tipo de cuestionamientos. Volv\u00ed a llamar y le dije: &#8220;vos sos periodista, sab\u00e9s que no se puede hacer una cosa as\u00ed&#8221;; a lo que me contesto: &#8220;ellos -por los funcionarios de la administraci\u00f3n comunaltienen derecho a sentirse molestos&#8221;.<br \/>\nYo sab\u00eda que esto iba a pasar y lo supe desde las dos reuniones previas que tuvimos con el Intendente y la prensa. All\u00ed, Castelli dijo que no le gustaban las cr\u00edticas, que prefer\u00eda las sugerencias, sin darse cuenta que para eso tiene un mont\u00f3n de funcionarios que ocupan el 80% de la gente que va a un acto oficial, ellos tiene que<br \/>\ndarle las sugerencias, el periodismo es otra cosa muy diferente.<br \/>\nAdem\u00e1s, yo hago las editoriales, pero no les cierro la puerta. Pueden venir , llamar y decirme lo que dijiste no es correcto, siempre y cuando yo haya mentido, porque si es mi opini\u00f3n, la tienen que respetar. Me da tristeza que alguien que hace tres meses asumi\u00f3 como intendente, y dijo que era la nueva pol\u00edtica, tenga espacio en la Municipalidad para ideas superadoras como sumarse al kirchnerismo despu\u00e9s de compartir una gesti\u00f3n que los trat\u00f3 de indignos y al gobierno nacional sospechado de corrupci\u00f3n, no sea tan amplio en su ideas con respecto a la labor del periodismo.<br \/>\nLamento que no conozca los derechos que tenemos los medios de comunicaci\u00f3n; como por ejemplo el del libre acceso a la informaci\u00f3n p\u00fablica, derecho que es al mismo tiempo de ustedes, nuestros lectores; as\u00ed que sus abogados tendr\u00e1n que agarrar los libros y ponerse a estudiar, porque yo no pienso quedarme &#8220;Una prensa libre puede ser buena o mala, pero sin libertad, la prensa nunca ser\u00e1 otra cosa que mala&#8221; callada ante esta situaci\u00f3n. Dificultar la tarea period\u00edstica, dando \u00f3rdenes desde una administraci\u00f3n municipal de que no se atienda expresamente a un medio de comunicaci\u00f3n, es pr\u00e1cticamente lo mismo que cercenar el derecho a la libertad de prensa, consagrado en nuestra Constituci\u00f3n. Al mismo tiempo, no aceptar una l\u00ednea editorial, ya que no se trata en este caso que el semanario haya publicado informaci\u00f3n falseada o mentiras, implica directamente en no creer, y bastardear, uno de los cimientos de la democracia: QUE TODOS LOS CIUDADANOS TENEMOS DERECHO A EXPRESAR NUESTRA OPINI\u00d3N, SIN POR ELLO SER CENSURADOS NI<br \/>\nPERSEGUIDOS; y m\u00e1s cuando se trata de la cr\u00edtica de actos de gobierno.<br \/>\nQue el mensajero de esta barbaridad sea un periodista, ya no merece comentarios. Los funcionarios est\u00e1n en todo su derecho de sentirse molestos por una opini\u00f3n que no<br \/>\nlos beneficia, pero es algo con lo que deben convivir, en Puan, en Buenos Aires, y en cualquier lugar del mundo donde se viva bajo un sistema democr\u00e1tico. Que quede claro, en este semanario no se opin\u00f3 sobre cuestiones personales, ni particulares, ni que afecten el honor de las personas, ni su intimidad; s\u00f3lo sobre actos de gobierno que son de dominio p\u00fablico.<br \/>\nEl Municipio no es una empresa privada que elige con qui\u00e9n quiere hablar o no, es un organismo p\u00fablico, y el derecho a la informaci\u00f3n tambi\u00e9n es uno de los pilares de la democracia. Estar hablando de esto, a casi 30 a\u00f1os del regreso de la democracia a nuestro pa\u00eds, pareciera un chiste, y una falta de respeto a la memoria de todos aquellos que dejaron su vida en pos de estos valores, y de que hoy tengamos la posibilidad de vivir en libertad&#8230;<br \/>\nSiento tristeza que los Coordinadores de prensa desconozcan esto, o que hagan que no les importa. Y sobre todo, que esta administraci\u00f3n tan pronto muestre la<br \/>\ndebilidad que tiene ante la cr\u00edtica y el poco poder de defenderse. Hace m\u00e1s de un mes que ped\u00ed una nota, pero no querido hablar el Intendente con este medio. &#8220;Perfiles&#8221; ya ha pasado por estos hechos. El Secretario Privado del Intendente Castelli ha pasado por varios puestos, pero se lo conoce m\u00e1s por haber sido qui\u00e9n, con la complicidad que les da el poder, empapel\u00f3 el semanario y mi casa hace algunos a\u00f1os atr\u00e1s.<br \/>\nSi esta es la nueva dirigencia pol\u00edtica, que tiene costumbres arbitrarias propias de la dictadura, me da mucha verg\u00fcenza. Yo no puedo decir que recib\u00ed directamente<br \/>\nadvertencias, pero s\u00ed se percib\u00eda cierta incomodidad, un d\u00eda mientras le hac\u00eda un reportaje al intendente, \u00e9ste mencion\u00f3 que como a m\u00ed me felicitan por las editoriales,<br \/>\na \u00e9l le dec\u00edan que me saque la publicidad oficial. Los periodistas somos como la piedra en el zapato de quienes est\u00e1n del lado del poder, yo no pienso cambiar mi<br \/>\nl\u00ednea editorial para conformar los caprichos de nadie. Y creo que el distrito est\u00e1 en una situaci\u00f3n muy mala, como para reunirse para definir qu\u00e9 se hace con un medio<br \/>\nque no les gusta.<br \/>\nA mis lectores gracias y nos reencontramos el martes&#8221;<\/p>\n","protected":false},"excerpt":{"rendered":"<p>El Ejecutivo Municipal puanense que encabeza el Intendente Facundo Castelli, ha cometido un hecho de censura inadmiisible, puesto que en esa comuna se le ha prohibido a la periodista NANCY MARCHI, del SEMANARIO PERFILES de Puan &#8220;acercarse a ning\u00fan funcionario municipal&#8221;. Desde el \u00e1rea de prensa comunal, se le indic\u00f3 a la trabajadora de prensa [&hellip;]<\/p>\n","protected":false},"author":1,"featured_media":0,"comment_status":"closed","ping_status":"open","sticky":false,"template":"","format":"standard","meta":{"footnotes":""},"categories":[51,52,53],"tags":[],"class_list":["post-5477","post","type-post","status-publish","format-standard","hentry","category-comunidad","category-destacadas","category-politica"],"yoast_head":"<!-- This site is optimized with the Yoast SEO plugin v19.7.1 - https:\/\/yoast.com\/wordpress\/plugins\/seo\/ -->\n<title>ATENTADO CONTRA LA LIBERTAD DE PRENSA: AUTORIDADES MUNICIPALES DE PUAN CENSURAN A UN PERIODICO - CELTTV<\/title>\n<meta name=\"description\" content=\"Sitio web de noticias de la localidad de Tornquist, provincia de Buenos Aires, Rep\u00fablica Argentina. Contenido propio originado por periodistas de CELTTV, el canal de TV local de la Cooperativa El\u00e9ctrica de Tornquist. Turismo, Pol\u00edtica, Sociedad, Deporte, Cultura y todo el contenido de inter\u00e9s general que la gente del pueblo y la regi\u00f3n debe conocer.\" \/>\n<meta name=\"robots\" content=\"index, follow, max-snippet:-1, max-image-preview:large, max-video-preview:-1\" \/>\n<link rel=\"canonical\" href=\"https:\/\/www.celttv.com.ar\/index.php\/2012\/03\/17\/atentado-contra-la-libertad-de-prensa-autoridades-municipales-de-puan-censuran-a-un-periodico\/\" \/>\n<meta property=\"og:locale\" content=\"es_ES\" \/>\n<meta property=\"og:type\" content=\"article\" \/>\n<meta property=\"og:title\" content=\"ATENTADO CONTRA LA LIBERTAD DE PRENSA: AUTORIDADES MUNICIPALES DE PUAN CENSURAN A UN PERIODICO - CELTTV\" \/>\n<meta property=\"og:description\" content=\"Sitio web de noticias de la localidad de Tornquist, provincia de Buenos Aires, Rep\u00fablica Argentina. Contenido propio originado por periodistas de CELTTV, el canal de TV local de la Cooperativa El\u00e9ctrica de Tornquist. Turismo, Pol\u00edtica, Sociedad, Deporte, Cultura y todo el contenido de inter\u00e9s general que la gente del pueblo y la regi\u00f3n debe conocer.\" \/>\n<meta property=\"og:url\" content=\"https:\/\/www.celttv.com.ar\/index.php\/2012\/03\/17\/atentado-contra-la-libertad-de-prensa-autoridades-municipales-de-puan-censuran-a-un-periodico\/\" \/>\n<meta property=\"og:site_name\" content=\"CELTTV\" \/>\n<meta property=\"article:publisher\" content=\"https:\/\/www.facebook.com\/celtTV\/\" \/>\n<meta property=\"article:published_time\" content=\"2012-03-17T17:55:34+00:00\" \/>\n<meta property=\"og:image\" content=\"http:\/\/www.tvcnoticias.com.ar\/wp-content\/uploads\/2012\/03\/CENSURA-Medium-copia.jpg\" \/>\n<meta name=\"author\" content=\"ulises\" \/>\n<meta name=\"twitter:card\" content=\"summary_large_image\" \/>\n<meta name=\"twitter:label1\" content=\"Escrito por\" \/>\n\t<meta name=\"twitter:data1\" content=\"ulises\" \/>\n\t<meta name=\"twitter:label2\" content=\"Tiempo de lectura\" \/>\n\t<meta name=\"twitter:data2\" content=\"6 minutos\" \/>\n<script type=\"application\/ld+json\" class=\"yoast-schema-graph\">{\"@context\":\"https:\/\/schema.org\",\"@graph\":[{\"@type\":\"NewsArticle\",\"@id\":\"https:\/\/www.celttv.com.ar\/index.php\/2012\/03\/17\/atentado-contra-la-libertad-de-prensa-autoridades-municipales-de-puan-censuran-a-un-periodico\/#article\",\"isPartOf\":{\"@id\":\"https:\/\/www.celttv.com.ar\/index.php\/2012\/03\/17\/atentado-contra-la-libertad-de-prensa-autoridades-municipales-de-puan-censuran-a-un-periodico\/\"},\"author\":{\"name\":\"ulises\",\"@id\":\"https:\/\/www.celttv.com.ar\/#\/schema\/person\/6d99c072dba59953809c81446e9d0ace\"},\"headline\":\"ATENTADO CONTRA LA LIBERTAD DE PRENSA: AUTORIDADES MUNICIPALES DE PUAN CENSURAN A UN PERIODICO\",\"datePublished\":\"2012-03-17T17:55:34+00:00\",\"dateModified\":\"2012-03-17T17:55:34+00:00\",\"mainEntityOfPage\":{\"@id\":\"https:\/\/www.celttv.com.ar\/index.php\/2012\/03\/17\/atentado-contra-la-libertad-de-prensa-autoridades-municipales-de-puan-censuran-a-un-periodico\/\"},\"wordCount\":1160,\"publisher\":{\"@id\":\"https:\/\/www.celttv.com.ar\/#organization\"},\"articleSection\":[\"Comunidad\",\"Destacadas\",\"Pol\u00edtica\"],\"inLanguage\":\"es\"},{\"@type\":\"WebPage\",\"@id\":\"https:\/\/www.celttv.com.ar\/index.php\/2012\/03\/17\/atentado-contra-la-libertad-de-prensa-autoridades-municipales-de-puan-censuran-a-un-periodico\/\",\"url\":\"https:\/\/www.celttv.com.ar\/index.php\/2012\/03\/17\/atentado-contra-la-libertad-de-prensa-autoridades-municipales-de-puan-censuran-a-un-periodico\/\",\"name\":\"ATENTADO CONTRA LA LIBERTAD DE PRENSA: AUTORIDADES MUNICIPALES DE PUAN CENSURAN A UN PERIODICO - CELTTV\",\"isPartOf\":{\"@id\":\"https:\/\/www.celttv.com.ar\/#website\"},\"datePublished\":\"2012-03-17T17:55:34+00:00\",\"dateModified\":\"2012-03-17T17:55:34+00:00\",\"description\":\"Sitio web de noticias de la localidad de Tornquist, provincia de Buenos Aires, Rep\u00fablica Argentina. Contenido propio originado por periodistas de CELTTV, el canal de TV local de la Cooperativa El\u00e9ctrica de Tornquist. Turismo, Pol\u00edtica, Sociedad, Deporte, Cultura y todo el contenido de inter\u00e9s general que la gente del pueblo y la regi\u00f3n debe conocer.\",\"breadcrumb\":{\"@id\":\"https:\/\/www.celttv.com.ar\/index.php\/2012\/03\/17\/atentado-contra-la-libertad-de-prensa-autoridades-municipales-de-puan-censuran-a-un-periodico\/#breadcrumb\"},\"inLanguage\":\"es\",\"potentialAction\":[{\"@type\":\"ReadAction\",\"target\":[\"https:\/\/www.celttv.com.ar\/index.php\/2012\/03\/17\/atentado-contra-la-libertad-de-prensa-autoridades-municipales-de-puan-censuran-a-un-periodico\/\"]}]},{\"@type\":\"BreadcrumbList\",\"@id\":\"https:\/\/www.celttv.com.ar\/index.php\/2012\/03\/17\/atentado-contra-la-libertad-de-prensa-autoridades-municipales-de-puan-censuran-a-un-periodico\/#breadcrumb\",\"itemListElement\":[{\"@type\":\"ListItem\",\"position\":1,\"name\":\"Inicio\",\"item\":\"https:\/\/www.celttv.com.ar\/\"},{\"@type\":\"ListItem\",\"position\":2,\"name\":\"ATENTADO CONTRA LA LIBERTAD DE PRENSA: AUTORIDADES MUNICIPALES DE PUAN CENSURAN A UN PERIODICO\"}]},{\"@type\":\"WebSite\",\"@id\":\"https:\/\/www.celttv.com.ar\/#website\",\"url\":\"https:\/\/www.celttv.com.ar\/\",\"name\":\"CELTTV\",\"description\":\"Cooperativa El\u00e9ctrica de Tornquist\",\"publisher\":{\"@id\":\"https:\/\/www.celttv.com.ar\/#organization\"},\"potentialAction\":[{\"@type\":\"SearchAction\",\"target\":{\"@type\":\"EntryPoint\",\"urlTemplate\":\"https:\/\/www.celttv.com.ar\/?s={search_term_string}\"},\"query-input\":\"required name=search_term_string\"}],\"inLanguage\":\"es\"},{\"@type\":\"Organization\",\"@id\":\"https:\/\/www.celttv.com.ar\/#organization\",\"name\":\"CELTTV\",\"url\":\"https:\/\/www.celttv.com.ar\/\",\"sameAs\":[\"https:\/\/www.youtube.com\/channel\/UCz_oIt8Hig64Ub-EmcNPIhg\",\"https:\/\/www.facebook.com\/celtTV\/\"],\"logo\":{\"@type\":\"ImageObject\",\"inLanguage\":\"es\",\"@id\":\"https:\/\/www.celttv.com.ar\/#\/schema\/logo\/image\/\",\"url\":\"http:\/\/www.celttv.com.ar\/wp-content\/uploads\/2022\/08\/logo-1.png\",\"contentUrl\":\"http:\/\/www.celttv.com.ar\/wp-content\/uploads\/2022\/08\/logo-1.png\",\"width\":461,\"height\":159,\"caption\":\"CELTTV\"},\"image\":{\"@id\":\"https:\/\/www.celttv.com.ar\/#\/schema\/logo\/image\/\"}},{\"@type\":\"Person\",\"@id\":\"https:\/\/www.celttv.com.ar\/#\/schema\/person\/6d99c072dba59953809c81446e9d0ace\",\"name\":\"ulises\",\"image\":{\"@type\":\"ImageObject\",\"inLanguage\":\"es\",\"@id\":\"https:\/\/www.celttv.com.ar\/#\/schema\/person\/image\/\",\"url\":\"https:\/\/secure.gravatar.com\/avatar\/7f2c48bdc33b30088f941fb6082e555f2874c98e20cb159d7b92b50eadfce793?s=96&d=mm&r=g\",\"contentUrl\":\"https:\/\/secure.gravatar.com\/avatar\/7f2c48bdc33b30088f941fb6082e555f2874c98e20cb159d7b92b50eadfce793?s=96&d=mm&r=g\",\"caption\":\"ulises\"},\"sameAs\":[\"http:\/\/www.celttv.com.ar\"]}]}<\/script>\n<!-- \/ Yoast SEO plugin. -->","yoast_head_json":{"title":"ATENTADO CONTRA LA LIBERTAD DE PRENSA: AUTORIDADES MUNICIPALES DE PUAN CENSURAN A UN PERIODICO - CELTTV","description":"Sitio web de noticias de la localidad de Tornquist, provincia de Buenos Aires, Rep\u00fablica Argentina. Contenido propio originado por periodistas de CELTTV, el canal de TV local de la Cooperativa El\u00e9ctrica de Tornquist. Turismo, Pol\u00edtica, Sociedad, Deporte, Cultura y todo el contenido de inter\u00e9s general que la gente del pueblo y la regi\u00f3n debe conocer.","robots":{"index":"index","follow":"follow","max-snippet":"max-snippet:-1","max-image-preview":"max-image-preview:large","max-video-preview":"max-video-preview:-1"},"canonical":"https:\/\/www.celttv.com.ar\/index.php\/2012\/03\/17\/atentado-contra-la-libertad-de-prensa-autoridades-municipales-de-puan-censuran-a-un-periodico\/","og_locale":"es_ES","og_type":"article","og_title":"ATENTADO CONTRA LA LIBERTAD DE PRENSA: AUTORIDADES MUNICIPALES DE PUAN CENSURAN A UN PERIODICO - CELTTV","og_description":"Sitio web de noticias de la localidad de Tornquist, provincia de Buenos Aires, Rep\u00fablica Argentina. Contenido propio originado por periodistas de CELTTV, el canal de TV local de la Cooperativa El\u00e9ctrica de Tornquist. Turismo, Pol\u00edtica, Sociedad, Deporte, Cultura y todo el contenido de inter\u00e9s general que la gente del pueblo y la regi\u00f3n debe conocer.","og_url":"https:\/\/www.celttv.com.ar\/index.php\/2012\/03\/17\/atentado-contra-la-libertad-de-prensa-autoridades-municipales-de-puan-censuran-a-un-periodico\/","og_site_name":"CELTTV","article_publisher":"https:\/\/www.facebook.com\/celtTV\/","article_published_time":"2012-03-17T17:55:34+00:00","og_image":[{"url":"http:\/\/www.tvcnoticias.com.ar\/wp-content\/uploads\/2012\/03\/CENSURA-Medium-copia.jpg"}],"author":"ulises","twitter_card":"summary_large_image","twitter_misc":{"Escrito por":"ulises","Tiempo de lectura":"6 minutos"},"schema":{"@context":"https:\/\/schema.org","@graph":[{"@type":"NewsArticle","@id":"https:\/\/www.celttv.com.ar\/index.php\/2012\/03\/17\/atentado-contra-la-libertad-de-prensa-autoridades-municipales-de-puan-censuran-a-un-periodico\/#article","isPartOf":{"@id":"https:\/\/www.celttv.com.ar\/index.php\/2012\/03\/17\/atentado-contra-la-libertad-de-prensa-autoridades-municipales-de-puan-censuran-a-un-periodico\/"},"author":{"name":"ulises","@id":"https:\/\/www.celttv.com.ar\/#\/schema\/person\/6d99c072dba59953809c81446e9d0ace"},"headline":"ATENTADO CONTRA LA LIBERTAD DE PRENSA: AUTORIDADES MUNICIPALES DE PUAN CENSURAN A UN PERIODICO","datePublished":"2012-03-17T17:55:34+00:00","dateModified":"2012-03-17T17:55:34+00:00","mainEntityOfPage":{"@id":"https:\/\/www.celttv.com.ar\/index.php\/2012\/03\/17\/atentado-contra-la-libertad-de-prensa-autoridades-municipales-de-puan-censuran-a-un-periodico\/"},"wordCount":1160,"publisher":{"@id":"https:\/\/www.celttv.com.ar\/#organization"},"articleSection":["Comunidad","Destacadas","Pol\u00edtica"],"inLanguage":"es"},{"@type":"WebPage","@id":"https:\/\/www.celttv.com.ar\/index.php\/2012\/03\/17\/atentado-contra-la-libertad-de-prensa-autoridades-municipales-de-puan-censuran-a-un-periodico\/","url":"https:\/\/www.celttv.com.ar\/index.php\/2012\/03\/17\/atentado-contra-la-libertad-de-prensa-autoridades-municipales-de-puan-censuran-a-un-periodico\/","name":"ATENTADO CONTRA LA LIBERTAD DE PRENSA: AUTORIDADES MUNICIPALES DE PUAN CENSURAN A UN PERIODICO - CELTTV","isPartOf":{"@id":"https:\/\/www.celttv.com.ar\/#website"},"datePublished":"2012-03-17T17:55:34+00:00","dateModified":"2012-03-17T17:55:34+00:00","description":"Sitio web de noticias de la localidad de Tornquist, provincia de Buenos Aires, Rep\u00fablica Argentina. Contenido propio originado por periodistas de CELTTV, el canal de TV local de la Cooperativa El\u00e9ctrica de Tornquist. Turismo, Pol\u00edtica, Sociedad, Deporte, Cultura y todo el contenido de inter\u00e9s general que la gente del pueblo y la regi\u00f3n debe conocer.","breadcrumb":{"@id":"https:\/\/www.celttv.com.ar\/index.php\/2012\/03\/17\/atentado-contra-la-libertad-de-prensa-autoridades-municipales-de-puan-censuran-a-un-periodico\/#breadcrumb"},"inLanguage":"es","potentialAction":[{"@type":"ReadAction","target":["https:\/\/www.celttv.com.ar\/index.php\/2012\/03\/17\/atentado-contra-la-libertad-de-prensa-autoridades-municipales-de-puan-censuran-a-un-periodico\/"]}]},{"@type":"BreadcrumbList","@id":"https:\/\/www.celttv.com.ar\/index.php\/2012\/03\/17\/atentado-contra-la-libertad-de-prensa-autoridades-municipales-de-puan-censuran-a-un-periodico\/#breadcrumb","itemListElement":[{"@type":"ListItem","position":1,"name":"Inicio","item":"https:\/\/www.celttv.com.ar\/"},{"@type":"ListItem","position":2,"name":"ATENTADO CONTRA LA LIBERTAD DE PRENSA: AUTORIDADES MUNICIPALES DE PUAN CENSURAN A UN PERIODICO"}]},{"@type":"WebSite","@id":"https:\/\/www.celttv.com.ar\/#website","url":"https:\/\/www.celttv.com.ar\/","name":"CELTTV","description":"Cooperativa El\u00e9ctrica de Tornquist","publisher":{"@id":"https:\/\/www.celttv.com.ar\/#organization"},"potentialAction":[{"@type":"SearchAction","target":{"@type":"EntryPoint","urlTemplate":"https:\/\/www.celttv.com.ar\/?s={search_term_string}"},"query-input":"required name=search_term_string"}],"inLanguage":"es"},{"@type":"Organization","@id":"https:\/\/www.celttv.com.ar\/#organization","name":"CELTTV","url":"https:\/\/www.celttv.com.ar\/","sameAs":["https:\/\/www.youtube.com\/channel\/UCz_oIt8Hig64Ub-EmcNPIhg","https:\/\/www.facebook.com\/celtTV\/"],"logo":{"@type":"ImageObject","inLanguage":"es","@id":"https:\/\/www.celttv.com.ar\/#\/schema\/logo\/image\/","url":"http:\/\/www.celttv.com.ar\/wp-content\/uploads\/2022\/08\/logo-1.png","contentUrl":"http:\/\/www.celttv.com.ar\/wp-content\/uploads\/2022\/08\/logo-1.png","width":461,"height":159,"caption":"CELTTV"},"image":{"@id":"https:\/\/www.celttv.com.ar\/#\/schema\/logo\/image\/"}},{"@type":"Person","@id":"https:\/\/www.celttv.com.ar\/#\/schema\/person\/6d99c072dba59953809c81446e9d0ace","name":"ulises","image":{"@type":"ImageObject","inLanguage":"es","@id":"https:\/\/www.celttv.com.ar\/#\/schema\/person\/image\/","url":"https:\/\/secure.gravatar.com\/avatar\/7f2c48bdc33b30088f941fb6082e555f2874c98e20cb159d7b92b50eadfce793?s=96&d=mm&r=g","contentUrl":"https:\/\/secure.gravatar.com\/avatar\/7f2c48bdc33b30088f941fb6082e555f2874c98e20cb159d7b92b50eadfce793?s=96&d=mm&r=g","caption":"ulises"},"sameAs":["http:\/\/www.celttv.com.ar"]}]}},"_links":{"self":[{"href":"https:\/\/www.celttv.com.ar\/index.php\/wp-json\/wp\/v2\/posts\/5477","targetHints":{"allow":["GET"]}}],"collection":[{"href":"https:\/\/www.celttv.com.ar\/index.php\/wp-json\/wp\/v2\/posts"}],"about":[{"href":"https:\/\/www.celttv.com.ar\/index.php\/wp-json\/wp\/v2\/types\/post"}],"author":[{"embeddable":true,"href":"https:\/\/www.celttv.com.ar\/index.php\/wp-json\/wp\/v2\/users\/1"}],"replies":[{"embeddable":true,"href":"https:\/\/www.celttv.com.ar\/index.php\/wp-json\/wp\/v2\/comments?post=5477"}],"version-history":[{"count":0,"href":"https:\/\/www.celttv.com.ar\/index.php\/wp-json\/wp\/v2\/posts\/5477\/revisions"}],"wp:attachment":[{"href":"https:\/\/www.celttv.com.ar\/index.php\/wp-json\/wp\/v2\/media?parent=5477"}],"wp:term":[{"taxonomy":"category","embeddable":true,"href":"https:\/\/www.celttv.com.ar\/index.php\/wp-json\/wp\/v2\/categories?post=5477"},{"taxonomy":"post_tag","embeddable":true,"href":"https:\/\/www.celttv.com.ar\/index.php\/wp-json\/wp\/v2\/tags?post=5477"}],"curies":[{"name":"wp","href":"https:\/\/api.w.org\/{rel}","templated":true}]}}