{"id":54786,"date":"2021-01-09T21:08:31","date_gmt":"2021-01-09T21:08:31","guid":{"rendered":"http:\/\/www.celttv.com.ar\/?p=54786"},"modified":"2021-01-09T21:08:31","modified_gmt":"2021-01-09T21:08:31","slug":"tres-heridos-en-un-violento-choque-en-el-km-40-de-la-rn-33","status":"publish","type":"post","link":"https:\/\/www.celttv.com.ar\/index.php\/2021\/01\/09\/tres-heridos-en-un-violento-choque-en-el-km-40-de-la-rn-33\/","title":{"rendered":"Tres heridos en un violento choque en el Km 40 de la RN 33"},"content":{"rendered":"<p>Tres heridos con diferentes traumatismos fue el saldo de un choque frontal, registrado a las 16 horas, entre un auto y una camioneta, en el kil\u00f3metro 40 de la Ruta Nacional 33.<\/p>\n<p>El accidente se produjo en la denominada zona de toboganes (lomas), cuando una Suran Roja, dominio HHT 536, conducida por Jorge Brickma (80 a\u00f1os), quien era acompa\u00f1ado por su esposa Elba Noviso (74), choc\u00f3 contra una camioneta Chevrolet S-10 (Gris Oscuro), dominio GDR 894, al mando de Jos\u00e9 Heffner (30), quien iba acompa\u00f1ado por su esposa Mar\u00eda Rubio (33) y los hijos del matrimonio de 4 y 9 a\u00f1os.<\/p>\n<p>De acuerdo a la informaci\u00f3n recabada por este medio en el lugar del accidente, la Suran que circulaba en direcci\u00f3n Tornquist-Bah\u00eda Blanca empez\u00f3 (en la salida del tobog\u00e1n) a abrir su radio de giro pasando de a poco al carril contrario cuando el conductor de la S-10 (iba en direcci\u00f3n Bah\u00eda-Tornquist) para impedir el choque frontal llev\u00f3 la camioneta hacia el centro de la ruta, donde finalmente colisionaron de manera parcial.<\/p>\n<p>Tras el impacto los dos veh\u00edculos hicieron un trompo, quedando la S-10 sobre la cinta asf\u00e1ltica y la Sur\u00e1n en la banquina contraria.<\/p>\n<p>El matrimonio del auto fue derivado a un nosocomio de Bah\u00eda Blanca, al igual que uno de los menores que iba en la camioneta.<\/p>\n<p>Despu\u00e9s del traslado de los heridos, la camioneta fue colocada en la banquina para que la ruta (estuvo cortada por varios minutos) fuera liberada.<\/p>\n<p>Trabajaron en el lugar Bomberos Voluntarios de Tornquist y Bah\u00eda Blanca, ambulancias de ambas localidades y tambi\u00e9n de Cabildo, Defensa Civil y polic\u00eda del distrito de Tornquist y Bah\u00eda.<\/p>\n<div class=\"jeg_video_container jeg_video_content\"><iframe loading=\"lazy\" title=\"2021 01 09 ACCIDENTE KM 40 RUTA 33\" width=\"500\" height=\"281\" src=\"https:\/\/www.youtube.com\/embed\/_PZT0FQrhkM?feature=oembed\" frameborder=\"0\" allow=\"accelerometer; autoplay; clipboard-write; encrypted-media; gyroscope; picture-in-picture; web-share\" referrerpolicy=\"strict-origin-when-cross-origin\" allowfullscreen><\/iframe><\/div>\n<p><a href=\"http:\/\/www.celttv.com.ar\/?attachment_id=54787\" rel=\"attachment wp-att-54787\"><img loading=\"lazy\" decoding=\"async\" class=\"alignleft size-full wp-image-54787\" src=\"http:\/\/www.celttv.com.ar\/wp-content\/uploads\/2021\/01\/130b1a47-07d4-465d-899c-d6c438175bba.jpg\" alt=\"\" width=\"1280\" height=\"960\" srcset=\"https:\/\/www.celttv.com.ar\/wp-content\/uploads\/2021\/01\/130b1a47-07d4-465d-899c-d6c438175bba.jpg 1280w, https:\/\/www.celttv.com.ar\/wp-content\/uploads\/2021\/01\/130b1a47-07d4-465d-899c-d6c438175bba-300x225.jpg 300w, https:\/\/www.celttv.com.ar\/wp-content\/uploads\/2021\/01\/130b1a47-07d4-465d-899c-d6c438175bba-1024x768.jpg 1024w, https:\/\/www.celttv.com.ar\/wp-content\/uploads\/2021\/01\/130b1a47-07d4-465d-899c-d6c438175bba-768x576.jpg 768w, https:\/\/www.celttv.com.ar\/wp-content\/uploads\/2021\/01\/130b1a47-07d4-465d-899c-d6c438175bba-750x563.jpg 750w, https:\/\/www.celttv.com.ar\/wp-content\/uploads\/2021\/01\/130b1a47-07d4-465d-899c-d6c438175bba-1140x855.jpg 1140w\" sizes=\"auto, (max-width: 1280px) 100vw, 1280px\" \/><\/a> <a href=\"http:\/\/www.celttv.com.ar\/?attachment_id=54788\" rel=\"attachment wp-att-54788\"><img loading=\"lazy\" decoding=\"async\" class=\"alignleft size-medium wp-image-54788\" src=\"http:\/\/www.celttv.com.ar\/wp-content\/uploads\/2021\/01\/4863e444-6708-49b7-ac6d-27467a1da685.jpg\" alt=\"\" width=\"780\" height=\"585\" srcset=\"https:\/\/www.celttv.com.ar\/wp-content\/uploads\/2021\/01\/4863e444-6708-49b7-ac6d-27467a1da685.jpg 1280w, https:\/\/www.celttv.com.ar\/wp-content\/uploads\/2021\/01\/4863e444-6708-49b7-ac6d-27467a1da685-300x225.jpg 300w, https:\/\/www.celttv.com.ar\/wp-content\/uploads\/2021\/01\/4863e444-6708-49b7-ac6d-27467a1da685-1024x768.jpg 1024w, https:\/\/www.celttv.com.ar\/wp-content\/uploads\/2021\/01\/4863e444-6708-49b7-ac6d-27467a1da685-768x576.jpg 768w, https:\/\/www.celttv.com.ar\/wp-content\/uploads\/2021\/01\/4863e444-6708-49b7-ac6d-27467a1da685-750x563.jpg 750w, https:\/\/www.celttv.com.ar\/wp-content\/uploads\/2021\/01\/4863e444-6708-49b7-ac6d-27467a1da685-1140x855.jpg 1140w\" sizes=\"auto, (max-width: 780px) 100vw, 780px\" \/><\/a> <a href=\"http:\/\/www.celttv.com.ar\/?attachment_id=54789\" rel=\"attachment wp-att-54789\"><img loading=\"lazy\" decoding=\"async\" class=\"alignleft size-medium wp-image-54789\" src=\"http:\/\/www.celttv.com.ar\/wp-content\/uploads\/2021\/01\/5375a952-6bdc-40b9-8436-62047adbd9b3.jpg\" alt=\"\" width=\"780\" height=\"585\" srcset=\"https:\/\/www.celttv.com.ar\/wp-content\/uploads\/2021\/01\/5375a952-6bdc-40b9-8436-62047adbd9b3.jpg 1280w, https:\/\/www.celttv.com.ar\/wp-content\/uploads\/2021\/01\/5375a952-6bdc-40b9-8436-62047adbd9b3-300x225.jpg 300w, https:\/\/www.celttv.com.ar\/wp-content\/uploads\/2021\/01\/5375a952-6bdc-40b9-8436-62047adbd9b3-1024x768.jpg 1024w, https:\/\/www.celttv.com.ar\/wp-content\/uploads\/2021\/01\/5375a952-6bdc-40b9-8436-62047adbd9b3-768x576.jpg 768w, https:\/\/www.celttv.com.ar\/wp-content\/uploads\/2021\/01\/5375a952-6bdc-40b9-8436-62047adbd9b3-750x563.jpg 750w, https:\/\/www.celttv.com.ar\/wp-content\/uploads\/2021\/01\/5375a952-6bdc-40b9-8436-62047adbd9b3-1140x855.jpg 1140w\" sizes=\"auto, (max-width: 780px) 100vw, 780px\" \/><\/a> <a href=\"http:\/\/www.celttv.com.ar\/?attachment_id=54790\" rel=\"attachment wp-att-54790\"><img loading=\"lazy\" decoding=\"async\" class=\"alignleft size-medium wp-image-54790\" src=\"http:\/\/www.celttv.com.ar\/wp-content\/uploads\/2021\/01\/39407c70-da52-42d3-a695-20456eb83bcf.jpg\" alt=\"\" width=\"780\" height=\"585\" srcset=\"https:\/\/www.celttv.com.ar\/wp-content\/uploads\/2021\/01\/39407c70-da52-42d3-a695-20456eb83bcf.jpg 1280w, https:\/\/www.celttv.com.ar\/wp-content\/uploads\/2021\/01\/39407c70-da52-42d3-a695-20456eb83bcf-300x225.jpg 300w, https:\/\/www.celttv.com.ar\/wp-content\/uploads\/2021\/01\/39407c70-da52-42d3-a695-20456eb83bcf-1024x768.jpg 1024w, https:\/\/www.celttv.com.ar\/wp-content\/uploads\/2021\/01\/39407c70-da52-42d3-a695-20456eb83bcf-768x576.jpg 768w, https:\/\/www.celttv.com.ar\/wp-content\/uploads\/2021\/01\/39407c70-da52-42d3-a695-20456eb83bcf-750x563.jpg 750w, https:\/\/www.celttv.com.ar\/wp-content\/uploads\/2021\/01\/39407c70-da52-42d3-a695-20456eb83bcf-1140x855.jpg 1140w\" sizes=\"auto, (max-width: 780px) 100vw, 780px\" \/><\/a> <a href=\"http:\/\/www.celttv.com.ar\/?attachment_id=54791\" rel=\"attachment wp-att-54791\"><img loading=\"lazy\" decoding=\"async\" class=\"alignleft size-medium wp-image-54791\" src=\"http:\/\/www.celttv.com.ar\/wp-content\/uploads\/2021\/01\/c857c4bc-29d6-4b62-a321-32864ce6d771.jpg\" alt=\"\" width=\"780\" height=\"585\" srcset=\"https:\/\/www.celttv.com.ar\/wp-content\/uploads\/2021\/01\/c857c4bc-29d6-4b62-a321-32864ce6d771.jpg 1280w, https:\/\/www.celttv.com.ar\/wp-content\/uploads\/2021\/01\/c857c4bc-29d6-4b62-a321-32864ce6d771-300x225.jpg 300w, https:\/\/www.celttv.com.ar\/wp-content\/uploads\/2021\/01\/c857c4bc-29d6-4b62-a321-32864ce6d771-1024x768.jpg 1024w, https:\/\/www.celttv.com.ar\/wp-content\/uploads\/2021\/01\/c857c4bc-29d6-4b62-a321-32864ce6d771-768x576.jpg 768w, https:\/\/www.celttv.com.ar\/wp-content\/uploads\/2021\/01\/c857c4bc-29d6-4b62-a321-32864ce6d771-750x563.jpg 750w, https:\/\/www.celttv.com.ar\/wp-content\/uploads\/2021\/01\/c857c4bc-29d6-4b62-a321-32864ce6d771-1140x855.jpg 1140w\" sizes=\"auto, (max-width: 780px) 100vw, 780px\" \/><\/a> <a href=\"http:\/\/www.celttv.com.ar\/?attachment_id=54792\" rel=\"attachment wp-att-54792\"><img loading=\"lazy\" decoding=\"async\" class=\"alignleft size-medium wp-image-54792\" src=\"http:\/\/www.celttv.com.ar\/wp-content\/uploads\/2021\/01\/d5d0f50b-fc23-4930-8419-aa10b9249e17.jpg\" alt=\"\" width=\"780\" height=\"585\" srcset=\"https:\/\/www.celttv.com.ar\/wp-content\/uploads\/2021\/01\/d5d0f50b-fc23-4930-8419-aa10b9249e17.jpg 1280w, https:\/\/www.celttv.com.ar\/wp-content\/uploads\/2021\/01\/d5d0f50b-fc23-4930-8419-aa10b9249e17-300x225.jpg 300w, https:\/\/www.celttv.com.ar\/wp-content\/uploads\/2021\/01\/d5d0f50b-fc23-4930-8419-aa10b9249e17-1024x768.jpg 1024w, https:\/\/www.celttv.com.ar\/wp-content\/uploads\/2021\/01\/d5d0f50b-fc23-4930-8419-aa10b9249e17-768x576.jpg 768w, https:\/\/www.celttv.com.ar\/wp-content\/uploads\/2021\/01\/d5d0f50b-fc23-4930-8419-aa10b9249e17-750x563.jpg 750w, https:\/\/www.celttv.com.ar\/wp-content\/uploads\/2021\/01\/d5d0f50b-fc23-4930-8419-aa10b9249e17-1140x855.jpg 1140w\" sizes=\"auto, (max-width: 780px) 100vw, 780px\" \/><\/a> <a href=\"http:\/\/www.celttv.com.ar\/?attachment_id=54793\" rel=\"attachment wp-att-54793\"><img loading=\"lazy\" decoding=\"async\" class=\"alignleft size-medium wp-image-54793\" src=\"http:\/\/www.celttv.com.ar\/wp-content\/uploads\/2021\/01\/d705f0fe-a026-4c1f-ae5f-ff0c32dd6d1e.jpg\" alt=\"\" width=\"780\" height=\"585\" srcset=\"https:\/\/www.celttv.com.ar\/wp-content\/uploads\/2021\/01\/d705f0fe-a026-4c1f-ae5f-ff0c32dd6d1e.jpg 1280w, https:\/\/www.celttv.com.ar\/wp-content\/uploads\/2021\/01\/d705f0fe-a026-4c1f-ae5f-ff0c32dd6d1e-300x225.jpg 300w, https:\/\/www.celttv.com.ar\/wp-content\/uploads\/2021\/01\/d705f0fe-a026-4c1f-ae5f-ff0c32dd6d1e-1024x768.jpg 1024w, https:\/\/www.celttv.com.ar\/wp-content\/uploads\/2021\/01\/d705f0fe-a026-4c1f-ae5f-ff0c32dd6d1e-768x576.jpg 768w, https:\/\/www.celttv.com.ar\/wp-content\/uploads\/2021\/01\/d705f0fe-a026-4c1f-ae5f-ff0c32dd6d1e-750x563.jpg 750w, https:\/\/www.celttv.com.ar\/wp-content\/uploads\/2021\/01\/d705f0fe-a026-4c1f-ae5f-ff0c32dd6d1e-1140x855.jpg 1140w\" sizes=\"auto, (max-width: 780px) 100vw, 780px\" \/><\/a> <a href=\"http:\/\/www.celttv.com.ar\/?attachment_id=54794\" rel=\"attachment wp-att-54794\"><img loading=\"lazy\" decoding=\"async\" class=\"alignleft size-medium wp-image-54794\" src=\"http:\/\/www.celttv.com.ar\/wp-content\/uploads\/2021\/01\/fe81ef73-3b69-4106-9c5a-05b4ee88db2f.jpg\" alt=\"\" width=\"780\" height=\"585\" srcset=\"https:\/\/www.celttv.com.ar\/wp-content\/uploads\/2021\/01\/fe81ef73-3b69-4106-9c5a-05b4ee88db2f.jpg 1280w, https:\/\/www.celttv.com.ar\/wp-content\/uploads\/2021\/01\/fe81ef73-3b69-4106-9c5a-05b4ee88db2f-300x225.jpg 300w, https:\/\/www.celttv.com.ar\/wp-content\/uploads\/2021\/01\/fe81ef73-3b69-4106-9c5a-05b4ee88db2f-1024x768.jpg 1024w, https:\/\/www.celttv.com.ar\/wp-content\/uploads\/2021\/01\/fe81ef73-3b69-4106-9c5a-05b4ee88db2f-768x576.jpg 768w, https:\/\/www.celttv.com.ar\/wp-content\/uploads\/2021\/01\/fe81ef73-3b69-4106-9c5a-05b4ee88db2f-750x563.jpg 750w, https:\/\/www.celttv.com.ar\/wp-content\/uploads\/2021\/01\/fe81ef73-3b69-4106-9c5a-05b4ee88db2f-1140x855.jpg 1140w\" sizes=\"auto, (max-width: 780px) 100vw, 780px\" \/><\/a><\/p>\n","protected":false},"excerpt":{"rendered":"<p>Tres heridos con diferentes traumatismos fue el saldo de un choque frontal, registrado a las 16 horas, entre un auto y una camioneta, en el kil\u00f3metro 40 de la Ruta Nacional 33. El accidente se produjo en la denominada zona de toboganes (lomas), cuando una Suran Roja, dominio HHT 536, conducida por Jorge Brickma (80 [&hellip;]<\/p>\n","protected":false},"author":1,"featured_media":54795,"comment_status":"closed","ping_status":"open","sticky":false,"template":"","format":"standard","meta":{"footnotes":""},"categories":[55,51,52,61],"tags":[],"class_list":["post-54786","post","type-post","status-publish","format-standard","has-post-thumbnail","hentry","category-celt-tv-noticias","category-comunidad","category-destacadas","category-policiales"],"yoast_head":"<!-- This site is optimized with the Yoast SEO plugin v19.7.1 - https:\/\/yoast.com\/wordpress\/plugins\/seo\/ -->\n<title>Tres heridos en un violento choque en el Km 40 de la RN 33 - CELTTV<\/title>\n<meta name=\"description\" content=\"Sitio web de noticias de la localidad de Tornquist, provincia de Buenos Aires, Rep\u00fablica Argentina. Contenido propio originado por periodistas de CELTTV, el canal de TV local de la Cooperativa El\u00e9ctrica de Tornquist. Turismo, Pol\u00edtica, Sociedad, Deporte, Cultura y todo el contenido de inter\u00e9s general que la gente del pueblo y la regi\u00f3n debe conocer.\" \/>\n<meta name=\"robots\" content=\"index, follow, max-snippet:-1, max-image-preview:large, max-video-preview:-1\" \/>\n<link rel=\"canonical\" href=\"https:\/\/www.celttv.com.ar\/index.php\/2021\/01\/09\/tres-heridos-en-un-violento-choque-en-el-km-40-de-la-rn-33\/\" \/>\n<meta property=\"og:locale\" content=\"es_ES\" \/>\n<meta property=\"og:type\" content=\"article\" \/>\n<meta property=\"og:title\" content=\"Tres heridos en un violento choque en el Km 40 de la RN 33 - CELTTV\" \/>\n<meta property=\"og:description\" content=\"Sitio web de noticias de la localidad de Tornquist, provincia de Buenos Aires, Rep\u00fablica Argentina. Contenido propio originado por periodistas de CELTTV, el canal de TV local de la Cooperativa El\u00e9ctrica de Tornquist. Turismo, Pol\u00edtica, Sociedad, Deporte, Cultura y todo el contenido de inter\u00e9s general que la gente del pueblo y la regi\u00f3n debe conocer.\" \/>\n<meta property=\"og:url\" content=\"https:\/\/www.celttv.com.ar\/index.php\/2021\/01\/09\/tres-heridos-en-un-violento-choque-en-el-km-40-de-la-rn-33\/\" \/>\n<meta property=\"og:site_name\" content=\"CELTTV\" \/>\n<meta property=\"article:publisher\" content=\"https:\/\/www.facebook.com\/celtTV\/\" \/>\n<meta property=\"article:published_time\" content=\"2021-01-09T21:08:31+00:00\" \/>\n<meta property=\"og:image\" content=\"https:\/\/www.celttv.com.ar\/wp-content\/uploads\/2021\/01\/f884a3cd-dca8-4876-a958-12f30bc84bfb.jpg\" \/>\n\t<meta property=\"og:image:width\" content=\"1280\" \/>\n\t<meta property=\"og:image:height\" content=\"960\" \/>\n\t<meta property=\"og:image:type\" content=\"image\/jpeg\" \/>\n<meta name=\"author\" content=\"ulises\" \/>\n<meta name=\"twitter:card\" content=\"summary_large_image\" \/>\n<meta name=\"twitter:label1\" content=\"Escrito por\" \/>\n\t<meta name=\"twitter:data1\" content=\"ulises\" \/>\n\t<meta name=\"twitter:label2\" content=\"Tiempo de lectura\" \/>\n\t<meta name=\"twitter:data2\" content=\"1 minuto\" \/>\n<script type=\"application\/ld+json\" class=\"yoast-schema-graph\">{\"@context\":\"https:\/\/schema.org\",\"@graph\":[{\"@type\":\"NewsArticle\",\"@id\":\"https:\/\/www.celttv.com.ar\/index.php\/2021\/01\/09\/tres-heridos-en-un-violento-choque-en-el-km-40-de-la-rn-33\/#article\",\"isPartOf\":{\"@id\":\"https:\/\/www.celttv.com.ar\/index.php\/2021\/01\/09\/tres-heridos-en-un-violento-choque-en-el-km-40-de-la-rn-33\/\"},\"author\":{\"name\":\"ulises\",\"@id\":\"https:\/\/www.celttv.com.ar\/#\/schema\/person\/6d99c072dba59953809c81446e9d0ace\"},\"headline\":\"Tres heridos en un violento choque en el Km 40 de la RN 33\",\"datePublished\":\"2021-01-09T21:08:31+00:00\",\"dateModified\":\"2021-01-09T21:08:31+00:00\",\"mainEntityOfPage\":{\"@id\":\"https:\/\/www.celttv.com.ar\/index.php\/2021\/01\/09\/tres-heridos-en-un-violento-choque-en-el-km-40-de-la-rn-33\/\"},\"wordCount\":302,\"publisher\":{\"@id\":\"https:\/\/www.celttv.com.ar\/#organization\"},\"articleSection\":[\"Celt TV Noticias\",\"Comunidad\",\"Destacadas\",\"Policiales\"],\"inLanguage\":\"es\"},{\"@type\":\"WebPage\",\"@id\":\"https:\/\/www.celttv.com.ar\/index.php\/2021\/01\/09\/tres-heridos-en-un-violento-choque-en-el-km-40-de-la-rn-33\/\",\"url\":\"https:\/\/www.celttv.com.ar\/index.php\/2021\/01\/09\/tres-heridos-en-un-violento-choque-en-el-km-40-de-la-rn-33\/\",\"name\":\"Tres heridos en un violento choque en el Km 40 de la RN 33 - CELTTV\",\"isPartOf\":{\"@id\":\"https:\/\/www.celttv.com.ar\/#website\"},\"datePublished\":\"2021-01-09T21:08:31+00:00\",\"dateModified\":\"2021-01-09T21:08:31+00:00\",\"description\":\"Sitio web de noticias de la localidad de Tornquist, provincia de Buenos Aires, Rep\u00fablica Argentina. Contenido propio originado por periodistas de CELTTV, el canal de TV local de la Cooperativa El\u00e9ctrica de Tornquist. Turismo, Pol\u00edtica, Sociedad, Deporte, Cultura y todo el contenido de inter\u00e9s general que la gente del pueblo y la regi\u00f3n debe conocer.\",\"breadcrumb\":{\"@id\":\"https:\/\/www.celttv.com.ar\/index.php\/2021\/01\/09\/tres-heridos-en-un-violento-choque-en-el-km-40-de-la-rn-33\/#breadcrumb\"},\"inLanguage\":\"es\",\"potentialAction\":[{\"@type\":\"ReadAction\",\"target\":[\"https:\/\/www.celttv.com.ar\/index.php\/2021\/01\/09\/tres-heridos-en-un-violento-choque-en-el-km-40-de-la-rn-33\/\"]}]},{\"@type\":\"BreadcrumbList\",\"@id\":\"https:\/\/www.celttv.com.ar\/index.php\/2021\/01\/09\/tres-heridos-en-un-violento-choque-en-el-km-40-de-la-rn-33\/#breadcrumb\",\"itemListElement\":[{\"@type\":\"ListItem\",\"position\":1,\"name\":\"Inicio\",\"item\":\"https:\/\/www.celttv.com.ar\/\"},{\"@type\":\"ListItem\",\"position\":2,\"name\":\"Tres heridos en un violento choque en el Km 40 de la RN 33\"}]},{\"@type\":\"WebSite\",\"@id\":\"https:\/\/www.celttv.com.ar\/#website\",\"url\":\"https:\/\/www.celttv.com.ar\/\",\"name\":\"CELTTV\",\"description\":\"Cooperativa El\u00e9ctrica de Tornquist\",\"publisher\":{\"@id\":\"https:\/\/www.celttv.com.ar\/#organization\"},\"potentialAction\":[{\"@type\":\"SearchAction\",\"target\":{\"@type\":\"EntryPoint\",\"urlTemplate\":\"https:\/\/www.celttv.com.ar\/?s={search_term_string}\"},\"query-input\":\"required name=search_term_string\"}],\"inLanguage\":\"es\"},{\"@type\":\"Organization\",\"@id\":\"https:\/\/www.celttv.com.ar\/#organization\",\"name\":\"CELTTV\",\"url\":\"https:\/\/www.celttv.com.ar\/\",\"sameAs\":[\"https:\/\/www.youtube.com\/channel\/UCz_oIt8Hig64Ub-EmcNPIhg\",\"https:\/\/www.facebook.com\/celtTV\/\"],\"logo\":{\"@type\":\"ImageObject\",\"inLanguage\":\"es\",\"@id\":\"https:\/\/www.celttv.com.ar\/#\/schema\/logo\/image\/\",\"url\":\"http:\/\/www.celttv.com.ar\/wp-content\/uploads\/2022\/08\/logo-1.png\",\"contentUrl\":\"http:\/\/www.celttv.com.ar\/wp-content\/uploads\/2022\/08\/logo-1.png\",\"width\":461,\"height\":159,\"caption\":\"CELTTV\"},\"image\":{\"@id\":\"https:\/\/www.celttv.com.ar\/#\/schema\/logo\/image\/\"}},{\"@type\":\"Person\",\"@id\":\"https:\/\/www.celttv.com.ar\/#\/schema\/person\/6d99c072dba59953809c81446e9d0ace\",\"name\":\"ulises\",\"image\":{\"@type\":\"ImageObject\",\"inLanguage\":\"es\",\"@id\":\"https:\/\/www.celttv.com.ar\/#\/schema\/person\/image\/\",\"url\":\"https:\/\/secure.gravatar.com\/avatar\/7f2c48bdc33b30088f941fb6082e555f2874c98e20cb159d7b92b50eadfce793?s=96&d=mm&r=g\",\"contentUrl\":\"https:\/\/secure.gravatar.com\/avatar\/7f2c48bdc33b30088f941fb6082e555f2874c98e20cb159d7b92b50eadfce793?s=96&d=mm&r=g\",\"caption\":\"ulises\"},\"sameAs\":[\"http:\/\/www.celttv.com.ar\"]}]}<\/script>\n<!-- \/ Yoast SEO plugin. -->","yoast_head_json":{"title":"Tres heridos en un violento choque en el Km 40 de la RN 33 - CELTTV","description":"Sitio web de noticias de la localidad de Tornquist, provincia de Buenos Aires, Rep\u00fablica Argentina. Contenido propio originado por periodistas de CELTTV, el canal de TV local de la Cooperativa El\u00e9ctrica de Tornquist. Turismo, Pol\u00edtica, Sociedad, Deporte, Cultura y todo el contenido de inter\u00e9s general que la gente del pueblo y la regi\u00f3n debe conocer.","robots":{"index":"index","follow":"follow","max-snippet":"max-snippet:-1","max-image-preview":"max-image-preview:large","max-video-preview":"max-video-preview:-1"},"canonical":"https:\/\/www.celttv.com.ar\/index.php\/2021\/01\/09\/tres-heridos-en-un-violento-choque-en-el-km-40-de-la-rn-33\/","og_locale":"es_ES","og_type":"article","og_title":"Tres heridos en un violento choque en el Km 40 de la RN 33 - CELTTV","og_description":"Sitio web de noticias de la localidad de Tornquist, provincia de Buenos Aires, Rep\u00fablica Argentina. Contenido propio originado por periodistas de CELTTV, el canal de TV local de la Cooperativa El\u00e9ctrica de Tornquist. Turismo, Pol\u00edtica, Sociedad, Deporte, Cultura y todo el contenido de inter\u00e9s general que la gente del pueblo y la regi\u00f3n debe conocer.","og_url":"https:\/\/www.celttv.com.ar\/index.php\/2021\/01\/09\/tres-heridos-en-un-violento-choque-en-el-km-40-de-la-rn-33\/","og_site_name":"CELTTV","article_publisher":"https:\/\/www.facebook.com\/celtTV\/","article_published_time":"2021-01-09T21:08:31+00:00","og_image":[{"width":1280,"height":960,"url":"https:\/\/www.celttv.com.ar\/wp-content\/uploads\/2021\/01\/f884a3cd-dca8-4876-a958-12f30bc84bfb.jpg","type":"image\/jpeg"}],"author":"ulises","twitter_card":"summary_large_image","twitter_misc":{"Escrito por":"ulises","Tiempo de lectura":"1 minuto"},"schema":{"@context":"https:\/\/schema.org","@graph":[{"@type":"NewsArticle","@id":"https:\/\/www.celttv.com.ar\/index.php\/2021\/01\/09\/tres-heridos-en-un-violento-choque-en-el-km-40-de-la-rn-33\/#article","isPartOf":{"@id":"https:\/\/www.celttv.com.ar\/index.php\/2021\/01\/09\/tres-heridos-en-un-violento-choque-en-el-km-40-de-la-rn-33\/"},"author":{"name":"ulises","@id":"https:\/\/www.celttv.com.ar\/#\/schema\/person\/6d99c072dba59953809c81446e9d0ace"},"headline":"Tres heridos en un violento choque en el Km 40 de la RN 33","datePublished":"2021-01-09T21:08:31+00:00","dateModified":"2021-01-09T21:08:31+00:00","mainEntityOfPage":{"@id":"https:\/\/www.celttv.com.ar\/index.php\/2021\/01\/09\/tres-heridos-en-un-violento-choque-en-el-km-40-de-la-rn-33\/"},"wordCount":302,"publisher":{"@id":"https:\/\/www.celttv.com.ar\/#organization"},"articleSection":["Celt TV Noticias","Comunidad","Destacadas","Policiales"],"inLanguage":"es"},{"@type":"WebPage","@id":"https:\/\/www.celttv.com.ar\/index.php\/2021\/01\/09\/tres-heridos-en-un-violento-choque-en-el-km-40-de-la-rn-33\/","url":"https:\/\/www.celttv.com.ar\/index.php\/2021\/01\/09\/tres-heridos-en-un-violento-choque-en-el-km-40-de-la-rn-33\/","name":"Tres heridos en un violento choque en el Km 40 de la RN 33 - CELTTV","isPartOf":{"@id":"https:\/\/www.celttv.com.ar\/#website"},"datePublished":"2021-01-09T21:08:31+00:00","dateModified":"2021-01-09T21:08:31+00:00","description":"Sitio web de noticias de la localidad de Tornquist, provincia de Buenos Aires, Rep\u00fablica Argentina. Contenido propio originado por periodistas de CELTTV, el canal de TV local de la Cooperativa El\u00e9ctrica de Tornquist. Turismo, Pol\u00edtica, Sociedad, Deporte, Cultura y todo el contenido de inter\u00e9s general que la gente del pueblo y la regi\u00f3n debe conocer.","breadcrumb":{"@id":"https:\/\/www.celttv.com.ar\/index.php\/2021\/01\/09\/tres-heridos-en-un-violento-choque-en-el-km-40-de-la-rn-33\/#breadcrumb"},"inLanguage":"es","potentialAction":[{"@type":"ReadAction","target":["https:\/\/www.celttv.com.ar\/index.php\/2021\/01\/09\/tres-heridos-en-un-violento-choque-en-el-km-40-de-la-rn-33\/"]}]},{"@type":"BreadcrumbList","@id":"https:\/\/www.celttv.com.ar\/index.php\/2021\/01\/09\/tres-heridos-en-un-violento-choque-en-el-km-40-de-la-rn-33\/#breadcrumb","itemListElement":[{"@type":"ListItem","position":1,"name":"Inicio","item":"https:\/\/www.celttv.com.ar\/"},{"@type":"ListItem","position":2,"name":"Tres heridos en un violento choque en el Km 40 de la RN 33"}]},{"@type":"WebSite","@id":"https:\/\/www.celttv.com.ar\/#website","url":"https:\/\/www.celttv.com.ar\/","name":"CELTTV","description":"Cooperativa El\u00e9ctrica de Tornquist","publisher":{"@id":"https:\/\/www.celttv.com.ar\/#organization"},"potentialAction":[{"@type":"SearchAction","target":{"@type":"EntryPoint","urlTemplate":"https:\/\/www.celttv.com.ar\/?s={search_term_string}"},"query-input":"required name=search_term_string"}],"inLanguage":"es"},{"@type":"Organization","@id":"https:\/\/www.celttv.com.ar\/#organization","name":"CELTTV","url":"https:\/\/www.celttv.com.ar\/","sameAs":["https:\/\/www.youtube.com\/channel\/UCz_oIt8Hig64Ub-EmcNPIhg","https:\/\/www.facebook.com\/celtTV\/"],"logo":{"@type":"ImageObject","inLanguage":"es","@id":"https:\/\/www.celttv.com.ar\/#\/schema\/logo\/image\/","url":"http:\/\/www.celttv.com.ar\/wp-content\/uploads\/2022\/08\/logo-1.png","contentUrl":"http:\/\/www.celttv.com.ar\/wp-content\/uploads\/2022\/08\/logo-1.png","width":461,"height":159,"caption":"CELTTV"},"image":{"@id":"https:\/\/www.celttv.com.ar\/#\/schema\/logo\/image\/"}},{"@type":"Person","@id":"https:\/\/www.celttv.com.ar\/#\/schema\/person\/6d99c072dba59953809c81446e9d0ace","name":"ulises","image":{"@type":"ImageObject","inLanguage":"es","@id":"https:\/\/www.celttv.com.ar\/#\/schema\/person\/image\/","url":"https:\/\/secure.gravatar.com\/avatar\/7f2c48bdc33b30088f941fb6082e555f2874c98e20cb159d7b92b50eadfce793?s=96&d=mm&r=g","contentUrl":"https:\/\/secure.gravatar.com\/avatar\/7f2c48bdc33b30088f941fb6082e555f2874c98e20cb159d7b92b50eadfce793?s=96&d=mm&r=g","caption":"ulises"},"sameAs":["http:\/\/www.celttv.com.ar"]}]}},"_links":{"self":[{"href":"https:\/\/www.celttv.com.ar\/index.php\/wp-json\/wp\/v2\/posts\/54786","targetHints":{"allow":["GET"]}}],"collection":[{"href":"https:\/\/www.celttv.com.ar\/index.php\/wp-json\/wp\/v2\/posts"}],"about":[{"href":"https:\/\/www.celttv.com.ar\/index.php\/wp-json\/wp\/v2\/types\/post"}],"author":[{"embeddable":true,"href":"https:\/\/www.celttv.com.ar\/index.php\/wp-json\/wp\/v2\/users\/1"}],"replies":[{"embeddable":true,"href":"https:\/\/www.celttv.com.ar\/index.php\/wp-json\/wp\/v2\/comments?post=54786"}],"version-history":[{"count":0,"href":"https:\/\/www.celttv.com.ar\/index.php\/wp-json\/wp\/v2\/posts\/54786\/revisions"}],"wp:featuredmedia":[{"embeddable":true,"href":"https:\/\/www.celttv.com.ar\/index.php\/wp-json\/wp\/v2\/media\/54795"}],"wp:attachment":[{"href":"https:\/\/www.celttv.com.ar\/index.php\/wp-json\/wp\/v2\/media?parent=54786"}],"wp:term":[{"taxonomy":"category","embeddable":true,"href":"https:\/\/www.celttv.com.ar\/index.php\/wp-json\/wp\/v2\/categories?post=54786"},{"taxonomy":"post_tag","embeddable":true,"href":"https:\/\/www.celttv.com.ar\/index.php\/wp-json\/wp\/v2\/tags?post=54786"}],"curies":[{"name":"wp","href":"https:\/\/api.w.org\/{rel}","templated":true}]}}