{"id":54798,"date":"2021-01-10T21:52:20","date_gmt":"2021-01-10T21:52:20","guid":{"rendered":"http:\/\/www.celttv.com.ar\/?p=54798"},"modified":"2021-01-10T21:52:20","modified_gmt":"2021-01-10T21:52:20","slug":"hockey-jarana-remix-de-coronel-suarez-se-quedo-con-el-seven-mixto-del-club-union","status":"publish","type":"post","link":"https:\/\/www.celttv.com.ar\/index.php\/2021\/01\/10\/hockey-jarana-remix-de-coronel-suarez-se-quedo-con-el-seven-mixto-del-club-union\/","title":{"rendered":"Hockey: \u2018Jarana Remix\u2019 de Coronel Su\u00e1rez se qued\u00f3 con el Seven Mixto del Club Uni\u00f3n (Entrevista)"},"content":{"rendered":"<p>Con \u00e9xito se desarroll\u00f3 este s\u00e1bado del Torneo Seven Mixto de hockey organizado por el Club Uni\u00f3n de Tornquist en su cancha de c\u00e9sped sint\u00e9tico.<\/p>\n<p>Un total de nueve equipos, de cinco localidades diferentes, participaron de la jornada que comenz\u00f3 pasadas las 9 hs y culmin\u00f3 sobre las 21, y que se llev\u00f3 a cabo con los protocolos dispuestos por la Direcci\u00f3n de Deportes del municipio de Tornquist.<\/p>\n<p>\u2018Jarana Remix\u2019, de Coronel Su\u00e1rez, se qued\u00f3 con el certamen tras vencer 3 a 2 en la final a \u2018A todo o nada\u2019 de Tornquist; mientras que el tercer puesto qued\u00f3 para otro de los elencos locales, \u2018Los Leones engripados\u2019, luego de superar por shoot out a \u2018Popeye\u2019 de Punta Alta.<\/p>\n<p>El torneo cont\u00f3 con una presencia de lujo: en el equipo campe\u00f3n jug\u00f3 Estefan\u00eda Cascallares, suarense que actualmente se desempe\u00f1a en el HV Victoria de la Liga de Honor de Holanda, la mejor liga de hockey del mundo. Tambi\u00e9n, durante la jornada estuvo presente el presidente de la Asociaci\u00f3n Bahiense de Hockey, Diego Andrade.<\/p>\n<p>Posiciones finales:<\/p>\n<p>1\u00b0: Jarana Remix (Coronel Su\u00e1rez)<\/p>\n<p>2\u00b0: A todo o nada (Tornquist)<\/p>\n<p>3\u00b0: Los Leones engripados (Tornquist)<\/p>\n<p>4\u00b0: Popeye (Punta Alta)<\/p>\n<p>5\u00b0: Las Yaras (Sierra de la Ventana)<\/p>\n<p>6\u00b0: Bombarderas (Bah\u00eda Blanca)<\/p>\n<p>7\u00b0: La Gloriosa (Bah\u00eda Blanca)<\/p>\n<p>8\u00b0: Coronaclub (Punta Alta)<\/p>\n<p>9\u00b0: Lobas Vintage (Tornquist)<\/p>\n<p><em>Prensa Club Uni\u00f3n<\/em><\/p>\n<p><a href=\"http:\/\/www.uniondetornquist.com\">www.uniondetornquist.com<\/a> &#8211; <a href=\"mailto:clubuniondetornquist@gmail.com\">clubuniondetornquist@gmail.com<\/a> &#8211; <a href=\"http:\/\/www.facebook.com\/ClubUnionDeTornquist\">\/ClubUnionDeTornquist<\/a> &#8211; <a href=\"http:\/\/twitter.com\/UnionTornquist\">@UnionTornquist<\/a><\/p>\n<div class=\"jeg_video_container jeg_video_content\"><iframe loading=\"lazy\" title=\"2021 01 11 SOFIA LEON VIA ZOOM   SEVEN DE HOCKEY 1\" width=\"500\" height=\"281\" src=\"https:\/\/www.youtube.com\/embed\/AhLE_lPeJkI?feature=oembed\" frameborder=\"0\" allow=\"accelerometer; autoplay; clipboard-write; encrypted-media; gyroscope; picture-in-picture; web-share\" referrerpolicy=\"strict-origin-when-cross-origin\" allowfullscreen><\/iframe><\/div>\n<p><a href=\"http:\/\/www.celttv.com.ar\/?attachment_id=54800\" rel=\"attachment wp-att-54800\"><img loading=\"lazy\" decoding=\"async\" class=\"alignleft size-full wp-image-54800\" src=\"http:\/\/www.celttv.com.ar\/wp-content\/uploads\/2021\/01\/Seven-Union-4.jpg\" alt=\"\" width=\"2000\" height=\"1379\" srcset=\"https:\/\/www.celttv.com.ar\/wp-content\/uploads\/2021\/01\/Seven-Union-4.jpg 2000w, https:\/\/www.celttv.com.ar\/wp-content\/uploads\/2021\/01\/Seven-Union-4-300x207.jpg 300w, https:\/\/www.celttv.com.ar\/wp-content\/uploads\/2021\/01\/Seven-Union-4-1024x706.jpg 1024w, https:\/\/www.celttv.com.ar\/wp-content\/uploads\/2021\/01\/Seven-Union-4-768x530.jpg 768w, https:\/\/www.celttv.com.ar\/wp-content\/uploads\/2021\/01\/Seven-Union-4-1536x1059.jpg 1536w, https:\/\/www.celttv.com.ar\/wp-content\/uploads\/2021\/01\/Seven-Union-4-750x517.jpg 750w, https:\/\/www.celttv.com.ar\/wp-content\/uploads\/2021\/01\/Seven-Union-4-1140x786.jpg 1140w\" sizes=\"auto, (max-width: 2000px) 100vw, 2000px\" \/><\/a> <a href=\"http:\/\/www.celttv.com.ar\/?attachment_id=54801\" rel=\"attachment wp-att-54801\"><img loading=\"lazy\" decoding=\"async\" class=\"alignleft size-full wp-image-54801\" src=\"http:\/\/www.celttv.com.ar\/wp-content\/uploads\/2021\/01\/Seven-Union-5.jpg\" alt=\"\" width=\"2000\" height=\"1333\" srcset=\"https:\/\/www.celttv.com.ar\/wp-content\/uploads\/2021\/01\/Seven-Union-5.jpg 2000w, https:\/\/www.celttv.com.ar\/wp-content\/uploads\/2021\/01\/Seven-Union-5-300x200.jpg 300w, https:\/\/www.celttv.com.ar\/wp-content\/uploads\/2021\/01\/Seven-Union-5-1024x682.jpg 1024w, https:\/\/www.celttv.com.ar\/wp-content\/uploads\/2021\/01\/Seven-Union-5-768x512.jpg 768w, https:\/\/www.celttv.com.ar\/wp-content\/uploads\/2021\/01\/Seven-Union-5-1536x1024.jpg 1536w, https:\/\/www.celttv.com.ar\/wp-content\/uploads\/2021\/01\/Seven-Union-5-750x500.jpg 750w, https:\/\/www.celttv.com.ar\/wp-content\/uploads\/2021\/01\/Seven-Union-5-1140x760.jpg 1140w\" sizes=\"auto, (max-width: 2000px) 100vw, 2000px\" \/><\/a> <a href=\"http:\/\/www.celttv.com.ar\/?attachment_id=54799\" rel=\"attachment wp-att-54799\"><img loading=\"lazy\" decoding=\"async\" class=\"alignleft size-full wp-image-54799\" src=\"http:\/\/www.celttv.com.ar\/wp-content\/uploads\/2021\/01\/Seven-Union-2.jpg\" alt=\"\" width=\"2000\" height=\"1403\" srcset=\"https:\/\/www.celttv.com.ar\/wp-content\/uploads\/2021\/01\/Seven-Union-2.jpg 2000w, https:\/\/www.celttv.com.ar\/wp-content\/uploads\/2021\/01\/Seven-Union-2-300x210.jpg 300w, https:\/\/www.celttv.com.ar\/wp-content\/uploads\/2021\/01\/Seven-Union-2-1024x718.jpg 1024w, https:\/\/www.celttv.com.ar\/wp-content\/uploads\/2021\/01\/Seven-Union-2-768x539.jpg 768w, https:\/\/www.celttv.com.ar\/wp-content\/uploads\/2021\/01\/Seven-Union-2-1536x1078.jpg 1536w, https:\/\/www.celttv.com.ar\/wp-content\/uploads\/2021\/01\/Seven-Union-2-750x526.jpg 750w, https:\/\/www.celttv.com.ar\/wp-content\/uploads\/2021\/01\/Seven-Union-2-1140x800.jpg 1140w\" sizes=\"auto, (max-width: 2000px) 100vw, 2000px\" \/><\/a><\/p>\n","protected":false},"excerpt":{"rendered":"<p>Con \u00e9xito se desarroll\u00f3 este s\u00e1bado del Torneo Seven Mixto de hockey organizado por el Club Uni\u00f3n de Tornquist en su cancha de c\u00e9sped sint\u00e9tico. Un total de nueve equipos, de cinco localidades diferentes, participaron de la jornada que comenz\u00f3 pasadas las 9 hs y culmin\u00f3 sobre las 21, y que se llev\u00f3 a cabo [&hellip;]<\/p>\n","protected":false},"author":1,"featured_media":54800,"comment_status":"closed","ping_status":"open","sticky":false,"template":"","format":"standard","meta":{"footnotes":""},"categories":[55,60,62,52,63],"tags":[],"class_list":["post-54798","post","type-post","status-publish","format-standard","has-post-thumbnail","hentry","category-celt-tv-noticias","category-deporte","category-deportes","category-destacadas","category-magazine-sport"],"yoast_head":"<!-- This site is optimized with the Yoast SEO plugin v19.7.1 - https:\/\/yoast.com\/wordpress\/plugins\/seo\/ -->\n<title>Hockey: \u2018Jarana Remix\u2019 de Coronel Su\u00e1rez se qued\u00f3 con el Seven Mixto del Club Uni\u00f3n (Entrevista) - CELTTV<\/title>\n<meta name=\"description\" content=\"Sitio web de noticias de la localidad de Tornquist, provincia de Buenos Aires, Rep\u00fablica Argentina. Contenido propio originado por periodistas de CELTTV, el canal de TV local de la Cooperativa El\u00e9ctrica de Tornquist. Turismo, Pol\u00edtica, Sociedad, Deporte, Cultura y todo el contenido de inter\u00e9s general que la gente del pueblo y la regi\u00f3n debe conocer.\" \/>\n<meta name=\"robots\" content=\"index, follow, max-snippet:-1, max-image-preview:large, max-video-preview:-1\" \/>\n<link rel=\"canonical\" href=\"https:\/\/www.celttv.com.ar\/index.php\/2021\/01\/10\/hockey-jarana-remix-de-coronel-suarez-se-quedo-con-el-seven-mixto-del-club-union\/\" \/>\n<meta property=\"og:locale\" content=\"es_ES\" \/>\n<meta property=\"og:type\" content=\"article\" \/>\n<meta property=\"og:title\" content=\"Hockey: \u2018Jarana Remix\u2019 de Coronel Su\u00e1rez se qued\u00f3 con el Seven Mixto del Club Uni\u00f3n (Entrevista) - CELTTV\" \/>\n<meta property=\"og:description\" content=\"Sitio web de noticias de la localidad de Tornquist, provincia de Buenos Aires, Rep\u00fablica Argentina. Contenido propio originado por periodistas de CELTTV, el canal de TV local de la Cooperativa El\u00e9ctrica de Tornquist. Turismo, Pol\u00edtica, Sociedad, Deporte, Cultura y todo el contenido de inter\u00e9s general que la gente del pueblo y la regi\u00f3n debe conocer.\" \/>\n<meta property=\"og:url\" content=\"https:\/\/www.celttv.com.ar\/index.php\/2021\/01\/10\/hockey-jarana-remix-de-coronel-suarez-se-quedo-con-el-seven-mixto-del-club-union\/\" \/>\n<meta property=\"og:site_name\" content=\"CELTTV\" \/>\n<meta property=\"article:publisher\" content=\"https:\/\/www.facebook.com\/celtTV\/\" \/>\n<meta property=\"article:published_time\" content=\"2021-01-10T21:52:20+00:00\" \/>\n<meta property=\"og:image\" content=\"https:\/\/www.celttv.com.ar\/wp-content\/uploads\/2021\/01\/Seven-Union-4.jpg\" \/>\n\t<meta property=\"og:image:width\" content=\"2000\" \/>\n\t<meta property=\"og:image:height\" content=\"1379\" \/>\n\t<meta property=\"og:image:type\" content=\"image\/jpeg\" \/>\n<meta name=\"author\" content=\"ulises\" \/>\n<meta name=\"twitter:card\" content=\"summary_large_image\" \/>\n<meta name=\"twitter:label1\" content=\"Escrito por\" \/>\n\t<meta name=\"twitter:data1\" content=\"ulises\" \/>\n\t<meta name=\"twitter:label2\" content=\"Tiempo de lectura\" \/>\n\t<meta name=\"twitter:data2\" content=\"1 minuto\" \/>\n<script type=\"application\/ld+json\" class=\"yoast-schema-graph\">{\"@context\":\"https:\/\/schema.org\",\"@graph\":[{\"@type\":\"NewsArticle\",\"@id\":\"https:\/\/www.celttv.com.ar\/index.php\/2021\/01\/10\/hockey-jarana-remix-de-coronel-suarez-se-quedo-con-el-seven-mixto-del-club-union\/#article\",\"isPartOf\":{\"@id\":\"https:\/\/www.celttv.com.ar\/index.php\/2021\/01\/10\/hockey-jarana-remix-de-coronel-suarez-se-quedo-con-el-seven-mixto-del-club-union\/\"},\"author\":{\"name\":\"ulises\",\"@id\":\"https:\/\/www.celttv.com.ar\/#\/schema\/person\/6d99c072dba59953809c81446e9d0ace\"},\"headline\":\"Hockey: \u2018Jarana Remix\u2019 de Coronel Su\u00e1rez se qued\u00f3 con el Seven Mixto del Club Uni\u00f3n (Entrevista)\",\"datePublished\":\"2021-01-10T21:52:20+00:00\",\"dateModified\":\"2021-01-10T21:52:20+00:00\",\"mainEntityOfPage\":{\"@id\":\"https:\/\/www.celttv.com.ar\/index.php\/2021\/01\/10\/hockey-jarana-remix-de-coronel-suarez-se-quedo-con-el-seven-mixto-del-club-union\/\"},\"wordCount\":261,\"publisher\":{\"@id\":\"https:\/\/www.celttv.com.ar\/#organization\"},\"articleSection\":[\"Celt TV Noticias\",\"Deporte\",\"Deportes\",\"Destacadas\",\"Magazine Sport\"],\"inLanguage\":\"es\"},{\"@type\":\"WebPage\",\"@id\":\"https:\/\/www.celttv.com.ar\/index.php\/2021\/01\/10\/hockey-jarana-remix-de-coronel-suarez-se-quedo-con-el-seven-mixto-del-club-union\/\",\"url\":\"https:\/\/www.celttv.com.ar\/index.php\/2021\/01\/10\/hockey-jarana-remix-de-coronel-suarez-se-quedo-con-el-seven-mixto-del-club-union\/\",\"name\":\"Hockey: \u2018Jarana Remix\u2019 de Coronel Su\u00e1rez se qued\u00f3 con el Seven Mixto del Club Uni\u00f3n (Entrevista) - CELTTV\",\"isPartOf\":{\"@id\":\"https:\/\/www.celttv.com.ar\/#website\"},\"datePublished\":\"2021-01-10T21:52:20+00:00\",\"dateModified\":\"2021-01-10T21:52:20+00:00\",\"description\":\"Sitio web de noticias de la localidad de Tornquist, provincia de Buenos Aires, Rep\u00fablica Argentina. Contenido propio originado por periodistas de CELTTV, el canal de TV local de la Cooperativa El\u00e9ctrica de Tornquist. Turismo, Pol\u00edtica, Sociedad, Deporte, Cultura y todo el contenido de inter\u00e9s general que la gente del pueblo y la regi\u00f3n debe conocer.\",\"breadcrumb\":{\"@id\":\"https:\/\/www.celttv.com.ar\/index.php\/2021\/01\/10\/hockey-jarana-remix-de-coronel-suarez-se-quedo-con-el-seven-mixto-del-club-union\/#breadcrumb\"},\"inLanguage\":\"es\",\"potentialAction\":[{\"@type\":\"ReadAction\",\"target\":[\"https:\/\/www.celttv.com.ar\/index.php\/2021\/01\/10\/hockey-jarana-remix-de-coronel-suarez-se-quedo-con-el-seven-mixto-del-club-union\/\"]}]},{\"@type\":\"BreadcrumbList\",\"@id\":\"https:\/\/www.celttv.com.ar\/index.php\/2021\/01\/10\/hockey-jarana-remix-de-coronel-suarez-se-quedo-con-el-seven-mixto-del-club-union\/#breadcrumb\",\"itemListElement\":[{\"@type\":\"ListItem\",\"position\":1,\"name\":\"Inicio\",\"item\":\"https:\/\/www.celttv.com.ar\/\"},{\"@type\":\"ListItem\",\"position\":2,\"name\":\"Hockey: \u2018Jarana Remix\u2019 de Coronel Su\u00e1rez se qued\u00f3 con el Seven Mixto del Club Uni\u00f3n (Entrevista)\"}]},{\"@type\":\"WebSite\",\"@id\":\"https:\/\/www.celttv.com.ar\/#website\",\"url\":\"https:\/\/www.celttv.com.ar\/\",\"name\":\"CELTTV\",\"description\":\"Cooperativa El\u00e9ctrica de Tornquist\",\"publisher\":{\"@id\":\"https:\/\/www.celttv.com.ar\/#organization\"},\"potentialAction\":[{\"@type\":\"SearchAction\",\"target\":{\"@type\":\"EntryPoint\",\"urlTemplate\":\"https:\/\/www.celttv.com.ar\/?s={search_term_string}\"},\"query-input\":\"required name=search_term_string\"}],\"inLanguage\":\"es\"},{\"@type\":\"Organization\",\"@id\":\"https:\/\/www.celttv.com.ar\/#organization\",\"name\":\"CELTTV\",\"url\":\"https:\/\/www.celttv.com.ar\/\",\"sameAs\":[\"https:\/\/www.youtube.com\/channel\/UCz_oIt8Hig64Ub-EmcNPIhg\",\"https:\/\/www.facebook.com\/celtTV\/\"],\"logo\":{\"@type\":\"ImageObject\",\"inLanguage\":\"es\",\"@id\":\"https:\/\/www.celttv.com.ar\/#\/schema\/logo\/image\/\",\"url\":\"http:\/\/www.celttv.com.ar\/wp-content\/uploads\/2022\/08\/logo-1.png\",\"contentUrl\":\"http:\/\/www.celttv.com.ar\/wp-content\/uploads\/2022\/08\/logo-1.png\",\"width\":461,\"height\":159,\"caption\":\"CELTTV\"},\"image\":{\"@id\":\"https:\/\/www.celttv.com.ar\/#\/schema\/logo\/image\/\"}},{\"@type\":\"Person\",\"@id\":\"https:\/\/www.celttv.com.ar\/#\/schema\/person\/6d99c072dba59953809c81446e9d0ace\",\"name\":\"ulises\",\"image\":{\"@type\":\"ImageObject\",\"inLanguage\":\"es\",\"@id\":\"https:\/\/www.celttv.com.ar\/#\/schema\/person\/image\/\",\"url\":\"https:\/\/secure.gravatar.com\/avatar\/7f2c48bdc33b30088f941fb6082e555f2874c98e20cb159d7b92b50eadfce793?s=96&d=mm&r=g\",\"contentUrl\":\"https:\/\/secure.gravatar.com\/avatar\/7f2c48bdc33b30088f941fb6082e555f2874c98e20cb159d7b92b50eadfce793?s=96&d=mm&r=g\",\"caption\":\"ulises\"},\"sameAs\":[\"http:\/\/www.celttv.com.ar\"]}]}<\/script>\n<!-- \/ Yoast SEO plugin. -->","yoast_head_json":{"title":"Hockey: \u2018Jarana Remix\u2019 de Coronel Su\u00e1rez se qued\u00f3 con el Seven Mixto del Club Uni\u00f3n (Entrevista) - CELTTV","description":"Sitio web de noticias de la localidad de Tornquist, provincia de Buenos Aires, Rep\u00fablica Argentina. Contenido propio originado por periodistas de CELTTV, el canal de TV local de la Cooperativa El\u00e9ctrica de Tornquist. Turismo, Pol\u00edtica, Sociedad, Deporte, Cultura y todo el contenido de inter\u00e9s general que la gente del pueblo y la regi\u00f3n debe conocer.","robots":{"index":"index","follow":"follow","max-snippet":"max-snippet:-1","max-image-preview":"max-image-preview:large","max-video-preview":"max-video-preview:-1"},"canonical":"https:\/\/www.celttv.com.ar\/index.php\/2021\/01\/10\/hockey-jarana-remix-de-coronel-suarez-se-quedo-con-el-seven-mixto-del-club-union\/","og_locale":"es_ES","og_type":"article","og_title":"Hockey: \u2018Jarana Remix\u2019 de Coronel Su\u00e1rez se qued\u00f3 con el Seven Mixto del Club Uni\u00f3n (Entrevista) - CELTTV","og_description":"Sitio web de noticias de la localidad de Tornquist, provincia de Buenos Aires, Rep\u00fablica Argentina. Contenido propio originado por periodistas de CELTTV, el canal de TV local de la Cooperativa El\u00e9ctrica de Tornquist. Turismo, Pol\u00edtica, Sociedad, Deporte, Cultura y todo el contenido de inter\u00e9s general que la gente del pueblo y la regi\u00f3n debe conocer.","og_url":"https:\/\/www.celttv.com.ar\/index.php\/2021\/01\/10\/hockey-jarana-remix-de-coronel-suarez-se-quedo-con-el-seven-mixto-del-club-union\/","og_site_name":"CELTTV","article_publisher":"https:\/\/www.facebook.com\/celtTV\/","article_published_time":"2021-01-10T21:52:20+00:00","og_image":[{"width":2000,"height":1379,"url":"https:\/\/www.celttv.com.ar\/wp-content\/uploads\/2021\/01\/Seven-Union-4.jpg","type":"image\/jpeg"}],"author":"ulises","twitter_card":"summary_large_image","twitter_misc":{"Escrito por":"ulises","Tiempo de lectura":"1 minuto"},"schema":{"@context":"https:\/\/schema.org","@graph":[{"@type":"NewsArticle","@id":"https:\/\/www.celttv.com.ar\/index.php\/2021\/01\/10\/hockey-jarana-remix-de-coronel-suarez-se-quedo-con-el-seven-mixto-del-club-union\/#article","isPartOf":{"@id":"https:\/\/www.celttv.com.ar\/index.php\/2021\/01\/10\/hockey-jarana-remix-de-coronel-suarez-se-quedo-con-el-seven-mixto-del-club-union\/"},"author":{"name":"ulises","@id":"https:\/\/www.celttv.com.ar\/#\/schema\/person\/6d99c072dba59953809c81446e9d0ace"},"headline":"Hockey: \u2018Jarana Remix\u2019 de Coronel Su\u00e1rez se qued\u00f3 con el Seven Mixto del Club Uni\u00f3n (Entrevista)","datePublished":"2021-01-10T21:52:20+00:00","dateModified":"2021-01-10T21:52:20+00:00","mainEntityOfPage":{"@id":"https:\/\/www.celttv.com.ar\/index.php\/2021\/01\/10\/hockey-jarana-remix-de-coronel-suarez-se-quedo-con-el-seven-mixto-del-club-union\/"},"wordCount":261,"publisher":{"@id":"https:\/\/www.celttv.com.ar\/#organization"},"articleSection":["Celt TV Noticias","Deporte","Deportes","Destacadas","Magazine Sport"],"inLanguage":"es"},{"@type":"WebPage","@id":"https:\/\/www.celttv.com.ar\/index.php\/2021\/01\/10\/hockey-jarana-remix-de-coronel-suarez-se-quedo-con-el-seven-mixto-del-club-union\/","url":"https:\/\/www.celttv.com.ar\/index.php\/2021\/01\/10\/hockey-jarana-remix-de-coronel-suarez-se-quedo-con-el-seven-mixto-del-club-union\/","name":"Hockey: \u2018Jarana Remix\u2019 de Coronel Su\u00e1rez se qued\u00f3 con el Seven Mixto del Club Uni\u00f3n (Entrevista) - CELTTV","isPartOf":{"@id":"https:\/\/www.celttv.com.ar\/#website"},"datePublished":"2021-01-10T21:52:20+00:00","dateModified":"2021-01-10T21:52:20+00:00","description":"Sitio web de noticias de la localidad de Tornquist, provincia de Buenos Aires, Rep\u00fablica Argentina. Contenido propio originado por periodistas de CELTTV, el canal de TV local de la Cooperativa El\u00e9ctrica de Tornquist. Turismo, Pol\u00edtica, Sociedad, Deporte, Cultura y todo el contenido de inter\u00e9s general que la gente del pueblo y la regi\u00f3n debe conocer.","breadcrumb":{"@id":"https:\/\/www.celttv.com.ar\/index.php\/2021\/01\/10\/hockey-jarana-remix-de-coronel-suarez-se-quedo-con-el-seven-mixto-del-club-union\/#breadcrumb"},"inLanguage":"es","potentialAction":[{"@type":"ReadAction","target":["https:\/\/www.celttv.com.ar\/index.php\/2021\/01\/10\/hockey-jarana-remix-de-coronel-suarez-se-quedo-con-el-seven-mixto-del-club-union\/"]}]},{"@type":"BreadcrumbList","@id":"https:\/\/www.celttv.com.ar\/index.php\/2021\/01\/10\/hockey-jarana-remix-de-coronel-suarez-se-quedo-con-el-seven-mixto-del-club-union\/#breadcrumb","itemListElement":[{"@type":"ListItem","position":1,"name":"Inicio","item":"https:\/\/www.celttv.com.ar\/"},{"@type":"ListItem","position":2,"name":"Hockey: \u2018Jarana Remix\u2019 de Coronel Su\u00e1rez se qued\u00f3 con el Seven Mixto del Club Uni\u00f3n (Entrevista)"}]},{"@type":"WebSite","@id":"https:\/\/www.celttv.com.ar\/#website","url":"https:\/\/www.celttv.com.ar\/","name":"CELTTV","description":"Cooperativa El\u00e9ctrica de Tornquist","publisher":{"@id":"https:\/\/www.celttv.com.ar\/#organization"},"potentialAction":[{"@type":"SearchAction","target":{"@type":"EntryPoint","urlTemplate":"https:\/\/www.celttv.com.ar\/?s={search_term_string}"},"query-input":"required name=search_term_string"}],"inLanguage":"es"},{"@type":"Organization","@id":"https:\/\/www.celttv.com.ar\/#organization","name":"CELTTV","url":"https:\/\/www.celttv.com.ar\/","sameAs":["https:\/\/www.youtube.com\/channel\/UCz_oIt8Hig64Ub-EmcNPIhg","https:\/\/www.facebook.com\/celtTV\/"],"logo":{"@type":"ImageObject","inLanguage":"es","@id":"https:\/\/www.celttv.com.ar\/#\/schema\/logo\/image\/","url":"http:\/\/www.celttv.com.ar\/wp-content\/uploads\/2022\/08\/logo-1.png","contentUrl":"http:\/\/www.celttv.com.ar\/wp-content\/uploads\/2022\/08\/logo-1.png","width":461,"height":159,"caption":"CELTTV"},"image":{"@id":"https:\/\/www.celttv.com.ar\/#\/schema\/logo\/image\/"}},{"@type":"Person","@id":"https:\/\/www.celttv.com.ar\/#\/schema\/person\/6d99c072dba59953809c81446e9d0ace","name":"ulises","image":{"@type":"ImageObject","inLanguage":"es","@id":"https:\/\/www.celttv.com.ar\/#\/schema\/person\/image\/","url":"https:\/\/secure.gravatar.com\/avatar\/7f2c48bdc33b30088f941fb6082e555f2874c98e20cb159d7b92b50eadfce793?s=96&d=mm&r=g","contentUrl":"https:\/\/secure.gravatar.com\/avatar\/7f2c48bdc33b30088f941fb6082e555f2874c98e20cb159d7b92b50eadfce793?s=96&d=mm&r=g","caption":"ulises"},"sameAs":["http:\/\/www.celttv.com.ar"]}]}},"_links":{"self":[{"href":"https:\/\/www.celttv.com.ar\/index.php\/wp-json\/wp\/v2\/posts\/54798","targetHints":{"allow":["GET"]}}],"collection":[{"href":"https:\/\/www.celttv.com.ar\/index.php\/wp-json\/wp\/v2\/posts"}],"about":[{"href":"https:\/\/www.celttv.com.ar\/index.php\/wp-json\/wp\/v2\/types\/post"}],"author":[{"embeddable":true,"href":"https:\/\/www.celttv.com.ar\/index.php\/wp-json\/wp\/v2\/users\/1"}],"replies":[{"embeddable":true,"href":"https:\/\/www.celttv.com.ar\/index.php\/wp-json\/wp\/v2\/comments?post=54798"}],"version-history":[{"count":0,"href":"https:\/\/www.celttv.com.ar\/index.php\/wp-json\/wp\/v2\/posts\/54798\/revisions"}],"wp:featuredmedia":[{"embeddable":true,"href":"https:\/\/www.celttv.com.ar\/index.php\/wp-json\/wp\/v2\/media\/54800"}],"wp:attachment":[{"href":"https:\/\/www.celttv.com.ar\/index.php\/wp-json\/wp\/v2\/media?parent=54798"}],"wp:term":[{"taxonomy":"category","embeddable":true,"href":"https:\/\/www.celttv.com.ar\/index.php\/wp-json\/wp\/v2\/categories?post=54798"},{"taxonomy":"post_tag","embeddable":true,"href":"https:\/\/www.celttv.com.ar\/index.php\/wp-json\/wp\/v2\/tags?post=54798"}],"curies":[{"name":"wp","href":"https:\/\/api.w.org\/{rel}","templated":true}]}}