{"id":54812,"date":"2021-01-11T18:35:03","date_gmt":"2021-01-11T18:35:03","guid":{"rendered":"http:\/\/www.celttv.com.ar\/?p=54812"},"modified":"2021-01-11T18:35:03","modified_gmt":"2021-01-11T18:35:03","slug":"nuevas-medidas-preventivas-en-el-distrito-dispuestas-por-el-ejecutivo-nacional","status":"publish","type":"post","link":"https:\/\/www.celttv.com.ar\/index.php\/2021\/01\/11\/nuevas-medidas-preventivas-en-el-distrito-dispuestas-por-el-ejecutivo-nacional\/","title":{"rendered":"Nuevas medidas preventivas en el distrito dispuestas por el Ejecutivo Nacional (Entrevista)"},"content":{"rendered":"<p>En cumplimiento a lo normado por el Decreto N\u00b0 04\/2021 del Ejecutivo Nacional, se ha determinado en el Distrito de Tornquist que desde este lunes 11 al viernes 15 inclusive, entre las 1 y las 6 hs, se suspender\u00e1 toda actividad comercial, art\u00edstica, deportiva, cultural, social y recreativa, exceptuando las de car\u00e1cter productivas manufactureras, agropecuarias y todas aquellas definidas como esenciales de acuerdo a la normativa vigente.<\/p>\n<p>Por una cuesti\u00f3n de responsabilidad sanitaria, no s\u00f3lo tenemos que estar atentos a la situaci\u00f3n epidemiol\u00f3gica de nuestro Distrito, sino tambi\u00e9n actuar en concordancia a los casos y la ocupaci\u00f3n de camas de terapia Covid que tienen los centros asistenciales de la regi\u00f3n tales como Bah\u00eda Banca o Coronel Su\u00e1rez, que en la actualidad se encuentra al l\u00edmite de su capacidad de atenci\u00f3n; lo que ante un hipot\u00e9tico aumento de casos en el Partido de Tornquist o la aparici\u00f3n de casos que requieren atenci\u00f3n de terapia intensiva, podr\u00eda darse la penosa situaci\u00f3n de no conseguir camas para que nuestros vecinos puedan ser atendidos en las localidades mencionadas.<\/p>\n<p>Sabemos que este tipo de medidas generan malestar en parte de la sociedad, pero hoy m\u00e1s que nunca tenemos que tener la mayor predisposici\u00f3n ante esta situaci\u00f3n con el fin de resguardar la salud de nuestros vecinos como as\u00ed tambi\u00e9n las actividades comerciales, ante una temporada tur\u00edstica que se ha iniciado de una manera m\u00e1s que satisfactoria y cuya continuidad depende, en gran medida, de la situaci\u00f3n epidemiol\u00f3gica del Distrito.<\/p>\n<p>En el transcurso de la presente semana se evaluar\u00e1 desde el Ejecutivo Municipal la situaci\u00f3n de Tornquist y de los centros de salud mencionados, y se resolver\u00e1 si se va a continuar con la presente medida o se har\u00e1n modificaciones en su reglamentaci\u00f3n.<\/p>\n<p>El citado decreto adem\u00e1s impone una serie de medidas que se detallan a continuaci\u00f3n:<\/p>\n<p>\u2022 \u00a0 \u00a0 \u00a0 \u00a0 \u00a0 \u00a0 Se reducen las actividades sociales, recreativas y familiares a grupos de hasta 10 personas en espacios cerrados y abiertos.<\/p>\n<p>\u2022 \u00a0 \u00a0 \u00a0 \u00a0 \u00a0 \u00a0 El transporte de pasajeros urbano podr\u00e1 ser utilizado solo por las personas que realicen actividades y servicios definidos como esenciales.<\/p>\n<p>\u2022 \u00a0 \u00a0 \u00a0 \u00a0 \u00a0 \u00a0 Se deber\u00e1n reforzar todos los controles, tanto provinciales como municipales, para disminuir la circulaci\u00f3n de personas en horarios nocturnos y evitar la realizaci\u00f3n de actividades no permitidas.<\/p>\n<p>\u2022 \u00a0 \u00a0 \u00a0 \u00a0 \u00a0 \u00a0 Las denuncias de fiestas clandestinas se reciben a trav\u00e9s del 911 y de la l\u00ednea (221) 429-3386, dispuesta por el Ministerio de Seguridad, la cual funciona viernes, s\u00e1bados y domingos de 22.00 a 06.00 horas exclusivamente para este tipo de delitos.<\/p>\n<p>\u2022 \u00a0 \u00a0 \u00a0 \u00a0 \u00a0 \u00a0 Habilitar\u00e1n a las autoridades municipales el control del cumplimiento de la obligaci\u00f3n de utilizar tapabocas, previsto en el Decreto N\u00b0 255\/2020 y modificatorios, y la aplicaci\u00f3n de las multas correspondientes, de acuerdo a lo establecido en el art\u00edculo 2 del Decreto-Ley N\u00b0 8841\/77 y modificatorias.<\/p>\n<p>\u2022 \u00a0 \u00a0 \u00a0 \u00a0 \u00a0 \u00a0 En el caso de fiestas y\/o reuniones que vulneren lo permitido legalmente en el marco de las medidas de \u201caislamiento social preventivo y obligatorio\u201d y de \u201cdistanciamiento social preventivo y obligatorio\u201d en el \u00e1mbito de la provincia de Buenos Aires, adem\u00e1s de las sanciones previstas en el art. 205 del C\u00f3digo Penal, podr\u00e1n aplicarse multas de hasta tres millones trescientos sesenta y cuatro mil pesos ($3.364.000), tanto a los asistentes, organizadores como a los propietarios de los inmuebles donde se realicen.<\/p>\n<p>Direcci\u00f3n de comunicaci\u00f3n<\/p>\n<div class=\"jeg_video_container jeg_video_content\"><iframe loading=\"lazy\" title=\"2021 01 11 EZEQUIEL GABELLA VIA ZOOM\" width=\"500\" height=\"281\" src=\"https:\/\/www.youtube.com\/embed\/2XclSuHpEsA?feature=oembed\" frameborder=\"0\" allow=\"accelerometer; autoplay; clipboard-write; encrypted-media; gyroscope; picture-in-picture; web-share\" referrerpolicy=\"strict-origin-when-cross-origin\" allowfullscreen><\/iframe><\/div>\n<p>&nbsp;<\/p>\n","protected":false},"excerpt":{"rendered":"<p>En cumplimiento a lo normado por el Decreto N\u00b0 04\/2021 del Ejecutivo Nacional, se ha determinado en el Distrito de Tornquist que desde este lunes 11 al viernes 15 inclusive, entre las 1 y las 6 hs, se suspender\u00e1 toda actividad comercial, art\u00edstica, deportiva, cultural, social y recreativa, exceptuando las de car\u00e1cter productivas manufactureras, agropecuarias [&hellip;]<\/p>\n","protected":false},"author":1,"featured_media":54813,"comment_status":"closed","ping_status":"open","sticky":false,"template":"","format":"standard","meta":{"footnotes":""},"categories":[55,51,52],"tags":[],"class_list":["post-54812","post","type-post","status-publish","format-standard","has-post-thumbnail","hentry","category-celt-tv-noticias","category-comunidad","category-destacadas"],"yoast_head":"<!-- This site is optimized with the Yoast SEO plugin v19.7.1 - https:\/\/yoast.com\/wordpress\/plugins\/seo\/ -->\n<title>Nuevas medidas preventivas en el distrito dispuestas por el Ejecutivo Nacional (Entrevista) - CELTTV<\/title>\n<meta name=\"description\" content=\"Sitio web de noticias de la localidad de Tornquist, provincia de Buenos Aires, Rep\u00fablica Argentina. Contenido propio originado por periodistas de CELTTV, el canal de TV local de la Cooperativa El\u00e9ctrica de Tornquist. Turismo, Pol\u00edtica, Sociedad, Deporte, Cultura y todo el contenido de inter\u00e9s general que la gente del pueblo y la regi\u00f3n debe conocer.\" \/>\n<meta name=\"robots\" content=\"index, follow, max-snippet:-1, max-image-preview:large, max-video-preview:-1\" \/>\n<link rel=\"canonical\" href=\"https:\/\/www.celttv.com.ar\/index.php\/2021\/01\/11\/nuevas-medidas-preventivas-en-el-distrito-dispuestas-por-el-ejecutivo-nacional\/\" \/>\n<meta property=\"og:locale\" content=\"es_ES\" \/>\n<meta property=\"og:type\" content=\"article\" \/>\n<meta property=\"og:title\" content=\"Nuevas medidas preventivas en el distrito dispuestas por el Ejecutivo Nacional (Entrevista) - CELTTV\" \/>\n<meta property=\"og:description\" content=\"Sitio web de noticias de la localidad de Tornquist, provincia de Buenos Aires, Rep\u00fablica Argentina. Contenido propio originado por periodistas de CELTTV, el canal de TV local de la Cooperativa El\u00e9ctrica de Tornquist. Turismo, Pol\u00edtica, Sociedad, Deporte, Cultura y todo el contenido de inter\u00e9s general que la gente del pueblo y la regi\u00f3n debe conocer.\" \/>\n<meta property=\"og:url\" content=\"https:\/\/www.celttv.com.ar\/index.php\/2021\/01\/11\/nuevas-medidas-preventivas-en-el-distrito-dispuestas-por-el-ejecutivo-nacional\/\" \/>\n<meta property=\"og:site_name\" content=\"CELTTV\" \/>\n<meta property=\"article:publisher\" content=\"https:\/\/www.facebook.com\/celtTV\/\" \/>\n<meta property=\"article:published_time\" content=\"2021-01-11T18:35:03+00:00\" \/>\n<meta property=\"og:image\" content=\"https:\/\/www.celttv.com.ar\/wp-content\/uploads\/2021\/01\/44481660742_65c6a117b4.jpg\" \/>\n\t<meta property=\"og:image:width\" content=\"499\" \/>\n\t<meta property=\"og:image:height\" content=\"242\" \/>\n\t<meta property=\"og:image:type\" content=\"image\/jpeg\" \/>\n<meta name=\"author\" content=\"ulises\" \/>\n<meta name=\"twitter:card\" content=\"summary_large_image\" \/>\n<meta name=\"twitter:label1\" content=\"Escrito por\" \/>\n\t<meta name=\"twitter:data1\" content=\"ulises\" \/>\n\t<meta name=\"twitter:label2\" content=\"Tiempo de lectura\" \/>\n\t<meta name=\"twitter:data2\" content=\"3 minutos\" \/>\n<script type=\"application\/ld+json\" class=\"yoast-schema-graph\">{\"@context\":\"https:\/\/schema.org\",\"@graph\":[{\"@type\":\"NewsArticle\",\"@id\":\"https:\/\/www.celttv.com.ar\/index.php\/2021\/01\/11\/nuevas-medidas-preventivas-en-el-distrito-dispuestas-por-el-ejecutivo-nacional\/#article\",\"isPartOf\":{\"@id\":\"https:\/\/www.celttv.com.ar\/index.php\/2021\/01\/11\/nuevas-medidas-preventivas-en-el-distrito-dispuestas-por-el-ejecutivo-nacional\/\"},\"author\":{\"name\":\"ulises\",\"@id\":\"https:\/\/www.celttv.com.ar\/#\/schema\/person\/6d99c072dba59953809c81446e9d0ace\"},\"headline\":\"Nuevas medidas preventivas en el distrito dispuestas por el Ejecutivo Nacional (Entrevista)\",\"datePublished\":\"2021-01-11T18:35:03+00:00\",\"dateModified\":\"2021-01-11T18:35:03+00:00\",\"mainEntityOfPage\":{\"@id\":\"https:\/\/www.celttv.com.ar\/index.php\/2021\/01\/11\/nuevas-medidas-preventivas-en-el-distrito-dispuestas-por-el-ejecutivo-nacional\/\"},\"wordCount\":589,\"publisher\":{\"@id\":\"https:\/\/www.celttv.com.ar\/#organization\"},\"articleSection\":[\"Celt TV Noticias\",\"Comunidad\",\"Destacadas\"],\"inLanguage\":\"es\"},{\"@type\":\"WebPage\",\"@id\":\"https:\/\/www.celttv.com.ar\/index.php\/2021\/01\/11\/nuevas-medidas-preventivas-en-el-distrito-dispuestas-por-el-ejecutivo-nacional\/\",\"url\":\"https:\/\/www.celttv.com.ar\/index.php\/2021\/01\/11\/nuevas-medidas-preventivas-en-el-distrito-dispuestas-por-el-ejecutivo-nacional\/\",\"name\":\"Nuevas medidas preventivas en el distrito dispuestas por el Ejecutivo Nacional (Entrevista) - CELTTV\",\"isPartOf\":{\"@id\":\"https:\/\/www.celttv.com.ar\/#website\"},\"datePublished\":\"2021-01-11T18:35:03+00:00\",\"dateModified\":\"2021-01-11T18:35:03+00:00\",\"description\":\"Sitio web de noticias de la localidad de Tornquist, provincia de Buenos Aires, Rep\u00fablica Argentina. Contenido propio originado por periodistas de CELTTV, el canal de TV local de la Cooperativa El\u00e9ctrica de Tornquist. Turismo, Pol\u00edtica, Sociedad, Deporte, Cultura y todo el contenido de inter\u00e9s general que la gente del pueblo y la regi\u00f3n debe conocer.\",\"breadcrumb\":{\"@id\":\"https:\/\/www.celttv.com.ar\/index.php\/2021\/01\/11\/nuevas-medidas-preventivas-en-el-distrito-dispuestas-por-el-ejecutivo-nacional\/#breadcrumb\"},\"inLanguage\":\"es\",\"potentialAction\":[{\"@type\":\"ReadAction\",\"target\":[\"https:\/\/www.celttv.com.ar\/index.php\/2021\/01\/11\/nuevas-medidas-preventivas-en-el-distrito-dispuestas-por-el-ejecutivo-nacional\/\"]}]},{\"@type\":\"BreadcrumbList\",\"@id\":\"https:\/\/www.celttv.com.ar\/index.php\/2021\/01\/11\/nuevas-medidas-preventivas-en-el-distrito-dispuestas-por-el-ejecutivo-nacional\/#breadcrumb\",\"itemListElement\":[{\"@type\":\"ListItem\",\"position\":1,\"name\":\"Inicio\",\"item\":\"https:\/\/www.celttv.com.ar\/\"},{\"@type\":\"ListItem\",\"position\":2,\"name\":\"Nuevas medidas preventivas en el distrito dispuestas por el Ejecutivo Nacional (Entrevista)\"}]},{\"@type\":\"WebSite\",\"@id\":\"https:\/\/www.celttv.com.ar\/#website\",\"url\":\"https:\/\/www.celttv.com.ar\/\",\"name\":\"CELTTV\",\"description\":\"Cooperativa El\u00e9ctrica de Tornquist\",\"publisher\":{\"@id\":\"https:\/\/www.celttv.com.ar\/#organization\"},\"potentialAction\":[{\"@type\":\"SearchAction\",\"target\":{\"@type\":\"EntryPoint\",\"urlTemplate\":\"https:\/\/www.celttv.com.ar\/?s={search_term_string}\"},\"query-input\":\"required name=search_term_string\"}],\"inLanguage\":\"es\"},{\"@type\":\"Organization\",\"@id\":\"https:\/\/www.celttv.com.ar\/#organization\",\"name\":\"CELTTV\",\"url\":\"https:\/\/www.celttv.com.ar\/\",\"sameAs\":[\"https:\/\/www.youtube.com\/channel\/UCz_oIt8Hig64Ub-EmcNPIhg\",\"https:\/\/www.facebook.com\/celtTV\/\"],\"logo\":{\"@type\":\"ImageObject\",\"inLanguage\":\"es\",\"@id\":\"https:\/\/www.celttv.com.ar\/#\/schema\/logo\/image\/\",\"url\":\"http:\/\/www.celttv.com.ar\/wp-content\/uploads\/2022\/08\/logo-1.png\",\"contentUrl\":\"http:\/\/www.celttv.com.ar\/wp-content\/uploads\/2022\/08\/logo-1.png\",\"width\":461,\"height\":159,\"caption\":\"CELTTV\"},\"image\":{\"@id\":\"https:\/\/www.celttv.com.ar\/#\/schema\/logo\/image\/\"}},{\"@type\":\"Person\",\"@id\":\"https:\/\/www.celttv.com.ar\/#\/schema\/person\/6d99c072dba59953809c81446e9d0ace\",\"name\":\"ulises\",\"image\":{\"@type\":\"ImageObject\",\"inLanguage\":\"es\",\"@id\":\"https:\/\/www.celttv.com.ar\/#\/schema\/person\/image\/\",\"url\":\"https:\/\/secure.gravatar.com\/avatar\/7f2c48bdc33b30088f941fb6082e555f2874c98e20cb159d7b92b50eadfce793?s=96&d=mm&r=g\",\"contentUrl\":\"https:\/\/secure.gravatar.com\/avatar\/7f2c48bdc33b30088f941fb6082e555f2874c98e20cb159d7b92b50eadfce793?s=96&d=mm&r=g\",\"caption\":\"ulises\"},\"sameAs\":[\"http:\/\/www.celttv.com.ar\"]}]}<\/script>\n<!-- \/ Yoast SEO plugin. -->","yoast_head_json":{"title":"Nuevas medidas preventivas en el distrito dispuestas por el Ejecutivo Nacional (Entrevista) - CELTTV","description":"Sitio web de noticias de la localidad de Tornquist, provincia de Buenos Aires, Rep\u00fablica Argentina. Contenido propio originado por periodistas de CELTTV, el canal de TV local de la Cooperativa El\u00e9ctrica de Tornquist. Turismo, Pol\u00edtica, Sociedad, Deporte, Cultura y todo el contenido de inter\u00e9s general que la gente del pueblo y la regi\u00f3n debe conocer.","robots":{"index":"index","follow":"follow","max-snippet":"max-snippet:-1","max-image-preview":"max-image-preview:large","max-video-preview":"max-video-preview:-1"},"canonical":"https:\/\/www.celttv.com.ar\/index.php\/2021\/01\/11\/nuevas-medidas-preventivas-en-el-distrito-dispuestas-por-el-ejecutivo-nacional\/","og_locale":"es_ES","og_type":"article","og_title":"Nuevas medidas preventivas en el distrito dispuestas por el Ejecutivo Nacional (Entrevista) - CELTTV","og_description":"Sitio web de noticias de la localidad de Tornquist, provincia de Buenos Aires, Rep\u00fablica Argentina. Contenido propio originado por periodistas de CELTTV, el canal de TV local de la Cooperativa El\u00e9ctrica de Tornquist. Turismo, Pol\u00edtica, Sociedad, Deporte, Cultura y todo el contenido de inter\u00e9s general que la gente del pueblo y la regi\u00f3n debe conocer.","og_url":"https:\/\/www.celttv.com.ar\/index.php\/2021\/01\/11\/nuevas-medidas-preventivas-en-el-distrito-dispuestas-por-el-ejecutivo-nacional\/","og_site_name":"CELTTV","article_publisher":"https:\/\/www.facebook.com\/celtTV\/","article_published_time":"2021-01-11T18:35:03+00:00","og_image":[{"width":499,"height":242,"url":"https:\/\/www.celttv.com.ar\/wp-content\/uploads\/2021\/01\/44481660742_65c6a117b4.jpg","type":"image\/jpeg"}],"author":"ulises","twitter_card":"summary_large_image","twitter_misc":{"Escrito por":"ulises","Tiempo de lectura":"3 minutos"},"schema":{"@context":"https:\/\/schema.org","@graph":[{"@type":"NewsArticle","@id":"https:\/\/www.celttv.com.ar\/index.php\/2021\/01\/11\/nuevas-medidas-preventivas-en-el-distrito-dispuestas-por-el-ejecutivo-nacional\/#article","isPartOf":{"@id":"https:\/\/www.celttv.com.ar\/index.php\/2021\/01\/11\/nuevas-medidas-preventivas-en-el-distrito-dispuestas-por-el-ejecutivo-nacional\/"},"author":{"name":"ulises","@id":"https:\/\/www.celttv.com.ar\/#\/schema\/person\/6d99c072dba59953809c81446e9d0ace"},"headline":"Nuevas medidas preventivas en el distrito dispuestas por el Ejecutivo Nacional (Entrevista)","datePublished":"2021-01-11T18:35:03+00:00","dateModified":"2021-01-11T18:35:03+00:00","mainEntityOfPage":{"@id":"https:\/\/www.celttv.com.ar\/index.php\/2021\/01\/11\/nuevas-medidas-preventivas-en-el-distrito-dispuestas-por-el-ejecutivo-nacional\/"},"wordCount":589,"publisher":{"@id":"https:\/\/www.celttv.com.ar\/#organization"},"articleSection":["Celt TV Noticias","Comunidad","Destacadas"],"inLanguage":"es"},{"@type":"WebPage","@id":"https:\/\/www.celttv.com.ar\/index.php\/2021\/01\/11\/nuevas-medidas-preventivas-en-el-distrito-dispuestas-por-el-ejecutivo-nacional\/","url":"https:\/\/www.celttv.com.ar\/index.php\/2021\/01\/11\/nuevas-medidas-preventivas-en-el-distrito-dispuestas-por-el-ejecutivo-nacional\/","name":"Nuevas medidas preventivas en el distrito dispuestas por el Ejecutivo Nacional (Entrevista) - CELTTV","isPartOf":{"@id":"https:\/\/www.celttv.com.ar\/#website"},"datePublished":"2021-01-11T18:35:03+00:00","dateModified":"2021-01-11T18:35:03+00:00","description":"Sitio web de noticias de la localidad de Tornquist, provincia de Buenos Aires, Rep\u00fablica Argentina. Contenido propio originado por periodistas de CELTTV, el canal de TV local de la Cooperativa El\u00e9ctrica de Tornquist. Turismo, Pol\u00edtica, Sociedad, Deporte, Cultura y todo el contenido de inter\u00e9s general que la gente del pueblo y la regi\u00f3n debe conocer.","breadcrumb":{"@id":"https:\/\/www.celttv.com.ar\/index.php\/2021\/01\/11\/nuevas-medidas-preventivas-en-el-distrito-dispuestas-por-el-ejecutivo-nacional\/#breadcrumb"},"inLanguage":"es","potentialAction":[{"@type":"ReadAction","target":["https:\/\/www.celttv.com.ar\/index.php\/2021\/01\/11\/nuevas-medidas-preventivas-en-el-distrito-dispuestas-por-el-ejecutivo-nacional\/"]}]},{"@type":"BreadcrumbList","@id":"https:\/\/www.celttv.com.ar\/index.php\/2021\/01\/11\/nuevas-medidas-preventivas-en-el-distrito-dispuestas-por-el-ejecutivo-nacional\/#breadcrumb","itemListElement":[{"@type":"ListItem","position":1,"name":"Inicio","item":"https:\/\/www.celttv.com.ar\/"},{"@type":"ListItem","position":2,"name":"Nuevas medidas preventivas en el distrito dispuestas por el Ejecutivo Nacional (Entrevista)"}]},{"@type":"WebSite","@id":"https:\/\/www.celttv.com.ar\/#website","url":"https:\/\/www.celttv.com.ar\/","name":"CELTTV","description":"Cooperativa El\u00e9ctrica de Tornquist","publisher":{"@id":"https:\/\/www.celttv.com.ar\/#organization"},"potentialAction":[{"@type":"SearchAction","target":{"@type":"EntryPoint","urlTemplate":"https:\/\/www.celttv.com.ar\/?s={search_term_string}"},"query-input":"required name=search_term_string"}],"inLanguage":"es"},{"@type":"Organization","@id":"https:\/\/www.celttv.com.ar\/#organization","name":"CELTTV","url":"https:\/\/www.celttv.com.ar\/","sameAs":["https:\/\/www.youtube.com\/channel\/UCz_oIt8Hig64Ub-EmcNPIhg","https:\/\/www.facebook.com\/celtTV\/"],"logo":{"@type":"ImageObject","inLanguage":"es","@id":"https:\/\/www.celttv.com.ar\/#\/schema\/logo\/image\/","url":"http:\/\/www.celttv.com.ar\/wp-content\/uploads\/2022\/08\/logo-1.png","contentUrl":"http:\/\/www.celttv.com.ar\/wp-content\/uploads\/2022\/08\/logo-1.png","width":461,"height":159,"caption":"CELTTV"},"image":{"@id":"https:\/\/www.celttv.com.ar\/#\/schema\/logo\/image\/"}},{"@type":"Person","@id":"https:\/\/www.celttv.com.ar\/#\/schema\/person\/6d99c072dba59953809c81446e9d0ace","name":"ulises","image":{"@type":"ImageObject","inLanguage":"es","@id":"https:\/\/www.celttv.com.ar\/#\/schema\/person\/image\/","url":"https:\/\/secure.gravatar.com\/avatar\/7f2c48bdc33b30088f941fb6082e555f2874c98e20cb159d7b92b50eadfce793?s=96&d=mm&r=g","contentUrl":"https:\/\/secure.gravatar.com\/avatar\/7f2c48bdc33b30088f941fb6082e555f2874c98e20cb159d7b92b50eadfce793?s=96&d=mm&r=g","caption":"ulises"},"sameAs":["http:\/\/www.celttv.com.ar"]}]}},"_links":{"self":[{"href":"https:\/\/www.celttv.com.ar\/index.php\/wp-json\/wp\/v2\/posts\/54812","targetHints":{"allow":["GET"]}}],"collection":[{"href":"https:\/\/www.celttv.com.ar\/index.php\/wp-json\/wp\/v2\/posts"}],"about":[{"href":"https:\/\/www.celttv.com.ar\/index.php\/wp-json\/wp\/v2\/types\/post"}],"author":[{"embeddable":true,"href":"https:\/\/www.celttv.com.ar\/index.php\/wp-json\/wp\/v2\/users\/1"}],"replies":[{"embeddable":true,"href":"https:\/\/www.celttv.com.ar\/index.php\/wp-json\/wp\/v2\/comments?post=54812"}],"version-history":[{"count":0,"href":"https:\/\/www.celttv.com.ar\/index.php\/wp-json\/wp\/v2\/posts\/54812\/revisions"}],"wp:featuredmedia":[{"embeddable":true,"href":"https:\/\/www.celttv.com.ar\/index.php\/wp-json\/wp\/v2\/media\/54813"}],"wp:attachment":[{"href":"https:\/\/www.celttv.com.ar\/index.php\/wp-json\/wp\/v2\/media?parent=54812"}],"wp:term":[{"taxonomy":"category","embeddable":true,"href":"https:\/\/www.celttv.com.ar\/index.php\/wp-json\/wp\/v2\/categories?post=54812"},{"taxonomy":"post_tag","embeddable":true,"href":"https:\/\/www.celttv.com.ar\/index.php\/wp-json\/wp\/v2\/tags?post=54812"}],"curies":[{"name":"wp","href":"https:\/\/api.w.org\/{rel}","templated":true}]}}