{"id":54819,"date":"2021-01-11T22:47:41","date_gmt":"2021-01-11T22:47:41","guid":{"rendered":"http:\/\/www.celttv.com.ar\/?p=54819"},"modified":"2021-01-11T22:47:41","modified_gmt":"2021-01-11T22:47:41","slug":"el-hospital-de-tornquist-podra-realizar-los-diagnosticos-de-covid-19","status":"publish","type":"post","link":"https:\/\/www.celttv.com.ar\/index.php\/2021\/01\/11\/el-hospital-de-tornquist-podra-realizar-los-diagnosticos-de-covid-19\/","title":{"rendered":"El Hospital de Tornquist podr\u00e1 realizar los diagn\u00f3sticos de Covid-19"},"content":{"rendered":"<p>Una importante jornada de capacitaci\u00f3n llevaron adelante el personal de laboratorio del Hospital Municipal &#8220;Dr. Alberto Castro&#8221; de la ciudad cabecera.<\/p>\n<p>La actividad estuvo a cargo de Sergio Pallotto, y el objetivo de la misma apunt\u00f3 a capacitar al personal del laboratorio para que los diagn\u00f3sticos de Covid-19 se puedan hacer en Tornquist.<\/p>\n<p>Pallotto, anticip\u00f3 que durante la capacitaci\u00f3n realizaron an\u00e1lisis de algunas muestras de pacientes sintom\u00e1ticos, siendo \u00e9stos resultados los primeros que se obtenienen en el laboratorio del hospital.<\/p>\n<p>&#8220;Es un paso muy importante para Tornquist y, en los pr\u00f3ximos d\u00edas, el hospital recibir\u00e1 el equipamiento necesario para que los diagn\u00f3sticos se hagan desde este laboratorio. De no mediar inconvenientes, la pr\u00f3xima semana ya estarian en condiciones de hacer todo desde aqu\u00ed&#8221;, manifest\u00f3 Pallotto.<\/p>\n<p>&#8220;Estoy recorriendo el pa\u00eds capacitando a los profesionales como lo hemos hecho hoy en el Hospital de Tornquist. Voy a estar siempre a disposici\u00f3n del personal de laboratorio para responder a todas sus dudas&#8221;, agreg\u00f3.<\/p>\n<div class=\"jeg_video_container jeg_video_content\"><iframe loading=\"lazy\" title=\"2021 01 11 COMUNICACION TELEFONICA SERGIO PALLOTTO\" width=\"500\" height=\"281\" src=\"https:\/\/www.youtube.com\/embed\/AS3wTLZ_ytM?feature=oembed\" frameborder=\"0\" allow=\"accelerometer; autoplay; clipboard-write; encrypted-media; gyroscope; picture-in-picture; web-share\" referrerpolicy=\"strict-origin-when-cross-origin\" allowfullscreen><\/iframe><\/div>\n<p><a href=\"http:\/\/www.celttv.com.ar\/?attachment_id=54820\" rel=\"attachment wp-att-54820\"><img loading=\"lazy\" decoding=\"async\" class=\"alignleft size-full wp-image-54820\" src=\"http:\/\/www.celttv.com.ar\/wp-content\/uploads\/2021\/01\/0e069e44-2f84-4a6b-ba2c-abb7a5207671.jpg\" alt=\"\" width=\"720\" height=\"1280\" srcset=\"https:\/\/www.celttv.com.ar\/wp-content\/uploads\/2021\/01\/0e069e44-2f84-4a6b-ba2c-abb7a5207671.jpg 720w, https:\/\/www.celttv.com.ar\/wp-content\/uploads\/2021\/01\/0e069e44-2f84-4a6b-ba2c-abb7a5207671-169x300.jpg 169w, https:\/\/www.celttv.com.ar\/wp-content\/uploads\/2021\/01\/0e069e44-2f84-4a6b-ba2c-abb7a5207671-576x1024.jpg 576w\" sizes=\"auto, (max-width: 720px) 100vw, 720px\" \/><\/a> <a href=\"http:\/\/www.celttv.com.ar\/?attachment_id=54821\" rel=\"attachment wp-att-54821\"><img loading=\"lazy\" decoding=\"async\" class=\"alignleft size-medium wp-image-54821\" src=\"http:\/\/www.celttv.com.ar\/wp-content\/uploads\/2021\/01\/5938a5a2-68fd-4e1f-82e3-8ed23811bbba.jpg\" alt=\"\" width=\"780\" height=\"585\" srcset=\"https:\/\/www.celttv.com.ar\/wp-content\/uploads\/2021\/01\/5938a5a2-68fd-4e1f-82e3-8ed23811bbba.jpg 1280w, https:\/\/www.celttv.com.ar\/wp-content\/uploads\/2021\/01\/5938a5a2-68fd-4e1f-82e3-8ed23811bbba-300x225.jpg 300w, https:\/\/www.celttv.com.ar\/wp-content\/uploads\/2021\/01\/5938a5a2-68fd-4e1f-82e3-8ed23811bbba-1024x768.jpg 1024w, https:\/\/www.celttv.com.ar\/wp-content\/uploads\/2021\/01\/5938a5a2-68fd-4e1f-82e3-8ed23811bbba-768x576.jpg 768w, https:\/\/www.celttv.com.ar\/wp-content\/uploads\/2021\/01\/5938a5a2-68fd-4e1f-82e3-8ed23811bbba-750x563.jpg 750w, https:\/\/www.celttv.com.ar\/wp-content\/uploads\/2021\/01\/5938a5a2-68fd-4e1f-82e3-8ed23811bbba-1140x855.jpg 1140w\" sizes=\"auto, (max-width: 780px) 100vw, 780px\" \/><\/a> <a href=\"http:\/\/www.celttv.com.ar\/?attachment_id=54822\" rel=\"attachment wp-att-54822\"><img loading=\"lazy\" decoding=\"async\" class=\"alignleft size-medium wp-image-54822\" src=\"http:\/\/www.celttv.com.ar\/wp-content\/uploads\/2021\/01\/b3315a57-4118-49cf-bd86-83202b6dc7f1.jpg\" alt=\"\" width=\"780\" height=\"585\" srcset=\"https:\/\/www.celttv.com.ar\/wp-content\/uploads\/2021\/01\/b3315a57-4118-49cf-bd86-83202b6dc7f1.jpg 1280w, https:\/\/www.celttv.com.ar\/wp-content\/uploads\/2021\/01\/b3315a57-4118-49cf-bd86-83202b6dc7f1-300x225.jpg 300w, https:\/\/www.celttv.com.ar\/wp-content\/uploads\/2021\/01\/b3315a57-4118-49cf-bd86-83202b6dc7f1-1024x768.jpg 1024w, https:\/\/www.celttv.com.ar\/wp-content\/uploads\/2021\/01\/b3315a57-4118-49cf-bd86-83202b6dc7f1-768x576.jpg 768w, https:\/\/www.celttv.com.ar\/wp-content\/uploads\/2021\/01\/b3315a57-4118-49cf-bd86-83202b6dc7f1-750x563.jpg 750w, https:\/\/www.celttv.com.ar\/wp-content\/uploads\/2021\/01\/b3315a57-4118-49cf-bd86-83202b6dc7f1-1140x855.jpg 1140w\" sizes=\"auto, (max-width: 780px) 100vw, 780px\" \/><\/a> <a href=\"http:\/\/www.celttv.com.ar\/?attachment_id=54823\" rel=\"attachment wp-att-54823\"><img loading=\"lazy\" decoding=\"async\" class=\"alignleft size-medium wp-image-54823\" src=\"http:\/\/www.celttv.com.ar\/wp-content\/uploads\/2021\/01\/d3bc9a06-85ec-4dd1-a9cb-3c253b70d8d1.jpg\" alt=\"\" width=\"780\" height=\"585\" srcset=\"https:\/\/www.celttv.com.ar\/wp-content\/uploads\/2021\/01\/d3bc9a06-85ec-4dd1-a9cb-3c253b70d8d1.jpg 1280w, https:\/\/www.celttv.com.ar\/wp-content\/uploads\/2021\/01\/d3bc9a06-85ec-4dd1-a9cb-3c253b70d8d1-300x225.jpg 300w, https:\/\/www.celttv.com.ar\/wp-content\/uploads\/2021\/01\/d3bc9a06-85ec-4dd1-a9cb-3c253b70d8d1-1024x768.jpg 1024w, https:\/\/www.celttv.com.ar\/wp-content\/uploads\/2021\/01\/d3bc9a06-85ec-4dd1-a9cb-3c253b70d8d1-768x576.jpg 768w, https:\/\/www.celttv.com.ar\/wp-content\/uploads\/2021\/01\/d3bc9a06-85ec-4dd1-a9cb-3c253b70d8d1-750x563.jpg 750w, https:\/\/www.celttv.com.ar\/wp-content\/uploads\/2021\/01\/d3bc9a06-85ec-4dd1-a9cb-3c253b70d8d1-1140x855.jpg 1140w\" sizes=\"auto, (max-width: 780px) 100vw, 780px\" \/><\/a><\/p>\n","protected":false},"excerpt":{"rendered":"<p>Una importante jornada de capacitaci\u00f3n llevaron adelante el personal de laboratorio del Hospital Municipal &#8220;Dr. Alberto Castro&#8221; de la ciudad cabecera. La actividad estuvo a cargo de Sergio Pallotto, y el objetivo de la misma apunt\u00f3 a capacitar al personal del laboratorio para que los diagn\u00f3sticos de Covid-19 se puedan hacer en Tornquist. Pallotto, anticip\u00f3 [&hellip;]<\/p>\n","protected":false},"author":1,"featured_media":54823,"comment_status":"closed","ping_status":"open","sticky":false,"template":"","format":"standard","meta":{"footnotes":""},"categories":[54,55,51,52],"tags":[],"class_list":["post-54819","post","type-post","status-publish","format-standard","has-post-thumbnail","hentry","category-atencion-salud","category-celt-tv-noticias","category-comunidad","category-destacadas"],"yoast_head":"<!-- This site is optimized with the Yoast SEO plugin v19.7.1 - https:\/\/yoast.com\/wordpress\/plugins\/seo\/ -->\n<title>El Hospital de Tornquist podr\u00e1 realizar los diagn\u00f3sticos de Covid-19 - CELTTV<\/title>\n<meta name=\"description\" content=\"Sitio web de noticias de la localidad de Tornquist, provincia de Buenos Aires, Rep\u00fablica Argentina. Contenido propio originado por periodistas de CELTTV, el canal de TV local de la Cooperativa El\u00e9ctrica de Tornquist. Turismo, Pol\u00edtica, Sociedad, Deporte, Cultura y todo el contenido de inter\u00e9s general que la gente del pueblo y la regi\u00f3n debe conocer.\" \/>\n<meta name=\"robots\" content=\"index, follow, max-snippet:-1, max-image-preview:large, max-video-preview:-1\" \/>\n<link rel=\"canonical\" href=\"https:\/\/www.celttv.com.ar\/index.php\/2021\/01\/11\/el-hospital-de-tornquist-podra-realizar-los-diagnosticos-de-covid-19\/\" \/>\n<meta property=\"og:locale\" content=\"es_ES\" \/>\n<meta property=\"og:type\" content=\"article\" \/>\n<meta property=\"og:title\" content=\"El Hospital de Tornquist podr\u00e1 realizar los diagn\u00f3sticos de Covid-19 - CELTTV\" \/>\n<meta property=\"og:description\" content=\"Sitio web de noticias de la localidad de Tornquist, provincia de Buenos Aires, Rep\u00fablica Argentina. Contenido propio originado por periodistas de CELTTV, el canal de TV local de la Cooperativa El\u00e9ctrica de Tornquist. Turismo, Pol\u00edtica, Sociedad, Deporte, Cultura y todo el contenido de inter\u00e9s general que la gente del pueblo y la regi\u00f3n debe conocer.\" \/>\n<meta property=\"og:url\" content=\"https:\/\/www.celttv.com.ar\/index.php\/2021\/01\/11\/el-hospital-de-tornquist-podra-realizar-los-diagnosticos-de-covid-19\/\" \/>\n<meta property=\"og:site_name\" content=\"CELTTV\" \/>\n<meta property=\"article:publisher\" content=\"https:\/\/www.facebook.com\/celtTV\/\" \/>\n<meta property=\"article:published_time\" content=\"2021-01-11T22:47:41+00:00\" \/>\n<meta property=\"og:image\" content=\"https:\/\/www.celttv.com.ar\/wp-content\/uploads\/2021\/01\/d3bc9a06-85ec-4dd1-a9cb-3c253b70d8d1.jpg\" \/>\n\t<meta property=\"og:image:width\" content=\"1280\" \/>\n\t<meta property=\"og:image:height\" content=\"960\" \/>\n\t<meta property=\"og:image:type\" content=\"image\/jpeg\" \/>\n<meta name=\"author\" content=\"ulises\" \/>\n<meta name=\"twitter:card\" content=\"summary_large_image\" \/>\n<meta name=\"twitter:label1\" content=\"Escrito por\" \/>\n\t<meta name=\"twitter:data1\" content=\"ulises\" \/>\n\t<meta name=\"twitter:label2\" content=\"Tiempo de lectura\" \/>\n\t<meta name=\"twitter:data2\" content=\"1 minuto\" \/>\n<script type=\"application\/ld+json\" class=\"yoast-schema-graph\">{\"@context\":\"https:\/\/schema.org\",\"@graph\":[{\"@type\":\"NewsArticle\",\"@id\":\"https:\/\/www.celttv.com.ar\/index.php\/2021\/01\/11\/el-hospital-de-tornquist-podra-realizar-los-diagnosticos-de-covid-19\/#article\",\"isPartOf\":{\"@id\":\"https:\/\/www.celttv.com.ar\/index.php\/2021\/01\/11\/el-hospital-de-tornquist-podra-realizar-los-diagnosticos-de-covid-19\/\"},\"author\":{\"name\":\"ulises\",\"@id\":\"https:\/\/www.celttv.com.ar\/#\/schema\/person\/6d99c072dba59953809c81446e9d0ace\"},\"headline\":\"El Hospital de Tornquist podr\u00e1 realizar los diagn\u00f3sticos de Covid-19\",\"datePublished\":\"2021-01-11T22:47:41+00:00\",\"dateModified\":\"2021-01-11T22:47:41+00:00\",\"mainEntityOfPage\":{\"@id\":\"https:\/\/www.celttv.com.ar\/index.php\/2021\/01\/11\/el-hospital-de-tornquist-podra-realizar-los-diagnosticos-de-covid-19\/\"},\"wordCount\":191,\"publisher\":{\"@id\":\"https:\/\/www.celttv.com.ar\/#organization\"},\"articleSection\":[\"Atenci\u00f3n Salud\",\"Celt TV Noticias\",\"Comunidad\",\"Destacadas\"],\"inLanguage\":\"es\"},{\"@type\":\"WebPage\",\"@id\":\"https:\/\/www.celttv.com.ar\/index.php\/2021\/01\/11\/el-hospital-de-tornquist-podra-realizar-los-diagnosticos-de-covid-19\/\",\"url\":\"https:\/\/www.celttv.com.ar\/index.php\/2021\/01\/11\/el-hospital-de-tornquist-podra-realizar-los-diagnosticos-de-covid-19\/\",\"name\":\"El Hospital de Tornquist podr\u00e1 realizar los diagn\u00f3sticos de Covid-19 - CELTTV\",\"isPartOf\":{\"@id\":\"https:\/\/www.celttv.com.ar\/#website\"},\"datePublished\":\"2021-01-11T22:47:41+00:00\",\"dateModified\":\"2021-01-11T22:47:41+00:00\",\"description\":\"Sitio web de noticias de la localidad de Tornquist, provincia de Buenos Aires, Rep\u00fablica Argentina. Contenido propio originado por periodistas de CELTTV, el canal de TV local de la Cooperativa El\u00e9ctrica de Tornquist. Turismo, Pol\u00edtica, Sociedad, Deporte, Cultura y todo el contenido de inter\u00e9s general que la gente del pueblo y la regi\u00f3n debe conocer.\",\"breadcrumb\":{\"@id\":\"https:\/\/www.celttv.com.ar\/index.php\/2021\/01\/11\/el-hospital-de-tornquist-podra-realizar-los-diagnosticos-de-covid-19\/#breadcrumb\"},\"inLanguage\":\"es\",\"potentialAction\":[{\"@type\":\"ReadAction\",\"target\":[\"https:\/\/www.celttv.com.ar\/index.php\/2021\/01\/11\/el-hospital-de-tornquist-podra-realizar-los-diagnosticos-de-covid-19\/\"]}]},{\"@type\":\"BreadcrumbList\",\"@id\":\"https:\/\/www.celttv.com.ar\/index.php\/2021\/01\/11\/el-hospital-de-tornquist-podra-realizar-los-diagnosticos-de-covid-19\/#breadcrumb\",\"itemListElement\":[{\"@type\":\"ListItem\",\"position\":1,\"name\":\"Inicio\",\"item\":\"https:\/\/www.celttv.com.ar\/\"},{\"@type\":\"ListItem\",\"position\":2,\"name\":\"El Hospital de Tornquist podr\u00e1 realizar los diagn\u00f3sticos de Covid-19\"}]},{\"@type\":\"WebSite\",\"@id\":\"https:\/\/www.celttv.com.ar\/#website\",\"url\":\"https:\/\/www.celttv.com.ar\/\",\"name\":\"CELTTV\",\"description\":\"Cooperativa El\u00e9ctrica de Tornquist\",\"publisher\":{\"@id\":\"https:\/\/www.celttv.com.ar\/#organization\"},\"potentialAction\":[{\"@type\":\"SearchAction\",\"target\":{\"@type\":\"EntryPoint\",\"urlTemplate\":\"https:\/\/www.celttv.com.ar\/?s={search_term_string}\"},\"query-input\":\"required name=search_term_string\"}],\"inLanguage\":\"es\"},{\"@type\":\"Organization\",\"@id\":\"https:\/\/www.celttv.com.ar\/#organization\",\"name\":\"CELTTV\",\"url\":\"https:\/\/www.celttv.com.ar\/\",\"sameAs\":[\"https:\/\/www.youtube.com\/channel\/UCz_oIt8Hig64Ub-EmcNPIhg\",\"https:\/\/www.facebook.com\/celtTV\/\"],\"logo\":{\"@type\":\"ImageObject\",\"inLanguage\":\"es\",\"@id\":\"https:\/\/www.celttv.com.ar\/#\/schema\/logo\/image\/\",\"url\":\"http:\/\/www.celttv.com.ar\/wp-content\/uploads\/2022\/08\/logo-1.png\",\"contentUrl\":\"http:\/\/www.celttv.com.ar\/wp-content\/uploads\/2022\/08\/logo-1.png\",\"width\":461,\"height\":159,\"caption\":\"CELTTV\"},\"image\":{\"@id\":\"https:\/\/www.celttv.com.ar\/#\/schema\/logo\/image\/\"}},{\"@type\":\"Person\",\"@id\":\"https:\/\/www.celttv.com.ar\/#\/schema\/person\/6d99c072dba59953809c81446e9d0ace\",\"name\":\"ulises\",\"image\":{\"@type\":\"ImageObject\",\"inLanguage\":\"es\",\"@id\":\"https:\/\/www.celttv.com.ar\/#\/schema\/person\/image\/\",\"url\":\"https:\/\/secure.gravatar.com\/avatar\/7f2c48bdc33b30088f941fb6082e555f2874c98e20cb159d7b92b50eadfce793?s=96&d=mm&r=g\",\"contentUrl\":\"https:\/\/secure.gravatar.com\/avatar\/7f2c48bdc33b30088f941fb6082e555f2874c98e20cb159d7b92b50eadfce793?s=96&d=mm&r=g\",\"caption\":\"ulises\"},\"sameAs\":[\"http:\/\/www.celttv.com.ar\"]}]}<\/script>\n<!-- \/ Yoast SEO plugin. -->","yoast_head_json":{"title":"El Hospital de Tornquist podr\u00e1 realizar los diagn\u00f3sticos de Covid-19 - CELTTV","description":"Sitio web de noticias de la localidad de Tornquist, provincia de Buenos Aires, Rep\u00fablica Argentina. Contenido propio originado por periodistas de CELTTV, el canal de TV local de la Cooperativa El\u00e9ctrica de Tornquist. Turismo, Pol\u00edtica, Sociedad, Deporte, Cultura y todo el contenido de inter\u00e9s general que la gente del pueblo y la regi\u00f3n debe conocer.","robots":{"index":"index","follow":"follow","max-snippet":"max-snippet:-1","max-image-preview":"max-image-preview:large","max-video-preview":"max-video-preview:-1"},"canonical":"https:\/\/www.celttv.com.ar\/index.php\/2021\/01\/11\/el-hospital-de-tornquist-podra-realizar-los-diagnosticos-de-covid-19\/","og_locale":"es_ES","og_type":"article","og_title":"El Hospital de Tornquist podr\u00e1 realizar los diagn\u00f3sticos de Covid-19 - CELTTV","og_description":"Sitio web de noticias de la localidad de Tornquist, provincia de Buenos Aires, Rep\u00fablica Argentina. Contenido propio originado por periodistas de CELTTV, el canal de TV local de la Cooperativa El\u00e9ctrica de Tornquist. Turismo, Pol\u00edtica, Sociedad, Deporte, Cultura y todo el contenido de inter\u00e9s general que la gente del pueblo y la regi\u00f3n debe conocer.","og_url":"https:\/\/www.celttv.com.ar\/index.php\/2021\/01\/11\/el-hospital-de-tornquist-podra-realizar-los-diagnosticos-de-covid-19\/","og_site_name":"CELTTV","article_publisher":"https:\/\/www.facebook.com\/celtTV\/","article_published_time":"2021-01-11T22:47:41+00:00","og_image":[{"width":1280,"height":960,"url":"https:\/\/www.celttv.com.ar\/wp-content\/uploads\/2021\/01\/d3bc9a06-85ec-4dd1-a9cb-3c253b70d8d1.jpg","type":"image\/jpeg"}],"author":"ulises","twitter_card":"summary_large_image","twitter_misc":{"Escrito por":"ulises","Tiempo de lectura":"1 minuto"},"schema":{"@context":"https:\/\/schema.org","@graph":[{"@type":"NewsArticle","@id":"https:\/\/www.celttv.com.ar\/index.php\/2021\/01\/11\/el-hospital-de-tornquist-podra-realizar-los-diagnosticos-de-covid-19\/#article","isPartOf":{"@id":"https:\/\/www.celttv.com.ar\/index.php\/2021\/01\/11\/el-hospital-de-tornquist-podra-realizar-los-diagnosticos-de-covid-19\/"},"author":{"name":"ulises","@id":"https:\/\/www.celttv.com.ar\/#\/schema\/person\/6d99c072dba59953809c81446e9d0ace"},"headline":"El Hospital de Tornquist podr\u00e1 realizar los diagn\u00f3sticos de Covid-19","datePublished":"2021-01-11T22:47:41+00:00","dateModified":"2021-01-11T22:47:41+00:00","mainEntityOfPage":{"@id":"https:\/\/www.celttv.com.ar\/index.php\/2021\/01\/11\/el-hospital-de-tornquist-podra-realizar-los-diagnosticos-de-covid-19\/"},"wordCount":191,"publisher":{"@id":"https:\/\/www.celttv.com.ar\/#organization"},"articleSection":["Atenci\u00f3n Salud","Celt TV Noticias","Comunidad","Destacadas"],"inLanguage":"es"},{"@type":"WebPage","@id":"https:\/\/www.celttv.com.ar\/index.php\/2021\/01\/11\/el-hospital-de-tornquist-podra-realizar-los-diagnosticos-de-covid-19\/","url":"https:\/\/www.celttv.com.ar\/index.php\/2021\/01\/11\/el-hospital-de-tornquist-podra-realizar-los-diagnosticos-de-covid-19\/","name":"El Hospital de Tornquist podr\u00e1 realizar los diagn\u00f3sticos de Covid-19 - CELTTV","isPartOf":{"@id":"https:\/\/www.celttv.com.ar\/#website"},"datePublished":"2021-01-11T22:47:41+00:00","dateModified":"2021-01-11T22:47:41+00:00","description":"Sitio web de noticias de la localidad de Tornquist, provincia de Buenos Aires, Rep\u00fablica Argentina. Contenido propio originado por periodistas de CELTTV, el canal de TV local de la Cooperativa El\u00e9ctrica de Tornquist. Turismo, Pol\u00edtica, Sociedad, Deporte, Cultura y todo el contenido de inter\u00e9s general que la gente del pueblo y la regi\u00f3n debe conocer.","breadcrumb":{"@id":"https:\/\/www.celttv.com.ar\/index.php\/2021\/01\/11\/el-hospital-de-tornquist-podra-realizar-los-diagnosticos-de-covid-19\/#breadcrumb"},"inLanguage":"es","potentialAction":[{"@type":"ReadAction","target":["https:\/\/www.celttv.com.ar\/index.php\/2021\/01\/11\/el-hospital-de-tornquist-podra-realizar-los-diagnosticos-de-covid-19\/"]}]},{"@type":"BreadcrumbList","@id":"https:\/\/www.celttv.com.ar\/index.php\/2021\/01\/11\/el-hospital-de-tornquist-podra-realizar-los-diagnosticos-de-covid-19\/#breadcrumb","itemListElement":[{"@type":"ListItem","position":1,"name":"Inicio","item":"https:\/\/www.celttv.com.ar\/"},{"@type":"ListItem","position":2,"name":"El Hospital de Tornquist podr\u00e1 realizar los diagn\u00f3sticos de Covid-19"}]},{"@type":"WebSite","@id":"https:\/\/www.celttv.com.ar\/#website","url":"https:\/\/www.celttv.com.ar\/","name":"CELTTV","description":"Cooperativa El\u00e9ctrica de Tornquist","publisher":{"@id":"https:\/\/www.celttv.com.ar\/#organization"},"potentialAction":[{"@type":"SearchAction","target":{"@type":"EntryPoint","urlTemplate":"https:\/\/www.celttv.com.ar\/?s={search_term_string}"},"query-input":"required name=search_term_string"}],"inLanguage":"es"},{"@type":"Organization","@id":"https:\/\/www.celttv.com.ar\/#organization","name":"CELTTV","url":"https:\/\/www.celttv.com.ar\/","sameAs":["https:\/\/www.youtube.com\/channel\/UCz_oIt8Hig64Ub-EmcNPIhg","https:\/\/www.facebook.com\/celtTV\/"],"logo":{"@type":"ImageObject","inLanguage":"es","@id":"https:\/\/www.celttv.com.ar\/#\/schema\/logo\/image\/","url":"http:\/\/www.celttv.com.ar\/wp-content\/uploads\/2022\/08\/logo-1.png","contentUrl":"http:\/\/www.celttv.com.ar\/wp-content\/uploads\/2022\/08\/logo-1.png","width":461,"height":159,"caption":"CELTTV"},"image":{"@id":"https:\/\/www.celttv.com.ar\/#\/schema\/logo\/image\/"}},{"@type":"Person","@id":"https:\/\/www.celttv.com.ar\/#\/schema\/person\/6d99c072dba59953809c81446e9d0ace","name":"ulises","image":{"@type":"ImageObject","inLanguage":"es","@id":"https:\/\/www.celttv.com.ar\/#\/schema\/person\/image\/","url":"https:\/\/secure.gravatar.com\/avatar\/7f2c48bdc33b30088f941fb6082e555f2874c98e20cb159d7b92b50eadfce793?s=96&d=mm&r=g","contentUrl":"https:\/\/secure.gravatar.com\/avatar\/7f2c48bdc33b30088f941fb6082e555f2874c98e20cb159d7b92b50eadfce793?s=96&d=mm&r=g","caption":"ulises"},"sameAs":["http:\/\/www.celttv.com.ar"]}]}},"_links":{"self":[{"href":"https:\/\/www.celttv.com.ar\/index.php\/wp-json\/wp\/v2\/posts\/54819","targetHints":{"allow":["GET"]}}],"collection":[{"href":"https:\/\/www.celttv.com.ar\/index.php\/wp-json\/wp\/v2\/posts"}],"about":[{"href":"https:\/\/www.celttv.com.ar\/index.php\/wp-json\/wp\/v2\/types\/post"}],"author":[{"embeddable":true,"href":"https:\/\/www.celttv.com.ar\/index.php\/wp-json\/wp\/v2\/users\/1"}],"replies":[{"embeddable":true,"href":"https:\/\/www.celttv.com.ar\/index.php\/wp-json\/wp\/v2\/comments?post=54819"}],"version-history":[{"count":0,"href":"https:\/\/www.celttv.com.ar\/index.php\/wp-json\/wp\/v2\/posts\/54819\/revisions"}],"wp:featuredmedia":[{"embeddable":true,"href":"https:\/\/www.celttv.com.ar\/index.php\/wp-json\/wp\/v2\/media\/54823"}],"wp:attachment":[{"href":"https:\/\/www.celttv.com.ar\/index.php\/wp-json\/wp\/v2\/media?parent=54819"}],"wp:term":[{"taxonomy":"category","embeddable":true,"href":"https:\/\/www.celttv.com.ar\/index.php\/wp-json\/wp\/v2\/categories?post=54819"},{"taxonomy":"post_tag","embeddable":true,"href":"https:\/\/www.celttv.com.ar\/index.php\/wp-json\/wp\/v2\/tags?post=54819"}],"curies":[{"name":"wp","href":"https:\/\/api.w.org\/{rel}","templated":true}]}}