{"id":55091,"date":"2021-01-21T16:34:35","date_gmt":"2021-01-21T16:34:35","guid":{"rendered":"http:\/\/www.celttv.com.ar\/?p=55091"},"modified":"2021-01-21T16:34:35","modified_gmt":"2021-01-21T16:34:35","slug":"el-municipio-de-tornquist-adhirio-al-programa-comunidades-sin-violencias","status":"publish","type":"post","link":"https:\/\/www.celttv.com.ar\/index.php\/2021\/01\/21\/el-municipio-de-tornquist-adhirio-al-programa-comunidades-sin-violencias\/","title":{"rendered":"El municipio de Tornquist adhiri\u00f3 al programa \u201cComunidades sin Violencias\u201d"},"content":{"rendered":"<p align=\"JUSTIFY\"><a name=\"Bookmark\"><\/a><span style=\"font-family: 'Futura Bk BT', serif;\"><span style=\"font-size: medium;\">El Director de Juventud, G\u00e9nero y Diversidad de Tornquist, Lic. Bruno Zacconi, particip\u00f3 de la presentaci\u00f3n del programa \u201cComunidades sin Violencias\u201d, lanzado por Ministerio de las Mujeres, Pol\u00edticas de G\u00e9nero y Diversidad Sexual de la Provincia de Buenos Aires.<\/span><\/span><\/p>\n<p align=\"JUSTIFY\"><span style=\"font-family: 'Futura Bk BT', serif;\"><span style=\"font-size: medium;\">La iniciativa tiene como objetivo fortalecer el abordaje de la violencia por razones de g\u00e9nero en todo el territorio provincial, mediante proyectos que presentar\u00e1 cada municipio adherente.<\/span><\/span><\/p>\n<p align=\"JUSTIFY\"><span style=\"font-family: 'Futura Bk BT', serif;\"><span style=\"font-size: medium;\">El programa prev\u00e9 un financiamiento inicial de entre $1.500.000 y $5.000.000 por comuna y plantea tres l\u00edneas de trabajo: el fortalecimiento de los dispositivos municipales de atenci\u00f3n de las violencias por razones de g\u00e9nero; la refacci\u00f3n y construcci\u00f3n Hogares de Protecci\u00f3n Integral que son parte de la Red de Hogares provincial y Casas abiertas en cada municipio; y la construcci\u00f3n de una l\u00ednea espec\u00edfica para el acceso al trabajo destinada a mujeres y LGTB+.\u00a0<\/span><\/span><\/p>\n<p align=\"JUSTIFY\"><span style=\"font-family: 'Futura Bk BT', serif;\"><span style=\"font-size: medium;\">De la jornada, desarrollada de manera virtual, participaron la Subsecretar\u00eda de Pol\u00edticas contra las Violencias por Razones de G\u00e9nero, Flavia Delmas; la Directora Provincial de Investigaci\u00f3n, Planificaci\u00f3n y Gesti\u00f3n, Adriana Vicente; y representantes de los municipios de Tres Lomas, Villarino, Tres Arroyos, Tornquist, Ca\u00f1uelas, 25 de Mayo, La Costa, Escobar, Baradero y Tordillo.<\/span><\/span><\/p>\n<p align=\"JUSTIFY\"><a href=\"http:\/\/www.celttv.com.ar\/?attachment_id=55098\" rel=\"attachment wp-att-55098\"><img loading=\"lazy\" decoding=\"async\" class=\"alignleft size-full wp-image-55098\" src=\"http:\/\/www.celttv.com.ar\/wp-content\/uploads\/2021\/01\/Programa-Comunidades-sin-Violencia.jpg\" alt=\"\" width=\"1280\" height=\"1253\" srcset=\"https:\/\/www.celttv.com.ar\/wp-content\/uploads\/2021\/01\/Programa-Comunidades-sin-Violencia.jpg 1280w, https:\/\/www.celttv.com.ar\/wp-content\/uploads\/2021\/01\/Programa-Comunidades-sin-Violencia-300x294.jpg 300w, https:\/\/www.celttv.com.ar\/wp-content\/uploads\/2021\/01\/Programa-Comunidades-sin-Violencia-1024x1002.jpg 1024w, https:\/\/www.celttv.com.ar\/wp-content\/uploads\/2021\/01\/Programa-Comunidades-sin-Violencia-768x752.jpg 768w, https:\/\/www.celttv.com.ar\/wp-content\/uploads\/2021\/01\/Programa-Comunidades-sin-Violencia-750x734.jpg 750w, https:\/\/www.celttv.com.ar\/wp-content\/uploads\/2021\/01\/Programa-Comunidades-sin-Violencia-1140x1116.jpg 1140w\" sizes=\"auto, (max-width: 1280px) 100vw, 1280px\" \/><\/a><\/p>\n","protected":false},"excerpt":{"rendered":"<p>El Director de Juventud, G\u00e9nero y Diversidad de Tornquist, Lic. Bruno Zacconi, particip\u00f3 de la presentaci\u00f3n del programa \u201cComunidades sin Violencias\u201d, lanzado por Ministerio de las Mujeres, Pol\u00edticas de G\u00e9nero y Diversidad Sexual de la Provincia de Buenos Aires. La iniciativa tiene como objetivo fortalecer el abordaje de la violencia por razones de g\u00e9nero en [&hellip;]<\/p>\n","protected":false},"author":1,"featured_media":55098,"comment_status":"closed","ping_status":"open","sticky":false,"template":"","format":"standard","meta":{"footnotes":""},"categories":[55,51,52],"tags":[],"class_list":["post-55091","post","type-post","status-publish","format-standard","has-post-thumbnail","hentry","category-celt-tv-noticias","category-comunidad","category-destacadas"],"yoast_head":"<!-- This site is optimized with the Yoast SEO plugin v19.7.1 - https:\/\/yoast.com\/wordpress\/plugins\/seo\/ -->\n<title>El municipio de Tornquist adhiri\u00f3 al programa \u201cComunidades sin Violencias\u201d - CELTTV<\/title>\n<meta name=\"description\" content=\"Sitio web de noticias de la localidad de Tornquist, provincia de Buenos Aires, Rep\u00fablica Argentina. Contenido propio originado por periodistas de CELTTV, el canal de TV local de la Cooperativa El\u00e9ctrica de Tornquist. Turismo, Pol\u00edtica, Sociedad, Deporte, Cultura y todo el contenido de inter\u00e9s general que la gente del pueblo y la regi\u00f3n debe conocer.\" \/>\n<meta name=\"robots\" content=\"index, follow, max-snippet:-1, max-image-preview:large, max-video-preview:-1\" \/>\n<link rel=\"canonical\" href=\"https:\/\/www.celttv.com.ar\/index.php\/2021\/01\/21\/el-municipio-de-tornquist-adhirio-al-programa-comunidades-sin-violencias\/\" \/>\n<meta property=\"og:locale\" content=\"es_ES\" \/>\n<meta property=\"og:type\" content=\"article\" \/>\n<meta property=\"og:title\" content=\"El municipio de Tornquist adhiri\u00f3 al programa \u201cComunidades sin Violencias\u201d - CELTTV\" \/>\n<meta property=\"og:description\" content=\"Sitio web de noticias de la localidad de Tornquist, provincia de Buenos Aires, Rep\u00fablica Argentina. Contenido propio originado por periodistas de CELTTV, el canal de TV local de la Cooperativa El\u00e9ctrica de Tornquist. Turismo, Pol\u00edtica, Sociedad, Deporte, Cultura y todo el contenido de inter\u00e9s general que la gente del pueblo y la regi\u00f3n debe conocer.\" \/>\n<meta property=\"og:url\" content=\"https:\/\/www.celttv.com.ar\/index.php\/2021\/01\/21\/el-municipio-de-tornquist-adhirio-al-programa-comunidades-sin-violencias\/\" \/>\n<meta property=\"og:site_name\" content=\"CELTTV\" \/>\n<meta property=\"article:publisher\" content=\"https:\/\/www.facebook.com\/celtTV\/\" \/>\n<meta property=\"article:published_time\" content=\"2021-01-21T16:34:35+00:00\" \/>\n<meta property=\"og:image\" content=\"https:\/\/www.celttv.com.ar\/wp-content\/uploads\/2021\/01\/Programa-Comunidades-sin-Violencia.jpg\" \/>\n\t<meta property=\"og:image:width\" content=\"1280\" \/>\n\t<meta property=\"og:image:height\" content=\"1253\" \/>\n\t<meta property=\"og:image:type\" content=\"image\/jpeg\" \/>\n<meta name=\"author\" content=\"ulises\" \/>\n<meta name=\"twitter:card\" content=\"summary_large_image\" \/>\n<meta name=\"twitter:label1\" content=\"Escrito por\" \/>\n\t<meta name=\"twitter:data1\" content=\"ulises\" \/>\n\t<meta name=\"twitter:label2\" content=\"Tiempo de lectura\" \/>\n\t<meta name=\"twitter:data2\" content=\"1 minuto\" \/>\n<script type=\"application\/ld+json\" class=\"yoast-schema-graph\">{\"@context\":\"https:\/\/schema.org\",\"@graph\":[{\"@type\":\"NewsArticle\",\"@id\":\"https:\/\/www.celttv.com.ar\/index.php\/2021\/01\/21\/el-municipio-de-tornquist-adhirio-al-programa-comunidades-sin-violencias\/#article\",\"isPartOf\":{\"@id\":\"https:\/\/www.celttv.com.ar\/index.php\/2021\/01\/21\/el-municipio-de-tornquist-adhirio-al-programa-comunidades-sin-violencias\/\"},\"author\":{\"name\":\"ulises\",\"@id\":\"https:\/\/www.celttv.com.ar\/#\/schema\/person\/6d99c072dba59953809c81446e9d0ace\"},\"headline\":\"El municipio de Tornquist adhiri\u00f3 al programa \u201cComunidades sin Violencias\u201d\",\"datePublished\":\"2021-01-21T16:34:35+00:00\",\"dateModified\":\"2021-01-21T16:34:35+00:00\",\"mainEntityOfPage\":{\"@id\":\"https:\/\/www.celttv.com.ar\/index.php\/2021\/01\/21\/el-municipio-de-tornquist-adhirio-al-programa-comunidades-sin-violencias\/\"},\"wordCount\":221,\"publisher\":{\"@id\":\"https:\/\/www.celttv.com.ar\/#organization\"},\"articleSection\":[\"Celt TV Noticias\",\"Comunidad\",\"Destacadas\"],\"inLanguage\":\"es\"},{\"@type\":\"WebPage\",\"@id\":\"https:\/\/www.celttv.com.ar\/index.php\/2021\/01\/21\/el-municipio-de-tornquist-adhirio-al-programa-comunidades-sin-violencias\/\",\"url\":\"https:\/\/www.celttv.com.ar\/index.php\/2021\/01\/21\/el-municipio-de-tornquist-adhirio-al-programa-comunidades-sin-violencias\/\",\"name\":\"El municipio de Tornquist adhiri\u00f3 al programa \u201cComunidades sin Violencias\u201d - CELTTV\",\"isPartOf\":{\"@id\":\"https:\/\/www.celttv.com.ar\/#website\"},\"datePublished\":\"2021-01-21T16:34:35+00:00\",\"dateModified\":\"2021-01-21T16:34:35+00:00\",\"description\":\"Sitio web de noticias de la localidad de Tornquist, provincia de Buenos Aires, Rep\u00fablica Argentina. Contenido propio originado por periodistas de CELTTV, el canal de TV local de la Cooperativa El\u00e9ctrica de Tornquist. Turismo, Pol\u00edtica, Sociedad, Deporte, Cultura y todo el contenido de inter\u00e9s general que la gente del pueblo y la regi\u00f3n debe conocer.\",\"breadcrumb\":{\"@id\":\"https:\/\/www.celttv.com.ar\/index.php\/2021\/01\/21\/el-municipio-de-tornquist-adhirio-al-programa-comunidades-sin-violencias\/#breadcrumb\"},\"inLanguage\":\"es\",\"potentialAction\":[{\"@type\":\"ReadAction\",\"target\":[\"https:\/\/www.celttv.com.ar\/index.php\/2021\/01\/21\/el-municipio-de-tornquist-adhirio-al-programa-comunidades-sin-violencias\/\"]}]},{\"@type\":\"BreadcrumbList\",\"@id\":\"https:\/\/www.celttv.com.ar\/index.php\/2021\/01\/21\/el-municipio-de-tornquist-adhirio-al-programa-comunidades-sin-violencias\/#breadcrumb\",\"itemListElement\":[{\"@type\":\"ListItem\",\"position\":1,\"name\":\"Inicio\",\"item\":\"https:\/\/www.celttv.com.ar\/\"},{\"@type\":\"ListItem\",\"position\":2,\"name\":\"El municipio de Tornquist adhiri\u00f3 al programa \u201cComunidades sin Violencias\u201d\"}]},{\"@type\":\"WebSite\",\"@id\":\"https:\/\/www.celttv.com.ar\/#website\",\"url\":\"https:\/\/www.celttv.com.ar\/\",\"name\":\"CELTTV\",\"description\":\"Cooperativa El\u00e9ctrica de Tornquist\",\"publisher\":{\"@id\":\"https:\/\/www.celttv.com.ar\/#organization\"},\"potentialAction\":[{\"@type\":\"SearchAction\",\"target\":{\"@type\":\"EntryPoint\",\"urlTemplate\":\"https:\/\/www.celttv.com.ar\/?s={search_term_string}\"},\"query-input\":\"required name=search_term_string\"}],\"inLanguage\":\"es\"},{\"@type\":\"Organization\",\"@id\":\"https:\/\/www.celttv.com.ar\/#organization\",\"name\":\"CELTTV\",\"url\":\"https:\/\/www.celttv.com.ar\/\",\"sameAs\":[\"https:\/\/www.youtube.com\/channel\/UCz_oIt8Hig64Ub-EmcNPIhg\",\"https:\/\/www.facebook.com\/celtTV\/\"],\"logo\":{\"@type\":\"ImageObject\",\"inLanguage\":\"es\",\"@id\":\"https:\/\/www.celttv.com.ar\/#\/schema\/logo\/image\/\",\"url\":\"http:\/\/www.celttv.com.ar\/wp-content\/uploads\/2022\/08\/logo-1.png\",\"contentUrl\":\"http:\/\/www.celttv.com.ar\/wp-content\/uploads\/2022\/08\/logo-1.png\",\"width\":461,\"height\":159,\"caption\":\"CELTTV\"},\"image\":{\"@id\":\"https:\/\/www.celttv.com.ar\/#\/schema\/logo\/image\/\"}},{\"@type\":\"Person\",\"@id\":\"https:\/\/www.celttv.com.ar\/#\/schema\/person\/6d99c072dba59953809c81446e9d0ace\",\"name\":\"ulises\",\"image\":{\"@type\":\"ImageObject\",\"inLanguage\":\"es\",\"@id\":\"https:\/\/www.celttv.com.ar\/#\/schema\/person\/image\/\",\"url\":\"https:\/\/secure.gravatar.com\/avatar\/7f2c48bdc33b30088f941fb6082e555f2874c98e20cb159d7b92b50eadfce793?s=96&d=mm&r=g\",\"contentUrl\":\"https:\/\/secure.gravatar.com\/avatar\/7f2c48bdc33b30088f941fb6082e555f2874c98e20cb159d7b92b50eadfce793?s=96&d=mm&r=g\",\"caption\":\"ulises\"},\"sameAs\":[\"http:\/\/www.celttv.com.ar\"]}]}<\/script>\n<!-- \/ Yoast SEO plugin. -->","yoast_head_json":{"title":"El municipio de Tornquist adhiri\u00f3 al programa \u201cComunidades sin Violencias\u201d - CELTTV","description":"Sitio web de noticias de la localidad de Tornquist, provincia de Buenos Aires, Rep\u00fablica Argentina. Contenido propio originado por periodistas de CELTTV, el canal de TV local de la Cooperativa El\u00e9ctrica de Tornquist. Turismo, Pol\u00edtica, Sociedad, Deporte, Cultura y todo el contenido de inter\u00e9s general que la gente del pueblo y la regi\u00f3n debe conocer.","robots":{"index":"index","follow":"follow","max-snippet":"max-snippet:-1","max-image-preview":"max-image-preview:large","max-video-preview":"max-video-preview:-1"},"canonical":"https:\/\/www.celttv.com.ar\/index.php\/2021\/01\/21\/el-municipio-de-tornquist-adhirio-al-programa-comunidades-sin-violencias\/","og_locale":"es_ES","og_type":"article","og_title":"El municipio de Tornquist adhiri\u00f3 al programa \u201cComunidades sin Violencias\u201d - CELTTV","og_description":"Sitio web de noticias de la localidad de Tornquist, provincia de Buenos Aires, Rep\u00fablica Argentina. Contenido propio originado por periodistas de CELTTV, el canal de TV local de la Cooperativa El\u00e9ctrica de Tornquist. Turismo, Pol\u00edtica, Sociedad, Deporte, Cultura y todo el contenido de inter\u00e9s general que la gente del pueblo y la regi\u00f3n debe conocer.","og_url":"https:\/\/www.celttv.com.ar\/index.php\/2021\/01\/21\/el-municipio-de-tornquist-adhirio-al-programa-comunidades-sin-violencias\/","og_site_name":"CELTTV","article_publisher":"https:\/\/www.facebook.com\/celtTV\/","article_published_time":"2021-01-21T16:34:35+00:00","og_image":[{"width":1280,"height":1253,"url":"https:\/\/www.celttv.com.ar\/wp-content\/uploads\/2021\/01\/Programa-Comunidades-sin-Violencia.jpg","type":"image\/jpeg"}],"author":"ulises","twitter_card":"summary_large_image","twitter_misc":{"Escrito por":"ulises","Tiempo de lectura":"1 minuto"},"schema":{"@context":"https:\/\/schema.org","@graph":[{"@type":"NewsArticle","@id":"https:\/\/www.celttv.com.ar\/index.php\/2021\/01\/21\/el-municipio-de-tornquist-adhirio-al-programa-comunidades-sin-violencias\/#article","isPartOf":{"@id":"https:\/\/www.celttv.com.ar\/index.php\/2021\/01\/21\/el-municipio-de-tornquist-adhirio-al-programa-comunidades-sin-violencias\/"},"author":{"name":"ulises","@id":"https:\/\/www.celttv.com.ar\/#\/schema\/person\/6d99c072dba59953809c81446e9d0ace"},"headline":"El municipio de Tornquist adhiri\u00f3 al programa \u201cComunidades sin Violencias\u201d","datePublished":"2021-01-21T16:34:35+00:00","dateModified":"2021-01-21T16:34:35+00:00","mainEntityOfPage":{"@id":"https:\/\/www.celttv.com.ar\/index.php\/2021\/01\/21\/el-municipio-de-tornquist-adhirio-al-programa-comunidades-sin-violencias\/"},"wordCount":221,"publisher":{"@id":"https:\/\/www.celttv.com.ar\/#organization"},"articleSection":["Celt TV Noticias","Comunidad","Destacadas"],"inLanguage":"es"},{"@type":"WebPage","@id":"https:\/\/www.celttv.com.ar\/index.php\/2021\/01\/21\/el-municipio-de-tornquist-adhirio-al-programa-comunidades-sin-violencias\/","url":"https:\/\/www.celttv.com.ar\/index.php\/2021\/01\/21\/el-municipio-de-tornquist-adhirio-al-programa-comunidades-sin-violencias\/","name":"El municipio de Tornquist adhiri\u00f3 al programa \u201cComunidades sin Violencias\u201d - CELTTV","isPartOf":{"@id":"https:\/\/www.celttv.com.ar\/#website"},"datePublished":"2021-01-21T16:34:35+00:00","dateModified":"2021-01-21T16:34:35+00:00","description":"Sitio web de noticias de la localidad de Tornquist, provincia de Buenos Aires, Rep\u00fablica Argentina. Contenido propio originado por periodistas de CELTTV, el canal de TV local de la Cooperativa El\u00e9ctrica de Tornquist. Turismo, Pol\u00edtica, Sociedad, Deporte, Cultura y todo el contenido de inter\u00e9s general que la gente del pueblo y la regi\u00f3n debe conocer.","breadcrumb":{"@id":"https:\/\/www.celttv.com.ar\/index.php\/2021\/01\/21\/el-municipio-de-tornquist-adhirio-al-programa-comunidades-sin-violencias\/#breadcrumb"},"inLanguage":"es","potentialAction":[{"@type":"ReadAction","target":["https:\/\/www.celttv.com.ar\/index.php\/2021\/01\/21\/el-municipio-de-tornquist-adhirio-al-programa-comunidades-sin-violencias\/"]}]},{"@type":"BreadcrumbList","@id":"https:\/\/www.celttv.com.ar\/index.php\/2021\/01\/21\/el-municipio-de-tornquist-adhirio-al-programa-comunidades-sin-violencias\/#breadcrumb","itemListElement":[{"@type":"ListItem","position":1,"name":"Inicio","item":"https:\/\/www.celttv.com.ar\/"},{"@type":"ListItem","position":2,"name":"El municipio de Tornquist adhiri\u00f3 al programa \u201cComunidades sin Violencias\u201d"}]},{"@type":"WebSite","@id":"https:\/\/www.celttv.com.ar\/#website","url":"https:\/\/www.celttv.com.ar\/","name":"CELTTV","description":"Cooperativa El\u00e9ctrica de Tornquist","publisher":{"@id":"https:\/\/www.celttv.com.ar\/#organization"},"potentialAction":[{"@type":"SearchAction","target":{"@type":"EntryPoint","urlTemplate":"https:\/\/www.celttv.com.ar\/?s={search_term_string}"},"query-input":"required name=search_term_string"}],"inLanguage":"es"},{"@type":"Organization","@id":"https:\/\/www.celttv.com.ar\/#organization","name":"CELTTV","url":"https:\/\/www.celttv.com.ar\/","sameAs":["https:\/\/www.youtube.com\/channel\/UCz_oIt8Hig64Ub-EmcNPIhg","https:\/\/www.facebook.com\/celtTV\/"],"logo":{"@type":"ImageObject","inLanguage":"es","@id":"https:\/\/www.celttv.com.ar\/#\/schema\/logo\/image\/","url":"http:\/\/www.celttv.com.ar\/wp-content\/uploads\/2022\/08\/logo-1.png","contentUrl":"http:\/\/www.celttv.com.ar\/wp-content\/uploads\/2022\/08\/logo-1.png","width":461,"height":159,"caption":"CELTTV"},"image":{"@id":"https:\/\/www.celttv.com.ar\/#\/schema\/logo\/image\/"}},{"@type":"Person","@id":"https:\/\/www.celttv.com.ar\/#\/schema\/person\/6d99c072dba59953809c81446e9d0ace","name":"ulises","image":{"@type":"ImageObject","inLanguage":"es","@id":"https:\/\/www.celttv.com.ar\/#\/schema\/person\/image\/","url":"https:\/\/secure.gravatar.com\/avatar\/7f2c48bdc33b30088f941fb6082e555f2874c98e20cb159d7b92b50eadfce793?s=96&d=mm&r=g","contentUrl":"https:\/\/secure.gravatar.com\/avatar\/7f2c48bdc33b30088f941fb6082e555f2874c98e20cb159d7b92b50eadfce793?s=96&d=mm&r=g","caption":"ulises"},"sameAs":["http:\/\/www.celttv.com.ar"]}]}},"_links":{"self":[{"href":"https:\/\/www.celttv.com.ar\/index.php\/wp-json\/wp\/v2\/posts\/55091","targetHints":{"allow":["GET"]}}],"collection":[{"href":"https:\/\/www.celttv.com.ar\/index.php\/wp-json\/wp\/v2\/posts"}],"about":[{"href":"https:\/\/www.celttv.com.ar\/index.php\/wp-json\/wp\/v2\/types\/post"}],"author":[{"embeddable":true,"href":"https:\/\/www.celttv.com.ar\/index.php\/wp-json\/wp\/v2\/users\/1"}],"replies":[{"embeddable":true,"href":"https:\/\/www.celttv.com.ar\/index.php\/wp-json\/wp\/v2\/comments?post=55091"}],"version-history":[{"count":0,"href":"https:\/\/www.celttv.com.ar\/index.php\/wp-json\/wp\/v2\/posts\/55091\/revisions"}],"wp:featuredmedia":[{"embeddable":true,"href":"https:\/\/www.celttv.com.ar\/index.php\/wp-json\/wp\/v2\/media\/55098"}],"wp:attachment":[{"href":"https:\/\/www.celttv.com.ar\/index.php\/wp-json\/wp\/v2\/media?parent=55091"}],"wp:term":[{"taxonomy":"category","embeddable":true,"href":"https:\/\/www.celttv.com.ar\/index.php\/wp-json\/wp\/v2\/categories?post=55091"},{"taxonomy":"post_tag","embeddable":true,"href":"https:\/\/www.celttv.com.ar\/index.php\/wp-json\/wp\/v2\/tags?post=55091"}],"curies":[{"name":"wp","href":"https:\/\/api.w.org\/{rel}","templated":true}]}}