{"id":55092,"date":"2021-01-21T13:20:43","date_gmt":"2021-01-21T13:20:43","guid":{"rendered":"http:\/\/www.celttv.com.ar\/?p=55092"},"modified":"2021-01-21T13:20:43","modified_gmt":"2021-01-21T13:20:43","slug":"inicia-una-campana-de-recepcion-de-envases-vacios-de-fitosanitarios","status":"publish","type":"post","link":"https:\/\/www.celttv.com.ar\/index.php\/2021\/01\/21\/inicia-una-campana-de-recepcion-de-envases-vacios-de-fitosanitarios\/","title":{"rendered":"Inicia una campa\u00f1a de recepci\u00f3n de envases vac\u00edos de fitosanitarios"},"content":{"rendered":"<p>La organizaci\u00f3n Campo Limpio, en conjunto con la Direcci\u00f3n de Medio Ambiente de Tornquist Municipio, llevar\u00e1 adelante una campa\u00f1a de recepci\u00f3n de envases vac\u00edos de fitosanitarios.<\/p>\n<p>La iniciativa se desarrollar\u00e1 del 25 al 28 de enero inclusive, de 9 a 12 hs en el predio de la Asociaci\u00f3n Rural de Tornquist (acceso a la ciudad por Ruta 33); y aquellos que deseen acercar envases, obligatoriamente deben inscribirse en el sitio web <a href=\"http:\/\/gestion.campolimpio.org.ar\/turnos\">http:\/\/gestion.campolimpio.org.ar\/turnos<\/a>, que estar\u00e1 disponible a partir de este jueves 21. No se recibir\u00e1n bidones de quienes no est\u00e9n inscriptos.<\/p>\n<p>Todos los envases deber\u00e1n estar limpios, con triple lavado o lavado a presi\u00f3n, y perforados en su base para su inutilizaci\u00f3n. Por consultas, comunicarse al 2915075692.<\/p>\n<p>Campo Limpio es una organizaci\u00f3n que tiene como misi\u00f3n recuperar los envases vac\u00edos de fitosanitarios en el campo argentino (ya lleva m\u00e1s de 1.300.000). Para ello, trabaja con las comunidades locales y las empresas, promoviendo el lavado de los envases, su reciclado y correcta reutilizaci\u00f3n.<\/p>\n<p>Su desaf\u00edo es\u00a0sumar a toda la comunidad\u00a0agropecuaria a estas acciones para impulsar un cambio de h\u00e1bito en las personas para el cuidado del medio ambiente y desarrollar un sistema de recuperaci\u00f3n de envases vac\u00edos que cubra todo el pa\u00eds.<\/p>\n<p><a href=\"http:\/\/www.celttv.com.ar\/?attachment_id=55093\" rel=\"attachment wp-att-55093\"><img loading=\"lazy\" decoding=\"async\" class=\"alignleft size-full wp-image-55093\" src=\"http:\/\/www.celttv.com.ar\/wp-content\/uploads\/2021\/01\/Campana-envases-vacios-Medium.jpeg\" alt=\"\" width=\"768\" height=\"768\" srcset=\"https:\/\/www.celttv.com.ar\/wp-content\/uploads\/2021\/01\/Campana-envases-vacios-Medium.jpeg 768w, https:\/\/www.celttv.com.ar\/wp-content\/uploads\/2021\/01\/Campana-envases-vacios-Medium-300x300.jpeg 300w, https:\/\/www.celttv.com.ar\/wp-content\/uploads\/2021\/01\/Campana-envases-vacios-Medium-150x150.jpeg 150w, https:\/\/www.celttv.com.ar\/wp-content\/uploads\/2021\/01\/Campana-envases-vacios-Medium-75x75.jpeg 75w, https:\/\/www.celttv.com.ar\/wp-content\/uploads\/2021\/01\/Campana-envases-vacios-Medium-750x750.jpeg 750w\" sizes=\"auto, (max-width: 768px) 100vw, 768px\" \/><\/a><\/p>\n","protected":false},"excerpt":{"rendered":"<p>La organizaci\u00f3n Campo Limpio, en conjunto con la Direcci\u00f3n de Medio Ambiente de Tornquist Municipio, llevar\u00e1 adelante una campa\u00f1a de recepci\u00f3n de envases vac\u00edos de fitosanitarios. La iniciativa se desarrollar\u00e1 del 25 al 28 de enero inclusive, de 9 a 12 hs en el predio de la Asociaci\u00f3n Rural de Tornquist (acceso a la ciudad [&hellip;]<\/p>\n","protected":false},"author":1,"featured_media":55093,"comment_status":"closed","ping_status":"open","sticky":false,"template":"","format":"standard","meta":{"footnotes":""},"categories":[51,52,65],"tags":[171],"class_list":["post-55092","post","type-post","status-publish","format-standard","has-post-thumbnail","hentry","category-comunidad","category-destacadas","category-produccion","tag-campana-envases-vacios-de-fitosanitarios"],"yoast_head":"<!-- This site is optimized with the Yoast SEO plugin v19.7.1 - https:\/\/yoast.com\/wordpress\/plugins\/seo\/ -->\n<title>Inicia una campa\u00f1a de recepci\u00f3n de envases vac\u00edos de fitosanitarios - CELTTV<\/title>\n<meta name=\"description\" content=\"Sitio web de noticias de la localidad de Tornquist, provincia de Buenos Aires, Rep\u00fablica Argentina. Contenido propio originado por periodistas de CELTTV, el canal de TV local de la Cooperativa El\u00e9ctrica de Tornquist. Turismo, Pol\u00edtica, Sociedad, Deporte, Cultura y todo el contenido de inter\u00e9s general que la gente del pueblo y la regi\u00f3n debe conocer.\" \/>\n<meta name=\"robots\" content=\"index, follow, max-snippet:-1, max-image-preview:large, max-video-preview:-1\" \/>\n<link rel=\"canonical\" href=\"https:\/\/www.celttv.com.ar\/index.php\/2021\/01\/21\/inicia-una-campana-de-recepcion-de-envases-vacios-de-fitosanitarios\/\" \/>\n<meta property=\"og:locale\" content=\"es_ES\" \/>\n<meta property=\"og:type\" content=\"article\" \/>\n<meta property=\"og:title\" content=\"Inicia una campa\u00f1a de recepci\u00f3n de envases vac\u00edos de fitosanitarios - CELTTV\" \/>\n<meta property=\"og:description\" content=\"Sitio web de noticias de la localidad de Tornquist, provincia de Buenos Aires, Rep\u00fablica Argentina. Contenido propio originado por periodistas de CELTTV, el canal de TV local de la Cooperativa El\u00e9ctrica de Tornquist. Turismo, Pol\u00edtica, Sociedad, Deporte, Cultura y todo el contenido de inter\u00e9s general que la gente del pueblo y la regi\u00f3n debe conocer.\" \/>\n<meta property=\"og:url\" content=\"https:\/\/www.celttv.com.ar\/index.php\/2021\/01\/21\/inicia-una-campana-de-recepcion-de-envases-vacios-de-fitosanitarios\/\" \/>\n<meta property=\"og:site_name\" content=\"CELTTV\" \/>\n<meta property=\"article:publisher\" content=\"https:\/\/www.facebook.com\/celtTV\/\" \/>\n<meta property=\"article:published_time\" content=\"2021-01-21T13:20:43+00:00\" \/>\n<meta property=\"og:image\" content=\"https:\/\/www.celttv.com.ar\/wp-content\/uploads\/2021\/01\/Campana-envases-vacios-Medium.jpeg\" \/>\n\t<meta property=\"og:image:width\" content=\"768\" \/>\n\t<meta property=\"og:image:height\" content=\"768\" \/>\n\t<meta property=\"og:image:type\" content=\"image\/jpeg\" \/>\n<meta name=\"author\" content=\"ulises\" \/>\n<meta name=\"twitter:card\" content=\"summary_large_image\" \/>\n<meta name=\"twitter:label1\" content=\"Escrito por\" \/>\n\t<meta name=\"twitter:data1\" content=\"ulises\" \/>\n\t<meta name=\"twitter:label2\" content=\"Tiempo de lectura\" \/>\n\t<meta name=\"twitter:data2\" content=\"1 minuto\" \/>\n<script type=\"application\/ld+json\" class=\"yoast-schema-graph\">{\"@context\":\"https:\/\/schema.org\",\"@graph\":[{\"@type\":\"NewsArticle\",\"@id\":\"https:\/\/www.celttv.com.ar\/index.php\/2021\/01\/21\/inicia-una-campana-de-recepcion-de-envases-vacios-de-fitosanitarios\/#article\",\"isPartOf\":{\"@id\":\"https:\/\/www.celttv.com.ar\/index.php\/2021\/01\/21\/inicia-una-campana-de-recepcion-de-envases-vacios-de-fitosanitarios\/\"},\"author\":{\"name\":\"ulises\",\"@id\":\"https:\/\/www.celttv.com.ar\/#\/schema\/person\/6d99c072dba59953809c81446e9d0ace\"},\"headline\":\"Inicia una campa\u00f1a de recepci\u00f3n de envases vac\u00edos de fitosanitarios\",\"datePublished\":\"2021-01-21T13:20:43+00:00\",\"dateModified\":\"2021-01-21T13:20:43+00:00\",\"mainEntityOfPage\":{\"@id\":\"https:\/\/www.celttv.com.ar\/index.php\/2021\/01\/21\/inicia-una-campana-de-recepcion-de-envases-vacios-de-fitosanitarios\/\"},\"wordCount\":233,\"publisher\":{\"@id\":\"https:\/\/www.celttv.com.ar\/#organization\"},\"keywords\":[\"campa\u00f1a envases vacios de fitosanitarios\"],\"articleSection\":[\"Comunidad\",\"Destacadas\",\"Producci\u00f3n y Medio Ambiente\"],\"inLanguage\":\"es\"},{\"@type\":\"WebPage\",\"@id\":\"https:\/\/www.celttv.com.ar\/index.php\/2021\/01\/21\/inicia-una-campana-de-recepcion-de-envases-vacios-de-fitosanitarios\/\",\"url\":\"https:\/\/www.celttv.com.ar\/index.php\/2021\/01\/21\/inicia-una-campana-de-recepcion-de-envases-vacios-de-fitosanitarios\/\",\"name\":\"Inicia una campa\u00f1a de recepci\u00f3n de envases vac\u00edos de fitosanitarios - CELTTV\",\"isPartOf\":{\"@id\":\"https:\/\/www.celttv.com.ar\/#website\"},\"datePublished\":\"2021-01-21T13:20:43+00:00\",\"dateModified\":\"2021-01-21T13:20:43+00:00\",\"description\":\"Sitio web de noticias de la localidad de Tornquist, provincia de Buenos Aires, Rep\u00fablica Argentina. Contenido propio originado por periodistas de CELTTV, el canal de TV local de la Cooperativa El\u00e9ctrica de Tornquist. Turismo, Pol\u00edtica, Sociedad, Deporte, Cultura y todo el contenido de inter\u00e9s general que la gente del pueblo y la regi\u00f3n debe conocer.\",\"breadcrumb\":{\"@id\":\"https:\/\/www.celttv.com.ar\/index.php\/2021\/01\/21\/inicia-una-campana-de-recepcion-de-envases-vacios-de-fitosanitarios\/#breadcrumb\"},\"inLanguage\":\"es\",\"potentialAction\":[{\"@type\":\"ReadAction\",\"target\":[\"https:\/\/www.celttv.com.ar\/index.php\/2021\/01\/21\/inicia-una-campana-de-recepcion-de-envases-vacios-de-fitosanitarios\/\"]}]},{\"@type\":\"BreadcrumbList\",\"@id\":\"https:\/\/www.celttv.com.ar\/index.php\/2021\/01\/21\/inicia-una-campana-de-recepcion-de-envases-vacios-de-fitosanitarios\/#breadcrumb\",\"itemListElement\":[{\"@type\":\"ListItem\",\"position\":1,\"name\":\"Inicio\",\"item\":\"https:\/\/www.celttv.com.ar\/\"},{\"@type\":\"ListItem\",\"position\":2,\"name\":\"Inicia una campa\u00f1a de recepci\u00f3n de envases vac\u00edos de fitosanitarios\"}]},{\"@type\":\"WebSite\",\"@id\":\"https:\/\/www.celttv.com.ar\/#website\",\"url\":\"https:\/\/www.celttv.com.ar\/\",\"name\":\"CELTTV\",\"description\":\"Cooperativa El\u00e9ctrica de Tornquist\",\"publisher\":{\"@id\":\"https:\/\/www.celttv.com.ar\/#organization\"},\"potentialAction\":[{\"@type\":\"SearchAction\",\"target\":{\"@type\":\"EntryPoint\",\"urlTemplate\":\"https:\/\/www.celttv.com.ar\/?s={search_term_string}\"},\"query-input\":\"required name=search_term_string\"}],\"inLanguage\":\"es\"},{\"@type\":\"Organization\",\"@id\":\"https:\/\/www.celttv.com.ar\/#organization\",\"name\":\"CELTTV\",\"url\":\"https:\/\/www.celttv.com.ar\/\",\"sameAs\":[\"https:\/\/www.youtube.com\/channel\/UCz_oIt8Hig64Ub-EmcNPIhg\",\"https:\/\/www.facebook.com\/celtTV\/\"],\"logo\":{\"@type\":\"ImageObject\",\"inLanguage\":\"es\",\"@id\":\"https:\/\/www.celttv.com.ar\/#\/schema\/logo\/image\/\",\"url\":\"http:\/\/www.celttv.com.ar\/wp-content\/uploads\/2022\/08\/logo-1.png\",\"contentUrl\":\"http:\/\/www.celttv.com.ar\/wp-content\/uploads\/2022\/08\/logo-1.png\",\"width\":461,\"height\":159,\"caption\":\"CELTTV\"},\"image\":{\"@id\":\"https:\/\/www.celttv.com.ar\/#\/schema\/logo\/image\/\"}},{\"@type\":\"Person\",\"@id\":\"https:\/\/www.celttv.com.ar\/#\/schema\/person\/6d99c072dba59953809c81446e9d0ace\",\"name\":\"ulises\",\"image\":{\"@type\":\"ImageObject\",\"inLanguage\":\"es\",\"@id\":\"https:\/\/www.celttv.com.ar\/#\/schema\/person\/image\/\",\"url\":\"https:\/\/secure.gravatar.com\/avatar\/7f2c48bdc33b30088f941fb6082e555f2874c98e20cb159d7b92b50eadfce793?s=96&d=mm&r=g\",\"contentUrl\":\"https:\/\/secure.gravatar.com\/avatar\/7f2c48bdc33b30088f941fb6082e555f2874c98e20cb159d7b92b50eadfce793?s=96&d=mm&r=g\",\"caption\":\"ulises\"},\"sameAs\":[\"http:\/\/www.celttv.com.ar\"]}]}<\/script>\n<!-- \/ Yoast SEO plugin. -->","yoast_head_json":{"title":"Inicia una campa\u00f1a de recepci\u00f3n de envases vac\u00edos de fitosanitarios - CELTTV","description":"Sitio web de noticias de la localidad de Tornquist, provincia de Buenos Aires, Rep\u00fablica Argentina. Contenido propio originado por periodistas de CELTTV, el canal de TV local de la Cooperativa El\u00e9ctrica de Tornquist. Turismo, Pol\u00edtica, Sociedad, Deporte, Cultura y todo el contenido de inter\u00e9s general que la gente del pueblo y la regi\u00f3n debe conocer.","robots":{"index":"index","follow":"follow","max-snippet":"max-snippet:-1","max-image-preview":"max-image-preview:large","max-video-preview":"max-video-preview:-1"},"canonical":"https:\/\/www.celttv.com.ar\/index.php\/2021\/01\/21\/inicia-una-campana-de-recepcion-de-envases-vacios-de-fitosanitarios\/","og_locale":"es_ES","og_type":"article","og_title":"Inicia una campa\u00f1a de recepci\u00f3n de envases vac\u00edos de fitosanitarios - CELTTV","og_description":"Sitio web de noticias de la localidad de Tornquist, provincia de Buenos Aires, Rep\u00fablica Argentina. Contenido propio originado por periodistas de CELTTV, el canal de TV local de la Cooperativa El\u00e9ctrica de Tornquist. Turismo, Pol\u00edtica, Sociedad, Deporte, Cultura y todo el contenido de inter\u00e9s general que la gente del pueblo y la regi\u00f3n debe conocer.","og_url":"https:\/\/www.celttv.com.ar\/index.php\/2021\/01\/21\/inicia-una-campana-de-recepcion-de-envases-vacios-de-fitosanitarios\/","og_site_name":"CELTTV","article_publisher":"https:\/\/www.facebook.com\/celtTV\/","article_published_time":"2021-01-21T13:20:43+00:00","og_image":[{"width":768,"height":768,"url":"https:\/\/www.celttv.com.ar\/wp-content\/uploads\/2021\/01\/Campana-envases-vacios-Medium.jpeg","type":"image\/jpeg"}],"author":"ulises","twitter_card":"summary_large_image","twitter_misc":{"Escrito por":"ulises","Tiempo de lectura":"1 minuto"},"schema":{"@context":"https:\/\/schema.org","@graph":[{"@type":"NewsArticle","@id":"https:\/\/www.celttv.com.ar\/index.php\/2021\/01\/21\/inicia-una-campana-de-recepcion-de-envases-vacios-de-fitosanitarios\/#article","isPartOf":{"@id":"https:\/\/www.celttv.com.ar\/index.php\/2021\/01\/21\/inicia-una-campana-de-recepcion-de-envases-vacios-de-fitosanitarios\/"},"author":{"name":"ulises","@id":"https:\/\/www.celttv.com.ar\/#\/schema\/person\/6d99c072dba59953809c81446e9d0ace"},"headline":"Inicia una campa\u00f1a de recepci\u00f3n de envases vac\u00edos de fitosanitarios","datePublished":"2021-01-21T13:20:43+00:00","dateModified":"2021-01-21T13:20:43+00:00","mainEntityOfPage":{"@id":"https:\/\/www.celttv.com.ar\/index.php\/2021\/01\/21\/inicia-una-campana-de-recepcion-de-envases-vacios-de-fitosanitarios\/"},"wordCount":233,"publisher":{"@id":"https:\/\/www.celttv.com.ar\/#organization"},"keywords":["campa\u00f1a envases vacios de fitosanitarios"],"articleSection":["Comunidad","Destacadas","Producci\u00f3n y Medio Ambiente"],"inLanguage":"es"},{"@type":"WebPage","@id":"https:\/\/www.celttv.com.ar\/index.php\/2021\/01\/21\/inicia-una-campana-de-recepcion-de-envases-vacios-de-fitosanitarios\/","url":"https:\/\/www.celttv.com.ar\/index.php\/2021\/01\/21\/inicia-una-campana-de-recepcion-de-envases-vacios-de-fitosanitarios\/","name":"Inicia una campa\u00f1a de recepci\u00f3n de envases vac\u00edos de fitosanitarios - CELTTV","isPartOf":{"@id":"https:\/\/www.celttv.com.ar\/#website"},"datePublished":"2021-01-21T13:20:43+00:00","dateModified":"2021-01-21T13:20:43+00:00","description":"Sitio web de noticias de la localidad de Tornquist, provincia de Buenos Aires, Rep\u00fablica Argentina. Contenido propio originado por periodistas de CELTTV, el canal de TV local de la Cooperativa El\u00e9ctrica de Tornquist. Turismo, Pol\u00edtica, Sociedad, Deporte, Cultura y todo el contenido de inter\u00e9s general que la gente del pueblo y la regi\u00f3n debe conocer.","breadcrumb":{"@id":"https:\/\/www.celttv.com.ar\/index.php\/2021\/01\/21\/inicia-una-campana-de-recepcion-de-envases-vacios-de-fitosanitarios\/#breadcrumb"},"inLanguage":"es","potentialAction":[{"@type":"ReadAction","target":["https:\/\/www.celttv.com.ar\/index.php\/2021\/01\/21\/inicia-una-campana-de-recepcion-de-envases-vacios-de-fitosanitarios\/"]}]},{"@type":"BreadcrumbList","@id":"https:\/\/www.celttv.com.ar\/index.php\/2021\/01\/21\/inicia-una-campana-de-recepcion-de-envases-vacios-de-fitosanitarios\/#breadcrumb","itemListElement":[{"@type":"ListItem","position":1,"name":"Inicio","item":"https:\/\/www.celttv.com.ar\/"},{"@type":"ListItem","position":2,"name":"Inicia una campa\u00f1a de recepci\u00f3n de envases vac\u00edos de fitosanitarios"}]},{"@type":"WebSite","@id":"https:\/\/www.celttv.com.ar\/#website","url":"https:\/\/www.celttv.com.ar\/","name":"CELTTV","description":"Cooperativa El\u00e9ctrica de Tornquist","publisher":{"@id":"https:\/\/www.celttv.com.ar\/#organization"},"potentialAction":[{"@type":"SearchAction","target":{"@type":"EntryPoint","urlTemplate":"https:\/\/www.celttv.com.ar\/?s={search_term_string}"},"query-input":"required name=search_term_string"}],"inLanguage":"es"},{"@type":"Organization","@id":"https:\/\/www.celttv.com.ar\/#organization","name":"CELTTV","url":"https:\/\/www.celttv.com.ar\/","sameAs":["https:\/\/www.youtube.com\/channel\/UCz_oIt8Hig64Ub-EmcNPIhg","https:\/\/www.facebook.com\/celtTV\/"],"logo":{"@type":"ImageObject","inLanguage":"es","@id":"https:\/\/www.celttv.com.ar\/#\/schema\/logo\/image\/","url":"http:\/\/www.celttv.com.ar\/wp-content\/uploads\/2022\/08\/logo-1.png","contentUrl":"http:\/\/www.celttv.com.ar\/wp-content\/uploads\/2022\/08\/logo-1.png","width":461,"height":159,"caption":"CELTTV"},"image":{"@id":"https:\/\/www.celttv.com.ar\/#\/schema\/logo\/image\/"}},{"@type":"Person","@id":"https:\/\/www.celttv.com.ar\/#\/schema\/person\/6d99c072dba59953809c81446e9d0ace","name":"ulises","image":{"@type":"ImageObject","inLanguage":"es","@id":"https:\/\/www.celttv.com.ar\/#\/schema\/person\/image\/","url":"https:\/\/secure.gravatar.com\/avatar\/7f2c48bdc33b30088f941fb6082e555f2874c98e20cb159d7b92b50eadfce793?s=96&d=mm&r=g","contentUrl":"https:\/\/secure.gravatar.com\/avatar\/7f2c48bdc33b30088f941fb6082e555f2874c98e20cb159d7b92b50eadfce793?s=96&d=mm&r=g","caption":"ulises"},"sameAs":["http:\/\/www.celttv.com.ar"]}]}},"_links":{"self":[{"href":"https:\/\/www.celttv.com.ar\/index.php\/wp-json\/wp\/v2\/posts\/55092","targetHints":{"allow":["GET"]}}],"collection":[{"href":"https:\/\/www.celttv.com.ar\/index.php\/wp-json\/wp\/v2\/posts"}],"about":[{"href":"https:\/\/www.celttv.com.ar\/index.php\/wp-json\/wp\/v2\/types\/post"}],"author":[{"embeddable":true,"href":"https:\/\/www.celttv.com.ar\/index.php\/wp-json\/wp\/v2\/users\/1"}],"replies":[{"embeddable":true,"href":"https:\/\/www.celttv.com.ar\/index.php\/wp-json\/wp\/v2\/comments?post=55092"}],"version-history":[{"count":0,"href":"https:\/\/www.celttv.com.ar\/index.php\/wp-json\/wp\/v2\/posts\/55092\/revisions"}],"wp:featuredmedia":[{"embeddable":true,"href":"https:\/\/www.celttv.com.ar\/index.php\/wp-json\/wp\/v2\/media\/55093"}],"wp:attachment":[{"href":"https:\/\/www.celttv.com.ar\/index.php\/wp-json\/wp\/v2\/media?parent=55092"}],"wp:term":[{"taxonomy":"category","embeddable":true,"href":"https:\/\/www.celttv.com.ar\/index.php\/wp-json\/wp\/v2\/categories?post=55092"},{"taxonomy":"post_tag","embeddable":true,"href":"https:\/\/www.celttv.com.ar\/index.php\/wp-json\/wp\/v2\/tags?post=55092"}],"curies":[{"name":"wp","href":"https:\/\/api.w.org\/{rel}","templated":true}]}}