{"id":55100,"date":"2021-01-21T16:37:03","date_gmt":"2021-01-21T16:37:03","guid":{"rendered":"http:\/\/www.celttv.com.ar\/?p=55100"},"modified":"2021-01-21T16:37:03","modified_gmt":"2021-01-21T16:37:03","slug":"convocan-a-elaboradores-y-productores-a-ser-parte-de-la-feria-municipal-distrital","status":"publish","type":"post","link":"https:\/\/www.celttv.com.ar\/index.php\/2021\/01\/21\/convocan-a-elaboradores-y-productores-a-ser-parte-de-la-feria-municipal-distrital\/","title":{"rendered":"Convocan a elaboradores y productores a ser parte de la Feria Municipal Distrital"},"content":{"rendered":"<p align=\"JUSTIFY\"><span style=\"font-family: 'Futura Bk BT', serif;\"><span style=\"font-size: medium;\">La Direcci\u00f3n de Producci\u00f3n de Tornquist Municipio, convoca a productores y elaboradores a ser parte de la pr\u00f3xima edici\u00f3n de la Feria Municipal Distrital, que se desarrollar\u00e1 el venidero s\u00e1bado 23 en la Sociedad Italiana.<\/span><\/span><\/p>\n<p align=\"JUSTIFY\"><span style=\"font-family: 'Futura Bk BT', serif;\"><span style=\"font-size: medium;\">Invitan a vender sus productos a todos aquellos que realizan elaboraci\u00f3n propia dentro de cualquier punto del distrito, tanto de alimentos, con la respectiva autorizaci\u00f3n de Bromatolog\u00eda, como de manualidades, artesan\u00edas, etc.<\/span><\/span><\/p>\n<p align=\"JUSTIFY\"><span style=\"font-family: 'Futura Bk BT', serif;\"><span style=\"font-size: medium;\">Se trata de una imperdible oportunidad que se brinda desde el municipio para que elaboradores se inserten en el mercado, puedan expender sus producciones y que los vecinos que se asisten a la feria conozcan y puedan disfrutar de ellas.<\/span><\/span><\/p>\n<p align=\"JUSTIFY\"><span style=\"font-family: 'Futura Bk BT', serif;\"><span style=\"font-size: medium;\">Por consultas, comunicarse de 8 a 14 hs al (0291) 4940435.<\/span><\/span><\/p>\n<p align=\"JUSTIFY\"><a href=\"http:\/\/www.celttv.com.ar\/?attachment_id=55101\" rel=\"attachment wp-att-55101\"><img loading=\"lazy\" decoding=\"async\" class=\"alignleft size-full wp-image-55101\" src=\"http:\/\/www.celttv.com.ar\/wp-content\/uploads\/2021\/01\/feria2301.jpeg\" alt=\"\" width=\"1080\" height=\"1481\" srcset=\"https:\/\/www.celttv.com.ar\/wp-content\/uploads\/2021\/01\/feria2301.jpeg 1080w, https:\/\/www.celttv.com.ar\/wp-content\/uploads\/2021\/01\/feria2301-219x300.jpeg 219w, https:\/\/www.celttv.com.ar\/wp-content\/uploads\/2021\/01\/feria2301-747x1024.jpeg 747w, https:\/\/www.celttv.com.ar\/wp-content\/uploads\/2021\/01\/feria2301-768x1053.jpeg 768w, https:\/\/www.celttv.com.ar\/wp-content\/uploads\/2021\/01\/feria2301-750x1028.jpeg 750w\" sizes=\"auto, (max-width: 1080px) 100vw, 1080px\" \/><\/a><\/p>\n","protected":false},"excerpt":{"rendered":"<p>La Direcci\u00f3n de Producci\u00f3n de Tornquist Municipio, convoca a productores y elaboradores a ser parte de la pr\u00f3xima edici\u00f3n de la Feria Municipal Distrital, que se desarrollar\u00e1 el venidero s\u00e1bado 23 en la Sociedad Italiana. Invitan a vender sus productos a todos aquellos que realizan elaboraci\u00f3n propia dentro de cualquier punto del distrito, tanto de [&hellip;]<\/p>\n","protected":false},"author":1,"featured_media":55102,"comment_status":"closed","ping_status":"open","sticky":false,"template":"","format":"standard","meta":{"footnotes":""},"categories":[55,51,52],"tags":[],"class_list":["post-55100","post","type-post","status-publish","format-standard","has-post-thumbnail","hentry","category-celt-tv-noticias","category-comunidad","category-destacadas"],"yoast_head":"<!-- This site is optimized with the Yoast SEO plugin v19.7.1 - https:\/\/yoast.com\/wordpress\/plugins\/seo\/ -->\n<title>Convocan a elaboradores y productores a ser parte de la Feria Municipal Distrital - CELTTV<\/title>\n<meta name=\"description\" content=\"Sitio web de noticias de la localidad de Tornquist, provincia de Buenos Aires, Rep\u00fablica Argentina. Contenido propio originado por periodistas de CELTTV, el canal de TV local de la Cooperativa El\u00e9ctrica de Tornquist. Turismo, Pol\u00edtica, Sociedad, Deporte, Cultura y todo el contenido de inter\u00e9s general que la gente del pueblo y la regi\u00f3n debe conocer.\" \/>\n<meta name=\"robots\" content=\"index, follow, max-snippet:-1, max-image-preview:large, max-video-preview:-1\" \/>\n<link rel=\"canonical\" href=\"https:\/\/www.celttv.com.ar\/index.php\/2021\/01\/21\/convocan-a-elaboradores-y-productores-a-ser-parte-de-la-feria-municipal-distrital\/\" \/>\n<meta property=\"og:locale\" content=\"es_ES\" \/>\n<meta property=\"og:type\" content=\"article\" \/>\n<meta property=\"og:title\" content=\"Convocan a elaboradores y productores a ser parte de la Feria Municipal Distrital - CELTTV\" \/>\n<meta property=\"og:description\" content=\"Sitio web de noticias de la localidad de Tornquist, provincia de Buenos Aires, Rep\u00fablica Argentina. Contenido propio originado por periodistas de CELTTV, el canal de TV local de la Cooperativa El\u00e9ctrica de Tornquist. Turismo, Pol\u00edtica, Sociedad, Deporte, Cultura y todo el contenido de inter\u00e9s general que la gente del pueblo y la regi\u00f3n debe conocer.\" \/>\n<meta property=\"og:url\" content=\"https:\/\/www.celttv.com.ar\/index.php\/2021\/01\/21\/convocan-a-elaboradores-y-productores-a-ser-parte-de-la-feria-municipal-distrital\/\" \/>\n<meta property=\"og:site_name\" content=\"CELTTV\" \/>\n<meta property=\"article:publisher\" content=\"https:\/\/www.facebook.com\/celtTV\/\" \/>\n<meta property=\"article:published_time\" content=\"2021-01-21T16:37:03+00:00\" \/>\n<meta property=\"og:image\" content=\"https:\/\/www.celttv.com.ar\/wp-content\/uploads\/2021\/01\/feria2301-1.jpeg\" \/>\n\t<meta property=\"og:image:width\" content=\"1071\" \/>\n\t<meta property=\"og:image:height\" content=\"565\" \/>\n\t<meta property=\"og:image:type\" content=\"image\/jpeg\" \/>\n<meta name=\"author\" content=\"ulises\" \/>\n<meta name=\"twitter:card\" content=\"summary_large_image\" \/>\n<meta name=\"twitter:label1\" content=\"Escrito por\" \/>\n\t<meta name=\"twitter:data1\" content=\"ulises\" \/>\n\t<meta name=\"twitter:label2\" content=\"Tiempo de lectura\" \/>\n\t<meta name=\"twitter:data2\" content=\"1 minuto\" \/>\n<script type=\"application\/ld+json\" class=\"yoast-schema-graph\">{\"@context\":\"https:\/\/schema.org\",\"@graph\":[{\"@type\":\"NewsArticle\",\"@id\":\"https:\/\/www.celttv.com.ar\/index.php\/2021\/01\/21\/convocan-a-elaboradores-y-productores-a-ser-parte-de-la-feria-municipal-distrital\/#article\",\"isPartOf\":{\"@id\":\"https:\/\/www.celttv.com.ar\/index.php\/2021\/01\/21\/convocan-a-elaboradores-y-productores-a-ser-parte-de-la-feria-municipal-distrital\/\"},\"author\":{\"name\":\"ulises\",\"@id\":\"https:\/\/www.celttv.com.ar\/#\/schema\/person\/6d99c072dba59953809c81446e9d0ace\"},\"headline\":\"Convocan a elaboradores y productores a ser parte de la Feria Municipal Distrital\",\"datePublished\":\"2021-01-21T16:37:03+00:00\",\"dateModified\":\"2021-01-21T16:37:03+00:00\",\"mainEntityOfPage\":{\"@id\":\"https:\/\/www.celttv.com.ar\/index.php\/2021\/01\/21\/convocan-a-elaboradores-y-productores-a-ser-parte-de-la-feria-municipal-distrital\/\"},\"wordCount\":135,\"publisher\":{\"@id\":\"https:\/\/www.celttv.com.ar\/#organization\"},\"articleSection\":[\"Celt TV Noticias\",\"Comunidad\",\"Destacadas\"],\"inLanguage\":\"es\"},{\"@type\":\"WebPage\",\"@id\":\"https:\/\/www.celttv.com.ar\/index.php\/2021\/01\/21\/convocan-a-elaboradores-y-productores-a-ser-parte-de-la-feria-municipal-distrital\/\",\"url\":\"https:\/\/www.celttv.com.ar\/index.php\/2021\/01\/21\/convocan-a-elaboradores-y-productores-a-ser-parte-de-la-feria-municipal-distrital\/\",\"name\":\"Convocan a elaboradores y productores a ser parte de la Feria Municipal Distrital - CELTTV\",\"isPartOf\":{\"@id\":\"https:\/\/www.celttv.com.ar\/#website\"},\"datePublished\":\"2021-01-21T16:37:03+00:00\",\"dateModified\":\"2021-01-21T16:37:03+00:00\",\"description\":\"Sitio web de noticias de la localidad de Tornquist, provincia de Buenos Aires, Rep\u00fablica Argentina. Contenido propio originado por periodistas de CELTTV, el canal de TV local de la Cooperativa El\u00e9ctrica de Tornquist. Turismo, Pol\u00edtica, Sociedad, Deporte, Cultura y todo el contenido de inter\u00e9s general que la gente del pueblo y la regi\u00f3n debe conocer.\",\"breadcrumb\":{\"@id\":\"https:\/\/www.celttv.com.ar\/index.php\/2021\/01\/21\/convocan-a-elaboradores-y-productores-a-ser-parte-de-la-feria-municipal-distrital\/#breadcrumb\"},\"inLanguage\":\"es\",\"potentialAction\":[{\"@type\":\"ReadAction\",\"target\":[\"https:\/\/www.celttv.com.ar\/index.php\/2021\/01\/21\/convocan-a-elaboradores-y-productores-a-ser-parte-de-la-feria-municipal-distrital\/\"]}]},{\"@type\":\"BreadcrumbList\",\"@id\":\"https:\/\/www.celttv.com.ar\/index.php\/2021\/01\/21\/convocan-a-elaboradores-y-productores-a-ser-parte-de-la-feria-municipal-distrital\/#breadcrumb\",\"itemListElement\":[{\"@type\":\"ListItem\",\"position\":1,\"name\":\"Inicio\",\"item\":\"https:\/\/www.celttv.com.ar\/\"},{\"@type\":\"ListItem\",\"position\":2,\"name\":\"Convocan a elaboradores y productores a ser parte de la Feria Municipal Distrital\"}]},{\"@type\":\"WebSite\",\"@id\":\"https:\/\/www.celttv.com.ar\/#website\",\"url\":\"https:\/\/www.celttv.com.ar\/\",\"name\":\"CELTTV\",\"description\":\"Cooperativa El\u00e9ctrica de Tornquist\",\"publisher\":{\"@id\":\"https:\/\/www.celttv.com.ar\/#organization\"},\"potentialAction\":[{\"@type\":\"SearchAction\",\"target\":{\"@type\":\"EntryPoint\",\"urlTemplate\":\"https:\/\/www.celttv.com.ar\/?s={search_term_string}\"},\"query-input\":\"required name=search_term_string\"}],\"inLanguage\":\"es\"},{\"@type\":\"Organization\",\"@id\":\"https:\/\/www.celttv.com.ar\/#organization\",\"name\":\"CELTTV\",\"url\":\"https:\/\/www.celttv.com.ar\/\",\"sameAs\":[\"https:\/\/www.youtube.com\/channel\/UCz_oIt8Hig64Ub-EmcNPIhg\",\"https:\/\/www.facebook.com\/celtTV\/\"],\"logo\":{\"@type\":\"ImageObject\",\"inLanguage\":\"es\",\"@id\":\"https:\/\/www.celttv.com.ar\/#\/schema\/logo\/image\/\",\"url\":\"http:\/\/www.celttv.com.ar\/wp-content\/uploads\/2022\/08\/logo-1.png\",\"contentUrl\":\"http:\/\/www.celttv.com.ar\/wp-content\/uploads\/2022\/08\/logo-1.png\",\"width\":461,\"height\":159,\"caption\":\"CELTTV\"},\"image\":{\"@id\":\"https:\/\/www.celttv.com.ar\/#\/schema\/logo\/image\/\"}},{\"@type\":\"Person\",\"@id\":\"https:\/\/www.celttv.com.ar\/#\/schema\/person\/6d99c072dba59953809c81446e9d0ace\",\"name\":\"ulises\",\"image\":{\"@type\":\"ImageObject\",\"inLanguage\":\"es\",\"@id\":\"https:\/\/www.celttv.com.ar\/#\/schema\/person\/image\/\",\"url\":\"https:\/\/secure.gravatar.com\/avatar\/7f2c48bdc33b30088f941fb6082e555f2874c98e20cb159d7b92b50eadfce793?s=96&d=mm&r=g\",\"contentUrl\":\"https:\/\/secure.gravatar.com\/avatar\/7f2c48bdc33b30088f941fb6082e555f2874c98e20cb159d7b92b50eadfce793?s=96&d=mm&r=g\",\"caption\":\"ulises\"},\"sameAs\":[\"http:\/\/www.celttv.com.ar\"]}]}<\/script>\n<!-- \/ Yoast SEO plugin. -->","yoast_head_json":{"title":"Convocan a elaboradores y productores a ser parte de la Feria Municipal Distrital - CELTTV","description":"Sitio web de noticias de la localidad de Tornquist, provincia de Buenos Aires, Rep\u00fablica Argentina. Contenido propio originado por periodistas de CELTTV, el canal de TV local de la Cooperativa El\u00e9ctrica de Tornquist. Turismo, Pol\u00edtica, Sociedad, Deporte, Cultura y todo el contenido de inter\u00e9s general que la gente del pueblo y la regi\u00f3n debe conocer.","robots":{"index":"index","follow":"follow","max-snippet":"max-snippet:-1","max-image-preview":"max-image-preview:large","max-video-preview":"max-video-preview:-1"},"canonical":"https:\/\/www.celttv.com.ar\/index.php\/2021\/01\/21\/convocan-a-elaboradores-y-productores-a-ser-parte-de-la-feria-municipal-distrital\/","og_locale":"es_ES","og_type":"article","og_title":"Convocan a elaboradores y productores a ser parte de la Feria Municipal Distrital - CELTTV","og_description":"Sitio web de noticias de la localidad de Tornquist, provincia de Buenos Aires, Rep\u00fablica Argentina. Contenido propio originado por periodistas de CELTTV, el canal de TV local de la Cooperativa El\u00e9ctrica de Tornquist. Turismo, Pol\u00edtica, Sociedad, Deporte, Cultura y todo el contenido de inter\u00e9s general que la gente del pueblo y la regi\u00f3n debe conocer.","og_url":"https:\/\/www.celttv.com.ar\/index.php\/2021\/01\/21\/convocan-a-elaboradores-y-productores-a-ser-parte-de-la-feria-municipal-distrital\/","og_site_name":"CELTTV","article_publisher":"https:\/\/www.facebook.com\/celtTV\/","article_published_time":"2021-01-21T16:37:03+00:00","og_image":[{"width":1071,"height":565,"url":"https:\/\/www.celttv.com.ar\/wp-content\/uploads\/2021\/01\/feria2301-1.jpeg","type":"image\/jpeg"}],"author":"ulises","twitter_card":"summary_large_image","twitter_misc":{"Escrito por":"ulises","Tiempo de lectura":"1 minuto"},"schema":{"@context":"https:\/\/schema.org","@graph":[{"@type":"NewsArticle","@id":"https:\/\/www.celttv.com.ar\/index.php\/2021\/01\/21\/convocan-a-elaboradores-y-productores-a-ser-parte-de-la-feria-municipal-distrital\/#article","isPartOf":{"@id":"https:\/\/www.celttv.com.ar\/index.php\/2021\/01\/21\/convocan-a-elaboradores-y-productores-a-ser-parte-de-la-feria-municipal-distrital\/"},"author":{"name":"ulises","@id":"https:\/\/www.celttv.com.ar\/#\/schema\/person\/6d99c072dba59953809c81446e9d0ace"},"headline":"Convocan a elaboradores y productores a ser parte de la Feria Municipal Distrital","datePublished":"2021-01-21T16:37:03+00:00","dateModified":"2021-01-21T16:37:03+00:00","mainEntityOfPage":{"@id":"https:\/\/www.celttv.com.ar\/index.php\/2021\/01\/21\/convocan-a-elaboradores-y-productores-a-ser-parte-de-la-feria-municipal-distrital\/"},"wordCount":135,"publisher":{"@id":"https:\/\/www.celttv.com.ar\/#organization"},"articleSection":["Celt TV Noticias","Comunidad","Destacadas"],"inLanguage":"es"},{"@type":"WebPage","@id":"https:\/\/www.celttv.com.ar\/index.php\/2021\/01\/21\/convocan-a-elaboradores-y-productores-a-ser-parte-de-la-feria-municipal-distrital\/","url":"https:\/\/www.celttv.com.ar\/index.php\/2021\/01\/21\/convocan-a-elaboradores-y-productores-a-ser-parte-de-la-feria-municipal-distrital\/","name":"Convocan a elaboradores y productores a ser parte de la Feria Municipal Distrital - CELTTV","isPartOf":{"@id":"https:\/\/www.celttv.com.ar\/#website"},"datePublished":"2021-01-21T16:37:03+00:00","dateModified":"2021-01-21T16:37:03+00:00","description":"Sitio web de noticias de la localidad de Tornquist, provincia de Buenos Aires, Rep\u00fablica Argentina. Contenido propio originado por periodistas de CELTTV, el canal de TV local de la Cooperativa El\u00e9ctrica de Tornquist. Turismo, Pol\u00edtica, Sociedad, Deporte, Cultura y todo el contenido de inter\u00e9s general que la gente del pueblo y la regi\u00f3n debe conocer.","breadcrumb":{"@id":"https:\/\/www.celttv.com.ar\/index.php\/2021\/01\/21\/convocan-a-elaboradores-y-productores-a-ser-parte-de-la-feria-municipal-distrital\/#breadcrumb"},"inLanguage":"es","potentialAction":[{"@type":"ReadAction","target":["https:\/\/www.celttv.com.ar\/index.php\/2021\/01\/21\/convocan-a-elaboradores-y-productores-a-ser-parte-de-la-feria-municipal-distrital\/"]}]},{"@type":"BreadcrumbList","@id":"https:\/\/www.celttv.com.ar\/index.php\/2021\/01\/21\/convocan-a-elaboradores-y-productores-a-ser-parte-de-la-feria-municipal-distrital\/#breadcrumb","itemListElement":[{"@type":"ListItem","position":1,"name":"Inicio","item":"https:\/\/www.celttv.com.ar\/"},{"@type":"ListItem","position":2,"name":"Convocan a elaboradores y productores a ser parte de la Feria Municipal Distrital"}]},{"@type":"WebSite","@id":"https:\/\/www.celttv.com.ar\/#website","url":"https:\/\/www.celttv.com.ar\/","name":"CELTTV","description":"Cooperativa El\u00e9ctrica de Tornquist","publisher":{"@id":"https:\/\/www.celttv.com.ar\/#organization"},"potentialAction":[{"@type":"SearchAction","target":{"@type":"EntryPoint","urlTemplate":"https:\/\/www.celttv.com.ar\/?s={search_term_string}"},"query-input":"required name=search_term_string"}],"inLanguage":"es"},{"@type":"Organization","@id":"https:\/\/www.celttv.com.ar\/#organization","name":"CELTTV","url":"https:\/\/www.celttv.com.ar\/","sameAs":["https:\/\/www.youtube.com\/channel\/UCz_oIt8Hig64Ub-EmcNPIhg","https:\/\/www.facebook.com\/celtTV\/"],"logo":{"@type":"ImageObject","inLanguage":"es","@id":"https:\/\/www.celttv.com.ar\/#\/schema\/logo\/image\/","url":"http:\/\/www.celttv.com.ar\/wp-content\/uploads\/2022\/08\/logo-1.png","contentUrl":"http:\/\/www.celttv.com.ar\/wp-content\/uploads\/2022\/08\/logo-1.png","width":461,"height":159,"caption":"CELTTV"},"image":{"@id":"https:\/\/www.celttv.com.ar\/#\/schema\/logo\/image\/"}},{"@type":"Person","@id":"https:\/\/www.celttv.com.ar\/#\/schema\/person\/6d99c072dba59953809c81446e9d0ace","name":"ulises","image":{"@type":"ImageObject","inLanguage":"es","@id":"https:\/\/www.celttv.com.ar\/#\/schema\/person\/image\/","url":"https:\/\/secure.gravatar.com\/avatar\/7f2c48bdc33b30088f941fb6082e555f2874c98e20cb159d7b92b50eadfce793?s=96&d=mm&r=g","contentUrl":"https:\/\/secure.gravatar.com\/avatar\/7f2c48bdc33b30088f941fb6082e555f2874c98e20cb159d7b92b50eadfce793?s=96&d=mm&r=g","caption":"ulises"},"sameAs":["http:\/\/www.celttv.com.ar"]}]}},"_links":{"self":[{"href":"https:\/\/www.celttv.com.ar\/index.php\/wp-json\/wp\/v2\/posts\/55100","targetHints":{"allow":["GET"]}}],"collection":[{"href":"https:\/\/www.celttv.com.ar\/index.php\/wp-json\/wp\/v2\/posts"}],"about":[{"href":"https:\/\/www.celttv.com.ar\/index.php\/wp-json\/wp\/v2\/types\/post"}],"author":[{"embeddable":true,"href":"https:\/\/www.celttv.com.ar\/index.php\/wp-json\/wp\/v2\/users\/1"}],"replies":[{"embeddable":true,"href":"https:\/\/www.celttv.com.ar\/index.php\/wp-json\/wp\/v2\/comments?post=55100"}],"version-history":[{"count":0,"href":"https:\/\/www.celttv.com.ar\/index.php\/wp-json\/wp\/v2\/posts\/55100\/revisions"}],"wp:featuredmedia":[{"embeddable":true,"href":"https:\/\/www.celttv.com.ar\/index.php\/wp-json\/wp\/v2\/media\/55102"}],"wp:attachment":[{"href":"https:\/\/www.celttv.com.ar\/index.php\/wp-json\/wp\/v2\/media?parent=55100"}],"wp:term":[{"taxonomy":"category","embeddable":true,"href":"https:\/\/www.celttv.com.ar\/index.php\/wp-json\/wp\/v2\/categories?post=55100"},{"taxonomy":"post_tag","embeddable":true,"href":"https:\/\/www.celttv.com.ar\/index.php\/wp-json\/wp\/v2\/tags?post=55100"}],"curies":[{"name":"wp","href":"https:\/\/api.w.org\/{rel}","templated":true}]}}