{"id":55104,"date":"2021-01-21T16:45:23","date_gmt":"2021-01-21T16:45:23","guid":{"rendered":"http:\/\/www.celttv.com.ar\/?p=55104"},"modified":"2021-01-21T16:45:23","modified_gmt":"2021-01-21T16:45:23","slug":"agenda-estrategica-2030-trabajamos-con-una-agenda-a-10-anos-y-sobre-la-base-de-seis-puntos-claves","status":"publish","type":"post","link":"https:\/\/www.celttv.com.ar\/index.php\/2021\/01\/21\/agenda-estrategica-2030-trabajamos-con-una-agenda-a-10-anos-y-sobre-la-base-de-seis-puntos-claves\/","title":{"rendered":"AGENDA ESTRAT\u00c9GICA 2030: &#8220;Trabajamos con una agenda a 10 a\u00f1os y sobre la base de seis puntos claves&#8221;"},"content":{"rendered":"<p>El secretario de la Agencia de Desarrollo del distrito de Tornquist, Gonzalo Iparraguirre, dialog\u00f3 con <strong>CELTTV NOTICIAS<\/strong> sobre el contenido y los principales puntos que conforman la <strong>&#8220;Agenda Estrat\u00e9gica 2030&#8221;<\/strong>.<\/p>\n<div class=\"jeg_video_container jeg_video_content\"><iframe loading=\"lazy\" title=\"2021 01 20 NOTA A GONZALO IPARRAGUIRRE   AGENDA 2030\" width=\"500\" height=\"281\" src=\"https:\/\/www.youtube.com\/embed\/gq88Jbo8vg4?start=7&#038;feature=oembed\" frameborder=\"0\" allow=\"accelerometer; autoplay; clipboard-write; encrypted-media; gyroscope; picture-in-picture; web-share\" referrerpolicy=\"strict-origin-when-cross-origin\" allowfullscreen><\/iframe><\/div>\n<p><a href=\"http:\/\/www.celttv.com.ar\/?attachment_id=55105\" rel=\"attachment wp-att-55105\"><img loading=\"lazy\" decoding=\"async\" class=\"alignleft size-full wp-image-55105\" src=\"http:\/\/www.celttv.com.ar\/wp-content\/uploads\/2021\/01\/c33a4e76-13db-4fa1-8060-a03ae8de0a20.jpg\" alt=\"\" width=\"1280\" height=\"960\" srcset=\"https:\/\/www.celttv.com.ar\/wp-content\/uploads\/2021\/01\/c33a4e76-13db-4fa1-8060-a03ae8de0a20.jpg 1280w, https:\/\/www.celttv.com.ar\/wp-content\/uploads\/2021\/01\/c33a4e76-13db-4fa1-8060-a03ae8de0a20-300x225.jpg 300w, https:\/\/www.celttv.com.ar\/wp-content\/uploads\/2021\/01\/c33a4e76-13db-4fa1-8060-a03ae8de0a20-1024x768.jpg 1024w, https:\/\/www.celttv.com.ar\/wp-content\/uploads\/2021\/01\/c33a4e76-13db-4fa1-8060-a03ae8de0a20-768x576.jpg 768w, https:\/\/www.celttv.com.ar\/wp-content\/uploads\/2021\/01\/c33a4e76-13db-4fa1-8060-a03ae8de0a20-750x563.jpg 750w, https:\/\/www.celttv.com.ar\/wp-content\/uploads\/2021\/01\/c33a4e76-13db-4fa1-8060-a03ae8de0a20-1140x855.jpg 1140w\" sizes=\"auto, (max-width: 1280px) 100vw, 1280px\" \/><\/a> <a href=\"http:\/\/www.celttv.com.ar\/?attachment_id=55106\" rel=\"attachment wp-att-55106\"><img loading=\"lazy\" decoding=\"async\" class=\"alignleft size-medium wp-image-55106\" src=\"http:\/\/www.celttv.com.ar\/wp-content\/uploads\/2021\/01\/d3ab1015-a22b-4aa0-9272-f9efd807f15b.jpg\" alt=\"\" width=\"780\" height=\"585\" srcset=\"https:\/\/www.celttv.com.ar\/wp-content\/uploads\/2021\/01\/d3ab1015-a22b-4aa0-9272-f9efd807f15b.jpg 1280w, https:\/\/www.celttv.com.ar\/wp-content\/uploads\/2021\/01\/d3ab1015-a22b-4aa0-9272-f9efd807f15b-300x225.jpg 300w, https:\/\/www.celttv.com.ar\/wp-content\/uploads\/2021\/01\/d3ab1015-a22b-4aa0-9272-f9efd807f15b-1024x768.jpg 1024w, https:\/\/www.celttv.com.ar\/wp-content\/uploads\/2021\/01\/d3ab1015-a22b-4aa0-9272-f9efd807f15b-768x576.jpg 768w, https:\/\/www.celttv.com.ar\/wp-content\/uploads\/2021\/01\/d3ab1015-a22b-4aa0-9272-f9efd807f15b-750x563.jpg 750w, https:\/\/www.celttv.com.ar\/wp-content\/uploads\/2021\/01\/d3ab1015-a22b-4aa0-9272-f9efd807f15b-1140x855.jpg 1140w\" sizes=\"auto, (max-width: 780px) 100vw, 780px\" \/><\/a><\/p>\n","protected":false},"excerpt":{"rendered":"<p>El secretario de la Agencia de Desarrollo del distrito de Tornquist, Gonzalo Iparraguirre, dialog\u00f3 con CELTTV NOTICIAS sobre el contenido y los principales puntos que conforman la &#8220;Agenda Estrat\u00e9gica 2030&#8221;.<\/p>\n","protected":false},"author":1,"featured_media":55105,"comment_status":"closed","ping_status":"open","sticky":false,"template":"","format":"standard","meta":{"footnotes":""},"categories":[55,51,52,53],"tags":[],"class_list":["post-55104","post","type-post","status-publish","format-standard","has-post-thumbnail","hentry","category-celt-tv-noticias","category-comunidad","category-destacadas","category-politica"],"yoast_head":"<!-- This site is optimized with the Yoast SEO plugin v19.7.1 - https:\/\/yoast.com\/wordpress\/plugins\/seo\/ -->\n<title>AGENDA ESTRAT\u00c9GICA 2030: &quot;Trabajamos con una agenda a 10 a\u00f1os y sobre la base de seis puntos claves&quot; - CELTTV<\/title>\n<meta name=\"description\" content=\"Sitio web de noticias de la localidad de Tornquist, provincia de Buenos Aires, Rep\u00fablica Argentina. Contenido propio originado por periodistas de CELTTV, el canal de TV local de la Cooperativa El\u00e9ctrica de Tornquist. Turismo, Pol\u00edtica, Sociedad, Deporte, Cultura y todo el contenido de inter\u00e9s general que la gente del pueblo y la regi\u00f3n debe conocer.\" \/>\n<meta name=\"robots\" content=\"index, follow, max-snippet:-1, max-image-preview:large, max-video-preview:-1\" \/>\n<link rel=\"canonical\" href=\"https:\/\/www.celttv.com.ar\/index.php\/2021\/01\/21\/agenda-estrategica-2030-trabajamos-con-una-agenda-a-10-anos-y-sobre-la-base-de-seis-puntos-claves\/\" \/>\n<meta property=\"og:locale\" content=\"es_ES\" \/>\n<meta property=\"og:type\" content=\"article\" \/>\n<meta property=\"og:title\" content=\"AGENDA ESTRAT\u00c9GICA 2030: &quot;Trabajamos con una agenda a 10 a\u00f1os y sobre la base de seis puntos claves&quot; - CELTTV\" \/>\n<meta property=\"og:description\" content=\"Sitio web de noticias de la localidad de Tornquist, provincia de Buenos Aires, Rep\u00fablica Argentina. Contenido propio originado por periodistas de CELTTV, el canal de TV local de la Cooperativa El\u00e9ctrica de Tornquist. Turismo, Pol\u00edtica, Sociedad, Deporte, Cultura y todo el contenido de inter\u00e9s general que la gente del pueblo y la regi\u00f3n debe conocer.\" \/>\n<meta property=\"og:url\" content=\"https:\/\/www.celttv.com.ar\/index.php\/2021\/01\/21\/agenda-estrategica-2030-trabajamos-con-una-agenda-a-10-anos-y-sobre-la-base-de-seis-puntos-claves\/\" \/>\n<meta property=\"og:site_name\" content=\"CELTTV\" \/>\n<meta property=\"article:publisher\" content=\"https:\/\/www.facebook.com\/celtTV\/\" \/>\n<meta property=\"article:published_time\" content=\"2021-01-21T16:45:23+00:00\" \/>\n<meta property=\"og:image\" content=\"https:\/\/www.celttv.com.ar\/wp-content\/uploads\/2021\/01\/c33a4e76-13db-4fa1-8060-a03ae8de0a20.jpg\" \/>\n\t<meta property=\"og:image:width\" content=\"1280\" \/>\n\t<meta property=\"og:image:height\" content=\"960\" \/>\n\t<meta property=\"og:image:type\" content=\"image\/jpeg\" \/>\n<meta name=\"author\" content=\"ulises\" \/>\n<meta name=\"twitter:card\" content=\"summary_large_image\" \/>\n<meta name=\"twitter:label1\" content=\"Escrito por\" \/>\n\t<meta name=\"twitter:data1\" content=\"ulises\" \/>\n<script type=\"application\/ld+json\" class=\"yoast-schema-graph\">{\"@context\":\"https:\/\/schema.org\",\"@graph\":[{\"@type\":\"NewsArticle\",\"@id\":\"https:\/\/www.celttv.com.ar\/index.php\/2021\/01\/21\/agenda-estrategica-2030-trabajamos-con-una-agenda-a-10-anos-y-sobre-la-base-de-seis-puntos-claves\/#article\",\"isPartOf\":{\"@id\":\"https:\/\/www.celttv.com.ar\/index.php\/2021\/01\/21\/agenda-estrategica-2030-trabajamos-con-una-agenda-a-10-anos-y-sobre-la-base-de-seis-puntos-claves\/\"},\"author\":{\"name\":\"ulises\",\"@id\":\"https:\/\/www.celttv.com.ar\/#\/schema\/person\/6d99c072dba59953809c81446e9d0ace\"},\"headline\":\"AGENDA ESTRAT\u00c9GICA 2030: &#8220;Trabajamos con una agenda a 10 a\u00f1os y sobre la base de seis puntos claves&#8221;\",\"datePublished\":\"2021-01-21T16:45:23+00:00\",\"dateModified\":\"2021-01-21T16:45:23+00:00\",\"mainEntityOfPage\":{\"@id\":\"https:\/\/www.celttv.com.ar\/index.php\/2021\/01\/21\/agenda-estrategica-2030-trabajamos-con-una-agenda-a-10-anos-y-sobre-la-base-de-seis-puntos-claves\/\"},\"wordCount\":60,\"publisher\":{\"@id\":\"https:\/\/www.celttv.com.ar\/#organization\"},\"articleSection\":[\"Celt TV Noticias\",\"Comunidad\",\"Destacadas\",\"Pol\u00edtica\"],\"inLanguage\":\"es\"},{\"@type\":\"WebPage\",\"@id\":\"https:\/\/www.celttv.com.ar\/index.php\/2021\/01\/21\/agenda-estrategica-2030-trabajamos-con-una-agenda-a-10-anos-y-sobre-la-base-de-seis-puntos-claves\/\",\"url\":\"https:\/\/www.celttv.com.ar\/index.php\/2021\/01\/21\/agenda-estrategica-2030-trabajamos-con-una-agenda-a-10-anos-y-sobre-la-base-de-seis-puntos-claves\/\",\"name\":\"AGENDA ESTRAT\u00c9GICA 2030: \\\"Trabajamos con una agenda a 10 a\u00f1os y sobre la base de seis puntos claves\\\" - CELTTV\",\"isPartOf\":{\"@id\":\"https:\/\/www.celttv.com.ar\/#website\"},\"datePublished\":\"2021-01-21T16:45:23+00:00\",\"dateModified\":\"2021-01-21T16:45:23+00:00\",\"description\":\"Sitio web de noticias de la localidad de Tornquist, provincia de Buenos Aires, Rep\u00fablica Argentina. Contenido propio originado por periodistas de CELTTV, el canal de TV local de la Cooperativa El\u00e9ctrica de Tornquist. Turismo, Pol\u00edtica, Sociedad, Deporte, Cultura y todo el contenido de inter\u00e9s general que la gente del pueblo y la regi\u00f3n debe conocer.\",\"breadcrumb\":{\"@id\":\"https:\/\/www.celttv.com.ar\/index.php\/2021\/01\/21\/agenda-estrategica-2030-trabajamos-con-una-agenda-a-10-anos-y-sobre-la-base-de-seis-puntos-claves\/#breadcrumb\"},\"inLanguage\":\"es\",\"potentialAction\":[{\"@type\":\"ReadAction\",\"target\":[\"https:\/\/www.celttv.com.ar\/index.php\/2021\/01\/21\/agenda-estrategica-2030-trabajamos-con-una-agenda-a-10-anos-y-sobre-la-base-de-seis-puntos-claves\/\"]}]},{\"@type\":\"BreadcrumbList\",\"@id\":\"https:\/\/www.celttv.com.ar\/index.php\/2021\/01\/21\/agenda-estrategica-2030-trabajamos-con-una-agenda-a-10-anos-y-sobre-la-base-de-seis-puntos-claves\/#breadcrumb\",\"itemListElement\":[{\"@type\":\"ListItem\",\"position\":1,\"name\":\"Inicio\",\"item\":\"https:\/\/www.celttv.com.ar\/\"},{\"@type\":\"ListItem\",\"position\":2,\"name\":\"AGENDA ESTRAT\u00c9GICA 2030: &#8220;Trabajamos con una agenda a 10 a\u00f1os y sobre la base de seis puntos claves&#8221;\"}]},{\"@type\":\"WebSite\",\"@id\":\"https:\/\/www.celttv.com.ar\/#website\",\"url\":\"https:\/\/www.celttv.com.ar\/\",\"name\":\"CELTTV\",\"description\":\"Cooperativa El\u00e9ctrica de Tornquist\",\"publisher\":{\"@id\":\"https:\/\/www.celttv.com.ar\/#organization\"},\"potentialAction\":[{\"@type\":\"SearchAction\",\"target\":{\"@type\":\"EntryPoint\",\"urlTemplate\":\"https:\/\/www.celttv.com.ar\/?s={search_term_string}\"},\"query-input\":\"required name=search_term_string\"}],\"inLanguage\":\"es\"},{\"@type\":\"Organization\",\"@id\":\"https:\/\/www.celttv.com.ar\/#organization\",\"name\":\"CELTTV\",\"url\":\"https:\/\/www.celttv.com.ar\/\",\"sameAs\":[\"https:\/\/www.youtube.com\/channel\/UCz_oIt8Hig64Ub-EmcNPIhg\",\"https:\/\/www.facebook.com\/celtTV\/\"],\"logo\":{\"@type\":\"ImageObject\",\"inLanguage\":\"es\",\"@id\":\"https:\/\/www.celttv.com.ar\/#\/schema\/logo\/image\/\",\"url\":\"http:\/\/www.celttv.com.ar\/wp-content\/uploads\/2022\/08\/logo-1.png\",\"contentUrl\":\"http:\/\/www.celttv.com.ar\/wp-content\/uploads\/2022\/08\/logo-1.png\",\"width\":461,\"height\":159,\"caption\":\"CELTTV\"},\"image\":{\"@id\":\"https:\/\/www.celttv.com.ar\/#\/schema\/logo\/image\/\"}},{\"@type\":\"Person\",\"@id\":\"https:\/\/www.celttv.com.ar\/#\/schema\/person\/6d99c072dba59953809c81446e9d0ace\",\"name\":\"ulises\",\"image\":{\"@type\":\"ImageObject\",\"inLanguage\":\"es\",\"@id\":\"https:\/\/www.celttv.com.ar\/#\/schema\/person\/image\/\",\"url\":\"https:\/\/secure.gravatar.com\/avatar\/7f2c48bdc33b30088f941fb6082e555f2874c98e20cb159d7b92b50eadfce793?s=96&d=mm&r=g\",\"contentUrl\":\"https:\/\/secure.gravatar.com\/avatar\/7f2c48bdc33b30088f941fb6082e555f2874c98e20cb159d7b92b50eadfce793?s=96&d=mm&r=g\",\"caption\":\"ulises\"},\"sameAs\":[\"http:\/\/www.celttv.com.ar\"]}]}<\/script>\n<!-- \/ Yoast SEO plugin. -->","yoast_head_json":{"title":"AGENDA ESTRAT\u00c9GICA 2030: \"Trabajamos con una agenda a 10 a\u00f1os y sobre la base de seis puntos claves\" - CELTTV","description":"Sitio web de noticias de la localidad de Tornquist, provincia de Buenos Aires, Rep\u00fablica Argentina. Contenido propio originado por periodistas de CELTTV, el canal de TV local de la Cooperativa El\u00e9ctrica de Tornquist. Turismo, Pol\u00edtica, Sociedad, Deporte, Cultura y todo el contenido de inter\u00e9s general que la gente del pueblo y la regi\u00f3n debe conocer.","robots":{"index":"index","follow":"follow","max-snippet":"max-snippet:-1","max-image-preview":"max-image-preview:large","max-video-preview":"max-video-preview:-1"},"canonical":"https:\/\/www.celttv.com.ar\/index.php\/2021\/01\/21\/agenda-estrategica-2030-trabajamos-con-una-agenda-a-10-anos-y-sobre-la-base-de-seis-puntos-claves\/","og_locale":"es_ES","og_type":"article","og_title":"AGENDA ESTRAT\u00c9GICA 2030: \"Trabajamos con una agenda a 10 a\u00f1os y sobre la base de seis puntos claves\" - CELTTV","og_description":"Sitio web de noticias de la localidad de Tornquist, provincia de Buenos Aires, Rep\u00fablica Argentina. Contenido propio originado por periodistas de CELTTV, el canal de TV local de la Cooperativa El\u00e9ctrica de Tornquist. Turismo, Pol\u00edtica, Sociedad, Deporte, Cultura y todo el contenido de inter\u00e9s general que la gente del pueblo y la regi\u00f3n debe conocer.","og_url":"https:\/\/www.celttv.com.ar\/index.php\/2021\/01\/21\/agenda-estrategica-2030-trabajamos-con-una-agenda-a-10-anos-y-sobre-la-base-de-seis-puntos-claves\/","og_site_name":"CELTTV","article_publisher":"https:\/\/www.facebook.com\/celtTV\/","article_published_time":"2021-01-21T16:45:23+00:00","og_image":[{"width":1280,"height":960,"url":"https:\/\/www.celttv.com.ar\/wp-content\/uploads\/2021\/01\/c33a4e76-13db-4fa1-8060-a03ae8de0a20.jpg","type":"image\/jpeg"}],"author":"ulises","twitter_card":"summary_large_image","twitter_misc":{"Escrito por":"ulises"},"schema":{"@context":"https:\/\/schema.org","@graph":[{"@type":"NewsArticle","@id":"https:\/\/www.celttv.com.ar\/index.php\/2021\/01\/21\/agenda-estrategica-2030-trabajamos-con-una-agenda-a-10-anos-y-sobre-la-base-de-seis-puntos-claves\/#article","isPartOf":{"@id":"https:\/\/www.celttv.com.ar\/index.php\/2021\/01\/21\/agenda-estrategica-2030-trabajamos-con-una-agenda-a-10-anos-y-sobre-la-base-de-seis-puntos-claves\/"},"author":{"name":"ulises","@id":"https:\/\/www.celttv.com.ar\/#\/schema\/person\/6d99c072dba59953809c81446e9d0ace"},"headline":"AGENDA ESTRAT\u00c9GICA 2030: &#8220;Trabajamos con una agenda a 10 a\u00f1os y sobre la base de seis puntos claves&#8221;","datePublished":"2021-01-21T16:45:23+00:00","dateModified":"2021-01-21T16:45:23+00:00","mainEntityOfPage":{"@id":"https:\/\/www.celttv.com.ar\/index.php\/2021\/01\/21\/agenda-estrategica-2030-trabajamos-con-una-agenda-a-10-anos-y-sobre-la-base-de-seis-puntos-claves\/"},"wordCount":60,"publisher":{"@id":"https:\/\/www.celttv.com.ar\/#organization"},"articleSection":["Celt TV Noticias","Comunidad","Destacadas","Pol\u00edtica"],"inLanguage":"es"},{"@type":"WebPage","@id":"https:\/\/www.celttv.com.ar\/index.php\/2021\/01\/21\/agenda-estrategica-2030-trabajamos-con-una-agenda-a-10-anos-y-sobre-la-base-de-seis-puntos-claves\/","url":"https:\/\/www.celttv.com.ar\/index.php\/2021\/01\/21\/agenda-estrategica-2030-trabajamos-con-una-agenda-a-10-anos-y-sobre-la-base-de-seis-puntos-claves\/","name":"AGENDA ESTRAT\u00c9GICA 2030: \"Trabajamos con una agenda a 10 a\u00f1os y sobre la base de seis puntos claves\" - CELTTV","isPartOf":{"@id":"https:\/\/www.celttv.com.ar\/#website"},"datePublished":"2021-01-21T16:45:23+00:00","dateModified":"2021-01-21T16:45:23+00:00","description":"Sitio web de noticias de la localidad de Tornquist, provincia de Buenos Aires, Rep\u00fablica Argentina. Contenido propio originado por periodistas de CELTTV, el canal de TV local de la Cooperativa El\u00e9ctrica de Tornquist. Turismo, Pol\u00edtica, Sociedad, Deporte, Cultura y todo el contenido de inter\u00e9s general que la gente del pueblo y la regi\u00f3n debe conocer.","breadcrumb":{"@id":"https:\/\/www.celttv.com.ar\/index.php\/2021\/01\/21\/agenda-estrategica-2030-trabajamos-con-una-agenda-a-10-anos-y-sobre-la-base-de-seis-puntos-claves\/#breadcrumb"},"inLanguage":"es","potentialAction":[{"@type":"ReadAction","target":["https:\/\/www.celttv.com.ar\/index.php\/2021\/01\/21\/agenda-estrategica-2030-trabajamos-con-una-agenda-a-10-anos-y-sobre-la-base-de-seis-puntos-claves\/"]}]},{"@type":"BreadcrumbList","@id":"https:\/\/www.celttv.com.ar\/index.php\/2021\/01\/21\/agenda-estrategica-2030-trabajamos-con-una-agenda-a-10-anos-y-sobre-la-base-de-seis-puntos-claves\/#breadcrumb","itemListElement":[{"@type":"ListItem","position":1,"name":"Inicio","item":"https:\/\/www.celttv.com.ar\/"},{"@type":"ListItem","position":2,"name":"AGENDA ESTRAT\u00c9GICA 2030: &#8220;Trabajamos con una agenda a 10 a\u00f1os y sobre la base de seis puntos claves&#8221;"}]},{"@type":"WebSite","@id":"https:\/\/www.celttv.com.ar\/#website","url":"https:\/\/www.celttv.com.ar\/","name":"CELTTV","description":"Cooperativa El\u00e9ctrica de Tornquist","publisher":{"@id":"https:\/\/www.celttv.com.ar\/#organization"},"potentialAction":[{"@type":"SearchAction","target":{"@type":"EntryPoint","urlTemplate":"https:\/\/www.celttv.com.ar\/?s={search_term_string}"},"query-input":"required name=search_term_string"}],"inLanguage":"es"},{"@type":"Organization","@id":"https:\/\/www.celttv.com.ar\/#organization","name":"CELTTV","url":"https:\/\/www.celttv.com.ar\/","sameAs":["https:\/\/www.youtube.com\/channel\/UCz_oIt8Hig64Ub-EmcNPIhg","https:\/\/www.facebook.com\/celtTV\/"],"logo":{"@type":"ImageObject","inLanguage":"es","@id":"https:\/\/www.celttv.com.ar\/#\/schema\/logo\/image\/","url":"http:\/\/www.celttv.com.ar\/wp-content\/uploads\/2022\/08\/logo-1.png","contentUrl":"http:\/\/www.celttv.com.ar\/wp-content\/uploads\/2022\/08\/logo-1.png","width":461,"height":159,"caption":"CELTTV"},"image":{"@id":"https:\/\/www.celttv.com.ar\/#\/schema\/logo\/image\/"}},{"@type":"Person","@id":"https:\/\/www.celttv.com.ar\/#\/schema\/person\/6d99c072dba59953809c81446e9d0ace","name":"ulises","image":{"@type":"ImageObject","inLanguage":"es","@id":"https:\/\/www.celttv.com.ar\/#\/schema\/person\/image\/","url":"https:\/\/secure.gravatar.com\/avatar\/7f2c48bdc33b30088f941fb6082e555f2874c98e20cb159d7b92b50eadfce793?s=96&d=mm&r=g","contentUrl":"https:\/\/secure.gravatar.com\/avatar\/7f2c48bdc33b30088f941fb6082e555f2874c98e20cb159d7b92b50eadfce793?s=96&d=mm&r=g","caption":"ulises"},"sameAs":["http:\/\/www.celttv.com.ar"]}]}},"_links":{"self":[{"href":"https:\/\/www.celttv.com.ar\/index.php\/wp-json\/wp\/v2\/posts\/55104","targetHints":{"allow":["GET"]}}],"collection":[{"href":"https:\/\/www.celttv.com.ar\/index.php\/wp-json\/wp\/v2\/posts"}],"about":[{"href":"https:\/\/www.celttv.com.ar\/index.php\/wp-json\/wp\/v2\/types\/post"}],"author":[{"embeddable":true,"href":"https:\/\/www.celttv.com.ar\/index.php\/wp-json\/wp\/v2\/users\/1"}],"replies":[{"embeddable":true,"href":"https:\/\/www.celttv.com.ar\/index.php\/wp-json\/wp\/v2\/comments?post=55104"}],"version-history":[{"count":0,"href":"https:\/\/www.celttv.com.ar\/index.php\/wp-json\/wp\/v2\/posts\/55104\/revisions"}],"wp:featuredmedia":[{"embeddable":true,"href":"https:\/\/www.celttv.com.ar\/index.php\/wp-json\/wp\/v2\/media\/55105"}],"wp:attachment":[{"href":"https:\/\/www.celttv.com.ar\/index.php\/wp-json\/wp\/v2\/media?parent=55104"}],"wp:term":[{"taxonomy":"category","embeddable":true,"href":"https:\/\/www.celttv.com.ar\/index.php\/wp-json\/wp\/v2\/categories?post=55104"},{"taxonomy":"post_tag","embeddable":true,"href":"https:\/\/www.celttv.com.ar\/index.php\/wp-json\/wp\/v2\/tags?post=55104"}],"curies":[{"name":"wp","href":"https:\/\/api.w.org\/{rel}","templated":true}]}}