{"id":55114,"date":"2021-01-22T16:53:33","date_gmt":"2021-01-22T16:53:33","guid":{"rendered":"http:\/\/www.celttv.com.ar\/?p=55114"},"modified":"2021-01-22T16:53:33","modified_gmt":"2021-01-22T16:53:33","slug":"dr-barca-situacion-sanitaria-del-distrito-y-aplicacion-de-la-segunda-dosis-de-la-vacuna-sputnik","status":"publish","type":"post","link":"https:\/\/www.celttv.com.ar\/index.php\/2021\/01\/22\/dr-barca-situacion-sanitaria-del-distrito-y-aplicacion-de-la-segunda-dosis-de-la-vacuna-sputnik\/","title":{"rendered":"DR. BARCA: Situaci\u00f3n sanitaria del distrito y aplicaci\u00f3n de la segunda dosis de la vacuna Sputnik V"},"content":{"rendered":"<p>El secretario de Salud del distrito de Tornquist, doctor Daniel Barca, confirm\u00f3 a <strong>CELTTV NOTICIAS<\/strong>\u00a0la llegada de 300 dosis de la vacuna Sputnik V al Hsopital Municipal &#8220;Dr. Alberto Castro&#8221; de la ciudad cabecera.<\/p>\n<p>&#8220;Con el arribo de las vacunas, pudimos comenzar \u00e9sta ma\u00f1ana (viernes) a vacunar a todas aquellas personas que, transcurrido 21 d\u00edas de haber recibido la primera dosis, ya est\u00e1n en condiciones de que se le aplique la segunda&#8221;, expres\u00f3 Barca.<\/p>\n<p>Tambi\u00e9n, hizo referencia a la campa\u00f1a de inscripci\u00f3n que se inici\u00f3 en el distrito para aquellas personas que quieran recibir la vacuna Sputnik V, entre otros temas.<\/p>\n<div class=\"jeg_video_container jeg_video_content\"><iframe loading=\"lazy\" title=\"2021 01 22 NOTA A DANIEL BARCA   VACUNACION\" width=\"500\" height=\"281\" src=\"https:\/\/www.youtube.com\/embed\/_3l0EGW6cqU?feature=oembed\" frameborder=\"0\" allow=\"accelerometer; autoplay; clipboard-write; encrypted-media; gyroscope; picture-in-picture; web-share\" referrerpolicy=\"strict-origin-when-cross-origin\" allowfullscreen><\/iframe><\/div>\n<p>Por otro lado, el doctor Daniel Barca se mostr\u00f3 preocupado por el crecimiento de casos positivos de Covid-19 en el distrito.<\/p>\n<p>&#8220;El sector de Covid del Hospital esta con su capacidad a pleno. Necesitamos de mayor responsabilidad de la gente porque todos los casos que tenemos est\u00e1n vinculados a reuniones sociales&#8221;, remarc\u00f3.<\/p>\n<div class=\"jeg_video_container jeg_video_content\"><iframe loading=\"lazy\" title=\"2021 01 22 NOTA A DANIEL BARCA   ACTUALIDAD EPIDEMIOLOGICA\" width=\"500\" height=\"281\" src=\"https:\/\/www.youtube.com\/embed\/ctcthJF7CLA?feature=oembed\" frameborder=\"0\" allow=\"accelerometer; autoplay; clipboard-write; encrypted-media; gyroscope; picture-in-picture; web-share\" referrerpolicy=\"strict-origin-when-cross-origin\" allowfullscreen><\/iframe><\/div>\n<p>&nbsp;<\/p>\n","protected":false},"excerpt":{"rendered":"<p>El secretario de Salud del distrito de Tornquist, doctor Daniel Barca, confirm\u00f3 a CELTTV NOTICIAS\u00a0la llegada de 300 dosis de la vacuna Sputnik V al Hsopital Municipal &#8220;Dr. Alberto Castro&#8221; de la ciudad cabecera. &#8220;Con el arribo de las vacunas, pudimos comenzar \u00e9sta ma\u00f1ana (viernes) a vacunar a todas aquellas personas que, transcurrido 21 d\u00edas [&hellip;]<\/p>\n","protected":false},"author":1,"featured_media":55116,"comment_status":"closed","ping_status":"open","sticky":false,"template":"","format":"standard","meta":{"footnotes":""},"categories":[54,55,51,52],"tags":[],"class_list":["post-55114","post","type-post","status-publish","format-standard","has-post-thumbnail","hentry","category-atencion-salud","category-celt-tv-noticias","category-comunidad","category-destacadas"],"yoast_head":"<!-- This site is optimized with the Yoast SEO plugin v19.7.1 - https:\/\/yoast.com\/wordpress\/plugins\/seo\/ -->\n<title>DR. BARCA: Situaci\u00f3n sanitaria del distrito y aplicaci\u00f3n de la segunda dosis de la vacuna Sputnik V - CELTTV<\/title>\n<meta name=\"description\" content=\"Sitio web de noticias de la localidad de Tornquist, provincia de Buenos Aires, Rep\u00fablica Argentina. Contenido propio originado por periodistas de CELTTV, el canal de TV local de la Cooperativa El\u00e9ctrica de Tornquist. Turismo, Pol\u00edtica, Sociedad, Deporte, Cultura y todo el contenido de inter\u00e9s general que la gente del pueblo y la regi\u00f3n debe conocer.\" \/>\n<meta name=\"robots\" content=\"index, follow, max-snippet:-1, max-image-preview:large, max-video-preview:-1\" \/>\n<link rel=\"canonical\" href=\"https:\/\/www.celttv.com.ar\/index.php\/2021\/01\/22\/dr-barca-situacion-sanitaria-del-distrito-y-aplicacion-de-la-segunda-dosis-de-la-vacuna-sputnik\/\" \/>\n<meta property=\"og:locale\" content=\"es_ES\" \/>\n<meta property=\"og:type\" content=\"article\" \/>\n<meta property=\"og:title\" content=\"DR. BARCA: Situaci\u00f3n sanitaria del distrito y aplicaci\u00f3n de la segunda dosis de la vacuna Sputnik V - CELTTV\" \/>\n<meta property=\"og:description\" content=\"Sitio web de noticias de la localidad de Tornquist, provincia de Buenos Aires, Rep\u00fablica Argentina. Contenido propio originado por periodistas de CELTTV, el canal de TV local de la Cooperativa El\u00e9ctrica de Tornquist. Turismo, Pol\u00edtica, Sociedad, Deporte, Cultura y todo el contenido de inter\u00e9s general que la gente del pueblo y la regi\u00f3n debe conocer.\" \/>\n<meta property=\"og:url\" content=\"https:\/\/www.celttv.com.ar\/index.php\/2021\/01\/22\/dr-barca-situacion-sanitaria-del-distrito-y-aplicacion-de-la-segunda-dosis-de-la-vacuna-sputnik\/\" \/>\n<meta property=\"og:site_name\" content=\"CELTTV\" \/>\n<meta property=\"article:publisher\" content=\"https:\/\/www.facebook.com\/celtTV\/\" \/>\n<meta property=\"article:published_time\" content=\"2021-01-22T16:53:33+00:00\" \/>\n<meta property=\"og:image\" content=\"https:\/\/www.celttv.com.ar\/wp-content\/uploads\/2021\/01\/0e1ad967-56c8-4f2f-aa72-7e113723685b.jpg\" \/>\n\t<meta property=\"og:image:width\" content=\"1280\" \/>\n\t<meta property=\"og:image:height\" content=\"960\" \/>\n\t<meta property=\"og:image:type\" content=\"image\/jpeg\" \/>\n<meta name=\"author\" content=\"ulises\" \/>\n<meta name=\"twitter:card\" content=\"summary_large_image\" \/>\n<meta name=\"twitter:label1\" content=\"Escrito por\" \/>\n\t<meta name=\"twitter:data1\" content=\"ulises\" \/>\n\t<meta name=\"twitter:label2\" content=\"Tiempo de lectura\" \/>\n\t<meta name=\"twitter:data2\" content=\"1 minuto\" \/>\n<script type=\"application\/ld+json\" class=\"yoast-schema-graph\">{\"@context\":\"https:\/\/schema.org\",\"@graph\":[{\"@type\":\"NewsArticle\",\"@id\":\"https:\/\/www.celttv.com.ar\/index.php\/2021\/01\/22\/dr-barca-situacion-sanitaria-del-distrito-y-aplicacion-de-la-segunda-dosis-de-la-vacuna-sputnik\/#article\",\"isPartOf\":{\"@id\":\"https:\/\/www.celttv.com.ar\/index.php\/2021\/01\/22\/dr-barca-situacion-sanitaria-del-distrito-y-aplicacion-de-la-segunda-dosis-de-la-vacuna-sputnik\/\"},\"author\":{\"name\":\"ulises\",\"@id\":\"https:\/\/www.celttv.com.ar\/#\/schema\/person\/6d99c072dba59953809c81446e9d0ace\"},\"headline\":\"DR. BARCA: Situaci\u00f3n sanitaria del distrito y aplicaci\u00f3n de la segunda dosis de la vacuna Sputnik V\",\"datePublished\":\"2021-01-22T16:53:33+00:00\",\"dateModified\":\"2021-01-22T16:53:33+00:00\",\"mainEntityOfPage\":{\"@id\":\"https:\/\/www.celttv.com.ar\/index.php\/2021\/01\/22\/dr-barca-situacion-sanitaria-del-distrito-y-aplicacion-de-la-segunda-dosis-de-la-vacuna-sputnik\/\"},\"wordCount\":196,\"publisher\":{\"@id\":\"https:\/\/www.celttv.com.ar\/#organization\"},\"articleSection\":[\"Atenci\u00f3n Salud\",\"Celt TV Noticias\",\"Comunidad\",\"Destacadas\"],\"inLanguage\":\"es\"},{\"@type\":\"WebPage\",\"@id\":\"https:\/\/www.celttv.com.ar\/index.php\/2021\/01\/22\/dr-barca-situacion-sanitaria-del-distrito-y-aplicacion-de-la-segunda-dosis-de-la-vacuna-sputnik\/\",\"url\":\"https:\/\/www.celttv.com.ar\/index.php\/2021\/01\/22\/dr-barca-situacion-sanitaria-del-distrito-y-aplicacion-de-la-segunda-dosis-de-la-vacuna-sputnik\/\",\"name\":\"DR. BARCA: Situaci\u00f3n sanitaria del distrito y aplicaci\u00f3n de la segunda dosis de la vacuna Sputnik V - CELTTV\",\"isPartOf\":{\"@id\":\"https:\/\/www.celttv.com.ar\/#website\"},\"datePublished\":\"2021-01-22T16:53:33+00:00\",\"dateModified\":\"2021-01-22T16:53:33+00:00\",\"description\":\"Sitio web de noticias de la localidad de Tornquist, provincia de Buenos Aires, Rep\u00fablica Argentina. Contenido propio originado por periodistas de CELTTV, el canal de TV local de la Cooperativa El\u00e9ctrica de Tornquist. Turismo, Pol\u00edtica, Sociedad, Deporte, Cultura y todo el contenido de inter\u00e9s general que la gente del pueblo y la regi\u00f3n debe conocer.\",\"breadcrumb\":{\"@id\":\"https:\/\/www.celttv.com.ar\/index.php\/2021\/01\/22\/dr-barca-situacion-sanitaria-del-distrito-y-aplicacion-de-la-segunda-dosis-de-la-vacuna-sputnik\/#breadcrumb\"},\"inLanguage\":\"es\",\"potentialAction\":[{\"@type\":\"ReadAction\",\"target\":[\"https:\/\/www.celttv.com.ar\/index.php\/2021\/01\/22\/dr-barca-situacion-sanitaria-del-distrito-y-aplicacion-de-la-segunda-dosis-de-la-vacuna-sputnik\/\"]}]},{\"@type\":\"BreadcrumbList\",\"@id\":\"https:\/\/www.celttv.com.ar\/index.php\/2021\/01\/22\/dr-barca-situacion-sanitaria-del-distrito-y-aplicacion-de-la-segunda-dosis-de-la-vacuna-sputnik\/#breadcrumb\",\"itemListElement\":[{\"@type\":\"ListItem\",\"position\":1,\"name\":\"Inicio\",\"item\":\"https:\/\/www.celttv.com.ar\/\"},{\"@type\":\"ListItem\",\"position\":2,\"name\":\"DR. BARCA: Situaci\u00f3n sanitaria del distrito y aplicaci\u00f3n de la segunda dosis de la vacuna Sputnik V\"}]},{\"@type\":\"WebSite\",\"@id\":\"https:\/\/www.celttv.com.ar\/#website\",\"url\":\"https:\/\/www.celttv.com.ar\/\",\"name\":\"CELTTV\",\"description\":\"Cooperativa El\u00e9ctrica de Tornquist\",\"publisher\":{\"@id\":\"https:\/\/www.celttv.com.ar\/#organization\"},\"potentialAction\":[{\"@type\":\"SearchAction\",\"target\":{\"@type\":\"EntryPoint\",\"urlTemplate\":\"https:\/\/www.celttv.com.ar\/?s={search_term_string}\"},\"query-input\":\"required name=search_term_string\"}],\"inLanguage\":\"es\"},{\"@type\":\"Organization\",\"@id\":\"https:\/\/www.celttv.com.ar\/#organization\",\"name\":\"CELTTV\",\"url\":\"https:\/\/www.celttv.com.ar\/\",\"sameAs\":[\"https:\/\/www.youtube.com\/channel\/UCz_oIt8Hig64Ub-EmcNPIhg\",\"https:\/\/www.facebook.com\/celtTV\/\"],\"logo\":{\"@type\":\"ImageObject\",\"inLanguage\":\"es\",\"@id\":\"https:\/\/www.celttv.com.ar\/#\/schema\/logo\/image\/\",\"url\":\"http:\/\/www.celttv.com.ar\/wp-content\/uploads\/2022\/08\/logo-1.png\",\"contentUrl\":\"http:\/\/www.celttv.com.ar\/wp-content\/uploads\/2022\/08\/logo-1.png\",\"width\":461,\"height\":159,\"caption\":\"CELTTV\"},\"image\":{\"@id\":\"https:\/\/www.celttv.com.ar\/#\/schema\/logo\/image\/\"}},{\"@type\":\"Person\",\"@id\":\"https:\/\/www.celttv.com.ar\/#\/schema\/person\/6d99c072dba59953809c81446e9d0ace\",\"name\":\"ulises\",\"image\":{\"@type\":\"ImageObject\",\"inLanguage\":\"es\",\"@id\":\"https:\/\/www.celttv.com.ar\/#\/schema\/person\/image\/\",\"url\":\"https:\/\/secure.gravatar.com\/avatar\/7f2c48bdc33b30088f941fb6082e555f2874c98e20cb159d7b92b50eadfce793?s=96&d=mm&r=g\",\"contentUrl\":\"https:\/\/secure.gravatar.com\/avatar\/7f2c48bdc33b30088f941fb6082e555f2874c98e20cb159d7b92b50eadfce793?s=96&d=mm&r=g\",\"caption\":\"ulises\"},\"sameAs\":[\"http:\/\/www.celttv.com.ar\"]}]}<\/script>\n<!-- \/ Yoast SEO plugin. -->","yoast_head_json":{"title":"DR. BARCA: Situaci\u00f3n sanitaria del distrito y aplicaci\u00f3n de la segunda dosis de la vacuna Sputnik V - CELTTV","description":"Sitio web de noticias de la localidad de Tornquist, provincia de Buenos Aires, Rep\u00fablica Argentina. Contenido propio originado por periodistas de CELTTV, el canal de TV local de la Cooperativa El\u00e9ctrica de Tornquist. Turismo, Pol\u00edtica, Sociedad, Deporte, Cultura y todo el contenido de inter\u00e9s general que la gente del pueblo y la regi\u00f3n debe conocer.","robots":{"index":"index","follow":"follow","max-snippet":"max-snippet:-1","max-image-preview":"max-image-preview:large","max-video-preview":"max-video-preview:-1"},"canonical":"https:\/\/www.celttv.com.ar\/index.php\/2021\/01\/22\/dr-barca-situacion-sanitaria-del-distrito-y-aplicacion-de-la-segunda-dosis-de-la-vacuna-sputnik\/","og_locale":"es_ES","og_type":"article","og_title":"DR. BARCA: Situaci\u00f3n sanitaria del distrito y aplicaci\u00f3n de la segunda dosis de la vacuna Sputnik V - CELTTV","og_description":"Sitio web de noticias de la localidad de Tornquist, provincia de Buenos Aires, Rep\u00fablica Argentina. Contenido propio originado por periodistas de CELTTV, el canal de TV local de la Cooperativa El\u00e9ctrica de Tornquist. Turismo, Pol\u00edtica, Sociedad, Deporte, Cultura y todo el contenido de inter\u00e9s general que la gente del pueblo y la regi\u00f3n debe conocer.","og_url":"https:\/\/www.celttv.com.ar\/index.php\/2021\/01\/22\/dr-barca-situacion-sanitaria-del-distrito-y-aplicacion-de-la-segunda-dosis-de-la-vacuna-sputnik\/","og_site_name":"CELTTV","article_publisher":"https:\/\/www.facebook.com\/celtTV\/","article_published_time":"2021-01-22T16:53:33+00:00","og_image":[{"width":1280,"height":960,"url":"https:\/\/www.celttv.com.ar\/wp-content\/uploads\/2021\/01\/0e1ad967-56c8-4f2f-aa72-7e113723685b.jpg","type":"image\/jpeg"}],"author":"ulises","twitter_card":"summary_large_image","twitter_misc":{"Escrito por":"ulises","Tiempo de lectura":"1 minuto"},"schema":{"@context":"https:\/\/schema.org","@graph":[{"@type":"NewsArticle","@id":"https:\/\/www.celttv.com.ar\/index.php\/2021\/01\/22\/dr-barca-situacion-sanitaria-del-distrito-y-aplicacion-de-la-segunda-dosis-de-la-vacuna-sputnik\/#article","isPartOf":{"@id":"https:\/\/www.celttv.com.ar\/index.php\/2021\/01\/22\/dr-barca-situacion-sanitaria-del-distrito-y-aplicacion-de-la-segunda-dosis-de-la-vacuna-sputnik\/"},"author":{"name":"ulises","@id":"https:\/\/www.celttv.com.ar\/#\/schema\/person\/6d99c072dba59953809c81446e9d0ace"},"headline":"DR. BARCA: Situaci\u00f3n sanitaria del distrito y aplicaci\u00f3n de la segunda dosis de la vacuna Sputnik V","datePublished":"2021-01-22T16:53:33+00:00","dateModified":"2021-01-22T16:53:33+00:00","mainEntityOfPage":{"@id":"https:\/\/www.celttv.com.ar\/index.php\/2021\/01\/22\/dr-barca-situacion-sanitaria-del-distrito-y-aplicacion-de-la-segunda-dosis-de-la-vacuna-sputnik\/"},"wordCount":196,"publisher":{"@id":"https:\/\/www.celttv.com.ar\/#organization"},"articleSection":["Atenci\u00f3n Salud","Celt TV Noticias","Comunidad","Destacadas"],"inLanguage":"es"},{"@type":"WebPage","@id":"https:\/\/www.celttv.com.ar\/index.php\/2021\/01\/22\/dr-barca-situacion-sanitaria-del-distrito-y-aplicacion-de-la-segunda-dosis-de-la-vacuna-sputnik\/","url":"https:\/\/www.celttv.com.ar\/index.php\/2021\/01\/22\/dr-barca-situacion-sanitaria-del-distrito-y-aplicacion-de-la-segunda-dosis-de-la-vacuna-sputnik\/","name":"DR. BARCA: Situaci\u00f3n sanitaria del distrito y aplicaci\u00f3n de la segunda dosis de la vacuna Sputnik V - CELTTV","isPartOf":{"@id":"https:\/\/www.celttv.com.ar\/#website"},"datePublished":"2021-01-22T16:53:33+00:00","dateModified":"2021-01-22T16:53:33+00:00","description":"Sitio web de noticias de la localidad de Tornquist, provincia de Buenos Aires, Rep\u00fablica Argentina. Contenido propio originado por periodistas de CELTTV, el canal de TV local de la Cooperativa El\u00e9ctrica de Tornquist. Turismo, Pol\u00edtica, Sociedad, Deporte, Cultura y todo el contenido de inter\u00e9s general que la gente del pueblo y la regi\u00f3n debe conocer.","breadcrumb":{"@id":"https:\/\/www.celttv.com.ar\/index.php\/2021\/01\/22\/dr-barca-situacion-sanitaria-del-distrito-y-aplicacion-de-la-segunda-dosis-de-la-vacuna-sputnik\/#breadcrumb"},"inLanguage":"es","potentialAction":[{"@type":"ReadAction","target":["https:\/\/www.celttv.com.ar\/index.php\/2021\/01\/22\/dr-barca-situacion-sanitaria-del-distrito-y-aplicacion-de-la-segunda-dosis-de-la-vacuna-sputnik\/"]}]},{"@type":"BreadcrumbList","@id":"https:\/\/www.celttv.com.ar\/index.php\/2021\/01\/22\/dr-barca-situacion-sanitaria-del-distrito-y-aplicacion-de-la-segunda-dosis-de-la-vacuna-sputnik\/#breadcrumb","itemListElement":[{"@type":"ListItem","position":1,"name":"Inicio","item":"https:\/\/www.celttv.com.ar\/"},{"@type":"ListItem","position":2,"name":"DR. BARCA: Situaci\u00f3n sanitaria del distrito y aplicaci\u00f3n de la segunda dosis de la vacuna Sputnik V"}]},{"@type":"WebSite","@id":"https:\/\/www.celttv.com.ar\/#website","url":"https:\/\/www.celttv.com.ar\/","name":"CELTTV","description":"Cooperativa El\u00e9ctrica de Tornquist","publisher":{"@id":"https:\/\/www.celttv.com.ar\/#organization"},"potentialAction":[{"@type":"SearchAction","target":{"@type":"EntryPoint","urlTemplate":"https:\/\/www.celttv.com.ar\/?s={search_term_string}"},"query-input":"required name=search_term_string"}],"inLanguage":"es"},{"@type":"Organization","@id":"https:\/\/www.celttv.com.ar\/#organization","name":"CELTTV","url":"https:\/\/www.celttv.com.ar\/","sameAs":["https:\/\/www.youtube.com\/channel\/UCz_oIt8Hig64Ub-EmcNPIhg","https:\/\/www.facebook.com\/celtTV\/"],"logo":{"@type":"ImageObject","inLanguage":"es","@id":"https:\/\/www.celttv.com.ar\/#\/schema\/logo\/image\/","url":"http:\/\/www.celttv.com.ar\/wp-content\/uploads\/2022\/08\/logo-1.png","contentUrl":"http:\/\/www.celttv.com.ar\/wp-content\/uploads\/2022\/08\/logo-1.png","width":461,"height":159,"caption":"CELTTV"},"image":{"@id":"https:\/\/www.celttv.com.ar\/#\/schema\/logo\/image\/"}},{"@type":"Person","@id":"https:\/\/www.celttv.com.ar\/#\/schema\/person\/6d99c072dba59953809c81446e9d0ace","name":"ulises","image":{"@type":"ImageObject","inLanguage":"es","@id":"https:\/\/www.celttv.com.ar\/#\/schema\/person\/image\/","url":"https:\/\/secure.gravatar.com\/avatar\/7f2c48bdc33b30088f941fb6082e555f2874c98e20cb159d7b92b50eadfce793?s=96&d=mm&r=g","contentUrl":"https:\/\/secure.gravatar.com\/avatar\/7f2c48bdc33b30088f941fb6082e555f2874c98e20cb159d7b92b50eadfce793?s=96&d=mm&r=g","caption":"ulises"},"sameAs":["http:\/\/www.celttv.com.ar"]}]}},"_links":{"self":[{"href":"https:\/\/www.celttv.com.ar\/index.php\/wp-json\/wp\/v2\/posts\/55114","targetHints":{"allow":["GET"]}}],"collection":[{"href":"https:\/\/www.celttv.com.ar\/index.php\/wp-json\/wp\/v2\/posts"}],"about":[{"href":"https:\/\/www.celttv.com.ar\/index.php\/wp-json\/wp\/v2\/types\/post"}],"author":[{"embeddable":true,"href":"https:\/\/www.celttv.com.ar\/index.php\/wp-json\/wp\/v2\/users\/1"}],"replies":[{"embeddable":true,"href":"https:\/\/www.celttv.com.ar\/index.php\/wp-json\/wp\/v2\/comments?post=55114"}],"version-history":[{"count":0,"href":"https:\/\/www.celttv.com.ar\/index.php\/wp-json\/wp\/v2\/posts\/55114\/revisions"}],"wp:featuredmedia":[{"embeddable":true,"href":"https:\/\/www.celttv.com.ar\/index.php\/wp-json\/wp\/v2\/media\/55116"}],"wp:attachment":[{"href":"https:\/\/www.celttv.com.ar\/index.php\/wp-json\/wp\/v2\/media?parent=55114"}],"wp:term":[{"taxonomy":"category","embeddable":true,"href":"https:\/\/www.celttv.com.ar\/index.php\/wp-json\/wp\/v2\/categories?post=55114"},{"taxonomy":"post_tag","embeddable":true,"href":"https:\/\/www.celttv.com.ar\/index.php\/wp-json\/wp\/v2\/tags?post=55114"}],"curies":[{"name":"wp","href":"https:\/\/api.w.org\/{rel}","templated":true}]}}