{"id":55130,"date":"2021-01-22T20:04:00","date_gmt":"2021-01-22T20:04:00","guid":{"rendered":"http:\/\/www.celttv.com.ar\/?p=55130"},"modified":"2021-01-22T20:04:00","modified_gmt":"2021-01-22T20:04:00","slug":"turismo-concreta-un-proyecto-de-senaletica-de-atractivos-del-distrito","status":"publish","type":"post","link":"https:\/\/www.celttv.com.ar\/index.php\/2021\/01\/22\/turismo-concreta-un-proyecto-de-senaletica-de-atractivos-del-distrito\/","title":{"rendered":"Turismo concreta un proyecto de se\u00f1al\u00e9tica de atractivos del distrito"},"content":{"rendered":"<p>La Secretar\u00eda de Turismo concret\u00f3 en los \u00faltimos d\u00edas la instalaci\u00f3n de se\u00f1alizaci\u00f3n vial y se\u00f1al\u00e9tica tur\u00edstica de atractivos del distrito de Tornquist, en el marco de un proyecto presentado ante el Consejo Federal de Ciencia y Tecnolog\u00eda (COFECYT).<\/p>\n<p>En 2016, el municipio present\u00f3 al COFECYT el proyecto \u2018Sistema integrado de se\u00f1alizaci\u00f3n vial y se\u00f1al\u00e9tica tur\u00edstica en el Distrito Tornquist\u2019, con el fin de desarrollar un sistema de se\u00f1alizaci\u00f3n coherente y uniforme en todo el territorio, el cual permita conectar los diferentes servicios que ofrece la Comarca articulando con los atractivos naturales y culturales.<\/p>\n<p>En 2019, la iniciativa fue aprobada y comenzaron los trabajos correspondientes de relevamiento del estado actual de la se\u00f1alizaci\u00f3n, diagn\u00f3stico, definici\u00f3n de imagen, diagramaci\u00f3n, dise\u00f1o y desarrollo de un sistema integrado.<\/p>\n<p>Debido a que lo valores presupuestados en aquel entonces fueron ajustados para la compra de materiales e insumos necesarios, se realizaron modificaciones en el sistema de diagramaci\u00f3n total, analizando los principales atractivos naturales y culturales, comenzando con la se\u00f1alizaci\u00f3n interpretativa del Circuito Chico Tornquist.<\/p>\n<p>Circuito Chico es un atractivo que permite recorrer 38 km por caminos vecinales, disfrutando del valle interserrano que forman los cordones Ventana y Curamalal, deleitarse y apreciar en el transcurso del camino los paisajes y cultivos caracter\u00edsticos de la zona, ejemplares de la flora y fauna local.<\/p>\n<p><a href=\"http:\/\/www.celttv.com.ar\/?attachment_id=55131\" rel=\"attachment wp-att-55131\"><img loading=\"lazy\" decoding=\"async\" class=\"alignleft size-full wp-image-55131\" src=\"http:\/\/www.celttv.com.ar\/wp-content\/uploads\/2021\/01\/Senaletica-Turismo-1.jpeg\" alt=\"\" width=\"1280\" height=\"958\" srcset=\"https:\/\/www.celttv.com.ar\/wp-content\/uploads\/2021\/01\/Senaletica-Turismo-1.jpeg 1280w, https:\/\/www.celttv.com.ar\/wp-content\/uploads\/2021\/01\/Senaletica-Turismo-1-300x225.jpeg 300w, https:\/\/www.celttv.com.ar\/wp-content\/uploads\/2021\/01\/Senaletica-Turismo-1-1024x766.jpeg 1024w, https:\/\/www.celttv.com.ar\/wp-content\/uploads\/2021\/01\/Senaletica-Turismo-1-768x575.jpeg 768w, https:\/\/www.celttv.com.ar\/wp-content\/uploads\/2021\/01\/Senaletica-Turismo-1-750x561.jpeg 750w, https:\/\/www.celttv.com.ar\/wp-content\/uploads\/2021\/01\/Senaletica-Turismo-1-1140x853.jpeg 1140w\" sizes=\"auto, (max-width: 1280px) 100vw, 1280px\" \/><\/a> <a href=\"http:\/\/www.celttv.com.ar\/?attachment_id=55132\" rel=\"attachment wp-att-55132\"><img loading=\"lazy\" decoding=\"async\" class=\"alignleft size-medium wp-image-55132\" src=\"http:\/\/www.celttv.com.ar\/wp-content\/uploads\/2021\/01\/Senaletica-Turismo-2.jpeg\" alt=\"\" width=\"780\" height=\"439\" srcset=\"https:\/\/www.celttv.com.ar\/wp-content\/uploads\/2021\/01\/Senaletica-Turismo-2.jpeg 1280w, https:\/\/www.celttv.com.ar\/wp-content\/uploads\/2021\/01\/Senaletica-Turismo-2-300x169.jpeg 300w, https:\/\/www.celttv.com.ar\/wp-content\/uploads\/2021\/01\/Senaletica-Turismo-2-1024x576.jpeg 1024w, https:\/\/www.celttv.com.ar\/wp-content\/uploads\/2021\/01\/Senaletica-Turismo-2-768x432.jpeg 768w, https:\/\/www.celttv.com.ar\/wp-content\/uploads\/2021\/01\/Senaletica-Turismo-2-750x422.jpeg 750w, https:\/\/www.celttv.com.ar\/wp-content\/uploads\/2021\/01\/Senaletica-Turismo-2-1140x641.jpeg 1140w\" sizes=\"auto, (max-width: 780px) 100vw, 780px\" \/><\/a> <a href=\"http:\/\/www.celttv.com.ar\/?attachment_id=55133\" rel=\"attachment wp-att-55133\"><img loading=\"lazy\" decoding=\"async\" class=\"alignleft size-medium wp-image-55133\" src=\"http:\/\/www.celttv.com.ar\/wp-content\/uploads\/2021\/01\/Senaletica-Turismo-3.jpeg\" alt=\"\" width=\"780\" height=\"439\" srcset=\"https:\/\/www.celttv.com.ar\/wp-content\/uploads\/2021\/01\/Senaletica-Turismo-3.jpeg 1280w, https:\/\/www.celttv.com.ar\/wp-content\/uploads\/2021\/01\/Senaletica-Turismo-3-300x169.jpeg 300w, https:\/\/www.celttv.com.ar\/wp-content\/uploads\/2021\/01\/Senaletica-Turismo-3-1024x576.jpeg 1024w, https:\/\/www.celttv.com.ar\/wp-content\/uploads\/2021\/01\/Senaletica-Turismo-3-768x432.jpeg 768w, https:\/\/www.celttv.com.ar\/wp-content\/uploads\/2021\/01\/Senaletica-Turismo-3-750x422.jpeg 750w, https:\/\/www.celttv.com.ar\/wp-content\/uploads\/2021\/01\/Senaletica-Turismo-3-1140x641.jpeg 1140w\" sizes=\"auto, (max-width: 780px) 100vw, 780px\" \/><\/a> <a href=\"http:\/\/www.celttv.com.ar\/?attachment_id=55134\" rel=\"attachment wp-att-55134\"><img loading=\"lazy\" decoding=\"async\" class=\"alignleft size-medium wp-image-55134\" src=\"http:\/\/www.celttv.com.ar\/wp-content\/uploads\/2021\/01\/Senaletica-Turismo-4.jpeg\" alt=\"\" width=\"780\" height=\"439\" srcset=\"https:\/\/www.celttv.com.ar\/wp-content\/uploads\/2021\/01\/Senaletica-Turismo-4.jpeg 1280w, https:\/\/www.celttv.com.ar\/wp-content\/uploads\/2021\/01\/Senaletica-Turismo-4-300x169.jpeg 300w, https:\/\/www.celttv.com.ar\/wp-content\/uploads\/2021\/01\/Senaletica-Turismo-4-1024x576.jpeg 1024w, https:\/\/www.celttv.com.ar\/wp-content\/uploads\/2021\/01\/Senaletica-Turismo-4-768x432.jpeg 768w, https:\/\/www.celttv.com.ar\/wp-content\/uploads\/2021\/01\/Senaletica-Turismo-4-750x422.jpeg 750w, https:\/\/www.celttv.com.ar\/wp-content\/uploads\/2021\/01\/Senaletica-Turismo-4-1140x641.jpeg 1140w\" sizes=\"auto, (max-width: 780px) 100vw, 780px\" \/><\/a><\/p>\n","protected":false},"excerpt":{"rendered":"<p>La Secretar\u00eda de Turismo concret\u00f3 en los \u00faltimos d\u00edas la instalaci\u00f3n de se\u00f1alizaci\u00f3n vial y se\u00f1al\u00e9tica tur\u00edstica de atractivos del distrito de Tornquist, en el marco de un proyecto presentado ante el Consejo Federal de Ciencia y Tecnolog\u00eda (COFECYT). En 2016, el municipio present\u00f3 al COFECYT el proyecto \u2018Sistema integrado de se\u00f1alizaci\u00f3n vial y se\u00f1al\u00e9tica [&hellip;]<\/p>\n","protected":false},"author":1,"featured_media":55131,"comment_status":"closed","ping_status":"open","sticky":false,"template":"","format":"standard","meta":{"footnotes":""},"categories":[51,52,58],"tags":[],"class_list":["post-55130","post","type-post","status-publish","format-standard","has-post-thumbnail","hentry","category-comunidad","category-destacadas","category-turismo"],"yoast_head":"<!-- This site is optimized with the Yoast SEO plugin v19.7.1 - https:\/\/yoast.com\/wordpress\/plugins\/seo\/ -->\n<title>Turismo concreta un proyecto de se\u00f1al\u00e9tica de atractivos del distrito - CELTTV<\/title>\n<meta name=\"description\" content=\"Sitio web de noticias de la localidad de Tornquist, provincia de Buenos Aires, Rep\u00fablica Argentina. Contenido propio originado por periodistas de CELTTV, el canal de TV local de la Cooperativa El\u00e9ctrica de Tornquist. Turismo, Pol\u00edtica, Sociedad, Deporte, Cultura y todo el contenido de inter\u00e9s general que la gente del pueblo y la regi\u00f3n debe conocer.\" \/>\n<meta name=\"robots\" content=\"index, follow, max-snippet:-1, max-image-preview:large, max-video-preview:-1\" \/>\n<link rel=\"canonical\" href=\"https:\/\/www.celttv.com.ar\/index.php\/2021\/01\/22\/turismo-concreta-un-proyecto-de-senaletica-de-atractivos-del-distrito\/\" \/>\n<meta property=\"og:locale\" content=\"es_ES\" \/>\n<meta property=\"og:type\" content=\"article\" \/>\n<meta property=\"og:title\" content=\"Turismo concreta un proyecto de se\u00f1al\u00e9tica de atractivos del distrito - CELTTV\" \/>\n<meta property=\"og:description\" content=\"Sitio web de noticias de la localidad de Tornquist, provincia de Buenos Aires, Rep\u00fablica Argentina. Contenido propio originado por periodistas de CELTTV, el canal de TV local de la Cooperativa El\u00e9ctrica de Tornquist. Turismo, Pol\u00edtica, Sociedad, Deporte, Cultura y todo el contenido de inter\u00e9s general que la gente del pueblo y la regi\u00f3n debe conocer.\" \/>\n<meta property=\"og:url\" content=\"https:\/\/www.celttv.com.ar\/index.php\/2021\/01\/22\/turismo-concreta-un-proyecto-de-senaletica-de-atractivos-del-distrito\/\" \/>\n<meta property=\"og:site_name\" content=\"CELTTV\" \/>\n<meta property=\"article:publisher\" content=\"https:\/\/www.facebook.com\/celtTV\/\" \/>\n<meta property=\"article:published_time\" content=\"2021-01-22T20:04:00+00:00\" \/>\n<meta property=\"og:image\" content=\"https:\/\/www.celttv.com.ar\/wp-content\/uploads\/2021\/01\/Senaletica-Turismo-1.jpeg\" \/>\n\t<meta property=\"og:image:width\" content=\"1280\" \/>\n\t<meta property=\"og:image:height\" content=\"958\" \/>\n\t<meta property=\"og:image:type\" content=\"image\/jpeg\" \/>\n<meta name=\"author\" content=\"ulises\" \/>\n<meta name=\"twitter:card\" content=\"summary_large_image\" \/>\n<meta name=\"twitter:label1\" content=\"Escrito por\" \/>\n\t<meta name=\"twitter:data1\" content=\"ulises\" \/>\n\t<meta name=\"twitter:label2\" content=\"Tiempo de lectura\" \/>\n\t<meta name=\"twitter:data2\" content=\"1 minuto\" \/>\n<script type=\"application\/ld+json\" class=\"yoast-schema-graph\">{\"@context\":\"https:\/\/schema.org\",\"@graph\":[{\"@type\":\"NewsArticle\",\"@id\":\"https:\/\/www.celttv.com.ar\/index.php\/2021\/01\/22\/turismo-concreta-un-proyecto-de-senaletica-de-atractivos-del-distrito\/#article\",\"isPartOf\":{\"@id\":\"https:\/\/www.celttv.com.ar\/index.php\/2021\/01\/22\/turismo-concreta-un-proyecto-de-senaletica-de-atractivos-del-distrito\/\"},\"author\":{\"name\":\"ulises\",\"@id\":\"https:\/\/www.celttv.com.ar\/#\/schema\/person\/6d99c072dba59953809c81446e9d0ace\"},\"headline\":\"Turismo concreta un proyecto de se\u00f1al\u00e9tica de atractivos del distrito\",\"datePublished\":\"2021-01-22T20:04:00+00:00\",\"dateModified\":\"2021-01-22T20:04:00+00:00\",\"mainEntityOfPage\":{\"@id\":\"https:\/\/www.celttv.com.ar\/index.php\/2021\/01\/22\/turismo-concreta-un-proyecto-de-senaletica-de-atractivos-del-distrito\/\"},\"wordCount\":251,\"publisher\":{\"@id\":\"https:\/\/www.celttv.com.ar\/#organization\"},\"articleSection\":[\"Comunidad\",\"Destacadas\",\"Turismo\"],\"inLanguage\":\"es\"},{\"@type\":\"WebPage\",\"@id\":\"https:\/\/www.celttv.com.ar\/index.php\/2021\/01\/22\/turismo-concreta-un-proyecto-de-senaletica-de-atractivos-del-distrito\/\",\"url\":\"https:\/\/www.celttv.com.ar\/index.php\/2021\/01\/22\/turismo-concreta-un-proyecto-de-senaletica-de-atractivos-del-distrito\/\",\"name\":\"Turismo concreta un proyecto de se\u00f1al\u00e9tica de atractivos del distrito - CELTTV\",\"isPartOf\":{\"@id\":\"https:\/\/www.celttv.com.ar\/#website\"},\"datePublished\":\"2021-01-22T20:04:00+00:00\",\"dateModified\":\"2021-01-22T20:04:00+00:00\",\"description\":\"Sitio web de noticias de la localidad de Tornquist, provincia de Buenos Aires, Rep\u00fablica Argentina. Contenido propio originado por periodistas de CELTTV, el canal de TV local de la Cooperativa El\u00e9ctrica de Tornquist. Turismo, Pol\u00edtica, Sociedad, Deporte, Cultura y todo el contenido de inter\u00e9s general que la gente del pueblo y la regi\u00f3n debe conocer.\",\"breadcrumb\":{\"@id\":\"https:\/\/www.celttv.com.ar\/index.php\/2021\/01\/22\/turismo-concreta-un-proyecto-de-senaletica-de-atractivos-del-distrito\/#breadcrumb\"},\"inLanguage\":\"es\",\"potentialAction\":[{\"@type\":\"ReadAction\",\"target\":[\"https:\/\/www.celttv.com.ar\/index.php\/2021\/01\/22\/turismo-concreta-un-proyecto-de-senaletica-de-atractivos-del-distrito\/\"]}]},{\"@type\":\"BreadcrumbList\",\"@id\":\"https:\/\/www.celttv.com.ar\/index.php\/2021\/01\/22\/turismo-concreta-un-proyecto-de-senaletica-de-atractivos-del-distrito\/#breadcrumb\",\"itemListElement\":[{\"@type\":\"ListItem\",\"position\":1,\"name\":\"Inicio\",\"item\":\"https:\/\/www.celttv.com.ar\/\"},{\"@type\":\"ListItem\",\"position\":2,\"name\":\"Turismo concreta un proyecto de se\u00f1al\u00e9tica de atractivos del distrito\"}]},{\"@type\":\"WebSite\",\"@id\":\"https:\/\/www.celttv.com.ar\/#website\",\"url\":\"https:\/\/www.celttv.com.ar\/\",\"name\":\"CELTTV\",\"description\":\"Cooperativa El\u00e9ctrica de Tornquist\",\"publisher\":{\"@id\":\"https:\/\/www.celttv.com.ar\/#organization\"},\"potentialAction\":[{\"@type\":\"SearchAction\",\"target\":{\"@type\":\"EntryPoint\",\"urlTemplate\":\"https:\/\/www.celttv.com.ar\/?s={search_term_string}\"},\"query-input\":\"required name=search_term_string\"}],\"inLanguage\":\"es\"},{\"@type\":\"Organization\",\"@id\":\"https:\/\/www.celttv.com.ar\/#organization\",\"name\":\"CELTTV\",\"url\":\"https:\/\/www.celttv.com.ar\/\",\"sameAs\":[\"https:\/\/www.youtube.com\/channel\/UCz_oIt8Hig64Ub-EmcNPIhg\",\"https:\/\/www.facebook.com\/celtTV\/\"],\"logo\":{\"@type\":\"ImageObject\",\"inLanguage\":\"es\",\"@id\":\"https:\/\/www.celttv.com.ar\/#\/schema\/logo\/image\/\",\"url\":\"http:\/\/www.celttv.com.ar\/wp-content\/uploads\/2022\/08\/logo-1.png\",\"contentUrl\":\"http:\/\/www.celttv.com.ar\/wp-content\/uploads\/2022\/08\/logo-1.png\",\"width\":461,\"height\":159,\"caption\":\"CELTTV\"},\"image\":{\"@id\":\"https:\/\/www.celttv.com.ar\/#\/schema\/logo\/image\/\"}},{\"@type\":\"Person\",\"@id\":\"https:\/\/www.celttv.com.ar\/#\/schema\/person\/6d99c072dba59953809c81446e9d0ace\",\"name\":\"ulises\",\"image\":{\"@type\":\"ImageObject\",\"inLanguage\":\"es\",\"@id\":\"https:\/\/www.celttv.com.ar\/#\/schema\/person\/image\/\",\"url\":\"https:\/\/secure.gravatar.com\/avatar\/7f2c48bdc33b30088f941fb6082e555f2874c98e20cb159d7b92b50eadfce793?s=96&d=mm&r=g\",\"contentUrl\":\"https:\/\/secure.gravatar.com\/avatar\/7f2c48bdc33b30088f941fb6082e555f2874c98e20cb159d7b92b50eadfce793?s=96&d=mm&r=g\",\"caption\":\"ulises\"},\"sameAs\":[\"http:\/\/www.celttv.com.ar\"]}]}<\/script>\n<!-- \/ Yoast SEO plugin. -->","yoast_head_json":{"title":"Turismo concreta un proyecto de se\u00f1al\u00e9tica de atractivos del distrito - CELTTV","description":"Sitio web de noticias de la localidad de Tornquist, provincia de Buenos Aires, Rep\u00fablica Argentina. Contenido propio originado por periodistas de CELTTV, el canal de TV local de la Cooperativa El\u00e9ctrica de Tornquist. Turismo, Pol\u00edtica, Sociedad, Deporte, Cultura y todo el contenido de inter\u00e9s general que la gente del pueblo y la regi\u00f3n debe conocer.","robots":{"index":"index","follow":"follow","max-snippet":"max-snippet:-1","max-image-preview":"max-image-preview:large","max-video-preview":"max-video-preview:-1"},"canonical":"https:\/\/www.celttv.com.ar\/index.php\/2021\/01\/22\/turismo-concreta-un-proyecto-de-senaletica-de-atractivos-del-distrito\/","og_locale":"es_ES","og_type":"article","og_title":"Turismo concreta un proyecto de se\u00f1al\u00e9tica de atractivos del distrito - CELTTV","og_description":"Sitio web de noticias de la localidad de Tornquist, provincia de Buenos Aires, Rep\u00fablica Argentina. Contenido propio originado por periodistas de CELTTV, el canal de TV local de la Cooperativa El\u00e9ctrica de Tornquist. Turismo, Pol\u00edtica, Sociedad, Deporte, Cultura y todo el contenido de inter\u00e9s general que la gente del pueblo y la regi\u00f3n debe conocer.","og_url":"https:\/\/www.celttv.com.ar\/index.php\/2021\/01\/22\/turismo-concreta-un-proyecto-de-senaletica-de-atractivos-del-distrito\/","og_site_name":"CELTTV","article_publisher":"https:\/\/www.facebook.com\/celtTV\/","article_published_time":"2021-01-22T20:04:00+00:00","og_image":[{"width":1280,"height":958,"url":"https:\/\/www.celttv.com.ar\/wp-content\/uploads\/2021\/01\/Senaletica-Turismo-1.jpeg","type":"image\/jpeg"}],"author":"ulises","twitter_card":"summary_large_image","twitter_misc":{"Escrito por":"ulises","Tiempo de lectura":"1 minuto"},"schema":{"@context":"https:\/\/schema.org","@graph":[{"@type":"NewsArticle","@id":"https:\/\/www.celttv.com.ar\/index.php\/2021\/01\/22\/turismo-concreta-un-proyecto-de-senaletica-de-atractivos-del-distrito\/#article","isPartOf":{"@id":"https:\/\/www.celttv.com.ar\/index.php\/2021\/01\/22\/turismo-concreta-un-proyecto-de-senaletica-de-atractivos-del-distrito\/"},"author":{"name":"ulises","@id":"https:\/\/www.celttv.com.ar\/#\/schema\/person\/6d99c072dba59953809c81446e9d0ace"},"headline":"Turismo concreta un proyecto de se\u00f1al\u00e9tica de atractivos del distrito","datePublished":"2021-01-22T20:04:00+00:00","dateModified":"2021-01-22T20:04:00+00:00","mainEntityOfPage":{"@id":"https:\/\/www.celttv.com.ar\/index.php\/2021\/01\/22\/turismo-concreta-un-proyecto-de-senaletica-de-atractivos-del-distrito\/"},"wordCount":251,"publisher":{"@id":"https:\/\/www.celttv.com.ar\/#organization"},"articleSection":["Comunidad","Destacadas","Turismo"],"inLanguage":"es"},{"@type":"WebPage","@id":"https:\/\/www.celttv.com.ar\/index.php\/2021\/01\/22\/turismo-concreta-un-proyecto-de-senaletica-de-atractivos-del-distrito\/","url":"https:\/\/www.celttv.com.ar\/index.php\/2021\/01\/22\/turismo-concreta-un-proyecto-de-senaletica-de-atractivos-del-distrito\/","name":"Turismo concreta un proyecto de se\u00f1al\u00e9tica de atractivos del distrito - CELTTV","isPartOf":{"@id":"https:\/\/www.celttv.com.ar\/#website"},"datePublished":"2021-01-22T20:04:00+00:00","dateModified":"2021-01-22T20:04:00+00:00","description":"Sitio web de noticias de la localidad de Tornquist, provincia de Buenos Aires, Rep\u00fablica Argentina. Contenido propio originado por periodistas de CELTTV, el canal de TV local de la Cooperativa El\u00e9ctrica de Tornquist. Turismo, Pol\u00edtica, Sociedad, Deporte, Cultura y todo el contenido de inter\u00e9s general que la gente del pueblo y la regi\u00f3n debe conocer.","breadcrumb":{"@id":"https:\/\/www.celttv.com.ar\/index.php\/2021\/01\/22\/turismo-concreta-un-proyecto-de-senaletica-de-atractivos-del-distrito\/#breadcrumb"},"inLanguage":"es","potentialAction":[{"@type":"ReadAction","target":["https:\/\/www.celttv.com.ar\/index.php\/2021\/01\/22\/turismo-concreta-un-proyecto-de-senaletica-de-atractivos-del-distrito\/"]}]},{"@type":"BreadcrumbList","@id":"https:\/\/www.celttv.com.ar\/index.php\/2021\/01\/22\/turismo-concreta-un-proyecto-de-senaletica-de-atractivos-del-distrito\/#breadcrumb","itemListElement":[{"@type":"ListItem","position":1,"name":"Inicio","item":"https:\/\/www.celttv.com.ar\/"},{"@type":"ListItem","position":2,"name":"Turismo concreta un proyecto de se\u00f1al\u00e9tica de atractivos del distrito"}]},{"@type":"WebSite","@id":"https:\/\/www.celttv.com.ar\/#website","url":"https:\/\/www.celttv.com.ar\/","name":"CELTTV","description":"Cooperativa El\u00e9ctrica de Tornquist","publisher":{"@id":"https:\/\/www.celttv.com.ar\/#organization"},"potentialAction":[{"@type":"SearchAction","target":{"@type":"EntryPoint","urlTemplate":"https:\/\/www.celttv.com.ar\/?s={search_term_string}"},"query-input":"required name=search_term_string"}],"inLanguage":"es"},{"@type":"Organization","@id":"https:\/\/www.celttv.com.ar\/#organization","name":"CELTTV","url":"https:\/\/www.celttv.com.ar\/","sameAs":["https:\/\/www.youtube.com\/channel\/UCz_oIt8Hig64Ub-EmcNPIhg","https:\/\/www.facebook.com\/celtTV\/"],"logo":{"@type":"ImageObject","inLanguage":"es","@id":"https:\/\/www.celttv.com.ar\/#\/schema\/logo\/image\/","url":"http:\/\/www.celttv.com.ar\/wp-content\/uploads\/2022\/08\/logo-1.png","contentUrl":"http:\/\/www.celttv.com.ar\/wp-content\/uploads\/2022\/08\/logo-1.png","width":461,"height":159,"caption":"CELTTV"},"image":{"@id":"https:\/\/www.celttv.com.ar\/#\/schema\/logo\/image\/"}},{"@type":"Person","@id":"https:\/\/www.celttv.com.ar\/#\/schema\/person\/6d99c072dba59953809c81446e9d0ace","name":"ulises","image":{"@type":"ImageObject","inLanguage":"es","@id":"https:\/\/www.celttv.com.ar\/#\/schema\/person\/image\/","url":"https:\/\/secure.gravatar.com\/avatar\/7f2c48bdc33b30088f941fb6082e555f2874c98e20cb159d7b92b50eadfce793?s=96&d=mm&r=g","contentUrl":"https:\/\/secure.gravatar.com\/avatar\/7f2c48bdc33b30088f941fb6082e555f2874c98e20cb159d7b92b50eadfce793?s=96&d=mm&r=g","caption":"ulises"},"sameAs":["http:\/\/www.celttv.com.ar"]}]}},"_links":{"self":[{"href":"https:\/\/www.celttv.com.ar\/index.php\/wp-json\/wp\/v2\/posts\/55130","targetHints":{"allow":["GET"]}}],"collection":[{"href":"https:\/\/www.celttv.com.ar\/index.php\/wp-json\/wp\/v2\/posts"}],"about":[{"href":"https:\/\/www.celttv.com.ar\/index.php\/wp-json\/wp\/v2\/types\/post"}],"author":[{"embeddable":true,"href":"https:\/\/www.celttv.com.ar\/index.php\/wp-json\/wp\/v2\/users\/1"}],"replies":[{"embeddable":true,"href":"https:\/\/www.celttv.com.ar\/index.php\/wp-json\/wp\/v2\/comments?post=55130"}],"version-history":[{"count":0,"href":"https:\/\/www.celttv.com.ar\/index.php\/wp-json\/wp\/v2\/posts\/55130\/revisions"}],"wp:featuredmedia":[{"embeddable":true,"href":"https:\/\/www.celttv.com.ar\/index.php\/wp-json\/wp\/v2\/media\/55131"}],"wp:attachment":[{"href":"https:\/\/www.celttv.com.ar\/index.php\/wp-json\/wp\/v2\/media?parent=55130"}],"wp:term":[{"taxonomy":"category","embeddable":true,"href":"https:\/\/www.celttv.com.ar\/index.php\/wp-json\/wp\/v2\/categories?post=55130"},{"taxonomy":"post_tag","embeddable":true,"href":"https:\/\/www.celttv.com.ar\/index.php\/wp-json\/wp\/v2\/tags?post=55130"}],"curies":[{"name":"wp","href":"https:\/\/api.w.org\/{rel}","templated":true}]}}