{"id":5515,"date":"2012-03-20T21:26:21","date_gmt":"2012-03-20T21:26:21","guid":{"rendered":"http:\/\/www.tvcnoticias.com.ar\/?p=5515"},"modified":"2012-03-20T21:26:21","modified_gmt":"2012-03-20T21:26:21","slug":"futbol-ante-el-inminente-comienzo-de-la-temporada-crece-el-movimiento-de-pases","status":"publish","type":"post","link":"https:\/\/www.celttv.com.ar\/index.php\/2012\/03\/20\/futbol-ante-el-inminente-comienzo-de-la-temporada-crece-el-movimiento-de-pases\/","title":{"rendered":"FUTBOL: ANTE EL INMINENTE COMIENZO DE LA TEMPORADA, CRECE EL MOVIMIENTO DE PASES"},"content":{"rendered":"<p>\u00a0<br \/>\n<img loading=\"lazy\" decoding=\"async\" class=\"aligncenter size-full wp-image-5519\" title=\"FUTBOL (Small) copia\" src=\"http:\/\/www.tvcnoticias.com.ar\/wp-content\/uploads\/2012\/03\/FUTBOL-Small-copia.jpg\" alt=\"\" width=\"640\" height=\"480\" \/><br \/>\nA medida que se acerca el momento de que comience a rodar la pelota, se verifica un aumento en el movimiento de pases que se registra en la sede de la Liga Regional de F\u00fatbol de Coronel Su\u00e1rez.<br \/>\nLos que fueron concedidos al jueves de la semana pasado, seg\u00fan el bolet\u00edn oficial, son los siguientes: Mauricio Fibiger, de Independiente a Blanco y Negro, a pr\u00e9stamo hasta fin de a\u00f1o; Juli\u00e1n Saad, de Deportivo Argetino a Pe\u00f1arol de Guamin\u00ed, definitivo; Sebasti\u00e1n Silva, de Blanco y Negro a El Progreso, definitivo; Maximiliano Fogel, de Independiente a Uni\u00f3n Pig\u00fc\u00e9, definitivo.<br \/>\nPaulo Sebasti\u00e1n Aguirre, de Pe\u00f1arol de Pig\u00fc\u00e9 a Tiro Federal (CS), definitivo; Walter Fernando Duarte, de Jorge Newbery (Liga Tres Lomas) a Pe\u00f1arol de Guamin\u00ed, a pr\u00e9stamo; Pablo Sters, de San Mart\u00edn (Liga Platense) a Pe\u00f1arol de Guamin\u00ed, definitivo; Diego Correa, de Deportivo Argentino (Liga Pampeana) a Pe\u00f1arol de Guamin\u00ed, definitivo.<br \/>\nNicol\u00e1s Ezequiel Zapata, de Empleado de Comercio a Pe\u00f1arol de Guamin\u00ed, a pr\u00e9stamo; Eduardo Rodr\u00edguez, de Pe\u00f1arol de Guamin\u00ed a Empleados de Comercio, definitivo; Jonathan Marcelo Zozzaro, de Argentino Junior de Darregueira a Pe\u00f1arol de Guamin\u00ed, definitivo.<br \/>\nRodrigo Mart\u00edn Ya\u00f1ez, de La Armon\u00eda (Bah\u00eda Blanca, Liga del Sur) a San Mart\u00edn de Saavedra, definitivo; Gast\u00f3n Leandro Valentini, de Sansinena (Bah\u00eda Blanca, Liga del Sur) a San Mart\u00edn de Saavedra, defintivo y Santiago Leonel Palacio, de San Mart\u00edn de Carhu\u00e9 a Liniers (Liga del Sur), definitivo.<br \/>\nEn tr\u00e1mite<br \/>\nFabi\u00e1n Della Marchesina, de Excursionistas (AFA) a Pe\u00f1arol de Guamin\u00ed, definitivo; Jorge Adri\u00e1n Equisito, de Club Sarmiento (Liga de Dolores) a Pe\u00f1arol de Guamin\u00ed, definitivo; Rogelio Mart\u00ednez, de Los Andes (AFA) a Uni\u00f3n de Tornquist, definitivo; Diego Minor, de Alvarado (Liga Marplatense) a Uni\u00f3n de Tornquist, definitivo.<br \/>\nPablo Gast\u00f3n Schmidt, de Tiro Federal (Bah\u00eda Blanca, Liga del Sur) a San Mart\u00edn de Saavedra, a pr\u00e9stamo; Lucas Coris, de Tiro Federal (CS) a Blanco y Negro, definitivo; Gerardo Rodrigo Teuly, de Gimnasia y Esgrima de Darregueira (Liga Santa Rosa, La Pampa) a Argentino Junior de Darregueira, definitivo.<br \/>\nJavier Mu\u00f1oz, de Bella Vista (Liga del Sur) a Club Sarmiento, a pr\u00e9stamo hasta fin de a\u00f1o; Sebasti\u00e1n Alberto Schwindt, de Argentino Junior (Liga Santa Rosa, La Pampa) a Argentino Junior de Darregueira, definitivo; Kevin Mangisch, de F\u00fatbol Club Henderson (Liga Pehuaj\u00f3) a Argentino Junior de Darregueira, definitivo.<br \/>\nEdgardo Novillo y Marcos Luciano Peralta, de La Armon\u00eda (Bah\u00eda Blanca, Liga del Sur) a San Mart\u00edn de Saavedra, a pr\u00e9stamo; Fernando Cisneros, de Hurac\u00e1n (Ingeniero White, Liga del Sur) a San Mart\u00edn de Saavedra, a pr\u00e9stamo; Javier Ferreyra, de Jorge Newbery (Liga Laprida) a San Mart\u00edn de Saavedra, definitivo.<br \/>\nAaron Locatelli, de Tiro Federal (CS) a San Mart\u00edn de Saavedra, definitivo; Fabricio Di B\u00fao, de Liniers (Bah\u00eda Blanca, Liga del Sur) a Tiro Federal de Puan, definitivo; Juan Jos\u00e9 Heiland, de Concepci\u00f3n F\u00fatbol (Liga Tucumana) a Club Sarmiento, definitivo; Rub\u00e9n Bello, de Deportivo Barracas (Liga Laprida) a Tiro Federal (CS) a pr\u00e9stamo.<br \/>\nMat\u00edas I\u00f1aki Laborde, de Uni\u00f3n (T) a Club U.N.C.P.B.A. (Liga de Tandil), a pr\u00e9stamo; Jerem\u00edas Pinto, de Tiro Federal de Puan a Tiro Federal de Bah\u00eda Blanca (Liga del Sur), definitivo; Tom\u00e1s Meringer, Maico Rodr\u00edguez, Maximiliano Wagner, Agust\u00edn Anerot, Diego Cano, Jonathan Mart\u00ednez Guti\u00e9rrez, Esteban Fabbian, de Club Darregueira (Liga Cultural Santa Rosa, La Pampa) a Argentino Junior de Darregueira, definitivo.<\/p>\n","protected":false},"excerpt":{"rendered":"<p>\u00a0 A medida que se acerca el momento de que comience a rodar la pelota, se verifica un aumento en el movimiento de pases que se registra en la sede de la Liga Regional de F\u00fatbol de Coronel Su\u00e1rez. Los que fueron concedidos al jueves de la semana pasado, seg\u00fan el bolet\u00edn oficial, son los [&hellip;]<\/p>\n","protected":false},"author":1,"featured_media":0,"comment_status":"closed","ping_status":"open","sticky":false,"template":"","format":"standard","meta":{"footnotes":""},"categories":[60,52],"tags":[],"class_list":["post-5515","post","type-post","status-publish","format-standard","hentry","category-deporte","category-destacadas"],"yoast_head":"<!-- This site is optimized with the Yoast SEO plugin v19.7.1 - https:\/\/yoast.com\/wordpress\/plugins\/seo\/ -->\n<title>FUTBOL: ANTE EL INMINENTE COMIENZO DE LA TEMPORADA, CRECE EL MOVIMIENTO DE PASES - CELTTV<\/title>\n<meta name=\"description\" content=\"Sitio web de noticias de la localidad de Tornquist, provincia de Buenos Aires, Rep\u00fablica Argentina. Contenido propio originado por periodistas de CELTTV, el canal de TV local de la Cooperativa El\u00e9ctrica de Tornquist. Turismo, Pol\u00edtica, Sociedad, Deporte, Cultura y todo el contenido de inter\u00e9s general que la gente del pueblo y la regi\u00f3n debe conocer.\" \/>\n<meta name=\"robots\" content=\"index, follow, max-snippet:-1, max-image-preview:large, max-video-preview:-1\" \/>\n<link rel=\"canonical\" href=\"https:\/\/www.celttv.com.ar\/index.php\/2012\/03\/20\/futbol-ante-el-inminente-comienzo-de-la-temporada-crece-el-movimiento-de-pases\/\" \/>\n<meta property=\"og:locale\" content=\"es_ES\" \/>\n<meta property=\"og:type\" content=\"article\" \/>\n<meta property=\"og:title\" content=\"FUTBOL: ANTE EL INMINENTE COMIENZO DE LA TEMPORADA, CRECE EL MOVIMIENTO DE PASES - CELTTV\" \/>\n<meta property=\"og:description\" content=\"Sitio web de noticias de la localidad de Tornquist, provincia de Buenos Aires, Rep\u00fablica Argentina. Contenido propio originado por periodistas de CELTTV, el canal de TV local de la Cooperativa El\u00e9ctrica de Tornquist. Turismo, Pol\u00edtica, Sociedad, Deporte, Cultura y todo el contenido de inter\u00e9s general que la gente del pueblo y la regi\u00f3n debe conocer.\" \/>\n<meta property=\"og:url\" content=\"https:\/\/www.celttv.com.ar\/index.php\/2012\/03\/20\/futbol-ante-el-inminente-comienzo-de-la-temporada-crece-el-movimiento-de-pases\/\" \/>\n<meta property=\"og:site_name\" content=\"CELTTV\" \/>\n<meta property=\"article:publisher\" content=\"https:\/\/www.facebook.com\/celtTV\/\" \/>\n<meta property=\"article:published_time\" content=\"2012-03-20T21:26:21+00:00\" \/>\n<meta property=\"og:image\" content=\"http:\/\/www.tvcnoticias.com.ar\/wp-content\/uploads\/2012\/03\/FUTBOL-Small-copia.jpg\" \/>\n<meta name=\"author\" content=\"ulises\" \/>\n<meta name=\"twitter:card\" content=\"summary_large_image\" \/>\n<meta name=\"twitter:label1\" content=\"Escrito por\" \/>\n\t<meta name=\"twitter:data1\" content=\"ulises\" \/>\n\t<meta name=\"twitter:label2\" content=\"Tiempo de lectura\" \/>\n\t<meta name=\"twitter:data2\" content=\"3 minutos\" \/>\n<script type=\"application\/ld+json\" class=\"yoast-schema-graph\">{\"@context\":\"https:\/\/schema.org\",\"@graph\":[{\"@type\":\"NewsArticle\",\"@id\":\"https:\/\/www.celttv.com.ar\/index.php\/2012\/03\/20\/futbol-ante-el-inminente-comienzo-de-la-temporada-crece-el-movimiento-de-pases\/#article\",\"isPartOf\":{\"@id\":\"https:\/\/www.celttv.com.ar\/index.php\/2012\/03\/20\/futbol-ante-el-inminente-comienzo-de-la-temporada-crece-el-movimiento-de-pases\/\"},\"author\":{\"name\":\"ulises\",\"@id\":\"https:\/\/www.celttv.com.ar\/#\/schema\/person\/6d99c072dba59953809c81446e9d0ace\"},\"headline\":\"FUTBOL: ANTE EL INMINENTE COMIENZO DE LA TEMPORADA, CRECE EL MOVIMIENTO DE PASES\",\"datePublished\":\"2012-03-20T21:26:21+00:00\",\"dateModified\":\"2012-03-20T21:26:21+00:00\",\"mainEntityOfPage\":{\"@id\":\"https:\/\/www.celttv.com.ar\/index.php\/2012\/03\/20\/futbol-ante-el-inminente-comienzo-de-la-temporada-crece-el-movimiento-de-pases\/\"},\"wordCount\":636,\"publisher\":{\"@id\":\"https:\/\/www.celttv.com.ar\/#organization\"},\"articleSection\":[\"Deporte\",\"Destacadas\"],\"inLanguage\":\"es\"},{\"@type\":\"WebPage\",\"@id\":\"https:\/\/www.celttv.com.ar\/index.php\/2012\/03\/20\/futbol-ante-el-inminente-comienzo-de-la-temporada-crece-el-movimiento-de-pases\/\",\"url\":\"https:\/\/www.celttv.com.ar\/index.php\/2012\/03\/20\/futbol-ante-el-inminente-comienzo-de-la-temporada-crece-el-movimiento-de-pases\/\",\"name\":\"FUTBOL: ANTE EL INMINENTE COMIENZO DE LA TEMPORADA, CRECE EL MOVIMIENTO DE PASES - CELTTV\",\"isPartOf\":{\"@id\":\"https:\/\/www.celttv.com.ar\/#website\"},\"datePublished\":\"2012-03-20T21:26:21+00:00\",\"dateModified\":\"2012-03-20T21:26:21+00:00\",\"description\":\"Sitio web de noticias de la localidad de Tornquist, provincia de Buenos Aires, Rep\u00fablica Argentina. Contenido propio originado por periodistas de CELTTV, el canal de TV local de la Cooperativa El\u00e9ctrica de Tornquist. Turismo, Pol\u00edtica, Sociedad, Deporte, Cultura y todo el contenido de inter\u00e9s general que la gente del pueblo y la regi\u00f3n debe conocer.\",\"breadcrumb\":{\"@id\":\"https:\/\/www.celttv.com.ar\/index.php\/2012\/03\/20\/futbol-ante-el-inminente-comienzo-de-la-temporada-crece-el-movimiento-de-pases\/#breadcrumb\"},\"inLanguage\":\"es\",\"potentialAction\":[{\"@type\":\"ReadAction\",\"target\":[\"https:\/\/www.celttv.com.ar\/index.php\/2012\/03\/20\/futbol-ante-el-inminente-comienzo-de-la-temporada-crece-el-movimiento-de-pases\/\"]}]},{\"@type\":\"BreadcrumbList\",\"@id\":\"https:\/\/www.celttv.com.ar\/index.php\/2012\/03\/20\/futbol-ante-el-inminente-comienzo-de-la-temporada-crece-el-movimiento-de-pases\/#breadcrumb\",\"itemListElement\":[{\"@type\":\"ListItem\",\"position\":1,\"name\":\"Inicio\",\"item\":\"https:\/\/www.celttv.com.ar\/\"},{\"@type\":\"ListItem\",\"position\":2,\"name\":\"FUTBOL: ANTE EL INMINENTE COMIENZO DE LA TEMPORADA, CRECE EL MOVIMIENTO DE PASES\"}]},{\"@type\":\"WebSite\",\"@id\":\"https:\/\/www.celttv.com.ar\/#website\",\"url\":\"https:\/\/www.celttv.com.ar\/\",\"name\":\"CELTTV\",\"description\":\"Cooperativa El\u00e9ctrica de Tornquist\",\"publisher\":{\"@id\":\"https:\/\/www.celttv.com.ar\/#organization\"},\"potentialAction\":[{\"@type\":\"SearchAction\",\"target\":{\"@type\":\"EntryPoint\",\"urlTemplate\":\"https:\/\/www.celttv.com.ar\/?s={search_term_string}\"},\"query-input\":\"required name=search_term_string\"}],\"inLanguage\":\"es\"},{\"@type\":\"Organization\",\"@id\":\"https:\/\/www.celttv.com.ar\/#organization\",\"name\":\"CELTTV\",\"url\":\"https:\/\/www.celttv.com.ar\/\",\"sameAs\":[\"https:\/\/www.youtube.com\/channel\/UCz_oIt8Hig64Ub-EmcNPIhg\",\"https:\/\/www.facebook.com\/celtTV\/\"],\"logo\":{\"@type\":\"ImageObject\",\"inLanguage\":\"es\",\"@id\":\"https:\/\/www.celttv.com.ar\/#\/schema\/logo\/image\/\",\"url\":\"http:\/\/www.celttv.com.ar\/wp-content\/uploads\/2022\/08\/logo-1.png\",\"contentUrl\":\"http:\/\/www.celttv.com.ar\/wp-content\/uploads\/2022\/08\/logo-1.png\",\"width\":461,\"height\":159,\"caption\":\"CELTTV\"},\"image\":{\"@id\":\"https:\/\/www.celttv.com.ar\/#\/schema\/logo\/image\/\"}},{\"@type\":\"Person\",\"@id\":\"https:\/\/www.celttv.com.ar\/#\/schema\/person\/6d99c072dba59953809c81446e9d0ace\",\"name\":\"ulises\",\"image\":{\"@type\":\"ImageObject\",\"inLanguage\":\"es\",\"@id\":\"https:\/\/www.celttv.com.ar\/#\/schema\/person\/image\/\",\"url\":\"https:\/\/secure.gravatar.com\/avatar\/7f2c48bdc33b30088f941fb6082e555f2874c98e20cb159d7b92b50eadfce793?s=96&d=mm&r=g\",\"contentUrl\":\"https:\/\/secure.gravatar.com\/avatar\/7f2c48bdc33b30088f941fb6082e555f2874c98e20cb159d7b92b50eadfce793?s=96&d=mm&r=g\",\"caption\":\"ulises\"},\"sameAs\":[\"http:\/\/www.celttv.com.ar\"]}]}<\/script>\n<!-- \/ Yoast SEO plugin. -->","yoast_head_json":{"title":"FUTBOL: ANTE EL INMINENTE COMIENZO DE LA TEMPORADA, CRECE EL MOVIMIENTO DE PASES - CELTTV","description":"Sitio web de noticias de la localidad de Tornquist, provincia de Buenos Aires, Rep\u00fablica Argentina. Contenido propio originado por periodistas de CELTTV, el canal de TV local de la Cooperativa El\u00e9ctrica de Tornquist. Turismo, Pol\u00edtica, Sociedad, Deporte, Cultura y todo el contenido de inter\u00e9s general que la gente del pueblo y la regi\u00f3n debe conocer.","robots":{"index":"index","follow":"follow","max-snippet":"max-snippet:-1","max-image-preview":"max-image-preview:large","max-video-preview":"max-video-preview:-1"},"canonical":"https:\/\/www.celttv.com.ar\/index.php\/2012\/03\/20\/futbol-ante-el-inminente-comienzo-de-la-temporada-crece-el-movimiento-de-pases\/","og_locale":"es_ES","og_type":"article","og_title":"FUTBOL: ANTE EL INMINENTE COMIENZO DE LA TEMPORADA, CRECE EL MOVIMIENTO DE PASES - CELTTV","og_description":"Sitio web de noticias de la localidad de Tornquist, provincia de Buenos Aires, Rep\u00fablica Argentina. Contenido propio originado por periodistas de CELTTV, el canal de TV local de la Cooperativa El\u00e9ctrica de Tornquist. Turismo, Pol\u00edtica, Sociedad, Deporte, Cultura y todo el contenido de inter\u00e9s general que la gente del pueblo y la regi\u00f3n debe conocer.","og_url":"https:\/\/www.celttv.com.ar\/index.php\/2012\/03\/20\/futbol-ante-el-inminente-comienzo-de-la-temporada-crece-el-movimiento-de-pases\/","og_site_name":"CELTTV","article_publisher":"https:\/\/www.facebook.com\/celtTV\/","article_published_time":"2012-03-20T21:26:21+00:00","og_image":[{"url":"http:\/\/www.tvcnoticias.com.ar\/wp-content\/uploads\/2012\/03\/FUTBOL-Small-copia.jpg"}],"author":"ulises","twitter_card":"summary_large_image","twitter_misc":{"Escrito por":"ulises","Tiempo de lectura":"3 minutos"},"schema":{"@context":"https:\/\/schema.org","@graph":[{"@type":"NewsArticle","@id":"https:\/\/www.celttv.com.ar\/index.php\/2012\/03\/20\/futbol-ante-el-inminente-comienzo-de-la-temporada-crece-el-movimiento-de-pases\/#article","isPartOf":{"@id":"https:\/\/www.celttv.com.ar\/index.php\/2012\/03\/20\/futbol-ante-el-inminente-comienzo-de-la-temporada-crece-el-movimiento-de-pases\/"},"author":{"name":"ulises","@id":"https:\/\/www.celttv.com.ar\/#\/schema\/person\/6d99c072dba59953809c81446e9d0ace"},"headline":"FUTBOL: ANTE EL INMINENTE COMIENZO DE LA TEMPORADA, CRECE EL MOVIMIENTO DE PASES","datePublished":"2012-03-20T21:26:21+00:00","dateModified":"2012-03-20T21:26:21+00:00","mainEntityOfPage":{"@id":"https:\/\/www.celttv.com.ar\/index.php\/2012\/03\/20\/futbol-ante-el-inminente-comienzo-de-la-temporada-crece-el-movimiento-de-pases\/"},"wordCount":636,"publisher":{"@id":"https:\/\/www.celttv.com.ar\/#organization"},"articleSection":["Deporte","Destacadas"],"inLanguage":"es"},{"@type":"WebPage","@id":"https:\/\/www.celttv.com.ar\/index.php\/2012\/03\/20\/futbol-ante-el-inminente-comienzo-de-la-temporada-crece-el-movimiento-de-pases\/","url":"https:\/\/www.celttv.com.ar\/index.php\/2012\/03\/20\/futbol-ante-el-inminente-comienzo-de-la-temporada-crece-el-movimiento-de-pases\/","name":"FUTBOL: ANTE EL INMINENTE COMIENZO DE LA TEMPORADA, CRECE EL MOVIMIENTO DE PASES - CELTTV","isPartOf":{"@id":"https:\/\/www.celttv.com.ar\/#website"},"datePublished":"2012-03-20T21:26:21+00:00","dateModified":"2012-03-20T21:26:21+00:00","description":"Sitio web de noticias de la localidad de Tornquist, provincia de Buenos Aires, Rep\u00fablica Argentina. Contenido propio originado por periodistas de CELTTV, el canal de TV local de la Cooperativa El\u00e9ctrica de Tornquist. Turismo, Pol\u00edtica, Sociedad, Deporte, Cultura y todo el contenido de inter\u00e9s general que la gente del pueblo y la regi\u00f3n debe conocer.","breadcrumb":{"@id":"https:\/\/www.celttv.com.ar\/index.php\/2012\/03\/20\/futbol-ante-el-inminente-comienzo-de-la-temporada-crece-el-movimiento-de-pases\/#breadcrumb"},"inLanguage":"es","potentialAction":[{"@type":"ReadAction","target":["https:\/\/www.celttv.com.ar\/index.php\/2012\/03\/20\/futbol-ante-el-inminente-comienzo-de-la-temporada-crece-el-movimiento-de-pases\/"]}]},{"@type":"BreadcrumbList","@id":"https:\/\/www.celttv.com.ar\/index.php\/2012\/03\/20\/futbol-ante-el-inminente-comienzo-de-la-temporada-crece-el-movimiento-de-pases\/#breadcrumb","itemListElement":[{"@type":"ListItem","position":1,"name":"Inicio","item":"https:\/\/www.celttv.com.ar\/"},{"@type":"ListItem","position":2,"name":"FUTBOL: ANTE EL INMINENTE COMIENZO DE LA TEMPORADA, CRECE EL MOVIMIENTO DE PASES"}]},{"@type":"WebSite","@id":"https:\/\/www.celttv.com.ar\/#website","url":"https:\/\/www.celttv.com.ar\/","name":"CELTTV","description":"Cooperativa El\u00e9ctrica de Tornquist","publisher":{"@id":"https:\/\/www.celttv.com.ar\/#organization"},"potentialAction":[{"@type":"SearchAction","target":{"@type":"EntryPoint","urlTemplate":"https:\/\/www.celttv.com.ar\/?s={search_term_string}"},"query-input":"required name=search_term_string"}],"inLanguage":"es"},{"@type":"Organization","@id":"https:\/\/www.celttv.com.ar\/#organization","name":"CELTTV","url":"https:\/\/www.celttv.com.ar\/","sameAs":["https:\/\/www.youtube.com\/channel\/UCz_oIt8Hig64Ub-EmcNPIhg","https:\/\/www.facebook.com\/celtTV\/"],"logo":{"@type":"ImageObject","inLanguage":"es","@id":"https:\/\/www.celttv.com.ar\/#\/schema\/logo\/image\/","url":"http:\/\/www.celttv.com.ar\/wp-content\/uploads\/2022\/08\/logo-1.png","contentUrl":"http:\/\/www.celttv.com.ar\/wp-content\/uploads\/2022\/08\/logo-1.png","width":461,"height":159,"caption":"CELTTV"},"image":{"@id":"https:\/\/www.celttv.com.ar\/#\/schema\/logo\/image\/"}},{"@type":"Person","@id":"https:\/\/www.celttv.com.ar\/#\/schema\/person\/6d99c072dba59953809c81446e9d0ace","name":"ulises","image":{"@type":"ImageObject","inLanguage":"es","@id":"https:\/\/www.celttv.com.ar\/#\/schema\/person\/image\/","url":"https:\/\/secure.gravatar.com\/avatar\/7f2c48bdc33b30088f941fb6082e555f2874c98e20cb159d7b92b50eadfce793?s=96&d=mm&r=g","contentUrl":"https:\/\/secure.gravatar.com\/avatar\/7f2c48bdc33b30088f941fb6082e555f2874c98e20cb159d7b92b50eadfce793?s=96&d=mm&r=g","caption":"ulises"},"sameAs":["http:\/\/www.celttv.com.ar"]}]}},"_links":{"self":[{"href":"https:\/\/www.celttv.com.ar\/index.php\/wp-json\/wp\/v2\/posts\/5515","targetHints":{"allow":["GET"]}}],"collection":[{"href":"https:\/\/www.celttv.com.ar\/index.php\/wp-json\/wp\/v2\/posts"}],"about":[{"href":"https:\/\/www.celttv.com.ar\/index.php\/wp-json\/wp\/v2\/types\/post"}],"author":[{"embeddable":true,"href":"https:\/\/www.celttv.com.ar\/index.php\/wp-json\/wp\/v2\/users\/1"}],"replies":[{"embeddable":true,"href":"https:\/\/www.celttv.com.ar\/index.php\/wp-json\/wp\/v2\/comments?post=5515"}],"version-history":[{"count":0,"href":"https:\/\/www.celttv.com.ar\/index.php\/wp-json\/wp\/v2\/posts\/5515\/revisions"}],"wp:attachment":[{"href":"https:\/\/www.celttv.com.ar\/index.php\/wp-json\/wp\/v2\/media?parent=5515"}],"wp:term":[{"taxonomy":"category","embeddable":true,"href":"https:\/\/www.celttv.com.ar\/index.php\/wp-json\/wp\/v2\/categories?post=5515"},{"taxonomy":"post_tag","embeddable":true,"href":"https:\/\/www.celttv.com.ar\/index.php\/wp-json\/wp\/v2\/tags?post=5515"}],"curies":[{"name":"wp","href":"https:\/\/api.w.org\/{rel}","templated":true}]}}