{"id":5521,"date":"2012-03-20T22:12:20","date_gmt":"2012-03-20T22:12:20","guid":{"rendered":"http:\/\/www.tvcnoticias.com.ar\/?p=5521"},"modified":"2012-03-20T22:12:20","modified_gmt":"2012-03-20T22:12:20","slug":"yo-no-amenace-a-cristian-trankels-escribe-hector-felix-zarate","status":"publish","type":"post","link":"https:\/\/www.celttv.com.ar\/index.php\/2012\/03\/20\/yo-no-amenace-a-cristian-trankels-escribe-hector-felix-zarate\/","title":{"rendered":"&#8220;YO NO AMENACE A CRISTIAN TRANKELS&#8221; Escribe: Hector F\u00e9lix Zarate"},"content":{"rendered":"<div>\n<span style=\"font-size: x-small; font-family: Verdana, Arial, Helvetica, sans-serif;\">A los ciudadanos de Tornquist, Villa Ventana, Sierra de la Ventana y Saldungaray<\/span><br \/>\n<span style=\"font-size: x-small; font-family: Verdana, Arial, Helvetica, sans-serif;\">Desde mi ni\u00f1ez que vivo en el Ex. Club Hotel Casino, lo vimos quemarse y mi madre \u00a0casi queda atrapada en medio de las llamas. Con la llegada de la mayor\u00eda de edad,\u00a0 viv\u00ed en forma ininterrumpida por m\u00e1s de 20 a\u00f1os en estas tierras, vendiendo leche, sacando laja, criando y vendiendo animales en feria y \u00a0tengo mi marca autorizada por la municipalidad. Mi direcci\u00f3n en el documento de identidad dice: Ex. Club Hotel Casino.<\/span><br \/>\n<span style=\"font-size: x-small; font-family: Verdana, Arial, Helvetica, sans-serif;\">\u00a0Cuando la Municipalidad me present\u00f3 ante la Sociedad \u00a0como \u201cusurpador\u201d,\u00a0 la Justicia\u00a0 determin\u00f3 que no era as\u00ed. Cuando el municipio pidi\u00f3 que me corten la luz,\u00a0 tuvieron que volver a conectarla. Hoy tengo posesi\u00f3n sobre las 113 ha. y mi reclamo NO INCLUYE LAS RUINAS, \u00a0NI EL CAMINO QUE LLEVA AL EX CLUB HOTEL, siempre ha sido as\u00ed y eso es muy f\u00e1cil de comprobar con la documentaci\u00f3n que poseo y porque la municipalidad\u00a0 ha hecho las excursiones sin problemas. Lamento que no informen con la verdad\u00a0 a los ciudadanos.<\/span><br \/>\n<span style=\"font-size: x-small; font-family: Verdana, Arial, Helvetica, sans-serif;\">\u00a0<\/span><br \/>\n<span style=\"font-size: x-small; font-family: Verdana, Arial, Helvetica, sans-serif;\">Unos d\u00edas antes de cumplirse los 100 a\u00f1os del Ex. Club Hotel Casino,\u00a0 la municipalidad present\u00f3 una medida cautelar en la justicia para poder acceder a las 113 ha. (las ruinas ya le pertenecen y las utilizan para turismo). En primera instancia el juez le autoriz\u00f3 a tener acceso. Mi familia y yo acatamos la decisi\u00f3n de la Justicia como corresponde, en PAZ.<\/span><br \/>\n<span style=\"font-size: x-small; font-family: Verdana, Arial, Helvetica, sans-serif;\">\u00a0<\/span><br \/>\n<span style=\"font-size: x-small; font-family: Verdana, Arial, Helvetica, sans-serif;\">El fundamento del pedido de la medida cautelar est\u00e1 plagado de mentiras (documentaci\u00f3n a disposici\u00f3n). El 23 de Febrero del 2012, la C\u00e1mara de Apelaciones en lo Civil y Comercial de Bah\u00eda Blanca,\u00a0 Sala I en el Expediente N\u00ba 138906 caratulada \u201cMunicipalidad de Tornquist c\/Morantes E. Nestor y otro S\/REIVINDICACION, (cuando dice \u201c y otro \u201c se refiere a mi persona) mediante una resoluci\u00f3n dictamina: \u201cLA MEDIDA CAUTELAR DECRETADA EL 7 DE NOVIEMBRE DE 2011 NO HA PODIDO EFECTIVISARSE\u201d ( documentaci\u00f3n a disposici\u00f3n). Hoy la municipalidad no respeta la decisi\u00f3n de la C\u00e1mara.\u00a0 Ley\u00f3 bien, \u201cNO RESPETA LA DECISI\u00d3N DE LA JUSTICIA\u201d.\u00a0 <\/span><br \/>\n<span style=\"font-size: x-small; font-family: Verdana, Arial, Helvetica, sans-serif;\">\u00a0<\/span><br \/>\n<span style=\"font-size: x-small; font-family: Verdana, Arial, Helvetica, sans-serif;\">Tengo la posesi\u00f3n de las 113 ha, el municipio fue notificado por carta documento y\u00a0 no he permitido ingresar \u00a0los camiones que vienen a descargar BASURA en \u00a0una gran fosa hecha por la municipalidad. Pueden acercarse y comprobarlo.<\/span><br \/>\n<span style=\"font-size: x-small; font-family: Verdana, Arial, Helvetica, sans-serif;\">Al d\u00eda de hoy\u00a0 la municipalidad, con un evidente abuso de poder, se mete en mi predio sin autorizaci\u00f3n, tir\u00f3 todos los palos de los alambrados que puse, con una topadora que no es propiedad de los funcionarios de turno, es de todos los ciudadanos del partido de Tornquist.<\/span><br \/>\n<span style=\"font-size: x-small; font-family: Verdana, Arial, Helvetica, sans-serif;\">\u00a0<\/span><br \/>\n<span style=\"font-size: x-small; font-family: Verdana, Arial, Helvetica, sans-serif;\">\u201c YO NUNCA AMENAC\u00c9 AL SR. CHRISTIAN TRANQUELS\u201d \u00a0el relato de lo ocurrido lo har\u00e9 en una II carta. Necesito narrarles a los vecinos la verdad de los hechos m\u00e1s detalladamente.<\/span><br \/>\n<span style=\"font-size: x-small; font-family: Verdana, Arial, Helvetica, sans-serif;\">\u00a0<\/span><br \/>\n<span style=\"font-size: x-small; font-family: Verdana, Arial, Helvetica, sans-serif;\">Quisiera recordar que el \u00daNICO proyecto que hay en el Concejo Deliberante para las 113 ha.<\/span><br \/>\n<span style=\"font-size: x-small; font-family: Verdana, Arial, Helvetica, sans-serif;\">\u00a0<\/span><br \/>\n<span style=\"font-size: x-small; font-family: Verdana, Arial, Helvetica, sans-serif;\">del Ex. Club Hotel Casino es \u201cUN NEGOCIO INMOBILIARIO A TRAV\u00c9S DE UNA SOCIEDAD DE ECONOM\u00cdA \u00a0MIXTA CONFORMADA POR LA MUNICIPALIDAD DE TORNQUIST Y\u00a0 EL SR. JORGE NEUSS PRESIDENTE DE LA EMPRESA PLEIN AIR S.A. \u00a0El proyecto fue presentado en el Concejo Deliberante por el PODER EJECUTIVO MUNICIPAL. \u00a0La sociedad mixta tendr\u00e1 un capital accionario de 80.000 acciones para Plein Air S.A y de 20.000 para el Municipio. Cada uno saque sus propias conclusiones.<\/span><br \/>\n<span style=\"font-size: x-small; font-family: Verdana, Arial, Helvetica, sans-serif;\">\u00a0<\/span><br \/>\n<span style=\"font-size: x-small; font-family: Verdana, Arial, Helvetica, sans-serif;\">No hay presentado nada que tenga que ver con la utilizaci\u00f3n de las 113 ha. en un proyecto para la comunidad. Como ciudadanos los invito a que constaten esta informaci\u00f3n.<\/span><br \/>\n<span style=\"font-size: x-small; font-family: Verdana, Arial, Helvetica, sans-serif;\">\u00a0<\/span><br \/>\n<span style=\"font-size: x-small; font-family: Verdana, Arial, Helvetica, sans-serif;\">Soy un hombre de campo con mis limitaciones para las palabras, pero con dignidad y el cuero duro. No les tengo miedo y conf\u00edo en que la justicia va a poner orden frente a esta situaci\u00f3n.<\/span><br \/>\n<span style=\"font-size: x-small; font-family: Verdana, Arial, Helvetica, sans-serif;\">\u00a0<\/span><br \/>\n<span style=\"font-size: x-small; font-family: Verdana, Arial, Helvetica, sans-serif;\">Agradezco a los medios de comunicaci\u00f3n que se manejan con la documentaci\u00f3n correspondiente y les digo a los que est\u00e1n al servicio de los funcionarios de turno, que existe la DIGNIDAD PERSONAL Y PROFESIONAL, mi abogado siempre estar\u00e1 a disposici\u00f3n cuando ustedes lo requieran.<\/span><br \/>\n<span style=\"font-size: x-small; font-family: Verdana, Arial, Helvetica, sans-serif;\">\u00a0<\/span>\u00a0<br \/>\n<span style=\"font-size: x-small; font-family: Verdana, Arial, Helvetica, sans-serif;\">\u00a0\u00a0\u00a0\u00a0\u00a0\u00a0\u00a0\u00a0\u00a0\u00a0\u00a0\u00a0\u00a0\u00a0\u00a0\u00a0\u00a0\u00a0\u00a0\u00a0\u00a0\u00a0\u00a0\u00a0\u00a0\u00a0<strong>\u00a0\u00a0\u00a0\u00a0\u00a0\u00a0\u00a0\u00a0\u00a0\u00a0\u00a0\u00a0\u00a0\u00a0\u00a0\u00a0\u00a0H\u00e9ctor F\u00e9lix Z\u00e1rate y familia<\/strong><\/span><br \/>\n<span style=\"font-size: x-small; font-family: Verdana, Arial, Helvetica, sans-serif;\">\u00a0\u00a0\u00a0\u00a0\u00a0\u00a0\u00a0\u00a0\u00a0\u00a0\u00a0\u00a0\u00a0\u00a0\u00a0\u00a0\u00a0\u00a0\u00a0\u00a0\u00a0\u00a0\u00a0\u00a0\u00a0\u00a0\u00a0\u00a0\u00a0\u00a0\u00a0\u00a0\u00a0\u00a0\u00a0\u00a0\u00a0\u00a0\u00a0\u00a0\u00a0\u00a0\u00a0\u00a0\u00a0\u00a0\u00a0\u00a0\u00a0\u00a0DNI N\u00ba 17.571.15<\/span><br \/>\n<span style=\"font-size: x-small; font-family: Verdana, Arial, Helvetica, sans-serif;\">PD. Agradezco a los que me ayudaron a poner en palabras lo que nos toca vivir como familia.<\/span><br \/>\n<span style=\"font-size: x-small; font-family: Verdana, Arial, Helvetica, sans-serif;\">\u00a0<\/span><br \/>\n<span style=\"font-size: x-small; font-family: Verdana, Arial, Helvetica, sans-serif;\"><img loading=\"lazy\" decoding=\"async\" class=\"aligncenter size-full wp-image-5523\" title=\"ZARATE 1 (Small)\" src=\"http:\/\/www.tvcnoticias.com.ar\/wp-content\/uploads\/2012\/03\/ZARATE-1-Small.jpg\" alt=\"\" width=\"344\" height=\"480\" \/><\/span><br \/>\n<span style=\"font-size: x-small; font-family: Verdana, Arial, Helvetica, sans-serif;\"><img loading=\"lazy\" decoding=\"async\" class=\"aligncenter size-full wp-image-5524\" title=\"ZARATE 2 (Small)\" src=\"http:\/\/www.tvcnoticias.com.ar\/wp-content\/uploads\/2012\/03\/ZARATE-2-Small.jpg\" alt=\"\" width=\"333\" height=\"480\" \/><\/span>\n<\/div>\n","protected":false},"excerpt":{"rendered":"<p>A los ciudadanos de Tornquist, Villa Ventana, Sierra de la Ventana y Saldungaray Desde mi ni\u00f1ez que vivo en el Ex. Club Hotel Casino, lo vimos quemarse y mi madre \u00a0casi queda atrapada en medio de las llamas. Con la llegada de la mayor\u00eda de edad,\u00a0 viv\u00ed en forma ininterrumpida por m\u00e1s de 20 a\u00f1os [&hellip;]<\/p>\n","protected":false},"author":1,"featured_media":0,"comment_status":"open","ping_status":"open","sticky":false,"template":"","format":"standard","meta":{"footnotes":""},"categories":[51,52,57],"tags":[],"class_list":["post-5521","post","type-post","status-publish","format-standard","hentry","category-comunidad","category-destacadas","category-historia"],"yoast_head":"<!-- This site is optimized with the Yoast SEO plugin v19.7.1 - https:\/\/yoast.com\/wordpress\/plugins\/seo\/ -->\n<title>&quot;YO NO AMENACE A CRISTIAN TRANKELS&quot; Escribe: Hector F\u00e9lix Zarate - CELTTV<\/title>\n<meta name=\"description\" content=\"Sitio web de noticias de la localidad de Tornquist, provincia de Buenos Aires, Rep\u00fablica Argentina. Contenido propio originado por periodistas de CELTTV, el canal de TV local de la Cooperativa El\u00e9ctrica de Tornquist. Turismo, Pol\u00edtica, Sociedad, Deporte, Cultura y todo el contenido de inter\u00e9s general que la gente del pueblo y la regi\u00f3n debe conocer.\" \/>\n<meta name=\"robots\" content=\"index, follow, max-snippet:-1, max-image-preview:large, max-video-preview:-1\" \/>\n<link rel=\"canonical\" href=\"https:\/\/www.celttv.com.ar\/index.php\/2012\/03\/20\/yo-no-amenace-a-cristian-trankels-escribe-hector-felix-zarate\/\" \/>\n<meta property=\"og:locale\" content=\"es_ES\" \/>\n<meta property=\"og:type\" content=\"article\" \/>\n<meta property=\"og:title\" content=\"&quot;YO NO AMENACE A CRISTIAN TRANKELS&quot; Escribe: Hector F\u00e9lix Zarate - CELTTV\" \/>\n<meta property=\"og:description\" content=\"Sitio web de noticias de la localidad de Tornquist, provincia de Buenos Aires, Rep\u00fablica Argentina. Contenido propio originado por periodistas de CELTTV, el canal de TV local de la Cooperativa El\u00e9ctrica de Tornquist. Turismo, Pol\u00edtica, Sociedad, Deporte, Cultura y todo el contenido de inter\u00e9s general que la gente del pueblo y la regi\u00f3n debe conocer.\" \/>\n<meta property=\"og:url\" content=\"https:\/\/www.celttv.com.ar\/index.php\/2012\/03\/20\/yo-no-amenace-a-cristian-trankels-escribe-hector-felix-zarate\/\" \/>\n<meta property=\"og:site_name\" content=\"CELTTV\" \/>\n<meta property=\"article:publisher\" content=\"https:\/\/www.facebook.com\/celtTV\/\" \/>\n<meta property=\"article:published_time\" content=\"2012-03-20T22:12:20+00:00\" \/>\n<meta property=\"og:image\" content=\"http:\/\/www.tvcnoticias.com.ar\/wp-content\/uploads\/2012\/03\/ZARATE-1-Small.jpg\" \/>\n<meta name=\"author\" content=\"ulises\" \/>\n<meta name=\"twitter:card\" content=\"summary_large_image\" \/>\n<meta name=\"twitter:label1\" content=\"Escrito por\" \/>\n\t<meta name=\"twitter:data1\" content=\"ulises\" \/>\n\t<meta name=\"twitter:label2\" content=\"Tiempo de lectura\" \/>\n\t<meta name=\"twitter:data2\" content=\"4 minutos\" \/>\n<script type=\"application\/ld+json\" class=\"yoast-schema-graph\">{\"@context\":\"https:\/\/schema.org\",\"@graph\":[{\"@type\":\"NewsArticle\",\"@id\":\"https:\/\/www.celttv.com.ar\/index.php\/2012\/03\/20\/yo-no-amenace-a-cristian-trankels-escribe-hector-felix-zarate\/#article\",\"isPartOf\":{\"@id\":\"https:\/\/www.celttv.com.ar\/index.php\/2012\/03\/20\/yo-no-amenace-a-cristian-trankels-escribe-hector-felix-zarate\/\"},\"author\":{\"name\":\"ulises\",\"@id\":\"https:\/\/www.celttv.com.ar\/#\/schema\/person\/6d99c072dba59953809c81446e9d0ace\"},\"headline\":\"&#8220;YO NO AMENACE A CRISTIAN TRANKELS&#8221; Escribe: Hector F\u00e9lix Zarate\",\"datePublished\":\"2012-03-20T22:12:20+00:00\",\"dateModified\":\"2012-03-20T22:12:20+00:00\",\"mainEntityOfPage\":{\"@id\":\"https:\/\/www.celttv.com.ar\/index.php\/2012\/03\/20\/yo-no-amenace-a-cristian-trankels-escribe-hector-felix-zarate\/\"},\"wordCount\":721,\"commentCount\":0,\"publisher\":{\"@id\":\"https:\/\/www.celttv.com.ar\/#organization\"},\"articleSection\":[\"Comunidad\",\"Destacadas\",\"Historia\"],\"inLanguage\":\"es\"},{\"@type\":\"WebPage\",\"@id\":\"https:\/\/www.celttv.com.ar\/index.php\/2012\/03\/20\/yo-no-amenace-a-cristian-trankels-escribe-hector-felix-zarate\/\",\"url\":\"https:\/\/www.celttv.com.ar\/index.php\/2012\/03\/20\/yo-no-amenace-a-cristian-trankels-escribe-hector-felix-zarate\/\",\"name\":\"\\\"YO NO AMENACE A CRISTIAN TRANKELS\\\" Escribe: Hector F\u00e9lix Zarate - CELTTV\",\"isPartOf\":{\"@id\":\"https:\/\/www.celttv.com.ar\/#website\"},\"datePublished\":\"2012-03-20T22:12:20+00:00\",\"dateModified\":\"2012-03-20T22:12:20+00:00\",\"description\":\"Sitio web de noticias de la localidad de Tornquist, provincia de Buenos Aires, Rep\u00fablica Argentina. Contenido propio originado por periodistas de CELTTV, el canal de TV local de la Cooperativa El\u00e9ctrica de Tornquist. Turismo, Pol\u00edtica, Sociedad, Deporte, Cultura y todo el contenido de inter\u00e9s general que la gente del pueblo y la regi\u00f3n debe conocer.\",\"breadcrumb\":{\"@id\":\"https:\/\/www.celttv.com.ar\/index.php\/2012\/03\/20\/yo-no-amenace-a-cristian-trankels-escribe-hector-felix-zarate\/#breadcrumb\"},\"inLanguage\":\"es\",\"potentialAction\":[{\"@type\":\"ReadAction\",\"target\":[\"https:\/\/www.celttv.com.ar\/index.php\/2012\/03\/20\/yo-no-amenace-a-cristian-trankels-escribe-hector-felix-zarate\/\"]}]},{\"@type\":\"BreadcrumbList\",\"@id\":\"https:\/\/www.celttv.com.ar\/index.php\/2012\/03\/20\/yo-no-amenace-a-cristian-trankels-escribe-hector-felix-zarate\/#breadcrumb\",\"itemListElement\":[{\"@type\":\"ListItem\",\"position\":1,\"name\":\"Inicio\",\"item\":\"https:\/\/www.celttv.com.ar\/\"},{\"@type\":\"ListItem\",\"position\":2,\"name\":\"&#8220;YO NO AMENACE A CRISTIAN TRANKELS&#8221; Escribe: Hector F\u00e9lix Zarate\"}]},{\"@type\":\"WebSite\",\"@id\":\"https:\/\/www.celttv.com.ar\/#website\",\"url\":\"https:\/\/www.celttv.com.ar\/\",\"name\":\"CELTTV\",\"description\":\"Cooperativa El\u00e9ctrica de Tornquist\",\"publisher\":{\"@id\":\"https:\/\/www.celttv.com.ar\/#organization\"},\"potentialAction\":[{\"@type\":\"SearchAction\",\"target\":{\"@type\":\"EntryPoint\",\"urlTemplate\":\"https:\/\/www.celttv.com.ar\/?s={search_term_string}\"},\"query-input\":\"required name=search_term_string\"}],\"inLanguage\":\"es\"},{\"@type\":\"Organization\",\"@id\":\"https:\/\/www.celttv.com.ar\/#organization\",\"name\":\"CELTTV\",\"url\":\"https:\/\/www.celttv.com.ar\/\",\"sameAs\":[\"https:\/\/www.youtube.com\/channel\/UCz_oIt8Hig64Ub-EmcNPIhg\",\"https:\/\/www.facebook.com\/celtTV\/\"],\"logo\":{\"@type\":\"ImageObject\",\"inLanguage\":\"es\",\"@id\":\"https:\/\/www.celttv.com.ar\/#\/schema\/logo\/image\/\",\"url\":\"http:\/\/www.celttv.com.ar\/wp-content\/uploads\/2022\/08\/logo-1.png\",\"contentUrl\":\"http:\/\/www.celttv.com.ar\/wp-content\/uploads\/2022\/08\/logo-1.png\",\"width\":461,\"height\":159,\"caption\":\"CELTTV\"},\"image\":{\"@id\":\"https:\/\/www.celttv.com.ar\/#\/schema\/logo\/image\/\"}},{\"@type\":\"Person\",\"@id\":\"https:\/\/www.celttv.com.ar\/#\/schema\/person\/6d99c072dba59953809c81446e9d0ace\",\"name\":\"ulises\",\"image\":{\"@type\":\"ImageObject\",\"inLanguage\":\"es\",\"@id\":\"https:\/\/www.celttv.com.ar\/#\/schema\/person\/image\/\",\"url\":\"https:\/\/secure.gravatar.com\/avatar\/7f2c48bdc33b30088f941fb6082e555f2874c98e20cb159d7b92b50eadfce793?s=96&d=mm&r=g\",\"contentUrl\":\"https:\/\/secure.gravatar.com\/avatar\/7f2c48bdc33b30088f941fb6082e555f2874c98e20cb159d7b92b50eadfce793?s=96&d=mm&r=g\",\"caption\":\"ulises\"},\"sameAs\":[\"http:\/\/www.celttv.com.ar\"]}]}<\/script>\n<!-- \/ Yoast SEO plugin. -->","yoast_head_json":{"title":"\"YO NO AMENACE A CRISTIAN TRANKELS\" Escribe: Hector F\u00e9lix Zarate - CELTTV","description":"Sitio web de noticias de la localidad de Tornquist, provincia de Buenos Aires, Rep\u00fablica Argentina. Contenido propio originado por periodistas de CELTTV, el canal de TV local de la Cooperativa El\u00e9ctrica de Tornquist. Turismo, Pol\u00edtica, Sociedad, Deporte, Cultura y todo el contenido de inter\u00e9s general que la gente del pueblo y la regi\u00f3n debe conocer.","robots":{"index":"index","follow":"follow","max-snippet":"max-snippet:-1","max-image-preview":"max-image-preview:large","max-video-preview":"max-video-preview:-1"},"canonical":"https:\/\/www.celttv.com.ar\/index.php\/2012\/03\/20\/yo-no-amenace-a-cristian-trankels-escribe-hector-felix-zarate\/","og_locale":"es_ES","og_type":"article","og_title":"\"YO NO AMENACE A CRISTIAN TRANKELS\" Escribe: Hector F\u00e9lix Zarate - CELTTV","og_description":"Sitio web de noticias de la localidad de Tornquist, provincia de Buenos Aires, Rep\u00fablica Argentina. Contenido propio originado por periodistas de CELTTV, el canal de TV local de la Cooperativa El\u00e9ctrica de Tornquist. Turismo, Pol\u00edtica, Sociedad, Deporte, Cultura y todo el contenido de inter\u00e9s general que la gente del pueblo y la regi\u00f3n debe conocer.","og_url":"https:\/\/www.celttv.com.ar\/index.php\/2012\/03\/20\/yo-no-amenace-a-cristian-trankels-escribe-hector-felix-zarate\/","og_site_name":"CELTTV","article_publisher":"https:\/\/www.facebook.com\/celtTV\/","article_published_time":"2012-03-20T22:12:20+00:00","og_image":[{"url":"http:\/\/www.tvcnoticias.com.ar\/wp-content\/uploads\/2012\/03\/ZARATE-1-Small.jpg"}],"author":"ulises","twitter_card":"summary_large_image","twitter_misc":{"Escrito por":"ulises","Tiempo de lectura":"4 minutos"},"schema":{"@context":"https:\/\/schema.org","@graph":[{"@type":"NewsArticle","@id":"https:\/\/www.celttv.com.ar\/index.php\/2012\/03\/20\/yo-no-amenace-a-cristian-trankels-escribe-hector-felix-zarate\/#article","isPartOf":{"@id":"https:\/\/www.celttv.com.ar\/index.php\/2012\/03\/20\/yo-no-amenace-a-cristian-trankels-escribe-hector-felix-zarate\/"},"author":{"name":"ulises","@id":"https:\/\/www.celttv.com.ar\/#\/schema\/person\/6d99c072dba59953809c81446e9d0ace"},"headline":"&#8220;YO NO AMENACE A CRISTIAN TRANKELS&#8221; Escribe: Hector F\u00e9lix Zarate","datePublished":"2012-03-20T22:12:20+00:00","dateModified":"2012-03-20T22:12:20+00:00","mainEntityOfPage":{"@id":"https:\/\/www.celttv.com.ar\/index.php\/2012\/03\/20\/yo-no-amenace-a-cristian-trankels-escribe-hector-felix-zarate\/"},"wordCount":721,"commentCount":0,"publisher":{"@id":"https:\/\/www.celttv.com.ar\/#organization"},"articleSection":["Comunidad","Destacadas","Historia"],"inLanguage":"es"},{"@type":"WebPage","@id":"https:\/\/www.celttv.com.ar\/index.php\/2012\/03\/20\/yo-no-amenace-a-cristian-trankels-escribe-hector-felix-zarate\/","url":"https:\/\/www.celttv.com.ar\/index.php\/2012\/03\/20\/yo-no-amenace-a-cristian-trankels-escribe-hector-felix-zarate\/","name":"\"YO NO AMENACE A CRISTIAN TRANKELS\" Escribe: Hector F\u00e9lix Zarate - CELTTV","isPartOf":{"@id":"https:\/\/www.celttv.com.ar\/#website"},"datePublished":"2012-03-20T22:12:20+00:00","dateModified":"2012-03-20T22:12:20+00:00","description":"Sitio web de noticias de la localidad de Tornquist, provincia de Buenos Aires, Rep\u00fablica Argentina. Contenido propio originado por periodistas de CELTTV, el canal de TV local de la Cooperativa El\u00e9ctrica de Tornquist. Turismo, Pol\u00edtica, Sociedad, Deporte, Cultura y todo el contenido de inter\u00e9s general que la gente del pueblo y la regi\u00f3n debe conocer.","breadcrumb":{"@id":"https:\/\/www.celttv.com.ar\/index.php\/2012\/03\/20\/yo-no-amenace-a-cristian-trankels-escribe-hector-felix-zarate\/#breadcrumb"},"inLanguage":"es","potentialAction":[{"@type":"ReadAction","target":["https:\/\/www.celttv.com.ar\/index.php\/2012\/03\/20\/yo-no-amenace-a-cristian-trankels-escribe-hector-felix-zarate\/"]}]},{"@type":"BreadcrumbList","@id":"https:\/\/www.celttv.com.ar\/index.php\/2012\/03\/20\/yo-no-amenace-a-cristian-trankels-escribe-hector-felix-zarate\/#breadcrumb","itemListElement":[{"@type":"ListItem","position":1,"name":"Inicio","item":"https:\/\/www.celttv.com.ar\/"},{"@type":"ListItem","position":2,"name":"&#8220;YO NO AMENACE A CRISTIAN TRANKELS&#8221; Escribe: Hector F\u00e9lix Zarate"}]},{"@type":"WebSite","@id":"https:\/\/www.celttv.com.ar\/#website","url":"https:\/\/www.celttv.com.ar\/","name":"CELTTV","description":"Cooperativa El\u00e9ctrica de Tornquist","publisher":{"@id":"https:\/\/www.celttv.com.ar\/#organization"},"potentialAction":[{"@type":"SearchAction","target":{"@type":"EntryPoint","urlTemplate":"https:\/\/www.celttv.com.ar\/?s={search_term_string}"},"query-input":"required name=search_term_string"}],"inLanguage":"es"},{"@type":"Organization","@id":"https:\/\/www.celttv.com.ar\/#organization","name":"CELTTV","url":"https:\/\/www.celttv.com.ar\/","sameAs":["https:\/\/www.youtube.com\/channel\/UCz_oIt8Hig64Ub-EmcNPIhg","https:\/\/www.facebook.com\/celtTV\/"],"logo":{"@type":"ImageObject","inLanguage":"es","@id":"https:\/\/www.celttv.com.ar\/#\/schema\/logo\/image\/","url":"http:\/\/www.celttv.com.ar\/wp-content\/uploads\/2022\/08\/logo-1.png","contentUrl":"http:\/\/www.celttv.com.ar\/wp-content\/uploads\/2022\/08\/logo-1.png","width":461,"height":159,"caption":"CELTTV"},"image":{"@id":"https:\/\/www.celttv.com.ar\/#\/schema\/logo\/image\/"}},{"@type":"Person","@id":"https:\/\/www.celttv.com.ar\/#\/schema\/person\/6d99c072dba59953809c81446e9d0ace","name":"ulises","image":{"@type":"ImageObject","inLanguage":"es","@id":"https:\/\/www.celttv.com.ar\/#\/schema\/person\/image\/","url":"https:\/\/secure.gravatar.com\/avatar\/7f2c48bdc33b30088f941fb6082e555f2874c98e20cb159d7b92b50eadfce793?s=96&d=mm&r=g","contentUrl":"https:\/\/secure.gravatar.com\/avatar\/7f2c48bdc33b30088f941fb6082e555f2874c98e20cb159d7b92b50eadfce793?s=96&d=mm&r=g","caption":"ulises"},"sameAs":["http:\/\/www.celttv.com.ar"]}]}},"_links":{"self":[{"href":"https:\/\/www.celttv.com.ar\/index.php\/wp-json\/wp\/v2\/posts\/5521","targetHints":{"allow":["GET"]}}],"collection":[{"href":"https:\/\/www.celttv.com.ar\/index.php\/wp-json\/wp\/v2\/posts"}],"about":[{"href":"https:\/\/www.celttv.com.ar\/index.php\/wp-json\/wp\/v2\/types\/post"}],"author":[{"embeddable":true,"href":"https:\/\/www.celttv.com.ar\/index.php\/wp-json\/wp\/v2\/users\/1"}],"replies":[{"embeddable":true,"href":"https:\/\/www.celttv.com.ar\/index.php\/wp-json\/wp\/v2\/comments?post=5521"}],"version-history":[{"count":0,"href":"https:\/\/www.celttv.com.ar\/index.php\/wp-json\/wp\/v2\/posts\/5521\/revisions"}],"wp:attachment":[{"href":"https:\/\/www.celttv.com.ar\/index.php\/wp-json\/wp\/v2\/media?parent=5521"}],"wp:term":[{"taxonomy":"category","embeddable":true,"href":"https:\/\/www.celttv.com.ar\/index.php\/wp-json\/wp\/v2\/categories?post=5521"},{"taxonomy":"post_tag","embeddable":true,"href":"https:\/\/www.celttv.com.ar\/index.php\/wp-json\/wp\/v2\/tags?post=5521"}],"curies":[{"name":"wp","href":"https:\/\/api.w.org\/{rel}","templated":true}]}}