{"id":55241,"date":"2021-01-27T21:37:53","date_gmt":"2021-01-27T21:37:53","guid":{"rendered":"http:\/\/www.celttv.com.ar\/?p=55241"},"modified":"2021-01-27T21:37:53","modified_gmt":"2021-01-27T21:37:53","slug":"exitosa-campana-de-recepcion-de-envases-vacios-de-fitosanitarios-videoentrevistas-y-fotos","status":"publish","type":"post","link":"https:\/\/www.celttv.com.ar\/index.php\/2021\/01\/27\/exitosa-campana-de-recepcion-de-envases-vacios-de-fitosanitarios-videoentrevistas-y-fotos\/","title":{"rendered":"Exitosa campa\u00f1a de recepci\u00f3n de envases vac\u00edos de fitosanitarios (videoentrevistas y fotos)"},"content":{"rendered":"<p>A muy buen ritmo contin\u00faa desarroll\u00e1ndose la campa\u00f1a de recepci\u00f3n de envases vac\u00edos de fitosanitarios, organizada en conjunto entre Campo Limpio y la Direcci\u00f3n de Medio Ambiente de Tornquist Municipio.<\/p>\n<p>Este lunes, d\u00eda en que comenz\u00f3 la iniciativa que tiene lugar de 9 a 12 hs en el predio de la Asociaci\u00f3n Rural de Tornquist (acceso a la ciudad por Ruta 33), y\u00a0 se llevan recepcionados m\u00e1s de 4000 bidones.<\/p>\n<p>Todos los envases deber\u00e1n estar limpios, con triple lavado o lavado a presi\u00f3n, y perforados en su base para su inutilizaci\u00f3n. Por consultas, comunicarse al 2915075692.<\/p>\n<p>&#8220;Estamos asombrados por la cantidad incluso vinieron muchos productores que no se habian registrado en el sistema y super\u00f3 las expectativas &#8221; Dijo a CELTTV Noticias la Directora de Medio Ambiente Melisa Herrada.<\/p>\n<p>&#8220;Aclaramos que en caso que quieran inscribirse y no les funcione la p\u00e1gina pueden comunicarse con el\u00a02915075692&#8221; aclar\u00f3 la funcionaria municipal.<\/p>\n<p>&#8220;La ley que est\u00e1 vigente apunta a que el productor se haga responsable de su bid\u00f3n y, en el marco de esta campa\u00f1a, vemos que se estan comenzado a responsabilizar por sus envases fitosanitarios&#8221; agreg\u00f3.<\/p>\n<p>En cuanto al destino de los envases Melisa Herrada subray\u00f3 que &#8220;los que se pueden reciclar, que son los de tipo A, ser\u00e1n reciclados y los del tipo B, que no son reciclables, ir\u00e1n a un relleno sanitario&#8221; inform\u00f3.<\/p>\n<p>Melisa invit\u00f3 a los productores a traer los bidones hasta \u00e9ste jueves, \u00faltimo d\u00eda de recepci\u00f3n, ya que el viernes se cargar\u00e1n\u00a0 para su destino final.<\/p>\n<p>&#8220;Si superamos el n\u00famero para la primera carga, la semana que viene estar\u00e1n volviendo para retirar el pasivo que nos sigue quedando y a lo largo del a\u00f1o vamos a ir relevando con peque\u00f1as campa\u00f1as para tener un registro de los bidones que los productores van generando cada a\u00f1o y una vez que tengamos ese n\u00famero se vera si es necesario generar un CAT (Centro de Acopio Transitorio), o tendr\u00e1n que llevar a los lugares de acopio mas cercanos que son Bahia Blanca y Pigu\u00e9&#8221; se\u00f1al\u00f3 Melisa Herrada.<\/p>\n<p>&#8220;Si el productor es responsable no tendr\u00edamos que ver bidones en el basurero o al costado de las rutas o caminos vecinales&#8221; subray\u00f3 la funcionaria.<\/p>\n<p>La Ing. Agron\u00f3ma, Luciana Delfino, integrante de la Direcci\u00f3n de Medio Ambiente Municipal y a cargo de la campa\u00f1a, destac\u00f3 que &#8220;estamos alrededor de 3800 bidones lo que significa una muy buena campa\u00f1a. Estamos retirando el pasivo que tiene el productoR, que estuvo acopiando a lo largo de estos a\u00f1os y a partir de ahora empezar de cero con lo que los productores vayan teniendo. Esto es mucho porque es lo que los productores vienen acopiando a lo largo de estos a\u00f1os&#8221; se\u00f1al\u00f3 Delfino.<\/p>\n<p>&#8220;La ley permite darle trazabilidad , ya que cada productor que compre su envase quedar\u00e1 registrado junto a su CUIT y en el termino de uno o dos a\u00f1os tendr\u00e1 que entregar ese envase para luego poder comprar m\u00e1s agroqu\u00edmicos&#8221; agreg\u00f3 la profesional.<\/p>\n<p><iframe loading=\"lazy\" title=\"2021 01 27 CAMPA\u00d1A DE RECEPCION DE ENVASES DE FITOSANITARIOS   MELISA HERRADA Y LUCIANA DELFINO\" width=\"500\" height=\"281\" src=\"https:\/\/www.youtube.com\/embed\/qvzlRQuBmL4?feature=oembed\" frameborder=\"0\" allow=\"accelerometer; autoplay; clipboard-write; encrypted-media; gyroscope; picture-in-picture; web-share\" referrerpolicy=\"strict-origin-when-cross-origin\" allowfullscreen><\/iframe><\/p>\n<p>&nbsp;<\/p>\n<p><a href=\"http:\/\/www.celttv.com.ar\/?attachment_id=55242\" rel=\"attachment wp-att-55242\"><img loading=\"lazy\" decoding=\"async\" class=\"alignleft size-full wp-image-55242\" src=\"http:\/\/www.celttv.com.ar\/wp-content\/uploads\/2021\/01\/IMG_20210127_101557571-Medium.jpg\" alt=\"\" width=\"1024\" height=\"768\" srcset=\"https:\/\/www.celttv.com.ar\/wp-content\/uploads\/2021\/01\/IMG_20210127_101557571-Medium.jpg 1024w, https:\/\/www.celttv.com.ar\/wp-content\/uploads\/2021\/01\/IMG_20210127_101557571-Medium-300x225.jpg 300w, https:\/\/www.celttv.com.ar\/wp-content\/uploads\/2021\/01\/IMG_20210127_101557571-Medium-768x576.jpg 768w, https:\/\/www.celttv.com.ar\/wp-content\/uploads\/2021\/01\/IMG_20210127_101557571-Medium-750x563.jpg 750w\" sizes=\"auto, (max-width: 1024px) 100vw, 1024px\" \/><\/a> <a href=\"http:\/\/www.celttv.com.ar\/?attachment_id=55243\" rel=\"attachment wp-att-55243\"><img loading=\"lazy\" decoding=\"async\" class=\"alignleft size-medium wp-image-55243\" src=\"http:\/\/www.celttv.com.ar\/wp-content\/uploads\/2021\/01\/IMG_20210127_101632714-Medium.jpg\" alt=\"\" width=\"780\" height=\"585\" srcset=\"https:\/\/www.celttv.com.ar\/wp-content\/uploads\/2021\/01\/IMG_20210127_101632714-Medium.jpg 1024w, https:\/\/www.celttv.com.ar\/wp-content\/uploads\/2021\/01\/IMG_20210127_101632714-Medium-300x225.jpg 300w, https:\/\/www.celttv.com.ar\/wp-content\/uploads\/2021\/01\/IMG_20210127_101632714-Medium-768x576.jpg 768w, https:\/\/www.celttv.com.ar\/wp-content\/uploads\/2021\/01\/IMG_20210127_101632714-Medium-750x563.jpg 750w\" sizes=\"auto, (max-width: 780px) 100vw, 780px\" \/><\/a> <a href=\"http:\/\/www.celttv.com.ar\/?attachment_id=55244\" rel=\"attachment wp-att-55244\"><img loading=\"lazy\" decoding=\"async\" class=\"alignleft size-medium wp-image-55244\" src=\"http:\/\/www.celttv.com.ar\/wp-content\/uploads\/2021\/01\/IMG_20210127_101651133-Medium.jpg\" alt=\"\" width=\"780\" height=\"585\" srcset=\"https:\/\/www.celttv.com.ar\/wp-content\/uploads\/2021\/01\/IMG_20210127_101651133-Medium.jpg 1024w, https:\/\/www.celttv.com.ar\/wp-content\/uploads\/2021\/01\/IMG_20210127_101651133-Medium-300x225.jpg 300w, https:\/\/www.celttv.com.ar\/wp-content\/uploads\/2021\/01\/IMG_20210127_101651133-Medium-768x576.jpg 768w, https:\/\/www.celttv.com.ar\/wp-content\/uploads\/2021\/01\/IMG_20210127_101651133-Medium-750x563.jpg 750w\" sizes=\"auto, (max-width: 780px) 100vw, 780px\" \/><\/a> <a href=\"http:\/\/www.celttv.com.ar\/?attachment_id=55245\" rel=\"attachment wp-att-55245\"><img loading=\"lazy\" decoding=\"async\" class=\"alignleft size-medium wp-image-55245\" src=\"http:\/\/www.celttv.com.ar\/wp-content\/uploads\/2021\/01\/IMG_20210127_101707879-Medium.jpg\" alt=\"\" width=\"780\" height=\"585\" srcset=\"https:\/\/www.celttv.com.ar\/wp-content\/uploads\/2021\/01\/IMG_20210127_101707879-Medium.jpg 1024w, https:\/\/www.celttv.com.ar\/wp-content\/uploads\/2021\/01\/IMG_20210127_101707879-Medium-300x225.jpg 300w, https:\/\/www.celttv.com.ar\/wp-content\/uploads\/2021\/01\/IMG_20210127_101707879-Medium-768x576.jpg 768w, https:\/\/www.celttv.com.ar\/wp-content\/uploads\/2021\/01\/IMG_20210127_101707879-Medium-750x563.jpg 750w\" sizes=\"auto, (max-width: 780px) 100vw, 780px\" \/><\/a> <a href=\"http:\/\/www.celttv.com.ar\/?attachment_id=55246\" rel=\"attachment wp-att-55246\"><img loading=\"lazy\" decoding=\"async\" class=\"alignleft size-medium wp-image-55246\" src=\"http:\/\/www.celttv.com.ar\/wp-content\/uploads\/2021\/01\/IMG_20210127_101713024-Medium.jpg\" alt=\"\" width=\"780\" height=\"585\" srcset=\"https:\/\/www.celttv.com.ar\/wp-content\/uploads\/2021\/01\/IMG_20210127_101713024-Medium.jpg 1024w, https:\/\/www.celttv.com.ar\/wp-content\/uploads\/2021\/01\/IMG_20210127_101713024-Medium-300x225.jpg 300w, https:\/\/www.celttv.com.ar\/wp-content\/uploads\/2021\/01\/IMG_20210127_101713024-Medium-768x576.jpg 768w, https:\/\/www.celttv.com.ar\/wp-content\/uploads\/2021\/01\/IMG_20210127_101713024-Medium-750x563.jpg 750w\" sizes=\"auto, (max-width: 780px) 100vw, 780px\" \/><\/a> <a href=\"http:\/\/www.celttv.com.ar\/?attachment_id=55247\" rel=\"attachment wp-att-55247\"><img loading=\"lazy\" decoding=\"async\" class=\"alignleft size-medium wp-image-55247\" src=\"http:\/\/www.celttv.com.ar\/wp-content\/uploads\/2021\/01\/IMG_20210127_101747508-Medium.jpg\" alt=\"\" width=\"780\" height=\"585\" srcset=\"https:\/\/www.celttv.com.ar\/wp-content\/uploads\/2021\/01\/IMG_20210127_101747508-Medium.jpg 1024w, https:\/\/www.celttv.com.ar\/wp-content\/uploads\/2021\/01\/IMG_20210127_101747508-Medium-300x225.jpg 300w, https:\/\/www.celttv.com.ar\/wp-content\/uploads\/2021\/01\/IMG_20210127_101747508-Medium-768x576.jpg 768w, https:\/\/www.celttv.com.ar\/wp-content\/uploads\/2021\/01\/IMG_20210127_101747508-Medium-750x563.jpg 750w\" sizes=\"auto, (max-width: 780px) 100vw, 780px\" \/><\/a> <a href=\"http:\/\/www.celttv.com.ar\/?attachment_id=55248\" rel=\"attachment wp-att-55248\"><img loading=\"lazy\" decoding=\"async\" class=\"alignleft size-medium wp-image-55248\" src=\"http:\/\/www.celttv.com.ar\/wp-content\/uploads\/2021\/01\/IMG_20210127_103337038-Medium.jpg\" alt=\"\" width=\"780\" height=\"585\" srcset=\"https:\/\/www.celttv.com.ar\/wp-content\/uploads\/2021\/01\/IMG_20210127_103337038-Medium.jpg 1024w, https:\/\/www.celttv.com.ar\/wp-content\/uploads\/2021\/01\/IMG_20210127_103337038-Medium-300x225.jpg 300w, https:\/\/www.celttv.com.ar\/wp-content\/uploads\/2021\/01\/IMG_20210127_103337038-Medium-768x576.jpg 768w, https:\/\/www.celttv.com.ar\/wp-content\/uploads\/2021\/01\/IMG_20210127_103337038-Medium-750x563.jpg 750w\" sizes=\"auto, (max-width: 780px) 100vw, 780px\" \/><\/a> <a href=\"http:\/\/www.celttv.com.ar\/?attachment_id=55249\" rel=\"attachment wp-att-55249\"><img loading=\"lazy\" decoding=\"async\" class=\"alignleft size-medium wp-image-55249\" src=\"http:\/\/www.celttv.com.ar\/wp-content\/uploads\/2021\/01\/IMG_20210127_103344183-Medium.jpg\" alt=\"\" width=\"780\" height=\"585\" srcset=\"https:\/\/www.celttv.com.ar\/wp-content\/uploads\/2021\/01\/IMG_20210127_103344183-Medium.jpg 1024w, https:\/\/www.celttv.com.ar\/wp-content\/uploads\/2021\/01\/IMG_20210127_103344183-Medium-300x225.jpg 300w, https:\/\/www.celttv.com.ar\/wp-content\/uploads\/2021\/01\/IMG_20210127_103344183-Medium-768x576.jpg 768w, https:\/\/www.celttv.com.ar\/wp-content\/uploads\/2021\/01\/IMG_20210127_103344183-Medium-750x563.jpg 750w\" sizes=\"auto, (max-width: 780px) 100vw, 780px\" \/><\/a><\/p>\n","protected":false},"excerpt":{"rendered":"<p>A muy buen ritmo contin\u00faa desarroll\u00e1ndose la campa\u00f1a de recepci\u00f3n de envases vac\u00edos de fitosanitarios, organizada en conjunto entre Campo Limpio y la Direcci\u00f3n de Medio Ambiente de Tornquist Municipio. Este lunes, d\u00eda en que comenz\u00f3 la iniciativa que tiene lugar de 9 a 12 hs en el predio de la Asociaci\u00f3n Rural de Tornquist [&hellip;]<\/p>\n","protected":false},"author":1,"featured_media":55246,"comment_status":"closed","ping_status":"open","sticky":false,"template":"","format":"standard","meta":{"footnotes":""},"categories":[51,52,65],"tags":[190],"class_list":["post-55241","post","type-post","status-publish","format-standard","has-post-thumbnail","hentry","category-comunidad","category-destacadas","category-produccion","tag-campana-de-envases-fitosinatarios"],"yoast_head":"<!-- This site is optimized with the Yoast SEO plugin v19.7.1 - https:\/\/yoast.com\/wordpress\/plugins\/seo\/ -->\n<title>Exitosa campa\u00f1a de recepci\u00f3n de envases vac\u00edos de fitosanitarios (videoentrevistas y fotos) - CELTTV<\/title>\n<meta name=\"description\" content=\"Sitio web de noticias de la localidad de Tornquist, provincia de Buenos Aires, Rep\u00fablica Argentina. Contenido propio originado por periodistas de CELTTV, el canal de TV local de la Cooperativa El\u00e9ctrica de Tornquist. Turismo, Pol\u00edtica, Sociedad, Deporte, Cultura y todo el contenido de inter\u00e9s general que la gente del pueblo y la regi\u00f3n debe conocer.\" \/>\n<meta name=\"robots\" content=\"index, follow, max-snippet:-1, max-image-preview:large, max-video-preview:-1\" \/>\n<link rel=\"canonical\" href=\"https:\/\/www.celttv.com.ar\/index.php\/2021\/01\/27\/exitosa-campana-de-recepcion-de-envases-vacios-de-fitosanitarios-videoentrevistas-y-fotos\/\" \/>\n<meta property=\"og:locale\" content=\"es_ES\" \/>\n<meta property=\"og:type\" content=\"article\" \/>\n<meta property=\"og:title\" content=\"Exitosa campa\u00f1a de recepci\u00f3n de envases vac\u00edos de fitosanitarios (videoentrevistas y fotos) - CELTTV\" \/>\n<meta property=\"og:description\" content=\"Sitio web de noticias de la localidad de Tornquist, provincia de Buenos Aires, Rep\u00fablica Argentina. Contenido propio originado por periodistas de CELTTV, el canal de TV local de la Cooperativa El\u00e9ctrica de Tornquist. Turismo, Pol\u00edtica, Sociedad, Deporte, Cultura y todo el contenido de inter\u00e9s general que la gente del pueblo y la regi\u00f3n debe conocer.\" \/>\n<meta property=\"og:url\" content=\"https:\/\/www.celttv.com.ar\/index.php\/2021\/01\/27\/exitosa-campana-de-recepcion-de-envases-vacios-de-fitosanitarios-videoentrevistas-y-fotos\/\" \/>\n<meta property=\"og:site_name\" content=\"CELTTV\" \/>\n<meta property=\"article:publisher\" content=\"https:\/\/www.facebook.com\/celtTV\/\" \/>\n<meta property=\"article:published_time\" content=\"2021-01-27T21:37:53+00:00\" \/>\n<meta property=\"og:image\" content=\"https:\/\/www.celttv.com.ar\/wp-content\/uploads\/2021\/01\/IMG_20210127_101713024-Medium.jpg\" \/>\n\t<meta property=\"og:image:width\" content=\"1024\" \/>\n\t<meta property=\"og:image:height\" content=\"768\" \/>\n\t<meta property=\"og:image:type\" content=\"image\/jpeg\" \/>\n<meta name=\"author\" content=\"ulises\" \/>\n<meta name=\"twitter:card\" content=\"summary_large_image\" \/>\n<meta name=\"twitter:label1\" content=\"Escrito por\" \/>\n\t<meta name=\"twitter:data1\" content=\"ulises\" \/>\n\t<meta name=\"twitter:label2\" content=\"Tiempo de lectura\" \/>\n\t<meta name=\"twitter:data2\" content=\"3 minutos\" \/>\n<script type=\"application\/ld+json\" class=\"yoast-schema-graph\">{\"@context\":\"https:\/\/schema.org\",\"@graph\":[{\"@type\":\"NewsArticle\",\"@id\":\"https:\/\/www.celttv.com.ar\/index.php\/2021\/01\/27\/exitosa-campana-de-recepcion-de-envases-vacios-de-fitosanitarios-videoentrevistas-y-fotos\/#article\",\"isPartOf\":{\"@id\":\"https:\/\/www.celttv.com.ar\/index.php\/2021\/01\/27\/exitosa-campana-de-recepcion-de-envases-vacios-de-fitosanitarios-videoentrevistas-y-fotos\/\"},\"author\":{\"name\":\"ulises\",\"@id\":\"https:\/\/www.celttv.com.ar\/#\/schema\/person\/6d99c072dba59953809c81446e9d0ace\"},\"headline\":\"Exitosa campa\u00f1a de recepci\u00f3n de envases vac\u00edos de fitosanitarios (videoentrevistas y fotos)\",\"datePublished\":\"2021-01-27T21:37:53+00:00\",\"dateModified\":\"2021-01-27T21:37:53+00:00\",\"mainEntityOfPage\":{\"@id\":\"https:\/\/www.celttv.com.ar\/index.php\/2021\/01\/27\/exitosa-campana-de-recepcion-de-envases-vacios-de-fitosanitarios-videoentrevistas-y-fotos\/\"},\"wordCount\":542,\"publisher\":{\"@id\":\"https:\/\/www.celttv.com.ar\/#organization\"},\"keywords\":[\"campa\u00f1a de envases fitosinatarios\"],\"articleSection\":[\"Comunidad\",\"Destacadas\",\"Producci\u00f3n y Medio Ambiente\"],\"inLanguage\":\"es\"},{\"@type\":\"WebPage\",\"@id\":\"https:\/\/www.celttv.com.ar\/index.php\/2021\/01\/27\/exitosa-campana-de-recepcion-de-envases-vacios-de-fitosanitarios-videoentrevistas-y-fotos\/\",\"url\":\"https:\/\/www.celttv.com.ar\/index.php\/2021\/01\/27\/exitosa-campana-de-recepcion-de-envases-vacios-de-fitosanitarios-videoentrevistas-y-fotos\/\",\"name\":\"Exitosa campa\u00f1a de recepci\u00f3n de envases vac\u00edos de fitosanitarios (videoentrevistas y fotos) - CELTTV\",\"isPartOf\":{\"@id\":\"https:\/\/www.celttv.com.ar\/#website\"},\"datePublished\":\"2021-01-27T21:37:53+00:00\",\"dateModified\":\"2021-01-27T21:37:53+00:00\",\"description\":\"Sitio web de noticias de la localidad de Tornquist, provincia de Buenos Aires, Rep\u00fablica Argentina. Contenido propio originado por periodistas de CELTTV, el canal de TV local de la Cooperativa El\u00e9ctrica de Tornquist. Turismo, Pol\u00edtica, Sociedad, Deporte, Cultura y todo el contenido de inter\u00e9s general que la gente del pueblo y la regi\u00f3n debe conocer.\",\"breadcrumb\":{\"@id\":\"https:\/\/www.celttv.com.ar\/index.php\/2021\/01\/27\/exitosa-campana-de-recepcion-de-envases-vacios-de-fitosanitarios-videoentrevistas-y-fotos\/#breadcrumb\"},\"inLanguage\":\"es\",\"potentialAction\":[{\"@type\":\"ReadAction\",\"target\":[\"https:\/\/www.celttv.com.ar\/index.php\/2021\/01\/27\/exitosa-campana-de-recepcion-de-envases-vacios-de-fitosanitarios-videoentrevistas-y-fotos\/\"]}]},{\"@type\":\"BreadcrumbList\",\"@id\":\"https:\/\/www.celttv.com.ar\/index.php\/2021\/01\/27\/exitosa-campana-de-recepcion-de-envases-vacios-de-fitosanitarios-videoentrevistas-y-fotos\/#breadcrumb\",\"itemListElement\":[{\"@type\":\"ListItem\",\"position\":1,\"name\":\"Inicio\",\"item\":\"https:\/\/www.celttv.com.ar\/\"},{\"@type\":\"ListItem\",\"position\":2,\"name\":\"Exitosa campa\u00f1a de recepci\u00f3n de envases vac\u00edos de fitosanitarios (videoentrevistas y fotos)\"}]},{\"@type\":\"WebSite\",\"@id\":\"https:\/\/www.celttv.com.ar\/#website\",\"url\":\"https:\/\/www.celttv.com.ar\/\",\"name\":\"CELTTV\",\"description\":\"Cooperativa El\u00e9ctrica de Tornquist\",\"publisher\":{\"@id\":\"https:\/\/www.celttv.com.ar\/#organization\"},\"potentialAction\":[{\"@type\":\"SearchAction\",\"target\":{\"@type\":\"EntryPoint\",\"urlTemplate\":\"https:\/\/www.celttv.com.ar\/?s={search_term_string}\"},\"query-input\":\"required name=search_term_string\"}],\"inLanguage\":\"es\"},{\"@type\":\"Organization\",\"@id\":\"https:\/\/www.celttv.com.ar\/#organization\",\"name\":\"CELTTV\",\"url\":\"https:\/\/www.celttv.com.ar\/\",\"sameAs\":[\"https:\/\/www.youtube.com\/channel\/UCz_oIt8Hig64Ub-EmcNPIhg\",\"https:\/\/www.facebook.com\/celtTV\/\"],\"logo\":{\"@type\":\"ImageObject\",\"inLanguage\":\"es\",\"@id\":\"https:\/\/www.celttv.com.ar\/#\/schema\/logo\/image\/\",\"url\":\"http:\/\/www.celttv.com.ar\/wp-content\/uploads\/2022\/08\/logo-1.png\",\"contentUrl\":\"http:\/\/www.celttv.com.ar\/wp-content\/uploads\/2022\/08\/logo-1.png\",\"width\":461,\"height\":159,\"caption\":\"CELTTV\"},\"image\":{\"@id\":\"https:\/\/www.celttv.com.ar\/#\/schema\/logo\/image\/\"}},{\"@type\":\"Person\",\"@id\":\"https:\/\/www.celttv.com.ar\/#\/schema\/person\/6d99c072dba59953809c81446e9d0ace\",\"name\":\"ulises\",\"image\":{\"@type\":\"ImageObject\",\"inLanguage\":\"es\",\"@id\":\"https:\/\/www.celttv.com.ar\/#\/schema\/person\/image\/\",\"url\":\"https:\/\/secure.gravatar.com\/avatar\/7f2c48bdc33b30088f941fb6082e555f2874c98e20cb159d7b92b50eadfce793?s=96&d=mm&r=g\",\"contentUrl\":\"https:\/\/secure.gravatar.com\/avatar\/7f2c48bdc33b30088f941fb6082e555f2874c98e20cb159d7b92b50eadfce793?s=96&d=mm&r=g\",\"caption\":\"ulises\"},\"sameAs\":[\"http:\/\/www.celttv.com.ar\"]}]}<\/script>\n<!-- \/ Yoast SEO plugin. -->","yoast_head_json":{"title":"Exitosa campa\u00f1a de recepci\u00f3n de envases vac\u00edos de fitosanitarios (videoentrevistas y fotos) - CELTTV","description":"Sitio web de noticias de la localidad de Tornquist, provincia de Buenos Aires, Rep\u00fablica Argentina. Contenido propio originado por periodistas de CELTTV, el canal de TV local de la Cooperativa El\u00e9ctrica de Tornquist. Turismo, Pol\u00edtica, Sociedad, Deporte, Cultura y todo el contenido de inter\u00e9s general que la gente del pueblo y la regi\u00f3n debe conocer.","robots":{"index":"index","follow":"follow","max-snippet":"max-snippet:-1","max-image-preview":"max-image-preview:large","max-video-preview":"max-video-preview:-1"},"canonical":"https:\/\/www.celttv.com.ar\/index.php\/2021\/01\/27\/exitosa-campana-de-recepcion-de-envases-vacios-de-fitosanitarios-videoentrevistas-y-fotos\/","og_locale":"es_ES","og_type":"article","og_title":"Exitosa campa\u00f1a de recepci\u00f3n de envases vac\u00edos de fitosanitarios (videoentrevistas y fotos) - CELTTV","og_description":"Sitio web de noticias de la localidad de Tornquist, provincia de Buenos Aires, Rep\u00fablica Argentina. Contenido propio originado por periodistas de CELTTV, el canal de TV local de la Cooperativa El\u00e9ctrica de Tornquist. Turismo, Pol\u00edtica, Sociedad, Deporte, Cultura y todo el contenido de inter\u00e9s general que la gente del pueblo y la regi\u00f3n debe conocer.","og_url":"https:\/\/www.celttv.com.ar\/index.php\/2021\/01\/27\/exitosa-campana-de-recepcion-de-envases-vacios-de-fitosanitarios-videoentrevistas-y-fotos\/","og_site_name":"CELTTV","article_publisher":"https:\/\/www.facebook.com\/celtTV\/","article_published_time":"2021-01-27T21:37:53+00:00","og_image":[{"width":1024,"height":768,"url":"https:\/\/www.celttv.com.ar\/wp-content\/uploads\/2021\/01\/IMG_20210127_101713024-Medium.jpg","type":"image\/jpeg"}],"author":"ulises","twitter_card":"summary_large_image","twitter_misc":{"Escrito por":"ulises","Tiempo de lectura":"3 minutos"},"schema":{"@context":"https:\/\/schema.org","@graph":[{"@type":"NewsArticle","@id":"https:\/\/www.celttv.com.ar\/index.php\/2021\/01\/27\/exitosa-campana-de-recepcion-de-envases-vacios-de-fitosanitarios-videoentrevistas-y-fotos\/#article","isPartOf":{"@id":"https:\/\/www.celttv.com.ar\/index.php\/2021\/01\/27\/exitosa-campana-de-recepcion-de-envases-vacios-de-fitosanitarios-videoentrevistas-y-fotos\/"},"author":{"name":"ulises","@id":"https:\/\/www.celttv.com.ar\/#\/schema\/person\/6d99c072dba59953809c81446e9d0ace"},"headline":"Exitosa campa\u00f1a de recepci\u00f3n de envases vac\u00edos de fitosanitarios (videoentrevistas y fotos)","datePublished":"2021-01-27T21:37:53+00:00","dateModified":"2021-01-27T21:37:53+00:00","mainEntityOfPage":{"@id":"https:\/\/www.celttv.com.ar\/index.php\/2021\/01\/27\/exitosa-campana-de-recepcion-de-envases-vacios-de-fitosanitarios-videoentrevistas-y-fotos\/"},"wordCount":542,"publisher":{"@id":"https:\/\/www.celttv.com.ar\/#organization"},"keywords":["campa\u00f1a de envases fitosinatarios"],"articleSection":["Comunidad","Destacadas","Producci\u00f3n y Medio Ambiente"],"inLanguage":"es"},{"@type":"WebPage","@id":"https:\/\/www.celttv.com.ar\/index.php\/2021\/01\/27\/exitosa-campana-de-recepcion-de-envases-vacios-de-fitosanitarios-videoentrevistas-y-fotos\/","url":"https:\/\/www.celttv.com.ar\/index.php\/2021\/01\/27\/exitosa-campana-de-recepcion-de-envases-vacios-de-fitosanitarios-videoentrevistas-y-fotos\/","name":"Exitosa campa\u00f1a de recepci\u00f3n de envases vac\u00edos de fitosanitarios (videoentrevistas y fotos) - CELTTV","isPartOf":{"@id":"https:\/\/www.celttv.com.ar\/#website"},"datePublished":"2021-01-27T21:37:53+00:00","dateModified":"2021-01-27T21:37:53+00:00","description":"Sitio web de noticias de la localidad de Tornquist, provincia de Buenos Aires, Rep\u00fablica Argentina. Contenido propio originado por periodistas de CELTTV, el canal de TV local de la Cooperativa El\u00e9ctrica de Tornquist. Turismo, Pol\u00edtica, Sociedad, Deporte, Cultura y todo el contenido de inter\u00e9s general que la gente del pueblo y la regi\u00f3n debe conocer.","breadcrumb":{"@id":"https:\/\/www.celttv.com.ar\/index.php\/2021\/01\/27\/exitosa-campana-de-recepcion-de-envases-vacios-de-fitosanitarios-videoentrevistas-y-fotos\/#breadcrumb"},"inLanguage":"es","potentialAction":[{"@type":"ReadAction","target":["https:\/\/www.celttv.com.ar\/index.php\/2021\/01\/27\/exitosa-campana-de-recepcion-de-envases-vacios-de-fitosanitarios-videoentrevistas-y-fotos\/"]}]},{"@type":"BreadcrumbList","@id":"https:\/\/www.celttv.com.ar\/index.php\/2021\/01\/27\/exitosa-campana-de-recepcion-de-envases-vacios-de-fitosanitarios-videoentrevistas-y-fotos\/#breadcrumb","itemListElement":[{"@type":"ListItem","position":1,"name":"Inicio","item":"https:\/\/www.celttv.com.ar\/"},{"@type":"ListItem","position":2,"name":"Exitosa campa\u00f1a de recepci\u00f3n de envases vac\u00edos de fitosanitarios (videoentrevistas y fotos)"}]},{"@type":"WebSite","@id":"https:\/\/www.celttv.com.ar\/#website","url":"https:\/\/www.celttv.com.ar\/","name":"CELTTV","description":"Cooperativa El\u00e9ctrica de Tornquist","publisher":{"@id":"https:\/\/www.celttv.com.ar\/#organization"},"potentialAction":[{"@type":"SearchAction","target":{"@type":"EntryPoint","urlTemplate":"https:\/\/www.celttv.com.ar\/?s={search_term_string}"},"query-input":"required name=search_term_string"}],"inLanguage":"es"},{"@type":"Organization","@id":"https:\/\/www.celttv.com.ar\/#organization","name":"CELTTV","url":"https:\/\/www.celttv.com.ar\/","sameAs":["https:\/\/www.youtube.com\/channel\/UCz_oIt8Hig64Ub-EmcNPIhg","https:\/\/www.facebook.com\/celtTV\/"],"logo":{"@type":"ImageObject","inLanguage":"es","@id":"https:\/\/www.celttv.com.ar\/#\/schema\/logo\/image\/","url":"http:\/\/www.celttv.com.ar\/wp-content\/uploads\/2022\/08\/logo-1.png","contentUrl":"http:\/\/www.celttv.com.ar\/wp-content\/uploads\/2022\/08\/logo-1.png","width":461,"height":159,"caption":"CELTTV"},"image":{"@id":"https:\/\/www.celttv.com.ar\/#\/schema\/logo\/image\/"}},{"@type":"Person","@id":"https:\/\/www.celttv.com.ar\/#\/schema\/person\/6d99c072dba59953809c81446e9d0ace","name":"ulises","image":{"@type":"ImageObject","inLanguage":"es","@id":"https:\/\/www.celttv.com.ar\/#\/schema\/person\/image\/","url":"https:\/\/secure.gravatar.com\/avatar\/7f2c48bdc33b30088f941fb6082e555f2874c98e20cb159d7b92b50eadfce793?s=96&d=mm&r=g","contentUrl":"https:\/\/secure.gravatar.com\/avatar\/7f2c48bdc33b30088f941fb6082e555f2874c98e20cb159d7b92b50eadfce793?s=96&d=mm&r=g","caption":"ulises"},"sameAs":["http:\/\/www.celttv.com.ar"]}]}},"_links":{"self":[{"href":"https:\/\/www.celttv.com.ar\/index.php\/wp-json\/wp\/v2\/posts\/55241","targetHints":{"allow":["GET"]}}],"collection":[{"href":"https:\/\/www.celttv.com.ar\/index.php\/wp-json\/wp\/v2\/posts"}],"about":[{"href":"https:\/\/www.celttv.com.ar\/index.php\/wp-json\/wp\/v2\/types\/post"}],"author":[{"embeddable":true,"href":"https:\/\/www.celttv.com.ar\/index.php\/wp-json\/wp\/v2\/users\/1"}],"replies":[{"embeddable":true,"href":"https:\/\/www.celttv.com.ar\/index.php\/wp-json\/wp\/v2\/comments?post=55241"}],"version-history":[{"count":0,"href":"https:\/\/www.celttv.com.ar\/index.php\/wp-json\/wp\/v2\/posts\/55241\/revisions"}],"wp:featuredmedia":[{"embeddable":true,"href":"https:\/\/www.celttv.com.ar\/index.php\/wp-json\/wp\/v2\/media\/55246"}],"wp:attachment":[{"href":"https:\/\/www.celttv.com.ar\/index.php\/wp-json\/wp\/v2\/media?parent=55241"}],"wp:term":[{"taxonomy":"category","embeddable":true,"href":"https:\/\/www.celttv.com.ar\/index.php\/wp-json\/wp\/v2\/categories?post=55241"},{"taxonomy":"post_tag","embeddable":true,"href":"https:\/\/www.celttv.com.ar\/index.php\/wp-json\/wp\/v2\/tags?post=55241"}],"curies":[{"name":"wp","href":"https:\/\/api.w.org\/{rel}","templated":true}]}}