{"id":55258,"date":"2021-01-27T22:34:20","date_gmt":"2021-01-27T22:34:20","guid":{"rendered":"http:\/\/www.celttv.com.ar\/?p=55258"},"modified":"2021-01-27T22:34:20","modified_gmt":"2021-01-27T22:34:20","slug":"dr-barca-para-recibir-la-vacuna-se-podran-anotar-personas-de-entre-18-y-59-anos-con-enfermedades-preexistentes-y-mayores-de-60","status":"publish","type":"post","link":"https:\/\/www.celttv.com.ar\/index.php\/2021\/01\/27\/dr-barca-para-recibir-la-vacuna-se-podran-anotar-personas-de-entre-18-y-59-anos-con-enfermedades-preexistentes-y-mayores-de-60\/","title":{"rendered":"DR. BARCA: &#8220;Para recibir la vacuna se podr\u00e1n anotar personas de entre 18 y 59 a\u00f1os con enfermedades preexistentes y mayores de 60&#8221;"},"content":{"rendered":"<p>El secretario de Salud del distrito, doctor Daniel Barca, dialog\u00f3 con CELTTV NOTICIAS y brind\u00f3 detalles de c\u00f3mo la gente se puede anotar (de manera voluntaria) para poder recibir la vacuna contra el coronavirus.<\/p>\n<p>Desde este martes 27 en la Escuela Primaria N\u00ba 1 de Tornquist, se encuentra abierta la inscripci\u00f3n para la vacunaci\u00f3n contra el coronavirus, en el marco del\u00a0plan provincial\u00a0de vacunaci\u00f3n\u00a0gratuito,\u00a0p\u00fablico\u00a0y\u00a0optativo \u2018Buenos Aires Vacunate\u2019.<\/p>\n<p>Aquellos que no tienen la posibilidad de inscribirse mediante la aplicaci\u00f3n y\/o por el sitio web\u00a0<a href=\"https:\/\/vacunatepba.gba.gob.ar\/\">https:\/\/vacunatepba.gba.gob.ar\/<\/a>, pueden hacerlo 9 a 16 hs acerc\u00e1ndose al mencionado establecimiento educativo, ubicado en Av. Ameghino n\u00ba 48, o comunic\u00e1ndose al 2915381191.<\/p>\n<p>En esta etapa, se podr\u00e1n anotar personas de entre 18 y 59 a\u00f1os con enfermedades preexistentes y mayores de 60.<\/p>\n<div class=\"jeg_video_container jeg_video_content\"><iframe loading=\"lazy\" title=\"2021 01 27 COMUNICACION TELEFONICA CON DANIEL BARCA\" width=\"500\" height=\"281\" src=\"https:\/\/www.youtube.com\/embed\/-sR84xEx_jo?feature=oembed\" frameborder=\"0\" allow=\"accelerometer; autoplay; clipboard-write; encrypted-media; gyroscope; picture-in-picture; web-share\" referrerpolicy=\"strict-origin-when-cross-origin\" allowfullscreen><\/iframe><\/div>\n","protected":false},"excerpt":{"rendered":"<p>El secretario de Salud del distrito, doctor Daniel Barca, dialog\u00f3 con CELTTV NOTICIAS y brind\u00f3 detalles de c\u00f3mo la gente se puede anotar (de manera voluntaria) para poder recibir la vacuna contra el coronavirus. Desde este martes 27 en la Escuela Primaria N\u00ba 1 de Tornquist, se encuentra abierta la inscripci\u00f3n para la vacunaci\u00f3n contra [&hellip;]<\/p>\n","protected":false},"author":1,"featured_media":55259,"comment_status":"closed","ping_status":"open","sticky":false,"template":"","format":"standard","meta":{"footnotes":""},"categories":[54,55,51,52],"tags":[],"class_list":["post-55258","post","type-post","status-publish","format-standard","has-post-thumbnail","hentry","category-atencion-salud","category-celt-tv-noticias","category-comunidad","category-destacadas"],"yoast_head":"<!-- This site is optimized with the Yoast SEO plugin v19.7.1 - https:\/\/yoast.com\/wordpress\/plugins\/seo\/ -->\n<title>DR. BARCA: &quot;Para recibir la vacuna se podr\u00e1n anotar personas de entre 18 y 59 a\u00f1os con enfermedades preexistentes y mayores de 60&quot; - CELTTV<\/title>\n<meta name=\"description\" content=\"Sitio web de noticias de la localidad de Tornquist, provincia de Buenos Aires, Rep\u00fablica Argentina. Contenido propio originado por periodistas de CELTTV, el canal de TV local de la Cooperativa El\u00e9ctrica de Tornquist. Turismo, Pol\u00edtica, Sociedad, Deporte, Cultura y todo el contenido de inter\u00e9s general que la gente del pueblo y la regi\u00f3n debe conocer.\" \/>\n<meta name=\"robots\" content=\"index, follow, max-snippet:-1, max-image-preview:large, max-video-preview:-1\" \/>\n<link rel=\"canonical\" href=\"https:\/\/www.celttv.com.ar\/index.php\/2021\/01\/27\/dr-barca-para-recibir-la-vacuna-se-podran-anotar-personas-de-entre-18-y-59-anos-con-enfermedades-preexistentes-y-mayores-de-60\/\" \/>\n<meta property=\"og:locale\" content=\"es_ES\" \/>\n<meta property=\"og:type\" content=\"article\" \/>\n<meta property=\"og:title\" content=\"DR. BARCA: &quot;Para recibir la vacuna se podr\u00e1n anotar personas de entre 18 y 59 a\u00f1os con enfermedades preexistentes y mayores de 60&quot; - CELTTV\" \/>\n<meta property=\"og:description\" content=\"Sitio web de noticias de la localidad de Tornquist, provincia de Buenos Aires, Rep\u00fablica Argentina. Contenido propio originado por periodistas de CELTTV, el canal de TV local de la Cooperativa El\u00e9ctrica de Tornquist. Turismo, Pol\u00edtica, Sociedad, Deporte, Cultura y todo el contenido de inter\u00e9s general que la gente del pueblo y la regi\u00f3n debe conocer.\" \/>\n<meta property=\"og:url\" content=\"https:\/\/www.celttv.com.ar\/index.php\/2021\/01\/27\/dr-barca-para-recibir-la-vacuna-se-podran-anotar-personas-de-entre-18-y-59-anos-con-enfermedades-preexistentes-y-mayores-de-60\/\" \/>\n<meta property=\"og:site_name\" content=\"CELTTV\" \/>\n<meta property=\"article:publisher\" content=\"https:\/\/www.facebook.com\/celtTV\/\" \/>\n<meta property=\"article:published_time\" content=\"2021-01-27T22:34:20+00:00\" \/>\n<meta property=\"og:image\" content=\"https:\/\/www.celttv.com.ar\/wp-content\/uploads\/2021\/01\/Incripcion-vacuna-3-1.jpg\" \/>\n\t<meta property=\"og:image:width\" content=\"2000\" \/>\n\t<meta property=\"og:image:height\" content=\"1125\" \/>\n\t<meta property=\"og:image:type\" content=\"image\/jpeg\" \/>\n<meta name=\"author\" content=\"ulises\" \/>\n<meta name=\"twitter:card\" content=\"summary_large_image\" \/>\n<meta name=\"twitter:label1\" content=\"Escrito por\" \/>\n\t<meta name=\"twitter:data1\" content=\"ulises\" \/>\n\t<meta name=\"twitter:label2\" content=\"Tiempo de lectura\" \/>\n\t<meta name=\"twitter:data2\" content=\"1 minuto\" \/>\n<script type=\"application\/ld+json\" class=\"yoast-schema-graph\">{\"@context\":\"https:\/\/schema.org\",\"@graph\":[{\"@type\":\"NewsArticle\",\"@id\":\"https:\/\/www.celttv.com.ar\/index.php\/2021\/01\/27\/dr-barca-para-recibir-la-vacuna-se-podran-anotar-personas-de-entre-18-y-59-anos-con-enfermedades-preexistentes-y-mayores-de-60\/#article\",\"isPartOf\":{\"@id\":\"https:\/\/www.celttv.com.ar\/index.php\/2021\/01\/27\/dr-barca-para-recibir-la-vacuna-se-podran-anotar-personas-de-entre-18-y-59-anos-con-enfermedades-preexistentes-y-mayores-de-60\/\"},\"author\":{\"name\":\"ulises\",\"@id\":\"https:\/\/www.celttv.com.ar\/#\/schema\/person\/6d99c072dba59953809c81446e9d0ace\"},\"headline\":\"DR. BARCA: &#8220;Para recibir la vacuna se podr\u00e1n anotar personas de entre 18 y 59 a\u00f1os con enfermedades preexistentes y mayores de 60&#8221;\",\"datePublished\":\"2021-01-27T22:34:20+00:00\",\"dateModified\":\"2021-01-27T22:34:20+00:00\",\"mainEntityOfPage\":{\"@id\":\"https:\/\/www.celttv.com.ar\/index.php\/2021\/01\/27\/dr-barca-para-recibir-la-vacuna-se-podran-anotar-personas-de-entre-18-y-59-anos-con-enfermedades-preexistentes-y-mayores-de-60\/\"},\"wordCount\":167,\"publisher\":{\"@id\":\"https:\/\/www.celttv.com.ar\/#organization\"},\"articleSection\":[\"Atenci\u00f3n Salud\",\"Celt TV Noticias\",\"Comunidad\",\"Destacadas\"],\"inLanguage\":\"es\"},{\"@type\":\"WebPage\",\"@id\":\"https:\/\/www.celttv.com.ar\/index.php\/2021\/01\/27\/dr-barca-para-recibir-la-vacuna-se-podran-anotar-personas-de-entre-18-y-59-anos-con-enfermedades-preexistentes-y-mayores-de-60\/\",\"url\":\"https:\/\/www.celttv.com.ar\/index.php\/2021\/01\/27\/dr-barca-para-recibir-la-vacuna-se-podran-anotar-personas-de-entre-18-y-59-anos-con-enfermedades-preexistentes-y-mayores-de-60\/\",\"name\":\"DR. BARCA: \\\"Para recibir la vacuna se podr\u00e1n anotar personas de entre 18 y 59 a\u00f1os con enfermedades preexistentes y mayores de 60\\\" - CELTTV\",\"isPartOf\":{\"@id\":\"https:\/\/www.celttv.com.ar\/#website\"},\"datePublished\":\"2021-01-27T22:34:20+00:00\",\"dateModified\":\"2021-01-27T22:34:20+00:00\",\"description\":\"Sitio web de noticias de la localidad de Tornquist, provincia de Buenos Aires, Rep\u00fablica Argentina. Contenido propio originado por periodistas de CELTTV, el canal de TV local de la Cooperativa El\u00e9ctrica de Tornquist. Turismo, Pol\u00edtica, Sociedad, Deporte, Cultura y todo el contenido de inter\u00e9s general que la gente del pueblo y la regi\u00f3n debe conocer.\",\"breadcrumb\":{\"@id\":\"https:\/\/www.celttv.com.ar\/index.php\/2021\/01\/27\/dr-barca-para-recibir-la-vacuna-se-podran-anotar-personas-de-entre-18-y-59-anos-con-enfermedades-preexistentes-y-mayores-de-60\/#breadcrumb\"},\"inLanguage\":\"es\",\"potentialAction\":[{\"@type\":\"ReadAction\",\"target\":[\"https:\/\/www.celttv.com.ar\/index.php\/2021\/01\/27\/dr-barca-para-recibir-la-vacuna-se-podran-anotar-personas-de-entre-18-y-59-anos-con-enfermedades-preexistentes-y-mayores-de-60\/\"]}]},{\"@type\":\"BreadcrumbList\",\"@id\":\"https:\/\/www.celttv.com.ar\/index.php\/2021\/01\/27\/dr-barca-para-recibir-la-vacuna-se-podran-anotar-personas-de-entre-18-y-59-anos-con-enfermedades-preexistentes-y-mayores-de-60\/#breadcrumb\",\"itemListElement\":[{\"@type\":\"ListItem\",\"position\":1,\"name\":\"Inicio\",\"item\":\"https:\/\/www.celttv.com.ar\/\"},{\"@type\":\"ListItem\",\"position\":2,\"name\":\"DR. BARCA: &#8220;Para recibir la vacuna se podr\u00e1n anotar personas de entre 18 y 59 a\u00f1os con enfermedades preexistentes y mayores de 60&#8221;\"}]},{\"@type\":\"WebSite\",\"@id\":\"https:\/\/www.celttv.com.ar\/#website\",\"url\":\"https:\/\/www.celttv.com.ar\/\",\"name\":\"CELTTV\",\"description\":\"Cooperativa El\u00e9ctrica de Tornquist\",\"publisher\":{\"@id\":\"https:\/\/www.celttv.com.ar\/#organization\"},\"potentialAction\":[{\"@type\":\"SearchAction\",\"target\":{\"@type\":\"EntryPoint\",\"urlTemplate\":\"https:\/\/www.celttv.com.ar\/?s={search_term_string}\"},\"query-input\":\"required name=search_term_string\"}],\"inLanguage\":\"es\"},{\"@type\":\"Organization\",\"@id\":\"https:\/\/www.celttv.com.ar\/#organization\",\"name\":\"CELTTV\",\"url\":\"https:\/\/www.celttv.com.ar\/\",\"sameAs\":[\"https:\/\/www.youtube.com\/channel\/UCz_oIt8Hig64Ub-EmcNPIhg\",\"https:\/\/www.facebook.com\/celtTV\/\"],\"logo\":{\"@type\":\"ImageObject\",\"inLanguage\":\"es\",\"@id\":\"https:\/\/www.celttv.com.ar\/#\/schema\/logo\/image\/\",\"url\":\"http:\/\/www.celttv.com.ar\/wp-content\/uploads\/2022\/08\/logo-1.png\",\"contentUrl\":\"http:\/\/www.celttv.com.ar\/wp-content\/uploads\/2022\/08\/logo-1.png\",\"width\":461,\"height\":159,\"caption\":\"CELTTV\"},\"image\":{\"@id\":\"https:\/\/www.celttv.com.ar\/#\/schema\/logo\/image\/\"}},{\"@type\":\"Person\",\"@id\":\"https:\/\/www.celttv.com.ar\/#\/schema\/person\/6d99c072dba59953809c81446e9d0ace\",\"name\":\"ulises\",\"image\":{\"@type\":\"ImageObject\",\"inLanguage\":\"es\",\"@id\":\"https:\/\/www.celttv.com.ar\/#\/schema\/person\/image\/\",\"url\":\"https:\/\/secure.gravatar.com\/avatar\/7f2c48bdc33b30088f941fb6082e555f2874c98e20cb159d7b92b50eadfce793?s=96&d=mm&r=g\",\"contentUrl\":\"https:\/\/secure.gravatar.com\/avatar\/7f2c48bdc33b30088f941fb6082e555f2874c98e20cb159d7b92b50eadfce793?s=96&d=mm&r=g\",\"caption\":\"ulises\"},\"sameAs\":[\"http:\/\/www.celttv.com.ar\"]}]}<\/script>\n<!-- \/ Yoast SEO plugin. -->","yoast_head_json":{"title":"DR. BARCA: \"Para recibir la vacuna se podr\u00e1n anotar personas de entre 18 y 59 a\u00f1os con enfermedades preexistentes y mayores de 60\" - CELTTV","description":"Sitio web de noticias de la localidad de Tornquist, provincia de Buenos Aires, Rep\u00fablica Argentina. Contenido propio originado por periodistas de CELTTV, el canal de TV local de la Cooperativa El\u00e9ctrica de Tornquist. Turismo, Pol\u00edtica, Sociedad, Deporte, Cultura y todo el contenido de inter\u00e9s general que la gente del pueblo y la regi\u00f3n debe conocer.","robots":{"index":"index","follow":"follow","max-snippet":"max-snippet:-1","max-image-preview":"max-image-preview:large","max-video-preview":"max-video-preview:-1"},"canonical":"https:\/\/www.celttv.com.ar\/index.php\/2021\/01\/27\/dr-barca-para-recibir-la-vacuna-se-podran-anotar-personas-de-entre-18-y-59-anos-con-enfermedades-preexistentes-y-mayores-de-60\/","og_locale":"es_ES","og_type":"article","og_title":"DR. BARCA: \"Para recibir la vacuna se podr\u00e1n anotar personas de entre 18 y 59 a\u00f1os con enfermedades preexistentes y mayores de 60\" - CELTTV","og_description":"Sitio web de noticias de la localidad de Tornquist, provincia de Buenos Aires, Rep\u00fablica Argentina. Contenido propio originado por periodistas de CELTTV, el canal de TV local de la Cooperativa El\u00e9ctrica de Tornquist. Turismo, Pol\u00edtica, Sociedad, Deporte, Cultura y todo el contenido de inter\u00e9s general que la gente del pueblo y la regi\u00f3n debe conocer.","og_url":"https:\/\/www.celttv.com.ar\/index.php\/2021\/01\/27\/dr-barca-para-recibir-la-vacuna-se-podran-anotar-personas-de-entre-18-y-59-anos-con-enfermedades-preexistentes-y-mayores-de-60\/","og_site_name":"CELTTV","article_publisher":"https:\/\/www.facebook.com\/celtTV\/","article_published_time":"2021-01-27T22:34:20+00:00","og_image":[{"width":2000,"height":1125,"url":"https:\/\/www.celttv.com.ar\/wp-content\/uploads\/2021\/01\/Incripcion-vacuna-3-1.jpg","type":"image\/jpeg"}],"author":"ulises","twitter_card":"summary_large_image","twitter_misc":{"Escrito por":"ulises","Tiempo de lectura":"1 minuto"},"schema":{"@context":"https:\/\/schema.org","@graph":[{"@type":"NewsArticle","@id":"https:\/\/www.celttv.com.ar\/index.php\/2021\/01\/27\/dr-barca-para-recibir-la-vacuna-se-podran-anotar-personas-de-entre-18-y-59-anos-con-enfermedades-preexistentes-y-mayores-de-60\/#article","isPartOf":{"@id":"https:\/\/www.celttv.com.ar\/index.php\/2021\/01\/27\/dr-barca-para-recibir-la-vacuna-se-podran-anotar-personas-de-entre-18-y-59-anos-con-enfermedades-preexistentes-y-mayores-de-60\/"},"author":{"name":"ulises","@id":"https:\/\/www.celttv.com.ar\/#\/schema\/person\/6d99c072dba59953809c81446e9d0ace"},"headline":"DR. BARCA: &#8220;Para recibir la vacuna se podr\u00e1n anotar personas de entre 18 y 59 a\u00f1os con enfermedades preexistentes y mayores de 60&#8221;","datePublished":"2021-01-27T22:34:20+00:00","dateModified":"2021-01-27T22:34:20+00:00","mainEntityOfPage":{"@id":"https:\/\/www.celttv.com.ar\/index.php\/2021\/01\/27\/dr-barca-para-recibir-la-vacuna-se-podran-anotar-personas-de-entre-18-y-59-anos-con-enfermedades-preexistentes-y-mayores-de-60\/"},"wordCount":167,"publisher":{"@id":"https:\/\/www.celttv.com.ar\/#organization"},"articleSection":["Atenci\u00f3n Salud","Celt TV Noticias","Comunidad","Destacadas"],"inLanguage":"es"},{"@type":"WebPage","@id":"https:\/\/www.celttv.com.ar\/index.php\/2021\/01\/27\/dr-barca-para-recibir-la-vacuna-se-podran-anotar-personas-de-entre-18-y-59-anos-con-enfermedades-preexistentes-y-mayores-de-60\/","url":"https:\/\/www.celttv.com.ar\/index.php\/2021\/01\/27\/dr-barca-para-recibir-la-vacuna-se-podran-anotar-personas-de-entre-18-y-59-anos-con-enfermedades-preexistentes-y-mayores-de-60\/","name":"DR. BARCA: \"Para recibir la vacuna se podr\u00e1n anotar personas de entre 18 y 59 a\u00f1os con enfermedades preexistentes y mayores de 60\" - CELTTV","isPartOf":{"@id":"https:\/\/www.celttv.com.ar\/#website"},"datePublished":"2021-01-27T22:34:20+00:00","dateModified":"2021-01-27T22:34:20+00:00","description":"Sitio web de noticias de la localidad de Tornquist, provincia de Buenos Aires, Rep\u00fablica Argentina. Contenido propio originado por periodistas de CELTTV, el canal de TV local de la Cooperativa El\u00e9ctrica de Tornquist. Turismo, Pol\u00edtica, Sociedad, Deporte, Cultura y todo el contenido de inter\u00e9s general que la gente del pueblo y la regi\u00f3n debe conocer.","breadcrumb":{"@id":"https:\/\/www.celttv.com.ar\/index.php\/2021\/01\/27\/dr-barca-para-recibir-la-vacuna-se-podran-anotar-personas-de-entre-18-y-59-anos-con-enfermedades-preexistentes-y-mayores-de-60\/#breadcrumb"},"inLanguage":"es","potentialAction":[{"@type":"ReadAction","target":["https:\/\/www.celttv.com.ar\/index.php\/2021\/01\/27\/dr-barca-para-recibir-la-vacuna-se-podran-anotar-personas-de-entre-18-y-59-anos-con-enfermedades-preexistentes-y-mayores-de-60\/"]}]},{"@type":"BreadcrumbList","@id":"https:\/\/www.celttv.com.ar\/index.php\/2021\/01\/27\/dr-barca-para-recibir-la-vacuna-se-podran-anotar-personas-de-entre-18-y-59-anos-con-enfermedades-preexistentes-y-mayores-de-60\/#breadcrumb","itemListElement":[{"@type":"ListItem","position":1,"name":"Inicio","item":"https:\/\/www.celttv.com.ar\/"},{"@type":"ListItem","position":2,"name":"DR. BARCA: &#8220;Para recibir la vacuna se podr\u00e1n anotar personas de entre 18 y 59 a\u00f1os con enfermedades preexistentes y mayores de 60&#8221;"}]},{"@type":"WebSite","@id":"https:\/\/www.celttv.com.ar\/#website","url":"https:\/\/www.celttv.com.ar\/","name":"CELTTV","description":"Cooperativa El\u00e9ctrica de Tornquist","publisher":{"@id":"https:\/\/www.celttv.com.ar\/#organization"},"potentialAction":[{"@type":"SearchAction","target":{"@type":"EntryPoint","urlTemplate":"https:\/\/www.celttv.com.ar\/?s={search_term_string}"},"query-input":"required name=search_term_string"}],"inLanguage":"es"},{"@type":"Organization","@id":"https:\/\/www.celttv.com.ar\/#organization","name":"CELTTV","url":"https:\/\/www.celttv.com.ar\/","sameAs":["https:\/\/www.youtube.com\/channel\/UCz_oIt8Hig64Ub-EmcNPIhg","https:\/\/www.facebook.com\/celtTV\/"],"logo":{"@type":"ImageObject","inLanguage":"es","@id":"https:\/\/www.celttv.com.ar\/#\/schema\/logo\/image\/","url":"http:\/\/www.celttv.com.ar\/wp-content\/uploads\/2022\/08\/logo-1.png","contentUrl":"http:\/\/www.celttv.com.ar\/wp-content\/uploads\/2022\/08\/logo-1.png","width":461,"height":159,"caption":"CELTTV"},"image":{"@id":"https:\/\/www.celttv.com.ar\/#\/schema\/logo\/image\/"}},{"@type":"Person","@id":"https:\/\/www.celttv.com.ar\/#\/schema\/person\/6d99c072dba59953809c81446e9d0ace","name":"ulises","image":{"@type":"ImageObject","inLanguage":"es","@id":"https:\/\/www.celttv.com.ar\/#\/schema\/person\/image\/","url":"https:\/\/secure.gravatar.com\/avatar\/7f2c48bdc33b30088f941fb6082e555f2874c98e20cb159d7b92b50eadfce793?s=96&d=mm&r=g","contentUrl":"https:\/\/secure.gravatar.com\/avatar\/7f2c48bdc33b30088f941fb6082e555f2874c98e20cb159d7b92b50eadfce793?s=96&d=mm&r=g","caption":"ulises"},"sameAs":["http:\/\/www.celttv.com.ar"]}]}},"_links":{"self":[{"href":"https:\/\/www.celttv.com.ar\/index.php\/wp-json\/wp\/v2\/posts\/55258","targetHints":{"allow":["GET"]}}],"collection":[{"href":"https:\/\/www.celttv.com.ar\/index.php\/wp-json\/wp\/v2\/posts"}],"about":[{"href":"https:\/\/www.celttv.com.ar\/index.php\/wp-json\/wp\/v2\/types\/post"}],"author":[{"embeddable":true,"href":"https:\/\/www.celttv.com.ar\/index.php\/wp-json\/wp\/v2\/users\/1"}],"replies":[{"embeddable":true,"href":"https:\/\/www.celttv.com.ar\/index.php\/wp-json\/wp\/v2\/comments?post=55258"}],"version-history":[{"count":0,"href":"https:\/\/www.celttv.com.ar\/index.php\/wp-json\/wp\/v2\/posts\/55258\/revisions"}],"wp:featuredmedia":[{"embeddable":true,"href":"https:\/\/www.celttv.com.ar\/index.php\/wp-json\/wp\/v2\/media\/55259"}],"wp:attachment":[{"href":"https:\/\/www.celttv.com.ar\/index.php\/wp-json\/wp\/v2\/media?parent=55258"}],"wp:term":[{"taxonomy":"category","embeddable":true,"href":"https:\/\/www.celttv.com.ar\/index.php\/wp-json\/wp\/v2\/categories?post=55258"},{"taxonomy":"post_tag","embeddable":true,"href":"https:\/\/www.celttv.com.ar\/index.php\/wp-json\/wp\/v2\/tags?post=55258"}],"curies":[{"name":"wp","href":"https:\/\/api.w.org\/{rel}","templated":true}]}}